{"id":23167,"date":"2021-08-13T06:18:20","date_gmt":"2021-08-13T10:18:20","guid":{"rendered":"https:\/\/www.eldiario.net\/portal\/?p=23167"},"modified":"2021-08-13T06:18:20","modified_gmt":"2021-08-13T10:18:20","slug":"presencia-de-evo-morales-en-peru-causo-molestia","status":"publish","type":"post","link":"https:\/\/www.eldiario.net\/portal\/2021\/08\/13\/presencia-de-evo-morales-en-peru-causo-molestia\/","title":{"rendered":"Presencia de Evo Morales en Per\u00fa caus\u00f3 molestia"},"content":{"rendered":"<p>La presencia del expresidente y l\u00edder del Movimiento al Socialismo (MAS) Evo Morales, en territorio peruano, gener\u00f3 rechazo y molestia en ciudadanos y legisladores de este pa\u00eds, quienes condenaron la intromisi\u00f3n del pol\u00edtico boliviano en asuntos internos y debido al trato similar al de un mandatario de Estado que recibi\u00f3 por parte del Gobierno del vecino pa\u00eds.<br \/>\nDesde redes sociales, varios legisladores y pol\u00edticos del vecino pa\u00eds expresaron criterios contrarios a la presencia de Morales en actos considerados de car\u00e1cter interno.<br \/>\nUna de estas muestras de rechazo fue expresada por el congresista Jorge Montoya, quien, adem\u00e1s, denunci\u00f3 que esta visita promueve la injerencia en asuntos internos, hecho que incrementa la crisis pol\u00edtica del pa\u00eds vecino.<br \/>\n\u201cRechazo la presencia de Evo Morales en nuestro pa\u00eds y llamo la atenci\u00f3n al Gobierno por permitir su interferencia en nuestra pol\u00edtica, lo \u00fanico que logran es m\u00e1s crisis pol\u00edtica de la que ya se ha sembrado\u201d, manifest\u00f3.<br \/>\nAgreg\u00f3 que con el apoyo de otros congresistas se ha emitido un comunicado en el que se rechaza la presencia del expresidente boliviano y se llama la atenci\u00f3n al Gobierno peruano por permitir que personas ajenas al Per\u00fa se involucren y pronuncien en temas pol\u00edticos internos.<br \/>\nPor su parte, el excongresista de la Alianza Popular Revolucionaria Americana, Jorge del Castillo, cuestion\u00f3 esta vista se\u00f1alando que Morales intenta impulsar una Asamblea Constituyente en este pa\u00eds, adem\u00e1s de promover pol\u00edticas que favorecen al narcotr\u00e1fico.<br \/>\n\u201cFuera Evo Morales del Per\u00fa! Viene a nuestro pa\u00eds para impulsar: Asamblea Constituyente para recortar las libertades y aprobar la reelecci\u00f3n; nacionalizaci\u00f3n de empresas para estatizar la econom\u00eda; expulsi\u00f3n de la DEA para beneficio del narcotr\u00e1fico\u201d, expres\u00f3 desde su cuenta de Twitter.<br \/>\nUn hecho que provoc\u00f3 molestia fue la excesiva seguridad desplegada para Morales al grado de ser comparada con protocolos que se aplican en caso de la visita de mandatarios o de representantes de organismos internacionales, por lo que el pasado mi\u00e9rcoles, ciudadanos protestaron en las afueras del lujoso Hotel Westin de la capital peruana, donde Morales se encontraba hospedado.<\/p>\n","protected":false},"excerpt":{"rendered":"<p>La presencia del expresidente y l\u00edder del Movimiento al Socialismo (MAS) Evo Morales, en territorio peruano, gener\u00f3 rechazo y molestia en ciudadanos y legisladores de este pa\u00eds, quienes condenaron la intromisi\u00f3n del pol\u00edtico boliviano en asuntos internos y debido al trato similar al de un mandatario de Estado que recibi\u00f3 por parte del Gobierno del [&hellip;]<\/p>\n","protected":false},"author":1,"featured_media":23168,"comment_status":"closed","ping_status":"closed","sticky":false,"template":"","format":"standard","meta":{"_acf_changed":false,"footnotes":""},"categories":[14],"tags":[],"class_list":["post-23167","post","type-post","status-publish","format-standard","has-post-thumbnail","category-politica"],"acf":{"antetitulo":""},"yoast_head":"<!-- This site is optimized with the Yoast SEO plugin v28.4 - https:\/\/yoast.com\/product\/yoast-seo-wordpress\/ -->\n<title>Presencia de Evo Morales en Per\u00fa caus\u00f3 molestia - El Diario - Bolivia<\/title>\n<meta name=\"robots\" content=\"index, follow, max-snippet:-1, max-image-preview:large, max-video-preview:-1\" \/>\n<link rel=\"canonical\" href=\"https:\/\/www.eldiario.net\/portal\/2021\/08\/13\/presencia-de-evo-morales-en-peru-causo-molestia\/\" \/>\n<meta property=\"og:locale\" content=\"es_ES\" \/>\n<meta property=\"og:type\" content=\"article\" \/>\n<meta property=\"og:title\" content=\"Presencia de Evo Morales en Per\u00fa caus\u00f3 molestia - El Diario - Bolivia\" \/>\n<meta property=\"og:description\" content=\"La presencia del expresidente y l\u00edder del Movimiento al Socialismo (MAS) Evo Morales, en territorio peruano, gener\u00f3 rechazo y molestia en ciudadanos y legisladores de este pa\u00eds, quienes condenaron la intromisi\u00f3n del pol\u00edtico boliviano en asuntos internos y debido al trato similar al de un mandatario de Estado que recibi\u00f3 por parte del Gobierno del [&hellip;]\" \/>\n<meta property=\"og:url\" content=\"https:\/\/www.eldiario.net\/portal\/2021\/08\/13\/presencia-de-evo-morales-en-peru-causo-molestia\/\" \/>\n<meta property=\"og:site_name\" content=\"El Diario - Bolivia\" \/>\n<meta property=\"article:publisher\" content=\"https:\/\/www.facebook.com\/eldiario.bolivia\/\" \/>\n<meta property=\"article:published_time\" content=\"2021-08-13T10:18:20+00:00\" \/>\n<meta name=\"author\" content=\"Jeanette\" \/>\n<meta name=\"twitter:card\" content=\"summary_large_image\" \/>\n<meta name=\"twitter:creator\" content=\"@eldiario_net\" \/>\n<meta name=\"twitter:site\" content=\"@eldiario_net\" \/>\n<meta name=\"twitter:label1\" content=\"Escrito por\" \/>\n\t<meta name=\"twitter:data1\" content=\"Jeanette\" \/>\n\t<meta name=\"twitter:label2\" content=\"Tiempo de lectura\" \/>\n\t<meta name=\"twitter:data2\" content=\"2 minutos\" \/>\n<script type=\"application\/ld+json\" class=\"yoast-schema-graph\">{\"@context\":\"https:\\\/\\\/schema.org\",\"@graph\":[{\"@type\":\"Article\",\"@id\":\"https:\\\/\\\/www.eldiario.net\\\/portal\\\/2021\\\/08\\\/13\\\/presencia-de-evo-morales-en-peru-causo-molestia\\\/#article\",\"isPartOf\":{\"@id\":\"https:\\\/\\\/www.eldiario.net\\\/portal\\\/2021\\\/08\\\/13\\\/presencia-de-evo-morales-en-peru-causo-molestia\\\/\"},\"author\":{\"name\":\"Jeanette\",\"@id\":\"https:\\\/\\\/www.eldiario.net\\\/portal\\\/#\\\/schema\\\/person\\\/f46445640444750d7d753ccd04ae01b7\"},\"headline\":\"Presencia de Evo Morales en Per\u00fa caus\u00f3 molestia\",\"datePublished\":\"2021-08-13T10:18:20+00:00\",\"mainEntityOfPage\":{\"@id\":\"https:\\\/\\\/www.eldiario.net\\\/portal\\\/2021\\\/08\\\/13\\\/presencia-de-evo-morales-en-peru-causo-molestia\\\/\"},\"wordCount\":374,\"publisher\":{\"@id\":\"https:\\\/\\\/www.eldiario.net\\\/portal\\\/#organization\"},\"image\":{\"@id\":\"https:\\\/\\\/www.eldiario.net\\\/portal\\\/2021\\\/08\\\/13\\\/presencia-de-evo-morales-en-peru-causo-molestia\\\/#primaryimage\"},\"thumbnailUrl\":\"\",\"articleSection\":[\"Pol\u00edtica\"],\"inLanguage\":\"es\"},{\"@type\":\"WebPage\",\"@id\":\"https:\\\/\\\/www.eldiario.net\\\/portal\\\/2021\\\/08\\\/13\\\/presencia-de-evo-morales-en-peru-causo-molestia\\\/\",\"url\":\"https:\\\/\\\/www.eldiario.net\\\/portal\\\/2021\\\/08\\\/13\\\/presencia-de-evo-morales-en-peru-causo-molestia\\\/\",\"name\":\"Presencia de Evo Morales en Per\u00fa caus\u00f3 molestia - El Diario - Bolivia\",\"isPartOf\":{\"@id\":\"https:\\\/\\\/www.eldiario.net\\\/portal\\\/#website\"},\"primaryImageOfPage\":{\"@id\":\"https:\\\/\\\/www.eldiario.net\\\/portal\\\/2021\\\/08\\\/13\\\/presencia-de-evo-morales-en-peru-causo-molestia\\\/#primaryimage\"},\"image\":{\"@id\":\"https:\\\/\\\/www.eldiario.net\\\/portal\\\/2021\\\/08\\\/13\\\/presencia-de-evo-morales-en-peru-causo-molestia\\\/#primaryimage\"},\"thumbnailUrl\":\"\",\"datePublished\":\"2021-08-13T10:18:20+00:00\",\"breadcrumb\":{\"@id\":\"https:\\\/\\\/www.eldiario.net\\\/portal\\\/2021\\\/08\\\/13\\\/presencia-de-evo-morales-en-peru-causo-molestia\\\/#breadcrumb\"},\"inLanguage\":\"es\",\"potentialAction\":[{\"@type\":\"ReadAction\",\"target\":[\"https:\\\/\\\/www.eldiario.net\\\/portal\\\/2021\\\/08\\\/13\\\/presencia-de-evo-morales-en-peru-causo-molestia\\\/\"]}]},{\"@type\":\"ImageObject\",\"inLanguage\":\"es\",\"@id\":\"https:\\\/\\\/www.eldiario.net\\\/portal\\\/2021\\\/08\\\/13\\\/presencia-de-evo-morales-en-peru-causo-molestia\\\/#primaryimage\",\"url\":\"\",\"contentUrl\":\"\"},{\"@type\":\"BreadcrumbList\",\"@id\":\"https:\\\/\\\/www.eldiario.net\\\/portal\\\/2021\\\/08\\\/13\\\/presencia-de-evo-morales-en-peru-causo-molestia\\\/#breadcrumb\",\"itemListElement\":[{\"@type\":\"ListItem\",\"position\":1,\"name\":\"Portada\",\"item\":\"https:\\\/\\\/www.eldiario.net\\\/portal\\\/\"},{\"@type\":\"ListItem\",\"position\":2,\"name\":\"Presencia de Evo Morales en Per\u00fa caus\u00f3 molestia\"}]},{\"@type\":\"WebSite\",\"@id\":\"https:\\\/\\\/www.eldiario.net\\\/portal\\\/#website\",\"url\":\"https:\\\/\\\/www.eldiario.net\\\/portal\\\/\",\"name\":\"El Diario - Decano de la prensa nacional\",\"description\":\"El Diario - Decano de la prensa nacional\",\"publisher\":{\"@id\":\"https:\\\/\\\/www.eldiario.net\\\/portal\\\/#organization\"},\"potentialAction\":[{\"@type\":\"SearchAction\",\"target\":{\"@type\":\"EntryPoint\",\"urlTemplate\":\"https:\\\/\\\/www.eldiario.net\\\/portal\\\/?s={search_term_string}\"},\"query-input\":{\"@type\":\"PropertyValueSpecification\",\"valueRequired\":true,\"valueName\":\"search_term_string\"}}],\"inLanguage\":\"es\"},{\"@type\":\"Organization\",\"@id\":\"https:\\\/\\\/www.eldiario.net\\\/portal\\\/#organization\",\"name\":\"El Diario - Decano de la prensa nacional\",\"url\":\"https:\\\/\\\/www.eldiario.net\\\/portal\\\/\",\"logo\":{\"@type\":\"ImageObject\",\"inLanguage\":\"es\",\"@id\":\"https:\\\/\\\/www.eldiario.net\\\/portal\\\/#\\\/schema\\\/logo\\\/image\\\/\",\"url\":\"https:\\\/\\\/www.eldiario.net\\\/portal\\\/wp-content\\\/uploads\\\/2023\\\/07\\\/logo_ED.jpg\",\"contentUrl\":\"https:\\\/\\\/www.eldiario.net\\\/portal\\\/wp-content\\\/uploads\\\/2023\\\/07\\\/logo_ED.jpg\",\"width\":272,\"height\":52,\"caption\":\"El Diario - Decano de la prensa nacional\"},\"image\":{\"@id\":\"https:\\\/\\\/www.eldiario.net\\\/portal\\\/#\\\/schema\\\/logo\\\/image\\\/\"},\"sameAs\":[\"https:\\\/\\\/www.facebook.com\\\/eldiario.bolivia\\\/\",\"https:\\\/\\\/x.com\\\/eldiario_net\"]},{\"@type\":\"Person\",\"@id\":\"https:\\\/\\\/www.eldiario.net\\\/portal\\\/#\\\/schema\\\/person\\\/f46445640444750d7d753ccd04ae01b7\",\"name\":\"Jeanette\",\"image\":{\"@type\":\"ImageObject\",\"inLanguage\":\"es\",\"@id\":\"https:\\\/\\\/secure.gravatar.com\\\/avatar\\\/3ea2118a5f7dad2b7138b1187a6b7ee55f160b9968b66013c3a3ef39dd7e5798?s=96&d=mm&r=g\",\"url\":\"https:\\\/\\\/secure.gravatar.com\\\/avatar\\\/3ea2118a5f7dad2b7138b1187a6b7ee55f160b9968b66013c3a3ef39dd7e5798?s=96&d=mm&r=g\",\"contentUrl\":\"https:\\\/\\\/secure.gravatar.com\\\/avatar\\\/3ea2118a5f7dad2b7138b1187a6b7ee55f160b9968b66013c3a3ef39dd7e5798?s=96&d=mm&r=g\",\"caption\":\"Jeanette\"},\"sameAs\":[\"https:\\\/\\\/www.eldiario.net\\\/portal\"],\"url\":\"https:\\\/\\\/www.eldiario.net\\\/portal\\\/author\\\/jeanette\\\/\"}]}<\/script>\n<!-- \/ Yoast SEO plugin. -->","yoast_head_json":{"title":"Presencia de Evo Morales en Per\u00fa caus\u00f3 molestia - El Diario - Bolivia","robots":{"index":"index","follow":"follow","max-snippet":"max-snippet:-1","max-image-preview":"max-image-preview:large","max-video-preview":"max-video-preview:-1"},"canonical":"https:\/\/www.eldiario.net\/portal\/2021\/08\/13\/presencia-de-evo-morales-en-peru-causo-molestia\/","og_locale":"es_ES","og_type":"article","og_title":"Presencia de Evo Morales en Per\u00fa caus\u00f3 molestia - El Diario - Bolivia","og_description":"La presencia del expresidente y l\u00edder del Movimiento al Socialismo (MAS) Evo Morales, en territorio peruano, gener\u00f3 rechazo y molestia en ciudadanos y legisladores de este pa\u00eds, quienes condenaron la intromisi\u00f3n del pol\u00edtico boliviano en asuntos internos y debido al trato similar al de un mandatario de Estado que recibi\u00f3 por parte del Gobierno del [&hellip;]","og_url":"https:\/\/www.eldiario.net\/portal\/2021\/08\/13\/presencia-de-evo-morales-en-peru-causo-molestia\/","og_site_name":"El Diario - Bolivia","article_publisher":"https:\/\/www.facebook.com\/eldiario.bolivia\/","article_published_time":"2021-08-13T10:18:20+00:00","author":"Jeanette","twitter_card":"summary_large_image","twitter_creator":"@eldiario_net","twitter_site":"@eldiario_net","twitter_misc":{"Escrito por":"Jeanette","Tiempo de lectura":"2 minutos"},"schema":{"@context":"https:\/\/schema.org","@graph":[{"@type":"Article","@id":"https:\/\/www.eldiario.net\/portal\/2021\/08\/13\/presencia-de-evo-morales-en-peru-causo-molestia\/#article","isPartOf":{"@id":"https:\/\/www.eldiario.net\/portal\/2021\/08\/13\/presencia-de-evo-morales-en-peru-causo-molestia\/"},"author":{"name":"Jeanette","@id":"https:\/\/www.eldiario.net\/portal\/#\/schema\/person\/f46445640444750d7d753ccd04ae01b7"},"headline":"Presencia de Evo Morales en Per\u00fa caus\u00f3 molestia","datePublished":"2021-08-13T10:18:20+00:00","mainEntityOfPage":{"@id":"https:\/\/www.eldiario.net\/portal\/2021\/08\/13\/presencia-de-evo-morales-en-peru-causo-molestia\/"},"wordCount":374,"publisher":{"@id":"https:\/\/www.eldiario.net\/portal\/#organization"},"image":{"@id":"https:\/\/www.eldiario.net\/portal\/2021\/08\/13\/presencia-de-evo-morales-en-peru-causo-molestia\/#primaryimage"},"thumbnailUrl":"","articleSection":["Pol\u00edtica"],"inLanguage":"es"},{"@type":"WebPage","@id":"https:\/\/www.eldiario.net\/portal\/2021\/08\/13\/presencia-de-evo-morales-en-peru-causo-molestia\/","url":"https:\/\/www.eldiario.net\/portal\/2021\/08\/13\/presencia-de-evo-morales-en-peru-causo-molestia\/","name":"Presencia de Evo Morales en Per\u00fa caus\u00f3 molestia - El Diario - Bolivia","isPartOf":{"@id":"https:\/\/www.eldiario.net\/portal\/#website"},"primaryImageOfPage":{"@id":"https:\/\/www.eldiario.net\/portal\/2021\/08\/13\/presencia-de-evo-morales-en-peru-causo-molestia\/#primaryimage"},"image":{"@id":"https:\/\/www.eldiario.net\/portal\/2021\/08\/13\/presencia-de-evo-morales-en-peru-causo-molestia\/#primaryimage"},"thumbnailUrl":"","datePublished":"2021-08-13T10:18:20+00:00","breadcrumb":{"@id":"https:\/\/www.eldiario.net\/portal\/2021\/08\/13\/presencia-de-evo-morales-en-peru-causo-molestia\/#breadcrumb"},"inLanguage":"es","potentialAction":[{"@type":"ReadAction","target":["https:\/\/www.eldiario.net\/portal\/2021\/08\/13\/presencia-de-evo-morales-en-peru-causo-molestia\/"]}]},{"@type":"ImageObject","inLanguage":"es","@id":"https:\/\/www.eldiario.net\/portal\/2021\/08\/13\/presencia-de-evo-morales-en-peru-causo-molestia\/#primaryimage","url":"","contentUrl":""},{"@type":"BreadcrumbList","@id":"https:\/\/www.eldiario.net\/portal\/2021\/08\/13\/presencia-de-evo-morales-en-peru-causo-molestia\/#breadcrumb","itemListElement":[{"@type":"ListItem","position":1,"name":"Portada","item":"https:\/\/www.eldiario.net\/portal\/"},{"@type":"ListItem","position":2,"name":"Presencia de Evo Morales en Per\u00fa caus\u00f3 molestia"}]},{"@type":"WebSite","@id":"https:\/\/www.eldiario.net\/portal\/#website","url":"https:\/\/www.eldiario.net\/portal\/","name":"El Diario - Decano de la prensa nacional","description":"El Diario - Decano de la prensa nacional","publisher":{"@id":"https:\/\/www.eldiario.net\/portal\/#organization"},"potentialAction":[{"@type":"SearchAction","target":{"@type":"EntryPoint","urlTemplate":"https:\/\/www.eldiario.net\/portal\/?s={search_term_string}"},"query-input":{"@type":"PropertyValueSpecification","valueRequired":true,"valueName":"search_term_string"}}],"inLanguage":"es"},{"@type":"Organization","@id":"https:\/\/www.eldiario.net\/portal\/#organization","name":"El Diario - Decano de la prensa nacional","url":"https:\/\/www.eldiario.net\/portal\/","logo":{"@type":"ImageObject","inLanguage":"es","@id":"https:\/\/www.eldiario.net\/portal\/#\/schema\/logo\/image\/","url":"https:\/\/www.eldiario.net\/portal\/wp-content\/uploads\/2023\/07\/logo_ED.jpg","contentUrl":"https:\/\/www.eldiario.net\/portal\/wp-content\/uploads\/2023\/07\/logo_ED.jpg","width":272,"height":52,"caption":"El Diario - Decano de la prensa nacional"},"image":{"@id":"https:\/\/www.eldiario.net\/portal\/#\/schema\/logo\/image\/"},"sameAs":["https:\/\/www.facebook.com\/eldiario.bolivia\/","https:\/\/x.com\/eldiario_net"]},{"@type":"Person","@id":"https:\/\/www.eldiario.net\/portal\/#\/schema\/person\/f46445640444750d7d753ccd04ae01b7","name":"Jeanette","image":{"@type":"ImageObject","inLanguage":"es","@id":"https:\/\/secure.gravatar.com\/avatar\/3ea2118a5f7dad2b7138b1187a6b7ee55f160b9968b66013c3a3ef39dd7e5798?s=96&d=mm&r=g","url":"https:\/\/secure.gravatar.com\/avatar\/3ea2118a5f7dad2b7138b1187a6b7ee55f160b9968b66013c3a3ef39dd7e5798?s=96&d=mm&r=g","contentUrl":"https:\/\/secure.gravatar.com\/avatar\/3ea2118a5f7dad2b7138b1187a6b7ee55f160b9968b66013c3a3ef39dd7e5798?s=96&d=mm&r=g","caption":"Jeanette"},"sameAs":["https:\/\/www.eldiario.net\/portal"],"url":"https:\/\/www.eldiario.net\/portal\/author\/jeanette\/"}]}},"_links":{"self":[{"href":"https:\/\/www.eldiario.net\/portal\/wp-json\/wp\/v2\/posts\/23167","targetHints":{"allow":["GET"]}}],"collection":[{"href":"https:\/\/www.eldiario.net\/portal\/wp-json\/wp\/v2\/posts"}],"about":[{"href":"https:\/\/www.eldiario.net\/portal\/wp-json\/wp\/v2\/types\/post"}],"author":[{"embeddable":true,"href":"https:\/\/www.eldiario.net\/portal\/wp-json\/wp\/v2\/users\/1"}],"replies":[{"embeddable":true,"href":"https:\/\/www.eldiario.net\/portal\/wp-json\/wp\/v2\/comments?post=23167"}],"version-history":[{"count":0,"href":"https:\/\/www.eldiario.net\/portal\/wp-json\/wp\/v2\/posts\/23167\/revisions"}],"wp:attachment":[{"href":"https:\/\/www.eldiario.net\/portal\/wp-json\/wp\/v2\/media?parent=23167"}],"wp:term":[{"taxonomy":"category","embeddable":true,"href":"https:\/\/www.eldiario.net\/portal\/wp-json\/wp\/v2\/categories?post=23167"},{"taxonomy":"post_tag","embeddable":true,"href":"https:\/\/www.eldiario.net\/portal\/wp-json\/wp\/v2\/tags?post=23167"}],"curies":[{"name":"wp","href":"https:\/\/api.w.org\/{rel}","templated":true}]}}