{"id":231650,"date":"2024-07-04T06:11:27","date_gmt":"2024-07-04T10:11:27","guid":{"rendered":"https:\/\/www.eldiario.net\/portal\/?p=231650"},"modified":"2024-07-04T06:11:27","modified_gmt":"2024-07-04T10:11:27","slug":"vecinos-atemorizados-por-un-nuevo-acecho-de-jaladores","status":"publish","type":"post","link":"https:\/\/www.eldiario.net\/portal\/2024\/07\/04\/vecinos-atemorizados-por-un-nuevo-acecho-de-jaladores\/","title":{"rendered":"Vecinos atemorizados por un nuevo acecho de \u00abjaladores\u00bb"},"content":{"rendered":"<p>Luego de que una joven de 22 a\u00f1os fue vista siendo asaltada en la zona de Vino Tinto por un sujeto que le rob\u00f3 sus pertenencias desde un veh\u00edculo en movimiento, los vecinos de la zona expresaron su preocupaci\u00f3n por el incesante\u00a0acecho de delincuentes que operan bajo la modalidad de \u00abjaladores\u00bb en las calles.<\/p>\n<p>La noche del martes, la v\u00edctima fue despojada de sus pertenencias y arrastrada por la calle m\u00e1s de 20 metros por delincuentes a bordo de un taxi, mientras los vecinos oyeron gritos y ladridos de perros. Algunos objetos cayeron al suelo mientras la joven mujer se aferraba a su bolso, para finalmente quedar tendida y herida en medio de la calle.<\/p>\n<p>Los vecinos salieron alarmados y ayudaron a la infortunada, pero los delincuentes ya hab\u00edan huido velozmente. De acuerdo con testimonios, la mujer presentaba lesiones en el ojo y tuvo que ser hospitalizada. Las c\u00e1maras de seguridad de la calle registraron el hecho, que es el cuarto ocurrido en la zona de Vino Tinto registrado en los \u00faltimos meses.<\/p>\n<p>\u00abLos vecinos estamos sumamente preocupados por lo que sucedi\u00f3 anoche, a las 22:00, (cuando) una se\u00f1orita ha sido asaltada casi una cuadra por quitarle la cartera.\u00a0La se\u00f1orita no pudo soltar la cartera y ellos la han arrastrado, est\u00e1 en el hospital en este momento\u00bb, agreg\u00f3 un testigo a Red Uno.<\/p>\n<p>El mismo tipo de hechos se registr\u00f3 en meses pasados en varias zonas de las ciudades pace\u00f1a y alte\u00f1a, principalmente a altas horas de la noche y en lugares poco concurridos. Debido a esta reaparici\u00f3n de los \u201cjaladores\u201d, la poblaci\u00f3n expres\u00f3 su preocupaci\u00f3n y anunci\u00f3 que, de ser necesario, tomar\u00e1n la justicia por sus propias manos.<\/p>\n<p>Los vecinos declararon adem\u00e1s que la zona se volvi\u00f3 muy insegura desde qu0vce dej\u00f3 de existir un m\u00f3dulo policial cercano. \u201cTen\u00edamos un m\u00f3dulo policial y queremos que vuelva, pero es un tr\u00e1mite. Parece que esperan que alguien salga muerto. Hubo un atropellamiento en la esquina y pedimos rompemuelles, tampoco nos hacen caso\u00bb, revel\u00f3 otro ciudadano.<\/p>\n<p>De acuerdo con el reporte, el modus operandi de los \u201cjaladores\u201d es el mismo siempre: el conductor y su c\u00f3mplice merodean las calles a bordo de un veh\u00edculo en busca de v\u00edctimas; luego, el copiloto saca medio cuerpo por la ventana y procede a jalar la cartera o el bolso de su v\u00edctima, lo que puede llegar a provocar serias heridas en las v\u00edctimas.<\/p>\n","protected":false},"excerpt":{"rendered":"<p>Luego de que una joven de 22 a\u00f1os fue vista siendo asaltada en la zona de Vino Tinto por un sujeto que le rob\u00f3 sus pertenencias desde un veh\u00edculo en movimiento, los vecinos de la zona expresaron su preocupaci\u00f3n por el incesante\u00a0acecho de delincuentes que operan bajo la modalidad de \u00abjaladores\u00bb en las calles. La [&hellip;]<\/p>\n","protected":false},"author":1,"featured_media":231651,"comment_status":"open","ping_status":"open","sticky":false,"template":"","format":"standard","meta":{"_acf_changed":false,"footnotes":""},"categories":[39],"tags":[],"class_list":["post-231650","post","type-post","status-publish","format-standard","has-post-thumbnail","category-sociedad"],"acf":{"antetitulo":"La Paz"},"yoast_head":"<!-- This site is optimized with the Yoast SEO plugin v28.4 - https:\/\/yoast.com\/product\/yoast-seo-wordpress\/ -->\n<title>Vecinos atemorizados por un nuevo acecho de &quot;jaladores&quot; - El Diario - Bolivia<\/title>\n<meta name=\"robots\" content=\"index, follow, max-snippet:-1, max-image-preview:large, max-video-preview:-1\" \/>\n<link rel=\"canonical\" href=\"https:\/\/www.eldiario.net\/portal\/2024\/07\/04\/vecinos-atemorizados-por-un-nuevo-acecho-de-jaladores\/\" \/>\n<meta property=\"og:locale\" content=\"es_ES\" \/>\n<meta property=\"og:type\" content=\"article\" \/>\n<meta property=\"og:title\" content=\"Vecinos atemorizados por un nuevo acecho de &quot;jaladores&quot; - El Diario - Bolivia\" \/>\n<meta property=\"og:description\" content=\"Luego de que una joven de 22 a\u00f1os fue vista siendo asaltada en la zona de Vino Tinto por un sujeto que le rob\u00f3 sus pertenencias desde un veh\u00edculo en movimiento, los vecinos de la zona expresaron su preocupaci\u00f3n por el incesante\u00a0acecho de delincuentes que operan bajo la modalidad de \u00abjaladores\u00bb en las calles. La [&hellip;]\" \/>\n<meta property=\"og:url\" content=\"https:\/\/www.eldiario.net\/portal\/2024\/07\/04\/vecinos-atemorizados-por-un-nuevo-acecho-de-jaladores\/\" \/>\n<meta property=\"og:site_name\" content=\"El Diario - Bolivia\" \/>\n<meta property=\"article:publisher\" content=\"https:\/\/www.facebook.com\/eldiario.bolivia\/\" \/>\n<meta property=\"article:published_time\" content=\"2024-07-04T10:11:27+00:00\" \/>\n<meta property=\"og:image\" content=\"https:\/\/www.eldiario.net\/portal\/wp-content\/uploads\/2024\/07\/JAL-FOTO.jpg\" \/>\n\t<meta property=\"og:image:width\" content=\"770\" \/>\n\t<meta property=\"og:image:height\" content=\"440\" \/>\n\t<meta property=\"og:image:type\" content=\"image\/jpeg\" \/>\n<meta name=\"author\" content=\"Jeanette\" \/>\n<meta name=\"twitter:card\" content=\"summary_large_image\" \/>\n<meta name=\"twitter:creator\" content=\"@eldiario_net\" \/>\n<meta name=\"twitter:site\" content=\"@eldiario_net\" \/>\n<meta name=\"twitter:label1\" content=\"Escrito por\" \/>\n\t<meta name=\"twitter:data1\" content=\"Jeanette\" \/>\n\t<meta name=\"twitter:label2\" content=\"Tiempo de lectura\" \/>\n\t<meta name=\"twitter:data2\" content=\"3 minutos\" \/>\n<script type=\"application\/ld+json\" class=\"yoast-schema-graph\">{\"@context\":\"https:\\\/\\\/schema.org\",\"@graph\":[{\"@type\":\"Article\",\"@id\":\"https:\\\/\\\/www.eldiario.net\\\/portal\\\/2024\\\/07\\\/04\\\/vecinos-atemorizados-por-un-nuevo-acecho-de-jaladores\\\/#article\",\"isPartOf\":{\"@id\":\"https:\\\/\\\/www.eldiario.net\\\/portal\\\/2024\\\/07\\\/04\\\/vecinos-atemorizados-por-un-nuevo-acecho-de-jaladores\\\/\"},\"author\":{\"name\":\"Jeanette\",\"@id\":\"https:\\\/\\\/www.eldiario.net\\\/portal\\\/#\\\/schema\\\/person\\\/f46445640444750d7d753ccd04ae01b7\"},\"headline\":\"Vecinos atemorizados por un nuevo acecho de \u00abjaladores\u00bb\",\"datePublished\":\"2024-07-04T10:11:27+00:00\",\"mainEntityOfPage\":{\"@id\":\"https:\\\/\\\/www.eldiario.net\\\/portal\\\/2024\\\/07\\\/04\\\/vecinos-atemorizados-por-un-nuevo-acecho-de-jaladores\\\/\"},\"wordCount\":431,\"commentCount\":0,\"publisher\":{\"@id\":\"https:\\\/\\\/www.eldiario.net\\\/portal\\\/#organization\"},\"image\":{\"@id\":\"https:\\\/\\\/www.eldiario.net\\\/portal\\\/2024\\\/07\\\/04\\\/vecinos-atemorizados-por-un-nuevo-acecho-de-jaladores\\\/#primaryimage\"},\"thumbnailUrl\":\"https:\\\/\\\/www.eldiario.net\\\/portal\\\/wp-content\\\/uploads\\\/2024\\\/07\\\/JAL-FOTO.jpg\",\"articleSection\":[\"Sociedad - Seguridad\"],\"inLanguage\":\"es\",\"potentialAction\":[{\"@type\":\"CommentAction\",\"name\":\"Comment\",\"target\":[\"https:\\\/\\\/www.eldiario.net\\\/portal\\\/2024\\\/07\\\/04\\\/vecinos-atemorizados-por-un-nuevo-acecho-de-jaladores\\\/#respond\"]}]},{\"@type\":\"WebPage\",\"@id\":\"https:\\\/\\\/www.eldiario.net\\\/portal\\\/2024\\\/07\\\/04\\\/vecinos-atemorizados-por-un-nuevo-acecho-de-jaladores\\\/\",\"url\":\"https:\\\/\\\/www.eldiario.net\\\/portal\\\/2024\\\/07\\\/04\\\/vecinos-atemorizados-por-un-nuevo-acecho-de-jaladores\\\/\",\"name\":\"Vecinos atemorizados por un nuevo acecho de \\\"jaladores\\\" - El Diario - Bolivia\",\"isPartOf\":{\"@id\":\"https:\\\/\\\/www.eldiario.net\\\/portal\\\/#website\"},\"primaryImageOfPage\":{\"@id\":\"https:\\\/\\\/www.eldiario.net\\\/portal\\\/2024\\\/07\\\/04\\\/vecinos-atemorizados-por-un-nuevo-acecho-de-jaladores\\\/#primaryimage\"},\"image\":{\"@id\":\"https:\\\/\\\/www.eldiario.net\\\/portal\\\/2024\\\/07\\\/04\\\/vecinos-atemorizados-por-un-nuevo-acecho-de-jaladores\\\/#primaryimage\"},\"thumbnailUrl\":\"https:\\\/\\\/www.eldiario.net\\\/portal\\\/wp-content\\\/uploads\\\/2024\\\/07\\\/JAL-FOTO.jpg\",\"datePublished\":\"2024-07-04T10:11:27+00:00\",\"breadcrumb\":{\"@id\":\"https:\\\/\\\/www.eldiario.net\\\/portal\\\/2024\\\/07\\\/04\\\/vecinos-atemorizados-por-un-nuevo-acecho-de-jaladores\\\/#breadcrumb\"},\"inLanguage\":\"es\",\"potentialAction\":[{\"@type\":\"ReadAction\",\"target\":[\"https:\\\/\\\/www.eldiario.net\\\/portal\\\/2024\\\/07\\\/04\\\/vecinos-atemorizados-por-un-nuevo-acecho-de-jaladores\\\/\"]}]},{\"@type\":\"ImageObject\",\"inLanguage\":\"es\",\"@id\":\"https:\\\/\\\/www.eldiario.net\\\/portal\\\/2024\\\/07\\\/04\\\/vecinos-atemorizados-por-un-nuevo-acecho-de-jaladores\\\/#primaryimage\",\"url\":\"https:\\\/\\\/www.eldiario.net\\\/portal\\\/wp-content\\\/uploads\\\/2024\\\/07\\\/JAL-FOTO.jpg\",\"contentUrl\":\"https:\\\/\\\/www.eldiario.net\\\/portal\\\/wp-content\\\/uploads\\\/2024\\\/07\\\/JAL-FOTO.jpg\",\"width\":770,\"height\":440,\"caption\":\"Im\u00e1genes de c\u00e1maras de seguridad cuando la joven es asaltada. Foto: Captura Red Uno\"},{\"@type\":\"BreadcrumbList\",\"@id\":\"https:\\\/\\\/www.eldiario.net\\\/portal\\\/2024\\\/07\\\/04\\\/vecinos-atemorizados-por-un-nuevo-acecho-de-jaladores\\\/#breadcrumb\",\"itemListElement\":[{\"@type\":\"ListItem\",\"position\":1,\"name\":\"Portada\",\"item\":\"https:\\\/\\\/www.eldiario.net\\\/portal\\\/\"},{\"@type\":\"ListItem\",\"position\":2,\"name\":\"Vecinos atemorizados por un nuevo acecho de \u00abjaladores\u00bb\"}]},{\"@type\":\"WebSite\",\"@id\":\"https:\\\/\\\/www.eldiario.net\\\/portal\\\/#website\",\"url\":\"https:\\\/\\\/www.eldiario.net\\\/portal\\\/\",\"name\":\"El Diario - Decano de la prensa nacional\",\"description\":\"El Diario - Decano de la prensa nacional\",\"publisher\":{\"@id\":\"https:\\\/\\\/www.eldiario.net\\\/portal\\\/#organization\"},\"potentialAction\":[{\"@type\":\"SearchAction\",\"target\":{\"@type\":\"EntryPoint\",\"urlTemplate\":\"https:\\\/\\\/www.eldiario.net\\\/portal\\\/?s={search_term_string}\"},\"query-input\":{\"@type\":\"PropertyValueSpecification\",\"valueRequired\":true,\"valueName\":\"search_term_string\"}}],\"inLanguage\":\"es\"},{\"@type\":\"Organization\",\"@id\":\"https:\\\/\\\/www.eldiario.net\\\/portal\\\/#organization\",\"name\":\"El Diario - Decano de la prensa nacional\",\"url\":\"https:\\\/\\\/www.eldiario.net\\\/portal\\\/\",\"logo\":{\"@type\":\"ImageObject\",\"inLanguage\":\"es\",\"@id\":\"https:\\\/\\\/www.eldiario.net\\\/portal\\\/#\\\/schema\\\/logo\\\/image\\\/\",\"url\":\"https:\\\/\\\/www.eldiario.net\\\/portal\\\/wp-content\\\/uploads\\\/2023\\\/07\\\/logo_ED.jpg\",\"contentUrl\":\"https:\\\/\\\/www.eldiario.net\\\/portal\\\/wp-content\\\/uploads\\\/2023\\\/07\\\/logo_ED.jpg\",\"width\":272,\"height\":52,\"caption\":\"El Diario - Decano de la prensa nacional\"},\"image\":{\"@id\":\"https:\\\/\\\/www.eldiario.net\\\/portal\\\/#\\\/schema\\\/logo\\\/image\\\/\"},\"sameAs\":[\"https:\\\/\\\/www.facebook.com\\\/eldiario.bolivia\\\/\",\"https:\\\/\\\/x.com\\\/eldiario_net\"]},{\"@type\":\"Person\",\"@id\":\"https:\\\/\\\/www.eldiario.net\\\/portal\\\/#\\\/schema\\\/person\\\/f46445640444750d7d753ccd04ae01b7\",\"name\":\"Jeanette\",\"image\":{\"@type\":\"ImageObject\",\"inLanguage\":\"es\",\"@id\":\"https:\\\/\\\/secure.gravatar.com\\\/avatar\\\/3ea2118a5f7dad2b7138b1187a6b7ee55f160b9968b66013c3a3ef39dd7e5798?s=96&d=mm&r=g\",\"url\":\"https:\\\/\\\/secure.gravatar.com\\\/avatar\\\/3ea2118a5f7dad2b7138b1187a6b7ee55f160b9968b66013c3a3ef39dd7e5798?s=96&d=mm&r=g\",\"contentUrl\":\"https:\\\/\\\/secure.gravatar.com\\\/avatar\\\/3ea2118a5f7dad2b7138b1187a6b7ee55f160b9968b66013c3a3ef39dd7e5798?s=96&d=mm&r=g\",\"caption\":\"Jeanette\"},\"sameAs\":[\"https:\\\/\\\/www.eldiario.net\\\/portal\"],\"url\":\"https:\\\/\\\/www.eldiario.net\\\/portal\\\/author\\\/jeanette\\\/\"}]}<\/script>\n<!-- \/ Yoast SEO plugin. -->","yoast_head_json":{"title":"Vecinos atemorizados por un nuevo acecho de \"jaladores\" - El Diario - Bolivia","robots":{"index":"index","follow":"follow","max-snippet":"max-snippet:-1","max-image-preview":"max-image-preview:large","max-video-preview":"max-video-preview:-1"},"canonical":"https:\/\/www.eldiario.net\/portal\/2024\/07\/04\/vecinos-atemorizados-por-un-nuevo-acecho-de-jaladores\/","og_locale":"es_ES","og_type":"article","og_title":"Vecinos atemorizados por un nuevo acecho de \"jaladores\" - El Diario - Bolivia","og_description":"Luego de que una joven de 22 a\u00f1os fue vista siendo asaltada en la zona de Vino Tinto por un sujeto que le rob\u00f3 sus pertenencias desde un veh\u00edculo en movimiento, los vecinos de la zona expresaron su preocupaci\u00f3n por el incesante\u00a0acecho de delincuentes que operan bajo la modalidad de \u00abjaladores\u00bb en las calles. La [&hellip;]","og_url":"https:\/\/www.eldiario.net\/portal\/2024\/07\/04\/vecinos-atemorizados-por-un-nuevo-acecho-de-jaladores\/","og_site_name":"El Diario - Bolivia","article_publisher":"https:\/\/www.facebook.com\/eldiario.bolivia\/","article_published_time":"2024-07-04T10:11:27+00:00","og_image":[{"width":770,"height":440,"url":"https:\/\/www.eldiario.net\/portal\/wp-content\/uploads\/2024\/07\/JAL-FOTO.jpg","type":"image\/jpeg"}],"author":"Jeanette","twitter_card":"summary_large_image","twitter_creator":"@eldiario_net","twitter_site":"@eldiario_net","twitter_misc":{"Escrito por":"Jeanette","Tiempo de lectura":"3 minutos"},"schema":{"@context":"https:\/\/schema.org","@graph":[{"@type":"Article","@id":"https:\/\/www.eldiario.net\/portal\/2024\/07\/04\/vecinos-atemorizados-por-un-nuevo-acecho-de-jaladores\/#article","isPartOf":{"@id":"https:\/\/www.eldiario.net\/portal\/2024\/07\/04\/vecinos-atemorizados-por-un-nuevo-acecho-de-jaladores\/"},"author":{"name":"Jeanette","@id":"https:\/\/www.eldiario.net\/portal\/#\/schema\/person\/f46445640444750d7d753ccd04ae01b7"},"headline":"Vecinos atemorizados por un nuevo acecho de \u00abjaladores\u00bb","datePublished":"2024-07-04T10:11:27+00:00","mainEntityOfPage":{"@id":"https:\/\/www.eldiario.net\/portal\/2024\/07\/04\/vecinos-atemorizados-por-un-nuevo-acecho-de-jaladores\/"},"wordCount":431,"commentCount":0,"publisher":{"@id":"https:\/\/www.eldiario.net\/portal\/#organization"},"image":{"@id":"https:\/\/www.eldiario.net\/portal\/2024\/07\/04\/vecinos-atemorizados-por-un-nuevo-acecho-de-jaladores\/#primaryimage"},"thumbnailUrl":"https:\/\/www.eldiario.net\/portal\/wp-content\/uploads\/2024\/07\/JAL-FOTO.jpg","articleSection":["Sociedad - Seguridad"],"inLanguage":"es","potentialAction":[{"@type":"CommentAction","name":"Comment","target":["https:\/\/www.eldiario.net\/portal\/2024\/07\/04\/vecinos-atemorizados-por-un-nuevo-acecho-de-jaladores\/#respond"]}]},{"@type":"WebPage","@id":"https:\/\/www.eldiario.net\/portal\/2024\/07\/04\/vecinos-atemorizados-por-un-nuevo-acecho-de-jaladores\/","url":"https:\/\/www.eldiario.net\/portal\/2024\/07\/04\/vecinos-atemorizados-por-un-nuevo-acecho-de-jaladores\/","name":"Vecinos atemorizados por un nuevo acecho de \"jaladores\" - El Diario - Bolivia","isPartOf":{"@id":"https:\/\/www.eldiario.net\/portal\/#website"},"primaryImageOfPage":{"@id":"https:\/\/www.eldiario.net\/portal\/2024\/07\/04\/vecinos-atemorizados-por-un-nuevo-acecho-de-jaladores\/#primaryimage"},"image":{"@id":"https:\/\/www.eldiario.net\/portal\/2024\/07\/04\/vecinos-atemorizados-por-un-nuevo-acecho-de-jaladores\/#primaryimage"},"thumbnailUrl":"https:\/\/www.eldiario.net\/portal\/wp-content\/uploads\/2024\/07\/JAL-FOTO.jpg","datePublished":"2024-07-04T10:11:27+00:00","breadcrumb":{"@id":"https:\/\/www.eldiario.net\/portal\/2024\/07\/04\/vecinos-atemorizados-por-un-nuevo-acecho-de-jaladores\/#breadcrumb"},"inLanguage":"es","potentialAction":[{"@type":"ReadAction","target":["https:\/\/www.eldiario.net\/portal\/2024\/07\/04\/vecinos-atemorizados-por-un-nuevo-acecho-de-jaladores\/"]}]},{"@type":"ImageObject","inLanguage":"es","@id":"https:\/\/www.eldiario.net\/portal\/2024\/07\/04\/vecinos-atemorizados-por-un-nuevo-acecho-de-jaladores\/#primaryimage","url":"https:\/\/www.eldiario.net\/portal\/wp-content\/uploads\/2024\/07\/JAL-FOTO.jpg","contentUrl":"https:\/\/www.eldiario.net\/portal\/wp-content\/uploads\/2024\/07\/JAL-FOTO.jpg","width":770,"height":440,"caption":"Im\u00e1genes de c\u00e1maras de seguridad cuando la joven es asaltada. Foto: Captura Red Uno"},{"@type":"BreadcrumbList","@id":"https:\/\/www.eldiario.net\/portal\/2024\/07\/04\/vecinos-atemorizados-por-un-nuevo-acecho-de-jaladores\/#breadcrumb","itemListElement":[{"@type":"ListItem","position":1,"name":"Portada","item":"https:\/\/www.eldiario.net\/portal\/"},{"@type":"ListItem","position":2,"name":"Vecinos atemorizados por un nuevo acecho de \u00abjaladores\u00bb"}]},{"@type":"WebSite","@id":"https:\/\/www.eldiario.net\/portal\/#website","url":"https:\/\/www.eldiario.net\/portal\/","name":"El Diario - Decano de la prensa nacional","description":"El Diario - Decano de la prensa nacional","publisher":{"@id":"https:\/\/www.eldiario.net\/portal\/#organization"},"potentialAction":[{"@type":"SearchAction","target":{"@type":"EntryPoint","urlTemplate":"https:\/\/www.eldiario.net\/portal\/?s={search_term_string}"},"query-input":{"@type":"PropertyValueSpecification","valueRequired":true,"valueName":"search_term_string"}}],"inLanguage":"es"},{"@type":"Organization","@id":"https:\/\/www.eldiario.net\/portal\/#organization","name":"El Diario - Decano de la prensa nacional","url":"https:\/\/www.eldiario.net\/portal\/","logo":{"@type":"ImageObject","inLanguage":"es","@id":"https:\/\/www.eldiario.net\/portal\/#\/schema\/logo\/image\/","url":"https:\/\/www.eldiario.net\/portal\/wp-content\/uploads\/2023\/07\/logo_ED.jpg","contentUrl":"https:\/\/www.eldiario.net\/portal\/wp-content\/uploads\/2023\/07\/logo_ED.jpg","width":272,"height":52,"caption":"El Diario - Decano de la prensa nacional"},"image":{"@id":"https:\/\/www.eldiario.net\/portal\/#\/schema\/logo\/image\/"},"sameAs":["https:\/\/www.facebook.com\/eldiario.bolivia\/","https:\/\/x.com\/eldiario_net"]},{"@type":"Person","@id":"https:\/\/www.eldiario.net\/portal\/#\/schema\/person\/f46445640444750d7d753ccd04ae01b7","name":"Jeanette","image":{"@type":"ImageObject","inLanguage":"es","@id":"https:\/\/secure.gravatar.com\/avatar\/3ea2118a5f7dad2b7138b1187a6b7ee55f160b9968b66013c3a3ef39dd7e5798?s=96&d=mm&r=g","url":"https:\/\/secure.gravatar.com\/avatar\/3ea2118a5f7dad2b7138b1187a6b7ee55f160b9968b66013c3a3ef39dd7e5798?s=96&d=mm&r=g","contentUrl":"https:\/\/secure.gravatar.com\/avatar\/3ea2118a5f7dad2b7138b1187a6b7ee55f160b9968b66013c3a3ef39dd7e5798?s=96&d=mm&r=g","caption":"Jeanette"},"sameAs":["https:\/\/www.eldiario.net\/portal"],"url":"https:\/\/www.eldiario.net\/portal\/author\/jeanette\/"}]}},"_links":{"self":[{"href":"https:\/\/www.eldiario.net\/portal\/wp-json\/wp\/v2\/posts\/231650","targetHints":{"allow":["GET"]}}],"collection":[{"href":"https:\/\/www.eldiario.net\/portal\/wp-json\/wp\/v2\/posts"}],"about":[{"href":"https:\/\/www.eldiario.net\/portal\/wp-json\/wp\/v2\/types\/post"}],"author":[{"embeddable":true,"href":"https:\/\/www.eldiario.net\/portal\/wp-json\/wp\/v2\/users\/1"}],"replies":[{"embeddable":true,"href":"https:\/\/www.eldiario.net\/portal\/wp-json\/wp\/v2\/comments?post=231650"}],"version-history":[{"count":1,"href":"https:\/\/www.eldiario.net\/portal\/wp-json\/wp\/v2\/posts\/231650\/revisions"}],"predecessor-version":[{"id":231652,"href":"https:\/\/www.eldiario.net\/portal\/wp-json\/wp\/v2\/posts\/231650\/revisions\/231652"}],"wp:featuredmedia":[{"embeddable":true,"href":"https:\/\/www.eldiario.net\/portal\/wp-json\/wp\/v2\/media\/231651"}],"wp:attachment":[{"href":"https:\/\/www.eldiario.net\/portal\/wp-json\/wp\/v2\/media?parent=231650"}],"wp:term":[{"taxonomy":"category","embeddable":true,"href":"https:\/\/www.eldiario.net\/portal\/wp-json\/wp\/v2\/categories?post=231650"},{"taxonomy":"post_tag","embeddable":true,"href":"https:\/\/www.eldiario.net\/portal\/wp-json\/wp\/v2\/tags?post=231650"}],"curies":[{"name":"wp","href":"https:\/\/api.w.org\/{rel}","templated":true}]}}