{"id":231647,"date":"2024-07-04T06:10:44","date_gmt":"2024-07-04T10:10:44","guid":{"rendered":"https:\/\/www.eldiario.net\/portal\/?p=231647"},"modified":"2024-07-04T06:10:44","modified_gmt":"2024-07-04T10:10:44","slug":"11-anos-de-carcel-a-instructor-por-abusar-a-joven-marinera","status":"publish","type":"post","link":"https:\/\/www.eldiario.net\/portal\/2024\/07\/04\/11-anos-de-carcel-a-instructor-por-abusar-a-joven-marinera\/","title":{"rendered":"11 a\u00f1os de c\u00e1rcel a instructor por abusar a joven marinera"},"content":{"rendered":"<p>El Fiscal Departamental del Beni, F\u00e9lix Balderas, inform\u00f3 ayer que, en audiencia de juicio oral, se estableci\u00f3 que el instructor del Batall\u00f3n de Infanter\u00eda de Marina (BIM) Tocopilla, Milton T. P. de 26 a\u00f1os, es autor del delito de Abuso Sexual en contra de una joven marinera de 20 a\u00f1os, por lo cual la justicia determin\u00f3 que cumpla una sentencia de 11 a\u00f1os de prisi\u00f3n en el penal de Mocov\u00ed.<\/p>\n<p>\u201cLas pruebas m\u00e1s relevantes dentro de la investigaci\u00f3n fueron el registro del lugar de los hechos, el muestrario fotogr\u00e1fico, anticipo de prueba en C\u00e1mara Gesell de la v\u00edctima donde relata los toques imp\u00fadicos que realiz\u00f3 el acusado mientras ella estaba encerrada en el cuarto, adem\u00e1s del informe psicol\u00f3gico y social, declaraciones testificales en los que se corrobora que la v\u00edctima pidi\u00f3 ayuda a sus camaradas, entre otras que fueron fundamentales para que este sujeto sea sentenciado\u00bb, inform\u00f3 Balderas seg\u00fan una nota de la Fiscal\u00eda General del Estado (FGE).<\/p>\n<p>De acuerdo con la fiscal del caso, Nathalie Vega, el hecho se registr\u00f3 la noche del 8 de agosto de 2023, cuando la marinera de 20 a\u00f1os fue informada de que sus padres hab\u00edan llegado a Trinidad. Con enga\u00f1os, el instructor la llev\u00f3 en su motocicleta para supuestamente reunirla con sus progenitores; sin embargo, la traslad\u00f3 a su cuarto donde \u00e9l consumi\u00f3 bebidas alcoh\u00f3licas y la encerr\u00f3 para cometer el abuso sexual, ante lo cual la v\u00edctima pidi\u00f3 ayuda a sus camaradas.<\/p>\n<p>Luego, los comandantes llegaron al lugar donde la mujer estaba encerrada, para persuadir al instructor de abrir la puerta. La FGE agreg\u00f3 que la v\u00edctima qued\u00f3 liberada despu\u00e9s de tres horas y el hecho se puso a conocimiento de la Polic\u00eda, cuyos elementos procedieron a la aprehensi\u00f3n del sujeto. En el juicio, el Juzgado Primero de Sentencia de Delitos Contra la Mujer dict\u00f3 la sentencia en contra del acusado luego de que el Ministerio P\u00fablico fundamentara su autor\u00eda con pruebas suficientes. (Con informaci\u00f3n de FGE)<\/p>\n","protected":false},"excerpt":{"rendered":"<p>El Fiscal Departamental del Beni, F\u00e9lix Balderas, inform\u00f3 ayer que, en audiencia de juicio oral, se estableci\u00f3 que el instructor del Batall\u00f3n de Infanter\u00eda de Marina (BIM) Tocopilla, Milton T. P. de 26 a\u00f1os, es autor del delito de Abuso Sexual en contra de una joven marinera de 20 a\u00f1os, por lo cual la justicia [&hellip;]<\/p>\n","protected":false},"author":1,"featured_media":231648,"comment_status":"open","ping_status":"open","sticky":false,"template":"","format":"standard","meta":{"_acf_changed":false,"footnotes":""},"categories":[39],"tags":[],"class_list":["post-231647","post","type-post","status-publish","format-standard","has-post-thumbnail","category-sociedad"],"acf":{"antetitulo":"Beni"},"yoast_head":"<!-- This site is optimized with the Yoast SEO plugin v28.4 - https:\/\/yoast.com\/product\/yoast-seo-wordpress\/ -->\n<title>11 a\u00f1os de c\u00e1rcel a instructor por abusar a joven marinera - El Diario - Bolivia<\/title>\n<meta name=\"robots\" content=\"index, follow, max-snippet:-1, max-image-preview:large, max-video-preview:-1\" \/>\n<link rel=\"canonical\" href=\"https:\/\/www.eldiario.net\/portal\/2024\/07\/04\/11-anos-de-carcel-a-instructor-por-abusar-a-joven-marinera\/\" \/>\n<meta property=\"og:locale\" content=\"es_ES\" \/>\n<meta property=\"og:type\" content=\"article\" \/>\n<meta property=\"og:title\" content=\"11 a\u00f1os de c\u00e1rcel a instructor por abusar a joven marinera - El Diario - Bolivia\" \/>\n<meta property=\"og:description\" content=\"El Fiscal Departamental del Beni, F\u00e9lix Balderas, inform\u00f3 ayer que, en audiencia de juicio oral, se estableci\u00f3 que el instructor del Batall\u00f3n de Infanter\u00eda de Marina (BIM) Tocopilla, Milton T. P. de 26 a\u00f1os, es autor del delito de Abuso Sexual en contra de una joven marinera de 20 a\u00f1os, por lo cual la justicia [&hellip;]\" \/>\n<meta property=\"og:url\" content=\"https:\/\/www.eldiario.net\/portal\/2024\/07\/04\/11-anos-de-carcel-a-instructor-por-abusar-a-joven-marinera\/\" \/>\n<meta property=\"og:site_name\" content=\"El Diario - Bolivia\" \/>\n<meta property=\"article:publisher\" content=\"https:\/\/www.facebook.com\/eldiario.bolivia\/\" \/>\n<meta property=\"article:published_time\" content=\"2024-07-04T10:10:44+00:00\" \/>\n<meta property=\"og:image\" content=\"https:\/\/www.eldiario.net\/portal\/wp-content\/uploads\/2024\/07\/MAR-FOTO.jpg\" \/>\n\t<meta property=\"og:image:width\" content=\"1024\" \/>\n\t<meta property=\"og:image:height\" content=\"768\" \/>\n\t<meta property=\"og:image:type\" content=\"image\/jpeg\" \/>\n<meta name=\"author\" content=\"Jeanette\" \/>\n<meta name=\"twitter:card\" content=\"summary_large_image\" \/>\n<meta name=\"twitter:creator\" content=\"@eldiario_net\" \/>\n<meta name=\"twitter:site\" content=\"@eldiario_net\" \/>\n<meta name=\"twitter:label1\" content=\"Escrito por\" \/>\n\t<meta name=\"twitter:data1\" content=\"Jeanette\" \/>\n\t<meta name=\"twitter:label2\" content=\"Tiempo de lectura\" \/>\n\t<meta name=\"twitter:data2\" content=\"2 minutos\" \/>\n<script type=\"application\/ld+json\" class=\"yoast-schema-graph\">{\"@context\":\"https:\\\/\\\/schema.org\",\"@graph\":[{\"@type\":\"Article\",\"@id\":\"https:\\\/\\\/www.eldiario.net\\\/portal\\\/2024\\\/07\\\/04\\\/11-anos-de-carcel-a-instructor-por-abusar-a-joven-marinera\\\/#article\",\"isPartOf\":{\"@id\":\"https:\\\/\\\/www.eldiario.net\\\/portal\\\/2024\\\/07\\\/04\\\/11-anos-de-carcel-a-instructor-por-abusar-a-joven-marinera\\\/\"},\"author\":{\"name\":\"Jeanette\",\"@id\":\"https:\\\/\\\/www.eldiario.net\\\/portal\\\/#\\\/schema\\\/person\\\/f46445640444750d7d753ccd04ae01b7\"},\"headline\":\"11 a\u00f1os de c\u00e1rcel a instructor por abusar a joven marinera\",\"datePublished\":\"2024-07-04T10:10:44+00:00\",\"mainEntityOfPage\":{\"@id\":\"https:\\\/\\\/www.eldiario.net\\\/portal\\\/2024\\\/07\\\/04\\\/11-anos-de-carcel-a-instructor-por-abusar-a-joven-marinera\\\/\"},\"wordCount\":361,\"commentCount\":0,\"publisher\":{\"@id\":\"https:\\\/\\\/www.eldiario.net\\\/portal\\\/#organization\"},\"image\":{\"@id\":\"https:\\\/\\\/www.eldiario.net\\\/portal\\\/2024\\\/07\\\/04\\\/11-anos-de-carcel-a-instructor-por-abusar-a-joven-marinera\\\/#primaryimage\"},\"thumbnailUrl\":\"https:\\\/\\\/www.eldiario.net\\\/portal\\\/wp-content\\\/uploads\\\/2024\\\/07\\\/MAR-FOTO.jpg\",\"articleSection\":[\"Sociedad - Seguridad\"],\"inLanguage\":\"es\",\"potentialAction\":[{\"@type\":\"CommentAction\",\"name\":\"Comment\",\"target\":[\"https:\\\/\\\/www.eldiario.net\\\/portal\\\/2024\\\/07\\\/04\\\/11-anos-de-carcel-a-instructor-por-abusar-a-joven-marinera\\\/#respond\"]}]},{\"@type\":\"WebPage\",\"@id\":\"https:\\\/\\\/www.eldiario.net\\\/portal\\\/2024\\\/07\\\/04\\\/11-anos-de-carcel-a-instructor-por-abusar-a-joven-marinera\\\/\",\"url\":\"https:\\\/\\\/www.eldiario.net\\\/portal\\\/2024\\\/07\\\/04\\\/11-anos-de-carcel-a-instructor-por-abusar-a-joven-marinera\\\/\",\"name\":\"11 a\u00f1os de c\u00e1rcel a instructor por abusar a joven marinera - El Diario - Bolivia\",\"isPartOf\":{\"@id\":\"https:\\\/\\\/www.eldiario.net\\\/portal\\\/#website\"},\"primaryImageOfPage\":{\"@id\":\"https:\\\/\\\/www.eldiario.net\\\/portal\\\/2024\\\/07\\\/04\\\/11-anos-de-carcel-a-instructor-por-abusar-a-joven-marinera\\\/#primaryimage\"},\"image\":{\"@id\":\"https:\\\/\\\/www.eldiario.net\\\/portal\\\/2024\\\/07\\\/04\\\/11-anos-de-carcel-a-instructor-por-abusar-a-joven-marinera\\\/#primaryimage\"},\"thumbnailUrl\":\"https:\\\/\\\/www.eldiario.net\\\/portal\\\/wp-content\\\/uploads\\\/2024\\\/07\\\/MAR-FOTO.jpg\",\"datePublished\":\"2024-07-04T10:10:44+00:00\",\"breadcrumb\":{\"@id\":\"https:\\\/\\\/www.eldiario.net\\\/portal\\\/2024\\\/07\\\/04\\\/11-anos-de-carcel-a-instructor-por-abusar-a-joven-marinera\\\/#breadcrumb\"},\"inLanguage\":\"es\",\"potentialAction\":[{\"@type\":\"ReadAction\",\"target\":[\"https:\\\/\\\/www.eldiario.net\\\/portal\\\/2024\\\/07\\\/04\\\/11-anos-de-carcel-a-instructor-por-abusar-a-joven-marinera\\\/\"]}]},{\"@type\":\"ImageObject\",\"inLanguage\":\"es\",\"@id\":\"https:\\\/\\\/www.eldiario.net\\\/portal\\\/2024\\\/07\\\/04\\\/11-anos-de-carcel-a-instructor-por-abusar-a-joven-marinera\\\/#primaryimage\",\"url\":\"https:\\\/\\\/www.eldiario.net\\\/portal\\\/wp-content\\\/uploads\\\/2024\\\/07\\\/MAR-FOTO.jpg\",\"contentUrl\":\"https:\\\/\\\/www.eldiario.net\\\/portal\\\/wp-content\\\/uploads\\\/2024\\\/07\\\/MAR-FOTO.jpg\",\"width\":1024,\"height\":768,\"caption\":\"El hombre cumplir\u00e1 su condena en el penal de Mocov\u00ed de Beni. Foto: FGE\"},{\"@type\":\"BreadcrumbList\",\"@id\":\"https:\\\/\\\/www.eldiario.net\\\/portal\\\/2024\\\/07\\\/04\\\/11-anos-de-carcel-a-instructor-por-abusar-a-joven-marinera\\\/#breadcrumb\",\"itemListElement\":[{\"@type\":\"ListItem\",\"position\":1,\"name\":\"Portada\",\"item\":\"https:\\\/\\\/www.eldiario.net\\\/portal\\\/\"},{\"@type\":\"ListItem\",\"position\":2,\"name\":\"11 a\u00f1os de c\u00e1rcel a instructor por abusar a joven marinera\"}]},{\"@type\":\"WebSite\",\"@id\":\"https:\\\/\\\/www.eldiario.net\\\/portal\\\/#website\",\"url\":\"https:\\\/\\\/www.eldiario.net\\\/portal\\\/\",\"name\":\"El Diario - Decano de la prensa nacional\",\"description\":\"El Diario - Decano de la prensa nacional\",\"publisher\":{\"@id\":\"https:\\\/\\\/www.eldiario.net\\\/portal\\\/#organization\"},\"potentialAction\":[{\"@type\":\"SearchAction\",\"target\":{\"@type\":\"EntryPoint\",\"urlTemplate\":\"https:\\\/\\\/www.eldiario.net\\\/portal\\\/?s={search_term_string}\"},\"query-input\":{\"@type\":\"PropertyValueSpecification\",\"valueRequired\":true,\"valueName\":\"search_term_string\"}}],\"inLanguage\":\"es\"},{\"@type\":\"Organization\",\"@id\":\"https:\\\/\\\/www.eldiario.net\\\/portal\\\/#organization\",\"name\":\"El Diario - Decano de la prensa nacional\",\"url\":\"https:\\\/\\\/www.eldiario.net\\\/portal\\\/\",\"logo\":{\"@type\":\"ImageObject\",\"inLanguage\":\"es\",\"@id\":\"https:\\\/\\\/www.eldiario.net\\\/portal\\\/#\\\/schema\\\/logo\\\/image\\\/\",\"url\":\"https:\\\/\\\/www.eldiario.net\\\/portal\\\/wp-content\\\/uploads\\\/2023\\\/07\\\/logo_ED.jpg\",\"contentUrl\":\"https:\\\/\\\/www.eldiario.net\\\/portal\\\/wp-content\\\/uploads\\\/2023\\\/07\\\/logo_ED.jpg\",\"width\":272,\"height\":52,\"caption\":\"El Diario - Decano de la prensa nacional\"},\"image\":{\"@id\":\"https:\\\/\\\/www.eldiario.net\\\/portal\\\/#\\\/schema\\\/logo\\\/image\\\/\"},\"sameAs\":[\"https:\\\/\\\/www.facebook.com\\\/eldiario.bolivia\\\/\",\"https:\\\/\\\/x.com\\\/eldiario_net\"]},{\"@type\":\"Person\",\"@id\":\"https:\\\/\\\/www.eldiario.net\\\/portal\\\/#\\\/schema\\\/person\\\/f46445640444750d7d753ccd04ae01b7\",\"name\":\"Jeanette\",\"image\":{\"@type\":\"ImageObject\",\"inLanguage\":\"es\",\"@id\":\"https:\\\/\\\/secure.gravatar.com\\\/avatar\\\/3ea2118a5f7dad2b7138b1187a6b7ee55f160b9968b66013c3a3ef39dd7e5798?s=96&d=mm&r=g\",\"url\":\"https:\\\/\\\/secure.gravatar.com\\\/avatar\\\/3ea2118a5f7dad2b7138b1187a6b7ee55f160b9968b66013c3a3ef39dd7e5798?s=96&d=mm&r=g\",\"contentUrl\":\"https:\\\/\\\/secure.gravatar.com\\\/avatar\\\/3ea2118a5f7dad2b7138b1187a6b7ee55f160b9968b66013c3a3ef39dd7e5798?s=96&d=mm&r=g\",\"caption\":\"Jeanette\"},\"sameAs\":[\"https:\\\/\\\/www.eldiario.net\\\/portal\"],\"url\":\"https:\\\/\\\/www.eldiario.net\\\/portal\\\/author\\\/jeanette\\\/\"}]}<\/script>\n<!-- \/ Yoast SEO plugin. -->","yoast_head_json":{"title":"11 a\u00f1os de c\u00e1rcel a instructor por abusar a joven marinera - El Diario - Bolivia","robots":{"index":"index","follow":"follow","max-snippet":"max-snippet:-1","max-image-preview":"max-image-preview:large","max-video-preview":"max-video-preview:-1"},"canonical":"https:\/\/www.eldiario.net\/portal\/2024\/07\/04\/11-anos-de-carcel-a-instructor-por-abusar-a-joven-marinera\/","og_locale":"es_ES","og_type":"article","og_title":"11 a\u00f1os de c\u00e1rcel a instructor por abusar a joven marinera - El Diario - Bolivia","og_description":"El Fiscal Departamental del Beni, F\u00e9lix Balderas, inform\u00f3 ayer que, en audiencia de juicio oral, se estableci\u00f3 que el instructor del Batall\u00f3n de Infanter\u00eda de Marina (BIM) Tocopilla, Milton T. P. de 26 a\u00f1os, es autor del delito de Abuso Sexual en contra de una joven marinera de 20 a\u00f1os, por lo cual la justicia [&hellip;]","og_url":"https:\/\/www.eldiario.net\/portal\/2024\/07\/04\/11-anos-de-carcel-a-instructor-por-abusar-a-joven-marinera\/","og_site_name":"El Diario - Bolivia","article_publisher":"https:\/\/www.facebook.com\/eldiario.bolivia\/","article_published_time":"2024-07-04T10:10:44+00:00","og_image":[{"width":1024,"height":768,"url":"https:\/\/www.eldiario.net\/portal\/wp-content\/uploads\/2024\/07\/MAR-FOTO.jpg","type":"image\/jpeg"}],"author":"Jeanette","twitter_card":"summary_large_image","twitter_creator":"@eldiario_net","twitter_site":"@eldiario_net","twitter_misc":{"Escrito por":"Jeanette","Tiempo de lectura":"2 minutos"},"schema":{"@context":"https:\/\/schema.org","@graph":[{"@type":"Article","@id":"https:\/\/www.eldiario.net\/portal\/2024\/07\/04\/11-anos-de-carcel-a-instructor-por-abusar-a-joven-marinera\/#article","isPartOf":{"@id":"https:\/\/www.eldiario.net\/portal\/2024\/07\/04\/11-anos-de-carcel-a-instructor-por-abusar-a-joven-marinera\/"},"author":{"name":"Jeanette","@id":"https:\/\/www.eldiario.net\/portal\/#\/schema\/person\/f46445640444750d7d753ccd04ae01b7"},"headline":"11 a\u00f1os de c\u00e1rcel a instructor por abusar a joven marinera","datePublished":"2024-07-04T10:10:44+00:00","mainEntityOfPage":{"@id":"https:\/\/www.eldiario.net\/portal\/2024\/07\/04\/11-anos-de-carcel-a-instructor-por-abusar-a-joven-marinera\/"},"wordCount":361,"commentCount":0,"publisher":{"@id":"https:\/\/www.eldiario.net\/portal\/#organization"},"image":{"@id":"https:\/\/www.eldiario.net\/portal\/2024\/07\/04\/11-anos-de-carcel-a-instructor-por-abusar-a-joven-marinera\/#primaryimage"},"thumbnailUrl":"https:\/\/www.eldiario.net\/portal\/wp-content\/uploads\/2024\/07\/MAR-FOTO.jpg","articleSection":["Sociedad - Seguridad"],"inLanguage":"es","potentialAction":[{"@type":"CommentAction","name":"Comment","target":["https:\/\/www.eldiario.net\/portal\/2024\/07\/04\/11-anos-de-carcel-a-instructor-por-abusar-a-joven-marinera\/#respond"]}]},{"@type":"WebPage","@id":"https:\/\/www.eldiario.net\/portal\/2024\/07\/04\/11-anos-de-carcel-a-instructor-por-abusar-a-joven-marinera\/","url":"https:\/\/www.eldiario.net\/portal\/2024\/07\/04\/11-anos-de-carcel-a-instructor-por-abusar-a-joven-marinera\/","name":"11 a\u00f1os de c\u00e1rcel a instructor por abusar a joven marinera - El Diario - Bolivia","isPartOf":{"@id":"https:\/\/www.eldiario.net\/portal\/#website"},"primaryImageOfPage":{"@id":"https:\/\/www.eldiario.net\/portal\/2024\/07\/04\/11-anos-de-carcel-a-instructor-por-abusar-a-joven-marinera\/#primaryimage"},"image":{"@id":"https:\/\/www.eldiario.net\/portal\/2024\/07\/04\/11-anos-de-carcel-a-instructor-por-abusar-a-joven-marinera\/#primaryimage"},"thumbnailUrl":"https:\/\/www.eldiario.net\/portal\/wp-content\/uploads\/2024\/07\/MAR-FOTO.jpg","datePublished":"2024-07-04T10:10:44+00:00","breadcrumb":{"@id":"https:\/\/www.eldiario.net\/portal\/2024\/07\/04\/11-anos-de-carcel-a-instructor-por-abusar-a-joven-marinera\/#breadcrumb"},"inLanguage":"es","potentialAction":[{"@type":"ReadAction","target":["https:\/\/www.eldiario.net\/portal\/2024\/07\/04\/11-anos-de-carcel-a-instructor-por-abusar-a-joven-marinera\/"]}]},{"@type":"ImageObject","inLanguage":"es","@id":"https:\/\/www.eldiario.net\/portal\/2024\/07\/04\/11-anos-de-carcel-a-instructor-por-abusar-a-joven-marinera\/#primaryimage","url":"https:\/\/www.eldiario.net\/portal\/wp-content\/uploads\/2024\/07\/MAR-FOTO.jpg","contentUrl":"https:\/\/www.eldiario.net\/portal\/wp-content\/uploads\/2024\/07\/MAR-FOTO.jpg","width":1024,"height":768,"caption":"El hombre cumplir\u00e1 su condena en el penal de Mocov\u00ed de Beni. Foto: FGE"},{"@type":"BreadcrumbList","@id":"https:\/\/www.eldiario.net\/portal\/2024\/07\/04\/11-anos-de-carcel-a-instructor-por-abusar-a-joven-marinera\/#breadcrumb","itemListElement":[{"@type":"ListItem","position":1,"name":"Portada","item":"https:\/\/www.eldiario.net\/portal\/"},{"@type":"ListItem","position":2,"name":"11 a\u00f1os de c\u00e1rcel a instructor por abusar a joven marinera"}]},{"@type":"WebSite","@id":"https:\/\/www.eldiario.net\/portal\/#website","url":"https:\/\/www.eldiario.net\/portal\/","name":"El Diario - Decano de la prensa nacional","description":"El Diario - Decano de la prensa nacional","publisher":{"@id":"https:\/\/www.eldiario.net\/portal\/#organization"},"potentialAction":[{"@type":"SearchAction","target":{"@type":"EntryPoint","urlTemplate":"https:\/\/www.eldiario.net\/portal\/?s={search_term_string}"},"query-input":{"@type":"PropertyValueSpecification","valueRequired":true,"valueName":"search_term_string"}}],"inLanguage":"es"},{"@type":"Organization","@id":"https:\/\/www.eldiario.net\/portal\/#organization","name":"El Diario - Decano de la prensa nacional","url":"https:\/\/www.eldiario.net\/portal\/","logo":{"@type":"ImageObject","inLanguage":"es","@id":"https:\/\/www.eldiario.net\/portal\/#\/schema\/logo\/image\/","url":"https:\/\/www.eldiario.net\/portal\/wp-content\/uploads\/2023\/07\/logo_ED.jpg","contentUrl":"https:\/\/www.eldiario.net\/portal\/wp-content\/uploads\/2023\/07\/logo_ED.jpg","width":272,"height":52,"caption":"El Diario - Decano de la prensa nacional"},"image":{"@id":"https:\/\/www.eldiario.net\/portal\/#\/schema\/logo\/image\/"},"sameAs":["https:\/\/www.facebook.com\/eldiario.bolivia\/","https:\/\/x.com\/eldiario_net"]},{"@type":"Person","@id":"https:\/\/www.eldiario.net\/portal\/#\/schema\/person\/f46445640444750d7d753ccd04ae01b7","name":"Jeanette","image":{"@type":"ImageObject","inLanguage":"es","@id":"https:\/\/secure.gravatar.com\/avatar\/3ea2118a5f7dad2b7138b1187a6b7ee55f160b9968b66013c3a3ef39dd7e5798?s=96&d=mm&r=g","url":"https:\/\/secure.gravatar.com\/avatar\/3ea2118a5f7dad2b7138b1187a6b7ee55f160b9968b66013c3a3ef39dd7e5798?s=96&d=mm&r=g","contentUrl":"https:\/\/secure.gravatar.com\/avatar\/3ea2118a5f7dad2b7138b1187a6b7ee55f160b9968b66013c3a3ef39dd7e5798?s=96&d=mm&r=g","caption":"Jeanette"},"sameAs":["https:\/\/www.eldiario.net\/portal"],"url":"https:\/\/www.eldiario.net\/portal\/author\/jeanette\/"}]}},"_links":{"self":[{"href":"https:\/\/www.eldiario.net\/portal\/wp-json\/wp\/v2\/posts\/231647","targetHints":{"allow":["GET"]}}],"collection":[{"href":"https:\/\/www.eldiario.net\/portal\/wp-json\/wp\/v2\/posts"}],"about":[{"href":"https:\/\/www.eldiario.net\/portal\/wp-json\/wp\/v2\/types\/post"}],"author":[{"embeddable":true,"href":"https:\/\/www.eldiario.net\/portal\/wp-json\/wp\/v2\/users\/1"}],"replies":[{"embeddable":true,"href":"https:\/\/www.eldiario.net\/portal\/wp-json\/wp\/v2\/comments?post=231647"}],"version-history":[{"count":1,"href":"https:\/\/www.eldiario.net\/portal\/wp-json\/wp\/v2\/posts\/231647\/revisions"}],"predecessor-version":[{"id":231649,"href":"https:\/\/www.eldiario.net\/portal\/wp-json\/wp\/v2\/posts\/231647\/revisions\/231649"}],"wp:featuredmedia":[{"embeddable":true,"href":"https:\/\/www.eldiario.net\/portal\/wp-json\/wp\/v2\/media\/231648"}],"wp:attachment":[{"href":"https:\/\/www.eldiario.net\/portal\/wp-json\/wp\/v2\/media?parent=231647"}],"wp:term":[{"taxonomy":"category","embeddable":true,"href":"https:\/\/www.eldiario.net\/portal\/wp-json\/wp\/v2\/categories?post=231647"},{"taxonomy":"post_tag","embeddable":true,"href":"https:\/\/www.eldiario.net\/portal\/wp-json\/wp\/v2\/tags?post=231647"}],"curies":[{"name":"wp","href":"https:\/\/api.w.org\/{rel}","templated":true}]}}