{"id":23164,"date":"2021-08-13T06:17:19","date_gmt":"2021-08-13T10:17:19","guid":{"rendered":"https:\/\/www.eldiario.net\/portal\/?p=23164"},"modified":"2021-08-13T06:17:19","modified_gmt":"2021-08-13T10:17:19","slug":"diversas-organizaciones-que-venden-animales-son-ilegales","status":"publish","type":"post","link":"https:\/\/www.eldiario.net\/portal\/2021\/08\/13\/diversas-organizaciones-que-venden-animales-son-ilegales\/","title":{"rendered":"Diversas organizaciones que venden animales son ilegales"},"content":{"rendered":"<p>Debido a los conflictos ocurridos entre organizaciones de venta ilegal de animales en la feria de la zona 16 de Julio y la Polic\u00eda Forestal Medio Ambiental (Pofoma), Zoonosis del municipio de El Alto anunci\u00f3 que se est\u00e1 trabajando en la verificaci\u00f3n de documentos, de dichas asociaciones de acuerdo con la Ley 700.<br \/>\nLa determinaci\u00f3n tomada por parte del director de Zoonosis del municipio, Franco Flores, fue debido a que se contin\u00faan vulnerando las prohibiciones de venta ilegal de animales en este sector de la urbe alte\u00f1a, donde muchos comerciantes exponen canes para la venta en p\u00e9simas condiciones de salud y en lugares que no est\u00e1n permitidos para el efecto.<br \/>\n\u201cNosotros estamos en la tarea de verificar la documentaci\u00f3n con que puedan contar las comerciantes de las diferentes asociaciones de vendedoras de canes y otros animales, porque de tener legalidad como se\u00f1alan tienen que contar con una personer\u00eda jur\u00eddica que avale a los mismos, de lo contrario estar\u00edan vulnerando varias disposiciones municipales, que significar\u00eda asentamientos ilegales\u201d, explic\u00f3 Flores.<br \/>\nPor otro lado, record\u00f3 que la Ley 700 proh\u00edbe este tipo de negociados de animales, adem\u00e1s la tenencia de los mismos en condiciones, tal como se ha visto en muchos casos de las comerciantes de esta feria de la ciudad de El Alto, donde el comercio de estos animales ha proliferado donde las condiciones en las que exponen a estos seres vivos, son de mucho sufrimiento entre el fr\u00edo, el hambre y el hacinamiento.<br \/>\nDebido a todos estos problemas, las organizaciones de defensa de animales, como Aplab, se ha manifestado, con relaci\u00f3n a este tipo de abusos cometidos por las comerciantes de este barrio alte\u00f1o, donde en coordinaci\u00f3n con animales SOS advirtieron que no permitir\u00e1n que se contin\u00fae con este tipo de sacrificios al que son sometidos estos animales, con el \u00fanico fin de comercializarlo para fines personales.<br \/>\nPor otro lado, se\u00f1alaron que apoyan en trabajo de Pofoma, que tiene todo el derecho de poder velar y denunciar este tipo de actitudes, donde a causa de este problema, algunas personas pertenecientes a estas asociaciones, se\u00f1alaron que pedir su cierre es desde todo punto de vista ilegal.<br \/>\nDe la misma manera, la autoridad municipal de Zoonosis exhort\u00f3 a los due\u00f1os de canes que al comprar o adoptar, sean responsables en su tenencia y que no solo estos canes sean solo utilizados como mascotas y cuando sean grandes sean echados a la calle.<br \/>\n\u201cNosotros tambi\u00e9n estamos previniendo controlar este tipo de actitudes de algunas personas, porque al adoptar o adquirir en calidad de compra es una responsabilidad la que se est\u00e1 asumiendo, por lo que la tenencia en buen estado debe ser todo el tiempo de vida que tengan estos animales\u201d, exhort\u00f3 el funcionario.<br \/>\nActualmente, Zoonosis no cuenta con una unidad especializada para la atenci\u00f3n de animales, pero se est\u00e1n gestionando recursos para lograr un albergue, una cl\u00ednica y todo lo necesario para tenerlos a todos los animales que sean abandonados.<\/p>\n","protected":false},"excerpt":{"rendered":"<p>Debido a los conflictos ocurridos entre organizaciones de venta ilegal de animales en la feria de la zona 16 de Julio y la Polic\u00eda Forestal Medio Ambiental (Pofoma), Zoonosis del municipio de El Alto anunci\u00f3 que se est\u00e1 trabajando en la verificaci\u00f3n de documentos, de dichas asociaciones de acuerdo con la Ley 700. La determinaci\u00f3n [&hellip;]<\/p>\n","protected":false},"author":1,"featured_media":23165,"comment_status":"closed","ping_status":"closed","sticky":false,"template":"","format":"standard","meta":{"_acf_changed":false,"footnotes":""},"categories":[12],"tags":[],"class_list":["post-23164","post","type-post","status-publish","format-standard","has-post-thumbnail","category-nacional"],"acf":{"antetitulo":""},"yoast_head":"<!-- This site is optimized with the Yoast SEO plugin v28.4 - https:\/\/yoast.com\/product\/yoast-seo-wordpress\/ -->\n<title>Diversas organizaciones que venden animales son ilegales - El Diario - Bolivia<\/title>\n<meta name=\"robots\" content=\"index, follow, max-snippet:-1, max-image-preview:large, max-video-preview:-1\" \/>\n<link rel=\"canonical\" href=\"https:\/\/www.eldiario.net\/portal\/2021\/08\/13\/diversas-organizaciones-que-venden-animales-son-ilegales\/\" \/>\n<meta property=\"og:locale\" content=\"es_ES\" \/>\n<meta property=\"og:type\" content=\"article\" \/>\n<meta property=\"og:title\" content=\"Diversas organizaciones que venden animales son ilegales - El Diario - Bolivia\" \/>\n<meta property=\"og:description\" content=\"Debido a los conflictos ocurridos entre organizaciones de venta ilegal de animales en la feria de la zona 16 de Julio y la Polic\u00eda Forestal Medio Ambiental (Pofoma), Zoonosis del municipio de El Alto anunci\u00f3 que se est\u00e1 trabajando en la verificaci\u00f3n de documentos, de dichas asociaciones de acuerdo con la Ley 700. La determinaci\u00f3n [&hellip;]\" \/>\n<meta property=\"og:url\" content=\"https:\/\/www.eldiario.net\/portal\/2021\/08\/13\/diversas-organizaciones-que-venden-animales-son-ilegales\/\" \/>\n<meta property=\"og:site_name\" content=\"El Diario - Bolivia\" \/>\n<meta property=\"article:publisher\" content=\"https:\/\/www.facebook.com\/eldiario.bolivia\/\" \/>\n<meta property=\"article:published_time\" content=\"2021-08-13T10:17:19+00:00\" \/>\n<meta name=\"author\" content=\"Jeanette\" \/>\n<meta name=\"twitter:card\" content=\"summary_large_image\" \/>\n<meta name=\"twitter:creator\" content=\"@eldiario_net\" \/>\n<meta name=\"twitter:site\" content=\"@eldiario_net\" \/>\n<meta name=\"twitter:label1\" content=\"Escrito por\" \/>\n\t<meta name=\"twitter:data1\" content=\"Jeanette\" \/>\n\t<meta name=\"twitter:label2\" content=\"Tiempo de lectura\" \/>\n\t<meta name=\"twitter:data2\" content=\"3 minutos\" \/>\n<script type=\"application\/ld+json\" class=\"yoast-schema-graph\">{\"@context\":\"https:\\\/\\\/schema.org\",\"@graph\":[{\"@type\":\"Article\",\"@id\":\"https:\\\/\\\/www.eldiario.net\\\/portal\\\/2021\\\/08\\\/13\\\/diversas-organizaciones-que-venden-animales-son-ilegales\\\/#article\",\"isPartOf\":{\"@id\":\"https:\\\/\\\/www.eldiario.net\\\/portal\\\/2021\\\/08\\\/13\\\/diversas-organizaciones-que-venden-animales-son-ilegales\\\/\"},\"author\":{\"name\":\"Jeanette\",\"@id\":\"https:\\\/\\\/www.eldiario.net\\\/portal\\\/#\\\/schema\\\/person\\\/f46445640444750d7d753ccd04ae01b7\"},\"headline\":\"Diversas organizaciones que venden animales son ilegales\",\"datePublished\":\"2021-08-13T10:17:19+00:00\",\"mainEntityOfPage\":{\"@id\":\"https:\\\/\\\/www.eldiario.net\\\/portal\\\/2021\\\/08\\\/13\\\/diversas-organizaciones-que-venden-animales-son-ilegales\\\/\"},\"wordCount\":519,\"publisher\":{\"@id\":\"https:\\\/\\\/www.eldiario.net\\\/portal\\\/#organization\"},\"image\":{\"@id\":\"https:\\\/\\\/www.eldiario.net\\\/portal\\\/2021\\\/08\\\/13\\\/diversas-organizaciones-que-venden-animales-son-ilegales\\\/#primaryimage\"},\"thumbnailUrl\":\"\",\"articleSection\":[\"Nacional\"],\"inLanguage\":\"es\"},{\"@type\":\"WebPage\",\"@id\":\"https:\\\/\\\/www.eldiario.net\\\/portal\\\/2021\\\/08\\\/13\\\/diversas-organizaciones-que-venden-animales-son-ilegales\\\/\",\"url\":\"https:\\\/\\\/www.eldiario.net\\\/portal\\\/2021\\\/08\\\/13\\\/diversas-organizaciones-que-venden-animales-son-ilegales\\\/\",\"name\":\"Diversas organizaciones que venden animales son ilegales - El Diario - Bolivia\",\"isPartOf\":{\"@id\":\"https:\\\/\\\/www.eldiario.net\\\/portal\\\/#website\"},\"primaryImageOfPage\":{\"@id\":\"https:\\\/\\\/www.eldiario.net\\\/portal\\\/2021\\\/08\\\/13\\\/diversas-organizaciones-que-venden-animales-son-ilegales\\\/#primaryimage\"},\"image\":{\"@id\":\"https:\\\/\\\/www.eldiario.net\\\/portal\\\/2021\\\/08\\\/13\\\/diversas-organizaciones-que-venden-animales-son-ilegales\\\/#primaryimage\"},\"thumbnailUrl\":\"\",\"datePublished\":\"2021-08-13T10:17:19+00:00\",\"breadcrumb\":{\"@id\":\"https:\\\/\\\/www.eldiario.net\\\/portal\\\/2021\\\/08\\\/13\\\/diversas-organizaciones-que-venden-animales-son-ilegales\\\/#breadcrumb\"},\"inLanguage\":\"es\",\"potentialAction\":[{\"@type\":\"ReadAction\",\"target\":[\"https:\\\/\\\/www.eldiario.net\\\/portal\\\/2021\\\/08\\\/13\\\/diversas-organizaciones-que-venden-animales-son-ilegales\\\/\"]}]},{\"@type\":\"ImageObject\",\"inLanguage\":\"es\",\"@id\":\"https:\\\/\\\/www.eldiario.net\\\/portal\\\/2021\\\/08\\\/13\\\/diversas-organizaciones-que-venden-animales-son-ilegales\\\/#primaryimage\",\"url\":\"\",\"contentUrl\":\"\"},{\"@type\":\"BreadcrumbList\",\"@id\":\"https:\\\/\\\/www.eldiario.net\\\/portal\\\/2021\\\/08\\\/13\\\/diversas-organizaciones-que-venden-animales-son-ilegales\\\/#breadcrumb\",\"itemListElement\":[{\"@type\":\"ListItem\",\"position\":1,\"name\":\"Portada\",\"item\":\"https:\\\/\\\/www.eldiario.net\\\/portal\\\/\"},{\"@type\":\"ListItem\",\"position\":2,\"name\":\"Diversas organizaciones que venden animales son ilegales\"}]},{\"@type\":\"WebSite\",\"@id\":\"https:\\\/\\\/www.eldiario.net\\\/portal\\\/#website\",\"url\":\"https:\\\/\\\/www.eldiario.net\\\/portal\\\/\",\"name\":\"El Diario - Decano de la prensa nacional\",\"description\":\"El Diario - Decano de la prensa nacional\",\"publisher\":{\"@id\":\"https:\\\/\\\/www.eldiario.net\\\/portal\\\/#organization\"},\"potentialAction\":[{\"@type\":\"SearchAction\",\"target\":{\"@type\":\"EntryPoint\",\"urlTemplate\":\"https:\\\/\\\/www.eldiario.net\\\/portal\\\/?s={search_term_string}\"},\"query-input\":{\"@type\":\"PropertyValueSpecification\",\"valueRequired\":true,\"valueName\":\"search_term_string\"}}],\"inLanguage\":\"es\"},{\"@type\":\"Organization\",\"@id\":\"https:\\\/\\\/www.eldiario.net\\\/portal\\\/#organization\",\"name\":\"El Diario - Decano de la prensa nacional\",\"url\":\"https:\\\/\\\/www.eldiario.net\\\/portal\\\/\",\"logo\":{\"@type\":\"ImageObject\",\"inLanguage\":\"es\",\"@id\":\"https:\\\/\\\/www.eldiario.net\\\/portal\\\/#\\\/schema\\\/logo\\\/image\\\/\",\"url\":\"https:\\\/\\\/www.eldiario.net\\\/portal\\\/wp-content\\\/uploads\\\/2023\\\/07\\\/logo_ED.jpg\",\"contentUrl\":\"https:\\\/\\\/www.eldiario.net\\\/portal\\\/wp-content\\\/uploads\\\/2023\\\/07\\\/logo_ED.jpg\",\"width\":272,\"height\":52,\"caption\":\"El Diario - Decano de la prensa nacional\"},\"image\":{\"@id\":\"https:\\\/\\\/www.eldiario.net\\\/portal\\\/#\\\/schema\\\/logo\\\/image\\\/\"},\"sameAs\":[\"https:\\\/\\\/www.facebook.com\\\/eldiario.bolivia\\\/\",\"https:\\\/\\\/x.com\\\/eldiario_net\"]},{\"@type\":\"Person\",\"@id\":\"https:\\\/\\\/www.eldiario.net\\\/portal\\\/#\\\/schema\\\/person\\\/f46445640444750d7d753ccd04ae01b7\",\"name\":\"Jeanette\",\"image\":{\"@type\":\"ImageObject\",\"inLanguage\":\"es\",\"@id\":\"https:\\\/\\\/secure.gravatar.com\\\/avatar\\\/3ea2118a5f7dad2b7138b1187a6b7ee55f160b9968b66013c3a3ef39dd7e5798?s=96&d=mm&r=g\",\"url\":\"https:\\\/\\\/secure.gravatar.com\\\/avatar\\\/3ea2118a5f7dad2b7138b1187a6b7ee55f160b9968b66013c3a3ef39dd7e5798?s=96&d=mm&r=g\",\"contentUrl\":\"https:\\\/\\\/secure.gravatar.com\\\/avatar\\\/3ea2118a5f7dad2b7138b1187a6b7ee55f160b9968b66013c3a3ef39dd7e5798?s=96&d=mm&r=g\",\"caption\":\"Jeanette\"},\"sameAs\":[\"https:\\\/\\\/www.eldiario.net\\\/portal\"],\"url\":\"https:\\\/\\\/www.eldiario.net\\\/portal\\\/author\\\/jeanette\\\/\"}]}<\/script>\n<!-- \/ Yoast SEO plugin. -->","yoast_head_json":{"title":"Diversas organizaciones que venden animales son ilegales - El Diario - Bolivia","robots":{"index":"index","follow":"follow","max-snippet":"max-snippet:-1","max-image-preview":"max-image-preview:large","max-video-preview":"max-video-preview:-1"},"canonical":"https:\/\/www.eldiario.net\/portal\/2021\/08\/13\/diversas-organizaciones-que-venden-animales-son-ilegales\/","og_locale":"es_ES","og_type":"article","og_title":"Diversas organizaciones que venden animales son ilegales - El Diario - Bolivia","og_description":"Debido a los conflictos ocurridos entre organizaciones de venta ilegal de animales en la feria de la zona 16 de Julio y la Polic\u00eda Forestal Medio Ambiental (Pofoma), Zoonosis del municipio de El Alto anunci\u00f3 que se est\u00e1 trabajando en la verificaci\u00f3n de documentos, de dichas asociaciones de acuerdo con la Ley 700. La determinaci\u00f3n [&hellip;]","og_url":"https:\/\/www.eldiario.net\/portal\/2021\/08\/13\/diversas-organizaciones-que-venden-animales-son-ilegales\/","og_site_name":"El Diario - Bolivia","article_publisher":"https:\/\/www.facebook.com\/eldiario.bolivia\/","article_published_time":"2021-08-13T10:17:19+00:00","author":"Jeanette","twitter_card":"summary_large_image","twitter_creator":"@eldiario_net","twitter_site":"@eldiario_net","twitter_misc":{"Escrito por":"Jeanette","Tiempo de lectura":"3 minutos"},"schema":{"@context":"https:\/\/schema.org","@graph":[{"@type":"Article","@id":"https:\/\/www.eldiario.net\/portal\/2021\/08\/13\/diversas-organizaciones-que-venden-animales-son-ilegales\/#article","isPartOf":{"@id":"https:\/\/www.eldiario.net\/portal\/2021\/08\/13\/diversas-organizaciones-que-venden-animales-son-ilegales\/"},"author":{"name":"Jeanette","@id":"https:\/\/www.eldiario.net\/portal\/#\/schema\/person\/f46445640444750d7d753ccd04ae01b7"},"headline":"Diversas organizaciones que venden animales son ilegales","datePublished":"2021-08-13T10:17:19+00:00","mainEntityOfPage":{"@id":"https:\/\/www.eldiario.net\/portal\/2021\/08\/13\/diversas-organizaciones-que-venden-animales-son-ilegales\/"},"wordCount":519,"publisher":{"@id":"https:\/\/www.eldiario.net\/portal\/#organization"},"image":{"@id":"https:\/\/www.eldiario.net\/portal\/2021\/08\/13\/diversas-organizaciones-que-venden-animales-son-ilegales\/#primaryimage"},"thumbnailUrl":"","articleSection":["Nacional"],"inLanguage":"es"},{"@type":"WebPage","@id":"https:\/\/www.eldiario.net\/portal\/2021\/08\/13\/diversas-organizaciones-que-venden-animales-son-ilegales\/","url":"https:\/\/www.eldiario.net\/portal\/2021\/08\/13\/diversas-organizaciones-que-venden-animales-son-ilegales\/","name":"Diversas organizaciones que venden animales son ilegales - El Diario - Bolivia","isPartOf":{"@id":"https:\/\/www.eldiario.net\/portal\/#website"},"primaryImageOfPage":{"@id":"https:\/\/www.eldiario.net\/portal\/2021\/08\/13\/diversas-organizaciones-que-venden-animales-son-ilegales\/#primaryimage"},"image":{"@id":"https:\/\/www.eldiario.net\/portal\/2021\/08\/13\/diversas-organizaciones-que-venden-animales-son-ilegales\/#primaryimage"},"thumbnailUrl":"","datePublished":"2021-08-13T10:17:19+00:00","breadcrumb":{"@id":"https:\/\/www.eldiario.net\/portal\/2021\/08\/13\/diversas-organizaciones-que-venden-animales-son-ilegales\/#breadcrumb"},"inLanguage":"es","potentialAction":[{"@type":"ReadAction","target":["https:\/\/www.eldiario.net\/portal\/2021\/08\/13\/diversas-organizaciones-que-venden-animales-son-ilegales\/"]}]},{"@type":"ImageObject","inLanguage":"es","@id":"https:\/\/www.eldiario.net\/portal\/2021\/08\/13\/diversas-organizaciones-que-venden-animales-son-ilegales\/#primaryimage","url":"","contentUrl":""},{"@type":"BreadcrumbList","@id":"https:\/\/www.eldiario.net\/portal\/2021\/08\/13\/diversas-organizaciones-que-venden-animales-son-ilegales\/#breadcrumb","itemListElement":[{"@type":"ListItem","position":1,"name":"Portada","item":"https:\/\/www.eldiario.net\/portal\/"},{"@type":"ListItem","position":2,"name":"Diversas organizaciones que venden animales son ilegales"}]},{"@type":"WebSite","@id":"https:\/\/www.eldiario.net\/portal\/#website","url":"https:\/\/www.eldiario.net\/portal\/","name":"El Diario - Decano de la prensa nacional","description":"El Diario - Decano de la prensa nacional","publisher":{"@id":"https:\/\/www.eldiario.net\/portal\/#organization"},"potentialAction":[{"@type":"SearchAction","target":{"@type":"EntryPoint","urlTemplate":"https:\/\/www.eldiario.net\/portal\/?s={search_term_string}"},"query-input":{"@type":"PropertyValueSpecification","valueRequired":true,"valueName":"search_term_string"}}],"inLanguage":"es"},{"@type":"Organization","@id":"https:\/\/www.eldiario.net\/portal\/#organization","name":"El Diario - Decano de la prensa nacional","url":"https:\/\/www.eldiario.net\/portal\/","logo":{"@type":"ImageObject","inLanguage":"es","@id":"https:\/\/www.eldiario.net\/portal\/#\/schema\/logo\/image\/","url":"https:\/\/www.eldiario.net\/portal\/wp-content\/uploads\/2023\/07\/logo_ED.jpg","contentUrl":"https:\/\/www.eldiario.net\/portal\/wp-content\/uploads\/2023\/07\/logo_ED.jpg","width":272,"height":52,"caption":"El Diario - Decano de la prensa nacional"},"image":{"@id":"https:\/\/www.eldiario.net\/portal\/#\/schema\/logo\/image\/"},"sameAs":["https:\/\/www.facebook.com\/eldiario.bolivia\/","https:\/\/x.com\/eldiario_net"]},{"@type":"Person","@id":"https:\/\/www.eldiario.net\/portal\/#\/schema\/person\/f46445640444750d7d753ccd04ae01b7","name":"Jeanette","image":{"@type":"ImageObject","inLanguage":"es","@id":"https:\/\/secure.gravatar.com\/avatar\/3ea2118a5f7dad2b7138b1187a6b7ee55f160b9968b66013c3a3ef39dd7e5798?s=96&d=mm&r=g","url":"https:\/\/secure.gravatar.com\/avatar\/3ea2118a5f7dad2b7138b1187a6b7ee55f160b9968b66013c3a3ef39dd7e5798?s=96&d=mm&r=g","contentUrl":"https:\/\/secure.gravatar.com\/avatar\/3ea2118a5f7dad2b7138b1187a6b7ee55f160b9968b66013c3a3ef39dd7e5798?s=96&d=mm&r=g","caption":"Jeanette"},"sameAs":["https:\/\/www.eldiario.net\/portal"],"url":"https:\/\/www.eldiario.net\/portal\/author\/jeanette\/"}]}},"_links":{"self":[{"href":"https:\/\/www.eldiario.net\/portal\/wp-json\/wp\/v2\/posts\/23164","targetHints":{"allow":["GET"]}}],"collection":[{"href":"https:\/\/www.eldiario.net\/portal\/wp-json\/wp\/v2\/posts"}],"about":[{"href":"https:\/\/www.eldiario.net\/portal\/wp-json\/wp\/v2\/types\/post"}],"author":[{"embeddable":true,"href":"https:\/\/www.eldiario.net\/portal\/wp-json\/wp\/v2\/users\/1"}],"replies":[{"embeddable":true,"href":"https:\/\/www.eldiario.net\/portal\/wp-json\/wp\/v2\/comments?post=23164"}],"version-history":[{"count":0,"href":"https:\/\/www.eldiario.net\/portal\/wp-json\/wp\/v2\/posts\/23164\/revisions"}],"wp:attachment":[{"href":"https:\/\/www.eldiario.net\/portal\/wp-json\/wp\/v2\/media?parent=23164"}],"wp:term":[{"taxonomy":"category","embeddable":true,"href":"https:\/\/www.eldiario.net\/portal\/wp-json\/wp\/v2\/categories?post=23164"},{"taxonomy":"post_tag","embeddable":true,"href":"https:\/\/www.eldiario.net\/portal\/wp-json\/wp\/v2\/tags?post=23164"}],"curies":[{"name":"wp","href":"https:\/\/api.w.org\/{rel}","templated":true}]}}