{"id":231638,"date":"2024-07-04T06:07:34","date_gmt":"2024-07-04T10:07:34","guid":{"rendered":"https:\/\/www.eldiario.net\/portal\/?p=231638"},"modified":"2024-07-04T06:07:34","modified_gmt":"2024-07-04T10:07:34","slug":"eeuu-tilda-de-falsas-acusaciones-que-le-involucran-en-hechos-del-26-de-junio","status":"publish","type":"post","link":"https:\/\/www.eldiario.net\/portal\/2024\/07\/04\/eeuu-tilda-de-falsas-acusaciones-que-le-involucran-en-hechos-del-26-de-junio\/","title":{"rendered":"EEUU tilda de \u2018falsas\u2019 acusaciones que  le involucran en hechos del 26 de junio"},"content":{"rendered":"<p>La portavoz de la Casa Blanca, Karine Jean-Pierre, neg\u00f3 ayer las versiones de que Estados Unidos est\u00e9 involucrado en el movimiento militar que se registr\u00f3 en Bolivia el pasado 26 de junio en la plaza Murillo.<\/p>\n<p>\u201cHemos visto las falsas acusaciones de la participaci\u00f3n de Estados Unidos en los acontecimientos de Bolivia el 26 de junio. S\u00e9 que es algo que ha surgido un par de veces y por eso quiero asegurarme de que quede claro que Estados Unidos no tuvo participaci\u00f3n en eso\u201d, dijo la secretaria de prensa.<\/p>\n<p>Asimismo, ratific\u00f3 que su pa\u00eds condena \u201cen\u00e9rgicamente\u201d el despliegue de unidades del Ej\u00e9rcito en Bolivia y cualquier intento de subvertir una orden constitucional.<\/p>\n<p>Reafirm\u00f3 adem\u00e1s que Estados Unidos apoya a la democracia y al pueblo de Bolivia.<\/p>\n<p>La vinculaci\u00f3n del pa\u00eds del norte en la asonada militar surge luego que, seg\u00fan uno de los implicados en el caso, el excomandante del Ej\u00e9rcito, general Juan Jos\u00e9 Z\u00fa\u00f1iga, aseveraba que ten\u00eda apoyo de Estados Unidos y otros pa\u00edses para el movimiento de tropas.<\/p>\n<p>Dentro de la investigaci\u00f3n existe una serie de oficiales militares vinculados y algunos civiles. La investigaci\u00f3n de la Fiscal\u00eda es por el delito de alzamientos armados contra la seguridad y soberan\u00eda del Estado. (Erbol)<\/p>\n","protected":false},"excerpt":{"rendered":"<p>La portavoz de la Casa Blanca, Karine Jean-Pierre, neg\u00f3 ayer las versiones de que Estados Unidos est\u00e9 involucrado en el movimiento militar que se registr\u00f3 en Bolivia el pasado 26 de junio en la plaza Murillo. \u201cHemos visto las falsas acusaciones de la participaci\u00f3n de Estados Unidos en los acontecimientos de Bolivia el 26 de [&hellip;]<\/p>\n","protected":false},"author":1,"featured_media":231639,"comment_status":"open","ping_status":"open","sticky":false,"template":"","format":"standard","meta":{"_acf_changed":false,"footnotes":""},"categories":[39],"tags":[],"class_list":["post-231638","post","type-post","status-publish","format-standard","has-post-thumbnail","category-sociedad"],"acf":{"antetitulo":""},"yoast_head":"<!-- This site is optimized with the Yoast SEO plugin v28.3 - https:\/\/yoast.com\/product\/yoast-seo-wordpress\/ -->\n<title>EEUU tilda de \u2018falsas\u2019 acusaciones que le involucran en hechos del 26 de junio - El Diario - Bolivia<\/title>\n<meta name=\"robots\" content=\"index, follow, max-snippet:-1, max-image-preview:large, max-video-preview:-1\" \/>\n<link rel=\"canonical\" href=\"https:\/\/www.eldiario.net\/portal\/2024\/07\/04\/eeuu-tilda-de-falsas-acusaciones-que-le-involucran-en-hechos-del-26-de-junio\/\" \/>\n<meta property=\"og:locale\" content=\"es_ES\" \/>\n<meta property=\"og:type\" content=\"article\" \/>\n<meta property=\"og:title\" content=\"EEUU tilda de \u2018falsas\u2019 acusaciones que le involucran en hechos del 26 de junio - El Diario - Bolivia\" \/>\n<meta property=\"og:description\" content=\"La portavoz de la Casa Blanca, Karine Jean-Pierre, neg\u00f3 ayer las versiones de que Estados Unidos est\u00e9 involucrado en el movimiento militar que se registr\u00f3 en Bolivia el pasado 26 de junio en la plaza Murillo. \u201cHemos visto las falsas acusaciones de la participaci\u00f3n de Estados Unidos en los acontecimientos de Bolivia el 26 de [&hellip;]\" \/>\n<meta property=\"og:url\" content=\"https:\/\/www.eldiario.net\/portal\/2024\/07\/04\/eeuu-tilda-de-falsas-acusaciones-que-le-involucran-en-hechos-del-26-de-junio\/\" \/>\n<meta property=\"og:site_name\" content=\"El Diario - Bolivia\" \/>\n<meta property=\"article:publisher\" content=\"https:\/\/www.facebook.com\/eldiario.bolivia\/\" \/>\n<meta property=\"article:published_time\" content=\"2024-07-04T10:07:34+00:00\" \/>\n<meta property=\"og:image\" content=\"https:\/\/www.eldiario.net\/portal\/wp-content\/uploads\/2024\/07\/CASA-BLANCA-FOTO.jpg\" \/>\n\t<meta property=\"og:image:width\" content=\"1000\" \/>\n\t<meta property=\"og:image:height\" content=\"611\" \/>\n\t<meta property=\"og:image:type\" content=\"image\/jpeg\" \/>\n<meta name=\"author\" content=\"Jeanette\" \/>\n<meta name=\"twitter:card\" content=\"summary_large_image\" \/>\n<meta name=\"twitter:creator\" content=\"@eldiario_net\" \/>\n<meta name=\"twitter:site\" content=\"@eldiario_net\" \/>\n<meta name=\"twitter:label1\" content=\"Escrito por\" \/>\n\t<meta name=\"twitter:data1\" content=\"Jeanette\" \/>\n\t<meta name=\"twitter:label2\" content=\"Tiempo de lectura\" \/>\n\t<meta name=\"twitter:data2\" content=\"2 minutos\" \/>\n<script type=\"application\/ld+json\" class=\"yoast-schema-graph\">{\"@context\":\"https:\\\/\\\/schema.org\",\"@graph\":[{\"@type\":\"Article\",\"@id\":\"https:\\\/\\\/www.eldiario.net\\\/portal\\\/2024\\\/07\\\/04\\\/eeuu-tilda-de-falsas-acusaciones-que-le-involucran-en-hechos-del-26-de-junio\\\/#article\",\"isPartOf\":{\"@id\":\"https:\\\/\\\/www.eldiario.net\\\/portal\\\/2024\\\/07\\\/04\\\/eeuu-tilda-de-falsas-acusaciones-que-le-involucran-en-hechos-del-26-de-junio\\\/\"},\"author\":{\"name\":\"Jeanette\",\"@id\":\"https:\\\/\\\/www.eldiario.net\\\/portal\\\/#\\\/schema\\\/person\\\/f46445640444750d7d753ccd04ae01b7\"},\"headline\":\"EEUU tilda de \u2018falsas\u2019 acusaciones que le involucran en hechos del 26 de junio\",\"datePublished\":\"2024-07-04T10:07:34+00:00\",\"mainEntityOfPage\":{\"@id\":\"https:\\\/\\\/www.eldiario.net\\\/portal\\\/2024\\\/07\\\/04\\\/eeuu-tilda-de-falsas-acusaciones-que-le-involucran-en-hechos-del-26-de-junio\\\/\"},\"wordCount\":232,\"commentCount\":0,\"publisher\":{\"@id\":\"https:\\\/\\\/www.eldiario.net\\\/portal\\\/#organization\"},\"image\":{\"@id\":\"https:\\\/\\\/www.eldiario.net\\\/portal\\\/2024\\\/07\\\/04\\\/eeuu-tilda-de-falsas-acusaciones-que-le-involucran-en-hechos-del-26-de-junio\\\/#primaryimage\"},\"thumbnailUrl\":\"https:\\\/\\\/www.eldiario.net\\\/portal\\\/wp-content\\\/uploads\\\/2024\\\/07\\\/CASA-BLANCA-FOTO.jpg\",\"articleSection\":[\"Sociedad - Seguridad\"],\"inLanguage\":\"es\",\"potentialAction\":[{\"@type\":\"CommentAction\",\"name\":\"Comment\",\"target\":[\"https:\\\/\\\/www.eldiario.net\\\/portal\\\/2024\\\/07\\\/04\\\/eeuu-tilda-de-falsas-acusaciones-que-le-involucran-en-hechos-del-26-de-junio\\\/#respond\"]}]},{\"@type\":\"WebPage\",\"@id\":\"https:\\\/\\\/www.eldiario.net\\\/portal\\\/2024\\\/07\\\/04\\\/eeuu-tilda-de-falsas-acusaciones-que-le-involucran-en-hechos-del-26-de-junio\\\/\",\"url\":\"https:\\\/\\\/www.eldiario.net\\\/portal\\\/2024\\\/07\\\/04\\\/eeuu-tilda-de-falsas-acusaciones-que-le-involucran-en-hechos-del-26-de-junio\\\/\",\"name\":\"EEUU tilda de \u2018falsas\u2019 acusaciones que le involucran en hechos del 26 de junio - El Diario - Bolivia\",\"isPartOf\":{\"@id\":\"https:\\\/\\\/www.eldiario.net\\\/portal\\\/#website\"},\"primaryImageOfPage\":{\"@id\":\"https:\\\/\\\/www.eldiario.net\\\/portal\\\/2024\\\/07\\\/04\\\/eeuu-tilda-de-falsas-acusaciones-que-le-involucran-en-hechos-del-26-de-junio\\\/#primaryimage\"},\"image\":{\"@id\":\"https:\\\/\\\/www.eldiario.net\\\/portal\\\/2024\\\/07\\\/04\\\/eeuu-tilda-de-falsas-acusaciones-que-le-involucran-en-hechos-del-26-de-junio\\\/#primaryimage\"},\"thumbnailUrl\":\"https:\\\/\\\/www.eldiario.net\\\/portal\\\/wp-content\\\/uploads\\\/2024\\\/07\\\/CASA-BLANCA-FOTO.jpg\",\"datePublished\":\"2024-07-04T10:07:34+00:00\",\"breadcrumb\":{\"@id\":\"https:\\\/\\\/www.eldiario.net\\\/portal\\\/2024\\\/07\\\/04\\\/eeuu-tilda-de-falsas-acusaciones-que-le-involucran-en-hechos-del-26-de-junio\\\/#breadcrumb\"},\"inLanguage\":\"es\",\"potentialAction\":[{\"@type\":\"ReadAction\",\"target\":[\"https:\\\/\\\/www.eldiario.net\\\/portal\\\/2024\\\/07\\\/04\\\/eeuu-tilda-de-falsas-acusaciones-que-le-involucran-en-hechos-del-26-de-junio\\\/\"]}]},{\"@type\":\"ImageObject\",\"inLanguage\":\"es\",\"@id\":\"https:\\\/\\\/www.eldiario.net\\\/portal\\\/2024\\\/07\\\/04\\\/eeuu-tilda-de-falsas-acusaciones-que-le-involucran-en-hechos-del-26-de-junio\\\/#primaryimage\",\"url\":\"https:\\\/\\\/www.eldiario.net\\\/portal\\\/wp-content\\\/uploads\\\/2024\\\/07\\\/CASA-BLANCA-FOTO.jpg\",\"contentUrl\":\"https:\\\/\\\/www.eldiario.net\\\/portal\\\/wp-content\\\/uploads\\\/2024\\\/07\\\/CASA-BLANCA-FOTO.jpg\",\"width\":1000,\"height\":611,\"caption\":\"La portavoz de la Casa Blanca Karine Jean-Pierre. FOTO: RRSS\"},{\"@type\":\"BreadcrumbList\",\"@id\":\"https:\\\/\\\/www.eldiario.net\\\/portal\\\/2024\\\/07\\\/04\\\/eeuu-tilda-de-falsas-acusaciones-que-le-involucran-en-hechos-del-26-de-junio\\\/#breadcrumb\",\"itemListElement\":[{\"@type\":\"ListItem\",\"position\":1,\"name\":\"Portada\",\"item\":\"https:\\\/\\\/www.eldiario.net\\\/portal\\\/\"},{\"@type\":\"ListItem\",\"position\":2,\"name\":\"EEUU tilda de \u2018falsas\u2019 acusaciones que le involucran en hechos del 26 de junio\"}]},{\"@type\":\"WebSite\",\"@id\":\"https:\\\/\\\/www.eldiario.net\\\/portal\\\/#website\",\"url\":\"https:\\\/\\\/www.eldiario.net\\\/portal\\\/\",\"name\":\"El Diario - Decano de la prensa nacional\",\"description\":\"El Diario - Decano de la prensa nacional\",\"publisher\":{\"@id\":\"https:\\\/\\\/www.eldiario.net\\\/portal\\\/#organization\"},\"potentialAction\":[{\"@type\":\"SearchAction\",\"target\":{\"@type\":\"EntryPoint\",\"urlTemplate\":\"https:\\\/\\\/www.eldiario.net\\\/portal\\\/?s={search_term_string}\"},\"query-input\":{\"@type\":\"PropertyValueSpecification\",\"valueRequired\":true,\"valueName\":\"search_term_string\"}}],\"inLanguage\":\"es\"},{\"@type\":\"Organization\",\"@id\":\"https:\\\/\\\/www.eldiario.net\\\/portal\\\/#organization\",\"name\":\"El Diario - Decano de la prensa nacional\",\"url\":\"https:\\\/\\\/www.eldiario.net\\\/portal\\\/\",\"logo\":{\"@type\":\"ImageObject\",\"inLanguage\":\"es\",\"@id\":\"https:\\\/\\\/www.eldiario.net\\\/portal\\\/#\\\/schema\\\/logo\\\/image\\\/\",\"url\":\"https:\\\/\\\/www.eldiario.net\\\/portal\\\/wp-content\\\/uploads\\\/2023\\\/07\\\/logo_ED.jpg\",\"contentUrl\":\"https:\\\/\\\/www.eldiario.net\\\/portal\\\/wp-content\\\/uploads\\\/2023\\\/07\\\/logo_ED.jpg\",\"width\":272,\"height\":52,\"caption\":\"El Diario - Decano de la prensa nacional\"},\"image\":{\"@id\":\"https:\\\/\\\/www.eldiario.net\\\/portal\\\/#\\\/schema\\\/logo\\\/image\\\/\"},\"sameAs\":[\"https:\\\/\\\/www.facebook.com\\\/eldiario.bolivia\\\/\",\"https:\\\/\\\/x.com\\\/eldiario_net\"]},{\"@type\":\"Person\",\"@id\":\"https:\\\/\\\/www.eldiario.net\\\/portal\\\/#\\\/schema\\\/person\\\/f46445640444750d7d753ccd04ae01b7\",\"name\":\"Jeanette\",\"image\":{\"@type\":\"ImageObject\",\"inLanguage\":\"es\",\"@id\":\"https:\\\/\\\/secure.gravatar.com\\\/avatar\\\/3ea2118a5f7dad2b7138b1187a6b7ee55f160b9968b66013c3a3ef39dd7e5798?s=96&d=mm&r=g\",\"url\":\"https:\\\/\\\/secure.gravatar.com\\\/avatar\\\/3ea2118a5f7dad2b7138b1187a6b7ee55f160b9968b66013c3a3ef39dd7e5798?s=96&d=mm&r=g\",\"contentUrl\":\"https:\\\/\\\/secure.gravatar.com\\\/avatar\\\/3ea2118a5f7dad2b7138b1187a6b7ee55f160b9968b66013c3a3ef39dd7e5798?s=96&d=mm&r=g\",\"caption\":\"Jeanette\"},\"sameAs\":[\"https:\\\/\\\/www.eldiario.net\\\/portal\"],\"url\":\"https:\\\/\\\/www.eldiario.net\\\/portal\\\/author\\\/jeanette\\\/\"}]}<\/script>\n<!-- \/ Yoast SEO plugin. -->","yoast_head_json":{"title":"EEUU tilda de \u2018falsas\u2019 acusaciones que le involucran en hechos del 26 de junio - El Diario - Bolivia","robots":{"index":"index","follow":"follow","max-snippet":"max-snippet:-1","max-image-preview":"max-image-preview:large","max-video-preview":"max-video-preview:-1"},"canonical":"https:\/\/www.eldiario.net\/portal\/2024\/07\/04\/eeuu-tilda-de-falsas-acusaciones-que-le-involucran-en-hechos-del-26-de-junio\/","og_locale":"es_ES","og_type":"article","og_title":"EEUU tilda de \u2018falsas\u2019 acusaciones que le involucran en hechos del 26 de junio - El Diario - Bolivia","og_description":"La portavoz de la Casa Blanca, Karine Jean-Pierre, neg\u00f3 ayer las versiones de que Estados Unidos est\u00e9 involucrado en el movimiento militar que se registr\u00f3 en Bolivia el pasado 26 de junio en la plaza Murillo. \u201cHemos visto las falsas acusaciones de la participaci\u00f3n de Estados Unidos en los acontecimientos de Bolivia el 26 de [&hellip;]","og_url":"https:\/\/www.eldiario.net\/portal\/2024\/07\/04\/eeuu-tilda-de-falsas-acusaciones-que-le-involucran-en-hechos-del-26-de-junio\/","og_site_name":"El Diario - Bolivia","article_publisher":"https:\/\/www.facebook.com\/eldiario.bolivia\/","article_published_time":"2024-07-04T10:07:34+00:00","og_image":[{"width":1000,"height":611,"url":"https:\/\/www.eldiario.net\/portal\/wp-content\/uploads\/2024\/07\/CASA-BLANCA-FOTO.jpg","type":"image\/jpeg"}],"author":"Jeanette","twitter_card":"summary_large_image","twitter_creator":"@eldiario_net","twitter_site":"@eldiario_net","twitter_misc":{"Escrito por":"Jeanette","Tiempo de lectura":"2 minutos"},"schema":{"@context":"https:\/\/schema.org","@graph":[{"@type":"Article","@id":"https:\/\/www.eldiario.net\/portal\/2024\/07\/04\/eeuu-tilda-de-falsas-acusaciones-que-le-involucran-en-hechos-del-26-de-junio\/#article","isPartOf":{"@id":"https:\/\/www.eldiario.net\/portal\/2024\/07\/04\/eeuu-tilda-de-falsas-acusaciones-que-le-involucran-en-hechos-del-26-de-junio\/"},"author":{"name":"Jeanette","@id":"https:\/\/www.eldiario.net\/portal\/#\/schema\/person\/f46445640444750d7d753ccd04ae01b7"},"headline":"EEUU tilda de \u2018falsas\u2019 acusaciones que le involucran en hechos del 26 de junio","datePublished":"2024-07-04T10:07:34+00:00","mainEntityOfPage":{"@id":"https:\/\/www.eldiario.net\/portal\/2024\/07\/04\/eeuu-tilda-de-falsas-acusaciones-que-le-involucran-en-hechos-del-26-de-junio\/"},"wordCount":232,"commentCount":0,"publisher":{"@id":"https:\/\/www.eldiario.net\/portal\/#organization"},"image":{"@id":"https:\/\/www.eldiario.net\/portal\/2024\/07\/04\/eeuu-tilda-de-falsas-acusaciones-que-le-involucran-en-hechos-del-26-de-junio\/#primaryimage"},"thumbnailUrl":"https:\/\/www.eldiario.net\/portal\/wp-content\/uploads\/2024\/07\/CASA-BLANCA-FOTO.jpg","articleSection":["Sociedad - Seguridad"],"inLanguage":"es","potentialAction":[{"@type":"CommentAction","name":"Comment","target":["https:\/\/www.eldiario.net\/portal\/2024\/07\/04\/eeuu-tilda-de-falsas-acusaciones-que-le-involucran-en-hechos-del-26-de-junio\/#respond"]}]},{"@type":"WebPage","@id":"https:\/\/www.eldiario.net\/portal\/2024\/07\/04\/eeuu-tilda-de-falsas-acusaciones-que-le-involucran-en-hechos-del-26-de-junio\/","url":"https:\/\/www.eldiario.net\/portal\/2024\/07\/04\/eeuu-tilda-de-falsas-acusaciones-que-le-involucran-en-hechos-del-26-de-junio\/","name":"EEUU tilda de \u2018falsas\u2019 acusaciones que le involucran en hechos del 26 de junio - El Diario - Bolivia","isPartOf":{"@id":"https:\/\/www.eldiario.net\/portal\/#website"},"primaryImageOfPage":{"@id":"https:\/\/www.eldiario.net\/portal\/2024\/07\/04\/eeuu-tilda-de-falsas-acusaciones-que-le-involucran-en-hechos-del-26-de-junio\/#primaryimage"},"image":{"@id":"https:\/\/www.eldiario.net\/portal\/2024\/07\/04\/eeuu-tilda-de-falsas-acusaciones-que-le-involucran-en-hechos-del-26-de-junio\/#primaryimage"},"thumbnailUrl":"https:\/\/www.eldiario.net\/portal\/wp-content\/uploads\/2024\/07\/CASA-BLANCA-FOTO.jpg","datePublished":"2024-07-04T10:07:34+00:00","breadcrumb":{"@id":"https:\/\/www.eldiario.net\/portal\/2024\/07\/04\/eeuu-tilda-de-falsas-acusaciones-que-le-involucran-en-hechos-del-26-de-junio\/#breadcrumb"},"inLanguage":"es","potentialAction":[{"@type":"ReadAction","target":["https:\/\/www.eldiario.net\/portal\/2024\/07\/04\/eeuu-tilda-de-falsas-acusaciones-que-le-involucran-en-hechos-del-26-de-junio\/"]}]},{"@type":"ImageObject","inLanguage":"es","@id":"https:\/\/www.eldiario.net\/portal\/2024\/07\/04\/eeuu-tilda-de-falsas-acusaciones-que-le-involucran-en-hechos-del-26-de-junio\/#primaryimage","url":"https:\/\/www.eldiario.net\/portal\/wp-content\/uploads\/2024\/07\/CASA-BLANCA-FOTO.jpg","contentUrl":"https:\/\/www.eldiario.net\/portal\/wp-content\/uploads\/2024\/07\/CASA-BLANCA-FOTO.jpg","width":1000,"height":611,"caption":"La portavoz de la Casa Blanca Karine Jean-Pierre. FOTO: RRSS"},{"@type":"BreadcrumbList","@id":"https:\/\/www.eldiario.net\/portal\/2024\/07\/04\/eeuu-tilda-de-falsas-acusaciones-que-le-involucran-en-hechos-del-26-de-junio\/#breadcrumb","itemListElement":[{"@type":"ListItem","position":1,"name":"Portada","item":"https:\/\/www.eldiario.net\/portal\/"},{"@type":"ListItem","position":2,"name":"EEUU tilda de \u2018falsas\u2019 acusaciones que le involucran en hechos del 26 de junio"}]},{"@type":"WebSite","@id":"https:\/\/www.eldiario.net\/portal\/#website","url":"https:\/\/www.eldiario.net\/portal\/","name":"El Diario - Decano de la prensa nacional","description":"El Diario - Decano de la prensa nacional","publisher":{"@id":"https:\/\/www.eldiario.net\/portal\/#organization"},"potentialAction":[{"@type":"SearchAction","target":{"@type":"EntryPoint","urlTemplate":"https:\/\/www.eldiario.net\/portal\/?s={search_term_string}"},"query-input":{"@type":"PropertyValueSpecification","valueRequired":true,"valueName":"search_term_string"}}],"inLanguage":"es"},{"@type":"Organization","@id":"https:\/\/www.eldiario.net\/portal\/#organization","name":"El Diario - Decano de la prensa nacional","url":"https:\/\/www.eldiario.net\/portal\/","logo":{"@type":"ImageObject","inLanguage":"es","@id":"https:\/\/www.eldiario.net\/portal\/#\/schema\/logo\/image\/","url":"https:\/\/www.eldiario.net\/portal\/wp-content\/uploads\/2023\/07\/logo_ED.jpg","contentUrl":"https:\/\/www.eldiario.net\/portal\/wp-content\/uploads\/2023\/07\/logo_ED.jpg","width":272,"height":52,"caption":"El Diario - Decano de la prensa nacional"},"image":{"@id":"https:\/\/www.eldiario.net\/portal\/#\/schema\/logo\/image\/"},"sameAs":["https:\/\/www.facebook.com\/eldiario.bolivia\/","https:\/\/x.com\/eldiario_net"]},{"@type":"Person","@id":"https:\/\/www.eldiario.net\/portal\/#\/schema\/person\/f46445640444750d7d753ccd04ae01b7","name":"Jeanette","image":{"@type":"ImageObject","inLanguage":"es","@id":"https:\/\/secure.gravatar.com\/avatar\/3ea2118a5f7dad2b7138b1187a6b7ee55f160b9968b66013c3a3ef39dd7e5798?s=96&d=mm&r=g","url":"https:\/\/secure.gravatar.com\/avatar\/3ea2118a5f7dad2b7138b1187a6b7ee55f160b9968b66013c3a3ef39dd7e5798?s=96&d=mm&r=g","contentUrl":"https:\/\/secure.gravatar.com\/avatar\/3ea2118a5f7dad2b7138b1187a6b7ee55f160b9968b66013c3a3ef39dd7e5798?s=96&d=mm&r=g","caption":"Jeanette"},"sameAs":["https:\/\/www.eldiario.net\/portal"],"url":"https:\/\/www.eldiario.net\/portal\/author\/jeanette\/"}]}},"_links":{"self":[{"href":"https:\/\/www.eldiario.net\/portal\/wp-json\/wp\/v2\/posts\/231638","targetHints":{"allow":["GET"]}}],"collection":[{"href":"https:\/\/www.eldiario.net\/portal\/wp-json\/wp\/v2\/posts"}],"about":[{"href":"https:\/\/www.eldiario.net\/portal\/wp-json\/wp\/v2\/types\/post"}],"author":[{"embeddable":true,"href":"https:\/\/www.eldiario.net\/portal\/wp-json\/wp\/v2\/users\/1"}],"replies":[{"embeddable":true,"href":"https:\/\/www.eldiario.net\/portal\/wp-json\/wp\/v2\/comments?post=231638"}],"version-history":[{"count":1,"href":"https:\/\/www.eldiario.net\/portal\/wp-json\/wp\/v2\/posts\/231638\/revisions"}],"predecessor-version":[{"id":231640,"href":"https:\/\/www.eldiario.net\/portal\/wp-json\/wp\/v2\/posts\/231638\/revisions\/231640"}],"wp:featuredmedia":[{"embeddable":true,"href":"https:\/\/www.eldiario.net\/portal\/wp-json\/wp\/v2\/media\/231639"}],"wp:attachment":[{"href":"https:\/\/www.eldiario.net\/portal\/wp-json\/wp\/v2\/media?parent=231638"}],"wp:term":[{"taxonomy":"category","embeddable":true,"href":"https:\/\/www.eldiario.net\/portal\/wp-json\/wp\/v2\/categories?post=231638"},{"taxonomy":"post_tag","embeddable":true,"href":"https:\/\/www.eldiario.net\/portal\/wp-json\/wp\/v2\/tags?post=231638"}],"curies":[{"name":"wp","href":"https:\/\/api.w.org\/{rel}","templated":true}]}}