{"id":231635,"date":"2024-07-04T06:05:47","date_gmt":"2024-07-04T10:05:47","guid":{"rendered":"https:\/\/www.eldiario.net\/portal\/?p=231635"},"modified":"2024-07-04T06:05:47","modified_gmt":"2024-07-04T10:05:47","slug":"moneda-boliviana-se-devalua-mas-del-40-en-mercado-paralelo","status":"publish","type":"post","link":"https:\/\/www.eldiario.net\/portal\/2024\/07\/04\/moneda-boliviana-se-devalua-mas-del-40-en-mercado-paralelo\/","title":{"rendered":"Moneda boliviana se deval\u00faa m\u00e1s  del 40% en mercado paralelo"},"content":{"rendered":"<p>Ya lo advirtieron medios de comunicaci\u00f3n internacional, que el show pol\u00edtico registrado el pasado mi\u00e9rcoles 26, provoc\u00f3 un alza de la divisa estadounidense en el mercado paralelo, llegando a costar 10 bolivianos un d\u00f3lar. De acuerdo al presidente del Colegio Departamental de Economistas de Tarija, Fernando Romero, el boliviano perdi\u00f3 terreno entre 35% a m\u00e1s del 40%.<\/p>\n<p>Lo registrado el pasado 26 de junio, aceleraron la subida de la divisa estadounidense, debido a que la ciudadan\u00eda ingres\u00f3 en p\u00e1nico, con las experiencias que se tuvo en los a\u00f1os pasados con miembros del ej\u00e9rcito.<\/p>\n<p>Economistas, as\u00ed como opositores indicaron, semanas atr\u00e1s, la situaci\u00f3n cr\u00edtica por la que pasa la econom\u00eda nacional, con falta de carburantes, escasez de d\u00f3lares, abusos de entidades p\u00fablicas a gremialistas y transporte pesado, provoc\u00f3 que el Gobierno haga un show para distraer la atenci\u00f3n de los bolivianos.<\/p>\n<p>En su momento, el consultor financiero, Jaime Dunn, inform\u00f3 que hay 13 tipo de cambio a nivel nacional y depende de la regi\u00f3n para afijar el precio a la moneda extranjera, pero todos est\u00e1n por encima del valor oficial.<\/p>\n<p>La semana pasada los gremialistas informaron que el valor del d\u00f3lar trep\u00f3 a 10 bolivianos en el mercado informal, situaci\u00f3n que provoc\u00f3 un incremento de los productos importados, pero tambi\u00e9n nacionales.<\/p>\n<p>La dirigente de los gremiales Mercedes Quisbert inform\u00f3 que el nuevo incremento se produjo tras lo ocurrido el mi\u00e9rcoles de la semana pasada.<\/p>\n<p>Mientras tanto, los empresarios insistieron el martes en que debe existir un di\u00e1logo entre los sector p\u00fablico y privado para que, de manera conjunta, se pueda salir \u201clo antes posible\u201d para resolver la crisis que atraviesa el pa\u00eds por la falta de d\u00f3lares.<\/p>\n<p>En declaraciones a los medios, el presidente de la Confederaci\u00f3n de Empresarios Privados de Bolivia (CEPB), Giovanni Ortu\u00f1o, reconoci\u00f3 que el conflicto por la falta de d\u00f3lares genera momentos de inseguridad y especulaci\u00f3n para la poblaci\u00f3n, seg\u00fan Erbol.<\/p>\n<p>\u201cUstedes saben que hay una carencia de d\u00f3lares, eso no es algo nuevo, pero lo importante es buscar las formas de salir de esta situaci\u00f3n lo antes posible y la \u00fanica forma es buscando di\u00e1logo y que todos los actores nos pongamos a trabajar en ello\u201d, afirm\u00f3.<\/p>\n","protected":false},"excerpt":{"rendered":"<p>Ya lo advirtieron medios de comunicaci\u00f3n internacional, que el show pol\u00edtico registrado el pasado mi\u00e9rcoles 26, provoc\u00f3 un alza de la divisa estadounidense en el mercado paralelo, llegando a costar 10 bolivianos un d\u00f3lar. De acuerdo al presidente del Colegio Departamental de Economistas de Tarija, Fernando Romero, el boliviano perdi\u00f3 terreno entre 35% a m\u00e1s [&hellip;]<\/p>\n","protected":false},"author":1,"featured_media":231636,"comment_status":"open","ping_status":"open","sticky":false,"template":"","format":"standard","meta":{"_acf_changed":false,"footnotes":""},"categories":[17],"tags":[],"class_list":["post-231635","post","type-post","status-publish","format-standard","has-post-thumbnail","category-principal"],"acf":{"antetitulo":""},"yoast_head":"<!-- This site is optimized with the Yoast SEO plugin v28.3 - https:\/\/yoast.com\/product\/yoast-seo-wordpress\/ -->\n<title>Moneda boliviana se deval\u00faa m\u00e1s del 40% en mercado paralelo - El Diario - Bolivia<\/title>\n<meta name=\"robots\" content=\"index, follow, max-snippet:-1, max-image-preview:large, max-video-preview:-1\" \/>\n<link rel=\"canonical\" href=\"https:\/\/www.eldiario.net\/portal\/2024\/07\/04\/moneda-boliviana-se-devalua-mas-del-40-en-mercado-paralelo\/\" \/>\n<meta property=\"og:locale\" content=\"es_ES\" \/>\n<meta property=\"og:type\" content=\"article\" \/>\n<meta property=\"og:title\" content=\"Moneda boliviana se deval\u00faa m\u00e1s del 40% en mercado paralelo - El Diario - Bolivia\" \/>\n<meta property=\"og:description\" content=\"Ya lo advirtieron medios de comunicaci\u00f3n internacional, que el show pol\u00edtico registrado el pasado mi\u00e9rcoles 26, provoc\u00f3 un alza de la divisa estadounidense en el mercado paralelo, llegando a costar 10 bolivianos un d\u00f3lar. De acuerdo al presidente del Colegio Departamental de Economistas de Tarija, Fernando Romero, el boliviano perdi\u00f3 terreno entre 35% a m\u00e1s [&hellip;]\" \/>\n<meta property=\"og:url\" content=\"https:\/\/www.eldiario.net\/portal\/2024\/07\/04\/moneda-boliviana-se-devalua-mas-del-40-en-mercado-paralelo\/\" \/>\n<meta property=\"og:site_name\" content=\"El Diario - Bolivia\" \/>\n<meta property=\"article:publisher\" content=\"https:\/\/www.facebook.com\/eldiario.bolivia\/\" \/>\n<meta property=\"article:published_time\" content=\"2024-07-04T10:05:47+00:00\" \/>\n<meta property=\"og:image\" content=\"https:\/\/www.eldiario.net\/portal\/wp-content\/uploads\/2024\/07\/ANEDO-FOTO.jpg\" \/>\n\t<meta property=\"og:image:width\" content=\"300\" \/>\n\t<meta property=\"og:image:height\" content=\"168\" \/>\n\t<meta property=\"og:image:type\" content=\"image\/jpeg\" \/>\n<meta name=\"author\" content=\"Jeanette\" \/>\n<meta name=\"twitter:card\" content=\"summary_large_image\" \/>\n<meta name=\"twitter:creator\" content=\"@eldiario_net\" \/>\n<meta name=\"twitter:site\" content=\"@eldiario_net\" \/>\n<meta name=\"twitter:label1\" content=\"Escrito por\" \/>\n\t<meta name=\"twitter:data1\" content=\"Jeanette\" \/>\n\t<meta name=\"twitter:label2\" content=\"Tiempo de lectura\" \/>\n\t<meta name=\"twitter:data2\" content=\"2 minutos\" \/>\n<script type=\"application\/ld+json\" class=\"yoast-schema-graph\">{\"@context\":\"https:\\\/\\\/schema.org\",\"@graph\":[{\"@type\":\"Article\",\"@id\":\"https:\\\/\\\/www.eldiario.net\\\/portal\\\/2024\\\/07\\\/04\\\/moneda-boliviana-se-devalua-mas-del-40-en-mercado-paralelo\\\/#article\",\"isPartOf\":{\"@id\":\"https:\\\/\\\/www.eldiario.net\\\/portal\\\/2024\\\/07\\\/04\\\/moneda-boliviana-se-devalua-mas-del-40-en-mercado-paralelo\\\/\"},\"author\":{\"name\":\"Jeanette\",\"@id\":\"https:\\\/\\\/www.eldiario.net\\\/portal\\\/#\\\/schema\\\/person\\\/f46445640444750d7d753ccd04ae01b7\"},\"headline\":\"Moneda boliviana se deval\u00faa m\u00e1s del 40% en mercado paralelo\",\"datePublished\":\"2024-07-04T10:05:47+00:00\",\"mainEntityOfPage\":{\"@id\":\"https:\\\/\\\/www.eldiario.net\\\/portal\\\/2024\\\/07\\\/04\\\/moneda-boliviana-se-devalua-mas-del-40-en-mercado-paralelo\\\/\"},\"wordCount\":400,\"commentCount\":0,\"publisher\":{\"@id\":\"https:\\\/\\\/www.eldiario.net\\\/portal\\\/#organization\"},\"image\":{\"@id\":\"https:\\\/\\\/www.eldiario.net\\\/portal\\\/2024\\\/07\\\/04\\\/moneda-boliviana-se-devalua-mas-del-40-en-mercado-paralelo\\\/#primaryimage\"},\"thumbnailUrl\":\"https:\\\/\\\/www.eldiario.net\\\/portal\\\/wp-content\\\/uploads\\\/2024\\\/07\\\/ANEDO-FOTO.jpg\",\"articleSection\":[\"Principal\"],\"inLanguage\":\"es\",\"potentialAction\":[{\"@type\":\"CommentAction\",\"name\":\"Comment\",\"target\":[\"https:\\\/\\\/www.eldiario.net\\\/portal\\\/2024\\\/07\\\/04\\\/moneda-boliviana-se-devalua-mas-del-40-en-mercado-paralelo\\\/#respond\"]}]},{\"@type\":\"WebPage\",\"@id\":\"https:\\\/\\\/www.eldiario.net\\\/portal\\\/2024\\\/07\\\/04\\\/moneda-boliviana-se-devalua-mas-del-40-en-mercado-paralelo\\\/\",\"url\":\"https:\\\/\\\/www.eldiario.net\\\/portal\\\/2024\\\/07\\\/04\\\/moneda-boliviana-se-devalua-mas-del-40-en-mercado-paralelo\\\/\",\"name\":\"Moneda boliviana se deval\u00faa m\u00e1s del 40% en mercado paralelo - El Diario - Bolivia\",\"isPartOf\":{\"@id\":\"https:\\\/\\\/www.eldiario.net\\\/portal\\\/#website\"},\"primaryImageOfPage\":{\"@id\":\"https:\\\/\\\/www.eldiario.net\\\/portal\\\/2024\\\/07\\\/04\\\/moneda-boliviana-se-devalua-mas-del-40-en-mercado-paralelo\\\/#primaryimage\"},\"image\":{\"@id\":\"https:\\\/\\\/www.eldiario.net\\\/portal\\\/2024\\\/07\\\/04\\\/moneda-boliviana-se-devalua-mas-del-40-en-mercado-paralelo\\\/#primaryimage\"},\"thumbnailUrl\":\"https:\\\/\\\/www.eldiario.net\\\/portal\\\/wp-content\\\/uploads\\\/2024\\\/07\\\/ANEDO-FOTO.jpg\",\"datePublished\":\"2024-07-04T10:05:47+00:00\",\"breadcrumb\":{\"@id\":\"https:\\\/\\\/www.eldiario.net\\\/portal\\\/2024\\\/07\\\/04\\\/moneda-boliviana-se-devalua-mas-del-40-en-mercado-paralelo\\\/#breadcrumb\"},\"inLanguage\":\"es\",\"potentialAction\":[{\"@type\":\"ReadAction\",\"target\":[\"https:\\\/\\\/www.eldiario.net\\\/portal\\\/2024\\\/07\\\/04\\\/moneda-boliviana-se-devalua-mas-del-40-en-mercado-paralelo\\\/\"]}]},{\"@type\":\"ImageObject\",\"inLanguage\":\"es\",\"@id\":\"https:\\\/\\\/www.eldiario.net\\\/portal\\\/2024\\\/07\\\/04\\\/moneda-boliviana-se-devalua-mas-del-40-en-mercado-paralelo\\\/#primaryimage\",\"url\":\"https:\\\/\\\/www.eldiario.net\\\/portal\\\/wp-content\\\/uploads\\\/2024\\\/07\\\/ANEDO-FOTO.jpg\",\"contentUrl\":\"https:\\\/\\\/www.eldiario.net\\\/portal\\\/wp-content\\\/uploads\\\/2024\\\/07\\\/ANEDO-FOTO.jpg\",\"width\":300,\"height\":168,\"caption\":\"D\u00f3lares escasean en el mercado nacional, mientras en el paralelo el valor de la divisa se incrementa. Foto archivo internet.\"},{\"@type\":\"BreadcrumbList\",\"@id\":\"https:\\\/\\\/www.eldiario.net\\\/portal\\\/2024\\\/07\\\/04\\\/moneda-boliviana-se-devalua-mas-del-40-en-mercado-paralelo\\\/#breadcrumb\",\"itemListElement\":[{\"@type\":\"ListItem\",\"position\":1,\"name\":\"Portada\",\"item\":\"https:\\\/\\\/www.eldiario.net\\\/portal\\\/\"},{\"@type\":\"ListItem\",\"position\":2,\"name\":\"Moneda boliviana se deval\u00faa m\u00e1s del 40% en mercado paralelo\"}]},{\"@type\":\"WebSite\",\"@id\":\"https:\\\/\\\/www.eldiario.net\\\/portal\\\/#website\",\"url\":\"https:\\\/\\\/www.eldiario.net\\\/portal\\\/\",\"name\":\"El Diario - Decano de la prensa nacional\",\"description\":\"El Diario - Decano de la prensa nacional\",\"publisher\":{\"@id\":\"https:\\\/\\\/www.eldiario.net\\\/portal\\\/#organization\"},\"potentialAction\":[{\"@type\":\"SearchAction\",\"target\":{\"@type\":\"EntryPoint\",\"urlTemplate\":\"https:\\\/\\\/www.eldiario.net\\\/portal\\\/?s={search_term_string}\"},\"query-input\":{\"@type\":\"PropertyValueSpecification\",\"valueRequired\":true,\"valueName\":\"search_term_string\"}}],\"inLanguage\":\"es\"},{\"@type\":\"Organization\",\"@id\":\"https:\\\/\\\/www.eldiario.net\\\/portal\\\/#organization\",\"name\":\"El Diario - Decano de la prensa nacional\",\"url\":\"https:\\\/\\\/www.eldiario.net\\\/portal\\\/\",\"logo\":{\"@type\":\"ImageObject\",\"inLanguage\":\"es\",\"@id\":\"https:\\\/\\\/www.eldiario.net\\\/portal\\\/#\\\/schema\\\/logo\\\/image\\\/\",\"url\":\"https:\\\/\\\/www.eldiario.net\\\/portal\\\/wp-content\\\/uploads\\\/2023\\\/07\\\/logo_ED.jpg\",\"contentUrl\":\"https:\\\/\\\/www.eldiario.net\\\/portal\\\/wp-content\\\/uploads\\\/2023\\\/07\\\/logo_ED.jpg\",\"width\":272,\"height\":52,\"caption\":\"El Diario - Decano de la prensa nacional\"},\"image\":{\"@id\":\"https:\\\/\\\/www.eldiario.net\\\/portal\\\/#\\\/schema\\\/logo\\\/image\\\/\"},\"sameAs\":[\"https:\\\/\\\/www.facebook.com\\\/eldiario.bolivia\\\/\",\"https:\\\/\\\/x.com\\\/eldiario_net\"]},{\"@type\":\"Person\",\"@id\":\"https:\\\/\\\/www.eldiario.net\\\/portal\\\/#\\\/schema\\\/person\\\/f46445640444750d7d753ccd04ae01b7\",\"name\":\"Jeanette\",\"image\":{\"@type\":\"ImageObject\",\"inLanguage\":\"es\",\"@id\":\"https:\\\/\\\/secure.gravatar.com\\\/avatar\\\/3ea2118a5f7dad2b7138b1187a6b7ee55f160b9968b66013c3a3ef39dd7e5798?s=96&d=mm&r=g\",\"url\":\"https:\\\/\\\/secure.gravatar.com\\\/avatar\\\/3ea2118a5f7dad2b7138b1187a6b7ee55f160b9968b66013c3a3ef39dd7e5798?s=96&d=mm&r=g\",\"contentUrl\":\"https:\\\/\\\/secure.gravatar.com\\\/avatar\\\/3ea2118a5f7dad2b7138b1187a6b7ee55f160b9968b66013c3a3ef39dd7e5798?s=96&d=mm&r=g\",\"caption\":\"Jeanette\"},\"sameAs\":[\"https:\\\/\\\/www.eldiario.net\\\/portal\"],\"url\":\"https:\\\/\\\/www.eldiario.net\\\/portal\\\/author\\\/jeanette\\\/\"}]}<\/script>\n<!-- \/ Yoast SEO plugin. -->","yoast_head_json":{"title":"Moneda boliviana se deval\u00faa m\u00e1s del 40% en mercado paralelo - El Diario - Bolivia","robots":{"index":"index","follow":"follow","max-snippet":"max-snippet:-1","max-image-preview":"max-image-preview:large","max-video-preview":"max-video-preview:-1"},"canonical":"https:\/\/www.eldiario.net\/portal\/2024\/07\/04\/moneda-boliviana-se-devalua-mas-del-40-en-mercado-paralelo\/","og_locale":"es_ES","og_type":"article","og_title":"Moneda boliviana se deval\u00faa m\u00e1s del 40% en mercado paralelo - El Diario - Bolivia","og_description":"Ya lo advirtieron medios de comunicaci\u00f3n internacional, que el show pol\u00edtico registrado el pasado mi\u00e9rcoles 26, provoc\u00f3 un alza de la divisa estadounidense en el mercado paralelo, llegando a costar 10 bolivianos un d\u00f3lar. De acuerdo al presidente del Colegio Departamental de Economistas de Tarija, Fernando Romero, el boliviano perdi\u00f3 terreno entre 35% a m\u00e1s [&hellip;]","og_url":"https:\/\/www.eldiario.net\/portal\/2024\/07\/04\/moneda-boliviana-se-devalua-mas-del-40-en-mercado-paralelo\/","og_site_name":"El Diario - Bolivia","article_publisher":"https:\/\/www.facebook.com\/eldiario.bolivia\/","article_published_time":"2024-07-04T10:05:47+00:00","og_image":[{"width":300,"height":168,"url":"https:\/\/www.eldiario.net\/portal\/wp-content\/uploads\/2024\/07\/ANEDO-FOTO.jpg","type":"image\/jpeg"}],"author":"Jeanette","twitter_card":"summary_large_image","twitter_creator":"@eldiario_net","twitter_site":"@eldiario_net","twitter_misc":{"Escrito por":"Jeanette","Tiempo de lectura":"2 minutos"},"schema":{"@context":"https:\/\/schema.org","@graph":[{"@type":"Article","@id":"https:\/\/www.eldiario.net\/portal\/2024\/07\/04\/moneda-boliviana-se-devalua-mas-del-40-en-mercado-paralelo\/#article","isPartOf":{"@id":"https:\/\/www.eldiario.net\/portal\/2024\/07\/04\/moneda-boliviana-se-devalua-mas-del-40-en-mercado-paralelo\/"},"author":{"name":"Jeanette","@id":"https:\/\/www.eldiario.net\/portal\/#\/schema\/person\/f46445640444750d7d753ccd04ae01b7"},"headline":"Moneda boliviana se deval\u00faa m\u00e1s del 40% en mercado paralelo","datePublished":"2024-07-04T10:05:47+00:00","mainEntityOfPage":{"@id":"https:\/\/www.eldiario.net\/portal\/2024\/07\/04\/moneda-boliviana-se-devalua-mas-del-40-en-mercado-paralelo\/"},"wordCount":400,"commentCount":0,"publisher":{"@id":"https:\/\/www.eldiario.net\/portal\/#organization"},"image":{"@id":"https:\/\/www.eldiario.net\/portal\/2024\/07\/04\/moneda-boliviana-se-devalua-mas-del-40-en-mercado-paralelo\/#primaryimage"},"thumbnailUrl":"https:\/\/www.eldiario.net\/portal\/wp-content\/uploads\/2024\/07\/ANEDO-FOTO.jpg","articleSection":["Principal"],"inLanguage":"es","potentialAction":[{"@type":"CommentAction","name":"Comment","target":["https:\/\/www.eldiario.net\/portal\/2024\/07\/04\/moneda-boliviana-se-devalua-mas-del-40-en-mercado-paralelo\/#respond"]}]},{"@type":"WebPage","@id":"https:\/\/www.eldiario.net\/portal\/2024\/07\/04\/moneda-boliviana-se-devalua-mas-del-40-en-mercado-paralelo\/","url":"https:\/\/www.eldiario.net\/portal\/2024\/07\/04\/moneda-boliviana-se-devalua-mas-del-40-en-mercado-paralelo\/","name":"Moneda boliviana se deval\u00faa m\u00e1s del 40% en mercado paralelo - El Diario - Bolivia","isPartOf":{"@id":"https:\/\/www.eldiario.net\/portal\/#website"},"primaryImageOfPage":{"@id":"https:\/\/www.eldiario.net\/portal\/2024\/07\/04\/moneda-boliviana-se-devalua-mas-del-40-en-mercado-paralelo\/#primaryimage"},"image":{"@id":"https:\/\/www.eldiario.net\/portal\/2024\/07\/04\/moneda-boliviana-se-devalua-mas-del-40-en-mercado-paralelo\/#primaryimage"},"thumbnailUrl":"https:\/\/www.eldiario.net\/portal\/wp-content\/uploads\/2024\/07\/ANEDO-FOTO.jpg","datePublished":"2024-07-04T10:05:47+00:00","breadcrumb":{"@id":"https:\/\/www.eldiario.net\/portal\/2024\/07\/04\/moneda-boliviana-se-devalua-mas-del-40-en-mercado-paralelo\/#breadcrumb"},"inLanguage":"es","potentialAction":[{"@type":"ReadAction","target":["https:\/\/www.eldiario.net\/portal\/2024\/07\/04\/moneda-boliviana-se-devalua-mas-del-40-en-mercado-paralelo\/"]}]},{"@type":"ImageObject","inLanguage":"es","@id":"https:\/\/www.eldiario.net\/portal\/2024\/07\/04\/moneda-boliviana-se-devalua-mas-del-40-en-mercado-paralelo\/#primaryimage","url":"https:\/\/www.eldiario.net\/portal\/wp-content\/uploads\/2024\/07\/ANEDO-FOTO.jpg","contentUrl":"https:\/\/www.eldiario.net\/portal\/wp-content\/uploads\/2024\/07\/ANEDO-FOTO.jpg","width":300,"height":168,"caption":"D\u00f3lares escasean en el mercado nacional, mientras en el paralelo el valor de la divisa se incrementa. Foto archivo internet."},{"@type":"BreadcrumbList","@id":"https:\/\/www.eldiario.net\/portal\/2024\/07\/04\/moneda-boliviana-se-devalua-mas-del-40-en-mercado-paralelo\/#breadcrumb","itemListElement":[{"@type":"ListItem","position":1,"name":"Portada","item":"https:\/\/www.eldiario.net\/portal\/"},{"@type":"ListItem","position":2,"name":"Moneda boliviana se deval\u00faa m\u00e1s del 40% en mercado paralelo"}]},{"@type":"WebSite","@id":"https:\/\/www.eldiario.net\/portal\/#website","url":"https:\/\/www.eldiario.net\/portal\/","name":"El Diario - Decano de la prensa nacional","description":"El Diario - Decano de la prensa nacional","publisher":{"@id":"https:\/\/www.eldiario.net\/portal\/#organization"},"potentialAction":[{"@type":"SearchAction","target":{"@type":"EntryPoint","urlTemplate":"https:\/\/www.eldiario.net\/portal\/?s={search_term_string}"},"query-input":{"@type":"PropertyValueSpecification","valueRequired":true,"valueName":"search_term_string"}}],"inLanguage":"es"},{"@type":"Organization","@id":"https:\/\/www.eldiario.net\/portal\/#organization","name":"El Diario - Decano de la prensa nacional","url":"https:\/\/www.eldiario.net\/portal\/","logo":{"@type":"ImageObject","inLanguage":"es","@id":"https:\/\/www.eldiario.net\/portal\/#\/schema\/logo\/image\/","url":"https:\/\/www.eldiario.net\/portal\/wp-content\/uploads\/2023\/07\/logo_ED.jpg","contentUrl":"https:\/\/www.eldiario.net\/portal\/wp-content\/uploads\/2023\/07\/logo_ED.jpg","width":272,"height":52,"caption":"El Diario - Decano de la prensa nacional"},"image":{"@id":"https:\/\/www.eldiario.net\/portal\/#\/schema\/logo\/image\/"},"sameAs":["https:\/\/www.facebook.com\/eldiario.bolivia\/","https:\/\/x.com\/eldiario_net"]},{"@type":"Person","@id":"https:\/\/www.eldiario.net\/portal\/#\/schema\/person\/f46445640444750d7d753ccd04ae01b7","name":"Jeanette","image":{"@type":"ImageObject","inLanguage":"es","@id":"https:\/\/secure.gravatar.com\/avatar\/3ea2118a5f7dad2b7138b1187a6b7ee55f160b9968b66013c3a3ef39dd7e5798?s=96&d=mm&r=g","url":"https:\/\/secure.gravatar.com\/avatar\/3ea2118a5f7dad2b7138b1187a6b7ee55f160b9968b66013c3a3ef39dd7e5798?s=96&d=mm&r=g","contentUrl":"https:\/\/secure.gravatar.com\/avatar\/3ea2118a5f7dad2b7138b1187a6b7ee55f160b9968b66013c3a3ef39dd7e5798?s=96&d=mm&r=g","caption":"Jeanette"},"sameAs":["https:\/\/www.eldiario.net\/portal"],"url":"https:\/\/www.eldiario.net\/portal\/author\/jeanette\/"}]}},"_links":{"self":[{"href":"https:\/\/www.eldiario.net\/portal\/wp-json\/wp\/v2\/posts\/231635","targetHints":{"allow":["GET"]}}],"collection":[{"href":"https:\/\/www.eldiario.net\/portal\/wp-json\/wp\/v2\/posts"}],"about":[{"href":"https:\/\/www.eldiario.net\/portal\/wp-json\/wp\/v2\/types\/post"}],"author":[{"embeddable":true,"href":"https:\/\/www.eldiario.net\/portal\/wp-json\/wp\/v2\/users\/1"}],"replies":[{"embeddable":true,"href":"https:\/\/www.eldiario.net\/portal\/wp-json\/wp\/v2\/comments?post=231635"}],"version-history":[{"count":1,"href":"https:\/\/www.eldiario.net\/portal\/wp-json\/wp\/v2\/posts\/231635\/revisions"}],"predecessor-version":[{"id":231637,"href":"https:\/\/www.eldiario.net\/portal\/wp-json\/wp\/v2\/posts\/231635\/revisions\/231637"}],"wp:featuredmedia":[{"embeddable":true,"href":"https:\/\/www.eldiario.net\/portal\/wp-json\/wp\/v2\/media\/231636"}],"wp:attachment":[{"href":"https:\/\/www.eldiario.net\/portal\/wp-json\/wp\/v2\/media?parent=231635"}],"wp:term":[{"taxonomy":"category","embeddable":true,"href":"https:\/\/www.eldiario.net\/portal\/wp-json\/wp\/v2\/categories?post=231635"},{"taxonomy":"post_tag","embeddable":true,"href":"https:\/\/www.eldiario.net\/portal\/wp-json\/wp\/v2\/tags?post=231635"}],"curies":[{"name":"wp","href":"https:\/\/api.w.org\/{rel}","templated":true}]}}