{"id":23161,"date":"2021-08-13T06:16:17","date_gmt":"2021-08-13T10:16:17","guid":{"rendered":"https:\/\/www.eldiario.net\/portal\/?p=23161"},"modified":"2021-08-13T06:16:17","modified_gmt":"2021-08-13T10:16:17","slug":"policia-recaba-imagenes-para-identificacion-de-antisociales","status":"publish","type":"post","link":"https:\/\/www.eldiario.net\/portal\/2021\/08\/13\/policia-recaba-imagenes-para-identificacion-de-antisociales\/","title":{"rendered":"Polic\u00eda recaba im\u00e1genes para identificaci\u00f3n de antisociales"},"content":{"rendered":"<p>Luego del robo de 236.000 d\u00f3lares a la cooperativa minera El Porvenir, en la zona 14 de Mayo de Senkata, de la ciudad de El Alto, la Polic\u00eda recopila im\u00e1genes de las c\u00e1maras de seguridad que captaron el atraco, para identificar a los antisociales.<br \/>\nDe acuerdo con el informe policial, el hecho sucedi\u00f3 en horas de la noche del mi\u00e9rcoles 11, cuando las personas que llevaban la remesa con este monto de dinero, para los trabajadores de este sector minero, quienes fueron interceptados y atracados con revolver en mano.<br \/>\nSeg\u00fan el relato de los propios afectados, los antisociales estaban a bordo de una camioneta, la que intercept\u00f3 al otro motorizado en el que se encontraba el personal minero, transportando el dinero en una ambulancia, hecho sucedido en la zona de Senkata, de la urbe alte\u00f1a.<br \/>\n\u201cLo que tenemos al momento, son datos que pueden bridarnos la mayor posibilidad de lograr aprehender en cualquier momento a los atracadores, porque son antisociales de mucho peligro, debido a que portaban armas de fuego con el que atracaron a este personal del centro minero, adem\u00e1s hubo disparos que gracias a Dios no existi\u00f3 bajas\u201d, indic\u00f3 el comandante regional de la polic\u00eda de El Alto, Leonel Jim\u00e9nez.<br \/>\nDe esta manera, la Polic\u00eda tambi\u00e9n est\u00e1 recurriendo a las c\u00e1maras de vigilancia que existen en dicha zona alte\u00f1a, con la finalidad de poder tener m\u00e1s pistas de los atracadores y lograr identificar a los autores.<br \/>\nMientras los afectados relataron c\u00f3mo sus atracadores con revolver en mano lograron reducirlos, donde uno de ellos al ver qui\u00e9n llevaba la mochila con el dinero, amenaz\u00f3 con quitarle la vida sino le entregaba el bot\u00edn.<br \/>\n\u201cAl ver lo que estaba pasando entr\u00e9 a mi cuarto y logr\u00e9 arrojar la mochila con el dinero debajo de mi catre, pero como me estaba siguiendo, uno de ellos me amenaz\u00f3 si no le entregaba el dinero, por lo que tuve que sacar la mochila debajo del catre y entregarle\u201d, relat\u00f3 uno de los afectados.<br \/>\nSeg\u00fan los datos que se conoce por parte de la Polic\u00eda, este caso ser\u00eda el segundo robo millonario en la que es afectada una cooperativa minera, en la urbe alte\u00f1a, en lo que va de este a\u00f1o, donde se llevaron m\u00e1s de cinco millones de bolivianos, con un modus operandi similar al presente caso.<br \/>\nPor su parte, el dirigente de las cooperativas mineras, Cliomir Huarachi, se\u00f1al\u00f3 que este monto de dinero era para que m\u00e1s de 250 familias sean pagadas como parte de sus salarios, por lo que exige a las autoridades policiales a que intensifiquen la b\u00fasqueda de los antisociales.<\/p>\n<p>&nbsp;<\/p>\n","protected":false},"excerpt":{"rendered":"<p>Luego del robo de 236.000 d\u00f3lares a la cooperativa minera El Porvenir, en la zona 14 de Mayo de Senkata, de la ciudad de El Alto, la Polic\u00eda recopila im\u00e1genes de las c\u00e1maras de seguridad que captaron el atraco, para identificar a los antisociales. De acuerdo con el informe policial, el hecho sucedi\u00f3 en horas [&hellip;]<\/p>\n","protected":false},"author":1,"featured_media":23162,"comment_status":"closed","ping_status":"closed","sticky":false,"template":"","format":"standard","meta":{"_acf_changed":false,"footnotes":""},"categories":[12],"tags":[],"class_list":["post-23161","post","type-post","status-publish","format-standard","has-post-thumbnail","category-nacional"],"acf":{"antetitulo":""},"yoast_head":"<!-- This site is optimized with the Yoast SEO plugin v28.4 - https:\/\/yoast.com\/product\/yoast-seo-wordpress\/ -->\n<title>Polic\u00eda recaba im\u00e1genes para identificaci\u00f3n de antisociales - El Diario - Bolivia<\/title>\n<meta name=\"robots\" content=\"index, follow, max-snippet:-1, max-image-preview:large, max-video-preview:-1\" \/>\n<link rel=\"canonical\" href=\"https:\/\/www.eldiario.net\/portal\/2021\/08\/13\/policia-recaba-imagenes-para-identificacion-de-antisociales\/\" \/>\n<meta property=\"og:locale\" content=\"es_ES\" \/>\n<meta property=\"og:type\" content=\"article\" \/>\n<meta property=\"og:title\" content=\"Polic\u00eda recaba im\u00e1genes para identificaci\u00f3n de antisociales - El Diario - Bolivia\" \/>\n<meta property=\"og:description\" content=\"Luego del robo de 236.000 d\u00f3lares a la cooperativa minera El Porvenir, en la zona 14 de Mayo de Senkata, de la ciudad de El Alto, la Polic\u00eda recopila im\u00e1genes de las c\u00e1maras de seguridad que captaron el atraco, para identificar a los antisociales. De acuerdo con el informe policial, el hecho sucedi\u00f3 en horas [&hellip;]\" \/>\n<meta property=\"og:url\" content=\"https:\/\/www.eldiario.net\/portal\/2021\/08\/13\/policia-recaba-imagenes-para-identificacion-de-antisociales\/\" \/>\n<meta property=\"og:site_name\" content=\"El Diario - Bolivia\" \/>\n<meta property=\"article:publisher\" content=\"https:\/\/www.facebook.com\/eldiario.bolivia\/\" \/>\n<meta property=\"article:published_time\" content=\"2021-08-13T10:16:17+00:00\" \/>\n<meta property=\"og:image\" content=\"https:\/\/www.eldiario.net\/portal\/wp-content\/uploads\/2021\/08\/2AL-3.jpg\" \/>\n\t<meta property=\"og:image:width\" content=\"1\" \/>\n\t<meta property=\"og:image:height\" content=\"1\" \/>\n\t<meta property=\"og:image:type\" content=\"image\/jpeg\" \/>\n<meta name=\"author\" content=\"Jeanette\" \/>\n<meta name=\"twitter:card\" content=\"summary_large_image\" \/>\n<meta name=\"twitter:creator\" content=\"@eldiario_net\" \/>\n<meta name=\"twitter:site\" content=\"@eldiario_net\" \/>\n<meta name=\"twitter:label1\" content=\"Escrito por\" \/>\n\t<meta name=\"twitter:data1\" content=\"Jeanette\" \/>\n\t<meta name=\"twitter:label2\" content=\"Tiempo de lectura\" \/>\n\t<meta name=\"twitter:data2\" content=\"2 minutos\" \/>\n<script type=\"application\/ld+json\" class=\"yoast-schema-graph\">{\"@context\":\"https:\\\/\\\/schema.org\",\"@graph\":[{\"@type\":\"Article\",\"@id\":\"https:\\\/\\\/www.eldiario.net\\\/portal\\\/2021\\\/08\\\/13\\\/policia-recaba-imagenes-para-identificacion-de-antisociales\\\/#article\",\"isPartOf\":{\"@id\":\"https:\\\/\\\/www.eldiario.net\\\/portal\\\/2021\\\/08\\\/13\\\/policia-recaba-imagenes-para-identificacion-de-antisociales\\\/\"},\"author\":{\"name\":\"Jeanette\",\"@id\":\"https:\\\/\\\/www.eldiario.net\\\/portal\\\/#\\\/schema\\\/person\\\/f46445640444750d7d753ccd04ae01b7\"},\"headline\":\"Polic\u00eda recaba im\u00e1genes para identificaci\u00f3n de antisociales\",\"datePublished\":\"2021-08-13T10:16:17+00:00\",\"mainEntityOfPage\":{\"@id\":\"https:\\\/\\\/www.eldiario.net\\\/portal\\\/2021\\\/08\\\/13\\\/policia-recaba-imagenes-para-identificacion-de-antisociales\\\/\"},\"wordCount\":465,\"publisher\":{\"@id\":\"https:\\\/\\\/www.eldiario.net\\\/portal\\\/#organization\"},\"image\":{\"@id\":\"https:\\\/\\\/www.eldiario.net\\\/portal\\\/2021\\\/08\\\/13\\\/policia-recaba-imagenes-para-identificacion-de-antisociales\\\/#primaryimage\"},\"thumbnailUrl\":\"https:\\\/\\\/www.eldiario.net\\\/portal\\\/wp-content\\\/uploads\\\/2021\\\/08\\\/2AL-3.jpg\",\"articleSection\":[\"Nacional\"],\"inLanguage\":\"es\"},{\"@type\":\"WebPage\",\"@id\":\"https:\\\/\\\/www.eldiario.net\\\/portal\\\/2021\\\/08\\\/13\\\/policia-recaba-imagenes-para-identificacion-de-antisociales\\\/\",\"url\":\"https:\\\/\\\/www.eldiario.net\\\/portal\\\/2021\\\/08\\\/13\\\/policia-recaba-imagenes-para-identificacion-de-antisociales\\\/\",\"name\":\"Polic\u00eda recaba im\u00e1genes para identificaci\u00f3n de antisociales - El Diario - Bolivia\",\"isPartOf\":{\"@id\":\"https:\\\/\\\/www.eldiario.net\\\/portal\\\/#website\"},\"primaryImageOfPage\":{\"@id\":\"https:\\\/\\\/www.eldiario.net\\\/portal\\\/2021\\\/08\\\/13\\\/policia-recaba-imagenes-para-identificacion-de-antisociales\\\/#primaryimage\"},\"image\":{\"@id\":\"https:\\\/\\\/www.eldiario.net\\\/portal\\\/2021\\\/08\\\/13\\\/policia-recaba-imagenes-para-identificacion-de-antisociales\\\/#primaryimage\"},\"thumbnailUrl\":\"https:\\\/\\\/www.eldiario.net\\\/portal\\\/wp-content\\\/uploads\\\/2021\\\/08\\\/2AL-3.jpg\",\"datePublished\":\"2021-08-13T10:16:17+00:00\",\"breadcrumb\":{\"@id\":\"https:\\\/\\\/www.eldiario.net\\\/portal\\\/2021\\\/08\\\/13\\\/policia-recaba-imagenes-para-identificacion-de-antisociales\\\/#breadcrumb\"},\"inLanguage\":\"es\",\"potentialAction\":[{\"@type\":\"ReadAction\",\"target\":[\"https:\\\/\\\/www.eldiario.net\\\/portal\\\/2021\\\/08\\\/13\\\/policia-recaba-imagenes-para-identificacion-de-antisociales\\\/\"]}]},{\"@type\":\"ImageObject\",\"inLanguage\":\"es\",\"@id\":\"https:\\\/\\\/www.eldiario.net\\\/portal\\\/2021\\\/08\\\/13\\\/policia-recaba-imagenes-para-identificacion-de-antisociales\\\/#primaryimage\",\"url\":\"https:\\\/\\\/www.eldiario.net\\\/portal\\\/wp-content\\\/uploads\\\/2021\\\/08\\\/2AL-3.jpg\",\"contentUrl\":\"https:\\\/\\\/www.eldiario.net\\\/portal\\\/wp-content\\\/uploads\\\/2021\\\/08\\\/2AL-3.jpg\",\"caption\":\"Es posible que las c\u00e1maras identifiquen a los ladrones.\"},{\"@type\":\"BreadcrumbList\",\"@id\":\"https:\\\/\\\/www.eldiario.net\\\/portal\\\/2021\\\/08\\\/13\\\/policia-recaba-imagenes-para-identificacion-de-antisociales\\\/#breadcrumb\",\"itemListElement\":[{\"@type\":\"ListItem\",\"position\":1,\"name\":\"Portada\",\"item\":\"https:\\\/\\\/www.eldiario.net\\\/portal\\\/\"},{\"@type\":\"ListItem\",\"position\":2,\"name\":\"Polic\u00eda recaba im\u00e1genes para identificaci\u00f3n de antisociales\"}]},{\"@type\":\"WebSite\",\"@id\":\"https:\\\/\\\/www.eldiario.net\\\/portal\\\/#website\",\"url\":\"https:\\\/\\\/www.eldiario.net\\\/portal\\\/\",\"name\":\"El Diario - Decano de la prensa nacional\",\"description\":\"El Diario - Decano de la prensa nacional\",\"publisher\":{\"@id\":\"https:\\\/\\\/www.eldiario.net\\\/portal\\\/#organization\"},\"potentialAction\":[{\"@type\":\"SearchAction\",\"target\":{\"@type\":\"EntryPoint\",\"urlTemplate\":\"https:\\\/\\\/www.eldiario.net\\\/portal\\\/?s={search_term_string}\"},\"query-input\":{\"@type\":\"PropertyValueSpecification\",\"valueRequired\":true,\"valueName\":\"search_term_string\"}}],\"inLanguage\":\"es\"},{\"@type\":\"Organization\",\"@id\":\"https:\\\/\\\/www.eldiario.net\\\/portal\\\/#organization\",\"name\":\"El Diario - Decano de la prensa nacional\",\"url\":\"https:\\\/\\\/www.eldiario.net\\\/portal\\\/\",\"logo\":{\"@type\":\"ImageObject\",\"inLanguage\":\"es\",\"@id\":\"https:\\\/\\\/www.eldiario.net\\\/portal\\\/#\\\/schema\\\/logo\\\/image\\\/\",\"url\":\"https:\\\/\\\/www.eldiario.net\\\/portal\\\/wp-content\\\/uploads\\\/2023\\\/07\\\/logo_ED.jpg\",\"contentUrl\":\"https:\\\/\\\/www.eldiario.net\\\/portal\\\/wp-content\\\/uploads\\\/2023\\\/07\\\/logo_ED.jpg\",\"width\":272,\"height\":52,\"caption\":\"El Diario - Decano de la prensa nacional\"},\"image\":{\"@id\":\"https:\\\/\\\/www.eldiario.net\\\/portal\\\/#\\\/schema\\\/logo\\\/image\\\/\"},\"sameAs\":[\"https:\\\/\\\/www.facebook.com\\\/eldiario.bolivia\\\/\",\"https:\\\/\\\/x.com\\\/eldiario_net\"]},{\"@type\":\"Person\",\"@id\":\"https:\\\/\\\/www.eldiario.net\\\/portal\\\/#\\\/schema\\\/person\\\/f46445640444750d7d753ccd04ae01b7\",\"name\":\"Jeanette\",\"image\":{\"@type\":\"ImageObject\",\"inLanguage\":\"es\",\"@id\":\"https:\\\/\\\/secure.gravatar.com\\\/avatar\\\/3ea2118a5f7dad2b7138b1187a6b7ee55f160b9968b66013c3a3ef39dd7e5798?s=96&d=mm&r=g\",\"url\":\"https:\\\/\\\/secure.gravatar.com\\\/avatar\\\/3ea2118a5f7dad2b7138b1187a6b7ee55f160b9968b66013c3a3ef39dd7e5798?s=96&d=mm&r=g\",\"contentUrl\":\"https:\\\/\\\/secure.gravatar.com\\\/avatar\\\/3ea2118a5f7dad2b7138b1187a6b7ee55f160b9968b66013c3a3ef39dd7e5798?s=96&d=mm&r=g\",\"caption\":\"Jeanette\"},\"sameAs\":[\"https:\\\/\\\/www.eldiario.net\\\/portal\"],\"url\":\"https:\\\/\\\/www.eldiario.net\\\/portal\\\/author\\\/jeanette\\\/\"}]}<\/script>\n<!-- \/ Yoast SEO plugin. -->","yoast_head_json":{"title":"Polic\u00eda recaba im\u00e1genes para identificaci\u00f3n de antisociales - El Diario - Bolivia","robots":{"index":"index","follow":"follow","max-snippet":"max-snippet:-1","max-image-preview":"max-image-preview:large","max-video-preview":"max-video-preview:-1"},"canonical":"https:\/\/www.eldiario.net\/portal\/2021\/08\/13\/policia-recaba-imagenes-para-identificacion-de-antisociales\/","og_locale":"es_ES","og_type":"article","og_title":"Polic\u00eda recaba im\u00e1genes para identificaci\u00f3n de antisociales - El Diario - Bolivia","og_description":"Luego del robo de 236.000 d\u00f3lares a la cooperativa minera El Porvenir, en la zona 14 de Mayo de Senkata, de la ciudad de El Alto, la Polic\u00eda recopila im\u00e1genes de las c\u00e1maras de seguridad que captaron el atraco, para identificar a los antisociales. De acuerdo con el informe policial, el hecho sucedi\u00f3 en horas [&hellip;]","og_url":"https:\/\/www.eldiario.net\/portal\/2021\/08\/13\/policia-recaba-imagenes-para-identificacion-de-antisociales\/","og_site_name":"El Diario - Bolivia","article_publisher":"https:\/\/www.facebook.com\/eldiario.bolivia\/","article_published_time":"2021-08-13T10:16:17+00:00","og_image":[{"url":"https:\/\/www.eldiario.net\/portal\/wp-content\/uploads\/2021\/08\/2AL-3.jpg","width":1,"height":1,"type":"image\/jpeg"}],"author":"Jeanette","twitter_card":"summary_large_image","twitter_creator":"@eldiario_net","twitter_site":"@eldiario_net","twitter_misc":{"Escrito por":"Jeanette","Tiempo de lectura":"2 minutos"},"schema":{"@context":"https:\/\/schema.org","@graph":[{"@type":"Article","@id":"https:\/\/www.eldiario.net\/portal\/2021\/08\/13\/policia-recaba-imagenes-para-identificacion-de-antisociales\/#article","isPartOf":{"@id":"https:\/\/www.eldiario.net\/portal\/2021\/08\/13\/policia-recaba-imagenes-para-identificacion-de-antisociales\/"},"author":{"name":"Jeanette","@id":"https:\/\/www.eldiario.net\/portal\/#\/schema\/person\/f46445640444750d7d753ccd04ae01b7"},"headline":"Polic\u00eda recaba im\u00e1genes para identificaci\u00f3n de antisociales","datePublished":"2021-08-13T10:16:17+00:00","mainEntityOfPage":{"@id":"https:\/\/www.eldiario.net\/portal\/2021\/08\/13\/policia-recaba-imagenes-para-identificacion-de-antisociales\/"},"wordCount":465,"publisher":{"@id":"https:\/\/www.eldiario.net\/portal\/#organization"},"image":{"@id":"https:\/\/www.eldiario.net\/portal\/2021\/08\/13\/policia-recaba-imagenes-para-identificacion-de-antisociales\/#primaryimage"},"thumbnailUrl":"https:\/\/www.eldiario.net\/portal\/wp-content\/uploads\/2021\/08\/2AL-3.jpg","articleSection":["Nacional"],"inLanguage":"es"},{"@type":"WebPage","@id":"https:\/\/www.eldiario.net\/portal\/2021\/08\/13\/policia-recaba-imagenes-para-identificacion-de-antisociales\/","url":"https:\/\/www.eldiario.net\/portal\/2021\/08\/13\/policia-recaba-imagenes-para-identificacion-de-antisociales\/","name":"Polic\u00eda recaba im\u00e1genes para identificaci\u00f3n de antisociales - El Diario - Bolivia","isPartOf":{"@id":"https:\/\/www.eldiario.net\/portal\/#website"},"primaryImageOfPage":{"@id":"https:\/\/www.eldiario.net\/portal\/2021\/08\/13\/policia-recaba-imagenes-para-identificacion-de-antisociales\/#primaryimage"},"image":{"@id":"https:\/\/www.eldiario.net\/portal\/2021\/08\/13\/policia-recaba-imagenes-para-identificacion-de-antisociales\/#primaryimage"},"thumbnailUrl":"https:\/\/www.eldiario.net\/portal\/wp-content\/uploads\/2021\/08\/2AL-3.jpg","datePublished":"2021-08-13T10:16:17+00:00","breadcrumb":{"@id":"https:\/\/www.eldiario.net\/portal\/2021\/08\/13\/policia-recaba-imagenes-para-identificacion-de-antisociales\/#breadcrumb"},"inLanguage":"es","potentialAction":[{"@type":"ReadAction","target":["https:\/\/www.eldiario.net\/portal\/2021\/08\/13\/policia-recaba-imagenes-para-identificacion-de-antisociales\/"]}]},{"@type":"ImageObject","inLanguage":"es","@id":"https:\/\/www.eldiario.net\/portal\/2021\/08\/13\/policia-recaba-imagenes-para-identificacion-de-antisociales\/#primaryimage","url":"https:\/\/www.eldiario.net\/portal\/wp-content\/uploads\/2021\/08\/2AL-3.jpg","contentUrl":"https:\/\/www.eldiario.net\/portal\/wp-content\/uploads\/2021\/08\/2AL-3.jpg","caption":"Es posible que las c\u00e1maras identifiquen a los ladrones."},{"@type":"BreadcrumbList","@id":"https:\/\/www.eldiario.net\/portal\/2021\/08\/13\/policia-recaba-imagenes-para-identificacion-de-antisociales\/#breadcrumb","itemListElement":[{"@type":"ListItem","position":1,"name":"Portada","item":"https:\/\/www.eldiario.net\/portal\/"},{"@type":"ListItem","position":2,"name":"Polic\u00eda recaba im\u00e1genes para identificaci\u00f3n de antisociales"}]},{"@type":"WebSite","@id":"https:\/\/www.eldiario.net\/portal\/#website","url":"https:\/\/www.eldiario.net\/portal\/","name":"El Diario - Decano de la prensa nacional","description":"El Diario - Decano de la prensa nacional","publisher":{"@id":"https:\/\/www.eldiario.net\/portal\/#organization"},"potentialAction":[{"@type":"SearchAction","target":{"@type":"EntryPoint","urlTemplate":"https:\/\/www.eldiario.net\/portal\/?s={search_term_string}"},"query-input":{"@type":"PropertyValueSpecification","valueRequired":true,"valueName":"search_term_string"}}],"inLanguage":"es"},{"@type":"Organization","@id":"https:\/\/www.eldiario.net\/portal\/#organization","name":"El Diario - Decano de la prensa nacional","url":"https:\/\/www.eldiario.net\/portal\/","logo":{"@type":"ImageObject","inLanguage":"es","@id":"https:\/\/www.eldiario.net\/portal\/#\/schema\/logo\/image\/","url":"https:\/\/www.eldiario.net\/portal\/wp-content\/uploads\/2023\/07\/logo_ED.jpg","contentUrl":"https:\/\/www.eldiario.net\/portal\/wp-content\/uploads\/2023\/07\/logo_ED.jpg","width":272,"height":52,"caption":"El Diario - Decano de la prensa nacional"},"image":{"@id":"https:\/\/www.eldiario.net\/portal\/#\/schema\/logo\/image\/"},"sameAs":["https:\/\/www.facebook.com\/eldiario.bolivia\/","https:\/\/x.com\/eldiario_net"]},{"@type":"Person","@id":"https:\/\/www.eldiario.net\/portal\/#\/schema\/person\/f46445640444750d7d753ccd04ae01b7","name":"Jeanette","image":{"@type":"ImageObject","inLanguage":"es","@id":"https:\/\/secure.gravatar.com\/avatar\/3ea2118a5f7dad2b7138b1187a6b7ee55f160b9968b66013c3a3ef39dd7e5798?s=96&d=mm&r=g","url":"https:\/\/secure.gravatar.com\/avatar\/3ea2118a5f7dad2b7138b1187a6b7ee55f160b9968b66013c3a3ef39dd7e5798?s=96&d=mm&r=g","contentUrl":"https:\/\/secure.gravatar.com\/avatar\/3ea2118a5f7dad2b7138b1187a6b7ee55f160b9968b66013c3a3ef39dd7e5798?s=96&d=mm&r=g","caption":"Jeanette"},"sameAs":["https:\/\/www.eldiario.net\/portal"],"url":"https:\/\/www.eldiario.net\/portal\/author\/jeanette\/"}]}},"_links":{"self":[{"href":"https:\/\/www.eldiario.net\/portal\/wp-json\/wp\/v2\/posts\/23161","targetHints":{"allow":["GET"]}}],"collection":[{"href":"https:\/\/www.eldiario.net\/portal\/wp-json\/wp\/v2\/posts"}],"about":[{"href":"https:\/\/www.eldiario.net\/portal\/wp-json\/wp\/v2\/types\/post"}],"author":[{"embeddable":true,"href":"https:\/\/www.eldiario.net\/portal\/wp-json\/wp\/v2\/users\/1"}],"replies":[{"embeddable":true,"href":"https:\/\/www.eldiario.net\/portal\/wp-json\/wp\/v2\/comments?post=23161"}],"version-history":[{"count":0,"href":"https:\/\/www.eldiario.net\/portal\/wp-json\/wp\/v2\/posts\/23161\/revisions"}],"wp:featuredmedia":[{"embeddable":true,"href":"https:\/\/www.eldiario.net\/portal\/wp-json\/wp\/v2\/media\/23162"}],"wp:attachment":[{"href":"https:\/\/www.eldiario.net\/portal\/wp-json\/wp\/v2\/media?parent=23161"}],"wp:term":[{"taxonomy":"category","embeddable":true,"href":"https:\/\/www.eldiario.net\/portal\/wp-json\/wp\/v2\/categories?post=23161"},{"taxonomy":"post_tag","embeddable":true,"href":"https:\/\/www.eldiario.net\/portal\/wp-json\/wp\/v2\/tags?post=23161"}],"curies":[{"name":"wp","href":"https:\/\/api.w.org\/{rel}","templated":true}]}}