{"id":23157,"date":"2021-08-13T06:15:17","date_gmt":"2021-08-13T10:15:17","guid":{"rendered":"https:\/\/www.eldiario.net\/portal\/?p=23157"},"modified":"2021-08-13T06:15:17","modified_gmt":"2021-08-13T10:15:17","slug":"militares-posesionados-en-cargos-altos-del-ejercito-no-cumplen-requisitos","status":"publish","type":"post","link":"https:\/\/www.eldiario.net\/portal\/2021\/08\/13\/militares-posesionados-en-cargos-altos-del-ejercito-no-cumplen-requisitos\/","title":{"rendered":"Militares posesionados en cargos altos  del Ej\u00e9rcito no cumplen requisitos"},"content":{"rendered":"<p>La posesi\u00f3n del coronel Juan Jos\u00e9 Z\u00fa\u00f1iga como Jefe de Estado Mayor del Ej\u00e9rcito y el coronel Alex Baldivieso como Inspector General del Ej\u00e9rcito, el pasado 9 de agosto, causaron malestar en la entidad castrense porque ninguno cumple con los requisitos exigidos por normas militares, manifest\u00f3 a EL DIARIO el coronel en servicio pasivo del Ej\u00e9rcito Jorge Santistevan. Este medio busc\u00f3 una versi\u00f3n oficial pero no obtuvo respuesta.<br \/>\nSantistevan precis\u00f3 que Z\u00fa\u00f1iga es de la promoci\u00f3n de 1990 y ni siquiera postul\u00f3 al ascenso de grado a general.<br \/>\n\u201cNo tiene los m\u00e9ritos profesionales para ocupar el cargo\u201d, dijo.<br \/>\nAcot\u00f3 que el Inspector General del Ej\u00e9rcito tambi\u00e9n es de la promoci\u00f3n 1990 y antes ocupaba el cargo de Jefe del Departamento III de Operaciones.<br \/>\n\u201cBaldivieso es el s\u00e9ptimo de curso en el grado de coronel y onceavo en la lista para ascenso al grado de general, resultante del proceso de ascensos llevado a cabo en la gesti\u00f3n 2020\u201d, acot\u00f3.<br \/>\nSantistevan manifest\u00f3 que la designaci\u00f3n de las nuevas autoridades demuestra un \u201cverdadero desprecio por la instituci\u00f3n castrense\u201d y sus normas por parte del poder pol\u00edtico porque atenta contra los principios fundamentales de la instituci\u00f3n, la disciplina, la antig\u00fcedad y la jerarqu\u00eda militar.<br \/>\n\u201cEl coronel Baldivieso y otros de la promoci\u00f3n 1990 se est\u00e1n subalternizando ante el coronel Z\u00fa\u00f1iga, un oficial que nunca fue m\u00e1s antiguo que el resto\u201d, lament\u00f3.<\/p>\n<p>ASCENSOS<br \/>\nEl militar agreg\u00f3 que el proceso de evaluaci\u00f3n y calificaci\u00f3n de los ascensos al grado de General de Brigada de la promoci\u00f3n 1990 es un tr\u00e1mite que concluy\u00f3 en la gesti\u00f3n 2020.<br \/>\n\u201cComo resultado existen resoluciones y actas de reuniones del Tribunal Superior de personal de las Fuerzas Armadas, resta que se cumpla con el procedimiento de ratificaci\u00f3n\u201d, precis\u00f3.<br \/>\nSantistevan lament\u00f3 que a la fecha autoridades pol\u00edticas y militares, que tienen responsabilidades en los ascensos del personal militar establecidos en la Constituci\u00f3n Pol\u00edtica del Estado y la Ley Org\u00e1nica de las Fuerzas Armadas (LOFA), adem\u00e1s de reglamentos de la C\u00e1mara de Senadores, no hayan dado cumplimiento a la Sentencia Constitucional 0026\/2021 de fecha 19 de abril de 2021.<br \/>\nEl punto 4 de la Sentencia Constitucional 0026\/2021 se\u00f1ala: \u201cDeterminar que los preceptos normativos cuya inconstitucional es declarada en la presente Sentencia Constitucional Plurinacional, de manera excepcional y temporal sufrir\u00e1n plenos efectos jur\u00eddicos, \u00fanicamente respecto de los tr\u00e1mites de ascensos que se encuentren pendientes y de aquellos que fueron iniciados hasta la publicaci\u00f3n de la ley respectiva\u201d.<br \/>\nEn ese marco, Santistevan aclar\u00f3 que el proceso de evaluaci\u00f3n y calificaci\u00f3n de los ascensos al grado de general de brigada es un tr\u00e1mite que concluy\u00f3 la gesti\u00f3n 2020.<br \/>\n\u201cParece que en el Ministerio de Defensa y en la Asamblea Legislativa han estado tratando de hacer una interpretaci\u00f3n forzada de la Sentencia Constitucional de manera de cambiar la lista de antig\u00fcedades para favorecer a oficiales que no postularon o que no se encuentran entre los 12 con mayor nota\u201d, apunt\u00f3.<\/p>\n<p>COMANDANTE DEL EJ\u00c9RCITO<br \/>\nEl pasado 4 de agosto, el presidente Luis Arce posesion\u00f3 a Hugo Arandia como nuevo Comandante General Accidental del Ej\u00e9rcito, en la oportunidad, Santistevan salud\u00f3 la decisi\u00f3n y asegur\u00f3 que era acorde a los reglamentos y a este caso particular.<br \/>\n\u201cLa designaci\u00f3n es atinada, el general Arandia es de la promoci\u00f3n 1989 y por lo tanto forma parte de la misma promoci\u00f3n del que fue destituido (Miguel \u00c1ngel del Castillo), por razones estrictamente internas y reglamentarias\u201d, aclar\u00f3 en la oportunidad.<br \/>\nAsimismo, dijo que Arandia tiene m\u00e9ritos y buena trayectoria. \u201cEsperamos que conduzca al Ej\u00e9rcito y vaya por la senda del respeto a las leyes, los reglamentos militares, la CPE y vele por todos sus subalternos, que estamos seguros que lo har\u00e1 por su trayectoria,\u201d, apunt\u00f3.<br \/>\nEl militar en servicio pasivo acot\u00f3 que con el nombramiento de Arandia no hay estancamiento en los ascensos porque el presente relevo se trata de una sola persona por asuntos estrictamente internos y que no afecta el orden correspondiente de promociones.<br \/>\n\u201cEst\u00e1 a prueba su capacidad y honestidad, caso contrario la sociedad militar lo juzgar\u00e1 y ser\u00e1 identificado como una de las personas no gratas en la familia militar y la sociedad boliviana\u201d, dijo el d\u00eda de la posesi\u00f3n.<\/p>\n<p>LOFA<\/p>\n<p>Art\u00edculo 71.- Para ejercer el cargo de Jefe de Estado Mayor General de Fuerza se requiere:<br \/>\na. Ser boliviano de origen.<br \/>\nb. Tener el grado de General de Divisi\u00f3n o Brigada en el Ej\u00e9rcito o sus equivalentes en la Fuerza A\u00e9rea y en la Fuerza Naval.<br \/>\nc. En la Fuerza A\u00e9rea: Ser aviador militar en la categor\u00eda de Comandante.<br \/>\nd. Preferentemente, haber desempe\u00f1ado el cargo de:<br \/>\n21. Jefe de Departamento del Comando en Jefe o de Fuerza.<br \/>\n22. Comandante de Gran Unidad o sus equivalentes.<br \/>\ne. Tener un legajo personal de servicios que constituyan ejemplo de capacidad, honestidad, virtudes militares y morales.<\/p>\n<p>Art\u00edculo 76.- Para ser Inspector General de Fuerza se requiere:<br \/>\na. Ser boliviano de origen.<br \/>\nb. Tener grado de General de Divisi\u00f3n o Brigada en el Ej\u00e9rcito o sus equivalentes en la Fuerza A\u00e9rea y la Fuerza Naval.<br \/>\nc. Preferentemente haber desempe\u00f1ado el cargo de:<br \/>\n1. Jefe del Departamento del Estado Mayor General de su Fuerza.<br \/>\n2. Comandante de Gran Unidad o sus equivalentes.<br \/>\nd. Tener un legajo personal de servicio que constituya ejemplo de capacidad, honestidad, virtudes militares y morales.<\/p>\n<figure id=\"attachment_23159\" aria-describedby=\"caption-attachment-23159\" style=\"width: 226px\" class=\"wp-caption aligncenter\"><a href=\"https:\/\/www.eldiario.net\/portal\/wp-content\/uploads\/2021\/08\/NUEVOS.jpg\"><img loading=\"lazy\" decoding=\"async\" class=\"size-medium wp-image-23159\" src=\"https:\/\/www.eldiario.net\/portal\/wp-content\/uploads\/2021\/08\/NUEVOS-226x300.jpg\" alt=\"\" width=\"226\" height=\"300\" \/><\/a><figcaption id=\"caption-attachment-23159\" class=\"wp-caption-text\">EL JEFE DE ESTADO MAYOR DEL EJ\u00c9RCITO, CORONEL JUAN JOS\u00c9 Z\u00da\u00d1IGA, Y EL CORONEL ALEX BALDIVIESO, INSPECTOR GENERAL DEL EJ\u00c9RCITO.<\/figcaption><\/figure>\n","protected":false},"excerpt":{"rendered":"<p>La posesi\u00f3n del coronel Juan Jos\u00e9 Z\u00fa\u00f1iga como Jefe de Estado Mayor del Ej\u00e9rcito y el coronel Alex Baldivieso como Inspector General del Ej\u00e9rcito, el pasado 9 de agosto, causaron malestar en la entidad castrense porque ninguno cumple con los requisitos exigidos por normas militares, manifest\u00f3 a EL DIARIO el coronel en servicio pasivo del [&hellip;]<\/p>\n","protected":false},"author":1,"featured_media":23158,"comment_status":"closed","ping_status":"closed","sticky":false,"template":"","format":"standard","meta":{"_acf_changed":false,"footnotes":""},"categories":[39],"tags":[],"class_list":["post-23157","post","type-post","status-publish","format-standard","has-post-thumbnail","category-sociedad"],"acf":{"antetitulo":""},"yoast_head":"<!-- This site is optimized with the Yoast SEO plugin v28.4 - https:\/\/yoast.com\/product\/yoast-seo-wordpress\/ -->\n<title>Militares posesionados en cargos altos del Ej\u00e9rcito no cumplen requisitos - El Diario - Bolivia<\/title>\n<meta name=\"robots\" content=\"index, follow, max-snippet:-1, max-image-preview:large, max-video-preview:-1\" \/>\n<link rel=\"canonical\" href=\"https:\/\/www.eldiario.net\/portal\/2021\/08\/13\/militares-posesionados-en-cargos-altos-del-ejercito-no-cumplen-requisitos\/\" \/>\n<meta property=\"og:locale\" content=\"es_ES\" \/>\n<meta property=\"og:type\" content=\"article\" \/>\n<meta property=\"og:title\" content=\"Militares posesionados en cargos altos del Ej\u00e9rcito no cumplen requisitos - El Diario - Bolivia\" \/>\n<meta property=\"og:description\" content=\"La posesi\u00f3n del coronel Juan Jos\u00e9 Z\u00fa\u00f1iga como Jefe de Estado Mayor del Ej\u00e9rcito y el coronel Alex Baldivieso como Inspector General del Ej\u00e9rcito, el pasado 9 de agosto, causaron malestar en la entidad castrense porque ninguno cumple con los requisitos exigidos por normas militares, manifest\u00f3 a EL DIARIO el coronel en servicio pasivo del [&hellip;]\" \/>\n<meta property=\"og:url\" content=\"https:\/\/www.eldiario.net\/portal\/2021\/08\/13\/militares-posesionados-en-cargos-altos-del-ejercito-no-cumplen-requisitos\/\" \/>\n<meta property=\"og:site_name\" content=\"El Diario - Bolivia\" \/>\n<meta property=\"article:publisher\" content=\"https:\/\/www.facebook.com\/eldiario.bolivia\/\" \/>\n<meta property=\"article:published_time\" content=\"2021-08-13T10:15:17+00:00\" \/>\n<meta name=\"author\" content=\"Jeanette\" \/>\n<meta name=\"twitter:card\" content=\"summary_large_image\" \/>\n<meta name=\"twitter:creator\" content=\"@eldiario_net\" \/>\n<meta name=\"twitter:site\" content=\"@eldiario_net\" \/>\n<meta name=\"twitter:label1\" content=\"Escrito por\" \/>\n\t<meta name=\"twitter:data1\" content=\"Jeanette\" \/>\n\t<meta name=\"twitter:label2\" content=\"Tiempo de lectura\" \/>\n\t<meta name=\"twitter:data2\" content=\"5 minutos\" \/>\n<script type=\"application\/ld+json\" class=\"yoast-schema-graph\">{\"@context\":\"https:\\\/\\\/schema.org\",\"@graph\":[{\"@type\":\"Article\",\"@id\":\"https:\\\/\\\/www.eldiario.net\\\/portal\\\/2021\\\/08\\\/13\\\/militares-posesionados-en-cargos-altos-del-ejercito-no-cumplen-requisitos\\\/#article\",\"isPartOf\":{\"@id\":\"https:\\\/\\\/www.eldiario.net\\\/portal\\\/2021\\\/08\\\/13\\\/militares-posesionados-en-cargos-altos-del-ejercito-no-cumplen-requisitos\\\/\"},\"author\":{\"name\":\"Jeanette\",\"@id\":\"https:\\\/\\\/www.eldiario.net\\\/portal\\\/#\\\/schema\\\/person\\\/f46445640444750d7d753ccd04ae01b7\"},\"headline\":\"Militares posesionados en cargos altos del Ej\u00e9rcito no cumplen requisitos\",\"datePublished\":\"2021-08-13T10:15:17+00:00\",\"mainEntityOfPage\":{\"@id\":\"https:\\\/\\\/www.eldiario.net\\\/portal\\\/2021\\\/08\\\/13\\\/militares-posesionados-en-cargos-altos-del-ejercito-no-cumplen-requisitos\\\/\"},\"wordCount\":964,\"publisher\":{\"@id\":\"https:\\\/\\\/www.eldiario.net\\\/portal\\\/#organization\"},\"image\":{\"@id\":\"https:\\\/\\\/www.eldiario.net\\\/portal\\\/2021\\\/08\\\/13\\\/militares-posesionados-en-cargos-altos-del-ejercito-no-cumplen-requisitos\\\/#primaryimage\"},\"thumbnailUrl\":\"\",\"articleSection\":[\"Sociedad - Seguridad\"],\"inLanguage\":\"es\"},{\"@type\":\"WebPage\",\"@id\":\"https:\\\/\\\/www.eldiario.net\\\/portal\\\/2021\\\/08\\\/13\\\/militares-posesionados-en-cargos-altos-del-ejercito-no-cumplen-requisitos\\\/\",\"url\":\"https:\\\/\\\/www.eldiario.net\\\/portal\\\/2021\\\/08\\\/13\\\/militares-posesionados-en-cargos-altos-del-ejercito-no-cumplen-requisitos\\\/\",\"name\":\"Militares posesionados en cargos altos del Ej\u00e9rcito no cumplen requisitos - El Diario - Bolivia\",\"isPartOf\":{\"@id\":\"https:\\\/\\\/www.eldiario.net\\\/portal\\\/#website\"},\"primaryImageOfPage\":{\"@id\":\"https:\\\/\\\/www.eldiario.net\\\/portal\\\/2021\\\/08\\\/13\\\/militares-posesionados-en-cargos-altos-del-ejercito-no-cumplen-requisitos\\\/#primaryimage\"},\"image\":{\"@id\":\"https:\\\/\\\/www.eldiario.net\\\/portal\\\/2021\\\/08\\\/13\\\/militares-posesionados-en-cargos-altos-del-ejercito-no-cumplen-requisitos\\\/#primaryimage\"},\"thumbnailUrl\":\"\",\"datePublished\":\"2021-08-13T10:15:17+00:00\",\"breadcrumb\":{\"@id\":\"https:\\\/\\\/www.eldiario.net\\\/portal\\\/2021\\\/08\\\/13\\\/militares-posesionados-en-cargos-altos-del-ejercito-no-cumplen-requisitos\\\/#breadcrumb\"},\"inLanguage\":\"es\",\"potentialAction\":[{\"@type\":\"ReadAction\",\"target\":[\"https:\\\/\\\/www.eldiario.net\\\/portal\\\/2021\\\/08\\\/13\\\/militares-posesionados-en-cargos-altos-del-ejercito-no-cumplen-requisitos\\\/\"]}]},{\"@type\":\"ImageObject\",\"inLanguage\":\"es\",\"@id\":\"https:\\\/\\\/www.eldiario.net\\\/portal\\\/2021\\\/08\\\/13\\\/militares-posesionados-en-cargos-altos-del-ejercito-no-cumplen-requisitos\\\/#primaryimage\",\"url\":\"\",\"contentUrl\":\"\"},{\"@type\":\"BreadcrumbList\",\"@id\":\"https:\\\/\\\/www.eldiario.net\\\/portal\\\/2021\\\/08\\\/13\\\/militares-posesionados-en-cargos-altos-del-ejercito-no-cumplen-requisitos\\\/#breadcrumb\",\"itemListElement\":[{\"@type\":\"ListItem\",\"position\":1,\"name\":\"Portada\",\"item\":\"https:\\\/\\\/www.eldiario.net\\\/portal\\\/\"},{\"@type\":\"ListItem\",\"position\":2,\"name\":\"Militares posesionados en cargos altos del Ej\u00e9rcito no cumplen requisitos\"}]},{\"@type\":\"WebSite\",\"@id\":\"https:\\\/\\\/www.eldiario.net\\\/portal\\\/#website\",\"url\":\"https:\\\/\\\/www.eldiario.net\\\/portal\\\/\",\"name\":\"El Diario - Decano de la prensa nacional\",\"description\":\"El Diario - Decano de la prensa nacional\",\"publisher\":{\"@id\":\"https:\\\/\\\/www.eldiario.net\\\/portal\\\/#organization\"},\"potentialAction\":[{\"@type\":\"SearchAction\",\"target\":{\"@type\":\"EntryPoint\",\"urlTemplate\":\"https:\\\/\\\/www.eldiario.net\\\/portal\\\/?s={search_term_string}\"},\"query-input\":{\"@type\":\"PropertyValueSpecification\",\"valueRequired\":true,\"valueName\":\"search_term_string\"}}],\"inLanguage\":\"es\"},{\"@type\":\"Organization\",\"@id\":\"https:\\\/\\\/www.eldiario.net\\\/portal\\\/#organization\",\"name\":\"El Diario - Decano de la prensa nacional\",\"url\":\"https:\\\/\\\/www.eldiario.net\\\/portal\\\/\",\"logo\":{\"@type\":\"ImageObject\",\"inLanguage\":\"es\",\"@id\":\"https:\\\/\\\/www.eldiario.net\\\/portal\\\/#\\\/schema\\\/logo\\\/image\\\/\",\"url\":\"https:\\\/\\\/www.eldiario.net\\\/portal\\\/wp-content\\\/uploads\\\/2023\\\/07\\\/logo_ED.jpg\",\"contentUrl\":\"https:\\\/\\\/www.eldiario.net\\\/portal\\\/wp-content\\\/uploads\\\/2023\\\/07\\\/logo_ED.jpg\",\"width\":272,\"height\":52,\"caption\":\"El Diario - Decano de la prensa nacional\"},\"image\":{\"@id\":\"https:\\\/\\\/www.eldiario.net\\\/portal\\\/#\\\/schema\\\/logo\\\/image\\\/\"},\"sameAs\":[\"https:\\\/\\\/www.facebook.com\\\/eldiario.bolivia\\\/\",\"https:\\\/\\\/x.com\\\/eldiario_net\"]},{\"@type\":\"Person\",\"@id\":\"https:\\\/\\\/www.eldiario.net\\\/portal\\\/#\\\/schema\\\/person\\\/f46445640444750d7d753ccd04ae01b7\",\"name\":\"Jeanette\",\"image\":{\"@type\":\"ImageObject\",\"inLanguage\":\"es\",\"@id\":\"https:\\\/\\\/secure.gravatar.com\\\/avatar\\\/3ea2118a5f7dad2b7138b1187a6b7ee55f160b9968b66013c3a3ef39dd7e5798?s=96&d=mm&r=g\",\"url\":\"https:\\\/\\\/secure.gravatar.com\\\/avatar\\\/3ea2118a5f7dad2b7138b1187a6b7ee55f160b9968b66013c3a3ef39dd7e5798?s=96&d=mm&r=g\",\"contentUrl\":\"https:\\\/\\\/secure.gravatar.com\\\/avatar\\\/3ea2118a5f7dad2b7138b1187a6b7ee55f160b9968b66013c3a3ef39dd7e5798?s=96&d=mm&r=g\",\"caption\":\"Jeanette\"},\"sameAs\":[\"https:\\\/\\\/www.eldiario.net\\\/portal\"],\"url\":\"https:\\\/\\\/www.eldiario.net\\\/portal\\\/author\\\/jeanette\\\/\"}]}<\/script>\n<!-- \/ Yoast SEO plugin. -->","yoast_head_json":{"title":"Militares posesionados en cargos altos del Ej\u00e9rcito no cumplen requisitos - El Diario - Bolivia","robots":{"index":"index","follow":"follow","max-snippet":"max-snippet:-1","max-image-preview":"max-image-preview:large","max-video-preview":"max-video-preview:-1"},"canonical":"https:\/\/www.eldiario.net\/portal\/2021\/08\/13\/militares-posesionados-en-cargos-altos-del-ejercito-no-cumplen-requisitos\/","og_locale":"es_ES","og_type":"article","og_title":"Militares posesionados en cargos altos del Ej\u00e9rcito no cumplen requisitos - El Diario - Bolivia","og_description":"La posesi\u00f3n del coronel Juan Jos\u00e9 Z\u00fa\u00f1iga como Jefe de Estado Mayor del Ej\u00e9rcito y el coronel Alex Baldivieso como Inspector General del Ej\u00e9rcito, el pasado 9 de agosto, causaron malestar en la entidad castrense porque ninguno cumple con los requisitos exigidos por normas militares, manifest\u00f3 a EL DIARIO el coronel en servicio pasivo del [&hellip;]","og_url":"https:\/\/www.eldiario.net\/portal\/2021\/08\/13\/militares-posesionados-en-cargos-altos-del-ejercito-no-cumplen-requisitos\/","og_site_name":"El Diario - Bolivia","article_publisher":"https:\/\/www.facebook.com\/eldiario.bolivia\/","article_published_time":"2021-08-13T10:15:17+00:00","author":"Jeanette","twitter_card":"summary_large_image","twitter_creator":"@eldiario_net","twitter_site":"@eldiario_net","twitter_misc":{"Escrito por":"Jeanette","Tiempo de lectura":"5 minutos"},"schema":{"@context":"https:\/\/schema.org","@graph":[{"@type":"Article","@id":"https:\/\/www.eldiario.net\/portal\/2021\/08\/13\/militares-posesionados-en-cargos-altos-del-ejercito-no-cumplen-requisitos\/#article","isPartOf":{"@id":"https:\/\/www.eldiario.net\/portal\/2021\/08\/13\/militares-posesionados-en-cargos-altos-del-ejercito-no-cumplen-requisitos\/"},"author":{"name":"Jeanette","@id":"https:\/\/www.eldiario.net\/portal\/#\/schema\/person\/f46445640444750d7d753ccd04ae01b7"},"headline":"Militares posesionados en cargos altos del Ej\u00e9rcito no cumplen requisitos","datePublished":"2021-08-13T10:15:17+00:00","mainEntityOfPage":{"@id":"https:\/\/www.eldiario.net\/portal\/2021\/08\/13\/militares-posesionados-en-cargos-altos-del-ejercito-no-cumplen-requisitos\/"},"wordCount":964,"publisher":{"@id":"https:\/\/www.eldiario.net\/portal\/#organization"},"image":{"@id":"https:\/\/www.eldiario.net\/portal\/2021\/08\/13\/militares-posesionados-en-cargos-altos-del-ejercito-no-cumplen-requisitos\/#primaryimage"},"thumbnailUrl":"","articleSection":["Sociedad - Seguridad"],"inLanguage":"es"},{"@type":"WebPage","@id":"https:\/\/www.eldiario.net\/portal\/2021\/08\/13\/militares-posesionados-en-cargos-altos-del-ejercito-no-cumplen-requisitos\/","url":"https:\/\/www.eldiario.net\/portal\/2021\/08\/13\/militares-posesionados-en-cargos-altos-del-ejercito-no-cumplen-requisitos\/","name":"Militares posesionados en cargos altos del Ej\u00e9rcito no cumplen requisitos - El Diario - Bolivia","isPartOf":{"@id":"https:\/\/www.eldiario.net\/portal\/#website"},"primaryImageOfPage":{"@id":"https:\/\/www.eldiario.net\/portal\/2021\/08\/13\/militares-posesionados-en-cargos-altos-del-ejercito-no-cumplen-requisitos\/#primaryimage"},"image":{"@id":"https:\/\/www.eldiario.net\/portal\/2021\/08\/13\/militares-posesionados-en-cargos-altos-del-ejercito-no-cumplen-requisitos\/#primaryimage"},"thumbnailUrl":"","datePublished":"2021-08-13T10:15:17+00:00","breadcrumb":{"@id":"https:\/\/www.eldiario.net\/portal\/2021\/08\/13\/militares-posesionados-en-cargos-altos-del-ejercito-no-cumplen-requisitos\/#breadcrumb"},"inLanguage":"es","potentialAction":[{"@type":"ReadAction","target":["https:\/\/www.eldiario.net\/portal\/2021\/08\/13\/militares-posesionados-en-cargos-altos-del-ejercito-no-cumplen-requisitos\/"]}]},{"@type":"ImageObject","inLanguage":"es","@id":"https:\/\/www.eldiario.net\/portal\/2021\/08\/13\/militares-posesionados-en-cargos-altos-del-ejercito-no-cumplen-requisitos\/#primaryimage","url":"","contentUrl":""},{"@type":"BreadcrumbList","@id":"https:\/\/www.eldiario.net\/portal\/2021\/08\/13\/militares-posesionados-en-cargos-altos-del-ejercito-no-cumplen-requisitos\/#breadcrumb","itemListElement":[{"@type":"ListItem","position":1,"name":"Portada","item":"https:\/\/www.eldiario.net\/portal\/"},{"@type":"ListItem","position":2,"name":"Militares posesionados en cargos altos del Ej\u00e9rcito no cumplen requisitos"}]},{"@type":"WebSite","@id":"https:\/\/www.eldiario.net\/portal\/#website","url":"https:\/\/www.eldiario.net\/portal\/","name":"El Diario - Decano de la prensa nacional","description":"El Diario - Decano de la prensa nacional","publisher":{"@id":"https:\/\/www.eldiario.net\/portal\/#organization"},"potentialAction":[{"@type":"SearchAction","target":{"@type":"EntryPoint","urlTemplate":"https:\/\/www.eldiario.net\/portal\/?s={search_term_string}"},"query-input":{"@type":"PropertyValueSpecification","valueRequired":true,"valueName":"search_term_string"}}],"inLanguage":"es"},{"@type":"Organization","@id":"https:\/\/www.eldiario.net\/portal\/#organization","name":"El Diario - Decano de la prensa nacional","url":"https:\/\/www.eldiario.net\/portal\/","logo":{"@type":"ImageObject","inLanguage":"es","@id":"https:\/\/www.eldiario.net\/portal\/#\/schema\/logo\/image\/","url":"https:\/\/www.eldiario.net\/portal\/wp-content\/uploads\/2023\/07\/logo_ED.jpg","contentUrl":"https:\/\/www.eldiario.net\/portal\/wp-content\/uploads\/2023\/07\/logo_ED.jpg","width":272,"height":52,"caption":"El Diario - Decano de la prensa nacional"},"image":{"@id":"https:\/\/www.eldiario.net\/portal\/#\/schema\/logo\/image\/"},"sameAs":["https:\/\/www.facebook.com\/eldiario.bolivia\/","https:\/\/x.com\/eldiario_net"]},{"@type":"Person","@id":"https:\/\/www.eldiario.net\/portal\/#\/schema\/person\/f46445640444750d7d753ccd04ae01b7","name":"Jeanette","image":{"@type":"ImageObject","inLanguage":"es","@id":"https:\/\/secure.gravatar.com\/avatar\/3ea2118a5f7dad2b7138b1187a6b7ee55f160b9968b66013c3a3ef39dd7e5798?s=96&d=mm&r=g","url":"https:\/\/secure.gravatar.com\/avatar\/3ea2118a5f7dad2b7138b1187a6b7ee55f160b9968b66013c3a3ef39dd7e5798?s=96&d=mm&r=g","contentUrl":"https:\/\/secure.gravatar.com\/avatar\/3ea2118a5f7dad2b7138b1187a6b7ee55f160b9968b66013c3a3ef39dd7e5798?s=96&d=mm&r=g","caption":"Jeanette"},"sameAs":["https:\/\/www.eldiario.net\/portal"],"url":"https:\/\/www.eldiario.net\/portal\/author\/jeanette\/"}]}},"_links":{"self":[{"href":"https:\/\/www.eldiario.net\/portal\/wp-json\/wp\/v2\/posts\/23157","targetHints":{"allow":["GET"]}}],"collection":[{"href":"https:\/\/www.eldiario.net\/portal\/wp-json\/wp\/v2\/posts"}],"about":[{"href":"https:\/\/www.eldiario.net\/portal\/wp-json\/wp\/v2\/types\/post"}],"author":[{"embeddable":true,"href":"https:\/\/www.eldiario.net\/portal\/wp-json\/wp\/v2\/users\/1"}],"replies":[{"embeddable":true,"href":"https:\/\/www.eldiario.net\/portal\/wp-json\/wp\/v2\/comments?post=23157"}],"version-history":[{"count":0,"href":"https:\/\/www.eldiario.net\/portal\/wp-json\/wp\/v2\/posts\/23157\/revisions"}],"wp:attachment":[{"href":"https:\/\/www.eldiario.net\/portal\/wp-json\/wp\/v2\/media?parent=23157"}],"wp:term":[{"taxonomy":"category","embeddable":true,"href":"https:\/\/www.eldiario.net\/portal\/wp-json\/wp\/v2\/categories?post=23157"},{"taxonomy":"post_tag","embeddable":true,"href":"https:\/\/www.eldiario.net\/portal\/wp-json\/wp\/v2\/tags?post=23157"}],"curies":[{"name":"wp","href":"https:\/\/api.w.org\/{rel}","templated":true}]}}