{"id":23154,"date":"2021-08-13T06:13:10","date_gmt":"2021-08-13T10:13:10","guid":{"rendered":"https:\/\/www.eldiario.net\/portal\/?p=23154"},"modified":"2021-08-13T06:13:10","modified_gmt":"2021-08-13T10:13:10","slug":"ortiz-no-se-trato-la-sucesion-constitucional","status":"publish","type":"post","link":"https:\/\/www.eldiario.net\/portal\/2021\/08\/13\/ortiz-no-se-trato-la-sucesion-constitucional\/","title":{"rendered":"Ortiz: \u201cNo se trat\u00f3 la  sucesi\u00f3n constitucional\u201d"},"content":{"rendered":"<p>Oscar Ortiz, exsenador y exministro de Econom\u00eda (2020), asegur\u00f3 ayer que en la \u00fanica reuni\u00f3n de la Universidad Cat\u00f3lica Boliviana (UCB) a la que \u00e9l asisti\u00f3 el 12 de noviembre de 2019, no se trat\u00f3 la sucesi\u00f3n constitucional, sino la recomposici\u00f3n de las directivas de las C\u00e1maras Alta y Baja.<br \/>\nEl exlegislador se present\u00f3 ayer en la Fiscal\u00eda de La Paz para prestar su declaraci\u00f3n, en calidad de testigo, dentro del caso denominado golpe de Estado, donde asegur\u00f3 le hicieron muchas preguntas sobre las reuniones en la UCB.<br \/>\nLa exautoridad precis\u00f3 que el 12 de noviembre de 2019, la Conferencia Episcopal Boliviana lo convoc\u00f3 para participar de una reuni\u00f3n, a la que lleg\u00f3 cuando \u00e9sta ya hab\u00eda iniciado.<br \/>\n\u201cMe han hecho muchas preguntas por las reuniones que se realizaron en la UCB; yo fui convocado por la Conferencia Episcopal a la mitad de la ma\u00f1ana del 12 de noviembre a participar de una reuni\u00f3n por un pedido que realiz\u00f3 en ese momento la exsenadora Adriana Salvatierra y la Diputada Susana Rivero\u201d, dijo Ortiz al salir de su declaraci\u00f3n en la Fiscal\u00eda.<br \/>\nSeg\u00fan Ortiz, las legisladoras (Salvatierra y Rivero) plantearon que la Asamblea Legislativa Plurinacional deb\u00eda tener una \u201crecomposici\u00f3n de sus directivas\u201d, toda vez que los presidentes de ambas c\u00e1maras hab\u00edan renunciado.<br \/>\n\u201cNo se lleg\u00f3 a ninguna decisi\u00f3n primero porque yo tambi\u00e9n manifest\u00e9 que no ten\u00eda condiciones, siendo una sola persona, de asumir una representaci\u00f3n de un conjunto de parlamentarios, que obviamente piensan distinto. Y ellas (Salvatierra y Rivero) tambi\u00e9n manifestaron que ir\u00edan a discutir e informar a su bancada\u201d, relat\u00f3.<br \/>\nEl informe de la Iglesia sostiene que Ortiz tuvo una reuni\u00f3n privada con Salvatierra, Rivero y el Monse\u00f1or Eugenio Scarpellini, ahora fallecido, y que despu\u00e9s de la misma \u201clas representantes del MAS aseguraron la participaci\u00f3n de la bancada del MAS en la sesi\u00f3n de la Asamblea Plurinacional, esa tarde, en la cual reconocer\u00edan a Jeanine A\u00f1ez\u201d.<br \/>\nAl respecto, el exsenador sostuvo que en esa reuni\u00f3n que tuvo con las representantes del MAS no trat\u00f3 el tema de Jeanine A\u00f1ez, sino ellas plantearon una recomposici\u00f3n de la directivas de las c\u00e1maras legislativas.<br \/>\nPor otro lado, el fiscal Omar Mejillones se\u00f1al\u00f3 que Ortiz, en su declaraci\u00f3n, neg\u00f3 que Salvatierra y Rivero hayan aceptado que A\u00f1ez asuma la presidencia.<br \/>\n\u201cLo importante que se\u00f1ala que es que, en realidad, en ning\u00fan momento \u00e9l ha escuchado por parte de Adriana Salvatierra y Susana Rivero que la sucesi\u00f3n iba a caer en la se\u00f1ora Jeanine A\u00f1ez Ch\u00e1vez\u201d, sostuvo el fiscal. (EL DIARIO y Erbol)<\/p>\n","protected":false},"excerpt":{"rendered":"<p>Oscar Ortiz, exsenador y exministro de Econom\u00eda (2020), asegur\u00f3 ayer que en la \u00fanica reuni\u00f3n de la Universidad Cat\u00f3lica Boliviana (UCB) a la que \u00e9l asisti\u00f3 el 12 de noviembre de 2019, no se trat\u00f3 la sucesi\u00f3n constitucional, sino la recomposici\u00f3n de las directivas de las C\u00e1maras Alta y Baja. El exlegislador se present\u00f3 ayer [&hellip;]<\/p>\n","protected":false},"author":1,"featured_media":23155,"comment_status":"closed","ping_status":"closed","sticky":false,"template":"","format":"standard","meta":{"_acf_changed":false,"footnotes":""},"categories":[39],"tags":[],"class_list":["post-23154","post","type-post","status-publish","format-standard","has-post-thumbnail","category-sociedad"],"acf":{"antetitulo":""},"yoast_head":"<!-- This site is optimized with the Yoast SEO plugin v28.4 - https:\/\/yoast.com\/product\/yoast-seo-wordpress\/ -->\n<title>Ortiz: \u201cNo se trat\u00f3 la sucesi\u00f3n constitucional\u201d - El Diario - Bolivia<\/title>\n<meta name=\"robots\" content=\"index, follow, max-snippet:-1, max-image-preview:large, max-video-preview:-1\" \/>\n<link rel=\"canonical\" href=\"https:\/\/www.eldiario.net\/portal\/2021\/08\/13\/ortiz-no-se-trato-la-sucesion-constitucional\/\" \/>\n<meta property=\"og:locale\" content=\"es_ES\" \/>\n<meta property=\"og:type\" content=\"article\" \/>\n<meta property=\"og:title\" content=\"Ortiz: \u201cNo se trat\u00f3 la sucesi\u00f3n constitucional\u201d - El Diario - Bolivia\" \/>\n<meta property=\"og:description\" content=\"Oscar Ortiz, exsenador y exministro de Econom\u00eda (2020), asegur\u00f3 ayer que en la \u00fanica reuni\u00f3n de la Universidad Cat\u00f3lica Boliviana (UCB) a la que \u00e9l asisti\u00f3 el 12 de noviembre de 2019, no se trat\u00f3 la sucesi\u00f3n constitucional, sino la recomposici\u00f3n de las directivas de las C\u00e1maras Alta y Baja. El exlegislador se present\u00f3 ayer [&hellip;]\" \/>\n<meta property=\"og:url\" content=\"https:\/\/www.eldiario.net\/portal\/2021\/08\/13\/ortiz-no-se-trato-la-sucesion-constitucional\/\" \/>\n<meta property=\"og:site_name\" content=\"El Diario - Bolivia\" \/>\n<meta property=\"article:publisher\" content=\"https:\/\/www.facebook.com\/eldiario.bolivia\/\" \/>\n<meta property=\"article:published_time\" content=\"2021-08-13T10:13:10+00:00\" \/>\n<meta name=\"author\" content=\"Jeanette\" \/>\n<meta name=\"twitter:card\" content=\"summary_large_image\" \/>\n<meta name=\"twitter:creator\" content=\"@eldiario_net\" \/>\n<meta name=\"twitter:site\" content=\"@eldiario_net\" \/>\n<meta name=\"twitter:label1\" content=\"Escrito por\" \/>\n\t<meta name=\"twitter:data1\" content=\"Jeanette\" \/>\n\t<meta name=\"twitter:label2\" content=\"Tiempo de lectura\" \/>\n\t<meta name=\"twitter:data2\" content=\"2 minutos\" \/>\n<script type=\"application\/ld+json\" class=\"yoast-schema-graph\">{\"@context\":\"https:\\\/\\\/schema.org\",\"@graph\":[{\"@type\":\"Article\",\"@id\":\"https:\\\/\\\/www.eldiario.net\\\/portal\\\/2021\\\/08\\\/13\\\/ortiz-no-se-trato-la-sucesion-constitucional\\\/#article\",\"isPartOf\":{\"@id\":\"https:\\\/\\\/www.eldiario.net\\\/portal\\\/2021\\\/08\\\/13\\\/ortiz-no-se-trato-la-sucesion-constitucional\\\/\"},\"author\":{\"name\":\"Jeanette\",\"@id\":\"https:\\\/\\\/www.eldiario.net\\\/portal\\\/#\\\/schema\\\/person\\\/f46445640444750d7d753ccd04ae01b7\"},\"headline\":\"Ortiz: \u201cNo se trat\u00f3 la sucesi\u00f3n constitucional\u201d\",\"datePublished\":\"2021-08-13T10:13:10+00:00\",\"mainEntityOfPage\":{\"@id\":\"https:\\\/\\\/www.eldiario.net\\\/portal\\\/2021\\\/08\\\/13\\\/ortiz-no-se-trato-la-sucesion-constitucional\\\/\"},\"wordCount\":465,\"publisher\":{\"@id\":\"https:\\\/\\\/www.eldiario.net\\\/portal\\\/#organization\"},\"image\":{\"@id\":\"https:\\\/\\\/www.eldiario.net\\\/portal\\\/2021\\\/08\\\/13\\\/ortiz-no-se-trato-la-sucesion-constitucional\\\/#primaryimage\"},\"thumbnailUrl\":\"\",\"articleSection\":[\"Sociedad - Seguridad\"],\"inLanguage\":\"es\"},{\"@type\":\"WebPage\",\"@id\":\"https:\\\/\\\/www.eldiario.net\\\/portal\\\/2021\\\/08\\\/13\\\/ortiz-no-se-trato-la-sucesion-constitucional\\\/\",\"url\":\"https:\\\/\\\/www.eldiario.net\\\/portal\\\/2021\\\/08\\\/13\\\/ortiz-no-se-trato-la-sucesion-constitucional\\\/\",\"name\":\"Ortiz: \u201cNo se trat\u00f3 la sucesi\u00f3n constitucional\u201d - El Diario - Bolivia\",\"isPartOf\":{\"@id\":\"https:\\\/\\\/www.eldiario.net\\\/portal\\\/#website\"},\"primaryImageOfPage\":{\"@id\":\"https:\\\/\\\/www.eldiario.net\\\/portal\\\/2021\\\/08\\\/13\\\/ortiz-no-se-trato-la-sucesion-constitucional\\\/#primaryimage\"},\"image\":{\"@id\":\"https:\\\/\\\/www.eldiario.net\\\/portal\\\/2021\\\/08\\\/13\\\/ortiz-no-se-trato-la-sucesion-constitucional\\\/#primaryimage\"},\"thumbnailUrl\":\"\",\"datePublished\":\"2021-08-13T10:13:10+00:00\",\"breadcrumb\":{\"@id\":\"https:\\\/\\\/www.eldiario.net\\\/portal\\\/2021\\\/08\\\/13\\\/ortiz-no-se-trato-la-sucesion-constitucional\\\/#breadcrumb\"},\"inLanguage\":\"es\",\"potentialAction\":[{\"@type\":\"ReadAction\",\"target\":[\"https:\\\/\\\/www.eldiario.net\\\/portal\\\/2021\\\/08\\\/13\\\/ortiz-no-se-trato-la-sucesion-constitucional\\\/\"]}]},{\"@type\":\"ImageObject\",\"inLanguage\":\"es\",\"@id\":\"https:\\\/\\\/www.eldiario.net\\\/portal\\\/2021\\\/08\\\/13\\\/ortiz-no-se-trato-la-sucesion-constitucional\\\/#primaryimage\",\"url\":\"\",\"contentUrl\":\"\"},{\"@type\":\"BreadcrumbList\",\"@id\":\"https:\\\/\\\/www.eldiario.net\\\/portal\\\/2021\\\/08\\\/13\\\/ortiz-no-se-trato-la-sucesion-constitucional\\\/#breadcrumb\",\"itemListElement\":[{\"@type\":\"ListItem\",\"position\":1,\"name\":\"Portada\",\"item\":\"https:\\\/\\\/www.eldiario.net\\\/portal\\\/\"},{\"@type\":\"ListItem\",\"position\":2,\"name\":\"Ortiz: \u201cNo se trat\u00f3 la sucesi\u00f3n constitucional\u201d\"}]},{\"@type\":\"WebSite\",\"@id\":\"https:\\\/\\\/www.eldiario.net\\\/portal\\\/#website\",\"url\":\"https:\\\/\\\/www.eldiario.net\\\/portal\\\/\",\"name\":\"El Diario - Decano de la prensa nacional\",\"description\":\"El Diario - Decano de la prensa nacional\",\"publisher\":{\"@id\":\"https:\\\/\\\/www.eldiario.net\\\/portal\\\/#organization\"},\"potentialAction\":[{\"@type\":\"SearchAction\",\"target\":{\"@type\":\"EntryPoint\",\"urlTemplate\":\"https:\\\/\\\/www.eldiario.net\\\/portal\\\/?s={search_term_string}\"},\"query-input\":{\"@type\":\"PropertyValueSpecification\",\"valueRequired\":true,\"valueName\":\"search_term_string\"}}],\"inLanguage\":\"es\"},{\"@type\":\"Organization\",\"@id\":\"https:\\\/\\\/www.eldiario.net\\\/portal\\\/#organization\",\"name\":\"El Diario - Decano de la prensa nacional\",\"url\":\"https:\\\/\\\/www.eldiario.net\\\/portal\\\/\",\"logo\":{\"@type\":\"ImageObject\",\"inLanguage\":\"es\",\"@id\":\"https:\\\/\\\/www.eldiario.net\\\/portal\\\/#\\\/schema\\\/logo\\\/image\\\/\",\"url\":\"https:\\\/\\\/www.eldiario.net\\\/portal\\\/wp-content\\\/uploads\\\/2023\\\/07\\\/logo_ED.jpg\",\"contentUrl\":\"https:\\\/\\\/www.eldiario.net\\\/portal\\\/wp-content\\\/uploads\\\/2023\\\/07\\\/logo_ED.jpg\",\"width\":272,\"height\":52,\"caption\":\"El Diario - Decano de la prensa nacional\"},\"image\":{\"@id\":\"https:\\\/\\\/www.eldiario.net\\\/portal\\\/#\\\/schema\\\/logo\\\/image\\\/\"},\"sameAs\":[\"https:\\\/\\\/www.facebook.com\\\/eldiario.bolivia\\\/\",\"https:\\\/\\\/x.com\\\/eldiario_net\"]},{\"@type\":\"Person\",\"@id\":\"https:\\\/\\\/www.eldiario.net\\\/portal\\\/#\\\/schema\\\/person\\\/f46445640444750d7d753ccd04ae01b7\",\"name\":\"Jeanette\",\"image\":{\"@type\":\"ImageObject\",\"inLanguage\":\"es\",\"@id\":\"https:\\\/\\\/secure.gravatar.com\\\/avatar\\\/3ea2118a5f7dad2b7138b1187a6b7ee55f160b9968b66013c3a3ef39dd7e5798?s=96&d=mm&r=g\",\"url\":\"https:\\\/\\\/secure.gravatar.com\\\/avatar\\\/3ea2118a5f7dad2b7138b1187a6b7ee55f160b9968b66013c3a3ef39dd7e5798?s=96&d=mm&r=g\",\"contentUrl\":\"https:\\\/\\\/secure.gravatar.com\\\/avatar\\\/3ea2118a5f7dad2b7138b1187a6b7ee55f160b9968b66013c3a3ef39dd7e5798?s=96&d=mm&r=g\",\"caption\":\"Jeanette\"},\"sameAs\":[\"https:\\\/\\\/www.eldiario.net\\\/portal\"],\"url\":\"https:\\\/\\\/www.eldiario.net\\\/portal\\\/author\\\/jeanette\\\/\"}]}<\/script>\n<!-- \/ Yoast SEO plugin. -->","yoast_head_json":{"title":"Ortiz: \u201cNo se trat\u00f3 la sucesi\u00f3n constitucional\u201d - El Diario - Bolivia","robots":{"index":"index","follow":"follow","max-snippet":"max-snippet:-1","max-image-preview":"max-image-preview:large","max-video-preview":"max-video-preview:-1"},"canonical":"https:\/\/www.eldiario.net\/portal\/2021\/08\/13\/ortiz-no-se-trato-la-sucesion-constitucional\/","og_locale":"es_ES","og_type":"article","og_title":"Ortiz: \u201cNo se trat\u00f3 la sucesi\u00f3n constitucional\u201d - El Diario - Bolivia","og_description":"Oscar Ortiz, exsenador y exministro de Econom\u00eda (2020), asegur\u00f3 ayer que en la \u00fanica reuni\u00f3n de la Universidad Cat\u00f3lica Boliviana (UCB) a la que \u00e9l asisti\u00f3 el 12 de noviembre de 2019, no se trat\u00f3 la sucesi\u00f3n constitucional, sino la recomposici\u00f3n de las directivas de las C\u00e1maras Alta y Baja. El exlegislador se present\u00f3 ayer [&hellip;]","og_url":"https:\/\/www.eldiario.net\/portal\/2021\/08\/13\/ortiz-no-se-trato-la-sucesion-constitucional\/","og_site_name":"El Diario - Bolivia","article_publisher":"https:\/\/www.facebook.com\/eldiario.bolivia\/","article_published_time":"2021-08-13T10:13:10+00:00","author":"Jeanette","twitter_card":"summary_large_image","twitter_creator":"@eldiario_net","twitter_site":"@eldiario_net","twitter_misc":{"Escrito por":"Jeanette","Tiempo de lectura":"2 minutos"},"schema":{"@context":"https:\/\/schema.org","@graph":[{"@type":"Article","@id":"https:\/\/www.eldiario.net\/portal\/2021\/08\/13\/ortiz-no-se-trato-la-sucesion-constitucional\/#article","isPartOf":{"@id":"https:\/\/www.eldiario.net\/portal\/2021\/08\/13\/ortiz-no-se-trato-la-sucesion-constitucional\/"},"author":{"name":"Jeanette","@id":"https:\/\/www.eldiario.net\/portal\/#\/schema\/person\/f46445640444750d7d753ccd04ae01b7"},"headline":"Ortiz: \u201cNo se trat\u00f3 la sucesi\u00f3n constitucional\u201d","datePublished":"2021-08-13T10:13:10+00:00","mainEntityOfPage":{"@id":"https:\/\/www.eldiario.net\/portal\/2021\/08\/13\/ortiz-no-se-trato-la-sucesion-constitucional\/"},"wordCount":465,"publisher":{"@id":"https:\/\/www.eldiario.net\/portal\/#organization"},"image":{"@id":"https:\/\/www.eldiario.net\/portal\/2021\/08\/13\/ortiz-no-se-trato-la-sucesion-constitucional\/#primaryimage"},"thumbnailUrl":"","articleSection":["Sociedad - Seguridad"],"inLanguage":"es"},{"@type":"WebPage","@id":"https:\/\/www.eldiario.net\/portal\/2021\/08\/13\/ortiz-no-se-trato-la-sucesion-constitucional\/","url":"https:\/\/www.eldiario.net\/portal\/2021\/08\/13\/ortiz-no-se-trato-la-sucesion-constitucional\/","name":"Ortiz: \u201cNo se trat\u00f3 la sucesi\u00f3n constitucional\u201d - El Diario - Bolivia","isPartOf":{"@id":"https:\/\/www.eldiario.net\/portal\/#website"},"primaryImageOfPage":{"@id":"https:\/\/www.eldiario.net\/portal\/2021\/08\/13\/ortiz-no-se-trato-la-sucesion-constitucional\/#primaryimage"},"image":{"@id":"https:\/\/www.eldiario.net\/portal\/2021\/08\/13\/ortiz-no-se-trato-la-sucesion-constitucional\/#primaryimage"},"thumbnailUrl":"","datePublished":"2021-08-13T10:13:10+00:00","breadcrumb":{"@id":"https:\/\/www.eldiario.net\/portal\/2021\/08\/13\/ortiz-no-se-trato-la-sucesion-constitucional\/#breadcrumb"},"inLanguage":"es","potentialAction":[{"@type":"ReadAction","target":["https:\/\/www.eldiario.net\/portal\/2021\/08\/13\/ortiz-no-se-trato-la-sucesion-constitucional\/"]}]},{"@type":"ImageObject","inLanguage":"es","@id":"https:\/\/www.eldiario.net\/portal\/2021\/08\/13\/ortiz-no-se-trato-la-sucesion-constitucional\/#primaryimage","url":"","contentUrl":""},{"@type":"BreadcrumbList","@id":"https:\/\/www.eldiario.net\/portal\/2021\/08\/13\/ortiz-no-se-trato-la-sucesion-constitucional\/#breadcrumb","itemListElement":[{"@type":"ListItem","position":1,"name":"Portada","item":"https:\/\/www.eldiario.net\/portal\/"},{"@type":"ListItem","position":2,"name":"Ortiz: \u201cNo se trat\u00f3 la sucesi\u00f3n constitucional\u201d"}]},{"@type":"WebSite","@id":"https:\/\/www.eldiario.net\/portal\/#website","url":"https:\/\/www.eldiario.net\/portal\/","name":"El Diario - Decano de la prensa nacional","description":"El Diario - Decano de la prensa nacional","publisher":{"@id":"https:\/\/www.eldiario.net\/portal\/#organization"},"potentialAction":[{"@type":"SearchAction","target":{"@type":"EntryPoint","urlTemplate":"https:\/\/www.eldiario.net\/portal\/?s={search_term_string}"},"query-input":{"@type":"PropertyValueSpecification","valueRequired":true,"valueName":"search_term_string"}}],"inLanguage":"es"},{"@type":"Organization","@id":"https:\/\/www.eldiario.net\/portal\/#organization","name":"El Diario - Decano de la prensa nacional","url":"https:\/\/www.eldiario.net\/portal\/","logo":{"@type":"ImageObject","inLanguage":"es","@id":"https:\/\/www.eldiario.net\/portal\/#\/schema\/logo\/image\/","url":"https:\/\/www.eldiario.net\/portal\/wp-content\/uploads\/2023\/07\/logo_ED.jpg","contentUrl":"https:\/\/www.eldiario.net\/portal\/wp-content\/uploads\/2023\/07\/logo_ED.jpg","width":272,"height":52,"caption":"El Diario - Decano de la prensa nacional"},"image":{"@id":"https:\/\/www.eldiario.net\/portal\/#\/schema\/logo\/image\/"},"sameAs":["https:\/\/www.facebook.com\/eldiario.bolivia\/","https:\/\/x.com\/eldiario_net"]},{"@type":"Person","@id":"https:\/\/www.eldiario.net\/portal\/#\/schema\/person\/f46445640444750d7d753ccd04ae01b7","name":"Jeanette","image":{"@type":"ImageObject","inLanguage":"es","@id":"https:\/\/secure.gravatar.com\/avatar\/3ea2118a5f7dad2b7138b1187a6b7ee55f160b9968b66013c3a3ef39dd7e5798?s=96&d=mm&r=g","url":"https:\/\/secure.gravatar.com\/avatar\/3ea2118a5f7dad2b7138b1187a6b7ee55f160b9968b66013c3a3ef39dd7e5798?s=96&d=mm&r=g","contentUrl":"https:\/\/secure.gravatar.com\/avatar\/3ea2118a5f7dad2b7138b1187a6b7ee55f160b9968b66013c3a3ef39dd7e5798?s=96&d=mm&r=g","caption":"Jeanette"},"sameAs":["https:\/\/www.eldiario.net\/portal"],"url":"https:\/\/www.eldiario.net\/portal\/author\/jeanette\/"}]}},"_links":{"self":[{"href":"https:\/\/www.eldiario.net\/portal\/wp-json\/wp\/v2\/posts\/23154","targetHints":{"allow":["GET"]}}],"collection":[{"href":"https:\/\/www.eldiario.net\/portal\/wp-json\/wp\/v2\/posts"}],"about":[{"href":"https:\/\/www.eldiario.net\/portal\/wp-json\/wp\/v2\/types\/post"}],"author":[{"embeddable":true,"href":"https:\/\/www.eldiario.net\/portal\/wp-json\/wp\/v2\/users\/1"}],"replies":[{"embeddable":true,"href":"https:\/\/www.eldiario.net\/portal\/wp-json\/wp\/v2\/comments?post=23154"}],"version-history":[{"count":0,"href":"https:\/\/www.eldiario.net\/portal\/wp-json\/wp\/v2\/posts\/23154\/revisions"}],"wp:attachment":[{"href":"https:\/\/www.eldiario.net\/portal\/wp-json\/wp\/v2\/media?parent=23154"}],"wp:term":[{"taxonomy":"category","embeddable":true,"href":"https:\/\/www.eldiario.net\/portal\/wp-json\/wp\/v2\/categories?post=23154"},{"taxonomy":"post_tag","embeddable":true,"href":"https:\/\/www.eldiario.net\/portal\/wp-json\/wp\/v2\/tags?post=23154"}],"curies":[{"name":"wp","href":"https:\/\/api.w.org\/{rel}","templated":true}]}}