{"id":23152,"date":"2021-08-13T06:12:06","date_gmt":"2021-08-13T10:12:06","guid":{"rendered":"https:\/\/www.eldiario.net\/portal\/?p=23152"},"modified":"2021-08-13T06:12:06","modified_gmt":"2021-08-13T10:12:06","slug":"pena-maxima-para-mujer-que-asesino-a-su-bebe","status":"publish","type":"post","link":"https:\/\/www.eldiario.net\/portal\/2021\/08\/13\/pena-maxima-para-mujer-que-asesino-a-su-bebe\/","title":{"rendered":"Pena m\u00e1xima para mujer  que asesin\u00f3 a su beb\u00e9"},"content":{"rendered":"<p>Shirley Hura Mamami, de 22 a\u00f1os de edad, fue sentenciada a 30 a\u00f1os de prisi\u00f3n en el penal La Merced, acusada del infanticidio de su hijo reci\u00e9n nacido, a quien abandon\u00f3 en un basurero y fue encontrado sin vida con visibles mordeduras de perros, inform\u00f3 ayer el fiscal departamental de Oruro, Gonzalo \u00c1lvarez.<br \/>\n\u201cEn la audiencia, el Ministerio P\u00fablico ofreci\u00f3 las pruebas el acta de levantamiento legal del cad\u00e1ver, declaraciones testificales, informes policiales de acci\u00f3n directa, protocolo de autopsia m\u00e9dico legal, entre otros elementos que fueron valorados por los miembros del Tribunal que emitieron condena para la acusada\u201d, dijo \u00c1lvarez.<br \/>\nPor su parte, el fiscal de materia, Alexander Casanova, manifest\u00f3 que el 1 de mayo del 2020, aproximadamente a las 3:00 de la madrugada, Shirley, quien estaba embarazada, sinti\u00f3 dolor en el vientre y bruscamente dio a luz a su hijo, lo envolvi\u00f3 en ropa de dormir y luego de unos diez minutos, al ver que el reci\u00e9n nacido no lloraba, ni se mov\u00eda lo dej\u00f3 en una habitaci\u00f3n, al d\u00eda siguiente meti\u00f3 al beb\u00e9 en una bolsa negra, lo llev\u00f3 a la esquina de su casa lo bot\u00f3 a un basurero.<br \/>\nEl mismo d\u00eda, alrededor de las 9:00 horas, una mujer que transitaba por la calle encontr\u00f3 al reci\u00e9n nacido y denunci\u00f3 el hallazgo ante la Polic\u00eda, cuando el personal policial se constituy\u00f3 en el lugar, confirm\u00f3 la existencia del cuerpo sin vida del beb\u00e9 que estaba botado en un basurero y su cuerpo presentaba m\u00faltiples heridas causadas por mordeduras de perros.<br \/>\nDe acuerdo conla autopsia realizada por personal del Instituto de Investigaciones Forenses (IDIF), estableci\u00f3 que la causa de muerte del beb\u00e9 fue hipotermia.<\/p>\n","protected":false},"excerpt":{"rendered":"<p>Shirley Hura Mamami, de 22 a\u00f1os de edad, fue sentenciada a 30 a\u00f1os de prisi\u00f3n en el penal La Merced, acusada del infanticidio de su hijo reci\u00e9n nacido, a quien abandon\u00f3 en un basurero y fue encontrado sin vida con visibles mordeduras de perros, inform\u00f3 ayer el fiscal departamental de Oruro, Gonzalo \u00c1lvarez. \u201cEn la [&hellip;]<\/p>\n","protected":false},"author":1,"featured_media":0,"comment_status":"closed","ping_status":"closed","sticky":false,"template":"","format":"standard","meta":{"_acf_changed":false,"footnotes":""},"categories":[39],"tags":[],"class_list":["post-23152","post","type-post","status-publish","format-standard","category-sociedad"],"acf":{"antetitulo":""},"yoast_head":"<!-- This site is optimized with the Yoast SEO plugin v28.4 - https:\/\/yoast.com\/product\/yoast-seo-wordpress\/ -->\n<title>Pena m\u00e1xima para mujer que asesin\u00f3 a su beb\u00e9 - El Diario - Bolivia<\/title>\n<meta name=\"robots\" content=\"index, follow, max-snippet:-1, max-image-preview:large, max-video-preview:-1\" \/>\n<link rel=\"canonical\" href=\"https:\/\/www.eldiario.net\/portal\/2021\/08\/13\/pena-maxima-para-mujer-que-asesino-a-su-bebe\/\" \/>\n<meta property=\"og:locale\" content=\"es_ES\" \/>\n<meta property=\"og:type\" content=\"article\" \/>\n<meta property=\"og:title\" content=\"Pena m\u00e1xima para mujer que asesin\u00f3 a su beb\u00e9 - El Diario - Bolivia\" \/>\n<meta property=\"og:description\" content=\"Shirley Hura Mamami, de 22 a\u00f1os de edad, fue sentenciada a 30 a\u00f1os de prisi\u00f3n en el penal La Merced, acusada del infanticidio de su hijo reci\u00e9n nacido, a quien abandon\u00f3 en un basurero y fue encontrado sin vida con visibles mordeduras de perros, inform\u00f3 ayer el fiscal departamental de Oruro, Gonzalo \u00c1lvarez. \u201cEn la [&hellip;]\" \/>\n<meta property=\"og:url\" content=\"https:\/\/www.eldiario.net\/portal\/2021\/08\/13\/pena-maxima-para-mujer-que-asesino-a-su-bebe\/\" \/>\n<meta property=\"og:site_name\" content=\"El Diario - Bolivia\" \/>\n<meta property=\"article:publisher\" content=\"https:\/\/www.facebook.com\/eldiario.bolivia\/\" \/>\n<meta property=\"article:published_time\" content=\"2021-08-13T10:12:06+00:00\" \/>\n<meta name=\"author\" content=\"Jeanette\" \/>\n<meta name=\"twitter:card\" content=\"summary_large_image\" \/>\n<meta name=\"twitter:creator\" content=\"@eldiario_net\" \/>\n<meta name=\"twitter:site\" content=\"@eldiario_net\" \/>\n<meta name=\"twitter:label1\" content=\"Escrito por\" \/>\n\t<meta name=\"twitter:data1\" content=\"Jeanette\" \/>\n\t<meta name=\"twitter:label2\" content=\"Tiempo de lectura\" \/>\n\t<meta name=\"twitter:data2\" content=\"2 minutos\" \/>\n<script type=\"application\/ld+json\" class=\"yoast-schema-graph\">{\"@context\":\"https:\\\/\\\/schema.org\",\"@graph\":[{\"@type\":\"Article\",\"@id\":\"https:\\\/\\\/www.eldiario.net\\\/portal\\\/2021\\\/08\\\/13\\\/pena-maxima-para-mujer-que-asesino-a-su-bebe\\\/#article\",\"isPartOf\":{\"@id\":\"https:\\\/\\\/www.eldiario.net\\\/portal\\\/2021\\\/08\\\/13\\\/pena-maxima-para-mujer-que-asesino-a-su-bebe\\\/\"},\"author\":{\"name\":\"Jeanette\",\"@id\":\"https:\\\/\\\/www.eldiario.net\\\/portal\\\/#\\\/schema\\\/person\\\/f46445640444750d7d753ccd04ae01b7\"},\"headline\":\"Pena m\u00e1xima para mujer que asesin\u00f3 a su beb\u00e9\",\"datePublished\":\"2021-08-13T10:12:06+00:00\",\"mainEntityOfPage\":{\"@id\":\"https:\\\/\\\/www.eldiario.net\\\/portal\\\/2021\\\/08\\\/13\\\/pena-maxima-para-mujer-que-asesino-a-su-bebe\\\/\"},\"wordCount\":296,\"publisher\":{\"@id\":\"https:\\\/\\\/www.eldiario.net\\\/portal\\\/#organization\"},\"articleSection\":[\"Sociedad - Seguridad\"],\"inLanguage\":\"es\"},{\"@type\":\"WebPage\",\"@id\":\"https:\\\/\\\/www.eldiario.net\\\/portal\\\/2021\\\/08\\\/13\\\/pena-maxima-para-mujer-que-asesino-a-su-bebe\\\/\",\"url\":\"https:\\\/\\\/www.eldiario.net\\\/portal\\\/2021\\\/08\\\/13\\\/pena-maxima-para-mujer-que-asesino-a-su-bebe\\\/\",\"name\":\"Pena m\u00e1xima para mujer que asesin\u00f3 a su beb\u00e9 - El Diario - Bolivia\",\"isPartOf\":{\"@id\":\"https:\\\/\\\/www.eldiario.net\\\/portal\\\/#website\"},\"datePublished\":\"2021-08-13T10:12:06+00:00\",\"breadcrumb\":{\"@id\":\"https:\\\/\\\/www.eldiario.net\\\/portal\\\/2021\\\/08\\\/13\\\/pena-maxima-para-mujer-que-asesino-a-su-bebe\\\/#breadcrumb\"},\"inLanguage\":\"es\",\"potentialAction\":[{\"@type\":\"ReadAction\",\"target\":[\"https:\\\/\\\/www.eldiario.net\\\/portal\\\/2021\\\/08\\\/13\\\/pena-maxima-para-mujer-que-asesino-a-su-bebe\\\/\"]}]},{\"@type\":\"BreadcrumbList\",\"@id\":\"https:\\\/\\\/www.eldiario.net\\\/portal\\\/2021\\\/08\\\/13\\\/pena-maxima-para-mujer-que-asesino-a-su-bebe\\\/#breadcrumb\",\"itemListElement\":[{\"@type\":\"ListItem\",\"position\":1,\"name\":\"Portada\",\"item\":\"https:\\\/\\\/www.eldiario.net\\\/portal\\\/\"},{\"@type\":\"ListItem\",\"position\":2,\"name\":\"Pena m\u00e1xima para mujer que asesin\u00f3 a su beb\u00e9\"}]},{\"@type\":\"WebSite\",\"@id\":\"https:\\\/\\\/www.eldiario.net\\\/portal\\\/#website\",\"url\":\"https:\\\/\\\/www.eldiario.net\\\/portal\\\/\",\"name\":\"El Diario - Decano de la prensa nacional\",\"description\":\"El Diario - Decano de la prensa nacional\",\"publisher\":{\"@id\":\"https:\\\/\\\/www.eldiario.net\\\/portal\\\/#organization\"},\"potentialAction\":[{\"@type\":\"SearchAction\",\"target\":{\"@type\":\"EntryPoint\",\"urlTemplate\":\"https:\\\/\\\/www.eldiario.net\\\/portal\\\/?s={search_term_string}\"},\"query-input\":{\"@type\":\"PropertyValueSpecification\",\"valueRequired\":true,\"valueName\":\"search_term_string\"}}],\"inLanguage\":\"es\"},{\"@type\":\"Organization\",\"@id\":\"https:\\\/\\\/www.eldiario.net\\\/portal\\\/#organization\",\"name\":\"El Diario - Decano de la prensa nacional\",\"url\":\"https:\\\/\\\/www.eldiario.net\\\/portal\\\/\",\"logo\":{\"@type\":\"ImageObject\",\"inLanguage\":\"es\",\"@id\":\"https:\\\/\\\/www.eldiario.net\\\/portal\\\/#\\\/schema\\\/logo\\\/image\\\/\",\"url\":\"https:\\\/\\\/www.eldiario.net\\\/portal\\\/wp-content\\\/uploads\\\/2023\\\/07\\\/logo_ED.jpg\",\"contentUrl\":\"https:\\\/\\\/www.eldiario.net\\\/portal\\\/wp-content\\\/uploads\\\/2023\\\/07\\\/logo_ED.jpg\",\"width\":272,\"height\":52,\"caption\":\"El Diario - Decano de la prensa nacional\"},\"image\":{\"@id\":\"https:\\\/\\\/www.eldiario.net\\\/portal\\\/#\\\/schema\\\/logo\\\/image\\\/\"},\"sameAs\":[\"https:\\\/\\\/www.facebook.com\\\/eldiario.bolivia\\\/\",\"https:\\\/\\\/x.com\\\/eldiario_net\"]},{\"@type\":\"Person\",\"@id\":\"https:\\\/\\\/www.eldiario.net\\\/portal\\\/#\\\/schema\\\/person\\\/f46445640444750d7d753ccd04ae01b7\",\"name\":\"Jeanette\",\"image\":{\"@type\":\"ImageObject\",\"inLanguage\":\"es\",\"@id\":\"https:\\\/\\\/secure.gravatar.com\\\/avatar\\\/3ea2118a5f7dad2b7138b1187a6b7ee55f160b9968b66013c3a3ef39dd7e5798?s=96&d=mm&r=g\",\"url\":\"https:\\\/\\\/secure.gravatar.com\\\/avatar\\\/3ea2118a5f7dad2b7138b1187a6b7ee55f160b9968b66013c3a3ef39dd7e5798?s=96&d=mm&r=g\",\"contentUrl\":\"https:\\\/\\\/secure.gravatar.com\\\/avatar\\\/3ea2118a5f7dad2b7138b1187a6b7ee55f160b9968b66013c3a3ef39dd7e5798?s=96&d=mm&r=g\",\"caption\":\"Jeanette\"},\"sameAs\":[\"https:\\\/\\\/www.eldiario.net\\\/portal\"],\"url\":\"https:\\\/\\\/www.eldiario.net\\\/portal\\\/author\\\/jeanette\\\/\"}]}<\/script>\n<!-- \/ Yoast SEO plugin. -->","yoast_head_json":{"title":"Pena m\u00e1xima para mujer que asesin\u00f3 a su beb\u00e9 - El Diario - Bolivia","robots":{"index":"index","follow":"follow","max-snippet":"max-snippet:-1","max-image-preview":"max-image-preview:large","max-video-preview":"max-video-preview:-1"},"canonical":"https:\/\/www.eldiario.net\/portal\/2021\/08\/13\/pena-maxima-para-mujer-que-asesino-a-su-bebe\/","og_locale":"es_ES","og_type":"article","og_title":"Pena m\u00e1xima para mujer que asesin\u00f3 a su beb\u00e9 - El Diario - Bolivia","og_description":"Shirley Hura Mamami, de 22 a\u00f1os de edad, fue sentenciada a 30 a\u00f1os de prisi\u00f3n en el penal La Merced, acusada del infanticidio de su hijo reci\u00e9n nacido, a quien abandon\u00f3 en un basurero y fue encontrado sin vida con visibles mordeduras de perros, inform\u00f3 ayer el fiscal departamental de Oruro, Gonzalo \u00c1lvarez. \u201cEn la [&hellip;]","og_url":"https:\/\/www.eldiario.net\/portal\/2021\/08\/13\/pena-maxima-para-mujer-que-asesino-a-su-bebe\/","og_site_name":"El Diario - Bolivia","article_publisher":"https:\/\/www.facebook.com\/eldiario.bolivia\/","article_published_time":"2021-08-13T10:12:06+00:00","author":"Jeanette","twitter_card":"summary_large_image","twitter_creator":"@eldiario_net","twitter_site":"@eldiario_net","twitter_misc":{"Escrito por":"Jeanette","Tiempo de lectura":"2 minutos"},"schema":{"@context":"https:\/\/schema.org","@graph":[{"@type":"Article","@id":"https:\/\/www.eldiario.net\/portal\/2021\/08\/13\/pena-maxima-para-mujer-que-asesino-a-su-bebe\/#article","isPartOf":{"@id":"https:\/\/www.eldiario.net\/portal\/2021\/08\/13\/pena-maxima-para-mujer-que-asesino-a-su-bebe\/"},"author":{"name":"Jeanette","@id":"https:\/\/www.eldiario.net\/portal\/#\/schema\/person\/f46445640444750d7d753ccd04ae01b7"},"headline":"Pena m\u00e1xima para mujer que asesin\u00f3 a su beb\u00e9","datePublished":"2021-08-13T10:12:06+00:00","mainEntityOfPage":{"@id":"https:\/\/www.eldiario.net\/portal\/2021\/08\/13\/pena-maxima-para-mujer-que-asesino-a-su-bebe\/"},"wordCount":296,"publisher":{"@id":"https:\/\/www.eldiario.net\/portal\/#organization"},"articleSection":["Sociedad - Seguridad"],"inLanguage":"es"},{"@type":"WebPage","@id":"https:\/\/www.eldiario.net\/portal\/2021\/08\/13\/pena-maxima-para-mujer-que-asesino-a-su-bebe\/","url":"https:\/\/www.eldiario.net\/portal\/2021\/08\/13\/pena-maxima-para-mujer-que-asesino-a-su-bebe\/","name":"Pena m\u00e1xima para mujer que asesin\u00f3 a su beb\u00e9 - El Diario - Bolivia","isPartOf":{"@id":"https:\/\/www.eldiario.net\/portal\/#website"},"datePublished":"2021-08-13T10:12:06+00:00","breadcrumb":{"@id":"https:\/\/www.eldiario.net\/portal\/2021\/08\/13\/pena-maxima-para-mujer-que-asesino-a-su-bebe\/#breadcrumb"},"inLanguage":"es","potentialAction":[{"@type":"ReadAction","target":["https:\/\/www.eldiario.net\/portal\/2021\/08\/13\/pena-maxima-para-mujer-que-asesino-a-su-bebe\/"]}]},{"@type":"BreadcrumbList","@id":"https:\/\/www.eldiario.net\/portal\/2021\/08\/13\/pena-maxima-para-mujer-que-asesino-a-su-bebe\/#breadcrumb","itemListElement":[{"@type":"ListItem","position":1,"name":"Portada","item":"https:\/\/www.eldiario.net\/portal\/"},{"@type":"ListItem","position":2,"name":"Pena m\u00e1xima para mujer que asesin\u00f3 a su beb\u00e9"}]},{"@type":"WebSite","@id":"https:\/\/www.eldiario.net\/portal\/#website","url":"https:\/\/www.eldiario.net\/portal\/","name":"El Diario - Decano de la prensa nacional","description":"El Diario - Decano de la prensa nacional","publisher":{"@id":"https:\/\/www.eldiario.net\/portal\/#organization"},"potentialAction":[{"@type":"SearchAction","target":{"@type":"EntryPoint","urlTemplate":"https:\/\/www.eldiario.net\/portal\/?s={search_term_string}"},"query-input":{"@type":"PropertyValueSpecification","valueRequired":true,"valueName":"search_term_string"}}],"inLanguage":"es"},{"@type":"Organization","@id":"https:\/\/www.eldiario.net\/portal\/#organization","name":"El Diario - Decano de la prensa nacional","url":"https:\/\/www.eldiario.net\/portal\/","logo":{"@type":"ImageObject","inLanguage":"es","@id":"https:\/\/www.eldiario.net\/portal\/#\/schema\/logo\/image\/","url":"https:\/\/www.eldiario.net\/portal\/wp-content\/uploads\/2023\/07\/logo_ED.jpg","contentUrl":"https:\/\/www.eldiario.net\/portal\/wp-content\/uploads\/2023\/07\/logo_ED.jpg","width":272,"height":52,"caption":"El Diario - Decano de la prensa nacional"},"image":{"@id":"https:\/\/www.eldiario.net\/portal\/#\/schema\/logo\/image\/"},"sameAs":["https:\/\/www.facebook.com\/eldiario.bolivia\/","https:\/\/x.com\/eldiario_net"]},{"@type":"Person","@id":"https:\/\/www.eldiario.net\/portal\/#\/schema\/person\/f46445640444750d7d753ccd04ae01b7","name":"Jeanette","image":{"@type":"ImageObject","inLanguage":"es","@id":"https:\/\/secure.gravatar.com\/avatar\/3ea2118a5f7dad2b7138b1187a6b7ee55f160b9968b66013c3a3ef39dd7e5798?s=96&d=mm&r=g","url":"https:\/\/secure.gravatar.com\/avatar\/3ea2118a5f7dad2b7138b1187a6b7ee55f160b9968b66013c3a3ef39dd7e5798?s=96&d=mm&r=g","contentUrl":"https:\/\/secure.gravatar.com\/avatar\/3ea2118a5f7dad2b7138b1187a6b7ee55f160b9968b66013c3a3ef39dd7e5798?s=96&d=mm&r=g","caption":"Jeanette"},"sameAs":["https:\/\/www.eldiario.net\/portal"],"url":"https:\/\/www.eldiario.net\/portal\/author\/jeanette\/"}]}},"_links":{"self":[{"href":"https:\/\/www.eldiario.net\/portal\/wp-json\/wp\/v2\/posts\/23152","targetHints":{"allow":["GET"]}}],"collection":[{"href":"https:\/\/www.eldiario.net\/portal\/wp-json\/wp\/v2\/posts"}],"about":[{"href":"https:\/\/www.eldiario.net\/portal\/wp-json\/wp\/v2\/types\/post"}],"author":[{"embeddable":true,"href":"https:\/\/www.eldiario.net\/portal\/wp-json\/wp\/v2\/users\/1"}],"replies":[{"embeddable":true,"href":"https:\/\/www.eldiario.net\/portal\/wp-json\/wp\/v2\/comments?post=23152"}],"version-history":[{"count":0,"href":"https:\/\/www.eldiario.net\/portal\/wp-json\/wp\/v2\/posts\/23152\/revisions"}],"wp:attachment":[{"href":"https:\/\/www.eldiario.net\/portal\/wp-json\/wp\/v2\/media?parent=23152"}],"wp:term":[{"taxonomy":"category","embeddable":true,"href":"https:\/\/www.eldiario.net\/portal\/wp-json\/wp\/v2\/categories?post=23152"},{"taxonomy":"post_tag","embeddable":true,"href":"https:\/\/www.eldiario.net\/portal\/wp-json\/wp\/v2\/tags?post=23152"}],"curies":[{"name":"wp","href":"https:\/\/api.w.org\/{rel}","templated":true}]}}