{"id":23148,"date":"2021-08-13T06:11:31","date_gmt":"2021-08-13T10:11:31","guid":{"rendered":"https:\/\/www.eldiario.net\/portal\/?p=23148"},"modified":"2021-08-13T06:11:31","modified_gmt":"2021-08-13T10:11:31","slug":"idif-garantiza-la-vida-de-anez-y-asegura-que-no-necesita-internacion","status":"publish","type":"post","link":"https:\/\/www.eldiario.net\/portal\/2021\/08\/13\/idif-garantiza-la-vida-de-anez-y-asegura-que-no-necesita-internacion\/","title":{"rendered":"IDIF garantiza la vida de \u00c1\u00f1ez y asegura que no necesita internaci\u00f3n"},"content":{"rendered":"<p>La responsable nacional de Medicina Forense del Instituto de Investigaciones Forenses (IDIF), Helen Camacho, garantiz\u00f3 la vida de la expresidenta Jeanine \u00c1\u00f1ez y asegur\u00f3 que la misma no necesita internaci\u00f3n porque su salud es estable. No obstante, manifest\u00f3 que no es responsabilidad de esa instancia realizar una valoraci\u00f3n emocional.<br \/>\n\u201cLa valoraci\u00f3n de sus signos vitales, c\u00f3mo est\u00e1 la parte semiol\u00f3gica, el latido cardiaco, la funci\u00f3n respiratoria de la persona, en la parte cl\u00ednica ella est\u00e1 estable. La parte emocional ser\u00e1 competencia de otros profesionales\u201d, apunt\u00f3.<br \/>\nConsultada por la p\u00e9rdida de peso, la profesional manifest\u00f3 que \u201ccon los medios que cuentan\u201d no pudieron establecer el peso de la paciente.<br \/>\n\u201cEn R\u00e9gimen Penitenciario no nos ha permitido contar con un elemento, entonces se tiene que realizar. Tambi\u00e9n seguramente ellos van a establecer, con las instancias que corresponden la parte de nutrici\u00f3n\u201d, asever\u00f3.<br \/>\nEl pasado 9 de agosto, \u00c1\u00f1ez recibi\u00f3 la visita de profesionales del IDIF en el Centro de Orientaci\u00f3n Femenina de Miraflores, donde se encuentra con detenci\u00f3n preventiva desde el pasado 14 de marzo.<br \/>\n\u201cLos hallazgos de la valoraci\u00f3n son que la se\u00f1ora \u00c1\u00f1ez se encuentra estable. Cuenta con un diagn\u00f3stico previo de hipertensi\u00f3n arterial cr\u00f3nica sist\u00e9mica que se encuentra controlada bajo el seguimiento m\u00e9dico del Centro Penitenciario de Miraflores\u201d, dijo Camacho.<br \/>\nCamacho agreg\u00f3 que el m\u00e9dico forense, que realiz\u00f3 la valoraci\u00f3n, sugiri\u00f3 una nueva valoraci\u00f3n por cardiolog\u00eda ante el diagn\u00f3stico de hipertensi\u00f3n. Al momento del examen no presentaba ning\u00fan cuadro de urgencia m\u00e9dica.<br \/>\n\u201cAyer (mi\u00e9rcoles) se dio seguimiento a la sugerencia que emiti\u00f3 el IDIF y se procedi\u00f3 a la valoraci\u00f3n de la se\u00f1ora \u00c1\u00f1ez en el Instituto Nacional del T\u00f3rax, estableciendo y concluyendo lo mismo que concluy\u00f3 el m\u00e9dico forense, los signos vitales estables, cl\u00ednicamente estable. Al momento no amerita internaci\u00f3n porque su cuadro de salud es estable y los estudios complementarios lo determinar\u00e1 el cardi\u00f3logo\u201d, a\u00f1adi\u00f3.<\/p>\n<figure id=\"attachment_23150\" aria-describedby=\"caption-attachment-23150\" style=\"width: 294px\" class=\"wp-caption aligncenter\"><a href=\"https:\/\/www.eldiario.net\/portal\/wp-content\/uploads\/2021\/08\/IDIF.jpg\"><img loading=\"lazy\" decoding=\"async\" class=\"size-medium wp-image-23150\" src=\"https:\/\/www.eldiario.net\/portal\/wp-content\/uploads\/2021\/08\/IDIF-294x300.jpg\" alt=\"\" width=\"294\" height=\"300\" srcset=\"https:\/\/www.eldiario.net\/portal\/wp-content\/uploads\/2021\/08\/IDIF-294x300.jpg 294w, https:\/\/www.eldiario.net\/portal\/wp-content\/uploads\/2021\/08\/IDIF.jpg 584w\" sizes=\"auto, (max-width: 294px) 100vw, 294px\" \/><\/a><figcaption id=\"caption-attachment-23150\" class=\"wp-caption-text\">HELEN CAMACHO, RESPONSABLE NACIONAL DE MEDICINA FORENSE DEL IDIF.<\/figcaption><\/figure>\n","protected":false},"excerpt":{"rendered":"<p>La responsable nacional de Medicina Forense del Instituto de Investigaciones Forenses (IDIF), Helen Camacho, garantiz\u00f3 la vida de la expresidenta Jeanine \u00c1\u00f1ez y asegur\u00f3 que la misma no necesita internaci\u00f3n porque su salud es estable. No obstante, manifest\u00f3 que no es responsabilidad de esa instancia realizar una valoraci\u00f3n emocional. \u201cLa valoraci\u00f3n de sus signos vitales, [&hellip;]<\/p>\n","protected":false},"author":1,"featured_media":23149,"comment_status":"closed","ping_status":"closed","sticky":false,"template":"","format":"standard","meta":{"_acf_changed":false,"footnotes":""},"categories":[39],"tags":[],"class_list":["post-23148","post","type-post","status-publish","format-standard","has-post-thumbnail","category-sociedad"],"acf":{"antetitulo":""},"yoast_head":"<!-- This site is optimized with the Yoast SEO plugin v28.4 - https:\/\/yoast.com\/product\/yoast-seo-wordpress\/ -->\n<title>IDIF garantiza la vida de \u00c1\u00f1ez y asegura que no necesita internaci\u00f3n - El Diario - Bolivia<\/title>\n<meta name=\"robots\" content=\"index, follow, max-snippet:-1, max-image-preview:large, max-video-preview:-1\" \/>\n<link rel=\"canonical\" href=\"https:\/\/www.eldiario.net\/portal\/2021\/08\/13\/idif-garantiza-la-vida-de-anez-y-asegura-que-no-necesita-internacion\/\" \/>\n<meta property=\"og:locale\" content=\"es_ES\" \/>\n<meta property=\"og:type\" content=\"article\" \/>\n<meta property=\"og:title\" content=\"IDIF garantiza la vida de \u00c1\u00f1ez y asegura que no necesita internaci\u00f3n - El Diario - Bolivia\" \/>\n<meta property=\"og:description\" content=\"La responsable nacional de Medicina Forense del Instituto de Investigaciones Forenses (IDIF), Helen Camacho, garantiz\u00f3 la vida de la expresidenta Jeanine \u00c1\u00f1ez y asegur\u00f3 que la misma no necesita internaci\u00f3n porque su salud es estable. No obstante, manifest\u00f3 que no es responsabilidad de esa instancia realizar una valoraci\u00f3n emocional. \u201cLa valoraci\u00f3n de sus signos vitales, [&hellip;]\" \/>\n<meta property=\"og:url\" content=\"https:\/\/www.eldiario.net\/portal\/2021\/08\/13\/idif-garantiza-la-vida-de-anez-y-asegura-que-no-necesita-internacion\/\" \/>\n<meta property=\"og:site_name\" content=\"El Diario - Bolivia\" \/>\n<meta property=\"article:publisher\" content=\"https:\/\/www.facebook.com\/eldiario.bolivia\/\" \/>\n<meta property=\"article:published_time\" content=\"2021-08-13T10:11:31+00:00\" \/>\n<meta name=\"author\" content=\"Jeanette\" \/>\n<meta name=\"twitter:card\" content=\"summary_large_image\" \/>\n<meta name=\"twitter:creator\" content=\"@eldiario_net\" \/>\n<meta name=\"twitter:site\" content=\"@eldiario_net\" \/>\n<meta name=\"twitter:label1\" content=\"Escrito por\" \/>\n\t<meta name=\"twitter:data1\" content=\"Jeanette\" \/>\n\t<meta name=\"twitter:label2\" content=\"Tiempo de lectura\" \/>\n\t<meta name=\"twitter:data2\" content=\"2 minutos\" \/>\n<script type=\"application\/ld+json\" class=\"yoast-schema-graph\">{\"@context\":\"https:\\\/\\\/schema.org\",\"@graph\":[{\"@type\":\"Article\",\"@id\":\"https:\\\/\\\/www.eldiario.net\\\/portal\\\/2021\\\/08\\\/13\\\/idif-garantiza-la-vida-de-anez-y-asegura-que-no-necesita-internacion\\\/#article\",\"isPartOf\":{\"@id\":\"https:\\\/\\\/www.eldiario.net\\\/portal\\\/2021\\\/08\\\/13\\\/idif-garantiza-la-vida-de-anez-y-asegura-que-no-necesita-internacion\\\/\"},\"author\":{\"name\":\"Jeanette\",\"@id\":\"https:\\\/\\\/www.eldiario.net\\\/portal\\\/#\\\/schema\\\/person\\\/f46445640444750d7d753ccd04ae01b7\"},\"headline\":\"IDIF garantiza la vida de \u00c1\u00f1ez y asegura que no necesita internaci\u00f3n\",\"datePublished\":\"2021-08-13T10:11:31+00:00\",\"mainEntityOfPage\":{\"@id\":\"https:\\\/\\\/www.eldiario.net\\\/portal\\\/2021\\\/08\\\/13\\\/idif-garantiza-la-vida-de-anez-y-asegura-que-no-necesita-internacion\\\/\"},\"wordCount\":372,\"publisher\":{\"@id\":\"https:\\\/\\\/www.eldiario.net\\\/portal\\\/#organization\"},\"image\":{\"@id\":\"https:\\\/\\\/www.eldiario.net\\\/portal\\\/2021\\\/08\\\/13\\\/idif-garantiza-la-vida-de-anez-y-asegura-que-no-necesita-internacion\\\/#primaryimage\"},\"thumbnailUrl\":\"\",\"articleSection\":[\"Sociedad - Seguridad\"],\"inLanguage\":\"es\"},{\"@type\":\"WebPage\",\"@id\":\"https:\\\/\\\/www.eldiario.net\\\/portal\\\/2021\\\/08\\\/13\\\/idif-garantiza-la-vida-de-anez-y-asegura-que-no-necesita-internacion\\\/\",\"url\":\"https:\\\/\\\/www.eldiario.net\\\/portal\\\/2021\\\/08\\\/13\\\/idif-garantiza-la-vida-de-anez-y-asegura-que-no-necesita-internacion\\\/\",\"name\":\"IDIF garantiza la vida de \u00c1\u00f1ez y asegura que no necesita internaci\u00f3n - El Diario - Bolivia\",\"isPartOf\":{\"@id\":\"https:\\\/\\\/www.eldiario.net\\\/portal\\\/#website\"},\"primaryImageOfPage\":{\"@id\":\"https:\\\/\\\/www.eldiario.net\\\/portal\\\/2021\\\/08\\\/13\\\/idif-garantiza-la-vida-de-anez-y-asegura-que-no-necesita-internacion\\\/#primaryimage\"},\"image\":{\"@id\":\"https:\\\/\\\/www.eldiario.net\\\/portal\\\/2021\\\/08\\\/13\\\/idif-garantiza-la-vida-de-anez-y-asegura-que-no-necesita-internacion\\\/#primaryimage\"},\"thumbnailUrl\":\"\",\"datePublished\":\"2021-08-13T10:11:31+00:00\",\"breadcrumb\":{\"@id\":\"https:\\\/\\\/www.eldiario.net\\\/portal\\\/2021\\\/08\\\/13\\\/idif-garantiza-la-vida-de-anez-y-asegura-que-no-necesita-internacion\\\/#breadcrumb\"},\"inLanguage\":\"es\",\"potentialAction\":[{\"@type\":\"ReadAction\",\"target\":[\"https:\\\/\\\/www.eldiario.net\\\/portal\\\/2021\\\/08\\\/13\\\/idif-garantiza-la-vida-de-anez-y-asegura-que-no-necesita-internacion\\\/\"]}]},{\"@type\":\"ImageObject\",\"inLanguage\":\"es\",\"@id\":\"https:\\\/\\\/www.eldiario.net\\\/portal\\\/2021\\\/08\\\/13\\\/idif-garantiza-la-vida-de-anez-y-asegura-que-no-necesita-internacion\\\/#primaryimage\",\"url\":\"\",\"contentUrl\":\"\"},{\"@type\":\"BreadcrumbList\",\"@id\":\"https:\\\/\\\/www.eldiario.net\\\/portal\\\/2021\\\/08\\\/13\\\/idif-garantiza-la-vida-de-anez-y-asegura-que-no-necesita-internacion\\\/#breadcrumb\",\"itemListElement\":[{\"@type\":\"ListItem\",\"position\":1,\"name\":\"Portada\",\"item\":\"https:\\\/\\\/www.eldiario.net\\\/portal\\\/\"},{\"@type\":\"ListItem\",\"position\":2,\"name\":\"IDIF garantiza la vida de \u00c1\u00f1ez y asegura que no necesita internaci\u00f3n\"}]},{\"@type\":\"WebSite\",\"@id\":\"https:\\\/\\\/www.eldiario.net\\\/portal\\\/#website\",\"url\":\"https:\\\/\\\/www.eldiario.net\\\/portal\\\/\",\"name\":\"El Diario - Decano de la prensa nacional\",\"description\":\"El Diario - Decano de la prensa nacional\",\"publisher\":{\"@id\":\"https:\\\/\\\/www.eldiario.net\\\/portal\\\/#organization\"},\"potentialAction\":[{\"@type\":\"SearchAction\",\"target\":{\"@type\":\"EntryPoint\",\"urlTemplate\":\"https:\\\/\\\/www.eldiario.net\\\/portal\\\/?s={search_term_string}\"},\"query-input\":{\"@type\":\"PropertyValueSpecification\",\"valueRequired\":true,\"valueName\":\"search_term_string\"}}],\"inLanguage\":\"es\"},{\"@type\":\"Organization\",\"@id\":\"https:\\\/\\\/www.eldiario.net\\\/portal\\\/#organization\",\"name\":\"El Diario - Decano de la prensa nacional\",\"url\":\"https:\\\/\\\/www.eldiario.net\\\/portal\\\/\",\"logo\":{\"@type\":\"ImageObject\",\"inLanguage\":\"es\",\"@id\":\"https:\\\/\\\/www.eldiario.net\\\/portal\\\/#\\\/schema\\\/logo\\\/image\\\/\",\"url\":\"https:\\\/\\\/www.eldiario.net\\\/portal\\\/wp-content\\\/uploads\\\/2023\\\/07\\\/logo_ED.jpg\",\"contentUrl\":\"https:\\\/\\\/www.eldiario.net\\\/portal\\\/wp-content\\\/uploads\\\/2023\\\/07\\\/logo_ED.jpg\",\"width\":272,\"height\":52,\"caption\":\"El Diario - Decano de la prensa nacional\"},\"image\":{\"@id\":\"https:\\\/\\\/www.eldiario.net\\\/portal\\\/#\\\/schema\\\/logo\\\/image\\\/\"},\"sameAs\":[\"https:\\\/\\\/www.facebook.com\\\/eldiario.bolivia\\\/\",\"https:\\\/\\\/x.com\\\/eldiario_net\"]},{\"@type\":\"Person\",\"@id\":\"https:\\\/\\\/www.eldiario.net\\\/portal\\\/#\\\/schema\\\/person\\\/f46445640444750d7d753ccd04ae01b7\",\"name\":\"Jeanette\",\"image\":{\"@type\":\"ImageObject\",\"inLanguage\":\"es\",\"@id\":\"https:\\\/\\\/secure.gravatar.com\\\/avatar\\\/3ea2118a5f7dad2b7138b1187a6b7ee55f160b9968b66013c3a3ef39dd7e5798?s=96&d=mm&r=g\",\"url\":\"https:\\\/\\\/secure.gravatar.com\\\/avatar\\\/3ea2118a5f7dad2b7138b1187a6b7ee55f160b9968b66013c3a3ef39dd7e5798?s=96&d=mm&r=g\",\"contentUrl\":\"https:\\\/\\\/secure.gravatar.com\\\/avatar\\\/3ea2118a5f7dad2b7138b1187a6b7ee55f160b9968b66013c3a3ef39dd7e5798?s=96&d=mm&r=g\",\"caption\":\"Jeanette\"},\"sameAs\":[\"https:\\\/\\\/www.eldiario.net\\\/portal\"],\"url\":\"https:\\\/\\\/www.eldiario.net\\\/portal\\\/author\\\/jeanette\\\/\"}]}<\/script>\n<!-- \/ Yoast SEO plugin. -->","yoast_head_json":{"title":"IDIF garantiza la vida de \u00c1\u00f1ez y asegura que no necesita internaci\u00f3n - El Diario - Bolivia","robots":{"index":"index","follow":"follow","max-snippet":"max-snippet:-1","max-image-preview":"max-image-preview:large","max-video-preview":"max-video-preview:-1"},"canonical":"https:\/\/www.eldiario.net\/portal\/2021\/08\/13\/idif-garantiza-la-vida-de-anez-y-asegura-que-no-necesita-internacion\/","og_locale":"es_ES","og_type":"article","og_title":"IDIF garantiza la vida de \u00c1\u00f1ez y asegura que no necesita internaci\u00f3n - El Diario - Bolivia","og_description":"La responsable nacional de Medicina Forense del Instituto de Investigaciones Forenses (IDIF), Helen Camacho, garantiz\u00f3 la vida de la expresidenta Jeanine \u00c1\u00f1ez y asegur\u00f3 que la misma no necesita internaci\u00f3n porque su salud es estable. No obstante, manifest\u00f3 que no es responsabilidad de esa instancia realizar una valoraci\u00f3n emocional. \u201cLa valoraci\u00f3n de sus signos vitales, [&hellip;]","og_url":"https:\/\/www.eldiario.net\/portal\/2021\/08\/13\/idif-garantiza-la-vida-de-anez-y-asegura-que-no-necesita-internacion\/","og_site_name":"El Diario - Bolivia","article_publisher":"https:\/\/www.facebook.com\/eldiario.bolivia\/","article_published_time":"2021-08-13T10:11:31+00:00","author":"Jeanette","twitter_card":"summary_large_image","twitter_creator":"@eldiario_net","twitter_site":"@eldiario_net","twitter_misc":{"Escrito por":"Jeanette","Tiempo de lectura":"2 minutos"},"schema":{"@context":"https:\/\/schema.org","@graph":[{"@type":"Article","@id":"https:\/\/www.eldiario.net\/portal\/2021\/08\/13\/idif-garantiza-la-vida-de-anez-y-asegura-que-no-necesita-internacion\/#article","isPartOf":{"@id":"https:\/\/www.eldiario.net\/portal\/2021\/08\/13\/idif-garantiza-la-vida-de-anez-y-asegura-que-no-necesita-internacion\/"},"author":{"name":"Jeanette","@id":"https:\/\/www.eldiario.net\/portal\/#\/schema\/person\/f46445640444750d7d753ccd04ae01b7"},"headline":"IDIF garantiza la vida de \u00c1\u00f1ez y asegura que no necesita internaci\u00f3n","datePublished":"2021-08-13T10:11:31+00:00","mainEntityOfPage":{"@id":"https:\/\/www.eldiario.net\/portal\/2021\/08\/13\/idif-garantiza-la-vida-de-anez-y-asegura-que-no-necesita-internacion\/"},"wordCount":372,"publisher":{"@id":"https:\/\/www.eldiario.net\/portal\/#organization"},"image":{"@id":"https:\/\/www.eldiario.net\/portal\/2021\/08\/13\/idif-garantiza-la-vida-de-anez-y-asegura-que-no-necesita-internacion\/#primaryimage"},"thumbnailUrl":"","articleSection":["Sociedad - Seguridad"],"inLanguage":"es"},{"@type":"WebPage","@id":"https:\/\/www.eldiario.net\/portal\/2021\/08\/13\/idif-garantiza-la-vida-de-anez-y-asegura-que-no-necesita-internacion\/","url":"https:\/\/www.eldiario.net\/portal\/2021\/08\/13\/idif-garantiza-la-vida-de-anez-y-asegura-que-no-necesita-internacion\/","name":"IDIF garantiza la vida de \u00c1\u00f1ez y asegura que no necesita internaci\u00f3n - El Diario - Bolivia","isPartOf":{"@id":"https:\/\/www.eldiario.net\/portal\/#website"},"primaryImageOfPage":{"@id":"https:\/\/www.eldiario.net\/portal\/2021\/08\/13\/idif-garantiza-la-vida-de-anez-y-asegura-que-no-necesita-internacion\/#primaryimage"},"image":{"@id":"https:\/\/www.eldiario.net\/portal\/2021\/08\/13\/idif-garantiza-la-vida-de-anez-y-asegura-que-no-necesita-internacion\/#primaryimage"},"thumbnailUrl":"","datePublished":"2021-08-13T10:11:31+00:00","breadcrumb":{"@id":"https:\/\/www.eldiario.net\/portal\/2021\/08\/13\/idif-garantiza-la-vida-de-anez-y-asegura-que-no-necesita-internacion\/#breadcrumb"},"inLanguage":"es","potentialAction":[{"@type":"ReadAction","target":["https:\/\/www.eldiario.net\/portal\/2021\/08\/13\/idif-garantiza-la-vida-de-anez-y-asegura-que-no-necesita-internacion\/"]}]},{"@type":"ImageObject","inLanguage":"es","@id":"https:\/\/www.eldiario.net\/portal\/2021\/08\/13\/idif-garantiza-la-vida-de-anez-y-asegura-que-no-necesita-internacion\/#primaryimage","url":"","contentUrl":""},{"@type":"BreadcrumbList","@id":"https:\/\/www.eldiario.net\/portal\/2021\/08\/13\/idif-garantiza-la-vida-de-anez-y-asegura-que-no-necesita-internacion\/#breadcrumb","itemListElement":[{"@type":"ListItem","position":1,"name":"Portada","item":"https:\/\/www.eldiario.net\/portal\/"},{"@type":"ListItem","position":2,"name":"IDIF garantiza la vida de \u00c1\u00f1ez y asegura que no necesita internaci\u00f3n"}]},{"@type":"WebSite","@id":"https:\/\/www.eldiario.net\/portal\/#website","url":"https:\/\/www.eldiario.net\/portal\/","name":"El Diario - Decano de la prensa nacional","description":"El Diario - Decano de la prensa nacional","publisher":{"@id":"https:\/\/www.eldiario.net\/portal\/#organization"},"potentialAction":[{"@type":"SearchAction","target":{"@type":"EntryPoint","urlTemplate":"https:\/\/www.eldiario.net\/portal\/?s={search_term_string}"},"query-input":{"@type":"PropertyValueSpecification","valueRequired":true,"valueName":"search_term_string"}}],"inLanguage":"es"},{"@type":"Organization","@id":"https:\/\/www.eldiario.net\/portal\/#organization","name":"El Diario - Decano de la prensa nacional","url":"https:\/\/www.eldiario.net\/portal\/","logo":{"@type":"ImageObject","inLanguage":"es","@id":"https:\/\/www.eldiario.net\/portal\/#\/schema\/logo\/image\/","url":"https:\/\/www.eldiario.net\/portal\/wp-content\/uploads\/2023\/07\/logo_ED.jpg","contentUrl":"https:\/\/www.eldiario.net\/portal\/wp-content\/uploads\/2023\/07\/logo_ED.jpg","width":272,"height":52,"caption":"El Diario - Decano de la prensa nacional"},"image":{"@id":"https:\/\/www.eldiario.net\/portal\/#\/schema\/logo\/image\/"},"sameAs":["https:\/\/www.facebook.com\/eldiario.bolivia\/","https:\/\/x.com\/eldiario_net"]},{"@type":"Person","@id":"https:\/\/www.eldiario.net\/portal\/#\/schema\/person\/f46445640444750d7d753ccd04ae01b7","name":"Jeanette","image":{"@type":"ImageObject","inLanguage":"es","@id":"https:\/\/secure.gravatar.com\/avatar\/3ea2118a5f7dad2b7138b1187a6b7ee55f160b9968b66013c3a3ef39dd7e5798?s=96&d=mm&r=g","url":"https:\/\/secure.gravatar.com\/avatar\/3ea2118a5f7dad2b7138b1187a6b7ee55f160b9968b66013c3a3ef39dd7e5798?s=96&d=mm&r=g","contentUrl":"https:\/\/secure.gravatar.com\/avatar\/3ea2118a5f7dad2b7138b1187a6b7ee55f160b9968b66013c3a3ef39dd7e5798?s=96&d=mm&r=g","caption":"Jeanette"},"sameAs":["https:\/\/www.eldiario.net\/portal"],"url":"https:\/\/www.eldiario.net\/portal\/author\/jeanette\/"}]}},"_links":{"self":[{"href":"https:\/\/www.eldiario.net\/portal\/wp-json\/wp\/v2\/posts\/23148","targetHints":{"allow":["GET"]}}],"collection":[{"href":"https:\/\/www.eldiario.net\/portal\/wp-json\/wp\/v2\/posts"}],"about":[{"href":"https:\/\/www.eldiario.net\/portal\/wp-json\/wp\/v2\/types\/post"}],"author":[{"embeddable":true,"href":"https:\/\/www.eldiario.net\/portal\/wp-json\/wp\/v2\/users\/1"}],"replies":[{"embeddable":true,"href":"https:\/\/www.eldiario.net\/portal\/wp-json\/wp\/v2\/comments?post=23148"}],"version-history":[{"count":0,"href":"https:\/\/www.eldiario.net\/portal\/wp-json\/wp\/v2\/posts\/23148\/revisions"}],"wp:attachment":[{"href":"https:\/\/www.eldiario.net\/portal\/wp-json\/wp\/v2\/media?parent=23148"}],"wp:term":[{"taxonomy":"category","embeddable":true,"href":"https:\/\/www.eldiario.net\/portal\/wp-json\/wp\/v2\/categories?post=23148"},{"taxonomy":"post_tag","embeddable":true,"href":"https:\/\/www.eldiario.net\/portal\/wp-json\/wp\/v2\/tags?post=23148"}],"curies":[{"name":"wp","href":"https:\/\/api.w.org\/{rel}","templated":true}]}}