{"id":23145,"date":"2021-08-13T06:09:56","date_gmt":"2021-08-13T10:09:56","guid":{"rendered":"https:\/\/www.eldiario.net\/portal\/?p=23145"},"modified":"2021-08-13T06:09:56","modified_gmt":"2021-08-13T10:09:56","slug":"diputados-acuerdan-dejar-disputas-y-avanzar-en-tratamiento-de-leyes","status":"publish","type":"post","link":"https:\/\/www.eldiario.net\/portal\/2021\/08\/13\/diputados-acuerdan-dejar-disputas-y-avanzar-en-tratamiento-de-leyes\/","title":{"rendered":"Diputados acuerdan dejar disputas  y avanzar en tratamiento de leyes"},"content":{"rendered":"<p class=\"v1MsoNormal\">Con la finalidad de superar las pugnas por posturas radicales relacionadas a la denuncia del fraude electoral y el supuesto golpe de Estado en 2019, al interior de la Asamblea Legislativa Plurinacional (ALP), legisladores de oposici\u00f3n y oficialismo acordaron dejar de lado la ret\u00f3rica pol\u00edtica para avanzar en el tratamiento de normas urgentes para el pa\u00eds como la Ley de Devoluci\u00f3n de Aportes.<\/p>\n<p class=\"v1MsoNormal\">Legisladores se\u00f1alaron que este acuerdo para viabilizar el tratamiento de normas importantes para la poblaci\u00f3n sin que interfieran consignas de car\u00e1cter pol\u00edtico se hace para cumplir con el mandato de los electores y en beneficio del pa\u00eds.<\/p>\n<p class=\"v1MsoNormal\">El diputado por Comunidad Ciudadana, Ingvar Ellefsen,\u00a0 sostuvo que se busca hacer que el discurso pol\u00edtico no interfiera en el avance para el tratamiento de normas. \u201cHemos decidido quitar esta parte del discurso pol\u00edtico y tendencioso para construir patria que es el objetivo por el cual nos han elegido Asamble\u00edstas\u201d, se\u00f1al\u00f3.<\/p>\n<p class=\"v1MsoNormal\">Agreg\u00f3 que fue complicado hacer que las tres fuerzas al interior de la Asamblea Legislativa acepten dejar de lado intereses y consignas, pero que al final se logr\u00f3 llegar a un acuerdo, sobre todo para el tratamiento de la ley de devoluci\u00f3n de aportes, que fue aprobada en sus estaciones En Grande y Detalle la jornada pasada.<\/p>\n<p class=\"v1MsoNormal\">\u201cAparentemente el MAS ha aceptado un poco desconfiado y con dudas, pero yo creo que con el ejemplo que vamos a dar en esta sesi\u00f3n, es posible que las tres fuerzas pol\u00edticas lo asuman\u201d, refiri\u00f3 Ellefsen.<\/p>\n<p class=\"v1MsoNormal\">Para el diputado por la agrupaci\u00f3n Creemos, Erwin Baz\u00e1n, es necesario que el trabajo de los legisladores se vea apartado de las constantes disputas entre oficialismo y oposici\u00f3n sobre el fraude y el golpe para poder avanzar en el tratamiento de normas.<\/p>\n<p class=\"v1MsoNormal\">\u201cA veces cuando tenemos que prestarle la mayor atenci\u00f3n a los proyectos de ley, muchas veces el hemiciclo cae en esa disputa sin sentido, una disputa est\u00e9ril porque no se va resolver en el hemiciclo. Por supuesto nosotros somos amplios en el sentido de que podamos favorecer el debate de los proyectos de ley y la ret\u00f3rica pol\u00edtica la dejemos para otros espacios\u201d<\/p>\n<p class=\"v1MsoNormal\">Desde el oficialismo el diputado Daniel Rojas sostuvo que se acord\u00f3 no tocar temas relacionados a consignas partidarias e ideol\u00f3gicas para no entorpecer el trabajo de las c\u00e1maras legislativas.<\/p>\n<p class=\"v1MsoNormal\">\u201cHemos llegado a un acuerdo para que no se puedan tocar estos temas y se pueda abordar netamente los que se est\u00e1 tratando en relaci\u00f3n a proyectos de ley dentro la c\u00e1mara de diputados\u201d, indic\u00f3.<\/p>\n","protected":false},"excerpt":{"rendered":"<p>Con la finalidad de superar las pugnas por posturas radicales relacionadas a la denuncia del fraude electoral y el supuesto golpe de Estado en 2019, al interior de la Asamblea Legislativa Plurinacional (ALP), legisladores de oposici\u00f3n y oficialismo acordaron dejar de lado la ret\u00f3rica pol\u00edtica para avanzar en el tratamiento de normas urgentes para el [&hellip;]<\/p>\n","protected":false},"author":1,"featured_media":23146,"comment_status":"closed","ping_status":"closed","sticky":false,"template":"","format":"standard","meta":{"_acf_changed":false,"footnotes":""},"categories":[14],"tags":[],"class_list":["post-23145","post","type-post","status-publish","format-standard","has-post-thumbnail","category-politica"],"acf":{"antetitulo":""},"yoast_head":"<!-- This site is optimized with the Yoast SEO plugin v28.4 - https:\/\/yoast.com\/product\/yoast-seo-wordpress\/ -->\n<title>Diputados acuerdan dejar disputas y avanzar en tratamiento de leyes - El Diario - Bolivia<\/title>\n<meta name=\"robots\" content=\"index, follow, max-snippet:-1, max-image-preview:large, max-video-preview:-1\" \/>\n<link rel=\"canonical\" href=\"https:\/\/www.eldiario.net\/portal\/2021\/08\/13\/diputados-acuerdan-dejar-disputas-y-avanzar-en-tratamiento-de-leyes\/\" \/>\n<meta property=\"og:locale\" content=\"es_ES\" \/>\n<meta property=\"og:type\" content=\"article\" \/>\n<meta property=\"og:title\" content=\"Diputados acuerdan dejar disputas y avanzar en tratamiento de leyes - El Diario - Bolivia\" \/>\n<meta property=\"og:description\" content=\"Con la finalidad de superar las pugnas por posturas radicales relacionadas a la denuncia del fraude electoral y el supuesto golpe de Estado en 2019, al interior de la Asamblea Legislativa Plurinacional (ALP), legisladores de oposici\u00f3n y oficialismo acordaron dejar de lado la ret\u00f3rica pol\u00edtica para avanzar en el tratamiento de normas urgentes para el [&hellip;]\" \/>\n<meta property=\"og:url\" content=\"https:\/\/www.eldiario.net\/portal\/2021\/08\/13\/diputados-acuerdan-dejar-disputas-y-avanzar-en-tratamiento-de-leyes\/\" \/>\n<meta property=\"og:site_name\" content=\"El Diario - Bolivia\" \/>\n<meta property=\"article:publisher\" content=\"https:\/\/www.facebook.com\/eldiario.bolivia\/\" \/>\n<meta property=\"article:published_time\" content=\"2021-08-13T10:09:56+00:00\" \/>\n<meta name=\"author\" content=\"Jeanette\" \/>\n<meta name=\"twitter:card\" content=\"summary_large_image\" \/>\n<meta name=\"twitter:creator\" content=\"@eldiario_net\" \/>\n<meta name=\"twitter:site\" content=\"@eldiario_net\" \/>\n<meta name=\"twitter:label1\" content=\"Escrito por\" \/>\n\t<meta name=\"twitter:data1\" content=\"Jeanette\" \/>\n\t<meta name=\"twitter:label2\" content=\"Tiempo de lectura\" \/>\n\t<meta name=\"twitter:data2\" content=\"2 minutos\" \/>\n<script type=\"application\/ld+json\" class=\"yoast-schema-graph\">{\"@context\":\"https:\\\/\\\/schema.org\",\"@graph\":[{\"@type\":\"Article\",\"@id\":\"https:\\\/\\\/www.eldiario.net\\\/portal\\\/2021\\\/08\\\/13\\\/diputados-acuerdan-dejar-disputas-y-avanzar-en-tratamiento-de-leyes\\\/#article\",\"isPartOf\":{\"@id\":\"https:\\\/\\\/www.eldiario.net\\\/portal\\\/2021\\\/08\\\/13\\\/diputados-acuerdan-dejar-disputas-y-avanzar-en-tratamiento-de-leyes\\\/\"},\"author\":{\"name\":\"Jeanette\",\"@id\":\"https:\\\/\\\/www.eldiario.net\\\/portal\\\/#\\\/schema\\\/person\\\/f46445640444750d7d753ccd04ae01b7\"},\"headline\":\"Diputados acuerdan dejar disputas y avanzar en tratamiento de leyes\",\"datePublished\":\"2021-08-13T10:09:56+00:00\",\"mainEntityOfPage\":{\"@id\":\"https:\\\/\\\/www.eldiario.net\\\/portal\\\/2021\\\/08\\\/13\\\/diputados-acuerdan-dejar-disputas-y-avanzar-en-tratamiento-de-leyes\\\/\"},\"wordCount\":450,\"publisher\":{\"@id\":\"https:\\\/\\\/www.eldiario.net\\\/portal\\\/#organization\"},\"image\":{\"@id\":\"https:\\\/\\\/www.eldiario.net\\\/portal\\\/2021\\\/08\\\/13\\\/diputados-acuerdan-dejar-disputas-y-avanzar-en-tratamiento-de-leyes\\\/#primaryimage\"},\"thumbnailUrl\":\"\",\"articleSection\":[\"Pol\u00edtica\"],\"inLanguage\":\"es\"},{\"@type\":\"WebPage\",\"@id\":\"https:\\\/\\\/www.eldiario.net\\\/portal\\\/2021\\\/08\\\/13\\\/diputados-acuerdan-dejar-disputas-y-avanzar-en-tratamiento-de-leyes\\\/\",\"url\":\"https:\\\/\\\/www.eldiario.net\\\/portal\\\/2021\\\/08\\\/13\\\/diputados-acuerdan-dejar-disputas-y-avanzar-en-tratamiento-de-leyes\\\/\",\"name\":\"Diputados acuerdan dejar disputas y avanzar en tratamiento de leyes - El Diario - Bolivia\",\"isPartOf\":{\"@id\":\"https:\\\/\\\/www.eldiario.net\\\/portal\\\/#website\"},\"primaryImageOfPage\":{\"@id\":\"https:\\\/\\\/www.eldiario.net\\\/portal\\\/2021\\\/08\\\/13\\\/diputados-acuerdan-dejar-disputas-y-avanzar-en-tratamiento-de-leyes\\\/#primaryimage\"},\"image\":{\"@id\":\"https:\\\/\\\/www.eldiario.net\\\/portal\\\/2021\\\/08\\\/13\\\/diputados-acuerdan-dejar-disputas-y-avanzar-en-tratamiento-de-leyes\\\/#primaryimage\"},\"thumbnailUrl\":\"\",\"datePublished\":\"2021-08-13T10:09:56+00:00\",\"breadcrumb\":{\"@id\":\"https:\\\/\\\/www.eldiario.net\\\/portal\\\/2021\\\/08\\\/13\\\/diputados-acuerdan-dejar-disputas-y-avanzar-en-tratamiento-de-leyes\\\/#breadcrumb\"},\"inLanguage\":\"es\",\"potentialAction\":[{\"@type\":\"ReadAction\",\"target\":[\"https:\\\/\\\/www.eldiario.net\\\/portal\\\/2021\\\/08\\\/13\\\/diputados-acuerdan-dejar-disputas-y-avanzar-en-tratamiento-de-leyes\\\/\"]}]},{\"@type\":\"ImageObject\",\"inLanguage\":\"es\",\"@id\":\"https:\\\/\\\/www.eldiario.net\\\/portal\\\/2021\\\/08\\\/13\\\/diputados-acuerdan-dejar-disputas-y-avanzar-en-tratamiento-de-leyes\\\/#primaryimage\",\"url\":\"\",\"contentUrl\":\"\"},{\"@type\":\"BreadcrumbList\",\"@id\":\"https:\\\/\\\/www.eldiario.net\\\/portal\\\/2021\\\/08\\\/13\\\/diputados-acuerdan-dejar-disputas-y-avanzar-en-tratamiento-de-leyes\\\/#breadcrumb\",\"itemListElement\":[{\"@type\":\"ListItem\",\"position\":1,\"name\":\"Portada\",\"item\":\"https:\\\/\\\/www.eldiario.net\\\/portal\\\/\"},{\"@type\":\"ListItem\",\"position\":2,\"name\":\"Diputados acuerdan dejar disputas y avanzar en tratamiento de leyes\"}]},{\"@type\":\"WebSite\",\"@id\":\"https:\\\/\\\/www.eldiario.net\\\/portal\\\/#website\",\"url\":\"https:\\\/\\\/www.eldiario.net\\\/portal\\\/\",\"name\":\"El Diario - Decano de la prensa nacional\",\"description\":\"El Diario - Decano de la prensa nacional\",\"publisher\":{\"@id\":\"https:\\\/\\\/www.eldiario.net\\\/portal\\\/#organization\"},\"potentialAction\":[{\"@type\":\"SearchAction\",\"target\":{\"@type\":\"EntryPoint\",\"urlTemplate\":\"https:\\\/\\\/www.eldiario.net\\\/portal\\\/?s={search_term_string}\"},\"query-input\":{\"@type\":\"PropertyValueSpecification\",\"valueRequired\":true,\"valueName\":\"search_term_string\"}}],\"inLanguage\":\"es\"},{\"@type\":\"Organization\",\"@id\":\"https:\\\/\\\/www.eldiario.net\\\/portal\\\/#organization\",\"name\":\"El Diario - Decano de la prensa nacional\",\"url\":\"https:\\\/\\\/www.eldiario.net\\\/portal\\\/\",\"logo\":{\"@type\":\"ImageObject\",\"inLanguage\":\"es\",\"@id\":\"https:\\\/\\\/www.eldiario.net\\\/portal\\\/#\\\/schema\\\/logo\\\/image\\\/\",\"url\":\"https:\\\/\\\/www.eldiario.net\\\/portal\\\/wp-content\\\/uploads\\\/2023\\\/07\\\/logo_ED.jpg\",\"contentUrl\":\"https:\\\/\\\/www.eldiario.net\\\/portal\\\/wp-content\\\/uploads\\\/2023\\\/07\\\/logo_ED.jpg\",\"width\":272,\"height\":52,\"caption\":\"El Diario - Decano de la prensa nacional\"},\"image\":{\"@id\":\"https:\\\/\\\/www.eldiario.net\\\/portal\\\/#\\\/schema\\\/logo\\\/image\\\/\"},\"sameAs\":[\"https:\\\/\\\/www.facebook.com\\\/eldiario.bolivia\\\/\",\"https:\\\/\\\/x.com\\\/eldiario_net\"]},{\"@type\":\"Person\",\"@id\":\"https:\\\/\\\/www.eldiario.net\\\/portal\\\/#\\\/schema\\\/person\\\/f46445640444750d7d753ccd04ae01b7\",\"name\":\"Jeanette\",\"image\":{\"@type\":\"ImageObject\",\"inLanguage\":\"es\",\"@id\":\"https:\\\/\\\/secure.gravatar.com\\\/avatar\\\/3ea2118a5f7dad2b7138b1187a6b7ee55f160b9968b66013c3a3ef39dd7e5798?s=96&d=mm&r=g\",\"url\":\"https:\\\/\\\/secure.gravatar.com\\\/avatar\\\/3ea2118a5f7dad2b7138b1187a6b7ee55f160b9968b66013c3a3ef39dd7e5798?s=96&d=mm&r=g\",\"contentUrl\":\"https:\\\/\\\/secure.gravatar.com\\\/avatar\\\/3ea2118a5f7dad2b7138b1187a6b7ee55f160b9968b66013c3a3ef39dd7e5798?s=96&d=mm&r=g\",\"caption\":\"Jeanette\"},\"sameAs\":[\"https:\\\/\\\/www.eldiario.net\\\/portal\"],\"url\":\"https:\\\/\\\/www.eldiario.net\\\/portal\\\/author\\\/jeanette\\\/\"}]}<\/script>\n<!-- \/ Yoast SEO plugin. -->","yoast_head_json":{"title":"Diputados acuerdan dejar disputas y avanzar en tratamiento de leyes - El Diario - Bolivia","robots":{"index":"index","follow":"follow","max-snippet":"max-snippet:-1","max-image-preview":"max-image-preview:large","max-video-preview":"max-video-preview:-1"},"canonical":"https:\/\/www.eldiario.net\/portal\/2021\/08\/13\/diputados-acuerdan-dejar-disputas-y-avanzar-en-tratamiento-de-leyes\/","og_locale":"es_ES","og_type":"article","og_title":"Diputados acuerdan dejar disputas y avanzar en tratamiento de leyes - El Diario - Bolivia","og_description":"Con la finalidad de superar las pugnas por posturas radicales relacionadas a la denuncia del fraude electoral y el supuesto golpe de Estado en 2019, al interior de la Asamblea Legislativa Plurinacional (ALP), legisladores de oposici\u00f3n y oficialismo acordaron dejar de lado la ret\u00f3rica pol\u00edtica para avanzar en el tratamiento de normas urgentes para el [&hellip;]","og_url":"https:\/\/www.eldiario.net\/portal\/2021\/08\/13\/diputados-acuerdan-dejar-disputas-y-avanzar-en-tratamiento-de-leyes\/","og_site_name":"El Diario - Bolivia","article_publisher":"https:\/\/www.facebook.com\/eldiario.bolivia\/","article_published_time":"2021-08-13T10:09:56+00:00","author":"Jeanette","twitter_card":"summary_large_image","twitter_creator":"@eldiario_net","twitter_site":"@eldiario_net","twitter_misc":{"Escrito por":"Jeanette","Tiempo de lectura":"2 minutos"},"schema":{"@context":"https:\/\/schema.org","@graph":[{"@type":"Article","@id":"https:\/\/www.eldiario.net\/portal\/2021\/08\/13\/diputados-acuerdan-dejar-disputas-y-avanzar-en-tratamiento-de-leyes\/#article","isPartOf":{"@id":"https:\/\/www.eldiario.net\/portal\/2021\/08\/13\/diputados-acuerdan-dejar-disputas-y-avanzar-en-tratamiento-de-leyes\/"},"author":{"name":"Jeanette","@id":"https:\/\/www.eldiario.net\/portal\/#\/schema\/person\/f46445640444750d7d753ccd04ae01b7"},"headline":"Diputados acuerdan dejar disputas y avanzar en tratamiento de leyes","datePublished":"2021-08-13T10:09:56+00:00","mainEntityOfPage":{"@id":"https:\/\/www.eldiario.net\/portal\/2021\/08\/13\/diputados-acuerdan-dejar-disputas-y-avanzar-en-tratamiento-de-leyes\/"},"wordCount":450,"publisher":{"@id":"https:\/\/www.eldiario.net\/portal\/#organization"},"image":{"@id":"https:\/\/www.eldiario.net\/portal\/2021\/08\/13\/diputados-acuerdan-dejar-disputas-y-avanzar-en-tratamiento-de-leyes\/#primaryimage"},"thumbnailUrl":"","articleSection":["Pol\u00edtica"],"inLanguage":"es"},{"@type":"WebPage","@id":"https:\/\/www.eldiario.net\/portal\/2021\/08\/13\/diputados-acuerdan-dejar-disputas-y-avanzar-en-tratamiento-de-leyes\/","url":"https:\/\/www.eldiario.net\/portal\/2021\/08\/13\/diputados-acuerdan-dejar-disputas-y-avanzar-en-tratamiento-de-leyes\/","name":"Diputados acuerdan dejar disputas y avanzar en tratamiento de leyes - El Diario - Bolivia","isPartOf":{"@id":"https:\/\/www.eldiario.net\/portal\/#website"},"primaryImageOfPage":{"@id":"https:\/\/www.eldiario.net\/portal\/2021\/08\/13\/diputados-acuerdan-dejar-disputas-y-avanzar-en-tratamiento-de-leyes\/#primaryimage"},"image":{"@id":"https:\/\/www.eldiario.net\/portal\/2021\/08\/13\/diputados-acuerdan-dejar-disputas-y-avanzar-en-tratamiento-de-leyes\/#primaryimage"},"thumbnailUrl":"","datePublished":"2021-08-13T10:09:56+00:00","breadcrumb":{"@id":"https:\/\/www.eldiario.net\/portal\/2021\/08\/13\/diputados-acuerdan-dejar-disputas-y-avanzar-en-tratamiento-de-leyes\/#breadcrumb"},"inLanguage":"es","potentialAction":[{"@type":"ReadAction","target":["https:\/\/www.eldiario.net\/portal\/2021\/08\/13\/diputados-acuerdan-dejar-disputas-y-avanzar-en-tratamiento-de-leyes\/"]}]},{"@type":"ImageObject","inLanguage":"es","@id":"https:\/\/www.eldiario.net\/portal\/2021\/08\/13\/diputados-acuerdan-dejar-disputas-y-avanzar-en-tratamiento-de-leyes\/#primaryimage","url":"","contentUrl":""},{"@type":"BreadcrumbList","@id":"https:\/\/www.eldiario.net\/portal\/2021\/08\/13\/diputados-acuerdan-dejar-disputas-y-avanzar-en-tratamiento-de-leyes\/#breadcrumb","itemListElement":[{"@type":"ListItem","position":1,"name":"Portada","item":"https:\/\/www.eldiario.net\/portal\/"},{"@type":"ListItem","position":2,"name":"Diputados acuerdan dejar disputas y avanzar en tratamiento de leyes"}]},{"@type":"WebSite","@id":"https:\/\/www.eldiario.net\/portal\/#website","url":"https:\/\/www.eldiario.net\/portal\/","name":"El Diario - Decano de la prensa nacional","description":"El Diario - Decano de la prensa nacional","publisher":{"@id":"https:\/\/www.eldiario.net\/portal\/#organization"},"potentialAction":[{"@type":"SearchAction","target":{"@type":"EntryPoint","urlTemplate":"https:\/\/www.eldiario.net\/portal\/?s={search_term_string}"},"query-input":{"@type":"PropertyValueSpecification","valueRequired":true,"valueName":"search_term_string"}}],"inLanguage":"es"},{"@type":"Organization","@id":"https:\/\/www.eldiario.net\/portal\/#organization","name":"El Diario - Decano de la prensa nacional","url":"https:\/\/www.eldiario.net\/portal\/","logo":{"@type":"ImageObject","inLanguage":"es","@id":"https:\/\/www.eldiario.net\/portal\/#\/schema\/logo\/image\/","url":"https:\/\/www.eldiario.net\/portal\/wp-content\/uploads\/2023\/07\/logo_ED.jpg","contentUrl":"https:\/\/www.eldiario.net\/portal\/wp-content\/uploads\/2023\/07\/logo_ED.jpg","width":272,"height":52,"caption":"El Diario - Decano de la prensa nacional"},"image":{"@id":"https:\/\/www.eldiario.net\/portal\/#\/schema\/logo\/image\/"},"sameAs":["https:\/\/www.facebook.com\/eldiario.bolivia\/","https:\/\/x.com\/eldiario_net"]},{"@type":"Person","@id":"https:\/\/www.eldiario.net\/portal\/#\/schema\/person\/f46445640444750d7d753ccd04ae01b7","name":"Jeanette","image":{"@type":"ImageObject","inLanguage":"es","@id":"https:\/\/secure.gravatar.com\/avatar\/3ea2118a5f7dad2b7138b1187a6b7ee55f160b9968b66013c3a3ef39dd7e5798?s=96&d=mm&r=g","url":"https:\/\/secure.gravatar.com\/avatar\/3ea2118a5f7dad2b7138b1187a6b7ee55f160b9968b66013c3a3ef39dd7e5798?s=96&d=mm&r=g","contentUrl":"https:\/\/secure.gravatar.com\/avatar\/3ea2118a5f7dad2b7138b1187a6b7ee55f160b9968b66013c3a3ef39dd7e5798?s=96&d=mm&r=g","caption":"Jeanette"},"sameAs":["https:\/\/www.eldiario.net\/portal"],"url":"https:\/\/www.eldiario.net\/portal\/author\/jeanette\/"}]}},"_links":{"self":[{"href":"https:\/\/www.eldiario.net\/portal\/wp-json\/wp\/v2\/posts\/23145","targetHints":{"allow":["GET"]}}],"collection":[{"href":"https:\/\/www.eldiario.net\/portal\/wp-json\/wp\/v2\/posts"}],"about":[{"href":"https:\/\/www.eldiario.net\/portal\/wp-json\/wp\/v2\/types\/post"}],"author":[{"embeddable":true,"href":"https:\/\/www.eldiario.net\/portal\/wp-json\/wp\/v2\/users\/1"}],"replies":[{"embeddable":true,"href":"https:\/\/www.eldiario.net\/portal\/wp-json\/wp\/v2\/comments?post=23145"}],"version-history":[{"count":0,"href":"https:\/\/www.eldiario.net\/portal\/wp-json\/wp\/v2\/posts\/23145\/revisions"}],"wp:attachment":[{"href":"https:\/\/www.eldiario.net\/portal\/wp-json\/wp\/v2\/media?parent=23145"}],"wp:term":[{"taxonomy":"category","embeddable":true,"href":"https:\/\/www.eldiario.net\/portal\/wp-json\/wp\/v2\/categories?post=23145"},{"taxonomy":"post_tag","embeddable":true,"href":"https:\/\/www.eldiario.net\/portal\/wp-json\/wp\/v2\/tags?post=23145"}],"curies":[{"name":"wp","href":"https:\/\/api.w.org\/{rel}","templated":true}]}}