{"id":23142,"date":"2021-08-13T06:08:42","date_gmt":"2021-08-13T10:08:42","guid":{"rendered":"https:\/\/www.eldiario.net\/portal\/?p=23142"},"modified":"2021-08-13T06:08:42","modified_gmt":"2021-08-13T10:08:42","slug":"cuestionan-destitucion-de-funcionario-que-denuncio-mal-uso-de-bienes-estatales","status":"publish","type":"post","link":"https:\/\/www.eldiario.net\/portal\/2021\/08\/13\/cuestionan-destitucion-de-funcionario-que-denuncio-mal-uso-de-bienes-estatales\/","title":{"rendered":"Cuestionan destituci\u00f3n de funcionario  que denunci\u00f3 mal uso de bienes estatales"},"content":{"rendered":"<p class=\"v1MsoNormal\">Luego de informarse sobre la destituci\u00f3n del director de Administraci\u00f3n de Aeropuertos y Servicios Auxiliares a la Navegaci\u00f3n A\u00e9rea (Aasana) en el departamento de Tarija, tras haber informado sobre el uso irregular de bienes del Estado para el transporte del ex presidente Evo Morales, la senadora por Comunidad Ciudadana (CC) Cecilia Requena califico el hecho como una venganza descarada por parte del Gobierno.<\/p>\n<p class=\"v1MsoNormal\">La legisladora se\u00f1al\u00f3 que la destituci\u00f3n bajo el argumento de incumplimiento de deberes deber\u00eda ser considerada como un castigo por haber cumplido con el deber.<\/p>\n<p class=\"v1MsoNormal\">Sostuvo que esta acci\u00f3n responde a una venganza descarada por parte del partido gobernante en contra de un servidor p\u00fablico que s\u00f3lo cumpli\u00f3 con su labor de proteger los bienes del Estado<\/p>\n<p class=\"v1MsoNormal\">\u201cLamentamos que el MAS tenga el descaro de vengarse, una vez m\u00e1s y sin verg\u00fcenza, de un servidor p\u00fablico, no por incumplimiento de deberes sino por cumplirlos. Es el pa\u00eds el que termina pagando esta forma desp\u00f3tica de ejercer el poder. \u00a1Es nefasta!\u201d, manifest\u00f3 mediante su cuenta de Twitter.<\/p>\n<p class=\"v1MsoNormal\">Esta denuncia fue realizada, d\u00edas atr\u00e1s, por la diputada por Tarija, Luciana Campero, quien inform\u00f3 que las denuncias sobre los vuelos irregulares para transportar al ex mandatario provocaron la destituci\u00f3n del director de Aasana en este departamento.<\/p>\n<p class=\"v1MsoNormal\">\u201cHemos evidenciado que los vuelos FAB de Evo Morales han cobrado su primera v\u00edctima, puesto que se ha cambiado al jefe de aeropuertos el d\u00eda lunes, dos d\u00edas despu\u00e9s del hecho que se ha suscitado en el departamento, lo que nos alarma es que se est\u00e1n gastando nuestra plata en estos vuelos\u201d, indic\u00f3.<\/p>\n<p class=\"v1MsoNormal\">Requena, adem\u00e1s, destac\u00f3 el trabajo de fiscalizaci\u00f3n de Diputadas de la alianza Comunidad Ciudadana, Prisilla Dantes y Luciana Campero por sus gestiones para averiguar el destino de aviones destinados al transporte de enfermos que irregularmente fueron utilizados como transporte personal para el presidente del partido azul.<\/p>\n<p class=\"v1MsoNormal\">Desde el oficialismo, el senador Leonardo Loza, manifest\u00f3 que la aeronave fue contratada y pagada por militantes y autoridades electas del partido gobernante.<\/p>\n<p class=\"v1MsoNormal\">\u201cHemos viajado desde Chimor\u00e9 hasta Tarija. Para esclarecer ante el pueblo, ni Leonardo Loza, ni Evo Morales no hemos contratado ning\u00fan avi\u00f3n, nosotros hemos sido invitados, nuestros hermanos alcaldes, concejales, asamble\u00edstas de Tarija han colocado el transporte, ellos han decidido contratar esa avioneta de la Fuerza A\u00e9rea, ellos han aportado y han hecho su cancelaci\u00f3n como corresponde\u201d inform\u00f3 en conferencia de prensa.<\/p>\n<p class=\"v1MsoNormal\">La pol\u00e9mica se aviv\u00f3 cuando se revel\u00f3 q la aeronave FAB-050 estaba destinada al departamento del Beni como ambulancia desde 2015.<\/p>\n","protected":false},"excerpt":{"rendered":"<p>Luego de informarse sobre la destituci\u00f3n del director de Administraci\u00f3n de Aeropuertos y Servicios Auxiliares a la Navegaci\u00f3n A\u00e9rea (Aasana) en el departamento de Tarija, tras haber informado sobre el uso irregular de bienes del Estado para el transporte del ex presidente Evo Morales, la senadora por Comunidad Ciudadana (CC) Cecilia Requena califico el hecho [&hellip;]<\/p>\n","protected":false},"author":1,"featured_media":23143,"comment_status":"closed","ping_status":"closed","sticky":false,"template":"","format":"standard","meta":{"_acf_changed":false,"footnotes":""},"categories":[14],"tags":[],"class_list":["post-23142","post","type-post","status-publish","format-standard","has-post-thumbnail","category-politica"],"acf":{"antetitulo":""},"yoast_head":"<!-- This site is optimized with the Yoast SEO plugin v28.4 - https:\/\/yoast.com\/product\/yoast-seo-wordpress\/ -->\n<title>Cuestionan destituci\u00f3n de funcionario que denunci\u00f3 mal uso de bienes estatales - El Diario - Bolivia<\/title>\n<meta name=\"robots\" content=\"index, follow, max-snippet:-1, max-image-preview:large, max-video-preview:-1\" \/>\n<link rel=\"canonical\" href=\"https:\/\/www.eldiario.net\/portal\/2021\/08\/13\/cuestionan-destitucion-de-funcionario-que-denuncio-mal-uso-de-bienes-estatales\/\" \/>\n<meta property=\"og:locale\" content=\"es_ES\" \/>\n<meta property=\"og:type\" content=\"article\" \/>\n<meta property=\"og:title\" content=\"Cuestionan destituci\u00f3n de funcionario que denunci\u00f3 mal uso de bienes estatales - El Diario - Bolivia\" \/>\n<meta property=\"og:description\" content=\"Luego de informarse sobre la destituci\u00f3n del director de Administraci\u00f3n de Aeropuertos y Servicios Auxiliares a la Navegaci\u00f3n A\u00e9rea (Aasana) en el departamento de Tarija, tras haber informado sobre el uso irregular de bienes del Estado para el transporte del ex presidente Evo Morales, la senadora por Comunidad Ciudadana (CC) Cecilia Requena califico el hecho [&hellip;]\" \/>\n<meta property=\"og:url\" content=\"https:\/\/www.eldiario.net\/portal\/2021\/08\/13\/cuestionan-destitucion-de-funcionario-que-denuncio-mal-uso-de-bienes-estatales\/\" \/>\n<meta property=\"og:site_name\" content=\"El Diario - Bolivia\" \/>\n<meta property=\"article:publisher\" content=\"https:\/\/www.facebook.com\/eldiario.bolivia\/\" \/>\n<meta property=\"article:published_time\" content=\"2021-08-13T10:08:42+00:00\" \/>\n<meta name=\"author\" content=\"Jeanette\" \/>\n<meta name=\"twitter:card\" content=\"summary_large_image\" \/>\n<meta name=\"twitter:creator\" content=\"@eldiario_net\" \/>\n<meta name=\"twitter:site\" content=\"@eldiario_net\" \/>\n<meta name=\"twitter:label1\" content=\"Escrito por\" \/>\n\t<meta name=\"twitter:data1\" content=\"Jeanette\" \/>\n\t<meta name=\"twitter:label2\" content=\"Tiempo de lectura\" \/>\n\t<meta name=\"twitter:data2\" content=\"2 minutos\" \/>\n<script type=\"application\/ld+json\" class=\"yoast-schema-graph\">{\"@context\":\"https:\\\/\\\/schema.org\",\"@graph\":[{\"@type\":\"Article\",\"@id\":\"https:\\\/\\\/www.eldiario.net\\\/portal\\\/2021\\\/08\\\/13\\\/cuestionan-destitucion-de-funcionario-que-denuncio-mal-uso-de-bienes-estatales\\\/#article\",\"isPartOf\":{\"@id\":\"https:\\\/\\\/www.eldiario.net\\\/portal\\\/2021\\\/08\\\/13\\\/cuestionan-destitucion-de-funcionario-que-denuncio-mal-uso-de-bienes-estatales\\\/\"},\"author\":{\"name\":\"Jeanette\",\"@id\":\"https:\\\/\\\/www.eldiario.net\\\/portal\\\/#\\\/schema\\\/person\\\/f46445640444750d7d753ccd04ae01b7\"},\"headline\":\"Cuestionan destituci\u00f3n de funcionario que denunci\u00f3 mal uso de bienes estatales\",\"datePublished\":\"2021-08-13T10:08:42+00:00\",\"mainEntityOfPage\":{\"@id\":\"https:\\\/\\\/www.eldiario.net\\\/portal\\\/2021\\\/08\\\/13\\\/cuestionan-destitucion-de-funcionario-que-denuncio-mal-uso-de-bienes-estatales\\\/\"},\"wordCount\":453,\"publisher\":{\"@id\":\"https:\\\/\\\/www.eldiario.net\\\/portal\\\/#organization\"},\"image\":{\"@id\":\"https:\\\/\\\/www.eldiario.net\\\/portal\\\/2021\\\/08\\\/13\\\/cuestionan-destitucion-de-funcionario-que-denuncio-mal-uso-de-bienes-estatales\\\/#primaryimage\"},\"thumbnailUrl\":\"\",\"articleSection\":[\"Pol\u00edtica\"],\"inLanguage\":\"es\"},{\"@type\":\"WebPage\",\"@id\":\"https:\\\/\\\/www.eldiario.net\\\/portal\\\/2021\\\/08\\\/13\\\/cuestionan-destitucion-de-funcionario-que-denuncio-mal-uso-de-bienes-estatales\\\/\",\"url\":\"https:\\\/\\\/www.eldiario.net\\\/portal\\\/2021\\\/08\\\/13\\\/cuestionan-destitucion-de-funcionario-que-denuncio-mal-uso-de-bienes-estatales\\\/\",\"name\":\"Cuestionan destituci\u00f3n de funcionario que denunci\u00f3 mal uso de bienes estatales - El Diario - Bolivia\",\"isPartOf\":{\"@id\":\"https:\\\/\\\/www.eldiario.net\\\/portal\\\/#website\"},\"primaryImageOfPage\":{\"@id\":\"https:\\\/\\\/www.eldiario.net\\\/portal\\\/2021\\\/08\\\/13\\\/cuestionan-destitucion-de-funcionario-que-denuncio-mal-uso-de-bienes-estatales\\\/#primaryimage\"},\"image\":{\"@id\":\"https:\\\/\\\/www.eldiario.net\\\/portal\\\/2021\\\/08\\\/13\\\/cuestionan-destitucion-de-funcionario-que-denuncio-mal-uso-de-bienes-estatales\\\/#primaryimage\"},\"thumbnailUrl\":\"\",\"datePublished\":\"2021-08-13T10:08:42+00:00\",\"breadcrumb\":{\"@id\":\"https:\\\/\\\/www.eldiario.net\\\/portal\\\/2021\\\/08\\\/13\\\/cuestionan-destitucion-de-funcionario-que-denuncio-mal-uso-de-bienes-estatales\\\/#breadcrumb\"},\"inLanguage\":\"es\",\"potentialAction\":[{\"@type\":\"ReadAction\",\"target\":[\"https:\\\/\\\/www.eldiario.net\\\/portal\\\/2021\\\/08\\\/13\\\/cuestionan-destitucion-de-funcionario-que-denuncio-mal-uso-de-bienes-estatales\\\/\"]}]},{\"@type\":\"ImageObject\",\"inLanguage\":\"es\",\"@id\":\"https:\\\/\\\/www.eldiario.net\\\/portal\\\/2021\\\/08\\\/13\\\/cuestionan-destitucion-de-funcionario-que-denuncio-mal-uso-de-bienes-estatales\\\/#primaryimage\",\"url\":\"\",\"contentUrl\":\"\"},{\"@type\":\"BreadcrumbList\",\"@id\":\"https:\\\/\\\/www.eldiario.net\\\/portal\\\/2021\\\/08\\\/13\\\/cuestionan-destitucion-de-funcionario-que-denuncio-mal-uso-de-bienes-estatales\\\/#breadcrumb\",\"itemListElement\":[{\"@type\":\"ListItem\",\"position\":1,\"name\":\"Portada\",\"item\":\"https:\\\/\\\/www.eldiario.net\\\/portal\\\/\"},{\"@type\":\"ListItem\",\"position\":2,\"name\":\"Cuestionan destituci\u00f3n de funcionario que denunci\u00f3 mal uso de bienes estatales\"}]},{\"@type\":\"WebSite\",\"@id\":\"https:\\\/\\\/www.eldiario.net\\\/portal\\\/#website\",\"url\":\"https:\\\/\\\/www.eldiario.net\\\/portal\\\/\",\"name\":\"El Diario - Decano de la prensa nacional\",\"description\":\"El Diario - Decano de la prensa nacional\",\"publisher\":{\"@id\":\"https:\\\/\\\/www.eldiario.net\\\/portal\\\/#organization\"},\"potentialAction\":[{\"@type\":\"SearchAction\",\"target\":{\"@type\":\"EntryPoint\",\"urlTemplate\":\"https:\\\/\\\/www.eldiario.net\\\/portal\\\/?s={search_term_string}\"},\"query-input\":{\"@type\":\"PropertyValueSpecification\",\"valueRequired\":true,\"valueName\":\"search_term_string\"}}],\"inLanguage\":\"es\"},{\"@type\":\"Organization\",\"@id\":\"https:\\\/\\\/www.eldiario.net\\\/portal\\\/#organization\",\"name\":\"El Diario - Decano de la prensa nacional\",\"url\":\"https:\\\/\\\/www.eldiario.net\\\/portal\\\/\",\"logo\":{\"@type\":\"ImageObject\",\"inLanguage\":\"es\",\"@id\":\"https:\\\/\\\/www.eldiario.net\\\/portal\\\/#\\\/schema\\\/logo\\\/image\\\/\",\"url\":\"https:\\\/\\\/www.eldiario.net\\\/portal\\\/wp-content\\\/uploads\\\/2023\\\/07\\\/logo_ED.jpg\",\"contentUrl\":\"https:\\\/\\\/www.eldiario.net\\\/portal\\\/wp-content\\\/uploads\\\/2023\\\/07\\\/logo_ED.jpg\",\"width\":272,\"height\":52,\"caption\":\"El Diario - Decano de la prensa nacional\"},\"image\":{\"@id\":\"https:\\\/\\\/www.eldiario.net\\\/portal\\\/#\\\/schema\\\/logo\\\/image\\\/\"},\"sameAs\":[\"https:\\\/\\\/www.facebook.com\\\/eldiario.bolivia\\\/\",\"https:\\\/\\\/x.com\\\/eldiario_net\"]},{\"@type\":\"Person\",\"@id\":\"https:\\\/\\\/www.eldiario.net\\\/portal\\\/#\\\/schema\\\/person\\\/f46445640444750d7d753ccd04ae01b7\",\"name\":\"Jeanette\",\"image\":{\"@type\":\"ImageObject\",\"inLanguage\":\"es\",\"@id\":\"https:\\\/\\\/secure.gravatar.com\\\/avatar\\\/3ea2118a5f7dad2b7138b1187a6b7ee55f160b9968b66013c3a3ef39dd7e5798?s=96&d=mm&r=g\",\"url\":\"https:\\\/\\\/secure.gravatar.com\\\/avatar\\\/3ea2118a5f7dad2b7138b1187a6b7ee55f160b9968b66013c3a3ef39dd7e5798?s=96&d=mm&r=g\",\"contentUrl\":\"https:\\\/\\\/secure.gravatar.com\\\/avatar\\\/3ea2118a5f7dad2b7138b1187a6b7ee55f160b9968b66013c3a3ef39dd7e5798?s=96&d=mm&r=g\",\"caption\":\"Jeanette\"},\"sameAs\":[\"https:\\\/\\\/www.eldiario.net\\\/portal\"],\"url\":\"https:\\\/\\\/www.eldiario.net\\\/portal\\\/author\\\/jeanette\\\/\"}]}<\/script>\n<!-- \/ Yoast SEO plugin. -->","yoast_head_json":{"title":"Cuestionan destituci\u00f3n de funcionario que denunci\u00f3 mal uso de bienes estatales - El Diario - Bolivia","robots":{"index":"index","follow":"follow","max-snippet":"max-snippet:-1","max-image-preview":"max-image-preview:large","max-video-preview":"max-video-preview:-1"},"canonical":"https:\/\/www.eldiario.net\/portal\/2021\/08\/13\/cuestionan-destitucion-de-funcionario-que-denuncio-mal-uso-de-bienes-estatales\/","og_locale":"es_ES","og_type":"article","og_title":"Cuestionan destituci\u00f3n de funcionario que denunci\u00f3 mal uso de bienes estatales - El Diario - Bolivia","og_description":"Luego de informarse sobre la destituci\u00f3n del director de Administraci\u00f3n de Aeropuertos y Servicios Auxiliares a la Navegaci\u00f3n A\u00e9rea (Aasana) en el departamento de Tarija, tras haber informado sobre el uso irregular de bienes del Estado para el transporte del ex presidente Evo Morales, la senadora por Comunidad Ciudadana (CC) Cecilia Requena califico el hecho [&hellip;]","og_url":"https:\/\/www.eldiario.net\/portal\/2021\/08\/13\/cuestionan-destitucion-de-funcionario-que-denuncio-mal-uso-de-bienes-estatales\/","og_site_name":"El Diario - Bolivia","article_publisher":"https:\/\/www.facebook.com\/eldiario.bolivia\/","article_published_time":"2021-08-13T10:08:42+00:00","author":"Jeanette","twitter_card":"summary_large_image","twitter_creator":"@eldiario_net","twitter_site":"@eldiario_net","twitter_misc":{"Escrito por":"Jeanette","Tiempo de lectura":"2 minutos"},"schema":{"@context":"https:\/\/schema.org","@graph":[{"@type":"Article","@id":"https:\/\/www.eldiario.net\/portal\/2021\/08\/13\/cuestionan-destitucion-de-funcionario-que-denuncio-mal-uso-de-bienes-estatales\/#article","isPartOf":{"@id":"https:\/\/www.eldiario.net\/portal\/2021\/08\/13\/cuestionan-destitucion-de-funcionario-que-denuncio-mal-uso-de-bienes-estatales\/"},"author":{"name":"Jeanette","@id":"https:\/\/www.eldiario.net\/portal\/#\/schema\/person\/f46445640444750d7d753ccd04ae01b7"},"headline":"Cuestionan destituci\u00f3n de funcionario que denunci\u00f3 mal uso de bienes estatales","datePublished":"2021-08-13T10:08:42+00:00","mainEntityOfPage":{"@id":"https:\/\/www.eldiario.net\/portal\/2021\/08\/13\/cuestionan-destitucion-de-funcionario-que-denuncio-mal-uso-de-bienes-estatales\/"},"wordCount":453,"publisher":{"@id":"https:\/\/www.eldiario.net\/portal\/#organization"},"image":{"@id":"https:\/\/www.eldiario.net\/portal\/2021\/08\/13\/cuestionan-destitucion-de-funcionario-que-denuncio-mal-uso-de-bienes-estatales\/#primaryimage"},"thumbnailUrl":"","articleSection":["Pol\u00edtica"],"inLanguage":"es"},{"@type":"WebPage","@id":"https:\/\/www.eldiario.net\/portal\/2021\/08\/13\/cuestionan-destitucion-de-funcionario-que-denuncio-mal-uso-de-bienes-estatales\/","url":"https:\/\/www.eldiario.net\/portal\/2021\/08\/13\/cuestionan-destitucion-de-funcionario-que-denuncio-mal-uso-de-bienes-estatales\/","name":"Cuestionan destituci\u00f3n de funcionario que denunci\u00f3 mal uso de bienes estatales - El Diario - Bolivia","isPartOf":{"@id":"https:\/\/www.eldiario.net\/portal\/#website"},"primaryImageOfPage":{"@id":"https:\/\/www.eldiario.net\/portal\/2021\/08\/13\/cuestionan-destitucion-de-funcionario-que-denuncio-mal-uso-de-bienes-estatales\/#primaryimage"},"image":{"@id":"https:\/\/www.eldiario.net\/portal\/2021\/08\/13\/cuestionan-destitucion-de-funcionario-que-denuncio-mal-uso-de-bienes-estatales\/#primaryimage"},"thumbnailUrl":"","datePublished":"2021-08-13T10:08:42+00:00","breadcrumb":{"@id":"https:\/\/www.eldiario.net\/portal\/2021\/08\/13\/cuestionan-destitucion-de-funcionario-que-denuncio-mal-uso-de-bienes-estatales\/#breadcrumb"},"inLanguage":"es","potentialAction":[{"@type":"ReadAction","target":["https:\/\/www.eldiario.net\/portal\/2021\/08\/13\/cuestionan-destitucion-de-funcionario-que-denuncio-mal-uso-de-bienes-estatales\/"]}]},{"@type":"ImageObject","inLanguage":"es","@id":"https:\/\/www.eldiario.net\/portal\/2021\/08\/13\/cuestionan-destitucion-de-funcionario-que-denuncio-mal-uso-de-bienes-estatales\/#primaryimage","url":"","contentUrl":""},{"@type":"BreadcrumbList","@id":"https:\/\/www.eldiario.net\/portal\/2021\/08\/13\/cuestionan-destitucion-de-funcionario-que-denuncio-mal-uso-de-bienes-estatales\/#breadcrumb","itemListElement":[{"@type":"ListItem","position":1,"name":"Portada","item":"https:\/\/www.eldiario.net\/portal\/"},{"@type":"ListItem","position":2,"name":"Cuestionan destituci\u00f3n de funcionario que denunci\u00f3 mal uso de bienes estatales"}]},{"@type":"WebSite","@id":"https:\/\/www.eldiario.net\/portal\/#website","url":"https:\/\/www.eldiario.net\/portal\/","name":"El Diario - Decano de la prensa nacional","description":"El Diario - Decano de la prensa nacional","publisher":{"@id":"https:\/\/www.eldiario.net\/portal\/#organization"},"potentialAction":[{"@type":"SearchAction","target":{"@type":"EntryPoint","urlTemplate":"https:\/\/www.eldiario.net\/portal\/?s={search_term_string}"},"query-input":{"@type":"PropertyValueSpecification","valueRequired":true,"valueName":"search_term_string"}}],"inLanguage":"es"},{"@type":"Organization","@id":"https:\/\/www.eldiario.net\/portal\/#organization","name":"El Diario - Decano de la prensa nacional","url":"https:\/\/www.eldiario.net\/portal\/","logo":{"@type":"ImageObject","inLanguage":"es","@id":"https:\/\/www.eldiario.net\/portal\/#\/schema\/logo\/image\/","url":"https:\/\/www.eldiario.net\/portal\/wp-content\/uploads\/2023\/07\/logo_ED.jpg","contentUrl":"https:\/\/www.eldiario.net\/portal\/wp-content\/uploads\/2023\/07\/logo_ED.jpg","width":272,"height":52,"caption":"El Diario - Decano de la prensa nacional"},"image":{"@id":"https:\/\/www.eldiario.net\/portal\/#\/schema\/logo\/image\/"},"sameAs":["https:\/\/www.facebook.com\/eldiario.bolivia\/","https:\/\/x.com\/eldiario_net"]},{"@type":"Person","@id":"https:\/\/www.eldiario.net\/portal\/#\/schema\/person\/f46445640444750d7d753ccd04ae01b7","name":"Jeanette","image":{"@type":"ImageObject","inLanguage":"es","@id":"https:\/\/secure.gravatar.com\/avatar\/3ea2118a5f7dad2b7138b1187a6b7ee55f160b9968b66013c3a3ef39dd7e5798?s=96&d=mm&r=g","url":"https:\/\/secure.gravatar.com\/avatar\/3ea2118a5f7dad2b7138b1187a6b7ee55f160b9968b66013c3a3ef39dd7e5798?s=96&d=mm&r=g","contentUrl":"https:\/\/secure.gravatar.com\/avatar\/3ea2118a5f7dad2b7138b1187a6b7ee55f160b9968b66013c3a3ef39dd7e5798?s=96&d=mm&r=g","caption":"Jeanette"},"sameAs":["https:\/\/www.eldiario.net\/portal"],"url":"https:\/\/www.eldiario.net\/portal\/author\/jeanette\/"}]}},"_links":{"self":[{"href":"https:\/\/www.eldiario.net\/portal\/wp-json\/wp\/v2\/posts\/23142","targetHints":{"allow":["GET"]}}],"collection":[{"href":"https:\/\/www.eldiario.net\/portal\/wp-json\/wp\/v2\/posts"}],"about":[{"href":"https:\/\/www.eldiario.net\/portal\/wp-json\/wp\/v2\/types\/post"}],"author":[{"embeddable":true,"href":"https:\/\/www.eldiario.net\/portal\/wp-json\/wp\/v2\/users\/1"}],"replies":[{"embeddable":true,"href":"https:\/\/www.eldiario.net\/portal\/wp-json\/wp\/v2\/comments?post=23142"}],"version-history":[{"count":0,"href":"https:\/\/www.eldiario.net\/portal\/wp-json\/wp\/v2\/posts\/23142\/revisions"}],"wp:attachment":[{"href":"https:\/\/www.eldiario.net\/portal\/wp-json\/wp\/v2\/media?parent=23142"}],"wp:term":[{"taxonomy":"category","embeddable":true,"href":"https:\/\/www.eldiario.net\/portal\/wp-json\/wp\/v2\/categories?post=23142"},{"taxonomy":"post_tag","embeddable":true,"href":"https:\/\/www.eldiario.net\/portal\/wp-json\/wp\/v2\/tags?post=23142"}],"curies":[{"name":"wp","href":"https:\/\/api.w.org\/{rel}","templated":true}]}}