{"id":231374,"date":"2024-07-03T05:38:58","date_gmt":"2024-07-03T09:38:58","guid":{"rendered":"https:\/\/www.eldiario.net\/portal\/?p=231374"},"modified":"2024-07-03T05:38:58","modified_gmt":"2024-07-03T09:38:58","slug":"brasil-empato-1-1-con-colombia-y-enfrentara-a-uruguay-2","status":"publish","type":"post","link":"https:\/\/www.eldiario.net\/portal\/2024\/07\/03\/brasil-empato-1-1-con-colombia-y-enfrentara-a-uruguay-2\/","title":{"rendered":"Brasil empat\u00f3 1-1 con Colombia  y enfrentar\u00e1 a Uruguay"},"content":{"rendered":"<p>Brasil empat\u00f3 con Colombia 1-1 y ahora est\u00e1 al frente de otro reto fuerte: Uruguay. Por un lado marc\u00f3 Raphael a los 12\u2019 y por el otro Mu\u00f1oz empat\u00f3 a los 47\u2019<br \/>\nLa Verdeamarela encontr\u00f3 en Raphinha a su principal arma ofensiva. El futbolista del Barcelona perfor\u00f3 con su velocidad por derecha. En el otro extremo, Vinicius estuvo apagado. Al crack del Real Madrid se lo not\u00f3 fastidioso. Se mostr\u00f3 m\u00e1s ocupado en tirarse y reclamar amarillas que en explotar su cambio de ritmo. Los cafeteros tardaron algunos minutos en acomodarse. Y justo cuando comenzaron a hacerlo, Raphinha peg\u00f3 con una gran tiro libre para poner en ventaja a la Canarinha.<br \/>\nEl impacto no desmoron\u00f3 a los dirigidos por el argentino Lorenzo. Colombia no perdi\u00f3 la br\u00fajula. Fue al frente, con sus laterales desplegados, sin amedrentarse. En el complemento, los cafetaleros acentuaron su dominio. Y la pr\u00f3xima parada que deber\u00e1 afrontar ser\u00e1 dur\u00edsima: nada m\u00e1s y nada menos que el Uruguay de Bielsa. (AGENCIAS)<\/p>\n","protected":false},"excerpt":{"rendered":"<p>Brasil empat\u00f3 con Colombia 1-1 y ahora est\u00e1 al frente de otro reto fuerte: Uruguay. Por un lado marc\u00f3 Raphael a los 12\u2019 y por el otro Mu\u00f1oz empat\u00f3 a los 47\u2019 La Verdeamarela encontr\u00f3 en Raphinha a su principal arma ofensiva. El futbolista del Barcelona perfor\u00f3 con su velocidad por derecha. En el otro [&hellip;]<\/p>\n","protected":false},"author":1,"featured_media":231375,"comment_status":"open","ping_status":"open","sticky":false,"template":"","format":"standard","meta":{"_acf_changed":false,"footnotes":""},"categories":[6],"tags":[],"class_list":["post-231374","post","type-post","status-publish","format-standard","has-post-thumbnail","category-deportes"],"acf":{"antetitulo":""},"yoast_head":"<!-- This site is optimized with the Yoast SEO plugin v28.3 - https:\/\/yoast.com\/product\/yoast-seo-wordpress\/ -->\n<title>Brasil empat\u00f3 1-1 con Colombia y enfrentar\u00e1 a Uruguay - El Diario - Bolivia<\/title>\n<meta name=\"robots\" content=\"index, follow, max-snippet:-1, max-image-preview:large, max-video-preview:-1\" \/>\n<link rel=\"canonical\" href=\"https:\/\/www.eldiario.net\/portal\/2024\/07\/03\/brasil-empato-1-1-con-colombia-y-enfrentara-a-uruguay-2\/\" \/>\n<meta property=\"og:locale\" content=\"es_ES\" \/>\n<meta property=\"og:type\" content=\"article\" \/>\n<meta property=\"og:title\" content=\"Brasil empat\u00f3 1-1 con Colombia y enfrentar\u00e1 a Uruguay - El Diario - Bolivia\" \/>\n<meta property=\"og:description\" content=\"Brasil empat\u00f3 con Colombia 1-1 y ahora est\u00e1 al frente de otro reto fuerte: Uruguay. Por un lado marc\u00f3 Raphael a los 12\u2019 y por el otro Mu\u00f1oz empat\u00f3 a los 47\u2019 La Verdeamarela encontr\u00f3 en Raphinha a su principal arma ofensiva. El futbolista del Barcelona perfor\u00f3 con su velocidad por derecha. En el otro [&hellip;]\" \/>\n<meta property=\"og:url\" content=\"https:\/\/www.eldiario.net\/portal\/2024\/07\/03\/brasil-empato-1-1-con-colombia-y-enfrentara-a-uruguay-2\/\" \/>\n<meta property=\"og:site_name\" content=\"El Diario - Bolivia\" \/>\n<meta property=\"article:publisher\" content=\"https:\/\/www.facebook.com\/eldiario.bolivia\/\" \/>\n<meta property=\"article:published_time\" content=\"2024-07-03T09:38:58+00:00\" \/>\n<meta property=\"og:image\" content=\"https:\/\/www.eldiario.net\/portal\/wp-content\/uploads\/2024\/07\/WhatsApp-Image-2024-07-02-at-11.23.jpg\" \/>\n\t<meta property=\"og:image:width\" content=\"707\" \/>\n\t<meta property=\"og:image:height\" content=\"593\" \/>\n\t<meta property=\"og:image:type\" content=\"image\/jpeg\" \/>\n<meta name=\"author\" content=\"Jeanette\" \/>\n<meta name=\"twitter:card\" content=\"summary_large_image\" \/>\n<meta name=\"twitter:creator\" content=\"@eldiario_net\" \/>\n<meta name=\"twitter:site\" content=\"@eldiario_net\" \/>\n<meta name=\"twitter:label1\" content=\"Escrito por\" \/>\n\t<meta name=\"twitter:data1\" content=\"Jeanette\" \/>\n\t<meta name=\"twitter:label2\" content=\"Tiempo de lectura\" \/>\n\t<meta name=\"twitter:data2\" content=\"1 minuto\" \/>\n<script type=\"application\/ld+json\" class=\"yoast-schema-graph\">{\"@context\":\"https:\\\/\\\/schema.org\",\"@graph\":[{\"@type\":\"Article\",\"@id\":\"https:\\\/\\\/www.eldiario.net\\\/portal\\\/2024\\\/07\\\/03\\\/brasil-empato-1-1-con-colombia-y-enfrentara-a-uruguay-2\\\/#article\",\"isPartOf\":{\"@id\":\"https:\\\/\\\/www.eldiario.net\\\/portal\\\/2024\\\/07\\\/03\\\/brasil-empato-1-1-con-colombia-y-enfrentara-a-uruguay-2\\\/\"},\"author\":{\"name\":\"Jeanette\",\"@id\":\"https:\\\/\\\/www.eldiario.net\\\/portal\\\/#\\\/schema\\\/person\\\/f46445640444750d7d753ccd04ae01b7\"},\"headline\":\"Brasil empat\u00f3 1-1 con Colombia y enfrentar\u00e1 a Uruguay\",\"datePublished\":\"2024-07-03T09:38:58+00:00\",\"mainEntityOfPage\":{\"@id\":\"https:\\\/\\\/www.eldiario.net\\\/portal\\\/2024\\\/07\\\/03\\\/brasil-empato-1-1-con-colombia-y-enfrentara-a-uruguay-2\\\/\"},\"wordCount\":177,\"commentCount\":0,\"publisher\":{\"@id\":\"https:\\\/\\\/www.eldiario.net\\\/portal\\\/#organization\"},\"image\":{\"@id\":\"https:\\\/\\\/www.eldiario.net\\\/portal\\\/2024\\\/07\\\/03\\\/brasil-empato-1-1-con-colombia-y-enfrentara-a-uruguay-2\\\/#primaryimage\"},\"thumbnailUrl\":\"https:\\\/\\\/www.eldiario.net\\\/portal\\\/wp-content\\\/uploads\\\/2024\\\/07\\\/WhatsApp-Image-2024-07-02-at-11.23.jpg\",\"articleSection\":[\"Deportes\"],\"inLanguage\":\"es\",\"potentialAction\":[{\"@type\":\"CommentAction\",\"name\":\"Comment\",\"target\":[\"https:\\\/\\\/www.eldiario.net\\\/portal\\\/2024\\\/07\\\/03\\\/brasil-empato-1-1-con-colombia-y-enfrentara-a-uruguay-2\\\/#respond\"]}]},{\"@type\":\"WebPage\",\"@id\":\"https:\\\/\\\/www.eldiario.net\\\/portal\\\/2024\\\/07\\\/03\\\/brasil-empato-1-1-con-colombia-y-enfrentara-a-uruguay-2\\\/\",\"url\":\"https:\\\/\\\/www.eldiario.net\\\/portal\\\/2024\\\/07\\\/03\\\/brasil-empato-1-1-con-colombia-y-enfrentara-a-uruguay-2\\\/\",\"name\":\"Brasil empat\u00f3 1-1 con Colombia y enfrentar\u00e1 a Uruguay - El Diario - Bolivia\",\"isPartOf\":{\"@id\":\"https:\\\/\\\/www.eldiario.net\\\/portal\\\/#website\"},\"primaryImageOfPage\":{\"@id\":\"https:\\\/\\\/www.eldiario.net\\\/portal\\\/2024\\\/07\\\/03\\\/brasil-empato-1-1-con-colombia-y-enfrentara-a-uruguay-2\\\/#primaryimage\"},\"image\":{\"@id\":\"https:\\\/\\\/www.eldiario.net\\\/portal\\\/2024\\\/07\\\/03\\\/brasil-empato-1-1-con-colombia-y-enfrentara-a-uruguay-2\\\/#primaryimage\"},\"thumbnailUrl\":\"https:\\\/\\\/www.eldiario.net\\\/portal\\\/wp-content\\\/uploads\\\/2024\\\/07\\\/WhatsApp-Image-2024-07-02-at-11.23.jpg\",\"datePublished\":\"2024-07-03T09:38:58+00:00\",\"breadcrumb\":{\"@id\":\"https:\\\/\\\/www.eldiario.net\\\/portal\\\/2024\\\/07\\\/03\\\/brasil-empato-1-1-con-colombia-y-enfrentara-a-uruguay-2\\\/#breadcrumb\"},\"inLanguage\":\"es\",\"potentialAction\":[{\"@type\":\"ReadAction\",\"target\":[\"https:\\\/\\\/www.eldiario.net\\\/portal\\\/2024\\\/07\\\/03\\\/brasil-empato-1-1-con-colombia-y-enfrentara-a-uruguay-2\\\/\"]}]},{\"@type\":\"ImageObject\",\"inLanguage\":\"es\",\"@id\":\"https:\\\/\\\/www.eldiario.net\\\/portal\\\/2024\\\/07\\\/03\\\/brasil-empato-1-1-con-colombia-y-enfrentara-a-uruguay-2\\\/#primaryimage\",\"url\":\"https:\\\/\\\/www.eldiario.net\\\/portal\\\/wp-content\\\/uploads\\\/2024\\\/07\\\/WhatsApp-Image-2024-07-02-at-11.23.jpg\",\"contentUrl\":\"https:\\\/\\\/www.eldiario.net\\\/portal\\\/wp-content\\\/uploads\\\/2024\\\/07\\\/WhatsApp-Image-2024-07-02-at-11.23.jpg\",\"width\":707,\"height\":593},{\"@type\":\"BreadcrumbList\",\"@id\":\"https:\\\/\\\/www.eldiario.net\\\/portal\\\/2024\\\/07\\\/03\\\/brasil-empato-1-1-con-colombia-y-enfrentara-a-uruguay-2\\\/#breadcrumb\",\"itemListElement\":[{\"@type\":\"ListItem\",\"position\":1,\"name\":\"Portada\",\"item\":\"https:\\\/\\\/www.eldiario.net\\\/portal\\\/\"},{\"@type\":\"ListItem\",\"position\":2,\"name\":\"Brasil empat\u00f3 1-1 con Colombia y enfrentar\u00e1 a Uruguay\"}]},{\"@type\":\"WebSite\",\"@id\":\"https:\\\/\\\/www.eldiario.net\\\/portal\\\/#website\",\"url\":\"https:\\\/\\\/www.eldiario.net\\\/portal\\\/\",\"name\":\"El Diario - Decano de la prensa nacional\",\"description\":\"El Diario - Decano de la prensa nacional\",\"publisher\":{\"@id\":\"https:\\\/\\\/www.eldiario.net\\\/portal\\\/#organization\"},\"potentialAction\":[{\"@type\":\"SearchAction\",\"target\":{\"@type\":\"EntryPoint\",\"urlTemplate\":\"https:\\\/\\\/www.eldiario.net\\\/portal\\\/?s={search_term_string}\"},\"query-input\":{\"@type\":\"PropertyValueSpecification\",\"valueRequired\":true,\"valueName\":\"search_term_string\"}}],\"inLanguage\":\"es\"},{\"@type\":\"Organization\",\"@id\":\"https:\\\/\\\/www.eldiario.net\\\/portal\\\/#organization\",\"name\":\"El Diario - Decano de la prensa nacional\",\"url\":\"https:\\\/\\\/www.eldiario.net\\\/portal\\\/\",\"logo\":{\"@type\":\"ImageObject\",\"inLanguage\":\"es\",\"@id\":\"https:\\\/\\\/www.eldiario.net\\\/portal\\\/#\\\/schema\\\/logo\\\/image\\\/\",\"url\":\"https:\\\/\\\/www.eldiario.net\\\/portal\\\/wp-content\\\/uploads\\\/2023\\\/07\\\/logo_ED.jpg\",\"contentUrl\":\"https:\\\/\\\/www.eldiario.net\\\/portal\\\/wp-content\\\/uploads\\\/2023\\\/07\\\/logo_ED.jpg\",\"width\":272,\"height\":52,\"caption\":\"El Diario - Decano de la prensa nacional\"},\"image\":{\"@id\":\"https:\\\/\\\/www.eldiario.net\\\/portal\\\/#\\\/schema\\\/logo\\\/image\\\/\"},\"sameAs\":[\"https:\\\/\\\/www.facebook.com\\\/eldiario.bolivia\\\/\",\"https:\\\/\\\/x.com\\\/eldiario_net\"]},{\"@type\":\"Person\",\"@id\":\"https:\\\/\\\/www.eldiario.net\\\/portal\\\/#\\\/schema\\\/person\\\/f46445640444750d7d753ccd04ae01b7\",\"name\":\"Jeanette\",\"image\":{\"@type\":\"ImageObject\",\"inLanguage\":\"es\",\"@id\":\"https:\\\/\\\/secure.gravatar.com\\\/avatar\\\/3ea2118a5f7dad2b7138b1187a6b7ee55f160b9968b66013c3a3ef39dd7e5798?s=96&d=mm&r=g\",\"url\":\"https:\\\/\\\/secure.gravatar.com\\\/avatar\\\/3ea2118a5f7dad2b7138b1187a6b7ee55f160b9968b66013c3a3ef39dd7e5798?s=96&d=mm&r=g\",\"contentUrl\":\"https:\\\/\\\/secure.gravatar.com\\\/avatar\\\/3ea2118a5f7dad2b7138b1187a6b7ee55f160b9968b66013c3a3ef39dd7e5798?s=96&d=mm&r=g\",\"caption\":\"Jeanette\"},\"sameAs\":[\"https:\\\/\\\/www.eldiario.net\\\/portal\"],\"url\":\"https:\\\/\\\/www.eldiario.net\\\/portal\\\/author\\\/jeanette\\\/\"}]}<\/script>\n<!-- \/ Yoast SEO plugin. -->","yoast_head_json":{"title":"Brasil empat\u00f3 1-1 con Colombia y enfrentar\u00e1 a Uruguay - El Diario - Bolivia","robots":{"index":"index","follow":"follow","max-snippet":"max-snippet:-1","max-image-preview":"max-image-preview:large","max-video-preview":"max-video-preview:-1"},"canonical":"https:\/\/www.eldiario.net\/portal\/2024\/07\/03\/brasil-empato-1-1-con-colombia-y-enfrentara-a-uruguay-2\/","og_locale":"es_ES","og_type":"article","og_title":"Brasil empat\u00f3 1-1 con Colombia y enfrentar\u00e1 a Uruguay - El Diario - Bolivia","og_description":"Brasil empat\u00f3 con Colombia 1-1 y ahora est\u00e1 al frente de otro reto fuerte: Uruguay. Por un lado marc\u00f3 Raphael a los 12\u2019 y por el otro Mu\u00f1oz empat\u00f3 a los 47\u2019 La Verdeamarela encontr\u00f3 en Raphinha a su principal arma ofensiva. El futbolista del Barcelona perfor\u00f3 con su velocidad por derecha. En el otro [&hellip;]","og_url":"https:\/\/www.eldiario.net\/portal\/2024\/07\/03\/brasil-empato-1-1-con-colombia-y-enfrentara-a-uruguay-2\/","og_site_name":"El Diario - Bolivia","article_publisher":"https:\/\/www.facebook.com\/eldiario.bolivia\/","article_published_time":"2024-07-03T09:38:58+00:00","og_image":[{"width":707,"height":593,"url":"https:\/\/www.eldiario.net\/portal\/wp-content\/uploads\/2024\/07\/WhatsApp-Image-2024-07-02-at-11.23.jpg","type":"image\/jpeg"}],"author":"Jeanette","twitter_card":"summary_large_image","twitter_creator":"@eldiario_net","twitter_site":"@eldiario_net","twitter_misc":{"Escrito por":"Jeanette","Tiempo de lectura":"1 minuto"},"schema":{"@context":"https:\/\/schema.org","@graph":[{"@type":"Article","@id":"https:\/\/www.eldiario.net\/portal\/2024\/07\/03\/brasil-empato-1-1-con-colombia-y-enfrentara-a-uruguay-2\/#article","isPartOf":{"@id":"https:\/\/www.eldiario.net\/portal\/2024\/07\/03\/brasil-empato-1-1-con-colombia-y-enfrentara-a-uruguay-2\/"},"author":{"name":"Jeanette","@id":"https:\/\/www.eldiario.net\/portal\/#\/schema\/person\/f46445640444750d7d753ccd04ae01b7"},"headline":"Brasil empat\u00f3 1-1 con Colombia y enfrentar\u00e1 a Uruguay","datePublished":"2024-07-03T09:38:58+00:00","mainEntityOfPage":{"@id":"https:\/\/www.eldiario.net\/portal\/2024\/07\/03\/brasil-empato-1-1-con-colombia-y-enfrentara-a-uruguay-2\/"},"wordCount":177,"commentCount":0,"publisher":{"@id":"https:\/\/www.eldiario.net\/portal\/#organization"},"image":{"@id":"https:\/\/www.eldiario.net\/portal\/2024\/07\/03\/brasil-empato-1-1-con-colombia-y-enfrentara-a-uruguay-2\/#primaryimage"},"thumbnailUrl":"https:\/\/www.eldiario.net\/portal\/wp-content\/uploads\/2024\/07\/WhatsApp-Image-2024-07-02-at-11.23.jpg","articleSection":["Deportes"],"inLanguage":"es","potentialAction":[{"@type":"CommentAction","name":"Comment","target":["https:\/\/www.eldiario.net\/portal\/2024\/07\/03\/brasil-empato-1-1-con-colombia-y-enfrentara-a-uruguay-2\/#respond"]}]},{"@type":"WebPage","@id":"https:\/\/www.eldiario.net\/portal\/2024\/07\/03\/brasil-empato-1-1-con-colombia-y-enfrentara-a-uruguay-2\/","url":"https:\/\/www.eldiario.net\/portal\/2024\/07\/03\/brasil-empato-1-1-con-colombia-y-enfrentara-a-uruguay-2\/","name":"Brasil empat\u00f3 1-1 con Colombia y enfrentar\u00e1 a Uruguay - El Diario - Bolivia","isPartOf":{"@id":"https:\/\/www.eldiario.net\/portal\/#website"},"primaryImageOfPage":{"@id":"https:\/\/www.eldiario.net\/portal\/2024\/07\/03\/brasil-empato-1-1-con-colombia-y-enfrentara-a-uruguay-2\/#primaryimage"},"image":{"@id":"https:\/\/www.eldiario.net\/portal\/2024\/07\/03\/brasil-empato-1-1-con-colombia-y-enfrentara-a-uruguay-2\/#primaryimage"},"thumbnailUrl":"https:\/\/www.eldiario.net\/portal\/wp-content\/uploads\/2024\/07\/WhatsApp-Image-2024-07-02-at-11.23.jpg","datePublished":"2024-07-03T09:38:58+00:00","breadcrumb":{"@id":"https:\/\/www.eldiario.net\/portal\/2024\/07\/03\/brasil-empato-1-1-con-colombia-y-enfrentara-a-uruguay-2\/#breadcrumb"},"inLanguage":"es","potentialAction":[{"@type":"ReadAction","target":["https:\/\/www.eldiario.net\/portal\/2024\/07\/03\/brasil-empato-1-1-con-colombia-y-enfrentara-a-uruguay-2\/"]}]},{"@type":"ImageObject","inLanguage":"es","@id":"https:\/\/www.eldiario.net\/portal\/2024\/07\/03\/brasil-empato-1-1-con-colombia-y-enfrentara-a-uruguay-2\/#primaryimage","url":"https:\/\/www.eldiario.net\/portal\/wp-content\/uploads\/2024\/07\/WhatsApp-Image-2024-07-02-at-11.23.jpg","contentUrl":"https:\/\/www.eldiario.net\/portal\/wp-content\/uploads\/2024\/07\/WhatsApp-Image-2024-07-02-at-11.23.jpg","width":707,"height":593},{"@type":"BreadcrumbList","@id":"https:\/\/www.eldiario.net\/portal\/2024\/07\/03\/brasil-empato-1-1-con-colombia-y-enfrentara-a-uruguay-2\/#breadcrumb","itemListElement":[{"@type":"ListItem","position":1,"name":"Portada","item":"https:\/\/www.eldiario.net\/portal\/"},{"@type":"ListItem","position":2,"name":"Brasil empat\u00f3 1-1 con Colombia y enfrentar\u00e1 a Uruguay"}]},{"@type":"WebSite","@id":"https:\/\/www.eldiario.net\/portal\/#website","url":"https:\/\/www.eldiario.net\/portal\/","name":"El Diario - Decano de la prensa nacional","description":"El Diario - Decano de la prensa nacional","publisher":{"@id":"https:\/\/www.eldiario.net\/portal\/#organization"},"potentialAction":[{"@type":"SearchAction","target":{"@type":"EntryPoint","urlTemplate":"https:\/\/www.eldiario.net\/portal\/?s={search_term_string}"},"query-input":{"@type":"PropertyValueSpecification","valueRequired":true,"valueName":"search_term_string"}}],"inLanguage":"es"},{"@type":"Organization","@id":"https:\/\/www.eldiario.net\/portal\/#organization","name":"El Diario - Decano de la prensa nacional","url":"https:\/\/www.eldiario.net\/portal\/","logo":{"@type":"ImageObject","inLanguage":"es","@id":"https:\/\/www.eldiario.net\/portal\/#\/schema\/logo\/image\/","url":"https:\/\/www.eldiario.net\/portal\/wp-content\/uploads\/2023\/07\/logo_ED.jpg","contentUrl":"https:\/\/www.eldiario.net\/portal\/wp-content\/uploads\/2023\/07\/logo_ED.jpg","width":272,"height":52,"caption":"El Diario - Decano de la prensa nacional"},"image":{"@id":"https:\/\/www.eldiario.net\/portal\/#\/schema\/logo\/image\/"},"sameAs":["https:\/\/www.facebook.com\/eldiario.bolivia\/","https:\/\/x.com\/eldiario_net"]},{"@type":"Person","@id":"https:\/\/www.eldiario.net\/portal\/#\/schema\/person\/f46445640444750d7d753ccd04ae01b7","name":"Jeanette","image":{"@type":"ImageObject","inLanguage":"es","@id":"https:\/\/secure.gravatar.com\/avatar\/3ea2118a5f7dad2b7138b1187a6b7ee55f160b9968b66013c3a3ef39dd7e5798?s=96&d=mm&r=g","url":"https:\/\/secure.gravatar.com\/avatar\/3ea2118a5f7dad2b7138b1187a6b7ee55f160b9968b66013c3a3ef39dd7e5798?s=96&d=mm&r=g","contentUrl":"https:\/\/secure.gravatar.com\/avatar\/3ea2118a5f7dad2b7138b1187a6b7ee55f160b9968b66013c3a3ef39dd7e5798?s=96&d=mm&r=g","caption":"Jeanette"},"sameAs":["https:\/\/www.eldiario.net\/portal"],"url":"https:\/\/www.eldiario.net\/portal\/author\/jeanette\/"}]}},"_links":{"self":[{"href":"https:\/\/www.eldiario.net\/portal\/wp-json\/wp\/v2\/posts\/231374","targetHints":{"allow":["GET"]}}],"collection":[{"href":"https:\/\/www.eldiario.net\/portal\/wp-json\/wp\/v2\/posts"}],"about":[{"href":"https:\/\/www.eldiario.net\/portal\/wp-json\/wp\/v2\/types\/post"}],"author":[{"embeddable":true,"href":"https:\/\/www.eldiario.net\/portal\/wp-json\/wp\/v2\/users\/1"}],"replies":[{"embeddable":true,"href":"https:\/\/www.eldiario.net\/portal\/wp-json\/wp\/v2\/comments?post=231374"}],"version-history":[{"count":1,"href":"https:\/\/www.eldiario.net\/portal\/wp-json\/wp\/v2\/posts\/231374\/revisions"}],"predecessor-version":[{"id":231376,"href":"https:\/\/www.eldiario.net\/portal\/wp-json\/wp\/v2\/posts\/231374\/revisions\/231376"}],"wp:featuredmedia":[{"embeddable":true,"href":"https:\/\/www.eldiario.net\/portal\/wp-json\/wp\/v2\/media\/231375"}],"wp:attachment":[{"href":"https:\/\/www.eldiario.net\/portal\/wp-json\/wp\/v2\/media?parent=231374"}],"wp:term":[{"taxonomy":"category","embeddable":true,"href":"https:\/\/www.eldiario.net\/portal\/wp-json\/wp\/v2\/categories?post=231374"},{"taxonomy":"post_tag","embeddable":true,"href":"https:\/\/www.eldiario.net\/portal\/wp-json\/wp\/v2\/tags?post=231374"}],"curies":[{"name":"wp","href":"https:\/\/api.w.org\/{rel}","templated":true}]}}