{"id":231357,"date":"2024-07-02T23:29:39","date_gmt":"2024-07-03T03:29:39","guid":{"rendered":"https:\/\/www.eldiario.net\/portal\/?p=231357"},"modified":"2024-07-02T23:30:45","modified_gmt":"2024-07-03T03:30:45","slug":"brasil-empato-1-1-con-colombia-y-enfrentara-a-uruguay","status":"publish","type":"post","link":"https:\/\/www.eldiario.net\/portal\/2024\/07\/02\/brasil-empato-1-1-con-colombia-y-enfrentara-a-uruguay\/","title":{"rendered":"Brasil empat\u00f3 1-1 con Colombia y enfrentar\u00e1 a Uruguay"},"content":{"rendered":"<p>Pocas veces Brasil estuvo tan lejos de parecer Brasil. Tan divorciado de su identidad. De su cl\u00e1sica alegr\u00eda. De su f\u00fatbol. Tan impotente. Tan inofensivo. Tan fr\u00e1gil como se lo vio ante Colombia, m\u00e1s all\u00e1 de una t\u00edmida reacci\u00f3n en el final. Clasific\u00f3 y punto.<\/p>\n<p>A la Verdeamarela siempre hay que respetarla, pero eso no quita que su imagen aliment\u00f3 la preocupaci\u00f3n de su gente ya que ahora se le viene Uruguay. El \u201cooole, ooole\u201d al que se animaron los cafeteros evidenci\u00f3 c\u00f3mo se desarroll\u00f3 el partido.<\/p>\n<p>El primer tiempo fue de palo y palo. No hubo respiro: el mediocampo se present\u00f3 como una zona de libre tr\u00e1nsito, una autopista en la que nadie cobr\u00f3 peajes. Por eso el tr\u00e1mite fue de ida y vuelta, con mucho ritmo y situaciones para ambos. La Verdeamarela encontr\u00f3 en Raphinha a su principal arma ofensiva. El futbolista del Barcelona perfor\u00f3 con su velocidad por derecha. En el otro extremo, Vinicius estuvo apagado. Al crack del Real Madrid se lo not\u00f3 fastidioso. Se mostr\u00f3 m\u00e1s ocupado en tirarse y reclamar amarillas que en explotar su cambio de ritmo. Los cafeteros tardaron algunos minutos en acomodarse. Y justo cuando comenzaron a hacerlo, Raphinha peg\u00f3 con una gran tiro libre para poner en ventaja a la Canarinha.<\/p>\n<p>El impacto no desmoron\u00f3 a los dirigidos por el argentino Lorenzo. Colombia no perdi\u00f3 la br\u00fajula. Fue al frente, con sus laterales desplegados, sin amedrentarse. Y siempre bajo la criteriosa conducci\u00f3n de un James Rodr\u00edguez que las pidi\u00f3 todas y se hizo cargo de la responsabilidad de organizar, de distribuir, de arriesgar con pases profundos. El capit\u00e1n de los cafeteros, que en el amanecer del encuentro hab\u00eda estrellado un tiro libre en el travesa\u00f1o, particip\u00f3 de casi todas las acciones de riesgo de un equipo que antes de llegar al merecido empate hab\u00eda generado cuatro situaciones claras, incluido un gol no convalidado a S\u00e1nchez por un offside milim\u00e9trico. En esa primera etapa Brasil tambi\u00e9n reclam\u00f3 una infracci\u00f3n de Mu\u00f1oz a Vinicus en el \u00e1rea, pero el juez decidi\u00f3 no dar penal tras la revisi\u00f3n del VAR.<\/p>\n<p>En el complemento, Colombia acentu\u00f3 su dominio. Se adue\u00f1\u00f3 de le pelota, la hizo circular e invadi\u00f3 el campo contrario. Se anim\u00f3 a faltarle el respeto a un Brasil desdibujado. Al equipo de Dorival J\u00fanior se lo not\u00f3 desconcertado, sin din\u00e1mica para el desmarque. Un equipo tan fuera de contexto como el camper\u00f3n que su t\u00e9cnico us\u00f3 por c\u00e1bala a pesar del sol radiante que pegaba en California. Raphinha, Rodrygo y Vinicius quedaron aislados, inconexos e impotentes. As\u00ed, la Verdeamarela fue un conjunto inerme. Y la pr\u00f3xima parada que deber\u00e1 afrontar ser\u00e1 dur\u00edsima: nada m\u00e1s y nada menos que el Uruguay de Bielsa.<\/p>\n<p>(OL\u00c9)<\/p>\n<p><img loading=\"lazy\" decoding=\"async\" class=\"aligncenter size-full wp-image-231360\" src=\"https:\/\/www.eldiario.net\/portal\/wp-content\/uploads\/2024\/07\/WhatsApp-Image-2024-07-02-at-23.29.51.jpeg\" alt=\"\" width=\"700\" height=\"420\" srcset=\"https:\/\/www.eldiario.net\/portal\/wp-content\/uploads\/2024\/07\/WhatsApp-Image-2024-07-02-at-23.29.51.jpeg 700w, https:\/\/www.eldiario.net\/portal\/wp-content\/uploads\/2024\/07\/WhatsApp-Image-2024-07-02-at-23.29.51-300x180.jpeg 300w, https:\/\/www.eldiario.net\/portal\/wp-content\/uploads\/2024\/07\/WhatsApp-Image-2024-07-02-at-23.29.51-696x418.jpeg 696w\" sizes=\"auto, (max-width: 700px) 100vw, 700px\" \/><\/p>\n","protected":false},"excerpt":{"rendered":"<p>Pocas veces Brasil estuvo tan lejos de parecer Brasil. Tan divorciado de su identidad. De su cl\u00e1sica alegr\u00eda. De su f\u00fatbol. Tan impotente. Tan inofensivo. Tan fr\u00e1gil como se lo vio ante Colombia, m\u00e1s all\u00e1 de una t\u00edmida reacci\u00f3n en el final. Clasific\u00f3 y punto. A la Verdeamarela siempre hay que respetarla, pero eso no [&hellip;]<\/p>\n","protected":false},"author":2,"featured_media":231358,"comment_status":"open","ping_status":"open","sticky":false,"template":"","format":"standard","meta":{"_acf_changed":false,"footnotes":""},"categories":[6,15],"tags":[],"class_list":["post-231357","post","type-post","status-publish","format-standard","has-post-thumbnail","category-deportes","category-portada"],"acf":{"antetitulo":""},"yoast_head":"<!-- This site is optimized with the Yoast SEO plugin v28.3 - https:\/\/yoast.com\/product\/yoast-seo-wordpress\/ -->\n<title>Brasil empat\u00f3 1-1 con Colombia y enfrentar\u00e1 a Uruguay - El Diario - Bolivia<\/title>\n<meta name=\"robots\" content=\"index, follow, max-snippet:-1, max-image-preview:large, max-video-preview:-1\" \/>\n<link rel=\"canonical\" href=\"https:\/\/www.eldiario.net\/portal\/2024\/07\/02\/brasil-empato-1-1-con-colombia-y-enfrentara-a-uruguay\/\" \/>\n<meta property=\"og:locale\" content=\"es_ES\" \/>\n<meta property=\"og:type\" content=\"article\" \/>\n<meta property=\"og:title\" content=\"Brasil empat\u00f3 1-1 con Colombia y enfrentar\u00e1 a Uruguay - El Diario - Bolivia\" \/>\n<meta property=\"og:description\" content=\"Pocas veces Brasil estuvo tan lejos de parecer Brasil. Tan divorciado de su identidad. De su cl\u00e1sica alegr\u00eda. De su f\u00fatbol. Tan impotente. Tan inofensivo. Tan fr\u00e1gil como se lo vio ante Colombia, m\u00e1s all\u00e1 de una t\u00edmida reacci\u00f3n en el final. Clasific\u00f3 y punto. A la Verdeamarela siempre hay que respetarla, pero eso no [&hellip;]\" \/>\n<meta property=\"og:url\" content=\"https:\/\/www.eldiario.net\/portal\/2024\/07\/02\/brasil-empato-1-1-con-colombia-y-enfrentara-a-uruguay\/\" \/>\n<meta property=\"og:site_name\" content=\"El Diario - Bolivia\" \/>\n<meta property=\"article:publisher\" content=\"https:\/\/www.facebook.com\/eldiario.bolivia\/\" \/>\n<meta property=\"article:published_time\" content=\"2024-07-03T03:29:39+00:00\" \/>\n<meta property=\"article:modified_time\" content=\"2024-07-03T03:30:45+00:00\" \/>\n<meta property=\"og:image\" content=\"https:\/\/www.eldiario.net\/portal\/wp-content\/uploads\/2024\/07\/WhatsApp-Image-2024-07-02-at-23.27.33.jpeg\" \/>\n\t<meta property=\"og:image:width\" content=\"707\" \/>\n\t<meta property=\"og:image:height\" content=\"593\" \/>\n\t<meta property=\"og:image:type\" content=\"image\/jpeg\" \/>\n<meta name=\"author\" content=\"luis Camacho\" \/>\n<meta name=\"twitter:card\" content=\"summary_large_image\" \/>\n<meta name=\"twitter:creator\" content=\"@eldiario_net\" \/>\n<meta name=\"twitter:site\" content=\"@eldiario_net\" \/>\n<meta name=\"twitter:label1\" content=\"Escrito por\" \/>\n\t<meta name=\"twitter:data1\" content=\"luis Camacho\" \/>\n\t<meta name=\"twitter:label2\" content=\"Tiempo de lectura\" \/>\n\t<meta name=\"twitter:data2\" content=\"3 minutos\" \/>\n<script type=\"application\/ld+json\" class=\"yoast-schema-graph\">{\"@context\":\"https:\\\/\\\/schema.org\",\"@graph\":[{\"@type\":\"Article\",\"@id\":\"https:\\\/\\\/www.eldiario.net\\\/portal\\\/2024\\\/07\\\/02\\\/brasil-empato-1-1-con-colombia-y-enfrentara-a-uruguay\\\/#article\",\"isPartOf\":{\"@id\":\"https:\\\/\\\/www.eldiario.net\\\/portal\\\/2024\\\/07\\\/02\\\/brasil-empato-1-1-con-colombia-y-enfrentara-a-uruguay\\\/\"},\"author\":{\"name\":\"luis Camacho\",\"@id\":\"https:\\\/\\\/www.eldiario.net\\\/portal\\\/#\\\/schema\\\/person\\\/cab1ae4db27e5f008a62cbffb05fbfee\"},\"headline\":\"Brasil empat\u00f3 1-1 con Colombia y enfrentar\u00e1 a Uruguay\",\"datePublished\":\"2024-07-03T03:29:39+00:00\",\"dateModified\":\"2024-07-03T03:30:45+00:00\",\"mainEntityOfPage\":{\"@id\":\"https:\\\/\\\/www.eldiario.net\\\/portal\\\/2024\\\/07\\\/02\\\/brasil-empato-1-1-con-colombia-y-enfrentara-a-uruguay\\\/\"},\"wordCount\":493,\"commentCount\":0,\"publisher\":{\"@id\":\"https:\\\/\\\/www.eldiario.net\\\/portal\\\/#organization\"},\"image\":{\"@id\":\"https:\\\/\\\/www.eldiario.net\\\/portal\\\/2024\\\/07\\\/02\\\/brasil-empato-1-1-con-colombia-y-enfrentara-a-uruguay\\\/#primaryimage\"},\"thumbnailUrl\":\"https:\\\/\\\/www.eldiario.net\\\/portal\\\/wp-content\\\/uploads\\\/2024\\\/07\\\/WhatsApp-Image-2024-07-02-at-23.27.33.jpeg\",\"articleSection\":[\"Deportes\",\"Portada\"],\"inLanguage\":\"es\",\"potentialAction\":[{\"@type\":\"CommentAction\",\"name\":\"Comment\",\"target\":[\"https:\\\/\\\/www.eldiario.net\\\/portal\\\/2024\\\/07\\\/02\\\/brasil-empato-1-1-con-colombia-y-enfrentara-a-uruguay\\\/#respond\"]}]},{\"@type\":\"WebPage\",\"@id\":\"https:\\\/\\\/www.eldiario.net\\\/portal\\\/2024\\\/07\\\/02\\\/brasil-empato-1-1-con-colombia-y-enfrentara-a-uruguay\\\/\",\"url\":\"https:\\\/\\\/www.eldiario.net\\\/portal\\\/2024\\\/07\\\/02\\\/brasil-empato-1-1-con-colombia-y-enfrentara-a-uruguay\\\/\",\"name\":\"Brasil empat\u00f3 1-1 con Colombia y enfrentar\u00e1 a Uruguay - El Diario - Bolivia\",\"isPartOf\":{\"@id\":\"https:\\\/\\\/www.eldiario.net\\\/portal\\\/#website\"},\"primaryImageOfPage\":{\"@id\":\"https:\\\/\\\/www.eldiario.net\\\/portal\\\/2024\\\/07\\\/02\\\/brasil-empato-1-1-con-colombia-y-enfrentara-a-uruguay\\\/#primaryimage\"},\"image\":{\"@id\":\"https:\\\/\\\/www.eldiario.net\\\/portal\\\/2024\\\/07\\\/02\\\/brasil-empato-1-1-con-colombia-y-enfrentara-a-uruguay\\\/#primaryimage\"},\"thumbnailUrl\":\"https:\\\/\\\/www.eldiario.net\\\/portal\\\/wp-content\\\/uploads\\\/2024\\\/07\\\/WhatsApp-Image-2024-07-02-at-23.27.33.jpeg\",\"datePublished\":\"2024-07-03T03:29:39+00:00\",\"dateModified\":\"2024-07-03T03:30:45+00:00\",\"breadcrumb\":{\"@id\":\"https:\\\/\\\/www.eldiario.net\\\/portal\\\/2024\\\/07\\\/02\\\/brasil-empato-1-1-con-colombia-y-enfrentara-a-uruguay\\\/#breadcrumb\"},\"inLanguage\":\"es\",\"potentialAction\":[{\"@type\":\"ReadAction\",\"target\":[\"https:\\\/\\\/www.eldiario.net\\\/portal\\\/2024\\\/07\\\/02\\\/brasil-empato-1-1-con-colombia-y-enfrentara-a-uruguay\\\/\"]}]},{\"@type\":\"ImageObject\",\"inLanguage\":\"es\",\"@id\":\"https:\\\/\\\/www.eldiario.net\\\/portal\\\/2024\\\/07\\\/02\\\/brasil-empato-1-1-con-colombia-y-enfrentara-a-uruguay\\\/#primaryimage\",\"url\":\"https:\\\/\\\/www.eldiario.net\\\/portal\\\/wp-content\\\/uploads\\\/2024\\\/07\\\/WhatsApp-Image-2024-07-02-at-23.27.33.jpeg\",\"contentUrl\":\"https:\\\/\\\/www.eldiario.net\\\/portal\\\/wp-content\\\/uploads\\\/2024\\\/07\\\/WhatsApp-Image-2024-07-02-at-23.27.33.jpeg\",\"width\":707,\"height\":593},{\"@type\":\"BreadcrumbList\",\"@id\":\"https:\\\/\\\/www.eldiario.net\\\/portal\\\/2024\\\/07\\\/02\\\/brasil-empato-1-1-con-colombia-y-enfrentara-a-uruguay\\\/#breadcrumb\",\"itemListElement\":[{\"@type\":\"ListItem\",\"position\":1,\"name\":\"Portada\",\"item\":\"https:\\\/\\\/www.eldiario.net\\\/portal\\\/\"},{\"@type\":\"ListItem\",\"position\":2,\"name\":\"Brasil empat\u00f3 1-1 con Colombia y enfrentar\u00e1 a Uruguay\"}]},{\"@type\":\"WebSite\",\"@id\":\"https:\\\/\\\/www.eldiario.net\\\/portal\\\/#website\",\"url\":\"https:\\\/\\\/www.eldiario.net\\\/portal\\\/\",\"name\":\"El Diario - Decano de la prensa nacional\",\"description\":\"El Diario - Decano de la prensa nacional\",\"publisher\":{\"@id\":\"https:\\\/\\\/www.eldiario.net\\\/portal\\\/#organization\"},\"potentialAction\":[{\"@type\":\"SearchAction\",\"target\":{\"@type\":\"EntryPoint\",\"urlTemplate\":\"https:\\\/\\\/www.eldiario.net\\\/portal\\\/?s={search_term_string}\"},\"query-input\":{\"@type\":\"PropertyValueSpecification\",\"valueRequired\":true,\"valueName\":\"search_term_string\"}}],\"inLanguage\":\"es\"},{\"@type\":\"Organization\",\"@id\":\"https:\\\/\\\/www.eldiario.net\\\/portal\\\/#organization\",\"name\":\"El Diario - Decano de la prensa nacional\",\"url\":\"https:\\\/\\\/www.eldiario.net\\\/portal\\\/\",\"logo\":{\"@type\":\"ImageObject\",\"inLanguage\":\"es\",\"@id\":\"https:\\\/\\\/www.eldiario.net\\\/portal\\\/#\\\/schema\\\/logo\\\/image\\\/\",\"url\":\"https:\\\/\\\/www.eldiario.net\\\/portal\\\/wp-content\\\/uploads\\\/2023\\\/07\\\/logo_ED.jpg\",\"contentUrl\":\"https:\\\/\\\/www.eldiario.net\\\/portal\\\/wp-content\\\/uploads\\\/2023\\\/07\\\/logo_ED.jpg\",\"width\":272,\"height\":52,\"caption\":\"El Diario - Decano de la prensa nacional\"},\"image\":{\"@id\":\"https:\\\/\\\/www.eldiario.net\\\/portal\\\/#\\\/schema\\\/logo\\\/image\\\/\"},\"sameAs\":[\"https:\\\/\\\/www.facebook.com\\\/eldiario.bolivia\\\/\",\"https:\\\/\\\/x.com\\\/eldiario_net\"]},{\"@type\":\"Person\",\"@id\":\"https:\\\/\\\/www.eldiario.net\\\/portal\\\/#\\\/schema\\\/person\\\/cab1ae4db27e5f008a62cbffb05fbfee\",\"name\":\"luis Camacho\",\"image\":{\"@type\":\"ImageObject\",\"inLanguage\":\"es\",\"@id\":\"https:\\\/\\\/secure.gravatar.com\\\/avatar\\\/69ecb836b3826d5a2501bf06ab2a2f2c8ab211cc846758f395df21684cb38313?s=96&d=mm&r=g\",\"url\":\"https:\\\/\\\/secure.gravatar.com\\\/avatar\\\/69ecb836b3826d5a2501bf06ab2a2f2c8ab211cc846758f395df21684cb38313?s=96&d=mm&r=g\",\"contentUrl\":\"https:\\\/\\\/secure.gravatar.com\\\/avatar\\\/69ecb836b3826d5a2501bf06ab2a2f2c8ab211cc846758f395df21684cb38313?s=96&d=mm&r=g\",\"caption\":\"luis Camacho\"},\"url\":\"https:\\\/\\\/www.eldiario.net\\\/portal\\\/author\\\/luis\\\/\"}]}<\/script>\n<!-- \/ Yoast SEO plugin. -->","yoast_head_json":{"title":"Brasil empat\u00f3 1-1 con Colombia y enfrentar\u00e1 a Uruguay - El Diario - Bolivia","robots":{"index":"index","follow":"follow","max-snippet":"max-snippet:-1","max-image-preview":"max-image-preview:large","max-video-preview":"max-video-preview:-1"},"canonical":"https:\/\/www.eldiario.net\/portal\/2024\/07\/02\/brasil-empato-1-1-con-colombia-y-enfrentara-a-uruguay\/","og_locale":"es_ES","og_type":"article","og_title":"Brasil empat\u00f3 1-1 con Colombia y enfrentar\u00e1 a Uruguay - El Diario - Bolivia","og_description":"Pocas veces Brasil estuvo tan lejos de parecer Brasil. Tan divorciado de su identidad. De su cl\u00e1sica alegr\u00eda. De su f\u00fatbol. Tan impotente. Tan inofensivo. Tan fr\u00e1gil como se lo vio ante Colombia, m\u00e1s all\u00e1 de una t\u00edmida reacci\u00f3n en el final. Clasific\u00f3 y punto. A la Verdeamarela siempre hay que respetarla, pero eso no [&hellip;]","og_url":"https:\/\/www.eldiario.net\/portal\/2024\/07\/02\/brasil-empato-1-1-con-colombia-y-enfrentara-a-uruguay\/","og_site_name":"El Diario - Bolivia","article_publisher":"https:\/\/www.facebook.com\/eldiario.bolivia\/","article_published_time":"2024-07-03T03:29:39+00:00","article_modified_time":"2024-07-03T03:30:45+00:00","og_image":[{"width":707,"height":593,"url":"https:\/\/www.eldiario.net\/portal\/wp-content\/uploads\/2024\/07\/WhatsApp-Image-2024-07-02-at-23.27.33.jpeg","type":"image\/jpeg"}],"author":"luis Camacho","twitter_card":"summary_large_image","twitter_creator":"@eldiario_net","twitter_site":"@eldiario_net","twitter_misc":{"Escrito por":"luis Camacho","Tiempo de lectura":"3 minutos"},"schema":{"@context":"https:\/\/schema.org","@graph":[{"@type":"Article","@id":"https:\/\/www.eldiario.net\/portal\/2024\/07\/02\/brasil-empato-1-1-con-colombia-y-enfrentara-a-uruguay\/#article","isPartOf":{"@id":"https:\/\/www.eldiario.net\/portal\/2024\/07\/02\/brasil-empato-1-1-con-colombia-y-enfrentara-a-uruguay\/"},"author":{"name":"luis Camacho","@id":"https:\/\/www.eldiario.net\/portal\/#\/schema\/person\/cab1ae4db27e5f008a62cbffb05fbfee"},"headline":"Brasil empat\u00f3 1-1 con Colombia y enfrentar\u00e1 a Uruguay","datePublished":"2024-07-03T03:29:39+00:00","dateModified":"2024-07-03T03:30:45+00:00","mainEntityOfPage":{"@id":"https:\/\/www.eldiario.net\/portal\/2024\/07\/02\/brasil-empato-1-1-con-colombia-y-enfrentara-a-uruguay\/"},"wordCount":493,"commentCount":0,"publisher":{"@id":"https:\/\/www.eldiario.net\/portal\/#organization"},"image":{"@id":"https:\/\/www.eldiario.net\/portal\/2024\/07\/02\/brasil-empato-1-1-con-colombia-y-enfrentara-a-uruguay\/#primaryimage"},"thumbnailUrl":"https:\/\/www.eldiario.net\/portal\/wp-content\/uploads\/2024\/07\/WhatsApp-Image-2024-07-02-at-23.27.33.jpeg","articleSection":["Deportes","Portada"],"inLanguage":"es","potentialAction":[{"@type":"CommentAction","name":"Comment","target":["https:\/\/www.eldiario.net\/portal\/2024\/07\/02\/brasil-empato-1-1-con-colombia-y-enfrentara-a-uruguay\/#respond"]}]},{"@type":"WebPage","@id":"https:\/\/www.eldiario.net\/portal\/2024\/07\/02\/brasil-empato-1-1-con-colombia-y-enfrentara-a-uruguay\/","url":"https:\/\/www.eldiario.net\/portal\/2024\/07\/02\/brasil-empato-1-1-con-colombia-y-enfrentara-a-uruguay\/","name":"Brasil empat\u00f3 1-1 con Colombia y enfrentar\u00e1 a Uruguay - El Diario - Bolivia","isPartOf":{"@id":"https:\/\/www.eldiario.net\/portal\/#website"},"primaryImageOfPage":{"@id":"https:\/\/www.eldiario.net\/portal\/2024\/07\/02\/brasil-empato-1-1-con-colombia-y-enfrentara-a-uruguay\/#primaryimage"},"image":{"@id":"https:\/\/www.eldiario.net\/portal\/2024\/07\/02\/brasil-empato-1-1-con-colombia-y-enfrentara-a-uruguay\/#primaryimage"},"thumbnailUrl":"https:\/\/www.eldiario.net\/portal\/wp-content\/uploads\/2024\/07\/WhatsApp-Image-2024-07-02-at-23.27.33.jpeg","datePublished":"2024-07-03T03:29:39+00:00","dateModified":"2024-07-03T03:30:45+00:00","breadcrumb":{"@id":"https:\/\/www.eldiario.net\/portal\/2024\/07\/02\/brasil-empato-1-1-con-colombia-y-enfrentara-a-uruguay\/#breadcrumb"},"inLanguage":"es","potentialAction":[{"@type":"ReadAction","target":["https:\/\/www.eldiario.net\/portal\/2024\/07\/02\/brasil-empato-1-1-con-colombia-y-enfrentara-a-uruguay\/"]}]},{"@type":"ImageObject","inLanguage":"es","@id":"https:\/\/www.eldiario.net\/portal\/2024\/07\/02\/brasil-empato-1-1-con-colombia-y-enfrentara-a-uruguay\/#primaryimage","url":"https:\/\/www.eldiario.net\/portal\/wp-content\/uploads\/2024\/07\/WhatsApp-Image-2024-07-02-at-23.27.33.jpeg","contentUrl":"https:\/\/www.eldiario.net\/portal\/wp-content\/uploads\/2024\/07\/WhatsApp-Image-2024-07-02-at-23.27.33.jpeg","width":707,"height":593},{"@type":"BreadcrumbList","@id":"https:\/\/www.eldiario.net\/portal\/2024\/07\/02\/brasil-empato-1-1-con-colombia-y-enfrentara-a-uruguay\/#breadcrumb","itemListElement":[{"@type":"ListItem","position":1,"name":"Portada","item":"https:\/\/www.eldiario.net\/portal\/"},{"@type":"ListItem","position":2,"name":"Brasil empat\u00f3 1-1 con Colombia y enfrentar\u00e1 a Uruguay"}]},{"@type":"WebSite","@id":"https:\/\/www.eldiario.net\/portal\/#website","url":"https:\/\/www.eldiario.net\/portal\/","name":"El Diario - Decano de la prensa nacional","description":"El Diario - Decano de la prensa nacional","publisher":{"@id":"https:\/\/www.eldiario.net\/portal\/#organization"},"potentialAction":[{"@type":"SearchAction","target":{"@type":"EntryPoint","urlTemplate":"https:\/\/www.eldiario.net\/portal\/?s={search_term_string}"},"query-input":{"@type":"PropertyValueSpecification","valueRequired":true,"valueName":"search_term_string"}}],"inLanguage":"es"},{"@type":"Organization","@id":"https:\/\/www.eldiario.net\/portal\/#organization","name":"El Diario - Decano de la prensa nacional","url":"https:\/\/www.eldiario.net\/portal\/","logo":{"@type":"ImageObject","inLanguage":"es","@id":"https:\/\/www.eldiario.net\/portal\/#\/schema\/logo\/image\/","url":"https:\/\/www.eldiario.net\/portal\/wp-content\/uploads\/2023\/07\/logo_ED.jpg","contentUrl":"https:\/\/www.eldiario.net\/portal\/wp-content\/uploads\/2023\/07\/logo_ED.jpg","width":272,"height":52,"caption":"El Diario - Decano de la prensa nacional"},"image":{"@id":"https:\/\/www.eldiario.net\/portal\/#\/schema\/logo\/image\/"},"sameAs":["https:\/\/www.facebook.com\/eldiario.bolivia\/","https:\/\/x.com\/eldiario_net"]},{"@type":"Person","@id":"https:\/\/www.eldiario.net\/portal\/#\/schema\/person\/cab1ae4db27e5f008a62cbffb05fbfee","name":"luis Camacho","image":{"@type":"ImageObject","inLanguage":"es","@id":"https:\/\/secure.gravatar.com\/avatar\/69ecb836b3826d5a2501bf06ab2a2f2c8ab211cc846758f395df21684cb38313?s=96&d=mm&r=g","url":"https:\/\/secure.gravatar.com\/avatar\/69ecb836b3826d5a2501bf06ab2a2f2c8ab211cc846758f395df21684cb38313?s=96&d=mm&r=g","contentUrl":"https:\/\/secure.gravatar.com\/avatar\/69ecb836b3826d5a2501bf06ab2a2f2c8ab211cc846758f395df21684cb38313?s=96&d=mm&r=g","caption":"luis Camacho"},"url":"https:\/\/www.eldiario.net\/portal\/author\/luis\/"}]}},"_links":{"self":[{"href":"https:\/\/www.eldiario.net\/portal\/wp-json\/wp\/v2\/posts\/231357","targetHints":{"allow":["GET"]}}],"collection":[{"href":"https:\/\/www.eldiario.net\/portal\/wp-json\/wp\/v2\/posts"}],"about":[{"href":"https:\/\/www.eldiario.net\/portal\/wp-json\/wp\/v2\/types\/post"}],"author":[{"embeddable":true,"href":"https:\/\/www.eldiario.net\/portal\/wp-json\/wp\/v2\/users\/2"}],"replies":[{"embeddable":true,"href":"https:\/\/www.eldiario.net\/portal\/wp-json\/wp\/v2\/comments?post=231357"}],"version-history":[{"count":2,"href":"https:\/\/www.eldiario.net\/portal\/wp-json\/wp\/v2\/posts\/231357\/revisions"}],"predecessor-version":[{"id":231361,"href":"https:\/\/www.eldiario.net\/portal\/wp-json\/wp\/v2\/posts\/231357\/revisions\/231361"}],"wp:featuredmedia":[{"embeddable":true,"href":"https:\/\/www.eldiario.net\/portal\/wp-json\/wp\/v2\/media\/231358"}],"wp:attachment":[{"href":"https:\/\/www.eldiario.net\/portal\/wp-json\/wp\/v2\/media?parent=231357"}],"wp:term":[{"taxonomy":"category","embeddable":true,"href":"https:\/\/www.eldiario.net\/portal\/wp-json\/wp\/v2\/categories?post=231357"},{"taxonomy":"post_tag","embeddable":true,"href":"https:\/\/www.eldiario.net\/portal\/wp-json\/wp\/v2\/tags?post=231357"}],"curies":[{"name":"wp","href":"https:\/\/api.w.org\/{rel}","templated":true}]}}