{"id":231334,"date":"2024-07-02T15:57:56","date_gmt":"2024-07-02T19:57:56","guid":{"rendered":"https:\/\/www.eldiario.net\/portal\/?p=231334"},"modified":"2024-07-02T15:57:56","modified_gmt":"2024-07-02T19:57:56","slug":"chuquisaca-cortan-circulacion-de-motorizados-en-tramo-vial-sucre-ravelo","status":"publish","type":"post","link":"https:\/\/www.eldiario.net\/portal\/2024\/07\/02\/chuquisaca-cortan-circulacion-de-motorizados-en-tramo-vial-sucre-ravelo\/","title":{"rendered":"Chuquisaca: cortan circulaci\u00f3n de motorizados en tramo vial Sucre-Ravelo"},"content":{"rendered":"<p>El tr\u00e1nsito de autom\u00f3viles en el tramo vial Sucre-Ravelo del departamento de Chuquisaca ser\u00e1 cortado este mi\u00e9rcoles, entre las 7:00 y las 17:00 horas.<\/p>\n<p>La Administradora Boliviana de Carreteras inform\u00f3 por medio de un comunicado que se suspender\u00e1 la circulaci\u00f3n vehicular por el sector denominado cruce Guadalupe, para la instalaci\u00f3n de una alcantarilla met\u00e1lica.<\/p>\n<p>Por lo tanto, se recomend\u00f3 que los usuarios de la v\u00eda tomen sus previsiones y respeten la se\u00f1alizaci\u00f3n de advertencia que ser\u00e1 habilitada por el lugar.<\/p>\n","protected":false},"excerpt":{"rendered":"<p>El tr\u00e1nsito de autom\u00f3viles en el tramo vial Sucre-Ravelo del departamento de Chuquisaca ser\u00e1 cortado este mi\u00e9rcoles, entre las 7:00 y las 17:00 horas. La Administradora Boliviana de Carreteras inform\u00f3 por medio de un comunicado que se suspender\u00e1 la circulaci\u00f3n vehicular por el sector denominado cruce Guadalupe, para la instalaci\u00f3n de una alcantarilla met\u00e1lica. Por [&hellip;]<\/p>\n","protected":false},"author":2,"featured_media":231335,"comment_status":"open","ping_status":"open","sticky":false,"template":"","format":"standard","meta":{"_acf_changed":false,"footnotes":""},"categories":[51],"tags":[],"class_list":["post-231334","post","type-post","status-publish","format-standard","has-post-thumbnail","category-ultima-hora"],"acf":{"antetitulo":""},"yoast_head":"<!-- This site is optimized with the Yoast SEO plugin v28.3 - https:\/\/yoast.com\/product\/yoast-seo-wordpress\/ -->\n<title>Chuquisaca: cortan circulaci\u00f3n de motorizados en tramo vial Sucre-Ravelo - El Diario - Bolivia<\/title>\n<meta name=\"robots\" content=\"index, follow, max-snippet:-1, max-image-preview:large, max-video-preview:-1\" \/>\n<link rel=\"canonical\" href=\"https:\/\/www.eldiario.net\/portal\/2024\/07\/02\/chuquisaca-cortan-circulacion-de-motorizados-en-tramo-vial-sucre-ravelo\/\" \/>\n<meta property=\"og:locale\" content=\"es_ES\" \/>\n<meta property=\"og:type\" content=\"article\" \/>\n<meta property=\"og:title\" content=\"Chuquisaca: cortan circulaci\u00f3n de motorizados en tramo vial Sucre-Ravelo - El Diario - Bolivia\" \/>\n<meta property=\"og:description\" content=\"El tr\u00e1nsito de autom\u00f3viles en el tramo vial Sucre-Ravelo del departamento de Chuquisaca ser\u00e1 cortado este mi\u00e9rcoles, entre las 7:00 y las 17:00 horas. La Administradora Boliviana de Carreteras inform\u00f3 por medio de un comunicado que se suspender\u00e1 la circulaci\u00f3n vehicular por el sector denominado cruce Guadalupe, para la instalaci\u00f3n de una alcantarilla met\u00e1lica. Por [&hellip;]\" \/>\n<meta property=\"og:url\" content=\"https:\/\/www.eldiario.net\/portal\/2024\/07\/02\/chuquisaca-cortan-circulacion-de-motorizados-en-tramo-vial-sucre-ravelo\/\" \/>\n<meta property=\"og:site_name\" content=\"El Diario - Bolivia\" \/>\n<meta property=\"article:publisher\" content=\"https:\/\/www.facebook.com\/eldiario.bolivia\/\" \/>\n<meta property=\"article:published_time\" content=\"2024-07-02T19:57:56+00:00\" \/>\n<meta property=\"og:image\" content=\"https:\/\/www.eldiario.net\/portal\/wp-content\/uploads\/2024\/07\/RAVELO.jpeg\" \/>\n\t<meta property=\"og:image:width\" content=\"1000\" \/>\n\t<meta property=\"og:image:height\" content=\"750\" \/>\n\t<meta property=\"og:image:type\" content=\"image\/jpeg\" \/>\n<meta name=\"author\" content=\"luis Camacho\" \/>\n<meta name=\"twitter:card\" content=\"summary_large_image\" \/>\n<meta name=\"twitter:creator\" content=\"@eldiario_net\" \/>\n<meta name=\"twitter:site\" content=\"@eldiario_net\" \/>\n<meta name=\"twitter:label1\" content=\"Escrito por\" \/>\n\t<meta name=\"twitter:data1\" content=\"luis Camacho\" \/>\n\t<meta name=\"twitter:label2\" content=\"Tiempo de lectura\" \/>\n\t<meta name=\"twitter:data2\" content=\"1 minuto\" \/>\n<script type=\"application\/ld+json\" class=\"yoast-schema-graph\">{\"@context\":\"https:\\\/\\\/schema.org\",\"@graph\":[{\"@type\":\"Article\",\"@id\":\"https:\\\/\\\/www.eldiario.net\\\/portal\\\/2024\\\/07\\\/02\\\/chuquisaca-cortan-circulacion-de-motorizados-en-tramo-vial-sucre-ravelo\\\/#article\",\"isPartOf\":{\"@id\":\"https:\\\/\\\/www.eldiario.net\\\/portal\\\/2024\\\/07\\\/02\\\/chuquisaca-cortan-circulacion-de-motorizados-en-tramo-vial-sucre-ravelo\\\/\"},\"author\":{\"name\":\"luis Camacho\",\"@id\":\"https:\\\/\\\/www.eldiario.net\\\/portal\\\/#\\\/schema\\\/person\\\/cab1ae4db27e5f008a62cbffb05fbfee\"},\"headline\":\"Chuquisaca: cortan circulaci\u00f3n de motorizados en tramo vial Sucre-Ravelo\",\"datePublished\":\"2024-07-02T19:57:56+00:00\",\"mainEntityOfPage\":{\"@id\":\"https:\\\/\\\/www.eldiario.net\\\/portal\\\/2024\\\/07\\\/02\\\/chuquisaca-cortan-circulacion-de-motorizados-en-tramo-vial-sucre-ravelo\\\/\"},\"wordCount\":97,\"commentCount\":0,\"publisher\":{\"@id\":\"https:\\\/\\\/www.eldiario.net\\\/portal\\\/#organization\"},\"image\":{\"@id\":\"https:\\\/\\\/www.eldiario.net\\\/portal\\\/2024\\\/07\\\/02\\\/chuquisaca-cortan-circulacion-de-motorizados-en-tramo-vial-sucre-ravelo\\\/#primaryimage\"},\"thumbnailUrl\":\"https:\\\/\\\/www.eldiario.net\\\/portal\\\/wp-content\\\/uploads\\\/2024\\\/07\\\/RAVELO.jpeg\",\"articleSection\":[\"\u00daltima Hora\"],\"inLanguage\":\"es\",\"potentialAction\":[{\"@type\":\"CommentAction\",\"name\":\"Comment\",\"target\":[\"https:\\\/\\\/www.eldiario.net\\\/portal\\\/2024\\\/07\\\/02\\\/chuquisaca-cortan-circulacion-de-motorizados-en-tramo-vial-sucre-ravelo\\\/#respond\"]}]},{\"@type\":\"WebPage\",\"@id\":\"https:\\\/\\\/www.eldiario.net\\\/portal\\\/2024\\\/07\\\/02\\\/chuquisaca-cortan-circulacion-de-motorizados-en-tramo-vial-sucre-ravelo\\\/\",\"url\":\"https:\\\/\\\/www.eldiario.net\\\/portal\\\/2024\\\/07\\\/02\\\/chuquisaca-cortan-circulacion-de-motorizados-en-tramo-vial-sucre-ravelo\\\/\",\"name\":\"Chuquisaca: cortan circulaci\u00f3n de motorizados en tramo vial Sucre-Ravelo - El Diario - Bolivia\",\"isPartOf\":{\"@id\":\"https:\\\/\\\/www.eldiario.net\\\/portal\\\/#website\"},\"primaryImageOfPage\":{\"@id\":\"https:\\\/\\\/www.eldiario.net\\\/portal\\\/2024\\\/07\\\/02\\\/chuquisaca-cortan-circulacion-de-motorizados-en-tramo-vial-sucre-ravelo\\\/#primaryimage\"},\"image\":{\"@id\":\"https:\\\/\\\/www.eldiario.net\\\/portal\\\/2024\\\/07\\\/02\\\/chuquisaca-cortan-circulacion-de-motorizados-en-tramo-vial-sucre-ravelo\\\/#primaryimage\"},\"thumbnailUrl\":\"https:\\\/\\\/www.eldiario.net\\\/portal\\\/wp-content\\\/uploads\\\/2024\\\/07\\\/RAVELO.jpeg\",\"datePublished\":\"2024-07-02T19:57:56+00:00\",\"breadcrumb\":{\"@id\":\"https:\\\/\\\/www.eldiario.net\\\/portal\\\/2024\\\/07\\\/02\\\/chuquisaca-cortan-circulacion-de-motorizados-en-tramo-vial-sucre-ravelo\\\/#breadcrumb\"},\"inLanguage\":\"es\",\"potentialAction\":[{\"@type\":\"ReadAction\",\"target\":[\"https:\\\/\\\/www.eldiario.net\\\/portal\\\/2024\\\/07\\\/02\\\/chuquisaca-cortan-circulacion-de-motorizados-en-tramo-vial-sucre-ravelo\\\/\"]}]},{\"@type\":\"ImageObject\",\"inLanguage\":\"es\",\"@id\":\"https:\\\/\\\/www.eldiario.net\\\/portal\\\/2024\\\/07\\\/02\\\/chuquisaca-cortan-circulacion-de-motorizados-en-tramo-vial-sucre-ravelo\\\/#primaryimage\",\"url\":\"https:\\\/\\\/www.eldiario.net\\\/portal\\\/wp-content\\\/uploads\\\/2024\\\/07\\\/RAVELO.jpeg\",\"contentUrl\":\"https:\\\/\\\/www.eldiario.net\\\/portal\\\/wp-content\\\/uploads\\\/2024\\\/07\\\/RAVELO.jpeg\",\"width\":1000,\"height\":750,\"caption\":\"Foto; ABI.\"},{\"@type\":\"BreadcrumbList\",\"@id\":\"https:\\\/\\\/www.eldiario.net\\\/portal\\\/2024\\\/07\\\/02\\\/chuquisaca-cortan-circulacion-de-motorizados-en-tramo-vial-sucre-ravelo\\\/#breadcrumb\",\"itemListElement\":[{\"@type\":\"ListItem\",\"position\":1,\"name\":\"Portada\",\"item\":\"https:\\\/\\\/www.eldiario.net\\\/portal\\\/\"},{\"@type\":\"ListItem\",\"position\":2,\"name\":\"Chuquisaca: cortan circulaci\u00f3n de motorizados en tramo vial Sucre-Ravelo\"}]},{\"@type\":\"WebSite\",\"@id\":\"https:\\\/\\\/www.eldiario.net\\\/portal\\\/#website\",\"url\":\"https:\\\/\\\/www.eldiario.net\\\/portal\\\/\",\"name\":\"El Diario - Decano de la prensa nacional\",\"description\":\"El Diario - Decano de la prensa nacional\",\"publisher\":{\"@id\":\"https:\\\/\\\/www.eldiario.net\\\/portal\\\/#organization\"},\"potentialAction\":[{\"@type\":\"SearchAction\",\"target\":{\"@type\":\"EntryPoint\",\"urlTemplate\":\"https:\\\/\\\/www.eldiario.net\\\/portal\\\/?s={search_term_string}\"},\"query-input\":{\"@type\":\"PropertyValueSpecification\",\"valueRequired\":true,\"valueName\":\"search_term_string\"}}],\"inLanguage\":\"es\"},{\"@type\":\"Organization\",\"@id\":\"https:\\\/\\\/www.eldiario.net\\\/portal\\\/#organization\",\"name\":\"El Diario - Decano de la prensa nacional\",\"url\":\"https:\\\/\\\/www.eldiario.net\\\/portal\\\/\",\"logo\":{\"@type\":\"ImageObject\",\"inLanguage\":\"es\",\"@id\":\"https:\\\/\\\/www.eldiario.net\\\/portal\\\/#\\\/schema\\\/logo\\\/image\\\/\",\"url\":\"https:\\\/\\\/www.eldiario.net\\\/portal\\\/wp-content\\\/uploads\\\/2023\\\/07\\\/logo_ED.jpg\",\"contentUrl\":\"https:\\\/\\\/www.eldiario.net\\\/portal\\\/wp-content\\\/uploads\\\/2023\\\/07\\\/logo_ED.jpg\",\"width\":272,\"height\":52,\"caption\":\"El Diario - Decano de la prensa nacional\"},\"image\":{\"@id\":\"https:\\\/\\\/www.eldiario.net\\\/portal\\\/#\\\/schema\\\/logo\\\/image\\\/\"},\"sameAs\":[\"https:\\\/\\\/www.facebook.com\\\/eldiario.bolivia\\\/\",\"https:\\\/\\\/x.com\\\/eldiario_net\"]},{\"@type\":\"Person\",\"@id\":\"https:\\\/\\\/www.eldiario.net\\\/portal\\\/#\\\/schema\\\/person\\\/cab1ae4db27e5f008a62cbffb05fbfee\",\"name\":\"luis Camacho\",\"image\":{\"@type\":\"ImageObject\",\"inLanguage\":\"es\",\"@id\":\"https:\\\/\\\/secure.gravatar.com\\\/avatar\\\/69ecb836b3826d5a2501bf06ab2a2f2c8ab211cc846758f395df21684cb38313?s=96&d=mm&r=g\",\"url\":\"https:\\\/\\\/secure.gravatar.com\\\/avatar\\\/69ecb836b3826d5a2501bf06ab2a2f2c8ab211cc846758f395df21684cb38313?s=96&d=mm&r=g\",\"contentUrl\":\"https:\\\/\\\/secure.gravatar.com\\\/avatar\\\/69ecb836b3826d5a2501bf06ab2a2f2c8ab211cc846758f395df21684cb38313?s=96&d=mm&r=g\",\"caption\":\"luis Camacho\"},\"url\":\"https:\\\/\\\/www.eldiario.net\\\/portal\\\/author\\\/luis\\\/\"}]}<\/script>\n<!-- \/ Yoast SEO plugin. -->","yoast_head_json":{"title":"Chuquisaca: cortan circulaci\u00f3n de motorizados en tramo vial Sucre-Ravelo - El Diario - Bolivia","robots":{"index":"index","follow":"follow","max-snippet":"max-snippet:-1","max-image-preview":"max-image-preview:large","max-video-preview":"max-video-preview:-1"},"canonical":"https:\/\/www.eldiario.net\/portal\/2024\/07\/02\/chuquisaca-cortan-circulacion-de-motorizados-en-tramo-vial-sucre-ravelo\/","og_locale":"es_ES","og_type":"article","og_title":"Chuquisaca: cortan circulaci\u00f3n de motorizados en tramo vial Sucre-Ravelo - El Diario - Bolivia","og_description":"El tr\u00e1nsito de autom\u00f3viles en el tramo vial Sucre-Ravelo del departamento de Chuquisaca ser\u00e1 cortado este mi\u00e9rcoles, entre las 7:00 y las 17:00 horas. La Administradora Boliviana de Carreteras inform\u00f3 por medio de un comunicado que se suspender\u00e1 la circulaci\u00f3n vehicular por el sector denominado cruce Guadalupe, para la instalaci\u00f3n de una alcantarilla met\u00e1lica. Por [&hellip;]","og_url":"https:\/\/www.eldiario.net\/portal\/2024\/07\/02\/chuquisaca-cortan-circulacion-de-motorizados-en-tramo-vial-sucre-ravelo\/","og_site_name":"El Diario - Bolivia","article_publisher":"https:\/\/www.facebook.com\/eldiario.bolivia\/","article_published_time":"2024-07-02T19:57:56+00:00","og_image":[{"width":1000,"height":750,"url":"https:\/\/www.eldiario.net\/portal\/wp-content\/uploads\/2024\/07\/RAVELO.jpeg","type":"image\/jpeg"}],"author":"luis Camacho","twitter_card":"summary_large_image","twitter_creator":"@eldiario_net","twitter_site":"@eldiario_net","twitter_misc":{"Escrito por":"luis Camacho","Tiempo de lectura":"1 minuto"},"schema":{"@context":"https:\/\/schema.org","@graph":[{"@type":"Article","@id":"https:\/\/www.eldiario.net\/portal\/2024\/07\/02\/chuquisaca-cortan-circulacion-de-motorizados-en-tramo-vial-sucre-ravelo\/#article","isPartOf":{"@id":"https:\/\/www.eldiario.net\/portal\/2024\/07\/02\/chuquisaca-cortan-circulacion-de-motorizados-en-tramo-vial-sucre-ravelo\/"},"author":{"name":"luis Camacho","@id":"https:\/\/www.eldiario.net\/portal\/#\/schema\/person\/cab1ae4db27e5f008a62cbffb05fbfee"},"headline":"Chuquisaca: cortan circulaci\u00f3n de motorizados en tramo vial Sucre-Ravelo","datePublished":"2024-07-02T19:57:56+00:00","mainEntityOfPage":{"@id":"https:\/\/www.eldiario.net\/portal\/2024\/07\/02\/chuquisaca-cortan-circulacion-de-motorizados-en-tramo-vial-sucre-ravelo\/"},"wordCount":97,"commentCount":0,"publisher":{"@id":"https:\/\/www.eldiario.net\/portal\/#organization"},"image":{"@id":"https:\/\/www.eldiario.net\/portal\/2024\/07\/02\/chuquisaca-cortan-circulacion-de-motorizados-en-tramo-vial-sucre-ravelo\/#primaryimage"},"thumbnailUrl":"https:\/\/www.eldiario.net\/portal\/wp-content\/uploads\/2024\/07\/RAVELO.jpeg","articleSection":["\u00daltima Hora"],"inLanguage":"es","potentialAction":[{"@type":"CommentAction","name":"Comment","target":["https:\/\/www.eldiario.net\/portal\/2024\/07\/02\/chuquisaca-cortan-circulacion-de-motorizados-en-tramo-vial-sucre-ravelo\/#respond"]}]},{"@type":"WebPage","@id":"https:\/\/www.eldiario.net\/portal\/2024\/07\/02\/chuquisaca-cortan-circulacion-de-motorizados-en-tramo-vial-sucre-ravelo\/","url":"https:\/\/www.eldiario.net\/portal\/2024\/07\/02\/chuquisaca-cortan-circulacion-de-motorizados-en-tramo-vial-sucre-ravelo\/","name":"Chuquisaca: cortan circulaci\u00f3n de motorizados en tramo vial Sucre-Ravelo - El Diario - Bolivia","isPartOf":{"@id":"https:\/\/www.eldiario.net\/portal\/#website"},"primaryImageOfPage":{"@id":"https:\/\/www.eldiario.net\/portal\/2024\/07\/02\/chuquisaca-cortan-circulacion-de-motorizados-en-tramo-vial-sucre-ravelo\/#primaryimage"},"image":{"@id":"https:\/\/www.eldiario.net\/portal\/2024\/07\/02\/chuquisaca-cortan-circulacion-de-motorizados-en-tramo-vial-sucre-ravelo\/#primaryimage"},"thumbnailUrl":"https:\/\/www.eldiario.net\/portal\/wp-content\/uploads\/2024\/07\/RAVELO.jpeg","datePublished":"2024-07-02T19:57:56+00:00","breadcrumb":{"@id":"https:\/\/www.eldiario.net\/portal\/2024\/07\/02\/chuquisaca-cortan-circulacion-de-motorizados-en-tramo-vial-sucre-ravelo\/#breadcrumb"},"inLanguage":"es","potentialAction":[{"@type":"ReadAction","target":["https:\/\/www.eldiario.net\/portal\/2024\/07\/02\/chuquisaca-cortan-circulacion-de-motorizados-en-tramo-vial-sucre-ravelo\/"]}]},{"@type":"ImageObject","inLanguage":"es","@id":"https:\/\/www.eldiario.net\/portal\/2024\/07\/02\/chuquisaca-cortan-circulacion-de-motorizados-en-tramo-vial-sucre-ravelo\/#primaryimage","url":"https:\/\/www.eldiario.net\/portal\/wp-content\/uploads\/2024\/07\/RAVELO.jpeg","contentUrl":"https:\/\/www.eldiario.net\/portal\/wp-content\/uploads\/2024\/07\/RAVELO.jpeg","width":1000,"height":750,"caption":"Foto; ABI."},{"@type":"BreadcrumbList","@id":"https:\/\/www.eldiario.net\/portal\/2024\/07\/02\/chuquisaca-cortan-circulacion-de-motorizados-en-tramo-vial-sucre-ravelo\/#breadcrumb","itemListElement":[{"@type":"ListItem","position":1,"name":"Portada","item":"https:\/\/www.eldiario.net\/portal\/"},{"@type":"ListItem","position":2,"name":"Chuquisaca: cortan circulaci\u00f3n de motorizados en tramo vial Sucre-Ravelo"}]},{"@type":"WebSite","@id":"https:\/\/www.eldiario.net\/portal\/#website","url":"https:\/\/www.eldiario.net\/portal\/","name":"El Diario - Decano de la prensa nacional","description":"El Diario - Decano de la prensa nacional","publisher":{"@id":"https:\/\/www.eldiario.net\/portal\/#organization"},"potentialAction":[{"@type":"SearchAction","target":{"@type":"EntryPoint","urlTemplate":"https:\/\/www.eldiario.net\/portal\/?s={search_term_string}"},"query-input":{"@type":"PropertyValueSpecification","valueRequired":true,"valueName":"search_term_string"}}],"inLanguage":"es"},{"@type":"Organization","@id":"https:\/\/www.eldiario.net\/portal\/#organization","name":"El Diario - Decano de la prensa nacional","url":"https:\/\/www.eldiario.net\/portal\/","logo":{"@type":"ImageObject","inLanguage":"es","@id":"https:\/\/www.eldiario.net\/portal\/#\/schema\/logo\/image\/","url":"https:\/\/www.eldiario.net\/portal\/wp-content\/uploads\/2023\/07\/logo_ED.jpg","contentUrl":"https:\/\/www.eldiario.net\/portal\/wp-content\/uploads\/2023\/07\/logo_ED.jpg","width":272,"height":52,"caption":"El Diario - Decano de la prensa nacional"},"image":{"@id":"https:\/\/www.eldiario.net\/portal\/#\/schema\/logo\/image\/"},"sameAs":["https:\/\/www.facebook.com\/eldiario.bolivia\/","https:\/\/x.com\/eldiario_net"]},{"@type":"Person","@id":"https:\/\/www.eldiario.net\/portal\/#\/schema\/person\/cab1ae4db27e5f008a62cbffb05fbfee","name":"luis Camacho","image":{"@type":"ImageObject","inLanguage":"es","@id":"https:\/\/secure.gravatar.com\/avatar\/69ecb836b3826d5a2501bf06ab2a2f2c8ab211cc846758f395df21684cb38313?s=96&d=mm&r=g","url":"https:\/\/secure.gravatar.com\/avatar\/69ecb836b3826d5a2501bf06ab2a2f2c8ab211cc846758f395df21684cb38313?s=96&d=mm&r=g","contentUrl":"https:\/\/secure.gravatar.com\/avatar\/69ecb836b3826d5a2501bf06ab2a2f2c8ab211cc846758f395df21684cb38313?s=96&d=mm&r=g","caption":"luis Camacho"},"url":"https:\/\/www.eldiario.net\/portal\/author\/luis\/"}]}},"_links":{"self":[{"href":"https:\/\/www.eldiario.net\/portal\/wp-json\/wp\/v2\/posts\/231334","targetHints":{"allow":["GET"]}}],"collection":[{"href":"https:\/\/www.eldiario.net\/portal\/wp-json\/wp\/v2\/posts"}],"about":[{"href":"https:\/\/www.eldiario.net\/portal\/wp-json\/wp\/v2\/types\/post"}],"author":[{"embeddable":true,"href":"https:\/\/www.eldiario.net\/portal\/wp-json\/wp\/v2\/users\/2"}],"replies":[{"embeddable":true,"href":"https:\/\/www.eldiario.net\/portal\/wp-json\/wp\/v2\/comments?post=231334"}],"version-history":[{"count":1,"href":"https:\/\/www.eldiario.net\/portal\/wp-json\/wp\/v2\/posts\/231334\/revisions"}],"predecessor-version":[{"id":231336,"href":"https:\/\/www.eldiario.net\/portal\/wp-json\/wp\/v2\/posts\/231334\/revisions\/231336"}],"wp:featuredmedia":[{"embeddable":true,"href":"https:\/\/www.eldiario.net\/portal\/wp-json\/wp\/v2\/media\/231335"}],"wp:attachment":[{"href":"https:\/\/www.eldiario.net\/portal\/wp-json\/wp\/v2\/media?parent=231334"}],"wp:term":[{"taxonomy":"category","embeddable":true,"href":"https:\/\/www.eldiario.net\/portal\/wp-json\/wp\/v2\/categories?post=231334"},{"taxonomy":"post_tag","embeddable":true,"href":"https:\/\/www.eldiario.net\/portal\/wp-json\/wp\/v2\/tags?post=231334"}],"curies":[{"name":"wp","href":"https:\/\/api.w.org\/{rel}","templated":true}]}}