{"id":231306,"date":"2024-07-02T06:10:43","date_gmt":"2024-07-02T10:10:43","guid":{"rendered":"https:\/\/www.eldiario.net\/portal\/?p=231306"},"modified":"2024-07-02T06:10:43","modified_gmt":"2024-07-02T10:10:43","slug":"el-rendimiento-de-los-jugadores-fue-bajo","status":"publish","type":"post","link":"https:\/\/www.eldiario.net\/portal\/2024\/07\/02\/el-rendimiento-de-los-jugadores-fue-bajo\/","title":{"rendered":"El rendimiento de los jugadores fue bajo"},"content":{"rendered":"<p>Esta es la calificaci\u00f3n, en una escala del 0 al 7, de los jugadores de la Selecci\u00f3n Nacional, tras el partido jugado contra Panam\u00e1, en la tercera fecha del grupo \u00abC\u00bb de la Copa Am\u00e9rica USA 2024.<\/p>\n<p>GUILLERMO VISCARRA (3): Volvi\u00f3 a colocar el pecho por el descuido de sus defensores.<\/p>\n<p>YOMAR ROCHA (3): Coloc\u00f3 actitud sin proyecci\u00f3n, aunque fue superado en la marcaci\u00f3n.<\/p>\n<p>H\u00c9CTOR CU\u00c9LLAR (2): Le falt\u00f3 coordinaci\u00f3n y serenidad para defender.<\/p>\n<p>LUIS HAQUIN (2): Fall\u00f3 en la cobertura, en los despejes y transmiti\u00f3 inseguridad.<\/p>\n<p>JOS\u00c9 SAGREDO (2): Perdi\u00f3 la marcaci\u00f3n y tuvo que recurrir a la marcaci\u00f3n brusca.<\/p>\n<p>MARCELO SU\u00c1REZ (2): Tuvo buenas intenciones, pero mostr\u00f3 sus limitaciones en la marca.<\/p>\n<p>BORIS C\u00c9SPEDES (2): Fall\u00f3 en la entrega, no era seguro en la salida.<\/p>\n<p>GABRIEL VILLAMIL (2): Tuvo chispazos de buen juego, insuficiente para mejorar la producci\u00f3n.<\/p>\n<p>RAMIRO VACA (3): Dio el pase del \u00fanico gol, encar\u00f3 a los rivales.<\/p>\n<p>MIGUEL TERCEROS (3): Fue m\u00e1s vertical en su juego, aunque le falt\u00f3 confianza en un par de jugadas.<\/p>\n<p>CARMELO ALGARA\u00d1AZ (2): Tuvo un buen inicio, pero desapareci\u00f3 sin encontrar conexi\u00f3n con sus compa\u00f1eros-<\/p>\n<p>INGRESARON:<br \/>\nBRUNO MIRANDA (3): Fue el autor del \u00fanico gol.<\/p>\n<p>ADALID TERRAZAS (2): Poco hizo para cambiar el juego y para mostrar sus condiciones.<\/p>\n<p>LEONEL JUSTINIANO (2): Ingres\u00f3 desenfocado del partido e impreciso.<\/p>\n<p>FERNANDO SAUCEDO (2): Poca trascendencia con su ingreso.<\/p>\n<p>LUCAS CH\u00c1VEZ (2): Su aporte fue m\u00ednimo.<\/p>\n","protected":false},"excerpt":{"rendered":"<p>Esta es la calificaci\u00f3n, en una escala del 0 al 7, de los jugadores de la Selecci\u00f3n Nacional, tras el partido jugado contra Panam\u00e1, en la tercera fecha del grupo \u00abC\u00bb de la Copa Am\u00e9rica USA 2024. GUILLERMO VISCARRA (3): Volvi\u00f3 a colocar el pecho por el descuido de sus defensores. YOMAR ROCHA (3): Coloc\u00f3 [&hellip;]<\/p>\n","protected":false},"author":1,"featured_media":231307,"comment_status":"open","ping_status":"open","sticky":false,"template":"","format":"standard","meta":{"_acf_changed":false,"footnotes":""},"categories":[6],"tags":[],"class_list":["post-231306","post","type-post","status-publish","format-standard","has-post-thumbnail","category-deportes"],"acf":{"antetitulo":""},"yoast_head":"<!-- This site is optimized with the Yoast SEO plugin v28.3 - https:\/\/yoast.com\/product\/yoast-seo-wordpress\/ -->\n<title>El rendimiento de los jugadores fue bajo - El Diario - Bolivia<\/title>\n<meta name=\"robots\" content=\"index, follow, max-snippet:-1, max-image-preview:large, max-video-preview:-1\" \/>\n<link rel=\"canonical\" href=\"https:\/\/www.eldiario.net\/portal\/2024\/07\/02\/el-rendimiento-de-los-jugadores-fue-bajo\/\" \/>\n<meta property=\"og:locale\" content=\"es_ES\" \/>\n<meta property=\"og:type\" content=\"article\" \/>\n<meta property=\"og:title\" content=\"El rendimiento de los jugadores fue bajo - El Diario - Bolivia\" \/>\n<meta property=\"og:description\" content=\"Esta es la calificaci\u00f3n, en una escala del 0 al 7, de los jugadores de la Selecci\u00f3n Nacional, tras el partido jugado contra Panam\u00e1, en la tercera fecha del grupo \u00abC\u00bb de la Copa Am\u00e9rica USA 2024. GUILLERMO VISCARRA (3): Volvi\u00f3 a colocar el pecho por el descuido de sus defensores. YOMAR ROCHA (3): Coloc\u00f3 [&hellip;]\" \/>\n<meta property=\"og:url\" content=\"https:\/\/www.eldiario.net\/portal\/2024\/07\/02\/el-rendimiento-de-los-jugadores-fue-bajo\/\" \/>\n<meta property=\"og:site_name\" content=\"El Diario - Bolivia\" \/>\n<meta property=\"article:publisher\" content=\"https:\/\/www.facebook.com\/eldiario.bolivia\/\" \/>\n<meta property=\"article:published_time\" content=\"2024-07-02T10:10:43+00:00\" \/>\n<meta property=\"og:image\" content=\"https:\/\/www.eldiario.net\/portal\/wp-content\/uploads\/2024\/07\/GRc0ARzWkAAoLt5.jpg\" \/>\n\t<meta property=\"og:image:width\" content=\"1200\" \/>\n\t<meta property=\"og:image:height\" content=\"800\" \/>\n\t<meta property=\"og:image:type\" content=\"image\/jpeg\" \/>\n<meta name=\"author\" content=\"Jeanette\" \/>\n<meta name=\"twitter:card\" content=\"summary_large_image\" \/>\n<meta name=\"twitter:creator\" content=\"@eldiario_net\" \/>\n<meta name=\"twitter:site\" content=\"@eldiario_net\" \/>\n<meta name=\"twitter:label1\" content=\"Escrito por\" \/>\n\t<meta name=\"twitter:data1\" content=\"Jeanette\" \/>\n\t<meta name=\"twitter:label2\" content=\"Tiempo de lectura\" \/>\n\t<meta name=\"twitter:data2\" content=\"2 minutos\" \/>\n<script type=\"application\/ld+json\" class=\"yoast-schema-graph\">{\"@context\":\"https:\\\/\\\/schema.org\",\"@graph\":[{\"@type\":\"Article\",\"@id\":\"https:\\\/\\\/www.eldiario.net\\\/portal\\\/2024\\\/07\\\/02\\\/el-rendimiento-de-los-jugadores-fue-bajo\\\/#article\",\"isPartOf\":{\"@id\":\"https:\\\/\\\/www.eldiario.net\\\/portal\\\/2024\\\/07\\\/02\\\/el-rendimiento-de-los-jugadores-fue-bajo\\\/\"},\"author\":{\"name\":\"Jeanette\",\"@id\":\"https:\\\/\\\/www.eldiario.net\\\/portal\\\/#\\\/schema\\\/person\\\/f46445640444750d7d753ccd04ae01b7\"},\"headline\":\"El rendimiento de los jugadores fue bajo\",\"datePublished\":\"2024-07-02T10:10:43+00:00\",\"mainEntityOfPage\":{\"@id\":\"https:\\\/\\\/www.eldiario.net\\\/portal\\\/2024\\\/07\\\/02\\\/el-rendimiento-de-los-jugadores-fue-bajo\\\/\"},\"wordCount\":241,\"commentCount\":0,\"publisher\":{\"@id\":\"https:\\\/\\\/www.eldiario.net\\\/portal\\\/#organization\"},\"image\":{\"@id\":\"https:\\\/\\\/www.eldiario.net\\\/portal\\\/2024\\\/07\\\/02\\\/el-rendimiento-de-los-jugadores-fue-bajo\\\/#primaryimage\"},\"thumbnailUrl\":\"https:\\\/\\\/www.eldiario.net\\\/portal\\\/wp-content\\\/uploads\\\/2024\\\/07\\\/GRc0ARzWkAAoLt5.jpg\",\"articleSection\":[\"Deportes\"],\"inLanguage\":\"es\",\"potentialAction\":[{\"@type\":\"CommentAction\",\"name\":\"Comment\",\"target\":[\"https:\\\/\\\/www.eldiario.net\\\/portal\\\/2024\\\/07\\\/02\\\/el-rendimiento-de-los-jugadores-fue-bajo\\\/#respond\"]}]},{\"@type\":\"WebPage\",\"@id\":\"https:\\\/\\\/www.eldiario.net\\\/portal\\\/2024\\\/07\\\/02\\\/el-rendimiento-de-los-jugadores-fue-bajo\\\/\",\"url\":\"https:\\\/\\\/www.eldiario.net\\\/portal\\\/2024\\\/07\\\/02\\\/el-rendimiento-de-los-jugadores-fue-bajo\\\/\",\"name\":\"El rendimiento de los jugadores fue bajo - El Diario - Bolivia\",\"isPartOf\":{\"@id\":\"https:\\\/\\\/www.eldiario.net\\\/portal\\\/#website\"},\"primaryImageOfPage\":{\"@id\":\"https:\\\/\\\/www.eldiario.net\\\/portal\\\/2024\\\/07\\\/02\\\/el-rendimiento-de-los-jugadores-fue-bajo\\\/#primaryimage\"},\"image\":{\"@id\":\"https:\\\/\\\/www.eldiario.net\\\/portal\\\/2024\\\/07\\\/02\\\/el-rendimiento-de-los-jugadores-fue-bajo\\\/#primaryimage\"},\"thumbnailUrl\":\"https:\\\/\\\/www.eldiario.net\\\/portal\\\/wp-content\\\/uploads\\\/2024\\\/07\\\/GRc0ARzWkAAoLt5.jpg\",\"datePublished\":\"2024-07-02T10:10:43+00:00\",\"breadcrumb\":{\"@id\":\"https:\\\/\\\/www.eldiario.net\\\/portal\\\/2024\\\/07\\\/02\\\/el-rendimiento-de-los-jugadores-fue-bajo\\\/#breadcrumb\"},\"inLanguage\":\"es\",\"potentialAction\":[{\"@type\":\"ReadAction\",\"target\":[\"https:\\\/\\\/www.eldiario.net\\\/portal\\\/2024\\\/07\\\/02\\\/el-rendimiento-de-los-jugadores-fue-bajo\\\/\"]}]},{\"@type\":\"ImageObject\",\"inLanguage\":\"es\",\"@id\":\"https:\\\/\\\/www.eldiario.net\\\/portal\\\/2024\\\/07\\\/02\\\/el-rendimiento-de-los-jugadores-fue-bajo\\\/#primaryimage\",\"url\":\"https:\\\/\\\/www.eldiario.net\\\/portal\\\/wp-content\\\/uploads\\\/2024\\\/07\\\/GRc0ARzWkAAoLt5.jpg\",\"contentUrl\":\"https:\\\/\\\/www.eldiario.net\\\/portal\\\/wp-content\\\/uploads\\\/2024\\\/07\\\/GRc0ARzWkAAoLt5.jpg\",\"width\":1200,\"height\":800},{\"@type\":\"BreadcrumbList\",\"@id\":\"https:\\\/\\\/www.eldiario.net\\\/portal\\\/2024\\\/07\\\/02\\\/el-rendimiento-de-los-jugadores-fue-bajo\\\/#breadcrumb\",\"itemListElement\":[{\"@type\":\"ListItem\",\"position\":1,\"name\":\"Portada\",\"item\":\"https:\\\/\\\/www.eldiario.net\\\/portal\\\/\"},{\"@type\":\"ListItem\",\"position\":2,\"name\":\"El rendimiento de los jugadores fue bajo\"}]},{\"@type\":\"WebSite\",\"@id\":\"https:\\\/\\\/www.eldiario.net\\\/portal\\\/#website\",\"url\":\"https:\\\/\\\/www.eldiario.net\\\/portal\\\/\",\"name\":\"El Diario - Decano de la prensa nacional\",\"description\":\"El Diario - Decano de la prensa nacional\",\"publisher\":{\"@id\":\"https:\\\/\\\/www.eldiario.net\\\/portal\\\/#organization\"},\"potentialAction\":[{\"@type\":\"SearchAction\",\"target\":{\"@type\":\"EntryPoint\",\"urlTemplate\":\"https:\\\/\\\/www.eldiario.net\\\/portal\\\/?s={search_term_string}\"},\"query-input\":{\"@type\":\"PropertyValueSpecification\",\"valueRequired\":true,\"valueName\":\"search_term_string\"}}],\"inLanguage\":\"es\"},{\"@type\":\"Organization\",\"@id\":\"https:\\\/\\\/www.eldiario.net\\\/portal\\\/#organization\",\"name\":\"El Diario - Decano de la prensa nacional\",\"url\":\"https:\\\/\\\/www.eldiario.net\\\/portal\\\/\",\"logo\":{\"@type\":\"ImageObject\",\"inLanguage\":\"es\",\"@id\":\"https:\\\/\\\/www.eldiario.net\\\/portal\\\/#\\\/schema\\\/logo\\\/image\\\/\",\"url\":\"https:\\\/\\\/www.eldiario.net\\\/portal\\\/wp-content\\\/uploads\\\/2023\\\/07\\\/logo_ED.jpg\",\"contentUrl\":\"https:\\\/\\\/www.eldiario.net\\\/portal\\\/wp-content\\\/uploads\\\/2023\\\/07\\\/logo_ED.jpg\",\"width\":272,\"height\":52,\"caption\":\"El Diario - Decano de la prensa nacional\"},\"image\":{\"@id\":\"https:\\\/\\\/www.eldiario.net\\\/portal\\\/#\\\/schema\\\/logo\\\/image\\\/\"},\"sameAs\":[\"https:\\\/\\\/www.facebook.com\\\/eldiario.bolivia\\\/\",\"https:\\\/\\\/x.com\\\/eldiario_net\"]},{\"@type\":\"Person\",\"@id\":\"https:\\\/\\\/www.eldiario.net\\\/portal\\\/#\\\/schema\\\/person\\\/f46445640444750d7d753ccd04ae01b7\",\"name\":\"Jeanette\",\"image\":{\"@type\":\"ImageObject\",\"inLanguage\":\"es\",\"@id\":\"https:\\\/\\\/secure.gravatar.com\\\/avatar\\\/3ea2118a5f7dad2b7138b1187a6b7ee55f160b9968b66013c3a3ef39dd7e5798?s=96&d=mm&r=g\",\"url\":\"https:\\\/\\\/secure.gravatar.com\\\/avatar\\\/3ea2118a5f7dad2b7138b1187a6b7ee55f160b9968b66013c3a3ef39dd7e5798?s=96&d=mm&r=g\",\"contentUrl\":\"https:\\\/\\\/secure.gravatar.com\\\/avatar\\\/3ea2118a5f7dad2b7138b1187a6b7ee55f160b9968b66013c3a3ef39dd7e5798?s=96&d=mm&r=g\",\"caption\":\"Jeanette\"},\"sameAs\":[\"https:\\\/\\\/www.eldiario.net\\\/portal\"],\"url\":\"https:\\\/\\\/www.eldiario.net\\\/portal\\\/author\\\/jeanette\\\/\"}]}<\/script>\n<!-- \/ Yoast SEO plugin. -->","yoast_head_json":{"title":"El rendimiento de los jugadores fue bajo - El Diario - Bolivia","robots":{"index":"index","follow":"follow","max-snippet":"max-snippet:-1","max-image-preview":"max-image-preview:large","max-video-preview":"max-video-preview:-1"},"canonical":"https:\/\/www.eldiario.net\/portal\/2024\/07\/02\/el-rendimiento-de-los-jugadores-fue-bajo\/","og_locale":"es_ES","og_type":"article","og_title":"El rendimiento de los jugadores fue bajo - El Diario - Bolivia","og_description":"Esta es la calificaci\u00f3n, en una escala del 0 al 7, de los jugadores de la Selecci\u00f3n Nacional, tras el partido jugado contra Panam\u00e1, en la tercera fecha del grupo \u00abC\u00bb de la Copa Am\u00e9rica USA 2024. GUILLERMO VISCARRA (3): Volvi\u00f3 a colocar el pecho por el descuido de sus defensores. YOMAR ROCHA (3): Coloc\u00f3 [&hellip;]","og_url":"https:\/\/www.eldiario.net\/portal\/2024\/07\/02\/el-rendimiento-de-los-jugadores-fue-bajo\/","og_site_name":"El Diario - Bolivia","article_publisher":"https:\/\/www.facebook.com\/eldiario.bolivia\/","article_published_time":"2024-07-02T10:10:43+00:00","og_image":[{"width":1200,"height":800,"url":"https:\/\/www.eldiario.net\/portal\/wp-content\/uploads\/2024\/07\/GRc0ARzWkAAoLt5.jpg","type":"image\/jpeg"}],"author":"Jeanette","twitter_card":"summary_large_image","twitter_creator":"@eldiario_net","twitter_site":"@eldiario_net","twitter_misc":{"Escrito por":"Jeanette","Tiempo de lectura":"2 minutos"},"schema":{"@context":"https:\/\/schema.org","@graph":[{"@type":"Article","@id":"https:\/\/www.eldiario.net\/portal\/2024\/07\/02\/el-rendimiento-de-los-jugadores-fue-bajo\/#article","isPartOf":{"@id":"https:\/\/www.eldiario.net\/portal\/2024\/07\/02\/el-rendimiento-de-los-jugadores-fue-bajo\/"},"author":{"name":"Jeanette","@id":"https:\/\/www.eldiario.net\/portal\/#\/schema\/person\/f46445640444750d7d753ccd04ae01b7"},"headline":"El rendimiento de los jugadores fue bajo","datePublished":"2024-07-02T10:10:43+00:00","mainEntityOfPage":{"@id":"https:\/\/www.eldiario.net\/portal\/2024\/07\/02\/el-rendimiento-de-los-jugadores-fue-bajo\/"},"wordCount":241,"commentCount":0,"publisher":{"@id":"https:\/\/www.eldiario.net\/portal\/#organization"},"image":{"@id":"https:\/\/www.eldiario.net\/portal\/2024\/07\/02\/el-rendimiento-de-los-jugadores-fue-bajo\/#primaryimage"},"thumbnailUrl":"https:\/\/www.eldiario.net\/portal\/wp-content\/uploads\/2024\/07\/GRc0ARzWkAAoLt5.jpg","articleSection":["Deportes"],"inLanguage":"es","potentialAction":[{"@type":"CommentAction","name":"Comment","target":["https:\/\/www.eldiario.net\/portal\/2024\/07\/02\/el-rendimiento-de-los-jugadores-fue-bajo\/#respond"]}]},{"@type":"WebPage","@id":"https:\/\/www.eldiario.net\/portal\/2024\/07\/02\/el-rendimiento-de-los-jugadores-fue-bajo\/","url":"https:\/\/www.eldiario.net\/portal\/2024\/07\/02\/el-rendimiento-de-los-jugadores-fue-bajo\/","name":"El rendimiento de los jugadores fue bajo - El Diario - Bolivia","isPartOf":{"@id":"https:\/\/www.eldiario.net\/portal\/#website"},"primaryImageOfPage":{"@id":"https:\/\/www.eldiario.net\/portal\/2024\/07\/02\/el-rendimiento-de-los-jugadores-fue-bajo\/#primaryimage"},"image":{"@id":"https:\/\/www.eldiario.net\/portal\/2024\/07\/02\/el-rendimiento-de-los-jugadores-fue-bajo\/#primaryimage"},"thumbnailUrl":"https:\/\/www.eldiario.net\/portal\/wp-content\/uploads\/2024\/07\/GRc0ARzWkAAoLt5.jpg","datePublished":"2024-07-02T10:10:43+00:00","breadcrumb":{"@id":"https:\/\/www.eldiario.net\/portal\/2024\/07\/02\/el-rendimiento-de-los-jugadores-fue-bajo\/#breadcrumb"},"inLanguage":"es","potentialAction":[{"@type":"ReadAction","target":["https:\/\/www.eldiario.net\/portal\/2024\/07\/02\/el-rendimiento-de-los-jugadores-fue-bajo\/"]}]},{"@type":"ImageObject","inLanguage":"es","@id":"https:\/\/www.eldiario.net\/portal\/2024\/07\/02\/el-rendimiento-de-los-jugadores-fue-bajo\/#primaryimage","url":"https:\/\/www.eldiario.net\/portal\/wp-content\/uploads\/2024\/07\/GRc0ARzWkAAoLt5.jpg","contentUrl":"https:\/\/www.eldiario.net\/portal\/wp-content\/uploads\/2024\/07\/GRc0ARzWkAAoLt5.jpg","width":1200,"height":800},{"@type":"BreadcrumbList","@id":"https:\/\/www.eldiario.net\/portal\/2024\/07\/02\/el-rendimiento-de-los-jugadores-fue-bajo\/#breadcrumb","itemListElement":[{"@type":"ListItem","position":1,"name":"Portada","item":"https:\/\/www.eldiario.net\/portal\/"},{"@type":"ListItem","position":2,"name":"El rendimiento de los jugadores fue bajo"}]},{"@type":"WebSite","@id":"https:\/\/www.eldiario.net\/portal\/#website","url":"https:\/\/www.eldiario.net\/portal\/","name":"El Diario - Decano de la prensa nacional","description":"El Diario - Decano de la prensa nacional","publisher":{"@id":"https:\/\/www.eldiario.net\/portal\/#organization"},"potentialAction":[{"@type":"SearchAction","target":{"@type":"EntryPoint","urlTemplate":"https:\/\/www.eldiario.net\/portal\/?s={search_term_string}"},"query-input":{"@type":"PropertyValueSpecification","valueRequired":true,"valueName":"search_term_string"}}],"inLanguage":"es"},{"@type":"Organization","@id":"https:\/\/www.eldiario.net\/portal\/#organization","name":"El Diario - Decano de la prensa nacional","url":"https:\/\/www.eldiario.net\/portal\/","logo":{"@type":"ImageObject","inLanguage":"es","@id":"https:\/\/www.eldiario.net\/portal\/#\/schema\/logo\/image\/","url":"https:\/\/www.eldiario.net\/portal\/wp-content\/uploads\/2023\/07\/logo_ED.jpg","contentUrl":"https:\/\/www.eldiario.net\/portal\/wp-content\/uploads\/2023\/07\/logo_ED.jpg","width":272,"height":52,"caption":"El Diario - Decano de la prensa nacional"},"image":{"@id":"https:\/\/www.eldiario.net\/portal\/#\/schema\/logo\/image\/"},"sameAs":["https:\/\/www.facebook.com\/eldiario.bolivia\/","https:\/\/x.com\/eldiario_net"]},{"@type":"Person","@id":"https:\/\/www.eldiario.net\/portal\/#\/schema\/person\/f46445640444750d7d753ccd04ae01b7","name":"Jeanette","image":{"@type":"ImageObject","inLanguage":"es","@id":"https:\/\/secure.gravatar.com\/avatar\/3ea2118a5f7dad2b7138b1187a6b7ee55f160b9968b66013c3a3ef39dd7e5798?s=96&d=mm&r=g","url":"https:\/\/secure.gravatar.com\/avatar\/3ea2118a5f7dad2b7138b1187a6b7ee55f160b9968b66013c3a3ef39dd7e5798?s=96&d=mm&r=g","contentUrl":"https:\/\/secure.gravatar.com\/avatar\/3ea2118a5f7dad2b7138b1187a6b7ee55f160b9968b66013c3a3ef39dd7e5798?s=96&d=mm&r=g","caption":"Jeanette"},"sameAs":["https:\/\/www.eldiario.net\/portal"],"url":"https:\/\/www.eldiario.net\/portal\/author\/jeanette\/"}]}},"_links":{"self":[{"href":"https:\/\/www.eldiario.net\/portal\/wp-json\/wp\/v2\/posts\/231306","targetHints":{"allow":["GET"]}}],"collection":[{"href":"https:\/\/www.eldiario.net\/portal\/wp-json\/wp\/v2\/posts"}],"about":[{"href":"https:\/\/www.eldiario.net\/portal\/wp-json\/wp\/v2\/types\/post"}],"author":[{"embeddable":true,"href":"https:\/\/www.eldiario.net\/portal\/wp-json\/wp\/v2\/users\/1"}],"replies":[{"embeddable":true,"href":"https:\/\/www.eldiario.net\/portal\/wp-json\/wp\/v2\/comments?post=231306"}],"version-history":[{"count":1,"href":"https:\/\/www.eldiario.net\/portal\/wp-json\/wp\/v2\/posts\/231306\/revisions"}],"predecessor-version":[{"id":231308,"href":"https:\/\/www.eldiario.net\/portal\/wp-json\/wp\/v2\/posts\/231306\/revisions\/231308"}],"wp:featuredmedia":[{"embeddable":true,"href":"https:\/\/www.eldiario.net\/portal\/wp-json\/wp\/v2\/media\/231307"}],"wp:attachment":[{"href":"https:\/\/www.eldiario.net\/portal\/wp-json\/wp\/v2\/media?parent=231306"}],"wp:term":[{"taxonomy":"category","embeddable":true,"href":"https:\/\/www.eldiario.net\/portal\/wp-json\/wp\/v2\/categories?post=231306"},{"taxonomy":"post_tag","embeddable":true,"href":"https:\/\/www.eldiario.net\/portal\/wp-json\/wp\/v2\/tags?post=231306"}],"curies":[{"name":"wp","href":"https:\/\/api.w.org\/{rel}","templated":true}]}}