{"id":231303,"date":"2024-07-02T06:09:50","date_gmt":"2024-07-02T10:09:50","guid":{"rendered":"https:\/\/www.eldiario.net\/portal\/?p=231303"},"modified":"2024-07-02T06:09:50","modified_gmt":"2024-07-02T10:09:50","slug":"el-lado-historico-del-bolivia-vs-panama","status":"publish","type":"post","link":"https:\/\/www.eldiario.net\/portal\/2024\/07\/02\/el-lado-historico-del-bolivia-vs-panama\/","title":{"rendered":"El lado hist\u00f3rico del Bolivia vs. Panam\u00e1"},"content":{"rendered":"<p>\u00c1RBITRAS: Por primera vez, un partido de la Copa Am\u00e9rica fue dirigida por un equipo arbitral compuesto en su integridad por damas, encabezada por Edina Alvez (Brasil), quien tuvo la asistencia desde los costados de Neuza Back (Brasil) y Mary Blanco (Colombia).<\/p>\n<p>APOYO: Pese a los malos resultados, la afici\u00f3n boliviana acompa\u00f1\u00f3 al equipo en los tres partidos, incluido el cotejo de la tercera fecha, donde en las grader\u00edas se vio a seguidores uniformados con la tricolor y con disfraces de danzas t\u00edpicas como la Diablada. En las afueras del escenario tambi\u00e9n hubo residentes bolivianos que bailaban.<\/p>\n<p>P\u00c9SIMO CAMPO: El campo de juego del estadio Inter&amp;Co, de Orlando, estaba en p\u00e9simas condiciones, que eran evidentes y objetivo de cr\u00edticas. La organizaci\u00f3n se comprometi\u00f3 a mejorar estas observaciones con vistas a la Copa Mundial USA-Canad\u00e1-M\u00e9xico 2026.<\/p>\n<p>CUMPLEA\u00d1ERO: El mediocampista tarije\u00f1o Ramiro Vaca cumpli\u00f3 este lunes 25 a\u00f1os. El jugador es el portador de la camiseta n\u00famero \u00ab10\u00bb.<\/p>\n<p>CAMBIO: La Selecci\u00f3n Nacional cambi\u00f3 de uniforme, del rojo entero a la camiseta verde claro y pantal\u00f3n corto blanco.<\/p>\n<p>SIN DRON: Durante los partidos de la Copa Am\u00e9rica USA 2024, se utilizaron drones volando encima del campo de juego, ofreciendo una perspectiva distinta e innovadora en la transmisi\u00f3n de los partidos. Sin embargo, en este cotejo no se emple\u00f3 este aparato.<\/p>\n","protected":false},"excerpt":{"rendered":"<p>\u00c1RBITRAS: Por primera vez, un partido de la Copa Am\u00e9rica fue dirigida por un equipo arbitral compuesto en su integridad por damas, encabezada por Edina Alvez (Brasil), quien tuvo la asistencia desde los costados de Neuza Back (Brasil) y Mary Blanco (Colombia). APOYO: Pese a los malos resultados, la afici\u00f3n boliviana acompa\u00f1\u00f3 al equipo en [&hellip;]<\/p>\n","protected":false},"author":1,"featured_media":231304,"comment_status":"open","ping_status":"open","sticky":false,"template":"","format":"standard","meta":{"_acf_changed":false,"footnotes":""},"categories":[6],"tags":[],"class_list":["post-231303","post","type-post","status-publish","format-standard","has-post-thumbnail","category-deportes"],"acf":{"antetitulo":""},"yoast_head":"<!-- This site is optimized with the Yoast SEO plugin v28.3 - https:\/\/yoast.com\/product\/yoast-seo-wordpress\/ -->\n<title>El lado hist\u00f3rico del Bolivia vs. Panam\u00e1 - El Diario - Bolivia<\/title>\n<meta name=\"robots\" content=\"index, follow, max-snippet:-1, max-image-preview:large, max-video-preview:-1\" \/>\n<link rel=\"canonical\" href=\"https:\/\/www.eldiario.net\/portal\/2024\/07\/02\/el-lado-historico-del-bolivia-vs-panama\/\" \/>\n<meta property=\"og:locale\" content=\"es_ES\" \/>\n<meta property=\"og:type\" content=\"article\" \/>\n<meta property=\"og:title\" content=\"El lado hist\u00f3rico del Bolivia vs. Panam\u00e1 - El Diario - Bolivia\" \/>\n<meta property=\"og:description\" content=\"\u00c1RBITRAS: Por primera vez, un partido de la Copa Am\u00e9rica fue dirigida por un equipo arbitral compuesto en su integridad por damas, encabezada por Edina Alvez (Brasil), quien tuvo la asistencia desde los costados de Neuza Back (Brasil) y Mary Blanco (Colombia). APOYO: Pese a los malos resultados, la afici\u00f3n boliviana acompa\u00f1\u00f3 al equipo en [&hellip;]\" \/>\n<meta property=\"og:url\" content=\"https:\/\/www.eldiario.net\/portal\/2024\/07\/02\/el-lado-historico-del-bolivia-vs-panama\/\" \/>\n<meta property=\"og:site_name\" content=\"El Diario - Bolivia\" \/>\n<meta property=\"article:publisher\" content=\"https:\/\/www.facebook.com\/eldiario.bolivia\/\" \/>\n<meta property=\"article:published_time\" content=\"2024-07-02T10:09:50+00:00\" \/>\n<meta property=\"og:image\" content=\"https:\/\/www.eldiario.net\/portal\/wp-content\/uploads\/2024\/07\/GRcrNItawAAdxJu.jpg\" \/>\n\t<meta property=\"og:image:width\" content=\"1200\" \/>\n\t<meta property=\"og:image:height\" content=\"887\" \/>\n\t<meta property=\"og:image:type\" content=\"image\/jpeg\" \/>\n<meta name=\"author\" content=\"Jeanette\" \/>\n<meta name=\"twitter:card\" content=\"summary_large_image\" \/>\n<meta name=\"twitter:creator\" content=\"@eldiario_net\" \/>\n<meta name=\"twitter:site\" content=\"@eldiario_net\" \/>\n<meta name=\"twitter:label1\" content=\"Escrito por\" \/>\n\t<meta name=\"twitter:data1\" content=\"Jeanette\" \/>\n\t<meta name=\"twitter:label2\" content=\"Tiempo de lectura\" \/>\n\t<meta name=\"twitter:data2\" content=\"2 minutos\" \/>\n<script type=\"application\/ld+json\" class=\"yoast-schema-graph\">{\"@context\":\"https:\\\/\\\/schema.org\",\"@graph\":[{\"@type\":\"Article\",\"@id\":\"https:\\\/\\\/www.eldiario.net\\\/portal\\\/2024\\\/07\\\/02\\\/el-lado-historico-del-bolivia-vs-panama\\\/#article\",\"isPartOf\":{\"@id\":\"https:\\\/\\\/www.eldiario.net\\\/portal\\\/2024\\\/07\\\/02\\\/el-lado-historico-del-bolivia-vs-panama\\\/\"},\"author\":{\"name\":\"Jeanette\",\"@id\":\"https:\\\/\\\/www.eldiario.net\\\/portal\\\/#\\\/schema\\\/person\\\/f46445640444750d7d753ccd04ae01b7\"},\"headline\":\"El lado hist\u00f3rico del Bolivia vs. Panam\u00e1\",\"datePublished\":\"2024-07-02T10:09:50+00:00\",\"mainEntityOfPage\":{\"@id\":\"https:\\\/\\\/www.eldiario.net\\\/portal\\\/2024\\\/07\\\/02\\\/el-lado-historico-del-bolivia-vs-panama\\\/\"},\"wordCount\":242,\"commentCount\":0,\"publisher\":{\"@id\":\"https:\\\/\\\/www.eldiario.net\\\/portal\\\/#organization\"},\"image\":{\"@id\":\"https:\\\/\\\/www.eldiario.net\\\/portal\\\/2024\\\/07\\\/02\\\/el-lado-historico-del-bolivia-vs-panama\\\/#primaryimage\"},\"thumbnailUrl\":\"https:\\\/\\\/www.eldiario.net\\\/portal\\\/wp-content\\\/uploads\\\/2024\\\/07\\\/GRcrNItawAAdxJu.jpg\",\"articleSection\":[\"Deportes\"],\"inLanguage\":\"es\",\"potentialAction\":[{\"@type\":\"CommentAction\",\"name\":\"Comment\",\"target\":[\"https:\\\/\\\/www.eldiario.net\\\/portal\\\/2024\\\/07\\\/02\\\/el-lado-historico-del-bolivia-vs-panama\\\/#respond\"]}]},{\"@type\":\"WebPage\",\"@id\":\"https:\\\/\\\/www.eldiario.net\\\/portal\\\/2024\\\/07\\\/02\\\/el-lado-historico-del-bolivia-vs-panama\\\/\",\"url\":\"https:\\\/\\\/www.eldiario.net\\\/portal\\\/2024\\\/07\\\/02\\\/el-lado-historico-del-bolivia-vs-panama\\\/\",\"name\":\"El lado hist\u00f3rico del Bolivia vs. Panam\u00e1 - El Diario - Bolivia\",\"isPartOf\":{\"@id\":\"https:\\\/\\\/www.eldiario.net\\\/portal\\\/#website\"},\"primaryImageOfPage\":{\"@id\":\"https:\\\/\\\/www.eldiario.net\\\/portal\\\/2024\\\/07\\\/02\\\/el-lado-historico-del-bolivia-vs-panama\\\/#primaryimage\"},\"image\":{\"@id\":\"https:\\\/\\\/www.eldiario.net\\\/portal\\\/2024\\\/07\\\/02\\\/el-lado-historico-del-bolivia-vs-panama\\\/#primaryimage\"},\"thumbnailUrl\":\"https:\\\/\\\/www.eldiario.net\\\/portal\\\/wp-content\\\/uploads\\\/2024\\\/07\\\/GRcrNItawAAdxJu.jpg\",\"datePublished\":\"2024-07-02T10:09:50+00:00\",\"breadcrumb\":{\"@id\":\"https:\\\/\\\/www.eldiario.net\\\/portal\\\/2024\\\/07\\\/02\\\/el-lado-historico-del-bolivia-vs-panama\\\/#breadcrumb\"},\"inLanguage\":\"es\",\"potentialAction\":[{\"@type\":\"ReadAction\",\"target\":[\"https:\\\/\\\/www.eldiario.net\\\/portal\\\/2024\\\/07\\\/02\\\/el-lado-historico-del-bolivia-vs-panama\\\/\"]}]},{\"@type\":\"ImageObject\",\"inLanguage\":\"es\",\"@id\":\"https:\\\/\\\/www.eldiario.net\\\/portal\\\/2024\\\/07\\\/02\\\/el-lado-historico-del-bolivia-vs-panama\\\/#primaryimage\",\"url\":\"https:\\\/\\\/www.eldiario.net\\\/portal\\\/wp-content\\\/uploads\\\/2024\\\/07\\\/GRcrNItawAAdxJu.jpg\",\"contentUrl\":\"https:\\\/\\\/www.eldiario.net\\\/portal\\\/wp-content\\\/uploads\\\/2024\\\/07\\\/GRcrNItawAAdxJu.jpg\",\"width\":1200,\"height\":887},{\"@type\":\"BreadcrumbList\",\"@id\":\"https:\\\/\\\/www.eldiario.net\\\/portal\\\/2024\\\/07\\\/02\\\/el-lado-historico-del-bolivia-vs-panama\\\/#breadcrumb\",\"itemListElement\":[{\"@type\":\"ListItem\",\"position\":1,\"name\":\"Portada\",\"item\":\"https:\\\/\\\/www.eldiario.net\\\/portal\\\/\"},{\"@type\":\"ListItem\",\"position\":2,\"name\":\"El lado hist\u00f3rico del Bolivia vs. Panam\u00e1\"}]},{\"@type\":\"WebSite\",\"@id\":\"https:\\\/\\\/www.eldiario.net\\\/portal\\\/#website\",\"url\":\"https:\\\/\\\/www.eldiario.net\\\/portal\\\/\",\"name\":\"El Diario - Decano de la prensa nacional\",\"description\":\"El Diario - Decano de la prensa nacional\",\"publisher\":{\"@id\":\"https:\\\/\\\/www.eldiario.net\\\/portal\\\/#organization\"},\"potentialAction\":[{\"@type\":\"SearchAction\",\"target\":{\"@type\":\"EntryPoint\",\"urlTemplate\":\"https:\\\/\\\/www.eldiario.net\\\/portal\\\/?s={search_term_string}\"},\"query-input\":{\"@type\":\"PropertyValueSpecification\",\"valueRequired\":true,\"valueName\":\"search_term_string\"}}],\"inLanguage\":\"es\"},{\"@type\":\"Organization\",\"@id\":\"https:\\\/\\\/www.eldiario.net\\\/portal\\\/#organization\",\"name\":\"El Diario - Decano de la prensa nacional\",\"url\":\"https:\\\/\\\/www.eldiario.net\\\/portal\\\/\",\"logo\":{\"@type\":\"ImageObject\",\"inLanguage\":\"es\",\"@id\":\"https:\\\/\\\/www.eldiario.net\\\/portal\\\/#\\\/schema\\\/logo\\\/image\\\/\",\"url\":\"https:\\\/\\\/www.eldiario.net\\\/portal\\\/wp-content\\\/uploads\\\/2023\\\/07\\\/logo_ED.jpg\",\"contentUrl\":\"https:\\\/\\\/www.eldiario.net\\\/portal\\\/wp-content\\\/uploads\\\/2023\\\/07\\\/logo_ED.jpg\",\"width\":272,\"height\":52,\"caption\":\"El Diario - Decano de la prensa nacional\"},\"image\":{\"@id\":\"https:\\\/\\\/www.eldiario.net\\\/portal\\\/#\\\/schema\\\/logo\\\/image\\\/\"},\"sameAs\":[\"https:\\\/\\\/www.facebook.com\\\/eldiario.bolivia\\\/\",\"https:\\\/\\\/x.com\\\/eldiario_net\"]},{\"@type\":\"Person\",\"@id\":\"https:\\\/\\\/www.eldiario.net\\\/portal\\\/#\\\/schema\\\/person\\\/f46445640444750d7d753ccd04ae01b7\",\"name\":\"Jeanette\",\"image\":{\"@type\":\"ImageObject\",\"inLanguage\":\"es\",\"@id\":\"https:\\\/\\\/secure.gravatar.com\\\/avatar\\\/3ea2118a5f7dad2b7138b1187a6b7ee55f160b9968b66013c3a3ef39dd7e5798?s=96&d=mm&r=g\",\"url\":\"https:\\\/\\\/secure.gravatar.com\\\/avatar\\\/3ea2118a5f7dad2b7138b1187a6b7ee55f160b9968b66013c3a3ef39dd7e5798?s=96&d=mm&r=g\",\"contentUrl\":\"https:\\\/\\\/secure.gravatar.com\\\/avatar\\\/3ea2118a5f7dad2b7138b1187a6b7ee55f160b9968b66013c3a3ef39dd7e5798?s=96&d=mm&r=g\",\"caption\":\"Jeanette\"},\"sameAs\":[\"https:\\\/\\\/www.eldiario.net\\\/portal\"],\"url\":\"https:\\\/\\\/www.eldiario.net\\\/portal\\\/author\\\/jeanette\\\/\"}]}<\/script>\n<!-- \/ Yoast SEO plugin. -->","yoast_head_json":{"title":"El lado hist\u00f3rico del Bolivia vs. Panam\u00e1 - El Diario - Bolivia","robots":{"index":"index","follow":"follow","max-snippet":"max-snippet:-1","max-image-preview":"max-image-preview:large","max-video-preview":"max-video-preview:-1"},"canonical":"https:\/\/www.eldiario.net\/portal\/2024\/07\/02\/el-lado-historico-del-bolivia-vs-panama\/","og_locale":"es_ES","og_type":"article","og_title":"El lado hist\u00f3rico del Bolivia vs. Panam\u00e1 - El Diario - Bolivia","og_description":"\u00c1RBITRAS: Por primera vez, un partido de la Copa Am\u00e9rica fue dirigida por un equipo arbitral compuesto en su integridad por damas, encabezada por Edina Alvez (Brasil), quien tuvo la asistencia desde los costados de Neuza Back (Brasil) y Mary Blanco (Colombia). APOYO: Pese a los malos resultados, la afici\u00f3n boliviana acompa\u00f1\u00f3 al equipo en [&hellip;]","og_url":"https:\/\/www.eldiario.net\/portal\/2024\/07\/02\/el-lado-historico-del-bolivia-vs-panama\/","og_site_name":"El Diario - Bolivia","article_publisher":"https:\/\/www.facebook.com\/eldiario.bolivia\/","article_published_time":"2024-07-02T10:09:50+00:00","og_image":[{"width":1200,"height":887,"url":"https:\/\/www.eldiario.net\/portal\/wp-content\/uploads\/2024\/07\/GRcrNItawAAdxJu.jpg","type":"image\/jpeg"}],"author":"Jeanette","twitter_card":"summary_large_image","twitter_creator":"@eldiario_net","twitter_site":"@eldiario_net","twitter_misc":{"Escrito por":"Jeanette","Tiempo de lectura":"2 minutos"},"schema":{"@context":"https:\/\/schema.org","@graph":[{"@type":"Article","@id":"https:\/\/www.eldiario.net\/portal\/2024\/07\/02\/el-lado-historico-del-bolivia-vs-panama\/#article","isPartOf":{"@id":"https:\/\/www.eldiario.net\/portal\/2024\/07\/02\/el-lado-historico-del-bolivia-vs-panama\/"},"author":{"name":"Jeanette","@id":"https:\/\/www.eldiario.net\/portal\/#\/schema\/person\/f46445640444750d7d753ccd04ae01b7"},"headline":"El lado hist\u00f3rico del Bolivia vs. Panam\u00e1","datePublished":"2024-07-02T10:09:50+00:00","mainEntityOfPage":{"@id":"https:\/\/www.eldiario.net\/portal\/2024\/07\/02\/el-lado-historico-del-bolivia-vs-panama\/"},"wordCount":242,"commentCount":0,"publisher":{"@id":"https:\/\/www.eldiario.net\/portal\/#organization"},"image":{"@id":"https:\/\/www.eldiario.net\/portal\/2024\/07\/02\/el-lado-historico-del-bolivia-vs-panama\/#primaryimage"},"thumbnailUrl":"https:\/\/www.eldiario.net\/portal\/wp-content\/uploads\/2024\/07\/GRcrNItawAAdxJu.jpg","articleSection":["Deportes"],"inLanguage":"es","potentialAction":[{"@type":"CommentAction","name":"Comment","target":["https:\/\/www.eldiario.net\/portal\/2024\/07\/02\/el-lado-historico-del-bolivia-vs-panama\/#respond"]}]},{"@type":"WebPage","@id":"https:\/\/www.eldiario.net\/portal\/2024\/07\/02\/el-lado-historico-del-bolivia-vs-panama\/","url":"https:\/\/www.eldiario.net\/portal\/2024\/07\/02\/el-lado-historico-del-bolivia-vs-panama\/","name":"El lado hist\u00f3rico del Bolivia vs. Panam\u00e1 - El Diario - Bolivia","isPartOf":{"@id":"https:\/\/www.eldiario.net\/portal\/#website"},"primaryImageOfPage":{"@id":"https:\/\/www.eldiario.net\/portal\/2024\/07\/02\/el-lado-historico-del-bolivia-vs-panama\/#primaryimage"},"image":{"@id":"https:\/\/www.eldiario.net\/portal\/2024\/07\/02\/el-lado-historico-del-bolivia-vs-panama\/#primaryimage"},"thumbnailUrl":"https:\/\/www.eldiario.net\/portal\/wp-content\/uploads\/2024\/07\/GRcrNItawAAdxJu.jpg","datePublished":"2024-07-02T10:09:50+00:00","breadcrumb":{"@id":"https:\/\/www.eldiario.net\/portal\/2024\/07\/02\/el-lado-historico-del-bolivia-vs-panama\/#breadcrumb"},"inLanguage":"es","potentialAction":[{"@type":"ReadAction","target":["https:\/\/www.eldiario.net\/portal\/2024\/07\/02\/el-lado-historico-del-bolivia-vs-panama\/"]}]},{"@type":"ImageObject","inLanguage":"es","@id":"https:\/\/www.eldiario.net\/portal\/2024\/07\/02\/el-lado-historico-del-bolivia-vs-panama\/#primaryimage","url":"https:\/\/www.eldiario.net\/portal\/wp-content\/uploads\/2024\/07\/GRcrNItawAAdxJu.jpg","contentUrl":"https:\/\/www.eldiario.net\/portal\/wp-content\/uploads\/2024\/07\/GRcrNItawAAdxJu.jpg","width":1200,"height":887},{"@type":"BreadcrumbList","@id":"https:\/\/www.eldiario.net\/portal\/2024\/07\/02\/el-lado-historico-del-bolivia-vs-panama\/#breadcrumb","itemListElement":[{"@type":"ListItem","position":1,"name":"Portada","item":"https:\/\/www.eldiario.net\/portal\/"},{"@type":"ListItem","position":2,"name":"El lado hist\u00f3rico del Bolivia vs. Panam\u00e1"}]},{"@type":"WebSite","@id":"https:\/\/www.eldiario.net\/portal\/#website","url":"https:\/\/www.eldiario.net\/portal\/","name":"El Diario - Decano de la prensa nacional","description":"El Diario - Decano de la prensa nacional","publisher":{"@id":"https:\/\/www.eldiario.net\/portal\/#organization"},"potentialAction":[{"@type":"SearchAction","target":{"@type":"EntryPoint","urlTemplate":"https:\/\/www.eldiario.net\/portal\/?s={search_term_string}"},"query-input":{"@type":"PropertyValueSpecification","valueRequired":true,"valueName":"search_term_string"}}],"inLanguage":"es"},{"@type":"Organization","@id":"https:\/\/www.eldiario.net\/portal\/#organization","name":"El Diario - Decano de la prensa nacional","url":"https:\/\/www.eldiario.net\/portal\/","logo":{"@type":"ImageObject","inLanguage":"es","@id":"https:\/\/www.eldiario.net\/portal\/#\/schema\/logo\/image\/","url":"https:\/\/www.eldiario.net\/portal\/wp-content\/uploads\/2023\/07\/logo_ED.jpg","contentUrl":"https:\/\/www.eldiario.net\/portal\/wp-content\/uploads\/2023\/07\/logo_ED.jpg","width":272,"height":52,"caption":"El Diario - Decano de la prensa nacional"},"image":{"@id":"https:\/\/www.eldiario.net\/portal\/#\/schema\/logo\/image\/"},"sameAs":["https:\/\/www.facebook.com\/eldiario.bolivia\/","https:\/\/x.com\/eldiario_net"]},{"@type":"Person","@id":"https:\/\/www.eldiario.net\/portal\/#\/schema\/person\/f46445640444750d7d753ccd04ae01b7","name":"Jeanette","image":{"@type":"ImageObject","inLanguage":"es","@id":"https:\/\/secure.gravatar.com\/avatar\/3ea2118a5f7dad2b7138b1187a6b7ee55f160b9968b66013c3a3ef39dd7e5798?s=96&d=mm&r=g","url":"https:\/\/secure.gravatar.com\/avatar\/3ea2118a5f7dad2b7138b1187a6b7ee55f160b9968b66013c3a3ef39dd7e5798?s=96&d=mm&r=g","contentUrl":"https:\/\/secure.gravatar.com\/avatar\/3ea2118a5f7dad2b7138b1187a6b7ee55f160b9968b66013c3a3ef39dd7e5798?s=96&d=mm&r=g","caption":"Jeanette"},"sameAs":["https:\/\/www.eldiario.net\/portal"],"url":"https:\/\/www.eldiario.net\/portal\/author\/jeanette\/"}]}},"_links":{"self":[{"href":"https:\/\/www.eldiario.net\/portal\/wp-json\/wp\/v2\/posts\/231303","targetHints":{"allow":["GET"]}}],"collection":[{"href":"https:\/\/www.eldiario.net\/portal\/wp-json\/wp\/v2\/posts"}],"about":[{"href":"https:\/\/www.eldiario.net\/portal\/wp-json\/wp\/v2\/types\/post"}],"author":[{"embeddable":true,"href":"https:\/\/www.eldiario.net\/portal\/wp-json\/wp\/v2\/users\/1"}],"replies":[{"embeddable":true,"href":"https:\/\/www.eldiario.net\/portal\/wp-json\/wp\/v2\/comments?post=231303"}],"version-history":[{"count":1,"href":"https:\/\/www.eldiario.net\/portal\/wp-json\/wp\/v2\/posts\/231303\/revisions"}],"predecessor-version":[{"id":231305,"href":"https:\/\/www.eldiario.net\/portal\/wp-json\/wp\/v2\/posts\/231303\/revisions\/231305"}],"wp:featuredmedia":[{"embeddable":true,"href":"https:\/\/www.eldiario.net\/portal\/wp-json\/wp\/v2\/media\/231304"}],"wp:attachment":[{"href":"https:\/\/www.eldiario.net\/portal\/wp-json\/wp\/v2\/media?parent=231303"}],"wp:term":[{"taxonomy":"category","embeddable":true,"href":"https:\/\/www.eldiario.net\/portal\/wp-json\/wp\/v2\/categories?post=231303"},{"taxonomy":"post_tag","embeddable":true,"href":"https:\/\/www.eldiario.net\/portal\/wp-json\/wp\/v2\/tags?post=231303"}],"curies":[{"name":"wp","href":"https:\/\/api.w.org\/{rel}","templated":true}]}}