{"id":231291,"date":"2024-07-02T06:06:44","date_gmt":"2024-07-02T10:06:44","guid":{"rendered":"https:\/\/www.eldiario.net\/portal\/?p=231291"},"modified":"2024-07-02T06:06:44","modified_gmt":"2024-07-02T10:06:44","slug":"camille-nuamah-sera-representante-residente-del-banco-mundial-en-bolivia","status":"publish","type":"post","link":"https:\/\/www.eldiario.net\/portal\/2024\/07\/02\/camille-nuamah-sera-representante-residente-del-banco-mundial-en-bolivia\/","title":{"rendered":"Camille Nuamah ser\u00e1 representante  Residente del Banco Mundial en Bolivia"},"content":{"rendered":"<p>Camille Nuamah asumi\u00f3 como representante Residente del Grupo Banco Mundial en Bolivia, un cargo que unificar\u00e1 el liderazgo a nivel de pa\u00eds de toda la instituci\u00f3n para apoyar mejor las prioridades del sector p\u00fablico y privado.<\/p>\n<p>Ese puesto, reci\u00e9n creado, proporciona un \u00fanico punto de contacto para acceder a la totalidad de productos y servicios del Grupo Banco Mundial con el fin de mejorar su capacidad para abordar desaf\u00edos globales, y conducir el desarrollo con rapidez, eficiencia e impacto.<\/p>\n<p>La introducci\u00f3n de una representaci\u00f3n conjunta en el pa\u00eds es un paso importante hacia la construcci\u00f3n de un Grupo Banco Mundial m\u00e1s fuerte.<\/p>\n<p>Bolivia es uno de los 21 pa\u00edses del Grupo que est\u00e1n haciendo la transici\u00f3n a un \u00fanico Representante Residente para el Banco Internacional de Reconstrucci\u00f3n y Fomento (BIRF), la Asociaci\u00f3n Internacional de Fomento (AIF), la Corporaci\u00f3n Financiera Internacional (IFC, por sus siglas en ingl\u00e9s) y la Agencia Multilateral de Garant\u00eda de Inversiones (MIGA, por sus siglas en ingl\u00e9s).<\/p>\n<p>\u00abBolivia ha experimentado un notable \u00e9xito en la reducci\u00f3n de la pobreza y la desigualdad, pero enfrenta a\u00fan algunos desaf\u00edos que van desde la resiliencia clim\u00e1tica hasta el aumento de la competitividad y la generaci\u00f3n de empleos de calidad\u00bb, dijo la Representante Residente del Grupo Banco Mundial en Bolivia, Camille Nuamah.<\/p>\n<p>\u00abUn liderazgo unificado del Grupo nos har\u00e1 un mejor socio para el gobierno, el sector privado y, sobre todo, para la gente a la que servimos\u00bb, acot\u00f3.<\/p>\n<p>El Grupo Banco Mundial (GBM) est\u00e1 comprometido a continuar su apoyo al pa\u00eds en la mejora de la vida de su gente mediante el fortalecimiento de la resiliencia clim\u00e1tica y econ\u00f3mica, el aumento de ingresos para los hogares vulnerables y la expansi\u00f3n del acceso a servicios p\u00fablicos de calidad.<\/p>\n<p>La cartera de financiamiento actual en Bolivia se centra en los sectores de transporte, desarrollo rural y agricultura, resiliencia urbana, energ\u00eda y agua. Adem\u00e1s, el GBM continuar\u00e1 explorando oportunidades para trabajar con intermediarios financieros con el objetivo de fomentar el financiamiento clim\u00e1tico y la inclusi\u00f3n financiera, con un enfoque particular en las mujeres, as\u00ed como en la financiaci\u00f3n de operaciones de comercio exterior, entre otras \u00e1reas con el sector privado.<\/p>\n<p>Desde que se uni\u00f3 al Banco Mundial en 1997, Camille Nuamah ocup\u00f3 varios puestos. Fue Gerente de Operaciones para Kenia, Ruanda, Somalia y Uganda; Asesora en Am\u00e9rica Latina y el Caribe, en la regi\u00f3n de Europa y Asia Central; y Representante Residente en Albania, Nicaragua y Zimbabue. Camille Nuamah, de nacionalidad jamaiquina, se form\u00f3 como economista de organizaciones industriales en la Universidad de Columbia, la Universidad de Cambridge y la Universidad de Nueva York.<\/p>\n<p>&nbsp;<\/p>\n","protected":false},"excerpt":{"rendered":"<p>Camille Nuamah asumi\u00f3 como representante Residente del Grupo Banco Mundial en Bolivia, un cargo que unificar\u00e1 el liderazgo a nivel de pa\u00eds de toda la instituci\u00f3n para apoyar mejor las prioridades del sector p\u00fablico y privado. Ese puesto, reci\u00e9n creado, proporciona un \u00fanico punto de contacto para acceder a la totalidad de productos y servicios [&hellip;]<\/p>\n","protected":false},"author":1,"featured_media":231292,"comment_status":"open","ping_status":"open","sticky":false,"template":"","format":"standard","meta":{"_acf_changed":false,"footnotes":""},"categories":[7],"tags":[],"class_list":["post-231291","post","type-post","status-publish","format-standard","has-post-thumbnail","category-economia"],"acf":{"antetitulo":""},"yoast_head":"<!-- This site is optimized with the Yoast SEO plugin v28.3 - https:\/\/yoast.com\/product\/yoast-seo-wordpress\/ -->\n<title>Camille Nuamah ser\u00e1 representante Residente del Banco Mundial en Bolivia - El Diario - Bolivia<\/title>\n<meta name=\"robots\" content=\"index, follow, max-snippet:-1, max-image-preview:large, max-video-preview:-1\" \/>\n<link rel=\"canonical\" href=\"https:\/\/www.eldiario.net\/portal\/2024\/07\/02\/camille-nuamah-sera-representante-residente-del-banco-mundial-en-bolivia\/\" \/>\n<meta property=\"og:locale\" content=\"es_ES\" \/>\n<meta property=\"og:type\" content=\"article\" \/>\n<meta property=\"og:title\" content=\"Camille Nuamah ser\u00e1 representante Residente del Banco Mundial en Bolivia - El Diario - Bolivia\" \/>\n<meta property=\"og:description\" content=\"Camille Nuamah asumi\u00f3 como representante Residente del Grupo Banco Mundial en Bolivia, un cargo que unificar\u00e1 el liderazgo a nivel de pa\u00eds de toda la instituci\u00f3n para apoyar mejor las prioridades del sector p\u00fablico y privado. Ese puesto, reci\u00e9n creado, proporciona un \u00fanico punto de contacto para acceder a la totalidad de productos y servicios [&hellip;]\" \/>\n<meta property=\"og:url\" content=\"https:\/\/www.eldiario.net\/portal\/2024\/07\/02\/camille-nuamah-sera-representante-residente-del-banco-mundial-en-bolivia\/\" \/>\n<meta property=\"og:site_name\" content=\"El Diario - Bolivia\" \/>\n<meta property=\"article:publisher\" content=\"https:\/\/www.facebook.com\/eldiario.bolivia\/\" \/>\n<meta property=\"article:published_time\" content=\"2024-07-02T10:06:44+00:00\" \/>\n<meta property=\"og:image\" content=\"https:\/\/www.eldiario.net\/portal\/wp-content\/uploads\/2024\/07\/BANCO-FOTO.jpg\" \/>\n\t<meta property=\"og:image:width\" content=\"1181\" \/>\n\t<meta property=\"og:image:height\" content=\"1042\" \/>\n\t<meta property=\"og:image:type\" content=\"image\/jpeg\" \/>\n<meta name=\"author\" content=\"Jeanette\" \/>\n<meta name=\"twitter:card\" content=\"summary_large_image\" \/>\n<meta name=\"twitter:creator\" content=\"@eldiario_net\" \/>\n<meta name=\"twitter:site\" content=\"@eldiario_net\" \/>\n<meta name=\"twitter:label1\" content=\"Escrito por\" \/>\n\t<meta name=\"twitter:data1\" content=\"Jeanette\" \/>\n\t<meta name=\"twitter:label2\" content=\"Tiempo de lectura\" \/>\n\t<meta name=\"twitter:data2\" content=\"3 minutos\" \/>\n<script type=\"application\/ld+json\" class=\"yoast-schema-graph\">{\"@context\":\"https:\\\/\\\/schema.org\",\"@graph\":[{\"@type\":\"Article\",\"@id\":\"https:\\\/\\\/www.eldiario.net\\\/portal\\\/2024\\\/07\\\/02\\\/camille-nuamah-sera-representante-residente-del-banco-mundial-en-bolivia\\\/#article\",\"isPartOf\":{\"@id\":\"https:\\\/\\\/www.eldiario.net\\\/portal\\\/2024\\\/07\\\/02\\\/camille-nuamah-sera-representante-residente-del-banco-mundial-en-bolivia\\\/\"},\"author\":{\"name\":\"Jeanette\",\"@id\":\"https:\\\/\\\/www.eldiario.net\\\/portal\\\/#\\\/schema\\\/person\\\/f46445640444750d7d753ccd04ae01b7\"},\"headline\":\"Camille Nuamah ser\u00e1 representante Residente del Banco Mundial en Bolivia\",\"datePublished\":\"2024-07-02T10:06:44+00:00\",\"mainEntityOfPage\":{\"@id\":\"https:\\\/\\\/www.eldiario.net\\\/portal\\\/2024\\\/07\\\/02\\\/camille-nuamah-sera-representante-residente-del-banco-mundial-en-bolivia\\\/\"},\"wordCount\":476,\"commentCount\":0,\"publisher\":{\"@id\":\"https:\\\/\\\/www.eldiario.net\\\/portal\\\/#organization\"},\"image\":{\"@id\":\"https:\\\/\\\/www.eldiario.net\\\/portal\\\/2024\\\/07\\\/02\\\/camille-nuamah-sera-representante-residente-del-banco-mundial-en-bolivia\\\/#primaryimage\"},\"thumbnailUrl\":\"https:\\\/\\\/www.eldiario.net\\\/portal\\\/wp-content\\\/uploads\\\/2024\\\/07\\\/BANCO-FOTO.jpg\",\"articleSection\":[\"Econom\u00eda\"],\"inLanguage\":\"es\",\"potentialAction\":[{\"@type\":\"CommentAction\",\"name\":\"Comment\",\"target\":[\"https:\\\/\\\/www.eldiario.net\\\/portal\\\/2024\\\/07\\\/02\\\/camille-nuamah-sera-representante-residente-del-banco-mundial-en-bolivia\\\/#respond\"]}]},{\"@type\":\"WebPage\",\"@id\":\"https:\\\/\\\/www.eldiario.net\\\/portal\\\/2024\\\/07\\\/02\\\/camille-nuamah-sera-representante-residente-del-banco-mundial-en-bolivia\\\/\",\"url\":\"https:\\\/\\\/www.eldiario.net\\\/portal\\\/2024\\\/07\\\/02\\\/camille-nuamah-sera-representante-residente-del-banco-mundial-en-bolivia\\\/\",\"name\":\"Camille Nuamah ser\u00e1 representante Residente del Banco Mundial en Bolivia - El Diario - Bolivia\",\"isPartOf\":{\"@id\":\"https:\\\/\\\/www.eldiario.net\\\/portal\\\/#website\"},\"primaryImageOfPage\":{\"@id\":\"https:\\\/\\\/www.eldiario.net\\\/portal\\\/2024\\\/07\\\/02\\\/camille-nuamah-sera-representante-residente-del-banco-mundial-en-bolivia\\\/#primaryimage\"},\"image\":{\"@id\":\"https:\\\/\\\/www.eldiario.net\\\/portal\\\/2024\\\/07\\\/02\\\/camille-nuamah-sera-representante-residente-del-banco-mundial-en-bolivia\\\/#primaryimage\"},\"thumbnailUrl\":\"https:\\\/\\\/www.eldiario.net\\\/portal\\\/wp-content\\\/uploads\\\/2024\\\/07\\\/BANCO-FOTO.jpg\",\"datePublished\":\"2024-07-02T10:06:44+00:00\",\"breadcrumb\":{\"@id\":\"https:\\\/\\\/www.eldiario.net\\\/portal\\\/2024\\\/07\\\/02\\\/camille-nuamah-sera-representante-residente-del-banco-mundial-en-bolivia\\\/#breadcrumb\"},\"inLanguage\":\"es\",\"potentialAction\":[{\"@type\":\"ReadAction\",\"target\":[\"https:\\\/\\\/www.eldiario.net\\\/portal\\\/2024\\\/07\\\/02\\\/camille-nuamah-sera-representante-residente-del-banco-mundial-en-bolivia\\\/\"]}]},{\"@type\":\"ImageObject\",\"inLanguage\":\"es\",\"@id\":\"https:\\\/\\\/www.eldiario.net\\\/portal\\\/2024\\\/07\\\/02\\\/camille-nuamah-sera-representante-residente-del-banco-mundial-en-bolivia\\\/#primaryimage\",\"url\":\"https:\\\/\\\/www.eldiario.net\\\/portal\\\/wp-content\\\/uploads\\\/2024\\\/07\\\/BANCO-FOTO.jpg\",\"contentUrl\":\"https:\\\/\\\/www.eldiario.net\\\/portal\\\/wp-content\\\/uploads\\\/2024\\\/07\\\/BANCO-FOTO.jpg\",\"width\":1181,\"height\":1042,\"caption\":\"Camille Nuamah asume la posici\u00f3n de representante Residente del Grupo Banco Mundial en Bolivia. Foto BM\"},{\"@type\":\"BreadcrumbList\",\"@id\":\"https:\\\/\\\/www.eldiario.net\\\/portal\\\/2024\\\/07\\\/02\\\/camille-nuamah-sera-representante-residente-del-banco-mundial-en-bolivia\\\/#breadcrumb\",\"itemListElement\":[{\"@type\":\"ListItem\",\"position\":1,\"name\":\"Portada\",\"item\":\"https:\\\/\\\/www.eldiario.net\\\/portal\\\/\"},{\"@type\":\"ListItem\",\"position\":2,\"name\":\"Camille Nuamah ser\u00e1 representante Residente del Banco Mundial en Bolivia\"}]},{\"@type\":\"WebSite\",\"@id\":\"https:\\\/\\\/www.eldiario.net\\\/portal\\\/#website\",\"url\":\"https:\\\/\\\/www.eldiario.net\\\/portal\\\/\",\"name\":\"El Diario - Decano de la prensa nacional\",\"description\":\"El Diario - Decano de la prensa nacional\",\"publisher\":{\"@id\":\"https:\\\/\\\/www.eldiario.net\\\/portal\\\/#organization\"},\"potentialAction\":[{\"@type\":\"SearchAction\",\"target\":{\"@type\":\"EntryPoint\",\"urlTemplate\":\"https:\\\/\\\/www.eldiario.net\\\/portal\\\/?s={search_term_string}\"},\"query-input\":{\"@type\":\"PropertyValueSpecification\",\"valueRequired\":true,\"valueName\":\"search_term_string\"}}],\"inLanguage\":\"es\"},{\"@type\":\"Organization\",\"@id\":\"https:\\\/\\\/www.eldiario.net\\\/portal\\\/#organization\",\"name\":\"El Diario - Decano de la prensa nacional\",\"url\":\"https:\\\/\\\/www.eldiario.net\\\/portal\\\/\",\"logo\":{\"@type\":\"ImageObject\",\"inLanguage\":\"es\",\"@id\":\"https:\\\/\\\/www.eldiario.net\\\/portal\\\/#\\\/schema\\\/logo\\\/image\\\/\",\"url\":\"https:\\\/\\\/www.eldiario.net\\\/portal\\\/wp-content\\\/uploads\\\/2023\\\/07\\\/logo_ED.jpg\",\"contentUrl\":\"https:\\\/\\\/www.eldiario.net\\\/portal\\\/wp-content\\\/uploads\\\/2023\\\/07\\\/logo_ED.jpg\",\"width\":272,\"height\":52,\"caption\":\"El Diario - Decano de la prensa nacional\"},\"image\":{\"@id\":\"https:\\\/\\\/www.eldiario.net\\\/portal\\\/#\\\/schema\\\/logo\\\/image\\\/\"},\"sameAs\":[\"https:\\\/\\\/www.facebook.com\\\/eldiario.bolivia\\\/\",\"https:\\\/\\\/x.com\\\/eldiario_net\"]},{\"@type\":\"Person\",\"@id\":\"https:\\\/\\\/www.eldiario.net\\\/portal\\\/#\\\/schema\\\/person\\\/f46445640444750d7d753ccd04ae01b7\",\"name\":\"Jeanette\",\"image\":{\"@type\":\"ImageObject\",\"inLanguage\":\"es\",\"@id\":\"https:\\\/\\\/secure.gravatar.com\\\/avatar\\\/3ea2118a5f7dad2b7138b1187a6b7ee55f160b9968b66013c3a3ef39dd7e5798?s=96&d=mm&r=g\",\"url\":\"https:\\\/\\\/secure.gravatar.com\\\/avatar\\\/3ea2118a5f7dad2b7138b1187a6b7ee55f160b9968b66013c3a3ef39dd7e5798?s=96&d=mm&r=g\",\"contentUrl\":\"https:\\\/\\\/secure.gravatar.com\\\/avatar\\\/3ea2118a5f7dad2b7138b1187a6b7ee55f160b9968b66013c3a3ef39dd7e5798?s=96&d=mm&r=g\",\"caption\":\"Jeanette\"},\"sameAs\":[\"https:\\\/\\\/www.eldiario.net\\\/portal\"],\"url\":\"https:\\\/\\\/www.eldiario.net\\\/portal\\\/author\\\/jeanette\\\/\"}]}<\/script>\n<!-- \/ Yoast SEO plugin. -->","yoast_head_json":{"title":"Camille Nuamah ser\u00e1 representante Residente del Banco Mundial en Bolivia - El Diario - Bolivia","robots":{"index":"index","follow":"follow","max-snippet":"max-snippet:-1","max-image-preview":"max-image-preview:large","max-video-preview":"max-video-preview:-1"},"canonical":"https:\/\/www.eldiario.net\/portal\/2024\/07\/02\/camille-nuamah-sera-representante-residente-del-banco-mundial-en-bolivia\/","og_locale":"es_ES","og_type":"article","og_title":"Camille Nuamah ser\u00e1 representante Residente del Banco Mundial en Bolivia - El Diario - Bolivia","og_description":"Camille Nuamah asumi\u00f3 como representante Residente del Grupo Banco Mundial en Bolivia, un cargo que unificar\u00e1 el liderazgo a nivel de pa\u00eds de toda la instituci\u00f3n para apoyar mejor las prioridades del sector p\u00fablico y privado. Ese puesto, reci\u00e9n creado, proporciona un \u00fanico punto de contacto para acceder a la totalidad de productos y servicios [&hellip;]","og_url":"https:\/\/www.eldiario.net\/portal\/2024\/07\/02\/camille-nuamah-sera-representante-residente-del-banco-mundial-en-bolivia\/","og_site_name":"El Diario - Bolivia","article_publisher":"https:\/\/www.facebook.com\/eldiario.bolivia\/","article_published_time":"2024-07-02T10:06:44+00:00","og_image":[{"width":1181,"height":1042,"url":"https:\/\/www.eldiario.net\/portal\/wp-content\/uploads\/2024\/07\/BANCO-FOTO.jpg","type":"image\/jpeg"}],"author":"Jeanette","twitter_card":"summary_large_image","twitter_creator":"@eldiario_net","twitter_site":"@eldiario_net","twitter_misc":{"Escrito por":"Jeanette","Tiempo de lectura":"3 minutos"},"schema":{"@context":"https:\/\/schema.org","@graph":[{"@type":"Article","@id":"https:\/\/www.eldiario.net\/portal\/2024\/07\/02\/camille-nuamah-sera-representante-residente-del-banco-mundial-en-bolivia\/#article","isPartOf":{"@id":"https:\/\/www.eldiario.net\/portal\/2024\/07\/02\/camille-nuamah-sera-representante-residente-del-banco-mundial-en-bolivia\/"},"author":{"name":"Jeanette","@id":"https:\/\/www.eldiario.net\/portal\/#\/schema\/person\/f46445640444750d7d753ccd04ae01b7"},"headline":"Camille Nuamah ser\u00e1 representante Residente del Banco Mundial en Bolivia","datePublished":"2024-07-02T10:06:44+00:00","mainEntityOfPage":{"@id":"https:\/\/www.eldiario.net\/portal\/2024\/07\/02\/camille-nuamah-sera-representante-residente-del-banco-mundial-en-bolivia\/"},"wordCount":476,"commentCount":0,"publisher":{"@id":"https:\/\/www.eldiario.net\/portal\/#organization"},"image":{"@id":"https:\/\/www.eldiario.net\/portal\/2024\/07\/02\/camille-nuamah-sera-representante-residente-del-banco-mundial-en-bolivia\/#primaryimage"},"thumbnailUrl":"https:\/\/www.eldiario.net\/portal\/wp-content\/uploads\/2024\/07\/BANCO-FOTO.jpg","articleSection":["Econom\u00eda"],"inLanguage":"es","potentialAction":[{"@type":"CommentAction","name":"Comment","target":["https:\/\/www.eldiario.net\/portal\/2024\/07\/02\/camille-nuamah-sera-representante-residente-del-banco-mundial-en-bolivia\/#respond"]}]},{"@type":"WebPage","@id":"https:\/\/www.eldiario.net\/portal\/2024\/07\/02\/camille-nuamah-sera-representante-residente-del-banco-mundial-en-bolivia\/","url":"https:\/\/www.eldiario.net\/portal\/2024\/07\/02\/camille-nuamah-sera-representante-residente-del-banco-mundial-en-bolivia\/","name":"Camille Nuamah ser\u00e1 representante Residente del Banco Mundial en Bolivia - El Diario - Bolivia","isPartOf":{"@id":"https:\/\/www.eldiario.net\/portal\/#website"},"primaryImageOfPage":{"@id":"https:\/\/www.eldiario.net\/portal\/2024\/07\/02\/camille-nuamah-sera-representante-residente-del-banco-mundial-en-bolivia\/#primaryimage"},"image":{"@id":"https:\/\/www.eldiario.net\/portal\/2024\/07\/02\/camille-nuamah-sera-representante-residente-del-banco-mundial-en-bolivia\/#primaryimage"},"thumbnailUrl":"https:\/\/www.eldiario.net\/portal\/wp-content\/uploads\/2024\/07\/BANCO-FOTO.jpg","datePublished":"2024-07-02T10:06:44+00:00","breadcrumb":{"@id":"https:\/\/www.eldiario.net\/portal\/2024\/07\/02\/camille-nuamah-sera-representante-residente-del-banco-mundial-en-bolivia\/#breadcrumb"},"inLanguage":"es","potentialAction":[{"@type":"ReadAction","target":["https:\/\/www.eldiario.net\/portal\/2024\/07\/02\/camille-nuamah-sera-representante-residente-del-banco-mundial-en-bolivia\/"]}]},{"@type":"ImageObject","inLanguage":"es","@id":"https:\/\/www.eldiario.net\/portal\/2024\/07\/02\/camille-nuamah-sera-representante-residente-del-banco-mundial-en-bolivia\/#primaryimage","url":"https:\/\/www.eldiario.net\/portal\/wp-content\/uploads\/2024\/07\/BANCO-FOTO.jpg","contentUrl":"https:\/\/www.eldiario.net\/portal\/wp-content\/uploads\/2024\/07\/BANCO-FOTO.jpg","width":1181,"height":1042,"caption":"Camille Nuamah asume la posici\u00f3n de representante Residente del Grupo Banco Mundial en Bolivia. Foto BM"},{"@type":"BreadcrumbList","@id":"https:\/\/www.eldiario.net\/portal\/2024\/07\/02\/camille-nuamah-sera-representante-residente-del-banco-mundial-en-bolivia\/#breadcrumb","itemListElement":[{"@type":"ListItem","position":1,"name":"Portada","item":"https:\/\/www.eldiario.net\/portal\/"},{"@type":"ListItem","position":2,"name":"Camille Nuamah ser\u00e1 representante Residente del Banco Mundial en Bolivia"}]},{"@type":"WebSite","@id":"https:\/\/www.eldiario.net\/portal\/#website","url":"https:\/\/www.eldiario.net\/portal\/","name":"El Diario - Decano de la prensa nacional","description":"El Diario - Decano de la prensa nacional","publisher":{"@id":"https:\/\/www.eldiario.net\/portal\/#organization"},"potentialAction":[{"@type":"SearchAction","target":{"@type":"EntryPoint","urlTemplate":"https:\/\/www.eldiario.net\/portal\/?s={search_term_string}"},"query-input":{"@type":"PropertyValueSpecification","valueRequired":true,"valueName":"search_term_string"}}],"inLanguage":"es"},{"@type":"Organization","@id":"https:\/\/www.eldiario.net\/portal\/#organization","name":"El Diario - Decano de la prensa nacional","url":"https:\/\/www.eldiario.net\/portal\/","logo":{"@type":"ImageObject","inLanguage":"es","@id":"https:\/\/www.eldiario.net\/portal\/#\/schema\/logo\/image\/","url":"https:\/\/www.eldiario.net\/portal\/wp-content\/uploads\/2023\/07\/logo_ED.jpg","contentUrl":"https:\/\/www.eldiario.net\/portal\/wp-content\/uploads\/2023\/07\/logo_ED.jpg","width":272,"height":52,"caption":"El Diario - Decano de la prensa nacional"},"image":{"@id":"https:\/\/www.eldiario.net\/portal\/#\/schema\/logo\/image\/"},"sameAs":["https:\/\/www.facebook.com\/eldiario.bolivia\/","https:\/\/x.com\/eldiario_net"]},{"@type":"Person","@id":"https:\/\/www.eldiario.net\/portal\/#\/schema\/person\/f46445640444750d7d753ccd04ae01b7","name":"Jeanette","image":{"@type":"ImageObject","inLanguage":"es","@id":"https:\/\/secure.gravatar.com\/avatar\/3ea2118a5f7dad2b7138b1187a6b7ee55f160b9968b66013c3a3ef39dd7e5798?s=96&d=mm&r=g","url":"https:\/\/secure.gravatar.com\/avatar\/3ea2118a5f7dad2b7138b1187a6b7ee55f160b9968b66013c3a3ef39dd7e5798?s=96&d=mm&r=g","contentUrl":"https:\/\/secure.gravatar.com\/avatar\/3ea2118a5f7dad2b7138b1187a6b7ee55f160b9968b66013c3a3ef39dd7e5798?s=96&d=mm&r=g","caption":"Jeanette"},"sameAs":["https:\/\/www.eldiario.net\/portal"],"url":"https:\/\/www.eldiario.net\/portal\/author\/jeanette\/"}]}},"_links":{"self":[{"href":"https:\/\/www.eldiario.net\/portal\/wp-json\/wp\/v2\/posts\/231291","targetHints":{"allow":["GET"]}}],"collection":[{"href":"https:\/\/www.eldiario.net\/portal\/wp-json\/wp\/v2\/posts"}],"about":[{"href":"https:\/\/www.eldiario.net\/portal\/wp-json\/wp\/v2\/types\/post"}],"author":[{"embeddable":true,"href":"https:\/\/www.eldiario.net\/portal\/wp-json\/wp\/v2\/users\/1"}],"replies":[{"embeddable":true,"href":"https:\/\/www.eldiario.net\/portal\/wp-json\/wp\/v2\/comments?post=231291"}],"version-history":[{"count":1,"href":"https:\/\/www.eldiario.net\/portal\/wp-json\/wp\/v2\/posts\/231291\/revisions"}],"predecessor-version":[{"id":231293,"href":"https:\/\/www.eldiario.net\/portal\/wp-json\/wp\/v2\/posts\/231291\/revisions\/231293"}],"wp:featuredmedia":[{"embeddable":true,"href":"https:\/\/www.eldiario.net\/portal\/wp-json\/wp\/v2\/media\/231292"}],"wp:attachment":[{"href":"https:\/\/www.eldiario.net\/portal\/wp-json\/wp\/v2\/media?parent=231291"}],"wp:term":[{"taxonomy":"category","embeddable":true,"href":"https:\/\/www.eldiario.net\/portal\/wp-json\/wp\/v2\/categories?post=231291"},{"taxonomy":"post_tag","embeddable":true,"href":"https:\/\/www.eldiario.net\/portal\/wp-json\/wp\/v2\/tags?post=231291"}],"curies":[{"name":"wp","href":"https:\/\/api.w.org\/{rel}","templated":true}]}}