{"id":231126,"date":"2024-07-01T16:33:31","date_gmt":"2024-07-01T20:33:31","guid":{"rendered":"https:\/\/www.eldiario.net\/portal\/?p=231126"},"modified":"2024-07-01T16:35:10","modified_gmt":"2024-07-01T20:35:10","slug":"senamhi-cochabamba-tiene-una-epoca-invernal-bastante-calida","status":"publish","type":"post","link":"https:\/\/www.eldiario.net\/portal\/2024\/07\/01\/senamhi-cochabamba-tiene-una-epoca-invernal-bastante-calida\/","title":{"rendered":"Senamhi: Cochabamba tiene una \u201c\u00e9poca invernal bastante c\u00e1lida\u201d"},"content":{"rendered":"<p>El departamento de Cochabamba se encuentra en una \u201c\u00e9poca invernal bastante c\u00e1lida\u201d, porque en la mayor\u00eda de sus regiones se tiene temperaturas m\u00ednimas que no llegan a los cero grados cent\u00edgrados.\u00a0 Por otro lado, sus temperaturas m\u00e1ximas est\u00e1n por encima de los 30 grados cent\u00edgrados.<\/p>\n<p>La evaluaci\u00f3n fue realizada por el director departamental del Servicio nacional de Meteorolog\u00eda e Hidrolog\u00eda en Cochabamba, Erick Sossa, quien dijo que la \u00fanica regi\u00f3n que tiene menos de cero grados cent\u00edgrados de temperatura m\u00ednima es la zona andina, por su cercan\u00eda con el altiplano.<\/p>\n<p>El experto anunci\u00f3, adem\u00e1s, que un nuevo frente fr\u00edo ingresar\u00e1 este fin de semana al territorio cochabambino, por lo que se tendr\u00e1 un descenso de temperaturas m\u00ednimas y m\u00e1ximas que estar\u00e1n entre los dos y los 25 grados cent\u00edgrados, respectivamente.<\/p>\n","protected":false},"excerpt":{"rendered":"<p>El departamento de Cochabamba se encuentra en una \u201c\u00e9poca invernal bastante c\u00e1lida\u201d, porque en la mayor\u00eda de sus regiones se tiene temperaturas m\u00ednimas que no llegan a los cero grados cent\u00edgrados.\u00a0 Por otro lado, sus temperaturas m\u00e1ximas est\u00e1n por encima de los 30 grados cent\u00edgrados. La evaluaci\u00f3n fue realizada por el director departamental del Servicio [&hellip;]<\/p>\n","protected":false},"author":2,"featured_media":231127,"comment_status":"open","ping_status":"open","sticky":false,"template":"","format":"standard","meta":{"_acf_changed":false,"footnotes":""},"categories":[51],"tags":[],"class_list":["post-231126","post","type-post","status-publish","format-standard","has-post-thumbnail","category-ultima-hora"],"acf":{"antetitulo":""},"yoast_head":"<!-- This site is optimized with the Yoast SEO plugin v28.3 - https:\/\/yoast.com\/product\/yoast-seo-wordpress\/ -->\n<title>Senamhi: Cochabamba tiene una \u201c\u00e9poca invernal bastante c\u00e1lida\u201d - El Diario - Bolivia<\/title>\n<meta name=\"robots\" content=\"index, follow, max-snippet:-1, max-image-preview:large, max-video-preview:-1\" \/>\n<link rel=\"canonical\" href=\"https:\/\/www.eldiario.net\/portal\/2024\/07\/01\/senamhi-cochabamba-tiene-una-epoca-invernal-bastante-calida\/\" \/>\n<meta property=\"og:locale\" content=\"es_ES\" \/>\n<meta property=\"og:type\" content=\"article\" \/>\n<meta property=\"og:title\" content=\"Senamhi: Cochabamba tiene una \u201c\u00e9poca invernal bastante c\u00e1lida\u201d - El Diario - Bolivia\" \/>\n<meta property=\"og:description\" content=\"El departamento de Cochabamba se encuentra en una \u201c\u00e9poca invernal bastante c\u00e1lida\u201d, porque en la mayor\u00eda de sus regiones se tiene temperaturas m\u00ednimas que no llegan a los cero grados cent\u00edgrados.\u00a0 Por otro lado, sus temperaturas m\u00e1ximas est\u00e1n por encima de los 30 grados cent\u00edgrados. La evaluaci\u00f3n fue realizada por el director departamental del Servicio [&hellip;]\" \/>\n<meta property=\"og:url\" content=\"https:\/\/www.eldiario.net\/portal\/2024\/07\/01\/senamhi-cochabamba-tiene-una-epoca-invernal-bastante-calida\/\" \/>\n<meta property=\"og:site_name\" content=\"El Diario - Bolivia\" \/>\n<meta property=\"article:publisher\" content=\"https:\/\/www.facebook.com\/eldiario.bolivia\/\" \/>\n<meta property=\"article:published_time\" content=\"2024-07-01T20:33:31+00:00\" \/>\n<meta property=\"article:modified_time\" content=\"2024-07-01T20:35:10+00:00\" \/>\n<meta property=\"og:image\" content=\"https:\/\/www.eldiario.net\/portal\/wp-content\/uploads\/2024\/07\/COCHABAMBA-1.jpg\" \/>\n\t<meta property=\"og:image:width\" content=\"600\" \/>\n\t<meta property=\"og:image:height\" content=\"490\" \/>\n\t<meta property=\"og:image:type\" content=\"image\/jpeg\" \/>\n<meta name=\"author\" content=\"luis Camacho\" \/>\n<meta name=\"twitter:card\" content=\"summary_large_image\" \/>\n<meta name=\"twitter:creator\" content=\"@eldiario_net\" \/>\n<meta name=\"twitter:site\" content=\"@eldiario_net\" \/>\n<meta name=\"twitter:label1\" content=\"Escrito por\" \/>\n\t<meta name=\"twitter:data1\" content=\"luis Camacho\" \/>\n\t<meta name=\"twitter:label2\" content=\"Tiempo de lectura\" \/>\n\t<meta name=\"twitter:data2\" content=\"1 minuto\" \/>\n<script type=\"application\/ld+json\" class=\"yoast-schema-graph\">{\"@context\":\"https:\\\/\\\/schema.org\",\"@graph\":[{\"@type\":\"Article\",\"@id\":\"https:\\\/\\\/www.eldiario.net\\\/portal\\\/2024\\\/07\\\/01\\\/senamhi-cochabamba-tiene-una-epoca-invernal-bastante-calida\\\/#article\",\"isPartOf\":{\"@id\":\"https:\\\/\\\/www.eldiario.net\\\/portal\\\/2024\\\/07\\\/01\\\/senamhi-cochabamba-tiene-una-epoca-invernal-bastante-calida\\\/\"},\"author\":{\"name\":\"luis Camacho\",\"@id\":\"https:\\\/\\\/www.eldiario.net\\\/portal\\\/#\\\/schema\\\/person\\\/cab1ae4db27e5f008a62cbffb05fbfee\"},\"headline\":\"Senamhi: Cochabamba tiene una \u201c\u00e9poca invernal bastante c\u00e1lida\u201d\",\"datePublished\":\"2024-07-01T20:33:31+00:00\",\"dateModified\":\"2024-07-01T20:35:10+00:00\",\"mainEntityOfPage\":{\"@id\":\"https:\\\/\\\/www.eldiario.net\\\/portal\\\/2024\\\/07\\\/01\\\/senamhi-cochabamba-tiene-una-epoca-invernal-bastante-calida\\\/\"},\"wordCount\":157,\"commentCount\":0,\"publisher\":{\"@id\":\"https:\\\/\\\/www.eldiario.net\\\/portal\\\/#organization\"},\"image\":{\"@id\":\"https:\\\/\\\/www.eldiario.net\\\/portal\\\/2024\\\/07\\\/01\\\/senamhi-cochabamba-tiene-una-epoca-invernal-bastante-calida\\\/#primaryimage\"},\"thumbnailUrl\":\"https:\\\/\\\/www.eldiario.net\\\/portal\\\/wp-content\\\/uploads\\\/2024\\\/07\\\/COCHABAMBA-1.jpg\",\"articleSection\":[\"\u00daltima Hora\"],\"inLanguage\":\"es\",\"potentialAction\":[{\"@type\":\"CommentAction\",\"name\":\"Comment\",\"target\":[\"https:\\\/\\\/www.eldiario.net\\\/portal\\\/2024\\\/07\\\/01\\\/senamhi-cochabamba-tiene-una-epoca-invernal-bastante-calida\\\/#respond\"]}]},{\"@type\":\"WebPage\",\"@id\":\"https:\\\/\\\/www.eldiario.net\\\/portal\\\/2024\\\/07\\\/01\\\/senamhi-cochabamba-tiene-una-epoca-invernal-bastante-calida\\\/\",\"url\":\"https:\\\/\\\/www.eldiario.net\\\/portal\\\/2024\\\/07\\\/01\\\/senamhi-cochabamba-tiene-una-epoca-invernal-bastante-calida\\\/\",\"name\":\"Senamhi: Cochabamba tiene una \u201c\u00e9poca invernal bastante c\u00e1lida\u201d - El Diario - Bolivia\",\"isPartOf\":{\"@id\":\"https:\\\/\\\/www.eldiario.net\\\/portal\\\/#website\"},\"primaryImageOfPage\":{\"@id\":\"https:\\\/\\\/www.eldiario.net\\\/portal\\\/2024\\\/07\\\/01\\\/senamhi-cochabamba-tiene-una-epoca-invernal-bastante-calida\\\/#primaryimage\"},\"image\":{\"@id\":\"https:\\\/\\\/www.eldiario.net\\\/portal\\\/2024\\\/07\\\/01\\\/senamhi-cochabamba-tiene-una-epoca-invernal-bastante-calida\\\/#primaryimage\"},\"thumbnailUrl\":\"https:\\\/\\\/www.eldiario.net\\\/portal\\\/wp-content\\\/uploads\\\/2024\\\/07\\\/COCHABAMBA-1.jpg\",\"datePublished\":\"2024-07-01T20:33:31+00:00\",\"dateModified\":\"2024-07-01T20:35:10+00:00\",\"breadcrumb\":{\"@id\":\"https:\\\/\\\/www.eldiario.net\\\/portal\\\/2024\\\/07\\\/01\\\/senamhi-cochabamba-tiene-una-epoca-invernal-bastante-calida\\\/#breadcrumb\"},\"inLanguage\":\"es\",\"potentialAction\":[{\"@type\":\"ReadAction\",\"target\":[\"https:\\\/\\\/www.eldiario.net\\\/portal\\\/2024\\\/07\\\/01\\\/senamhi-cochabamba-tiene-una-epoca-invernal-bastante-calida\\\/\"]}]},{\"@type\":\"ImageObject\",\"inLanguage\":\"es\",\"@id\":\"https:\\\/\\\/www.eldiario.net\\\/portal\\\/2024\\\/07\\\/01\\\/senamhi-cochabamba-tiene-una-epoca-invernal-bastante-calida\\\/#primaryimage\",\"url\":\"https:\\\/\\\/www.eldiario.net\\\/portal\\\/wp-content\\\/uploads\\\/2024\\\/07\\\/COCHABAMBA-1.jpg\",\"contentUrl\":\"https:\\\/\\\/www.eldiario.net\\\/portal\\\/wp-content\\\/uploads\\\/2024\\\/07\\\/COCHABAMBA-1.jpg\",\"width\":600,\"height\":490,\"caption\":\"Foto: Archivo.\"},{\"@type\":\"BreadcrumbList\",\"@id\":\"https:\\\/\\\/www.eldiario.net\\\/portal\\\/2024\\\/07\\\/01\\\/senamhi-cochabamba-tiene-una-epoca-invernal-bastante-calida\\\/#breadcrumb\",\"itemListElement\":[{\"@type\":\"ListItem\",\"position\":1,\"name\":\"Portada\",\"item\":\"https:\\\/\\\/www.eldiario.net\\\/portal\\\/\"},{\"@type\":\"ListItem\",\"position\":2,\"name\":\"Senamhi: Cochabamba tiene una \u201c\u00e9poca invernal bastante c\u00e1lida\u201d\"}]},{\"@type\":\"WebSite\",\"@id\":\"https:\\\/\\\/www.eldiario.net\\\/portal\\\/#website\",\"url\":\"https:\\\/\\\/www.eldiario.net\\\/portal\\\/\",\"name\":\"El Diario - Decano de la prensa nacional\",\"description\":\"El Diario - Decano de la prensa nacional\",\"publisher\":{\"@id\":\"https:\\\/\\\/www.eldiario.net\\\/portal\\\/#organization\"},\"potentialAction\":[{\"@type\":\"SearchAction\",\"target\":{\"@type\":\"EntryPoint\",\"urlTemplate\":\"https:\\\/\\\/www.eldiario.net\\\/portal\\\/?s={search_term_string}\"},\"query-input\":{\"@type\":\"PropertyValueSpecification\",\"valueRequired\":true,\"valueName\":\"search_term_string\"}}],\"inLanguage\":\"es\"},{\"@type\":\"Organization\",\"@id\":\"https:\\\/\\\/www.eldiario.net\\\/portal\\\/#organization\",\"name\":\"El Diario - Decano de la prensa nacional\",\"url\":\"https:\\\/\\\/www.eldiario.net\\\/portal\\\/\",\"logo\":{\"@type\":\"ImageObject\",\"inLanguage\":\"es\",\"@id\":\"https:\\\/\\\/www.eldiario.net\\\/portal\\\/#\\\/schema\\\/logo\\\/image\\\/\",\"url\":\"https:\\\/\\\/www.eldiario.net\\\/portal\\\/wp-content\\\/uploads\\\/2023\\\/07\\\/logo_ED.jpg\",\"contentUrl\":\"https:\\\/\\\/www.eldiario.net\\\/portal\\\/wp-content\\\/uploads\\\/2023\\\/07\\\/logo_ED.jpg\",\"width\":272,\"height\":52,\"caption\":\"El Diario - Decano de la prensa nacional\"},\"image\":{\"@id\":\"https:\\\/\\\/www.eldiario.net\\\/portal\\\/#\\\/schema\\\/logo\\\/image\\\/\"},\"sameAs\":[\"https:\\\/\\\/www.facebook.com\\\/eldiario.bolivia\\\/\",\"https:\\\/\\\/x.com\\\/eldiario_net\"]},{\"@type\":\"Person\",\"@id\":\"https:\\\/\\\/www.eldiario.net\\\/portal\\\/#\\\/schema\\\/person\\\/cab1ae4db27e5f008a62cbffb05fbfee\",\"name\":\"luis Camacho\",\"image\":{\"@type\":\"ImageObject\",\"inLanguage\":\"es\",\"@id\":\"https:\\\/\\\/secure.gravatar.com\\\/avatar\\\/69ecb836b3826d5a2501bf06ab2a2f2c8ab211cc846758f395df21684cb38313?s=96&d=mm&r=g\",\"url\":\"https:\\\/\\\/secure.gravatar.com\\\/avatar\\\/69ecb836b3826d5a2501bf06ab2a2f2c8ab211cc846758f395df21684cb38313?s=96&d=mm&r=g\",\"contentUrl\":\"https:\\\/\\\/secure.gravatar.com\\\/avatar\\\/69ecb836b3826d5a2501bf06ab2a2f2c8ab211cc846758f395df21684cb38313?s=96&d=mm&r=g\",\"caption\":\"luis Camacho\"},\"url\":\"https:\\\/\\\/www.eldiario.net\\\/portal\\\/author\\\/luis\\\/\"}]}<\/script>\n<!-- \/ Yoast SEO plugin. -->","yoast_head_json":{"title":"Senamhi: Cochabamba tiene una \u201c\u00e9poca invernal bastante c\u00e1lida\u201d - El Diario - Bolivia","robots":{"index":"index","follow":"follow","max-snippet":"max-snippet:-1","max-image-preview":"max-image-preview:large","max-video-preview":"max-video-preview:-1"},"canonical":"https:\/\/www.eldiario.net\/portal\/2024\/07\/01\/senamhi-cochabamba-tiene-una-epoca-invernal-bastante-calida\/","og_locale":"es_ES","og_type":"article","og_title":"Senamhi: Cochabamba tiene una \u201c\u00e9poca invernal bastante c\u00e1lida\u201d - El Diario - Bolivia","og_description":"El departamento de Cochabamba se encuentra en una \u201c\u00e9poca invernal bastante c\u00e1lida\u201d, porque en la mayor\u00eda de sus regiones se tiene temperaturas m\u00ednimas que no llegan a los cero grados cent\u00edgrados.\u00a0 Por otro lado, sus temperaturas m\u00e1ximas est\u00e1n por encima de los 30 grados cent\u00edgrados. La evaluaci\u00f3n fue realizada por el director departamental del Servicio [&hellip;]","og_url":"https:\/\/www.eldiario.net\/portal\/2024\/07\/01\/senamhi-cochabamba-tiene-una-epoca-invernal-bastante-calida\/","og_site_name":"El Diario - Bolivia","article_publisher":"https:\/\/www.facebook.com\/eldiario.bolivia\/","article_published_time":"2024-07-01T20:33:31+00:00","article_modified_time":"2024-07-01T20:35:10+00:00","og_image":[{"width":600,"height":490,"url":"https:\/\/www.eldiario.net\/portal\/wp-content\/uploads\/2024\/07\/COCHABAMBA-1.jpg","type":"image\/jpeg"}],"author":"luis Camacho","twitter_card":"summary_large_image","twitter_creator":"@eldiario_net","twitter_site":"@eldiario_net","twitter_misc":{"Escrito por":"luis Camacho","Tiempo de lectura":"1 minuto"},"schema":{"@context":"https:\/\/schema.org","@graph":[{"@type":"Article","@id":"https:\/\/www.eldiario.net\/portal\/2024\/07\/01\/senamhi-cochabamba-tiene-una-epoca-invernal-bastante-calida\/#article","isPartOf":{"@id":"https:\/\/www.eldiario.net\/portal\/2024\/07\/01\/senamhi-cochabamba-tiene-una-epoca-invernal-bastante-calida\/"},"author":{"name":"luis Camacho","@id":"https:\/\/www.eldiario.net\/portal\/#\/schema\/person\/cab1ae4db27e5f008a62cbffb05fbfee"},"headline":"Senamhi: Cochabamba tiene una \u201c\u00e9poca invernal bastante c\u00e1lida\u201d","datePublished":"2024-07-01T20:33:31+00:00","dateModified":"2024-07-01T20:35:10+00:00","mainEntityOfPage":{"@id":"https:\/\/www.eldiario.net\/portal\/2024\/07\/01\/senamhi-cochabamba-tiene-una-epoca-invernal-bastante-calida\/"},"wordCount":157,"commentCount":0,"publisher":{"@id":"https:\/\/www.eldiario.net\/portal\/#organization"},"image":{"@id":"https:\/\/www.eldiario.net\/portal\/2024\/07\/01\/senamhi-cochabamba-tiene-una-epoca-invernal-bastante-calida\/#primaryimage"},"thumbnailUrl":"https:\/\/www.eldiario.net\/portal\/wp-content\/uploads\/2024\/07\/COCHABAMBA-1.jpg","articleSection":["\u00daltima Hora"],"inLanguage":"es","potentialAction":[{"@type":"CommentAction","name":"Comment","target":["https:\/\/www.eldiario.net\/portal\/2024\/07\/01\/senamhi-cochabamba-tiene-una-epoca-invernal-bastante-calida\/#respond"]}]},{"@type":"WebPage","@id":"https:\/\/www.eldiario.net\/portal\/2024\/07\/01\/senamhi-cochabamba-tiene-una-epoca-invernal-bastante-calida\/","url":"https:\/\/www.eldiario.net\/portal\/2024\/07\/01\/senamhi-cochabamba-tiene-una-epoca-invernal-bastante-calida\/","name":"Senamhi: Cochabamba tiene una \u201c\u00e9poca invernal bastante c\u00e1lida\u201d - El Diario - Bolivia","isPartOf":{"@id":"https:\/\/www.eldiario.net\/portal\/#website"},"primaryImageOfPage":{"@id":"https:\/\/www.eldiario.net\/portal\/2024\/07\/01\/senamhi-cochabamba-tiene-una-epoca-invernal-bastante-calida\/#primaryimage"},"image":{"@id":"https:\/\/www.eldiario.net\/portal\/2024\/07\/01\/senamhi-cochabamba-tiene-una-epoca-invernal-bastante-calida\/#primaryimage"},"thumbnailUrl":"https:\/\/www.eldiario.net\/portal\/wp-content\/uploads\/2024\/07\/COCHABAMBA-1.jpg","datePublished":"2024-07-01T20:33:31+00:00","dateModified":"2024-07-01T20:35:10+00:00","breadcrumb":{"@id":"https:\/\/www.eldiario.net\/portal\/2024\/07\/01\/senamhi-cochabamba-tiene-una-epoca-invernal-bastante-calida\/#breadcrumb"},"inLanguage":"es","potentialAction":[{"@type":"ReadAction","target":["https:\/\/www.eldiario.net\/portal\/2024\/07\/01\/senamhi-cochabamba-tiene-una-epoca-invernal-bastante-calida\/"]}]},{"@type":"ImageObject","inLanguage":"es","@id":"https:\/\/www.eldiario.net\/portal\/2024\/07\/01\/senamhi-cochabamba-tiene-una-epoca-invernal-bastante-calida\/#primaryimage","url":"https:\/\/www.eldiario.net\/portal\/wp-content\/uploads\/2024\/07\/COCHABAMBA-1.jpg","contentUrl":"https:\/\/www.eldiario.net\/portal\/wp-content\/uploads\/2024\/07\/COCHABAMBA-1.jpg","width":600,"height":490,"caption":"Foto: Archivo."},{"@type":"BreadcrumbList","@id":"https:\/\/www.eldiario.net\/portal\/2024\/07\/01\/senamhi-cochabamba-tiene-una-epoca-invernal-bastante-calida\/#breadcrumb","itemListElement":[{"@type":"ListItem","position":1,"name":"Portada","item":"https:\/\/www.eldiario.net\/portal\/"},{"@type":"ListItem","position":2,"name":"Senamhi: Cochabamba tiene una \u201c\u00e9poca invernal bastante c\u00e1lida\u201d"}]},{"@type":"WebSite","@id":"https:\/\/www.eldiario.net\/portal\/#website","url":"https:\/\/www.eldiario.net\/portal\/","name":"El Diario - Decano de la prensa nacional","description":"El Diario - Decano de la prensa nacional","publisher":{"@id":"https:\/\/www.eldiario.net\/portal\/#organization"},"potentialAction":[{"@type":"SearchAction","target":{"@type":"EntryPoint","urlTemplate":"https:\/\/www.eldiario.net\/portal\/?s={search_term_string}"},"query-input":{"@type":"PropertyValueSpecification","valueRequired":true,"valueName":"search_term_string"}}],"inLanguage":"es"},{"@type":"Organization","@id":"https:\/\/www.eldiario.net\/portal\/#organization","name":"El Diario - Decano de la prensa nacional","url":"https:\/\/www.eldiario.net\/portal\/","logo":{"@type":"ImageObject","inLanguage":"es","@id":"https:\/\/www.eldiario.net\/portal\/#\/schema\/logo\/image\/","url":"https:\/\/www.eldiario.net\/portal\/wp-content\/uploads\/2023\/07\/logo_ED.jpg","contentUrl":"https:\/\/www.eldiario.net\/portal\/wp-content\/uploads\/2023\/07\/logo_ED.jpg","width":272,"height":52,"caption":"El Diario - Decano de la prensa nacional"},"image":{"@id":"https:\/\/www.eldiario.net\/portal\/#\/schema\/logo\/image\/"},"sameAs":["https:\/\/www.facebook.com\/eldiario.bolivia\/","https:\/\/x.com\/eldiario_net"]},{"@type":"Person","@id":"https:\/\/www.eldiario.net\/portal\/#\/schema\/person\/cab1ae4db27e5f008a62cbffb05fbfee","name":"luis Camacho","image":{"@type":"ImageObject","inLanguage":"es","@id":"https:\/\/secure.gravatar.com\/avatar\/69ecb836b3826d5a2501bf06ab2a2f2c8ab211cc846758f395df21684cb38313?s=96&d=mm&r=g","url":"https:\/\/secure.gravatar.com\/avatar\/69ecb836b3826d5a2501bf06ab2a2f2c8ab211cc846758f395df21684cb38313?s=96&d=mm&r=g","contentUrl":"https:\/\/secure.gravatar.com\/avatar\/69ecb836b3826d5a2501bf06ab2a2f2c8ab211cc846758f395df21684cb38313?s=96&d=mm&r=g","caption":"luis Camacho"},"url":"https:\/\/www.eldiario.net\/portal\/author\/luis\/"}]}},"_links":{"self":[{"href":"https:\/\/www.eldiario.net\/portal\/wp-json\/wp\/v2\/posts\/231126","targetHints":{"allow":["GET"]}}],"collection":[{"href":"https:\/\/www.eldiario.net\/portal\/wp-json\/wp\/v2\/posts"}],"about":[{"href":"https:\/\/www.eldiario.net\/portal\/wp-json\/wp\/v2\/types\/post"}],"author":[{"embeddable":true,"href":"https:\/\/www.eldiario.net\/portal\/wp-json\/wp\/v2\/users\/2"}],"replies":[{"embeddable":true,"href":"https:\/\/www.eldiario.net\/portal\/wp-json\/wp\/v2\/comments?post=231126"}],"version-history":[{"count":3,"href":"https:\/\/www.eldiario.net\/portal\/wp-json\/wp\/v2\/posts\/231126\/revisions"}],"predecessor-version":[{"id":231130,"href":"https:\/\/www.eldiario.net\/portal\/wp-json\/wp\/v2\/posts\/231126\/revisions\/231130"}],"wp:featuredmedia":[{"embeddable":true,"href":"https:\/\/www.eldiario.net\/portal\/wp-json\/wp\/v2\/media\/231127"}],"wp:attachment":[{"href":"https:\/\/www.eldiario.net\/portal\/wp-json\/wp\/v2\/media?parent=231126"}],"wp:term":[{"taxonomy":"category","embeddable":true,"href":"https:\/\/www.eldiario.net\/portal\/wp-json\/wp\/v2\/categories?post=231126"},{"taxonomy":"post_tag","embeddable":true,"href":"https:\/\/www.eldiario.net\/portal\/wp-json\/wp\/v2\/tags?post=231126"}],"curies":[{"name":"wp","href":"https:\/\/api.w.org\/{rel}","templated":true}]}}