{"id":231044,"date":"2024-07-01T06:34:04","date_gmt":"2024-07-01T10:34:04","guid":{"rendered":"https:\/\/www.eldiario.net\/portal\/?p=231044"},"modified":"2024-07-01T06:34:04","modified_gmt":"2024-07-01T10:34:04","slug":"motorola-reinventa-sus-plegables-razr","status":"publish","type":"post","link":"https:\/\/www.eldiario.net\/portal\/2024\/07\/01\/motorola-reinventa-sus-plegables-razr\/","title":{"rendered":"Motorola reinventa sus plegables razr"},"content":{"rendered":"<p>El Motorola RAZR V3 hizo su aparici\u00f3n en el mercado hace dos d\u00e9cadas, convirti\u00e9ndose en uno de los celulares m\u00e1s ic\u00f3nicos de la historia. Ahora, Motorola ha decidido reinventar su l\u00ednea de tel\u00e9fonos plegables RAZR con un nuevo dise\u00f1o, mayor potencia y una gran dosis de inteligencia artificial. Para los amantes de la marca o para aquellos que buscan un smartphone que marque la diferencia en este 2024, los nuevos Motorola RAZR 50 Ultra y Motorola RAZR 50 son opciones que seguramente cautivar\u00e1n.<\/p>\n<p>Estos nuevos dispositivos plegables RAZR llegan al mercado con un dise\u00f1o renovado, mayor potencia y una integraci\u00f3n destacada de inteligencia artificial. Independientemente de cu\u00e1l sea tu preferencia en cuanto a tel\u00e9fonos inteligentes, estos dos modelos seguramente captar\u00e1n tu atenci\u00f3n. Tanto el RAZR 50 Ultra como el RAZR 50 cuentan con pantallas externas generosas, siendo el Ultra de 4 pulgadas y el RAZR 50 de 3,6 pulgadas. Adem\u00e1s, desde estas pantallas externas se podr\u00e1 acceder a la aplicaci\u00f3n Gemini de Google para sacarle el m\u00e1ximo provecho a la inteligencia artificial.<\/p>\n<p>Al simplemente mantener presionado el bot\u00f3n de encendido, aparecer\u00e1 la herramienta de inteligencia artificial de Google lista para asistirte en lo que necesites. Adem\u00e1s, se incluyen 3 meses de Gemini Advance para que disfrutes del acceso a los modelos avanzados de IA de Google sin costo adicional. Tambi\u00e9n se ofrece 2 TB de almacenamiento en la nube y la integraci\u00f3n de Gemini en aplicaciones cotidianas como Gmail y Docs.<\/p>\n<p>En cuanto al dise\u00f1o, los dispositivos RAZR siempre han destacado por su est\u00e9tica \u00fanica. Estas nuevas versiones vienen en colores vibrantes, con acabados suaves en cuero vegano y bordes contorneados que no solo lucen bien, sino que tambi\u00e9n se sienten c\u00f3modos. El Motorola RAZR 50 Ultra te permite elegir entre tonos como Midnight Blue, Spring Green y el Color Pantone del A\u00f1o 2024, Peach Fuzz. Por su parte, el hist\u00f3rico Hot Pink3 RAZR est\u00e1 de regreso para brindarte una dosis de nostalgia renovada. El Motorola RAZR 50 presenta opciones de color como Beach Sand, Koala Grey y Spritz Orange en cuero vegano.<\/p>\n<p>La resistencia es clave en estos dispositivos gracias al Corning Gorilla Glass Victus, que protege la pantalla externa contra ca\u00eddas y ara\u00f1azos. La protecci\u00f3n subacu\u00e1tica permite sumergir el dispositivo hasta 1,5 metros de profundidad durante un m\u00e1ximo de 30 minutos, mientras que la bisagra simplificada ofrece una mejor protecci\u00f3n contra el polvo. Un tel\u00e9fono plegable resistente y elegante al mismo tiempo.<\/p>\n<p>Con la bisagra renovada, abrir o cerrar el dispositivo con una sola mano resulta m\u00e1s sencillo. Esto hace que el RAZR sea ideal para colgar dram\u00e1ticamente una llamada o desplegar su impresionante pantalla pOLED de 6,9 pulgadas. Con diversas posiciones Flex View, podr\u00e1s capturar tu outfit del d\u00eda sin manos o grabar paisajes sin vibraciones en modo videoc\u00e1mara dise\u00f1ado para redes sociales. Para las fotos espont\u00e1neas, Photo Booth est\u00e1 disponible tanto en la c\u00e1mara externa como en la interna, creando collages listos para compartir.<\/p>\n<p>En cuanto al hardware, el Motorola RAZR 50 Ultra es uno de los primeros tel\u00e9fonos plegables en utilizar el procesador Snapdragon8s Gen 3. Esto garantiza una experiencia de inteligencia artificial fluida, un rendimiento acelerado y una conectividad sin igual. Adem\u00e1s, podr\u00e1s disfrutar de juegos r\u00e1pidos y una captura de contenido a\u00fan m\u00e1s mejorada.<\/p>\n<p>Cuando se trata de mensajer\u00eda, las funciones optimizadas en Mensajes de Google ofrecen mejoras significativas. Funciones como Magic Compose sugieren respuestas de texto en varios estilos, mientras que Photomoji permite convertir tus fotos favoritas en emojis o stickers personalizados.<\/p>\n<p>Los nuevos Motorola RAZR 50 Ultra y Motorola RAZR 50 representan una evoluci\u00f3n emocionante en la l\u00ednea de dispositivos plegables de la marca. Con un dise\u00f1o atractivo, potencia mejorada y una integraci\u00f3n inteligente de IA, estos tel\u00e9fonos prometen satisfacer las necesidades de los usuarios m\u00e1s exigentes en este a\u00f1o 2024. Ya sea por su est\u00e9tica llamativa, resistencia mejorada o capacidades avanzadas, los nuevos RAZR seguramente marcar\u00e1n un antes y un despu\u00e9s en el mundo de los smartphones plegables.<\/p>\n","protected":false},"excerpt":{"rendered":"<p>El Motorola RAZR V3 hizo su aparici\u00f3n en el mercado hace dos d\u00e9cadas, convirti\u00e9ndose en uno de los celulares m\u00e1s ic\u00f3nicos de la historia. Ahora, Motorola ha decidido reinventar su l\u00ednea de tel\u00e9fonos plegables RAZR con un nuevo dise\u00f1o, mayor potencia y una gran dosis de inteligencia artificial. Para los amantes de la marca o [&hellip;]<\/p>\n","protected":false},"author":1,"featured_media":231045,"comment_status":"open","ping_status":"open","sticky":false,"template":"","format":"standard","meta":{"_acf_changed":false,"footnotes":""},"categories":[46],"tags":[],"class_list":["post-231044","post","type-post","status-publish","format-standard","has-post-thumbnail","category-ciencia-computacion"],"acf":{"antetitulo":""},"yoast_head":"<!-- This site is optimized with the Yoast SEO plugin v28.3 - https:\/\/yoast.com\/product\/yoast-seo-wordpress\/ -->\n<title>Motorola reinventa sus plegables razr - El Diario - Bolivia<\/title>\n<meta name=\"robots\" content=\"index, follow, max-snippet:-1, max-image-preview:large, max-video-preview:-1\" \/>\n<link rel=\"canonical\" href=\"https:\/\/www.eldiario.net\/portal\/2024\/07\/01\/motorola-reinventa-sus-plegables-razr\/\" \/>\n<meta property=\"og:locale\" content=\"es_ES\" \/>\n<meta property=\"og:type\" content=\"article\" \/>\n<meta property=\"og:title\" content=\"Motorola reinventa sus plegables razr - El Diario - Bolivia\" \/>\n<meta property=\"og:description\" content=\"El Motorola RAZR V3 hizo su aparici\u00f3n en el mercado hace dos d\u00e9cadas, convirti\u00e9ndose en uno de los celulares m\u00e1s ic\u00f3nicos de la historia. Ahora, Motorola ha decidido reinventar su l\u00ednea de tel\u00e9fonos plegables RAZR con un nuevo dise\u00f1o, mayor potencia y una gran dosis de inteligencia artificial. Para los amantes de la marca o [&hellip;]\" \/>\n<meta property=\"og:url\" content=\"https:\/\/www.eldiario.net\/portal\/2024\/07\/01\/motorola-reinventa-sus-plegables-razr\/\" \/>\n<meta property=\"og:site_name\" content=\"El Diario - Bolivia\" \/>\n<meta property=\"article:publisher\" content=\"https:\/\/www.facebook.com\/eldiario.bolivia\/\" \/>\n<meta property=\"article:published_time\" content=\"2024-07-01T10:34:04+00:00\" \/>\n<meta property=\"og:image\" content=\"https:\/\/www.eldiario.net\/portal\/wp-content\/uploads\/2024\/07\/8-B.jpg\" \/>\n\t<meta property=\"og:image:width\" content=\"1200\" \/>\n\t<meta property=\"og:image:height\" content=\"800\" \/>\n\t<meta property=\"og:image:type\" content=\"image\/jpeg\" \/>\n<meta name=\"author\" content=\"Jeanette\" \/>\n<meta name=\"twitter:card\" content=\"summary_large_image\" \/>\n<meta name=\"twitter:creator\" content=\"@eldiario_net\" \/>\n<meta name=\"twitter:site\" content=\"@eldiario_net\" \/>\n<meta name=\"twitter:label1\" content=\"Escrito por\" \/>\n\t<meta name=\"twitter:data1\" content=\"Jeanette\" \/>\n\t<meta name=\"twitter:label2\" content=\"Tiempo de lectura\" \/>\n\t<meta name=\"twitter:data2\" content=\"4 minutos\" \/>\n<script type=\"application\/ld+json\" class=\"yoast-schema-graph\">{\"@context\":\"https:\\\/\\\/schema.org\",\"@graph\":[{\"@type\":\"Article\",\"@id\":\"https:\\\/\\\/www.eldiario.net\\\/portal\\\/2024\\\/07\\\/01\\\/motorola-reinventa-sus-plegables-razr\\\/#article\",\"isPartOf\":{\"@id\":\"https:\\\/\\\/www.eldiario.net\\\/portal\\\/2024\\\/07\\\/01\\\/motorola-reinventa-sus-plegables-razr\\\/\"},\"author\":{\"name\":\"Jeanette\",\"@id\":\"https:\\\/\\\/www.eldiario.net\\\/portal\\\/#\\\/schema\\\/person\\\/f46445640444750d7d753ccd04ae01b7\"},\"headline\":\"Motorola reinventa sus plegables razr\",\"datePublished\":\"2024-07-01T10:34:04+00:00\",\"mainEntityOfPage\":{\"@id\":\"https:\\\/\\\/www.eldiario.net\\\/portal\\\/2024\\\/07\\\/01\\\/motorola-reinventa-sus-plegables-razr\\\/\"},\"wordCount\":703,\"commentCount\":0,\"publisher\":{\"@id\":\"https:\\\/\\\/www.eldiario.net\\\/portal\\\/#organization\"},\"image\":{\"@id\":\"https:\\\/\\\/www.eldiario.net\\\/portal\\\/2024\\\/07\\\/01\\\/motorola-reinventa-sus-plegables-razr\\\/#primaryimage\"},\"thumbnailUrl\":\"https:\\\/\\\/www.eldiario.net\\\/portal\\\/wp-content\\\/uploads\\\/2024\\\/07\\\/8-B.jpg\",\"articleSection\":[\"Ciencia y Computaci\u00f3n\"],\"inLanguage\":\"es\",\"potentialAction\":[{\"@type\":\"CommentAction\",\"name\":\"Comment\",\"target\":[\"https:\\\/\\\/www.eldiario.net\\\/portal\\\/2024\\\/07\\\/01\\\/motorola-reinventa-sus-plegables-razr\\\/#respond\"]}]},{\"@type\":\"WebPage\",\"@id\":\"https:\\\/\\\/www.eldiario.net\\\/portal\\\/2024\\\/07\\\/01\\\/motorola-reinventa-sus-plegables-razr\\\/\",\"url\":\"https:\\\/\\\/www.eldiario.net\\\/portal\\\/2024\\\/07\\\/01\\\/motorola-reinventa-sus-plegables-razr\\\/\",\"name\":\"Motorola reinventa sus plegables razr - El Diario - Bolivia\",\"isPartOf\":{\"@id\":\"https:\\\/\\\/www.eldiario.net\\\/portal\\\/#website\"},\"primaryImageOfPage\":{\"@id\":\"https:\\\/\\\/www.eldiario.net\\\/portal\\\/2024\\\/07\\\/01\\\/motorola-reinventa-sus-plegables-razr\\\/#primaryimage\"},\"image\":{\"@id\":\"https:\\\/\\\/www.eldiario.net\\\/portal\\\/2024\\\/07\\\/01\\\/motorola-reinventa-sus-plegables-razr\\\/#primaryimage\"},\"thumbnailUrl\":\"https:\\\/\\\/www.eldiario.net\\\/portal\\\/wp-content\\\/uploads\\\/2024\\\/07\\\/8-B.jpg\",\"datePublished\":\"2024-07-01T10:34:04+00:00\",\"breadcrumb\":{\"@id\":\"https:\\\/\\\/www.eldiario.net\\\/portal\\\/2024\\\/07\\\/01\\\/motorola-reinventa-sus-plegables-razr\\\/#breadcrumb\"},\"inLanguage\":\"es\",\"potentialAction\":[{\"@type\":\"ReadAction\",\"target\":[\"https:\\\/\\\/www.eldiario.net\\\/portal\\\/2024\\\/07\\\/01\\\/motorola-reinventa-sus-plegables-razr\\\/\"]}]},{\"@type\":\"ImageObject\",\"inLanguage\":\"es\",\"@id\":\"https:\\\/\\\/www.eldiario.net\\\/portal\\\/2024\\\/07\\\/01\\\/motorola-reinventa-sus-plegables-razr\\\/#primaryimage\",\"url\":\"https:\\\/\\\/www.eldiario.net\\\/portal\\\/wp-content\\\/uploads\\\/2024\\\/07\\\/8-B.jpg\",\"contentUrl\":\"https:\\\/\\\/www.eldiario.net\\\/portal\\\/wp-content\\\/uploads\\\/2024\\\/07\\\/8-B.jpg\",\"width\":1200,\"height\":800},{\"@type\":\"BreadcrumbList\",\"@id\":\"https:\\\/\\\/www.eldiario.net\\\/portal\\\/2024\\\/07\\\/01\\\/motorola-reinventa-sus-plegables-razr\\\/#breadcrumb\",\"itemListElement\":[{\"@type\":\"ListItem\",\"position\":1,\"name\":\"Portada\",\"item\":\"https:\\\/\\\/www.eldiario.net\\\/portal\\\/\"},{\"@type\":\"ListItem\",\"position\":2,\"name\":\"Motorola reinventa sus plegables razr\"}]},{\"@type\":\"WebSite\",\"@id\":\"https:\\\/\\\/www.eldiario.net\\\/portal\\\/#website\",\"url\":\"https:\\\/\\\/www.eldiario.net\\\/portal\\\/\",\"name\":\"El Diario - Decano de la prensa nacional\",\"description\":\"El Diario - Decano de la prensa nacional\",\"publisher\":{\"@id\":\"https:\\\/\\\/www.eldiario.net\\\/portal\\\/#organization\"},\"potentialAction\":[{\"@type\":\"SearchAction\",\"target\":{\"@type\":\"EntryPoint\",\"urlTemplate\":\"https:\\\/\\\/www.eldiario.net\\\/portal\\\/?s={search_term_string}\"},\"query-input\":{\"@type\":\"PropertyValueSpecification\",\"valueRequired\":true,\"valueName\":\"search_term_string\"}}],\"inLanguage\":\"es\"},{\"@type\":\"Organization\",\"@id\":\"https:\\\/\\\/www.eldiario.net\\\/portal\\\/#organization\",\"name\":\"El Diario - Decano de la prensa nacional\",\"url\":\"https:\\\/\\\/www.eldiario.net\\\/portal\\\/\",\"logo\":{\"@type\":\"ImageObject\",\"inLanguage\":\"es\",\"@id\":\"https:\\\/\\\/www.eldiario.net\\\/portal\\\/#\\\/schema\\\/logo\\\/image\\\/\",\"url\":\"https:\\\/\\\/www.eldiario.net\\\/portal\\\/wp-content\\\/uploads\\\/2023\\\/07\\\/logo_ED.jpg\",\"contentUrl\":\"https:\\\/\\\/www.eldiario.net\\\/portal\\\/wp-content\\\/uploads\\\/2023\\\/07\\\/logo_ED.jpg\",\"width\":272,\"height\":52,\"caption\":\"El Diario - Decano de la prensa nacional\"},\"image\":{\"@id\":\"https:\\\/\\\/www.eldiario.net\\\/portal\\\/#\\\/schema\\\/logo\\\/image\\\/\"},\"sameAs\":[\"https:\\\/\\\/www.facebook.com\\\/eldiario.bolivia\\\/\",\"https:\\\/\\\/x.com\\\/eldiario_net\"]},{\"@type\":\"Person\",\"@id\":\"https:\\\/\\\/www.eldiario.net\\\/portal\\\/#\\\/schema\\\/person\\\/f46445640444750d7d753ccd04ae01b7\",\"name\":\"Jeanette\",\"image\":{\"@type\":\"ImageObject\",\"inLanguage\":\"es\",\"@id\":\"https:\\\/\\\/secure.gravatar.com\\\/avatar\\\/3ea2118a5f7dad2b7138b1187a6b7ee55f160b9968b66013c3a3ef39dd7e5798?s=96&d=mm&r=g\",\"url\":\"https:\\\/\\\/secure.gravatar.com\\\/avatar\\\/3ea2118a5f7dad2b7138b1187a6b7ee55f160b9968b66013c3a3ef39dd7e5798?s=96&d=mm&r=g\",\"contentUrl\":\"https:\\\/\\\/secure.gravatar.com\\\/avatar\\\/3ea2118a5f7dad2b7138b1187a6b7ee55f160b9968b66013c3a3ef39dd7e5798?s=96&d=mm&r=g\",\"caption\":\"Jeanette\"},\"sameAs\":[\"https:\\\/\\\/www.eldiario.net\\\/portal\"],\"url\":\"https:\\\/\\\/www.eldiario.net\\\/portal\\\/author\\\/jeanette\\\/\"}]}<\/script>\n<!-- \/ Yoast SEO plugin. -->","yoast_head_json":{"title":"Motorola reinventa sus plegables razr - El Diario - Bolivia","robots":{"index":"index","follow":"follow","max-snippet":"max-snippet:-1","max-image-preview":"max-image-preview:large","max-video-preview":"max-video-preview:-1"},"canonical":"https:\/\/www.eldiario.net\/portal\/2024\/07\/01\/motorola-reinventa-sus-plegables-razr\/","og_locale":"es_ES","og_type":"article","og_title":"Motorola reinventa sus plegables razr - El Diario - Bolivia","og_description":"El Motorola RAZR V3 hizo su aparici\u00f3n en el mercado hace dos d\u00e9cadas, convirti\u00e9ndose en uno de los celulares m\u00e1s ic\u00f3nicos de la historia. Ahora, Motorola ha decidido reinventar su l\u00ednea de tel\u00e9fonos plegables RAZR con un nuevo dise\u00f1o, mayor potencia y una gran dosis de inteligencia artificial. Para los amantes de la marca o [&hellip;]","og_url":"https:\/\/www.eldiario.net\/portal\/2024\/07\/01\/motorola-reinventa-sus-plegables-razr\/","og_site_name":"El Diario - Bolivia","article_publisher":"https:\/\/www.facebook.com\/eldiario.bolivia\/","article_published_time":"2024-07-01T10:34:04+00:00","og_image":[{"width":1200,"height":800,"url":"https:\/\/www.eldiario.net\/portal\/wp-content\/uploads\/2024\/07\/8-B.jpg","type":"image\/jpeg"}],"author":"Jeanette","twitter_card":"summary_large_image","twitter_creator":"@eldiario_net","twitter_site":"@eldiario_net","twitter_misc":{"Escrito por":"Jeanette","Tiempo de lectura":"4 minutos"},"schema":{"@context":"https:\/\/schema.org","@graph":[{"@type":"Article","@id":"https:\/\/www.eldiario.net\/portal\/2024\/07\/01\/motorola-reinventa-sus-plegables-razr\/#article","isPartOf":{"@id":"https:\/\/www.eldiario.net\/portal\/2024\/07\/01\/motorola-reinventa-sus-plegables-razr\/"},"author":{"name":"Jeanette","@id":"https:\/\/www.eldiario.net\/portal\/#\/schema\/person\/f46445640444750d7d753ccd04ae01b7"},"headline":"Motorola reinventa sus plegables razr","datePublished":"2024-07-01T10:34:04+00:00","mainEntityOfPage":{"@id":"https:\/\/www.eldiario.net\/portal\/2024\/07\/01\/motorola-reinventa-sus-plegables-razr\/"},"wordCount":703,"commentCount":0,"publisher":{"@id":"https:\/\/www.eldiario.net\/portal\/#organization"},"image":{"@id":"https:\/\/www.eldiario.net\/portal\/2024\/07\/01\/motorola-reinventa-sus-plegables-razr\/#primaryimage"},"thumbnailUrl":"https:\/\/www.eldiario.net\/portal\/wp-content\/uploads\/2024\/07\/8-B.jpg","articleSection":["Ciencia y Computaci\u00f3n"],"inLanguage":"es","potentialAction":[{"@type":"CommentAction","name":"Comment","target":["https:\/\/www.eldiario.net\/portal\/2024\/07\/01\/motorola-reinventa-sus-plegables-razr\/#respond"]}]},{"@type":"WebPage","@id":"https:\/\/www.eldiario.net\/portal\/2024\/07\/01\/motorola-reinventa-sus-plegables-razr\/","url":"https:\/\/www.eldiario.net\/portal\/2024\/07\/01\/motorola-reinventa-sus-plegables-razr\/","name":"Motorola reinventa sus plegables razr - El Diario - Bolivia","isPartOf":{"@id":"https:\/\/www.eldiario.net\/portal\/#website"},"primaryImageOfPage":{"@id":"https:\/\/www.eldiario.net\/portal\/2024\/07\/01\/motorola-reinventa-sus-plegables-razr\/#primaryimage"},"image":{"@id":"https:\/\/www.eldiario.net\/portal\/2024\/07\/01\/motorola-reinventa-sus-plegables-razr\/#primaryimage"},"thumbnailUrl":"https:\/\/www.eldiario.net\/portal\/wp-content\/uploads\/2024\/07\/8-B.jpg","datePublished":"2024-07-01T10:34:04+00:00","breadcrumb":{"@id":"https:\/\/www.eldiario.net\/portal\/2024\/07\/01\/motorola-reinventa-sus-plegables-razr\/#breadcrumb"},"inLanguage":"es","potentialAction":[{"@type":"ReadAction","target":["https:\/\/www.eldiario.net\/portal\/2024\/07\/01\/motorola-reinventa-sus-plegables-razr\/"]}]},{"@type":"ImageObject","inLanguage":"es","@id":"https:\/\/www.eldiario.net\/portal\/2024\/07\/01\/motorola-reinventa-sus-plegables-razr\/#primaryimage","url":"https:\/\/www.eldiario.net\/portal\/wp-content\/uploads\/2024\/07\/8-B.jpg","contentUrl":"https:\/\/www.eldiario.net\/portal\/wp-content\/uploads\/2024\/07\/8-B.jpg","width":1200,"height":800},{"@type":"BreadcrumbList","@id":"https:\/\/www.eldiario.net\/portal\/2024\/07\/01\/motorola-reinventa-sus-plegables-razr\/#breadcrumb","itemListElement":[{"@type":"ListItem","position":1,"name":"Portada","item":"https:\/\/www.eldiario.net\/portal\/"},{"@type":"ListItem","position":2,"name":"Motorola reinventa sus plegables razr"}]},{"@type":"WebSite","@id":"https:\/\/www.eldiario.net\/portal\/#website","url":"https:\/\/www.eldiario.net\/portal\/","name":"El Diario - Decano de la prensa nacional","description":"El Diario - Decano de la prensa nacional","publisher":{"@id":"https:\/\/www.eldiario.net\/portal\/#organization"},"potentialAction":[{"@type":"SearchAction","target":{"@type":"EntryPoint","urlTemplate":"https:\/\/www.eldiario.net\/portal\/?s={search_term_string}"},"query-input":{"@type":"PropertyValueSpecification","valueRequired":true,"valueName":"search_term_string"}}],"inLanguage":"es"},{"@type":"Organization","@id":"https:\/\/www.eldiario.net\/portal\/#organization","name":"El Diario - Decano de la prensa nacional","url":"https:\/\/www.eldiario.net\/portal\/","logo":{"@type":"ImageObject","inLanguage":"es","@id":"https:\/\/www.eldiario.net\/portal\/#\/schema\/logo\/image\/","url":"https:\/\/www.eldiario.net\/portal\/wp-content\/uploads\/2023\/07\/logo_ED.jpg","contentUrl":"https:\/\/www.eldiario.net\/portal\/wp-content\/uploads\/2023\/07\/logo_ED.jpg","width":272,"height":52,"caption":"El Diario - Decano de la prensa nacional"},"image":{"@id":"https:\/\/www.eldiario.net\/portal\/#\/schema\/logo\/image\/"},"sameAs":["https:\/\/www.facebook.com\/eldiario.bolivia\/","https:\/\/x.com\/eldiario_net"]},{"@type":"Person","@id":"https:\/\/www.eldiario.net\/portal\/#\/schema\/person\/f46445640444750d7d753ccd04ae01b7","name":"Jeanette","image":{"@type":"ImageObject","inLanguage":"es","@id":"https:\/\/secure.gravatar.com\/avatar\/3ea2118a5f7dad2b7138b1187a6b7ee55f160b9968b66013c3a3ef39dd7e5798?s=96&d=mm&r=g","url":"https:\/\/secure.gravatar.com\/avatar\/3ea2118a5f7dad2b7138b1187a6b7ee55f160b9968b66013c3a3ef39dd7e5798?s=96&d=mm&r=g","contentUrl":"https:\/\/secure.gravatar.com\/avatar\/3ea2118a5f7dad2b7138b1187a6b7ee55f160b9968b66013c3a3ef39dd7e5798?s=96&d=mm&r=g","caption":"Jeanette"},"sameAs":["https:\/\/www.eldiario.net\/portal"],"url":"https:\/\/www.eldiario.net\/portal\/author\/jeanette\/"}]}},"_links":{"self":[{"href":"https:\/\/www.eldiario.net\/portal\/wp-json\/wp\/v2\/posts\/231044","targetHints":{"allow":["GET"]}}],"collection":[{"href":"https:\/\/www.eldiario.net\/portal\/wp-json\/wp\/v2\/posts"}],"about":[{"href":"https:\/\/www.eldiario.net\/portal\/wp-json\/wp\/v2\/types\/post"}],"author":[{"embeddable":true,"href":"https:\/\/www.eldiario.net\/portal\/wp-json\/wp\/v2\/users\/1"}],"replies":[{"embeddable":true,"href":"https:\/\/www.eldiario.net\/portal\/wp-json\/wp\/v2\/comments?post=231044"}],"version-history":[{"count":1,"href":"https:\/\/www.eldiario.net\/portal\/wp-json\/wp\/v2\/posts\/231044\/revisions"}],"predecessor-version":[{"id":231046,"href":"https:\/\/www.eldiario.net\/portal\/wp-json\/wp\/v2\/posts\/231044\/revisions\/231046"}],"wp:featuredmedia":[{"embeddable":true,"href":"https:\/\/www.eldiario.net\/portal\/wp-json\/wp\/v2\/media\/231045"}],"wp:attachment":[{"href":"https:\/\/www.eldiario.net\/portal\/wp-json\/wp\/v2\/media?parent=231044"}],"wp:term":[{"taxonomy":"category","embeddable":true,"href":"https:\/\/www.eldiario.net\/portal\/wp-json\/wp\/v2\/categories?post=231044"},{"taxonomy":"post_tag","embeddable":true,"href":"https:\/\/www.eldiario.net\/portal\/wp-json\/wp\/v2\/tags?post=231044"}],"curies":[{"name":"wp","href":"https:\/\/api.w.org\/{rel}","templated":true}]}}