{"id":231013,"date":"2024-07-01T06:24:56","date_gmt":"2024-07-01T10:24:56","guid":{"rendered":"https:\/\/www.eldiario.net\/portal\/?p=231013"},"modified":"2024-07-01T06:24:56","modified_gmt":"2024-07-01T10:24:56","slug":"los-sauzales-de-argentina-le-cantaran-a-la-paz","status":"publish","type":"post","link":"https:\/\/www.eldiario.net\/portal\/2024\/07\/01\/los-sauzales-de-argentina-le-cantaran-a-la-paz\/","title":{"rendered":"Los Sauzales de Argentina  le cantar\u00e1n a La Paz"},"content":{"rendered":"<p>Los Sauzales de Salta, Argentina, quienes marcaron un hito musical en el vecino pa\u00eds, interpretar\u00e1n sus grandes \u00e9xitos, celebrando las Fiestas Julias, este viernes 5 de julio, a horas 20:00, en el Sal\u00f3n Las Am\u00e9ricas del Hotel Presidente.<\/p>\n<p>Junto a ellos estar\u00e1n Los Cantores del Sausal de La Paz, Bolivia.<\/p>\n<p>La velada es organizada por Ar Gala Show Producciones, que ya lleva 31 a\u00f1os en la organizaci\u00f3n de espect\u00e1culos p\u00fablicos, preferentemente de folklore nacional y latinoamericano.<\/p>\n<p>La motivaci\u00f3n para juntar a estas agrupaciones en una excepcional serenata dedicada a La Paz \u201ces la integraci\u00f3n de la m\u00fasica boliviana con la m\u00fasica argentina. En este caso hay una afinidad musical en interpretaci\u00f3n y g\u00e9nero, como tambi\u00e9n en la similitud de nombre de las dos agrupaciones, Los Sauzales de Salta, Argentina, y Los Cantores del Sausal de La Paz, Bolivia\u201d, coment\u00f3 Alex Rodr\u00edguez, ejecutivo de Ar Gala Show Producciones.<\/p>\n<p>En esta ocasi\u00f3n, Los Sauzales de la Argentina interpretar\u00e1n zambas, chamam\u00e9s, chacareras, carnavalitos y canciones como \u00a0\u201cPens\u00e9\u201d, \u201cPasacalles del amor\u201d, \u201cNada apagar\u00e1 mi voz\u201d, \u201cOraci\u00f3n del remanso\u201d, \u201cTiempos de carpa\u201d y \u201cZamba de mi esperanza\u201d, entre otras.<\/p>\n<p>Los Cantores de Sausal de Bolivia interpretar\u00e1n conocidas canciones, como \u201cEl duraznero\u201d, \u201cFlor de Sama\u201d, \u201cMoto M\u00e9ndez\u201d, \u201cLabios mentirosos\u201d, \u201cR\u00edo huayche\u00f1o\u201d, \u201cDos a\u00f1os y medio\u201d, \u201cTres rosas\u201d, \u201cPor qu\u00e9 ser\u00e1\u201d, \u201cLa ley y la trampa\u201d, \u201cCanci\u00f3n del perd\u00f3n\u201d y \u201cQu\u00e9 pasa entre los dos\u201d, entre otras.<\/p>\n<p><strong>LOS SAUZALES DE SALTA<\/strong><\/p>\n<p>Los Sauzales de Salta nacen hace 38 a\u00f1os con la m\u00edstica del folklore argentino, llevando durante este tiempo el sentir del gaucho.<\/p>\n<p>Nacieron el 17 de julio del a\u00f1o 1986, en el Concurso de la Feria de la Cocina Regional, en el complejo Sargento Su\u00e1rez, que organizaba el Diario El Tribuno.<\/p>\n<p>La suerte, el trabajo y la perseverancia les permitieron recorrer los festivales m\u00e1s importantes de su pa\u00eds, llevando tanto en la imagen como en el canto un estilo inconfundible y particular con la armon\u00eda de voces en sus interpretaciones.<\/p>\n<p>Durante 25 a\u00f1os llevaron la vestimenta tradicional de los gauchos como imagen representativa de su provincia. Muchos fueron los integrantes que pasaron por el conjunto y hoy cuentan con una nueva imagen en la vestimenta (campestre moderna), pero el estilo siempre se mantuvo intacto.<\/p>\n<p>Ellos son parte irrefutable de la historia del cancionero popular argentino y con m\u00e1s de tres d\u00e9cadas de canto no han hecho otra cosa que revalorizar las costumbres y tradiciones de su Salta natal.<\/p>\n<p>Toda la historia de Los Sauzales empez\u00f3 a escribirse con los hermanos Guillermo y Kique Villagra. Pareciera que fue ayer cuando empezaron a caminar en esta senda de los acordes musicales. Salir a la rueda del canto y la m\u00fasica de sus tierrales les permiti\u00f3 embeberse de estilos musicales como el de Los de Salta, Los Cantores del Alba y Los Chalchaleros, quienes fueron sus padrinos art\u00edsticos.<\/p>\n<p>El conjunto, despu\u00e9s de 38 a\u00f1os de vida, marca un estilo particular que los caracteriza arriba y abajo del escenario. Ha recorrido Argentina llevando la presencia de Salta, tanto en la vestimenta como en el canto. Hoy Marcos Homero Zeitune Hern\u00e1ndez, Luciano Guzm\u00e1n Ciere, Enrique Andr\u00e9s Villagra, Gerardo Ezequiel Miranda y Enzo Nicol\u00e1s Tita Burgos contin\u00faan ese legado importante de hacer m\u00fasica del repertorio argentino.<\/p>\n<p><strong>LOS CANTORES DEL SAUSAL<\/strong><\/p>\n<p>Los Cantores del Sausal de La Paz, Bolivia, son un referente del repertorio musical argentino. Sin embargo nunca descuidaron la magia de la m\u00fasica boliviana, siendo un grupo que se constituye en un referente en nuestro medio de la utilizaci\u00f3n del bandone\u00f3n (instrumento musical argentino), con el cual desarrollan la interpretaci\u00f3n de repertorios musicales argentinos y bolivianos.<\/p>\n<p>A inicios de la d\u00e9cada del 70 se reun\u00eda el conjunto integrado por Gualberto Argote, Willy Miranda, Waldo Cabrera, Beto \u00c1lvarez y Orlando Molina bajo el denominativo \u00abLos Sausales de Bolivia\u00bb (en la actualidad Los Cantores del Sausal), quienes deciden definirse as\u00ed por la interpretaci\u00f3n de la m\u00fasica \u00abgaucha\u00bb (folklore argentino).<\/p>\n<p>Esta agrupaci\u00f3n llega a consolidarse profesionalmente en los inicios de la d\u00e9cada del 80 con un repertorio que inclu\u00eda tambi\u00e9n ritmos del acervo nacional, cuya l\u00ednea musical mantienen en la actualidad, recordando que desde hace diez a\u00f1os se manejan bajo el nombre de Los Cantores del Sausal, siendo sus actuales integrantes Waldo Cabrera (bandone\u00f3n), Guillermo Mor\u00f3n (percusi\u00f3n), Fernando Lora (primera voz guitarra) y Miguel \u00c1ngel Torres (segunda voz y guitarra).<\/p>\n<p>Ambas agrupaciones le cantar\u00e1n a La Paz en su mes aniversario, en el Hotel Presidente, el viernes 5 de julio, a partir de horas 20:00. Contactos mediante el 712 \u2013 86 906. \u201cSer\u00e1 una jornada imperdible, dada la conjunci\u00f3n de talentos musicales que har\u00e1n de esa noche una de aquellas maravillosas formas de cantarle al amor y sobre todo enaltecer el riqu\u00edsimo y variado folklore boliviano y argentino\u201d, destac\u00f3 Alex Rodr\u00edguez.<\/p>\n\r\n                <style type=\"text\/css\">\r\n                    \r\n                    #tdi_1  .td-doubleSlider-2 .td-item1 {\r\n                        background: url(https:\/\/www.eldiario.net\/portal\/wp-content\/uploads\/2024\/07\/1-80x60.jpg) 0 0 no-repeat;\r\n                    }\r\n                    #tdi_1  .td-doubleSlider-2 .td-item2 {\r\n                        background: url(https:\/\/www.eldiario.net\/portal\/wp-content\/uploads\/2024\/07\/2.-Los-Sauzales-de-Argentina-80x60.jpg) 0 0 no-repeat;\r\n                    }\r\n                    #tdi_1  .td-doubleSlider-2 .td-item3 {\r\n                        background: url(https:\/\/www.eldiario.net\/portal\/wp-content\/uploads\/2024\/07\/3.-Los-Cantores-del-Sausal-de-Bolivia-80x60.jpg) 0 0 no-repeat;\r\n                    }\r\n                    #tdi_1  .td-doubleSlider-2 .td-item4 {\r\n                        background: url(https:\/\/www.eldiario.net\/portal\/wp-content\/uploads\/2024\/07\/4-80x60.jpg) 0 0 no-repeat;\r\n                    }\r\n                    #tdi_1  .td-doubleSlider-2 .td-item5 {\r\n                        background: url(https:\/\/www.eldiario.net\/portal\/wp-content\/uploads\/2024\/07\/5-80x60.jpg) 0 0 no-repeat;\r\n                    }\r\n                <\/style>\r\n\r\n                <div id=\"tdi_1\" class=\"td-gallery td-slide-on-2-columns\">\r\n                    <div class=\"post_td_gallery\">\r\n                        <div class=\"td-gallery-slide-top\">\r\n                           <div class=\"td-gallery-title\"><\/div>\r\n\r\n                            <div class=\"td-gallery-controls-wrapper\">\r\n                                <div class=\"td-gallery-slide-count\"><span class=\"td-gallery-slide-item-focus\">1<\/span> de 5<\/div>\r\n                                <div class=\"td-gallery-slide-prev-next-but\">\r\n                                    <i class = \"td-icon-left doubleSliderPrevButton\"><\/i>\r\n                                    <i class = \"td-icon-right doubleSliderNextButton\"><\/i>\r\n                                <\/div>\r\n                            <\/div>\r\n                        <\/div>\r\n\r\n                        <div class = \"td-doubleSlider-1 \">\r\n                            <div class = \"td-slider\">\r\n                                \r\n                    <div class = \"td-slide-item td-item1\">\r\n                        <figure class=\"td-slide-galery-figure td-slide-popup-gallery\">\r\n                            <a class=\"slide-gallery-image-link\" href=\"https:\/\/www.eldiario.net\/portal\/wp-content\/uploads\/2024\/07\/1.jpg\" title=\"1\"  data-caption=\"\"  data-description=\"\">\r\n                                <img decoding=\"async\" src=\"https:\/\/www.eldiario.net\/portal\/wp-content\/uploads\/2024\/07\/1-840x420.jpg\" srcset=\"https:\/\/www.eldiario.net\/portal\/wp-content\/uploads\/2024\/07\/1-840x420.jpg 840w, https:\/\/www.eldiario.net\/portal\/wp-content\/uploads\/2024\/07\/1-300x150.jpg 300w, https:\/\/www.eldiario.net\/portal\/wp-content\/uploads\/2024\/07\/1-1024x512.jpg 1024w, https:\/\/www.eldiario.net\/portal\/wp-content\/uploads\/2024\/07\/1-768x384.jpg 768w, https:\/\/www.eldiario.net\/portal\/wp-content\/uploads\/2024\/07\/1-696x348.jpg 696w, https:\/\/www.eldiario.net\/portal\/wp-content\/uploads\/2024\/07\/1-1068x534.jpg 1068w, https:\/\/www.eldiario.net\/portal\/wp-content\/uploads\/2024\/07\/1.jpg 1200w\" sizes=\"(max-width: 840px) 100vw, 840px\" alt=\"\">\r\n                            <\/a>\r\n                            \r\n                        <\/figure>\r\n                    <\/div>\r\n                    <div class = \"td-slide-item td-item2\">\r\n                        <figure class=\"td-slide-galery-figure td-slide-popup-gallery\">\r\n                            <a class=\"slide-gallery-image-link\" href=\"https:\/\/www.eldiario.net\/portal\/wp-content\/uploads\/2024\/07\/2.-Los-Sauzales-de-Argentina.jpg\" title=\"2.-Los-Sauzales-de-Argentina\"  data-caption=\"\"  data-description=\"\">\r\n                                <img decoding=\"async\" src=\"https:\/\/www.eldiario.net\/portal\/wp-content\/uploads\/2024\/07\/2.-Los-Sauzales-de-Argentina-691x420.jpg\" srcset=\"https:\/\/www.eldiario.net\/portal\/wp-content\/uploads\/2024\/07\/2.-Los-Sauzales-de-Argentina-691x420.jpg 691w, https:\/\/www.eldiario.net\/portal\/wp-content\/uploads\/2024\/07\/2.-Los-Sauzales-de-Argentina-300x182.jpg 300w, https:\/\/www.eldiario.net\/portal\/wp-content\/uploads\/2024\/07\/2.-Los-Sauzales-de-Argentina-1024x622.jpg 1024w, https:\/\/www.eldiario.net\/portal\/wp-content\/uploads\/2024\/07\/2.-Los-Sauzales-de-Argentina-768x467.jpg 768w, https:\/\/www.eldiario.net\/portal\/wp-content\/uploads\/2024\/07\/2.-Los-Sauzales-de-Argentina-696x423.jpg 696w, https:\/\/www.eldiario.net\/portal\/wp-content\/uploads\/2024\/07\/2.-Los-Sauzales-de-Argentina-1068x649.jpg 1068w, https:\/\/www.eldiario.net\/portal\/wp-content\/uploads\/2024\/07\/2.-Los-Sauzales-de-Argentina.jpg 1200w\" sizes=\"(max-width: 691px) 100vw, 691px\" alt=\"\">\r\n                            <\/a>\r\n                            \r\n                        <\/figure>\r\n                    <\/div>\r\n                    <div class = \"td-slide-item td-item3\">\r\n                        <figure class=\"td-slide-galery-figure td-slide-popup-gallery\">\r\n                            <a class=\"slide-gallery-image-link\" href=\"https:\/\/www.eldiario.net\/portal\/wp-content\/uploads\/2024\/07\/3.-Los-Cantores-del-Sausal-de-Bolivia.jpg\" title=\"3.-Los-Cantores-del-Sausal-de-Bolivia\"  data-caption=\"\"  data-description=\"\">\r\n                                <img decoding=\"async\" src=\"https:\/\/www.eldiario.net\/portal\/wp-content\/uploads\/2024\/07\/3.-Los-Cantores-del-Sausal-de-Bolivia-517x420.jpg\" srcset=\"https:\/\/www.eldiario.net\/portal\/wp-content\/uploads\/2024\/07\/3.-Los-Cantores-del-Sausal-de-Bolivia-517x420.jpg 517w, https:\/\/www.eldiario.net\/portal\/wp-content\/uploads\/2024\/07\/3.-Los-Cantores-del-Sausal-de-Bolivia-300x244.jpg 300w, https:\/\/www.eldiario.net\/portal\/wp-content\/uploads\/2024\/07\/3.-Los-Cantores-del-Sausal-de-Bolivia.jpg 540w\" sizes=\"(max-width: 517px) 100vw, 517px\" alt=\"\">\r\n                            <\/a>\r\n                            \r\n                        <\/figure>\r\n                    <\/div>\r\n                    <div class = \"td-slide-item td-item4\">\r\n                        <figure class=\"td-slide-galery-figure td-slide-popup-gallery\">\r\n                            <a class=\"slide-gallery-image-link\" href=\"https:\/\/www.eldiario.net\/portal\/wp-content\/uploads\/2024\/07\/4.jpg\" title=\"4\"  data-caption=\"\"  data-description=\"\">\r\n                                <img decoding=\"async\" src=\"https:\/\/www.eldiario.net\/portal\/wp-content\/uploads\/2024\/07\/4-560x420.jpg\" srcset=\"https:\/\/www.eldiario.net\/portal\/wp-content\/uploads\/2024\/07\/4-560x420.jpg 560w, https:\/\/www.eldiario.net\/portal\/wp-content\/uploads\/2024\/07\/4-300x225.jpg 300w, https:\/\/www.eldiario.net\/portal\/wp-content\/uploads\/2024\/07\/4-1024x768.jpg 1024w, https:\/\/www.eldiario.net\/portal\/wp-content\/uploads\/2024\/07\/4-768x576.jpg 768w, https:\/\/www.eldiario.net\/portal\/wp-content\/uploads\/2024\/07\/4-80x60.jpg 80w, https:\/\/www.eldiario.net\/portal\/wp-content\/uploads\/2024\/07\/4-696x522.jpg 696w, https:\/\/www.eldiario.net\/portal\/wp-content\/uploads\/2024\/07\/4-1068x801.jpg 1068w, https:\/\/www.eldiario.net\/portal\/wp-content\/uploads\/2024\/07\/4.jpg 1200w\" sizes=\"(max-width: 560px) 100vw, 560px\" alt=\"\">\r\n                            <\/a>\r\n                            \r\n                        <\/figure>\r\n                    <\/div>\r\n                    <div class = \"td-slide-item td-item5\">\r\n                        <figure class=\"td-slide-galery-figure td-slide-popup-gallery\">\r\n                            <a class=\"slide-gallery-image-link\" href=\"https:\/\/www.eldiario.net\/portal\/wp-content\/uploads\/2024\/07\/5.jpg\" title=\"5\"  data-caption=\"\"  data-description=\"\">\r\n                                <img decoding=\"async\" src=\"https:\/\/www.eldiario.net\/portal\/wp-content\/uploads\/2024\/07\/5-561x420.jpg\" srcset=\"https:\/\/www.eldiario.net\/portal\/wp-content\/uploads\/2024\/07\/5-561x420.jpg 561w, https:\/\/www.eldiario.net\/portal\/wp-content\/uploads\/2024\/07\/5-300x225.jpg 300w, https:\/\/www.eldiario.net\/portal\/wp-content\/uploads\/2024\/07\/5-1024x767.jpg 1024w, https:\/\/www.eldiario.net\/portal\/wp-content\/uploads\/2024\/07\/5-768x575.jpg 768w, https:\/\/www.eldiario.net\/portal\/wp-content\/uploads\/2024\/07\/5-80x60.jpg 80w, https:\/\/www.eldiario.net\/portal\/wp-content\/uploads\/2024\/07\/5-696x521.jpg 696w, https:\/\/www.eldiario.net\/portal\/wp-content\/uploads\/2024\/07\/5-1068x800.jpg 1068w, https:\/\/www.eldiario.net\/portal\/wp-content\/uploads\/2024\/07\/5.jpg 1200w\" sizes=\"(max-width: 561px) 100vw, 561px\" alt=\"\">\r\n                            <\/a>\r\n                            \r\n                        <\/figure>\r\n                    <\/div>\r\n                            <\/div>\r\n                        <\/div>\r\n\r\n                        <div class = \"td-doubleSlider-2\">\r\n                            <div class = \"td-slider\">\r\n                                \r\n                    <div class = \"td-button td-item1\">\r\n                        <div class = \"td-border\"><\/div>\r\n                    <\/div>\r\n                    <div class = \"td-button td-item2\">\r\n                        <div class = \"td-border\"><\/div>\r\n                    <\/div>\r\n                    <div class = \"td-button td-item3\">\r\n                        <div class = \"td-border\"><\/div>\r\n                    <\/div>\r\n                    <div class = \"td-button td-item4\">\r\n                        <div class = \"td-border\"><\/div>\r\n                    <\/div>\r\n                    <div class = \"td-button td-item5\">\r\n                        <div class = \"td-border\"><\/div>\r\n                    <\/div>\r\n                            <\/div>\r\n                        <\/div>\r\n\r\n                    <\/div>\r\n\r\n                <\/div>\r\n                \n","protected":false},"excerpt":{"rendered":"<p>Los Sauzales de Salta, Argentina, quienes marcaron un hito musical en el vecino pa\u00eds, interpretar\u00e1n sus grandes \u00e9xitos, celebrando las Fiestas Julias, este viernes 5 de julio, a horas 20:00, en el Sal\u00f3n Las Am\u00e9ricas del Hotel Presidente. Junto a ellos estar\u00e1n Los Cantores del Sausal de La Paz, Bolivia. La velada es organizada por [&hellip;]<\/p>\n","protected":false},"author":1,"featured_media":231014,"comment_status":"open","ping_status":"open","sticky":false,"template":"","format":"standard","meta":{"_acf_changed":false,"footnotes":""},"categories":[41],"tags":[],"class_list":["post-231013","post","type-post","status-publish","format-standard","has-post-thumbnail","category-la-guia"],"acf":{"antetitulo":""},"yoast_head":"<!-- This site is optimized with the Yoast SEO plugin v28.3 - https:\/\/yoast.com\/product\/yoast-seo-wordpress\/ -->\n<title>Los Sauzales de Argentina le cantar\u00e1n a La Paz - El Diario - Bolivia<\/title>\n<meta name=\"robots\" content=\"index, follow, max-snippet:-1, max-image-preview:large, max-video-preview:-1\" \/>\n<link rel=\"canonical\" href=\"https:\/\/www.eldiario.net\/portal\/2024\/07\/01\/los-sauzales-de-argentina-le-cantaran-a-la-paz\/\" \/>\n<meta property=\"og:locale\" content=\"es_ES\" \/>\n<meta property=\"og:type\" content=\"article\" \/>\n<meta property=\"og:title\" content=\"Los Sauzales de Argentina le cantar\u00e1n a La Paz - El Diario - Bolivia\" \/>\n<meta property=\"og:description\" content=\"Los Sauzales de Salta, Argentina, quienes marcaron un hito musical en el vecino pa\u00eds, interpretar\u00e1n sus grandes \u00e9xitos, celebrando las Fiestas Julias, este viernes 5 de julio, a horas 20:00, en el Sal\u00f3n Las Am\u00e9ricas del Hotel Presidente. Junto a ellos estar\u00e1n Los Cantores del Sausal de La Paz, Bolivia. La velada es organizada por [&hellip;]\" \/>\n<meta property=\"og:url\" content=\"https:\/\/www.eldiario.net\/portal\/2024\/07\/01\/los-sauzales-de-argentina-le-cantaran-a-la-paz\/\" \/>\n<meta property=\"og:site_name\" content=\"El Diario - Bolivia\" \/>\n<meta property=\"article:publisher\" content=\"https:\/\/www.facebook.com\/eldiario.bolivia\/\" \/>\n<meta property=\"article:published_time\" content=\"2024-07-01T10:24:56+00:00\" \/>\n<meta property=\"og:image\" content=\"https:\/\/www.eldiario.net\/portal\/wp-content\/uploads\/2024\/07\/1.jpg\" \/>\n\t<meta property=\"og:image:width\" content=\"1200\" \/>\n\t<meta property=\"og:image:height\" content=\"600\" \/>\n\t<meta property=\"og:image:type\" content=\"image\/jpeg\" \/>\n<meta name=\"author\" content=\"Jeanette\" \/>\n<meta name=\"twitter:card\" content=\"summary_large_image\" \/>\n<meta name=\"twitter:creator\" content=\"@eldiario_net\" \/>\n<meta name=\"twitter:site\" content=\"@eldiario_net\" \/>\n<meta name=\"twitter:label1\" content=\"Escrito por\" \/>\n\t<meta name=\"twitter:data1\" content=\"Jeanette\" \/>\n\t<meta name=\"twitter:label2\" content=\"Tiempo de lectura\" \/>\n\t<meta name=\"twitter:data2\" content=\"4 minutos\" \/>\n<script type=\"application\/ld+json\" class=\"yoast-schema-graph\">{\"@context\":\"https:\\\/\\\/schema.org\",\"@graph\":[{\"@type\":\"Article\",\"@id\":\"https:\\\/\\\/www.eldiario.net\\\/portal\\\/2024\\\/07\\\/01\\\/los-sauzales-de-argentina-le-cantaran-a-la-paz\\\/#article\",\"isPartOf\":{\"@id\":\"https:\\\/\\\/www.eldiario.net\\\/portal\\\/2024\\\/07\\\/01\\\/los-sauzales-de-argentina-le-cantaran-a-la-paz\\\/\"},\"author\":{\"name\":\"Jeanette\",\"@id\":\"https:\\\/\\\/www.eldiario.net\\\/portal\\\/#\\\/schema\\\/person\\\/f46445640444750d7d753ccd04ae01b7\"},\"headline\":\"Los Sauzales de Argentina le cantar\u00e1n a La Paz\",\"datePublished\":\"2024-07-01T10:24:56+00:00\",\"mainEntityOfPage\":{\"@id\":\"https:\\\/\\\/www.eldiario.net\\\/portal\\\/2024\\\/07\\\/01\\\/los-sauzales-de-argentina-le-cantaran-a-la-paz\\\/\"},\"wordCount\":860,\"commentCount\":0,\"publisher\":{\"@id\":\"https:\\\/\\\/www.eldiario.net\\\/portal\\\/#organization\"},\"image\":{\"@id\":\"https:\\\/\\\/www.eldiario.net\\\/portal\\\/2024\\\/07\\\/01\\\/los-sauzales-de-argentina-le-cantaran-a-la-paz\\\/#primaryimage\"},\"thumbnailUrl\":\"https:\\\/\\\/www.eldiario.net\\\/portal\\\/wp-content\\\/uploads\\\/2024\\\/07\\\/1.jpg\",\"articleSection\":[\"La Gu\u00eda\"],\"inLanguage\":\"es\",\"potentialAction\":[{\"@type\":\"CommentAction\",\"name\":\"Comment\",\"target\":[\"https:\\\/\\\/www.eldiario.net\\\/portal\\\/2024\\\/07\\\/01\\\/los-sauzales-de-argentina-le-cantaran-a-la-paz\\\/#respond\"]}]},{\"@type\":\"WebPage\",\"@id\":\"https:\\\/\\\/www.eldiario.net\\\/portal\\\/2024\\\/07\\\/01\\\/los-sauzales-de-argentina-le-cantaran-a-la-paz\\\/\",\"url\":\"https:\\\/\\\/www.eldiario.net\\\/portal\\\/2024\\\/07\\\/01\\\/los-sauzales-de-argentina-le-cantaran-a-la-paz\\\/\",\"name\":\"Los Sauzales de Argentina le cantar\u00e1n a La Paz - El Diario - Bolivia\",\"isPartOf\":{\"@id\":\"https:\\\/\\\/www.eldiario.net\\\/portal\\\/#website\"},\"primaryImageOfPage\":{\"@id\":\"https:\\\/\\\/www.eldiario.net\\\/portal\\\/2024\\\/07\\\/01\\\/los-sauzales-de-argentina-le-cantaran-a-la-paz\\\/#primaryimage\"},\"image\":{\"@id\":\"https:\\\/\\\/www.eldiario.net\\\/portal\\\/2024\\\/07\\\/01\\\/los-sauzales-de-argentina-le-cantaran-a-la-paz\\\/#primaryimage\"},\"thumbnailUrl\":\"https:\\\/\\\/www.eldiario.net\\\/portal\\\/wp-content\\\/uploads\\\/2024\\\/07\\\/1.jpg\",\"datePublished\":\"2024-07-01T10:24:56+00:00\",\"breadcrumb\":{\"@id\":\"https:\\\/\\\/www.eldiario.net\\\/portal\\\/2024\\\/07\\\/01\\\/los-sauzales-de-argentina-le-cantaran-a-la-paz\\\/#breadcrumb\"},\"inLanguage\":\"es\",\"potentialAction\":[{\"@type\":\"ReadAction\",\"target\":[\"https:\\\/\\\/www.eldiario.net\\\/portal\\\/2024\\\/07\\\/01\\\/los-sauzales-de-argentina-le-cantaran-a-la-paz\\\/\"]}]},{\"@type\":\"ImageObject\",\"inLanguage\":\"es\",\"@id\":\"https:\\\/\\\/www.eldiario.net\\\/portal\\\/2024\\\/07\\\/01\\\/los-sauzales-de-argentina-le-cantaran-a-la-paz\\\/#primaryimage\",\"url\":\"https:\\\/\\\/www.eldiario.net\\\/portal\\\/wp-content\\\/uploads\\\/2024\\\/07\\\/1.jpg\",\"contentUrl\":\"https:\\\/\\\/www.eldiario.net\\\/portal\\\/wp-content\\\/uploads\\\/2024\\\/07\\\/1.jpg\",\"width\":1200,\"height\":600},{\"@type\":\"BreadcrumbList\",\"@id\":\"https:\\\/\\\/www.eldiario.net\\\/portal\\\/2024\\\/07\\\/01\\\/los-sauzales-de-argentina-le-cantaran-a-la-paz\\\/#breadcrumb\",\"itemListElement\":[{\"@type\":\"ListItem\",\"position\":1,\"name\":\"Portada\",\"item\":\"https:\\\/\\\/www.eldiario.net\\\/portal\\\/\"},{\"@type\":\"ListItem\",\"position\":2,\"name\":\"Los Sauzales de Argentina le cantar\u00e1n a La Paz\"}]},{\"@type\":\"WebSite\",\"@id\":\"https:\\\/\\\/www.eldiario.net\\\/portal\\\/#website\",\"url\":\"https:\\\/\\\/www.eldiario.net\\\/portal\\\/\",\"name\":\"El Diario - Decano de la prensa nacional\",\"description\":\"El Diario - Decano de la prensa nacional\",\"publisher\":{\"@id\":\"https:\\\/\\\/www.eldiario.net\\\/portal\\\/#organization\"},\"potentialAction\":[{\"@type\":\"SearchAction\",\"target\":{\"@type\":\"EntryPoint\",\"urlTemplate\":\"https:\\\/\\\/www.eldiario.net\\\/portal\\\/?s={search_term_string}\"},\"query-input\":{\"@type\":\"PropertyValueSpecification\",\"valueRequired\":true,\"valueName\":\"search_term_string\"}}],\"inLanguage\":\"es\"},{\"@type\":\"Organization\",\"@id\":\"https:\\\/\\\/www.eldiario.net\\\/portal\\\/#organization\",\"name\":\"El Diario - Decano de la prensa nacional\",\"url\":\"https:\\\/\\\/www.eldiario.net\\\/portal\\\/\",\"logo\":{\"@type\":\"ImageObject\",\"inLanguage\":\"es\",\"@id\":\"https:\\\/\\\/www.eldiario.net\\\/portal\\\/#\\\/schema\\\/logo\\\/image\\\/\",\"url\":\"https:\\\/\\\/www.eldiario.net\\\/portal\\\/wp-content\\\/uploads\\\/2023\\\/07\\\/logo_ED.jpg\",\"contentUrl\":\"https:\\\/\\\/www.eldiario.net\\\/portal\\\/wp-content\\\/uploads\\\/2023\\\/07\\\/logo_ED.jpg\",\"width\":272,\"height\":52,\"caption\":\"El Diario - Decano de la prensa nacional\"},\"image\":{\"@id\":\"https:\\\/\\\/www.eldiario.net\\\/portal\\\/#\\\/schema\\\/logo\\\/image\\\/\"},\"sameAs\":[\"https:\\\/\\\/www.facebook.com\\\/eldiario.bolivia\\\/\",\"https:\\\/\\\/x.com\\\/eldiario_net\"]},{\"@type\":\"Person\",\"@id\":\"https:\\\/\\\/www.eldiario.net\\\/portal\\\/#\\\/schema\\\/person\\\/f46445640444750d7d753ccd04ae01b7\",\"name\":\"Jeanette\",\"image\":{\"@type\":\"ImageObject\",\"inLanguage\":\"es\",\"@id\":\"https:\\\/\\\/secure.gravatar.com\\\/avatar\\\/3ea2118a5f7dad2b7138b1187a6b7ee55f160b9968b66013c3a3ef39dd7e5798?s=96&d=mm&r=g\",\"url\":\"https:\\\/\\\/secure.gravatar.com\\\/avatar\\\/3ea2118a5f7dad2b7138b1187a6b7ee55f160b9968b66013c3a3ef39dd7e5798?s=96&d=mm&r=g\",\"contentUrl\":\"https:\\\/\\\/secure.gravatar.com\\\/avatar\\\/3ea2118a5f7dad2b7138b1187a6b7ee55f160b9968b66013c3a3ef39dd7e5798?s=96&d=mm&r=g\",\"caption\":\"Jeanette\"},\"sameAs\":[\"https:\\\/\\\/www.eldiario.net\\\/portal\"],\"url\":\"https:\\\/\\\/www.eldiario.net\\\/portal\\\/author\\\/jeanette\\\/\"}]}<\/script>\n<!-- \/ Yoast SEO plugin. -->","yoast_head_json":{"title":"Los Sauzales de Argentina le cantar\u00e1n a La Paz - El Diario - Bolivia","robots":{"index":"index","follow":"follow","max-snippet":"max-snippet:-1","max-image-preview":"max-image-preview:large","max-video-preview":"max-video-preview:-1"},"canonical":"https:\/\/www.eldiario.net\/portal\/2024\/07\/01\/los-sauzales-de-argentina-le-cantaran-a-la-paz\/","og_locale":"es_ES","og_type":"article","og_title":"Los Sauzales de Argentina le cantar\u00e1n a La Paz - El Diario - Bolivia","og_description":"Los Sauzales de Salta, Argentina, quienes marcaron un hito musical en el vecino pa\u00eds, interpretar\u00e1n sus grandes \u00e9xitos, celebrando las Fiestas Julias, este viernes 5 de julio, a horas 20:00, en el Sal\u00f3n Las Am\u00e9ricas del Hotel Presidente. Junto a ellos estar\u00e1n Los Cantores del Sausal de La Paz, Bolivia. La velada es organizada por [&hellip;]","og_url":"https:\/\/www.eldiario.net\/portal\/2024\/07\/01\/los-sauzales-de-argentina-le-cantaran-a-la-paz\/","og_site_name":"El Diario - Bolivia","article_publisher":"https:\/\/www.facebook.com\/eldiario.bolivia\/","article_published_time":"2024-07-01T10:24:56+00:00","og_image":[{"width":1200,"height":600,"url":"https:\/\/www.eldiario.net\/portal\/wp-content\/uploads\/2024\/07\/1.jpg","type":"image\/jpeg"}],"author":"Jeanette","twitter_card":"summary_large_image","twitter_creator":"@eldiario_net","twitter_site":"@eldiario_net","twitter_misc":{"Escrito por":"Jeanette","Tiempo de lectura":"4 minutos"},"schema":{"@context":"https:\/\/schema.org","@graph":[{"@type":"Article","@id":"https:\/\/www.eldiario.net\/portal\/2024\/07\/01\/los-sauzales-de-argentina-le-cantaran-a-la-paz\/#article","isPartOf":{"@id":"https:\/\/www.eldiario.net\/portal\/2024\/07\/01\/los-sauzales-de-argentina-le-cantaran-a-la-paz\/"},"author":{"name":"Jeanette","@id":"https:\/\/www.eldiario.net\/portal\/#\/schema\/person\/f46445640444750d7d753ccd04ae01b7"},"headline":"Los Sauzales de Argentina le cantar\u00e1n a La Paz","datePublished":"2024-07-01T10:24:56+00:00","mainEntityOfPage":{"@id":"https:\/\/www.eldiario.net\/portal\/2024\/07\/01\/los-sauzales-de-argentina-le-cantaran-a-la-paz\/"},"wordCount":860,"commentCount":0,"publisher":{"@id":"https:\/\/www.eldiario.net\/portal\/#organization"},"image":{"@id":"https:\/\/www.eldiario.net\/portal\/2024\/07\/01\/los-sauzales-de-argentina-le-cantaran-a-la-paz\/#primaryimage"},"thumbnailUrl":"https:\/\/www.eldiario.net\/portal\/wp-content\/uploads\/2024\/07\/1.jpg","articleSection":["La Gu\u00eda"],"inLanguage":"es","potentialAction":[{"@type":"CommentAction","name":"Comment","target":["https:\/\/www.eldiario.net\/portal\/2024\/07\/01\/los-sauzales-de-argentina-le-cantaran-a-la-paz\/#respond"]}]},{"@type":"WebPage","@id":"https:\/\/www.eldiario.net\/portal\/2024\/07\/01\/los-sauzales-de-argentina-le-cantaran-a-la-paz\/","url":"https:\/\/www.eldiario.net\/portal\/2024\/07\/01\/los-sauzales-de-argentina-le-cantaran-a-la-paz\/","name":"Los Sauzales de Argentina le cantar\u00e1n a La Paz - El Diario - Bolivia","isPartOf":{"@id":"https:\/\/www.eldiario.net\/portal\/#website"},"primaryImageOfPage":{"@id":"https:\/\/www.eldiario.net\/portal\/2024\/07\/01\/los-sauzales-de-argentina-le-cantaran-a-la-paz\/#primaryimage"},"image":{"@id":"https:\/\/www.eldiario.net\/portal\/2024\/07\/01\/los-sauzales-de-argentina-le-cantaran-a-la-paz\/#primaryimage"},"thumbnailUrl":"https:\/\/www.eldiario.net\/portal\/wp-content\/uploads\/2024\/07\/1.jpg","datePublished":"2024-07-01T10:24:56+00:00","breadcrumb":{"@id":"https:\/\/www.eldiario.net\/portal\/2024\/07\/01\/los-sauzales-de-argentina-le-cantaran-a-la-paz\/#breadcrumb"},"inLanguage":"es","potentialAction":[{"@type":"ReadAction","target":["https:\/\/www.eldiario.net\/portal\/2024\/07\/01\/los-sauzales-de-argentina-le-cantaran-a-la-paz\/"]}]},{"@type":"ImageObject","inLanguage":"es","@id":"https:\/\/www.eldiario.net\/portal\/2024\/07\/01\/los-sauzales-de-argentina-le-cantaran-a-la-paz\/#primaryimage","url":"https:\/\/www.eldiario.net\/portal\/wp-content\/uploads\/2024\/07\/1.jpg","contentUrl":"https:\/\/www.eldiario.net\/portal\/wp-content\/uploads\/2024\/07\/1.jpg","width":1200,"height":600},{"@type":"BreadcrumbList","@id":"https:\/\/www.eldiario.net\/portal\/2024\/07\/01\/los-sauzales-de-argentina-le-cantaran-a-la-paz\/#breadcrumb","itemListElement":[{"@type":"ListItem","position":1,"name":"Portada","item":"https:\/\/www.eldiario.net\/portal\/"},{"@type":"ListItem","position":2,"name":"Los Sauzales de Argentina le cantar\u00e1n a La Paz"}]},{"@type":"WebSite","@id":"https:\/\/www.eldiario.net\/portal\/#website","url":"https:\/\/www.eldiario.net\/portal\/","name":"El Diario - Decano de la prensa nacional","description":"El Diario - Decano de la prensa nacional","publisher":{"@id":"https:\/\/www.eldiario.net\/portal\/#organization"},"potentialAction":[{"@type":"SearchAction","target":{"@type":"EntryPoint","urlTemplate":"https:\/\/www.eldiario.net\/portal\/?s={search_term_string}"},"query-input":{"@type":"PropertyValueSpecification","valueRequired":true,"valueName":"search_term_string"}}],"inLanguage":"es"},{"@type":"Organization","@id":"https:\/\/www.eldiario.net\/portal\/#organization","name":"El Diario - Decano de la prensa nacional","url":"https:\/\/www.eldiario.net\/portal\/","logo":{"@type":"ImageObject","inLanguage":"es","@id":"https:\/\/www.eldiario.net\/portal\/#\/schema\/logo\/image\/","url":"https:\/\/www.eldiario.net\/portal\/wp-content\/uploads\/2023\/07\/logo_ED.jpg","contentUrl":"https:\/\/www.eldiario.net\/portal\/wp-content\/uploads\/2023\/07\/logo_ED.jpg","width":272,"height":52,"caption":"El Diario - Decano de la prensa nacional"},"image":{"@id":"https:\/\/www.eldiario.net\/portal\/#\/schema\/logo\/image\/"},"sameAs":["https:\/\/www.facebook.com\/eldiario.bolivia\/","https:\/\/x.com\/eldiario_net"]},{"@type":"Person","@id":"https:\/\/www.eldiario.net\/portal\/#\/schema\/person\/f46445640444750d7d753ccd04ae01b7","name":"Jeanette","image":{"@type":"ImageObject","inLanguage":"es","@id":"https:\/\/secure.gravatar.com\/avatar\/3ea2118a5f7dad2b7138b1187a6b7ee55f160b9968b66013c3a3ef39dd7e5798?s=96&d=mm&r=g","url":"https:\/\/secure.gravatar.com\/avatar\/3ea2118a5f7dad2b7138b1187a6b7ee55f160b9968b66013c3a3ef39dd7e5798?s=96&d=mm&r=g","contentUrl":"https:\/\/secure.gravatar.com\/avatar\/3ea2118a5f7dad2b7138b1187a6b7ee55f160b9968b66013c3a3ef39dd7e5798?s=96&d=mm&r=g","caption":"Jeanette"},"sameAs":["https:\/\/www.eldiario.net\/portal"],"url":"https:\/\/www.eldiario.net\/portal\/author\/jeanette\/"}]}},"_links":{"self":[{"href":"https:\/\/www.eldiario.net\/portal\/wp-json\/wp\/v2\/posts\/231013","targetHints":{"allow":["GET"]}}],"collection":[{"href":"https:\/\/www.eldiario.net\/portal\/wp-json\/wp\/v2\/posts"}],"about":[{"href":"https:\/\/www.eldiario.net\/portal\/wp-json\/wp\/v2\/types\/post"}],"author":[{"embeddable":true,"href":"https:\/\/www.eldiario.net\/portal\/wp-json\/wp\/v2\/users\/1"}],"replies":[{"embeddable":true,"href":"https:\/\/www.eldiario.net\/portal\/wp-json\/wp\/v2\/comments?post=231013"}],"version-history":[{"count":1,"href":"https:\/\/www.eldiario.net\/portal\/wp-json\/wp\/v2\/posts\/231013\/revisions"}],"predecessor-version":[{"id":231019,"href":"https:\/\/www.eldiario.net\/portal\/wp-json\/wp\/v2\/posts\/231013\/revisions\/231019"}],"wp:featuredmedia":[{"embeddable":true,"href":"https:\/\/www.eldiario.net\/portal\/wp-json\/wp\/v2\/media\/231014"}],"wp:attachment":[{"href":"https:\/\/www.eldiario.net\/portal\/wp-json\/wp\/v2\/media?parent=231013"}],"wp:term":[{"taxonomy":"category","embeddable":true,"href":"https:\/\/www.eldiario.net\/portal\/wp-json\/wp\/v2\/categories?post=231013"},{"taxonomy":"post_tag","embeddable":true,"href":"https:\/\/www.eldiario.net\/portal\/wp-json\/wp\/v2\/tags?post=231013"}],"curies":[{"name":"wp","href":"https:\/\/api.w.org\/{rel}","templated":true}]}}