{"id":230843,"date":"2024-06-30T07:58:19","date_gmt":"2024-06-30T11:58:19","guid":{"rendered":"https:\/\/www.eldiario.net\/portal\/?p=230843"},"modified":"2024-06-30T07:59:40","modified_gmt":"2024-06-30T11:59:40","slug":"el-hincha-no-es-tonto","status":"publish","type":"post","link":"https:\/\/www.eldiario.net\/portal\/2024\/06\/30\/el-hincha-no-es-tonto\/","title":{"rendered":"EL HINCHA NO ES TONTO"},"content":{"rendered":"<p>No puedo evitar la preocupaci\u00f3n por el nivel que est\u00e1 demostrando Bolivia en la Copa Am\u00e9rica 2024; esta realidad nos lleva a muchos comentarios y situaciones de saber \u00bfa qu\u00e9 estamos jugando?.<br \/>\nLas respuestas nos llevan a lo mismo: que el t\u00e9cnico est\u00e1 totalmente perdido. De partido a partido hace 5 o 6 cambios, cosa que jam\u00e1s se hab\u00eda visto en nuestro f\u00fatbol; no tiene un sistema de juego. No sabe si jugar al 5-4-1 , el 5-3-2\u2026en fin.<br \/>\nLo peor es que no hemos visto mejoras en la Selecci\u00f3n y los partidos amistosos fueron una mentira porque jugamos mal y pensamos que en la Copa Am\u00e9rica los errores se iban a solucionar y no fue as\u00ed.<br \/>\nLa verdad es que el hincha boliviano est\u00e1 con mucha broca, es el sentir de todo el pueblo, de que nuestra Selecci\u00f3n es el fiel reflejo de nuestro f\u00fatbol profesional. Tenemos que mejorar mucho.<br \/>\nEn los clubes profesionales los delanteros- en su mayor\u00eda- son extranjeros , los centrales tambi\u00e9n son extranjeros y en la Selecci\u00f3n quedan huecos en esos puestos porque no tenemos un l\u00edder, una persona que se ponga el equipo al hombro\u2026 no hay.<br \/>\nEvidentemente, la Selecci\u00f3n de ahora est\u00e1 conformada por futbolistas j\u00f3venes. Zago sale a decir que es uno de los equipos m\u00e1s j\u00f3venes\u2026 y la respuesta es \u201ca nosotros \u2013 como hinchas- no nos importa si lleva la Sub 15, la Sub 18, la Sub 23\u2026\u201d, lo que se quiere son resultados en selecciones mayores. En consecuencia, no hay que esperar que ellos florezcan, que maduren. Est\u00e1 muy equivocado el se\u00f1or Zago. Parece que ya no tiene argumentos qu\u00e9 decirnos, qu\u00e9 mentiras decirnos .<br \/>\nEl hincha no es tonto. Duele mucho lo que est\u00e1 ocurriendo con la Selecci\u00f3n Boliviana de F\u00fatbol. Est\u00e1 siendo una de las peores y catastr\u00f3ficas presentaciones en Copa Am\u00e9rica y ojal\u00e1 que mejore en Eliminatorias. Nuestro fuerte es siempre la ciudad de La Paz; empero, \u00faltimamente ni ah\u00ed \u2026 nos est\u00e1 costando mucho conseguir resultados.<\/p>\n","protected":false},"excerpt":{"rendered":"<p>No puedo evitar la preocupaci\u00f3n por el nivel que est\u00e1 demostrando Bolivia en la Copa Am\u00e9rica 2024; esta realidad nos lleva a muchos comentarios y situaciones de saber \u00bfa qu\u00e9 estamos jugando?. Las respuestas nos llevan a lo mismo: que el t\u00e9cnico est\u00e1 totalmente perdido. De partido a partido hace 5 o 6 cambios, cosa [&hellip;]<\/p>\n","protected":false},"author":1,"featured_media":230844,"comment_status":"open","ping_status":"open","sticky":false,"template":"","format":"standard","meta":{"_acf_changed":false,"footnotes":""},"categories":[6],"tags":[],"class_list":["post-230843","post","type-post","status-publish","format-standard","has-post-thumbnail","category-deportes"],"acf":{"antetitulo":"Opini\u00f3n"},"yoast_head":"<!-- This site is optimized with the Yoast SEO plugin v28.3 - https:\/\/yoast.com\/product\/yoast-seo-wordpress\/ -->\n<title>EL HINCHA NO ES TONTO - El Diario - Bolivia<\/title>\n<meta name=\"robots\" content=\"index, follow, max-snippet:-1, max-image-preview:large, max-video-preview:-1\" \/>\n<link rel=\"canonical\" href=\"https:\/\/www.eldiario.net\/portal\/2024\/06\/30\/el-hincha-no-es-tonto\/\" \/>\n<meta property=\"og:locale\" content=\"es_ES\" \/>\n<meta property=\"og:type\" content=\"article\" \/>\n<meta property=\"og:title\" content=\"EL HINCHA NO ES TONTO - El Diario - Bolivia\" \/>\n<meta property=\"og:description\" content=\"No puedo evitar la preocupaci\u00f3n por el nivel que est\u00e1 demostrando Bolivia en la Copa Am\u00e9rica 2024; esta realidad nos lleva a muchos comentarios y situaciones de saber \u00bfa qu\u00e9 estamos jugando?. Las respuestas nos llevan a lo mismo: que el t\u00e9cnico est\u00e1 totalmente perdido. De partido a partido hace 5 o 6 cambios, cosa [&hellip;]\" \/>\n<meta property=\"og:url\" content=\"https:\/\/www.eldiario.net\/portal\/2024\/06\/30\/el-hincha-no-es-tonto\/\" \/>\n<meta property=\"og:site_name\" content=\"El Diario - Bolivia\" \/>\n<meta property=\"article:publisher\" content=\"https:\/\/www.facebook.com\/eldiario.bolivia\/\" \/>\n<meta property=\"article:published_time\" content=\"2024-06-30T11:58:19+00:00\" \/>\n<meta property=\"article:modified_time\" content=\"2024-06-30T11:59:40+00:00\" \/>\n<meta property=\"og:image\" content=\"https:\/\/www.eldiario.net\/portal\/wp-content\/uploads\/2024\/06\/FOTO-72-5.jpg\" \/>\n\t<meta property=\"og:image:width\" content=\"565\" \/>\n\t<meta property=\"og:image:height\" content=\"534\" \/>\n\t<meta property=\"og:image:type\" content=\"image\/jpeg\" \/>\n<meta name=\"author\" content=\"Jeanette\" \/>\n<meta name=\"twitter:card\" content=\"summary_large_image\" \/>\n<meta name=\"twitter:creator\" content=\"@eldiario_net\" \/>\n<meta name=\"twitter:site\" content=\"@eldiario_net\" \/>\n<meta name=\"twitter:label1\" content=\"Escrito por\" \/>\n\t<meta name=\"twitter:data1\" content=\"Jeanette\" \/>\n\t<meta name=\"twitter:label2\" content=\"Tiempo de lectura\" \/>\n\t<meta name=\"twitter:data2\" content=\"2 minutos\" \/>\n<script type=\"application\/ld+json\" class=\"yoast-schema-graph\">{\"@context\":\"https:\\\/\\\/schema.org\",\"@graph\":[{\"@type\":\"Article\",\"@id\":\"https:\\\/\\\/www.eldiario.net\\\/portal\\\/2024\\\/06\\\/30\\\/el-hincha-no-es-tonto\\\/#article\",\"isPartOf\":{\"@id\":\"https:\\\/\\\/www.eldiario.net\\\/portal\\\/2024\\\/06\\\/30\\\/el-hincha-no-es-tonto\\\/\"},\"author\":{\"name\":\"Jeanette\",\"@id\":\"https:\\\/\\\/www.eldiario.net\\\/portal\\\/#\\\/schema\\\/person\\\/f46445640444750d7d753ccd04ae01b7\"},\"headline\":\"EL HINCHA NO ES TONTO\",\"datePublished\":\"2024-06-30T11:58:19+00:00\",\"dateModified\":\"2024-06-30T11:59:40+00:00\",\"mainEntityOfPage\":{\"@id\":\"https:\\\/\\\/www.eldiario.net\\\/portal\\\/2024\\\/06\\\/30\\\/el-hincha-no-es-tonto\\\/\"},\"wordCount\":351,\"commentCount\":0,\"publisher\":{\"@id\":\"https:\\\/\\\/www.eldiario.net\\\/portal\\\/#organization\"},\"image\":{\"@id\":\"https:\\\/\\\/www.eldiario.net\\\/portal\\\/2024\\\/06\\\/30\\\/el-hincha-no-es-tonto\\\/#primaryimage\"},\"thumbnailUrl\":\"https:\\\/\\\/www.eldiario.net\\\/portal\\\/wp-content\\\/uploads\\\/2024\\\/06\\\/FOTO-72-5.jpg\",\"articleSection\":[\"Deportes\"],\"inLanguage\":\"es\",\"potentialAction\":[{\"@type\":\"CommentAction\",\"name\":\"Comment\",\"target\":[\"https:\\\/\\\/www.eldiario.net\\\/portal\\\/2024\\\/06\\\/30\\\/el-hincha-no-es-tonto\\\/#respond\"]}]},{\"@type\":\"WebPage\",\"@id\":\"https:\\\/\\\/www.eldiario.net\\\/portal\\\/2024\\\/06\\\/30\\\/el-hincha-no-es-tonto\\\/\",\"url\":\"https:\\\/\\\/www.eldiario.net\\\/portal\\\/2024\\\/06\\\/30\\\/el-hincha-no-es-tonto\\\/\",\"name\":\"EL HINCHA NO ES TONTO - El Diario - Bolivia\",\"isPartOf\":{\"@id\":\"https:\\\/\\\/www.eldiario.net\\\/portal\\\/#website\"},\"primaryImageOfPage\":{\"@id\":\"https:\\\/\\\/www.eldiario.net\\\/portal\\\/2024\\\/06\\\/30\\\/el-hincha-no-es-tonto\\\/#primaryimage\"},\"image\":{\"@id\":\"https:\\\/\\\/www.eldiario.net\\\/portal\\\/2024\\\/06\\\/30\\\/el-hincha-no-es-tonto\\\/#primaryimage\"},\"thumbnailUrl\":\"https:\\\/\\\/www.eldiario.net\\\/portal\\\/wp-content\\\/uploads\\\/2024\\\/06\\\/FOTO-72-5.jpg\",\"datePublished\":\"2024-06-30T11:58:19+00:00\",\"dateModified\":\"2024-06-30T11:59:40+00:00\",\"breadcrumb\":{\"@id\":\"https:\\\/\\\/www.eldiario.net\\\/portal\\\/2024\\\/06\\\/30\\\/el-hincha-no-es-tonto\\\/#breadcrumb\"},\"inLanguage\":\"es\",\"potentialAction\":[{\"@type\":\"ReadAction\",\"target\":[\"https:\\\/\\\/www.eldiario.net\\\/portal\\\/2024\\\/06\\\/30\\\/el-hincha-no-es-tonto\\\/\"]}]},{\"@type\":\"ImageObject\",\"inLanguage\":\"es\",\"@id\":\"https:\\\/\\\/www.eldiario.net\\\/portal\\\/2024\\\/06\\\/30\\\/el-hincha-no-es-tonto\\\/#primaryimage\",\"url\":\"https:\\\/\\\/www.eldiario.net\\\/portal\\\/wp-content\\\/uploads\\\/2024\\\/06\\\/FOTO-72-5.jpg\",\"contentUrl\":\"https:\\\/\\\/www.eldiario.net\\\/portal\\\/wp-content\\\/uploads\\\/2024\\\/06\\\/FOTO-72-5.jpg\",\"width\":565,\"height\":534,\"caption\":\"Juan Berthy Su\u00e1rez (Goleador boliviano)\"},{\"@type\":\"BreadcrumbList\",\"@id\":\"https:\\\/\\\/www.eldiario.net\\\/portal\\\/2024\\\/06\\\/30\\\/el-hincha-no-es-tonto\\\/#breadcrumb\",\"itemListElement\":[{\"@type\":\"ListItem\",\"position\":1,\"name\":\"Portada\",\"item\":\"https:\\\/\\\/www.eldiario.net\\\/portal\\\/\"},{\"@type\":\"ListItem\",\"position\":2,\"name\":\"EL HINCHA NO ES TONTO\"}]},{\"@type\":\"WebSite\",\"@id\":\"https:\\\/\\\/www.eldiario.net\\\/portal\\\/#website\",\"url\":\"https:\\\/\\\/www.eldiario.net\\\/portal\\\/\",\"name\":\"El Diario - Decano de la prensa nacional\",\"description\":\"El Diario - Decano de la prensa nacional\",\"publisher\":{\"@id\":\"https:\\\/\\\/www.eldiario.net\\\/portal\\\/#organization\"},\"potentialAction\":[{\"@type\":\"SearchAction\",\"target\":{\"@type\":\"EntryPoint\",\"urlTemplate\":\"https:\\\/\\\/www.eldiario.net\\\/portal\\\/?s={search_term_string}\"},\"query-input\":{\"@type\":\"PropertyValueSpecification\",\"valueRequired\":true,\"valueName\":\"search_term_string\"}}],\"inLanguage\":\"es\"},{\"@type\":\"Organization\",\"@id\":\"https:\\\/\\\/www.eldiario.net\\\/portal\\\/#organization\",\"name\":\"El Diario - Decano de la prensa nacional\",\"url\":\"https:\\\/\\\/www.eldiario.net\\\/portal\\\/\",\"logo\":{\"@type\":\"ImageObject\",\"inLanguage\":\"es\",\"@id\":\"https:\\\/\\\/www.eldiario.net\\\/portal\\\/#\\\/schema\\\/logo\\\/image\\\/\",\"url\":\"https:\\\/\\\/www.eldiario.net\\\/portal\\\/wp-content\\\/uploads\\\/2023\\\/07\\\/logo_ED.jpg\",\"contentUrl\":\"https:\\\/\\\/www.eldiario.net\\\/portal\\\/wp-content\\\/uploads\\\/2023\\\/07\\\/logo_ED.jpg\",\"width\":272,\"height\":52,\"caption\":\"El Diario - Decano de la prensa nacional\"},\"image\":{\"@id\":\"https:\\\/\\\/www.eldiario.net\\\/portal\\\/#\\\/schema\\\/logo\\\/image\\\/\"},\"sameAs\":[\"https:\\\/\\\/www.facebook.com\\\/eldiario.bolivia\\\/\",\"https:\\\/\\\/x.com\\\/eldiario_net\"]},{\"@type\":\"Person\",\"@id\":\"https:\\\/\\\/www.eldiario.net\\\/portal\\\/#\\\/schema\\\/person\\\/f46445640444750d7d753ccd04ae01b7\",\"name\":\"Jeanette\",\"image\":{\"@type\":\"ImageObject\",\"inLanguage\":\"es\",\"@id\":\"https:\\\/\\\/secure.gravatar.com\\\/avatar\\\/3ea2118a5f7dad2b7138b1187a6b7ee55f160b9968b66013c3a3ef39dd7e5798?s=96&d=mm&r=g\",\"url\":\"https:\\\/\\\/secure.gravatar.com\\\/avatar\\\/3ea2118a5f7dad2b7138b1187a6b7ee55f160b9968b66013c3a3ef39dd7e5798?s=96&d=mm&r=g\",\"contentUrl\":\"https:\\\/\\\/secure.gravatar.com\\\/avatar\\\/3ea2118a5f7dad2b7138b1187a6b7ee55f160b9968b66013c3a3ef39dd7e5798?s=96&d=mm&r=g\",\"caption\":\"Jeanette\"},\"sameAs\":[\"https:\\\/\\\/www.eldiario.net\\\/portal\"],\"url\":\"https:\\\/\\\/www.eldiario.net\\\/portal\\\/author\\\/jeanette\\\/\"}]}<\/script>\n<!-- \/ Yoast SEO plugin. -->","yoast_head_json":{"title":"EL HINCHA NO ES TONTO - El Diario - Bolivia","robots":{"index":"index","follow":"follow","max-snippet":"max-snippet:-1","max-image-preview":"max-image-preview:large","max-video-preview":"max-video-preview:-1"},"canonical":"https:\/\/www.eldiario.net\/portal\/2024\/06\/30\/el-hincha-no-es-tonto\/","og_locale":"es_ES","og_type":"article","og_title":"EL HINCHA NO ES TONTO - El Diario - Bolivia","og_description":"No puedo evitar la preocupaci\u00f3n por el nivel que est\u00e1 demostrando Bolivia en la Copa Am\u00e9rica 2024; esta realidad nos lleva a muchos comentarios y situaciones de saber \u00bfa qu\u00e9 estamos jugando?. Las respuestas nos llevan a lo mismo: que el t\u00e9cnico est\u00e1 totalmente perdido. De partido a partido hace 5 o 6 cambios, cosa [&hellip;]","og_url":"https:\/\/www.eldiario.net\/portal\/2024\/06\/30\/el-hincha-no-es-tonto\/","og_site_name":"El Diario - Bolivia","article_publisher":"https:\/\/www.facebook.com\/eldiario.bolivia\/","article_published_time":"2024-06-30T11:58:19+00:00","article_modified_time":"2024-06-30T11:59:40+00:00","og_image":[{"width":565,"height":534,"url":"https:\/\/www.eldiario.net\/portal\/wp-content\/uploads\/2024\/06\/FOTO-72-5.jpg","type":"image\/jpeg"}],"author":"Jeanette","twitter_card":"summary_large_image","twitter_creator":"@eldiario_net","twitter_site":"@eldiario_net","twitter_misc":{"Escrito por":"Jeanette","Tiempo de lectura":"2 minutos"},"schema":{"@context":"https:\/\/schema.org","@graph":[{"@type":"Article","@id":"https:\/\/www.eldiario.net\/portal\/2024\/06\/30\/el-hincha-no-es-tonto\/#article","isPartOf":{"@id":"https:\/\/www.eldiario.net\/portal\/2024\/06\/30\/el-hincha-no-es-tonto\/"},"author":{"name":"Jeanette","@id":"https:\/\/www.eldiario.net\/portal\/#\/schema\/person\/f46445640444750d7d753ccd04ae01b7"},"headline":"EL HINCHA NO ES TONTO","datePublished":"2024-06-30T11:58:19+00:00","dateModified":"2024-06-30T11:59:40+00:00","mainEntityOfPage":{"@id":"https:\/\/www.eldiario.net\/portal\/2024\/06\/30\/el-hincha-no-es-tonto\/"},"wordCount":351,"commentCount":0,"publisher":{"@id":"https:\/\/www.eldiario.net\/portal\/#organization"},"image":{"@id":"https:\/\/www.eldiario.net\/portal\/2024\/06\/30\/el-hincha-no-es-tonto\/#primaryimage"},"thumbnailUrl":"https:\/\/www.eldiario.net\/portal\/wp-content\/uploads\/2024\/06\/FOTO-72-5.jpg","articleSection":["Deportes"],"inLanguage":"es","potentialAction":[{"@type":"CommentAction","name":"Comment","target":["https:\/\/www.eldiario.net\/portal\/2024\/06\/30\/el-hincha-no-es-tonto\/#respond"]}]},{"@type":"WebPage","@id":"https:\/\/www.eldiario.net\/portal\/2024\/06\/30\/el-hincha-no-es-tonto\/","url":"https:\/\/www.eldiario.net\/portal\/2024\/06\/30\/el-hincha-no-es-tonto\/","name":"EL HINCHA NO ES TONTO - El Diario - Bolivia","isPartOf":{"@id":"https:\/\/www.eldiario.net\/portal\/#website"},"primaryImageOfPage":{"@id":"https:\/\/www.eldiario.net\/portal\/2024\/06\/30\/el-hincha-no-es-tonto\/#primaryimage"},"image":{"@id":"https:\/\/www.eldiario.net\/portal\/2024\/06\/30\/el-hincha-no-es-tonto\/#primaryimage"},"thumbnailUrl":"https:\/\/www.eldiario.net\/portal\/wp-content\/uploads\/2024\/06\/FOTO-72-5.jpg","datePublished":"2024-06-30T11:58:19+00:00","dateModified":"2024-06-30T11:59:40+00:00","breadcrumb":{"@id":"https:\/\/www.eldiario.net\/portal\/2024\/06\/30\/el-hincha-no-es-tonto\/#breadcrumb"},"inLanguage":"es","potentialAction":[{"@type":"ReadAction","target":["https:\/\/www.eldiario.net\/portal\/2024\/06\/30\/el-hincha-no-es-tonto\/"]}]},{"@type":"ImageObject","inLanguage":"es","@id":"https:\/\/www.eldiario.net\/portal\/2024\/06\/30\/el-hincha-no-es-tonto\/#primaryimage","url":"https:\/\/www.eldiario.net\/portal\/wp-content\/uploads\/2024\/06\/FOTO-72-5.jpg","contentUrl":"https:\/\/www.eldiario.net\/portal\/wp-content\/uploads\/2024\/06\/FOTO-72-5.jpg","width":565,"height":534,"caption":"Juan Berthy Su\u00e1rez (Goleador boliviano)"},{"@type":"BreadcrumbList","@id":"https:\/\/www.eldiario.net\/portal\/2024\/06\/30\/el-hincha-no-es-tonto\/#breadcrumb","itemListElement":[{"@type":"ListItem","position":1,"name":"Portada","item":"https:\/\/www.eldiario.net\/portal\/"},{"@type":"ListItem","position":2,"name":"EL HINCHA NO ES TONTO"}]},{"@type":"WebSite","@id":"https:\/\/www.eldiario.net\/portal\/#website","url":"https:\/\/www.eldiario.net\/portal\/","name":"El Diario - Decano de la prensa nacional","description":"El Diario - Decano de la prensa nacional","publisher":{"@id":"https:\/\/www.eldiario.net\/portal\/#organization"},"potentialAction":[{"@type":"SearchAction","target":{"@type":"EntryPoint","urlTemplate":"https:\/\/www.eldiario.net\/portal\/?s={search_term_string}"},"query-input":{"@type":"PropertyValueSpecification","valueRequired":true,"valueName":"search_term_string"}}],"inLanguage":"es"},{"@type":"Organization","@id":"https:\/\/www.eldiario.net\/portal\/#organization","name":"El Diario - Decano de la prensa nacional","url":"https:\/\/www.eldiario.net\/portal\/","logo":{"@type":"ImageObject","inLanguage":"es","@id":"https:\/\/www.eldiario.net\/portal\/#\/schema\/logo\/image\/","url":"https:\/\/www.eldiario.net\/portal\/wp-content\/uploads\/2023\/07\/logo_ED.jpg","contentUrl":"https:\/\/www.eldiario.net\/portal\/wp-content\/uploads\/2023\/07\/logo_ED.jpg","width":272,"height":52,"caption":"El Diario - Decano de la prensa nacional"},"image":{"@id":"https:\/\/www.eldiario.net\/portal\/#\/schema\/logo\/image\/"},"sameAs":["https:\/\/www.facebook.com\/eldiario.bolivia\/","https:\/\/x.com\/eldiario_net"]},{"@type":"Person","@id":"https:\/\/www.eldiario.net\/portal\/#\/schema\/person\/f46445640444750d7d753ccd04ae01b7","name":"Jeanette","image":{"@type":"ImageObject","inLanguage":"es","@id":"https:\/\/secure.gravatar.com\/avatar\/3ea2118a5f7dad2b7138b1187a6b7ee55f160b9968b66013c3a3ef39dd7e5798?s=96&d=mm&r=g","url":"https:\/\/secure.gravatar.com\/avatar\/3ea2118a5f7dad2b7138b1187a6b7ee55f160b9968b66013c3a3ef39dd7e5798?s=96&d=mm&r=g","contentUrl":"https:\/\/secure.gravatar.com\/avatar\/3ea2118a5f7dad2b7138b1187a6b7ee55f160b9968b66013c3a3ef39dd7e5798?s=96&d=mm&r=g","caption":"Jeanette"},"sameAs":["https:\/\/www.eldiario.net\/portal"],"url":"https:\/\/www.eldiario.net\/portal\/author\/jeanette\/"}]}},"_links":{"self":[{"href":"https:\/\/www.eldiario.net\/portal\/wp-json\/wp\/v2\/posts\/230843","targetHints":{"allow":["GET"]}}],"collection":[{"href":"https:\/\/www.eldiario.net\/portal\/wp-json\/wp\/v2\/posts"}],"about":[{"href":"https:\/\/www.eldiario.net\/portal\/wp-json\/wp\/v2\/types\/post"}],"author":[{"embeddable":true,"href":"https:\/\/www.eldiario.net\/portal\/wp-json\/wp\/v2\/users\/1"}],"replies":[{"embeddable":true,"href":"https:\/\/www.eldiario.net\/portal\/wp-json\/wp\/v2\/comments?post=230843"}],"version-history":[{"count":1,"href":"https:\/\/www.eldiario.net\/portal\/wp-json\/wp\/v2\/posts\/230843\/revisions"}],"predecessor-version":[{"id":230845,"href":"https:\/\/www.eldiario.net\/portal\/wp-json\/wp\/v2\/posts\/230843\/revisions\/230845"}],"wp:featuredmedia":[{"embeddable":true,"href":"https:\/\/www.eldiario.net\/portal\/wp-json\/wp\/v2\/media\/230844"}],"wp:attachment":[{"href":"https:\/\/www.eldiario.net\/portal\/wp-json\/wp\/v2\/media?parent=230843"}],"wp:term":[{"taxonomy":"category","embeddable":true,"href":"https:\/\/www.eldiario.net\/portal\/wp-json\/wp\/v2\/categories?post=230843"},{"taxonomy":"post_tag","embeddable":true,"href":"https:\/\/www.eldiario.net\/portal\/wp-json\/wp\/v2\/tags?post=230843"}],"curies":[{"name":"wp","href":"https:\/\/api.w.org\/{rel}","templated":true}]}}