{"id":230828,"date":"2024-06-30T07:47:08","date_gmt":"2024-06-30T11:47:08","guid":{"rendered":"https:\/\/www.eldiario.net\/portal\/?p=230828"},"modified":"2024-06-30T07:47:08","modified_gmt":"2024-06-30T11:47:08","slug":"analisis-de-los-hechos-realizados-el-26-de-junio","status":"publish","type":"post","link":"https:\/\/www.eldiario.net\/portal\/2024\/06\/30\/analisis-de-los-hechos-realizados-el-26-de-junio\/","title":{"rendered":"An\u00e1lisis de los hechos realizados el 26 de junio"},"content":{"rendered":"<p>El mi\u00e9rcoles 26 de junio de 2024, hacia las 14:30, el general Juan Jos\u00e9 Z\u00fa\u00f1iga, junto con un grupo de militares y algunos carros blindados ligeros, tom\u00f3 la Plaza Murillo de La Paz, con toda fluidez, sin interrumpir en ese momento de la tarde las actividades cotidianas en el entorno. Y luego \u2212con ayuda de uno de los carros\u2212 abri\u00f3 la puerta del antiguo Palacio de Gobierno para expresar, entre otras cosas, la molestia en las Fuerzas Armadas por los \u201cultrajes a la Patria\u201d. Declar\u00f3, adem\u00e1s, entre otros temas, que se iba a posesionar un nuevo gabinete y que ellos iban en contra del ministro de Defensa. La prensa relata que Z\u00fa\u00f1iga, en su encuentro con Arce en el pasillo del Palacio, habr\u00eda pedido la destituci\u00f3n del ministro de Defensa, Edmundo Novillo, y habr\u00eda otorgado 20 minutos para ejecutar el pedido.<\/p>\n<p>La crisis econ\u00f3mica<br \/>\nYa en el debate p\u00fablico, diferentes actores van generando informaci\u00f3n que evidencia el preocupante comportamiento de las variables de la crisis econ\u00f3mica (problemas monetarios, energ\u00e9ticos, mercado exterior, d\u00e9ficit fiscal, mercado interno, deuda p\u00fablica, etc.).<br \/>\nLos problemas m\u00e1s graves de la crisis son la falta de d\u00f3lares, combustibles y la ca\u00edda en las exportaciones especialmente de gas, que no tienen perspectivas de solucionarse. Si bien ahora ya va ocurriendo de forma paulatina \u2013sin importar cuanto lo niegue el Gobierno\u2013 en el futuro es de temer una devaluaci\u00f3n de la moneda, fuerte y de hecho, que dar\u00eda lugar a una hiperinflaci\u00f3n.<br \/>\nDiferentes hechos pasados que reflejan las movilizaciones y demandas sociales en el plano econ\u00f3mico confirman lo antes mencionado:<br \/>\n\u2022 Las movilizaciones motivadas por la falta d\u00f3lares y demandas contra el sistema impositivo (especialmente de los gremiales).<br \/>\n\u2022 Las protestas y movilizaciones por falta de combustibles (especialmente del sector del transporte pesado).<br \/>\n\u2022 Las demandas y anuncios de movilizaci\u00f3n alrededor de la pol\u00edtica de pensiones (con un rol relevante de m\u00e9dicos y profesores).<br \/>\nOtras medidas del Gobierno que han tenido tambi\u00e9n impacto en protestas y demandas sociales: anuncios de medidas respecto de propiedad privada peque\u00f1a, los proyectos de normativa antiterrorista, el uso de los fondos de jubilaci\u00f3n para comprar bonos del Estado, entre otros. Estos temas son muy sensibles; y si bien a\u00fan no est\u00e1n movilizando todav\u00eda a sectores espec\u00edficos, son temas que van acumulando descontento.<\/p>\n<p>La crisis pol\u00edtica<br \/>\nEl Gobierno de manera general ha llegado a controlar directamente o a anular las instituciones de Estado y los grandes medios de comunicaci\u00f3n. Sin embargo, la cercan\u00eda a las elecciones primarias y nacionales le generaron problemas para consolidar ese control de las instituciones del Estado, especialmente la Asamblea. (Juan Carlos Torrejon\/EPA)<\/p>\n","protected":false},"excerpt":{"rendered":"<p>El mi\u00e9rcoles 26 de junio de 2024, hacia las 14:30, el general Juan Jos\u00e9 Z\u00fa\u00f1iga, junto con un grupo de militares y algunos carros blindados ligeros, tom\u00f3 la Plaza Murillo de La Paz, con toda fluidez, sin interrumpir en ese momento de la tarde las actividades cotidianas en el entorno. Y luego \u2212con ayuda de [&hellip;]<\/p>\n","protected":false},"author":1,"featured_media":230829,"comment_status":"open","ping_status":"open","sticky":false,"template":"","format":"standard","meta":{"_acf_changed":false,"footnotes":""},"categories":[7],"tags":[],"class_list":["post-230828","post","type-post","status-publish","format-standard","has-post-thumbnail","category-economia"],"acf":{"antetitulo":""},"yoast_head":"<!-- This site is optimized with the Yoast SEO plugin v28.3 - https:\/\/yoast.com\/product\/yoast-seo-wordpress\/ -->\n<title>An\u00e1lisis de los hechos realizados el 26 de junio - El Diario - Bolivia<\/title>\n<meta name=\"robots\" content=\"index, follow, max-snippet:-1, max-image-preview:large, max-video-preview:-1\" \/>\n<link rel=\"canonical\" href=\"https:\/\/www.eldiario.net\/portal\/2024\/06\/30\/analisis-de-los-hechos-realizados-el-26-de-junio\/\" \/>\n<meta property=\"og:locale\" content=\"es_ES\" \/>\n<meta property=\"og:type\" content=\"article\" \/>\n<meta property=\"og:title\" content=\"An\u00e1lisis de los hechos realizados el 26 de junio - El Diario - Bolivia\" \/>\n<meta property=\"og:description\" content=\"El mi\u00e9rcoles 26 de junio de 2024, hacia las 14:30, el general Juan Jos\u00e9 Z\u00fa\u00f1iga, junto con un grupo de militares y algunos carros blindados ligeros, tom\u00f3 la Plaza Murillo de La Paz, con toda fluidez, sin interrumpir en ese momento de la tarde las actividades cotidianas en el entorno. Y luego \u2212con ayuda de [&hellip;]\" \/>\n<meta property=\"og:url\" content=\"https:\/\/www.eldiario.net\/portal\/2024\/06\/30\/analisis-de-los-hechos-realizados-el-26-de-junio\/\" \/>\n<meta property=\"og:site_name\" content=\"El Diario - Bolivia\" \/>\n<meta property=\"article:publisher\" content=\"https:\/\/www.facebook.com\/eldiario.bolivia\/\" \/>\n<meta property=\"article:published_time\" content=\"2024-06-30T11:47:08+00:00\" \/>\n<meta property=\"og:image\" content=\"https:\/\/www.eldiario.net\/portal\/wp-content\/uploads\/2024\/06\/conflictos.jpg\" \/>\n\t<meta property=\"og:image:width\" content=\"543\" \/>\n\t<meta property=\"og:image:height\" content=\"326\" \/>\n\t<meta property=\"og:image:type\" content=\"image\/jpeg\" \/>\n<meta name=\"author\" content=\"Jeanette\" \/>\n<meta name=\"twitter:card\" content=\"summary_large_image\" \/>\n<meta name=\"twitter:creator\" content=\"@eldiario_net\" \/>\n<meta name=\"twitter:site\" content=\"@eldiario_net\" \/>\n<meta name=\"twitter:label1\" content=\"Escrito por\" \/>\n\t<meta name=\"twitter:data1\" content=\"Jeanette\" \/>\n\t<meta name=\"twitter:label2\" content=\"Tiempo de lectura\" \/>\n\t<meta name=\"twitter:data2\" content=\"3 minutos\" \/>\n<script type=\"application\/ld+json\" class=\"yoast-schema-graph\">{\"@context\":\"https:\\\/\\\/schema.org\",\"@graph\":[{\"@type\":\"Article\",\"@id\":\"https:\\\/\\\/www.eldiario.net\\\/portal\\\/2024\\\/06\\\/30\\\/analisis-de-los-hechos-realizados-el-26-de-junio\\\/#article\",\"isPartOf\":{\"@id\":\"https:\\\/\\\/www.eldiario.net\\\/portal\\\/2024\\\/06\\\/30\\\/analisis-de-los-hechos-realizados-el-26-de-junio\\\/\"},\"author\":{\"name\":\"Jeanette\",\"@id\":\"https:\\\/\\\/www.eldiario.net\\\/portal\\\/#\\\/schema\\\/person\\\/f46445640444750d7d753ccd04ae01b7\"},\"headline\":\"An\u00e1lisis de los hechos realizados el 26 de junio\",\"datePublished\":\"2024-06-30T11:47:08+00:00\",\"mainEntityOfPage\":{\"@id\":\"https:\\\/\\\/www.eldiario.net\\\/portal\\\/2024\\\/06\\\/30\\\/analisis-de-los-hechos-realizados-el-26-de-junio\\\/\"},\"wordCount\":470,\"commentCount\":0,\"publisher\":{\"@id\":\"https:\\\/\\\/www.eldiario.net\\\/portal\\\/#organization\"},\"image\":{\"@id\":\"https:\\\/\\\/www.eldiario.net\\\/portal\\\/2024\\\/06\\\/30\\\/analisis-de-los-hechos-realizados-el-26-de-junio\\\/#primaryimage\"},\"thumbnailUrl\":\"https:\\\/\\\/www.eldiario.net\\\/portal\\\/wp-content\\\/uploads\\\/2024\\\/06\\\/conflictos.jpg\",\"articleSection\":[\"Econom\u00eda\"],\"inLanguage\":\"es\",\"potentialAction\":[{\"@type\":\"CommentAction\",\"name\":\"Comment\",\"target\":[\"https:\\\/\\\/www.eldiario.net\\\/portal\\\/2024\\\/06\\\/30\\\/analisis-de-los-hechos-realizados-el-26-de-junio\\\/#respond\"]}]},{\"@type\":\"WebPage\",\"@id\":\"https:\\\/\\\/www.eldiario.net\\\/portal\\\/2024\\\/06\\\/30\\\/analisis-de-los-hechos-realizados-el-26-de-junio\\\/\",\"url\":\"https:\\\/\\\/www.eldiario.net\\\/portal\\\/2024\\\/06\\\/30\\\/analisis-de-los-hechos-realizados-el-26-de-junio\\\/\",\"name\":\"An\u00e1lisis de los hechos realizados el 26 de junio - El Diario - Bolivia\",\"isPartOf\":{\"@id\":\"https:\\\/\\\/www.eldiario.net\\\/portal\\\/#website\"},\"primaryImageOfPage\":{\"@id\":\"https:\\\/\\\/www.eldiario.net\\\/portal\\\/2024\\\/06\\\/30\\\/analisis-de-los-hechos-realizados-el-26-de-junio\\\/#primaryimage\"},\"image\":{\"@id\":\"https:\\\/\\\/www.eldiario.net\\\/portal\\\/2024\\\/06\\\/30\\\/analisis-de-los-hechos-realizados-el-26-de-junio\\\/#primaryimage\"},\"thumbnailUrl\":\"https:\\\/\\\/www.eldiario.net\\\/portal\\\/wp-content\\\/uploads\\\/2024\\\/06\\\/conflictos.jpg\",\"datePublished\":\"2024-06-30T11:47:08+00:00\",\"breadcrumb\":{\"@id\":\"https:\\\/\\\/www.eldiario.net\\\/portal\\\/2024\\\/06\\\/30\\\/analisis-de-los-hechos-realizados-el-26-de-junio\\\/#breadcrumb\"},\"inLanguage\":\"es\",\"potentialAction\":[{\"@type\":\"ReadAction\",\"target\":[\"https:\\\/\\\/www.eldiario.net\\\/portal\\\/2024\\\/06\\\/30\\\/analisis-de-los-hechos-realizados-el-26-de-junio\\\/\"]}]},{\"@type\":\"ImageObject\",\"inLanguage\":\"es\",\"@id\":\"https:\\\/\\\/www.eldiario.net\\\/portal\\\/2024\\\/06\\\/30\\\/analisis-de-los-hechos-realizados-el-26-de-junio\\\/#primaryimage\",\"url\":\"https:\\\/\\\/www.eldiario.net\\\/portal\\\/wp-content\\\/uploads\\\/2024\\\/06\\\/conflictos.jpg\",\"contentUrl\":\"https:\\\/\\\/www.eldiario.net\\\/portal\\\/wp-content\\\/uploads\\\/2024\\\/06\\\/conflictos.jpg\",\"width\":543,\"height\":326,\"caption\":\"Conflictos sociales acechan a Bolivia.\"},{\"@type\":\"BreadcrumbList\",\"@id\":\"https:\\\/\\\/www.eldiario.net\\\/portal\\\/2024\\\/06\\\/30\\\/analisis-de-los-hechos-realizados-el-26-de-junio\\\/#breadcrumb\",\"itemListElement\":[{\"@type\":\"ListItem\",\"position\":1,\"name\":\"Portada\",\"item\":\"https:\\\/\\\/www.eldiario.net\\\/portal\\\/\"},{\"@type\":\"ListItem\",\"position\":2,\"name\":\"An\u00e1lisis de los hechos realizados el 26 de junio\"}]},{\"@type\":\"WebSite\",\"@id\":\"https:\\\/\\\/www.eldiario.net\\\/portal\\\/#website\",\"url\":\"https:\\\/\\\/www.eldiario.net\\\/portal\\\/\",\"name\":\"El Diario - Decano de la prensa nacional\",\"description\":\"El Diario - Decano de la prensa nacional\",\"publisher\":{\"@id\":\"https:\\\/\\\/www.eldiario.net\\\/portal\\\/#organization\"},\"potentialAction\":[{\"@type\":\"SearchAction\",\"target\":{\"@type\":\"EntryPoint\",\"urlTemplate\":\"https:\\\/\\\/www.eldiario.net\\\/portal\\\/?s={search_term_string}\"},\"query-input\":{\"@type\":\"PropertyValueSpecification\",\"valueRequired\":true,\"valueName\":\"search_term_string\"}}],\"inLanguage\":\"es\"},{\"@type\":\"Organization\",\"@id\":\"https:\\\/\\\/www.eldiario.net\\\/portal\\\/#organization\",\"name\":\"El Diario - Decano de la prensa nacional\",\"url\":\"https:\\\/\\\/www.eldiario.net\\\/portal\\\/\",\"logo\":{\"@type\":\"ImageObject\",\"inLanguage\":\"es\",\"@id\":\"https:\\\/\\\/www.eldiario.net\\\/portal\\\/#\\\/schema\\\/logo\\\/image\\\/\",\"url\":\"https:\\\/\\\/www.eldiario.net\\\/portal\\\/wp-content\\\/uploads\\\/2023\\\/07\\\/logo_ED.jpg\",\"contentUrl\":\"https:\\\/\\\/www.eldiario.net\\\/portal\\\/wp-content\\\/uploads\\\/2023\\\/07\\\/logo_ED.jpg\",\"width\":272,\"height\":52,\"caption\":\"El Diario - Decano de la prensa nacional\"},\"image\":{\"@id\":\"https:\\\/\\\/www.eldiario.net\\\/portal\\\/#\\\/schema\\\/logo\\\/image\\\/\"},\"sameAs\":[\"https:\\\/\\\/www.facebook.com\\\/eldiario.bolivia\\\/\",\"https:\\\/\\\/x.com\\\/eldiario_net\"]},{\"@type\":\"Person\",\"@id\":\"https:\\\/\\\/www.eldiario.net\\\/portal\\\/#\\\/schema\\\/person\\\/f46445640444750d7d753ccd04ae01b7\",\"name\":\"Jeanette\",\"image\":{\"@type\":\"ImageObject\",\"inLanguage\":\"es\",\"@id\":\"https:\\\/\\\/secure.gravatar.com\\\/avatar\\\/3ea2118a5f7dad2b7138b1187a6b7ee55f160b9968b66013c3a3ef39dd7e5798?s=96&d=mm&r=g\",\"url\":\"https:\\\/\\\/secure.gravatar.com\\\/avatar\\\/3ea2118a5f7dad2b7138b1187a6b7ee55f160b9968b66013c3a3ef39dd7e5798?s=96&d=mm&r=g\",\"contentUrl\":\"https:\\\/\\\/secure.gravatar.com\\\/avatar\\\/3ea2118a5f7dad2b7138b1187a6b7ee55f160b9968b66013c3a3ef39dd7e5798?s=96&d=mm&r=g\",\"caption\":\"Jeanette\"},\"sameAs\":[\"https:\\\/\\\/www.eldiario.net\\\/portal\"],\"url\":\"https:\\\/\\\/www.eldiario.net\\\/portal\\\/author\\\/jeanette\\\/\"}]}<\/script>\n<!-- \/ Yoast SEO plugin. -->","yoast_head_json":{"title":"An\u00e1lisis de los hechos realizados el 26 de junio - El Diario - Bolivia","robots":{"index":"index","follow":"follow","max-snippet":"max-snippet:-1","max-image-preview":"max-image-preview:large","max-video-preview":"max-video-preview:-1"},"canonical":"https:\/\/www.eldiario.net\/portal\/2024\/06\/30\/analisis-de-los-hechos-realizados-el-26-de-junio\/","og_locale":"es_ES","og_type":"article","og_title":"An\u00e1lisis de los hechos realizados el 26 de junio - El Diario - Bolivia","og_description":"El mi\u00e9rcoles 26 de junio de 2024, hacia las 14:30, el general Juan Jos\u00e9 Z\u00fa\u00f1iga, junto con un grupo de militares y algunos carros blindados ligeros, tom\u00f3 la Plaza Murillo de La Paz, con toda fluidez, sin interrumpir en ese momento de la tarde las actividades cotidianas en el entorno. Y luego \u2212con ayuda de [&hellip;]","og_url":"https:\/\/www.eldiario.net\/portal\/2024\/06\/30\/analisis-de-los-hechos-realizados-el-26-de-junio\/","og_site_name":"El Diario - Bolivia","article_publisher":"https:\/\/www.facebook.com\/eldiario.bolivia\/","article_published_time":"2024-06-30T11:47:08+00:00","og_image":[{"width":543,"height":326,"url":"https:\/\/www.eldiario.net\/portal\/wp-content\/uploads\/2024\/06\/conflictos.jpg","type":"image\/jpeg"}],"author":"Jeanette","twitter_card":"summary_large_image","twitter_creator":"@eldiario_net","twitter_site":"@eldiario_net","twitter_misc":{"Escrito por":"Jeanette","Tiempo de lectura":"3 minutos"},"schema":{"@context":"https:\/\/schema.org","@graph":[{"@type":"Article","@id":"https:\/\/www.eldiario.net\/portal\/2024\/06\/30\/analisis-de-los-hechos-realizados-el-26-de-junio\/#article","isPartOf":{"@id":"https:\/\/www.eldiario.net\/portal\/2024\/06\/30\/analisis-de-los-hechos-realizados-el-26-de-junio\/"},"author":{"name":"Jeanette","@id":"https:\/\/www.eldiario.net\/portal\/#\/schema\/person\/f46445640444750d7d753ccd04ae01b7"},"headline":"An\u00e1lisis de los hechos realizados el 26 de junio","datePublished":"2024-06-30T11:47:08+00:00","mainEntityOfPage":{"@id":"https:\/\/www.eldiario.net\/portal\/2024\/06\/30\/analisis-de-los-hechos-realizados-el-26-de-junio\/"},"wordCount":470,"commentCount":0,"publisher":{"@id":"https:\/\/www.eldiario.net\/portal\/#organization"},"image":{"@id":"https:\/\/www.eldiario.net\/portal\/2024\/06\/30\/analisis-de-los-hechos-realizados-el-26-de-junio\/#primaryimage"},"thumbnailUrl":"https:\/\/www.eldiario.net\/portal\/wp-content\/uploads\/2024\/06\/conflictos.jpg","articleSection":["Econom\u00eda"],"inLanguage":"es","potentialAction":[{"@type":"CommentAction","name":"Comment","target":["https:\/\/www.eldiario.net\/portal\/2024\/06\/30\/analisis-de-los-hechos-realizados-el-26-de-junio\/#respond"]}]},{"@type":"WebPage","@id":"https:\/\/www.eldiario.net\/portal\/2024\/06\/30\/analisis-de-los-hechos-realizados-el-26-de-junio\/","url":"https:\/\/www.eldiario.net\/portal\/2024\/06\/30\/analisis-de-los-hechos-realizados-el-26-de-junio\/","name":"An\u00e1lisis de los hechos realizados el 26 de junio - El Diario - Bolivia","isPartOf":{"@id":"https:\/\/www.eldiario.net\/portal\/#website"},"primaryImageOfPage":{"@id":"https:\/\/www.eldiario.net\/portal\/2024\/06\/30\/analisis-de-los-hechos-realizados-el-26-de-junio\/#primaryimage"},"image":{"@id":"https:\/\/www.eldiario.net\/portal\/2024\/06\/30\/analisis-de-los-hechos-realizados-el-26-de-junio\/#primaryimage"},"thumbnailUrl":"https:\/\/www.eldiario.net\/portal\/wp-content\/uploads\/2024\/06\/conflictos.jpg","datePublished":"2024-06-30T11:47:08+00:00","breadcrumb":{"@id":"https:\/\/www.eldiario.net\/portal\/2024\/06\/30\/analisis-de-los-hechos-realizados-el-26-de-junio\/#breadcrumb"},"inLanguage":"es","potentialAction":[{"@type":"ReadAction","target":["https:\/\/www.eldiario.net\/portal\/2024\/06\/30\/analisis-de-los-hechos-realizados-el-26-de-junio\/"]}]},{"@type":"ImageObject","inLanguage":"es","@id":"https:\/\/www.eldiario.net\/portal\/2024\/06\/30\/analisis-de-los-hechos-realizados-el-26-de-junio\/#primaryimage","url":"https:\/\/www.eldiario.net\/portal\/wp-content\/uploads\/2024\/06\/conflictos.jpg","contentUrl":"https:\/\/www.eldiario.net\/portal\/wp-content\/uploads\/2024\/06\/conflictos.jpg","width":543,"height":326,"caption":"Conflictos sociales acechan a Bolivia."},{"@type":"BreadcrumbList","@id":"https:\/\/www.eldiario.net\/portal\/2024\/06\/30\/analisis-de-los-hechos-realizados-el-26-de-junio\/#breadcrumb","itemListElement":[{"@type":"ListItem","position":1,"name":"Portada","item":"https:\/\/www.eldiario.net\/portal\/"},{"@type":"ListItem","position":2,"name":"An\u00e1lisis de los hechos realizados el 26 de junio"}]},{"@type":"WebSite","@id":"https:\/\/www.eldiario.net\/portal\/#website","url":"https:\/\/www.eldiario.net\/portal\/","name":"El Diario - Decano de la prensa nacional","description":"El Diario - Decano de la prensa nacional","publisher":{"@id":"https:\/\/www.eldiario.net\/portal\/#organization"},"potentialAction":[{"@type":"SearchAction","target":{"@type":"EntryPoint","urlTemplate":"https:\/\/www.eldiario.net\/portal\/?s={search_term_string}"},"query-input":{"@type":"PropertyValueSpecification","valueRequired":true,"valueName":"search_term_string"}}],"inLanguage":"es"},{"@type":"Organization","@id":"https:\/\/www.eldiario.net\/portal\/#organization","name":"El Diario - Decano de la prensa nacional","url":"https:\/\/www.eldiario.net\/portal\/","logo":{"@type":"ImageObject","inLanguage":"es","@id":"https:\/\/www.eldiario.net\/portal\/#\/schema\/logo\/image\/","url":"https:\/\/www.eldiario.net\/portal\/wp-content\/uploads\/2023\/07\/logo_ED.jpg","contentUrl":"https:\/\/www.eldiario.net\/portal\/wp-content\/uploads\/2023\/07\/logo_ED.jpg","width":272,"height":52,"caption":"El Diario - Decano de la prensa nacional"},"image":{"@id":"https:\/\/www.eldiario.net\/portal\/#\/schema\/logo\/image\/"},"sameAs":["https:\/\/www.facebook.com\/eldiario.bolivia\/","https:\/\/x.com\/eldiario_net"]},{"@type":"Person","@id":"https:\/\/www.eldiario.net\/portal\/#\/schema\/person\/f46445640444750d7d753ccd04ae01b7","name":"Jeanette","image":{"@type":"ImageObject","inLanguage":"es","@id":"https:\/\/secure.gravatar.com\/avatar\/3ea2118a5f7dad2b7138b1187a6b7ee55f160b9968b66013c3a3ef39dd7e5798?s=96&d=mm&r=g","url":"https:\/\/secure.gravatar.com\/avatar\/3ea2118a5f7dad2b7138b1187a6b7ee55f160b9968b66013c3a3ef39dd7e5798?s=96&d=mm&r=g","contentUrl":"https:\/\/secure.gravatar.com\/avatar\/3ea2118a5f7dad2b7138b1187a6b7ee55f160b9968b66013c3a3ef39dd7e5798?s=96&d=mm&r=g","caption":"Jeanette"},"sameAs":["https:\/\/www.eldiario.net\/portal"],"url":"https:\/\/www.eldiario.net\/portal\/author\/jeanette\/"}]}},"_links":{"self":[{"href":"https:\/\/www.eldiario.net\/portal\/wp-json\/wp\/v2\/posts\/230828","targetHints":{"allow":["GET"]}}],"collection":[{"href":"https:\/\/www.eldiario.net\/portal\/wp-json\/wp\/v2\/posts"}],"about":[{"href":"https:\/\/www.eldiario.net\/portal\/wp-json\/wp\/v2\/types\/post"}],"author":[{"embeddable":true,"href":"https:\/\/www.eldiario.net\/portal\/wp-json\/wp\/v2\/users\/1"}],"replies":[{"embeddable":true,"href":"https:\/\/www.eldiario.net\/portal\/wp-json\/wp\/v2\/comments?post=230828"}],"version-history":[{"count":1,"href":"https:\/\/www.eldiario.net\/portal\/wp-json\/wp\/v2\/posts\/230828\/revisions"}],"predecessor-version":[{"id":230830,"href":"https:\/\/www.eldiario.net\/portal\/wp-json\/wp\/v2\/posts\/230828\/revisions\/230830"}],"wp:featuredmedia":[{"embeddable":true,"href":"https:\/\/www.eldiario.net\/portal\/wp-json\/wp\/v2\/media\/230829"}],"wp:attachment":[{"href":"https:\/\/www.eldiario.net\/portal\/wp-json\/wp\/v2\/media?parent=230828"}],"wp:term":[{"taxonomy":"category","embeddable":true,"href":"https:\/\/www.eldiario.net\/portal\/wp-json\/wp\/v2\/categories?post=230828"},{"taxonomy":"post_tag","embeddable":true,"href":"https:\/\/www.eldiario.net\/portal\/wp-json\/wp\/v2\/tags?post=230828"}],"curies":[{"name":"wp","href":"https:\/\/api.w.org\/{rel}","templated":true}]}}