{"id":230826,"date":"2024-06-30T07:46:43","date_gmt":"2024-06-30T11:46:43","guid":{"rendered":"https:\/\/www.eldiario.net\/portal\/?p=230826"},"modified":"2024-06-30T07:46:43","modified_gmt":"2024-06-30T11:46:43","slug":"conflictos-empujan-a-una-crisis-profunda","status":"publish","type":"post","link":"https:\/\/www.eldiario.net\/portal\/2024\/06\/30\/conflictos-empujan-a-una-crisis-profunda\/","title":{"rendered":"Conflictos empujan a una crisis profunda"},"content":{"rendered":"<p>Mientras los datos estad\u00edsticos sobre la desocupaci\u00f3n, la pobreza y la inflaci\u00f3n se mantienen en niveles bajos, la gente pierde su empleo, se reducen las empresas y las franquicias salen del pa\u00eds, por la sobre regulaci\u00f3n implementada. Las exportaciones se reducen, las compras tambi\u00e9n, debido a la escasa relativa del d\u00f3lar y por un aumento sustancial de la divisa en el mercado paralelo. Conflictos empujan a Bolivia a una crisis profunda, sino se cambia de modelo.<br \/>\nLa escasez del d\u00f3lar, que se inici\u00f3 en febrero de 2023, la falta de combustible, el aumento de los precios, as\u00ed como los abusos que entidades p\u00fablicas, como Aduana, Diprove, entre otros, llevan a Bolivia a profundizar la crisis econ\u00f3mica, que trata de disimular el Gobierno con datos observados por economistas y oposici\u00f3n, como baja desocupaci\u00f3n, estabilidad de precios y crecimiento de la econom\u00eda.<br \/>\nEl sector del transporte pesado internacional estableci\u00f3 15 d\u00edas para solucionar la demanda de los transportistas en reuniones t\u00e9cnicas, mientras los gremiales anuncian ampliados nacionales para determinar nuevas medidas de presi\u00f3n.<br \/>\nLa semana pasada, alcaldes y gobernadores se reunieron con el presidente Luis Arce, con el objetivo de hablar de cr\u00e9ditos y optimizar la explotaci\u00f3n de recursos naturales en sus regiones para beneficio de los habitantes del lugar.<\/p>\n<p>D\u00e9ficit<br \/>\nEl aumento del aparato estatal provoca gastos de alrededor de 22 millones de d\u00f3lares diarios, como indic\u00f3 en su momento el doctor en econom\u00eda Antonio Saravia, y al igual que su colega, Gonzalo Ch\u00e1vez, es de la opini\u00f3n de reducir el Estado.<br \/>\nEl n\u00famero de funcionarios p\u00fablicos alcanz\u00f3 a 600.000 personas, casi la poblaci\u00f3n de Cochabamba, y con la puesta en marcha de m\u00e1s empresas estatales, el gasto corriente se incrementar\u00e1.<br \/>\nAdem\u00e1s, del total del presupuesto que se elabora para la presente gesti\u00f3n, el 80% de la ejecuci\u00f3n lo hace el Estado, y el resto lo realizan alcald\u00edas y gobernaciones, lo que reduce su impacto en la poblaci\u00f3n.<br \/>\nEl modelo aplicado por el Movimiento al Socialismo (MAS) se aplica en base a la generaci\u00f3n de recursos provenientes de la venta del gas a mercados externos, que hasta el 2014, se vio favorecido por los precios altos del petr\u00f3leo en el mercado internacional por la creciente producci\u00f3n, que lleg\u00f3 a 60 millones de metros c\u00fabicos d\u00eda (MMmcd).<br \/>\nCh\u00e1vez inform\u00f3 que de 6.000 millones de d\u00f3lares que generaba la venta del gas, se redujo a la fecha a un poco m\u00e1s de 2.000 millones de d\u00f3lares y a partir del 2023, Bolivia pas\u00f3 a convertirse en pa\u00eds importador de hidrocarburos.<br \/>\nEl consultor financiero Jaime Dunn, en entrevistas con medios televisivos y digitales, asegur\u00f3 que el pa\u00eds tiene salidas a la crisis que se va profundizando cada d\u00eda, cuya opini\u00f3n tambi\u00e9n es compartida por Ch\u00e1vez, pero este \u00faltimo se\u00f1ala que primero tiene que reconocer el Gobierno que hay problemas para luego dise\u00f1ar las estrategias de recuperaci\u00f3n.<br \/>\nAmbos coinciden, por separado, que se debe cambiar el modelo econ\u00f3mico, pero Dunn sostiene que se debe dejar de apoyarse s\u00f3lo en el consumo interno y gasto, o bien empezar a activar otras variables de crecimiento como la inversi\u00f3n privada, fomentar la exportaci\u00f3n y el ahorro, y brindar seguridad jur\u00eddica para que lleguen capitales frescos al pa\u00eds.<br \/>\nRecord\u00f3 el trabajo de Paraguay, que puso \u00e9nfasis en la variable de exportaci\u00f3n, de seguridad jur\u00eddica, reducci\u00f3n de la coacci\u00f3n del Estado, menos impuestos y mayores libertades dentro del marco de la ley para que pueda realizar sus actividades econ\u00f3micas.<br \/>\nAnalistas pol\u00edticos ingresaron en debate por el tema de la reelecci\u00f3n presidencial, tema que forma parte del problema. Pues ante la proximidad de las elecciones generales en Bolivia, la actual administraci\u00f3n del Estado, a la cabeza de Luis Arce, empez\u00f3 su carrera electoral, al dejar de lado la econom\u00eda y priorizar la pol\u00edtica.<br \/>\nAnte ese escenario, el empresario cruce\u00f1o Branko Marinkovic plante\u00f3 eliminar la reelecci\u00f3n y liberar el tema de los combustibles.<\/p>\n<p>Escasez de d\u00f3lares<br \/>\nLa subvenci\u00f3n que se aplica a combustibles y alimentos provoca una erogaci\u00f3n de recursos de m\u00e1s de 2.000 millones de d\u00f3lares, como en su momento lo dijo Dunn, pero quiz\u00e1 la cifra se increment\u00f3.<br \/>\nLos combustibles se llevan la mayor parte y como muestra un bot\u00f3n, para la presente gesti\u00f3n se design\u00f3 1.425 millones de d\u00f3lares.<br \/>\nSin embargo, la compra de hidrocarburos representa m\u00e1s de 3.000 millones de d\u00f3lares, superior a los ingresos y para 2024, la cifra alcanza a 3.500 millones.<br \/>\nPero la escasez de d\u00f3lares pone en aprietos al Gobierno con los proveedores, ya que la deuda va en ascenso y el Gobierno asegura que continuar\u00e1 con la subvenci\u00f3n a pesar de la opini\u00f3n de economistas y oposici\u00f3n, de diferenciar el beneficio.<br \/>\nEl pa\u00eds lleg\u00f3 a esta situaci\u00f3n por la ca\u00edda de las Reservas Internacionales del Banco Central de Bolivia (BCB), de 15.000 millones de d\u00f3lares en 2014 a 1.796 millones a abril de 2024.<br \/>\nEl gasto insulso del Gobierno en industrias y en empresas p\u00fablicas provoca d\u00e9ficit fiscal, situaci\u00f3n que ya se vive 11 a\u00f1os, y los hechos sucedidos el pasado 26 de junio, activ\u00f3 las alarmas en la econom\u00eda nacional.<br \/>\nLas expectativas de la poblaci\u00f3n y de las empresas son negativas, que se reflejan en el incremento de precios de productos y las decisiones que van asumiendo algunas empresas para sobrevivir, como el despido de empleados.<br \/>\nTambi\u00e9n se reflej\u00f3 en el aumento del tipo de cambio paralelo, que lleg\u00f3 a 9,30 bolivianos por d\u00f3lar, mientras el oficial no se deja encontrar.<br \/>\nEn las redes sociales, se\u00f1alan que la banca reduce personal debido a la menor demanda de cr\u00e9ditos; pero, otras empresas van despidiendo empleados por las bajas ventas que registra el mercado nacional.<br \/>\n\u201cAh\u00ed est\u00e1 la crisis que quieren tapar. Las empresas se van. La gente pierde su trabajo. Aumenta la pobreza\u201d, se\u00f1alan.<br \/>\nLa crisis ya est\u00e1 presente, pero la misma se va profundizando sino toman acciones o modifican el modelo econ\u00f3mico, cuyas caracter\u00edsticas no son las mismas de la d\u00e9cada de los 80, pero se agudiza por la inacci\u00f3n de las autoridades nacionales del sector econ\u00f3mico, indicaron varios economistas, por separado.<br \/>\nPor ello ya se pronunciaron los empresarios en pro del di\u00e1logo y recientemente, el presidente de la Federaci\u00f3n de Empresarios Privados de La Paz (Feplp), Rolando Kempff, en declaraciones a la prensa, aboga por un acuerdo nacional para sostener la econom\u00edas.<br \/>\nDetall\u00f3 que la inversi\u00f3n extranjera baja y los conflictos econ\u00f3micos y sociales disuaden a los inversionistas, esta situaci\u00f3n afecta los negocios nacionales e internacionales.<br \/>\nBolivia registra la Inversi\u00f3n Extranjera Directa (IED), en 2023 s\u00f3lo lleg\u00f3 294 millones de d\u00f3lares, a sectores como hidrocarburos y manufacturas.<\/p>\n<p>Dinero<br \/>\nMientras tanto, ante la falta de liquidez, el Gobierno empez\u00f3 a emitir dinero sin respaldo.<br \/>\n\u201cSe registra incremento (M1: 15,5% y M2: 10,5%) por encima del crecimiento de la econom\u00eda (3,1%). Aumento de masa monetaria sin respaldo en la producci\u00f3n o RIN produce devaluaci\u00f3n del Bs, lo que puede incrementar la inflaci\u00f3n\u201d, alerta Dunn.<br \/>\nAunque el ministro de Econom\u00eda y Finanzas P\u00fablicas, Marcelo Montenegro, rechaz\u00f3 tal afirmaci\u00f3n, en conferencia de prensa de la semana pasada y se\u00f1al\u00f3 que la misma est\u00e1 equilibrada.<\/p>\n","protected":false},"excerpt":{"rendered":"<p>Mientras los datos estad\u00edsticos sobre la desocupaci\u00f3n, la pobreza y la inflaci\u00f3n se mantienen en niveles bajos, la gente pierde su empleo, se reducen las empresas y las franquicias salen del pa\u00eds, por la sobre regulaci\u00f3n implementada. Las exportaciones se reducen, las compras tambi\u00e9n, debido a la escasa relativa del d\u00f3lar y por un aumento [&hellip;]<\/p>\n","protected":false},"author":1,"featured_media":194689,"comment_status":"open","ping_status":"open","sticky":false,"template":"","format":"standard","meta":{"_acf_changed":false,"footnotes":""},"categories":[7],"tags":[],"class_list":["post-230826","post","type-post","status-publish","format-standard","has-post-thumbnail","category-economia"],"acf":{"antetitulo":""},"yoast_head":"<!-- This site is optimized with the Yoast SEO plugin v28.3 - https:\/\/yoast.com\/product\/yoast-seo-wordpress\/ -->\n<title>Conflictos empujan a una crisis profunda - El Diario - Bolivia<\/title>\n<meta name=\"robots\" content=\"index, follow, max-snippet:-1, max-image-preview:large, max-video-preview:-1\" \/>\n<link rel=\"canonical\" href=\"https:\/\/www.eldiario.net\/portal\/2024\/06\/30\/conflictos-empujan-a-una-crisis-profunda\/\" \/>\n<meta property=\"og:locale\" content=\"es_ES\" \/>\n<meta property=\"og:type\" content=\"article\" \/>\n<meta property=\"og:title\" content=\"Conflictos empujan a una crisis profunda - El Diario - Bolivia\" \/>\n<meta property=\"og:description\" content=\"Mientras los datos estad\u00edsticos sobre la desocupaci\u00f3n, la pobreza y la inflaci\u00f3n se mantienen en niveles bajos, la gente pierde su empleo, se reducen las empresas y las franquicias salen del pa\u00eds, por la sobre regulaci\u00f3n implementada. Las exportaciones se reducen, las compras tambi\u00e9n, debido a la escasa relativa del d\u00f3lar y por un aumento [&hellip;]\" \/>\n<meta property=\"og:url\" content=\"https:\/\/www.eldiario.net\/portal\/2024\/06\/30\/conflictos-empujan-a-una-crisis-profunda\/\" \/>\n<meta property=\"og:site_name\" content=\"El Diario - Bolivia\" \/>\n<meta property=\"article:publisher\" content=\"https:\/\/www.facebook.com\/eldiario.bolivia\/\" \/>\n<meta property=\"article:published_time\" content=\"2024-06-30T11:46:43+00:00\" \/>\n<meta property=\"og:image\" content=\"https:\/\/www.eldiario.net\/portal\/wp-content\/uploads\/2023\/12\/Economia.jpg\" \/>\n\t<meta property=\"og:image:width\" content=\"800\" \/>\n\t<meta property=\"og:image:height\" content=\"500\" \/>\n\t<meta property=\"og:image:type\" content=\"image\/jpeg\" \/>\n<meta name=\"author\" content=\"Jeanette\" \/>\n<meta name=\"twitter:card\" content=\"summary_large_image\" \/>\n<meta name=\"twitter:creator\" content=\"@eldiario_net\" \/>\n<meta name=\"twitter:site\" content=\"@eldiario_net\" \/>\n<meta name=\"twitter:label1\" content=\"Escrito por\" \/>\n\t<meta name=\"twitter:data1\" content=\"Jeanette\" \/>\n\t<meta name=\"twitter:label2\" content=\"Tiempo de lectura\" \/>\n\t<meta name=\"twitter:data2\" content=\"6 minutos\" \/>\n<script type=\"application\/ld+json\" class=\"yoast-schema-graph\">{\"@context\":\"https:\\\/\\\/schema.org\",\"@graph\":[{\"@type\":\"Article\",\"@id\":\"https:\\\/\\\/www.eldiario.net\\\/portal\\\/2024\\\/06\\\/30\\\/conflictos-empujan-a-una-crisis-profunda\\\/#article\",\"isPartOf\":{\"@id\":\"https:\\\/\\\/www.eldiario.net\\\/portal\\\/2024\\\/06\\\/30\\\/conflictos-empujan-a-una-crisis-profunda\\\/\"},\"author\":{\"name\":\"Jeanette\",\"@id\":\"https:\\\/\\\/www.eldiario.net\\\/portal\\\/#\\\/schema\\\/person\\\/f46445640444750d7d753ccd04ae01b7\"},\"headline\":\"Conflictos empujan a una crisis profunda\",\"datePublished\":\"2024-06-30T11:46:43+00:00\",\"mainEntityOfPage\":{\"@id\":\"https:\\\/\\\/www.eldiario.net\\\/portal\\\/2024\\\/06\\\/30\\\/conflictos-empujan-a-una-crisis-profunda\\\/\"},\"wordCount\":1266,\"commentCount\":0,\"publisher\":{\"@id\":\"https:\\\/\\\/www.eldiario.net\\\/portal\\\/#organization\"},\"image\":{\"@id\":\"https:\\\/\\\/www.eldiario.net\\\/portal\\\/2024\\\/06\\\/30\\\/conflictos-empujan-a-una-crisis-profunda\\\/#primaryimage\"},\"thumbnailUrl\":\"https:\\\/\\\/www.eldiario.net\\\/portal\\\/wp-content\\\/uploads\\\/2023\\\/12\\\/Economia.jpg\",\"articleSection\":[\"Econom\u00eda\"],\"inLanguage\":\"es\",\"potentialAction\":[{\"@type\":\"CommentAction\",\"name\":\"Comment\",\"target\":[\"https:\\\/\\\/www.eldiario.net\\\/portal\\\/2024\\\/06\\\/30\\\/conflictos-empujan-a-una-crisis-profunda\\\/#respond\"]}]},{\"@type\":\"WebPage\",\"@id\":\"https:\\\/\\\/www.eldiario.net\\\/portal\\\/2024\\\/06\\\/30\\\/conflictos-empujan-a-una-crisis-profunda\\\/\",\"url\":\"https:\\\/\\\/www.eldiario.net\\\/portal\\\/2024\\\/06\\\/30\\\/conflictos-empujan-a-una-crisis-profunda\\\/\",\"name\":\"Conflictos empujan a una crisis profunda - El Diario - Bolivia\",\"isPartOf\":{\"@id\":\"https:\\\/\\\/www.eldiario.net\\\/portal\\\/#website\"},\"primaryImageOfPage\":{\"@id\":\"https:\\\/\\\/www.eldiario.net\\\/portal\\\/2024\\\/06\\\/30\\\/conflictos-empujan-a-una-crisis-profunda\\\/#primaryimage\"},\"image\":{\"@id\":\"https:\\\/\\\/www.eldiario.net\\\/portal\\\/2024\\\/06\\\/30\\\/conflictos-empujan-a-una-crisis-profunda\\\/#primaryimage\"},\"thumbnailUrl\":\"https:\\\/\\\/www.eldiario.net\\\/portal\\\/wp-content\\\/uploads\\\/2023\\\/12\\\/Economia.jpg\",\"datePublished\":\"2024-06-30T11:46:43+00:00\",\"breadcrumb\":{\"@id\":\"https:\\\/\\\/www.eldiario.net\\\/portal\\\/2024\\\/06\\\/30\\\/conflictos-empujan-a-una-crisis-profunda\\\/#breadcrumb\"},\"inLanguage\":\"es\",\"potentialAction\":[{\"@type\":\"ReadAction\",\"target\":[\"https:\\\/\\\/www.eldiario.net\\\/portal\\\/2024\\\/06\\\/30\\\/conflictos-empujan-a-una-crisis-profunda\\\/\"]}]},{\"@type\":\"ImageObject\",\"inLanguage\":\"es\",\"@id\":\"https:\\\/\\\/www.eldiario.net\\\/portal\\\/2024\\\/06\\\/30\\\/conflictos-empujan-a-una-crisis-profunda\\\/#primaryimage\",\"url\":\"https:\\\/\\\/www.eldiario.net\\\/portal\\\/wp-content\\\/uploads\\\/2023\\\/12\\\/Economia.jpg\",\"contentUrl\":\"https:\\\/\\\/www.eldiario.net\\\/portal\\\/wp-content\\\/uploads\\\/2023\\\/12\\\/Economia.jpg\",\"width\":800,\"height\":500},{\"@type\":\"BreadcrumbList\",\"@id\":\"https:\\\/\\\/www.eldiario.net\\\/portal\\\/2024\\\/06\\\/30\\\/conflictos-empujan-a-una-crisis-profunda\\\/#breadcrumb\",\"itemListElement\":[{\"@type\":\"ListItem\",\"position\":1,\"name\":\"Portada\",\"item\":\"https:\\\/\\\/www.eldiario.net\\\/portal\\\/\"},{\"@type\":\"ListItem\",\"position\":2,\"name\":\"Conflictos empujan a una crisis profunda\"}]},{\"@type\":\"WebSite\",\"@id\":\"https:\\\/\\\/www.eldiario.net\\\/portal\\\/#website\",\"url\":\"https:\\\/\\\/www.eldiario.net\\\/portal\\\/\",\"name\":\"El Diario - Decano de la prensa nacional\",\"description\":\"El Diario - Decano de la prensa nacional\",\"publisher\":{\"@id\":\"https:\\\/\\\/www.eldiario.net\\\/portal\\\/#organization\"},\"potentialAction\":[{\"@type\":\"SearchAction\",\"target\":{\"@type\":\"EntryPoint\",\"urlTemplate\":\"https:\\\/\\\/www.eldiario.net\\\/portal\\\/?s={search_term_string}\"},\"query-input\":{\"@type\":\"PropertyValueSpecification\",\"valueRequired\":true,\"valueName\":\"search_term_string\"}}],\"inLanguage\":\"es\"},{\"@type\":\"Organization\",\"@id\":\"https:\\\/\\\/www.eldiario.net\\\/portal\\\/#organization\",\"name\":\"El Diario - Decano de la prensa nacional\",\"url\":\"https:\\\/\\\/www.eldiario.net\\\/portal\\\/\",\"logo\":{\"@type\":\"ImageObject\",\"inLanguage\":\"es\",\"@id\":\"https:\\\/\\\/www.eldiario.net\\\/portal\\\/#\\\/schema\\\/logo\\\/image\\\/\",\"url\":\"https:\\\/\\\/www.eldiario.net\\\/portal\\\/wp-content\\\/uploads\\\/2023\\\/07\\\/logo_ED.jpg\",\"contentUrl\":\"https:\\\/\\\/www.eldiario.net\\\/portal\\\/wp-content\\\/uploads\\\/2023\\\/07\\\/logo_ED.jpg\",\"width\":272,\"height\":52,\"caption\":\"El Diario - Decano de la prensa nacional\"},\"image\":{\"@id\":\"https:\\\/\\\/www.eldiario.net\\\/portal\\\/#\\\/schema\\\/logo\\\/image\\\/\"},\"sameAs\":[\"https:\\\/\\\/www.facebook.com\\\/eldiario.bolivia\\\/\",\"https:\\\/\\\/x.com\\\/eldiario_net\"]},{\"@type\":\"Person\",\"@id\":\"https:\\\/\\\/www.eldiario.net\\\/portal\\\/#\\\/schema\\\/person\\\/f46445640444750d7d753ccd04ae01b7\",\"name\":\"Jeanette\",\"image\":{\"@type\":\"ImageObject\",\"inLanguage\":\"es\",\"@id\":\"https:\\\/\\\/secure.gravatar.com\\\/avatar\\\/3ea2118a5f7dad2b7138b1187a6b7ee55f160b9968b66013c3a3ef39dd7e5798?s=96&d=mm&r=g\",\"url\":\"https:\\\/\\\/secure.gravatar.com\\\/avatar\\\/3ea2118a5f7dad2b7138b1187a6b7ee55f160b9968b66013c3a3ef39dd7e5798?s=96&d=mm&r=g\",\"contentUrl\":\"https:\\\/\\\/secure.gravatar.com\\\/avatar\\\/3ea2118a5f7dad2b7138b1187a6b7ee55f160b9968b66013c3a3ef39dd7e5798?s=96&d=mm&r=g\",\"caption\":\"Jeanette\"},\"sameAs\":[\"https:\\\/\\\/www.eldiario.net\\\/portal\"],\"url\":\"https:\\\/\\\/www.eldiario.net\\\/portal\\\/author\\\/jeanette\\\/\"}]}<\/script>\n<!-- \/ Yoast SEO plugin. -->","yoast_head_json":{"title":"Conflictos empujan a una crisis profunda - El Diario - Bolivia","robots":{"index":"index","follow":"follow","max-snippet":"max-snippet:-1","max-image-preview":"max-image-preview:large","max-video-preview":"max-video-preview:-1"},"canonical":"https:\/\/www.eldiario.net\/portal\/2024\/06\/30\/conflictos-empujan-a-una-crisis-profunda\/","og_locale":"es_ES","og_type":"article","og_title":"Conflictos empujan a una crisis profunda - El Diario - Bolivia","og_description":"Mientras los datos estad\u00edsticos sobre la desocupaci\u00f3n, la pobreza y la inflaci\u00f3n se mantienen en niveles bajos, la gente pierde su empleo, se reducen las empresas y las franquicias salen del pa\u00eds, por la sobre regulaci\u00f3n implementada. Las exportaciones se reducen, las compras tambi\u00e9n, debido a la escasa relativa del d\u00f3lar y por un aumento [&hellip;]","og_url":"https:\/\/www.eldiario.net\/portal\/2024\/06\/30\/conflictos-empujan-a-una-crisis-profunda\/","og_site_name":"El Diario - Bolivia","article_publisher":"https:\/\/www.facebook.com\/eldiario.bolivia\/","article_published_time":"2024-06-30T11:46:43+00:00","og_image":[{"width":800,"height":500,"url":"https:\/\/www.eldiario.net\/portal\/wp-content\/uploads\/2023\/12\/Economia.jpg","type":"image\/jpeg"}],"author":"Jeanette","twitter_card":"summary_large_image","twitter_creator":"@eldiario_net","twitter_site":"@eldiario_net","twitter_misc":{"Escrito por":"Jeanette","Tiempo de lectura":"6 minutos"},"schema":{"@context":"https:\/\/schema.org","@graph":[{"@type":"Article","@id":"https:\/\/www.eldiario.net\/portal\/2024\/06\/30\/conflictos-empujan-a-una-crisis-profunda\/#article","isPartOf":{"@id":"https:\/\/www.eldiario.net\/portal\/2024\/06\/30\/conflictos-empujan-a-una-crisis-profunda\/"},"author":{"name":"Jeanette","@id":"https:\/\/www.eldiario.net\/portal\/#\/schema\/person\/f46445640444750d7d753ccd04ae01b7"},"headline":"Conflictos empujan a una crisis profunda","datePublished":"2024-06-30T11:46:43+00:00","mainEntityOfPage":{"@id":"https:\/\/www.eldiario.net\/portal\/2024\/06\/30\/conflictos-empujan-a-una-crisis-profunda\/"},"wordCount":1266,"commentCount":0,"publisher":{"@id":"https:\/\/www.eldiario.net\/portal\/#organization"},"image":{"@id":"https:\/\/www.eldiario.net\/portal\/2024\/06\/30\/conflictos-empujan-a-una-crisis-profunda\/#primaryimage"},"thumbnailUrl":"https:\/\/www.eldiario.net\/portal\/wp-content\/uploads\/2023\/12\/Economia.jpg","articleSection":["Econom\u00eda"],"inLanguage":"es","potentialAction":[{"@type":"CommentAction","name":"Comment","target":["https:\/\/www.eldiario.net\/portal\/2024\/06\/30\/conflictos-empujan-a-una-crisis-profunda\/#respond"]}]},{"@type":"WebPage","@id":"https:\/\/www.eldiario.net\/portal\/2024\/06\/30\/conflictos-empujan-a-una-crisis-profunda\/","url":"https:\/\/www.eldiario.net\/portal\/2024\/06\/30\/conflictos-empujan-a-una-crisis-profunda\/","name":"Conflictos empujan a una crisis profunda - El Diario - Bolivia","isPartOf":{"@id":"https:\/\/www.eldiario.net\/portal\/#website"},"primaryImageOfPage":{"@id":"https:\/\/www.eldiario.net\/portal\/2024\/06\/30\/conflictos-empujan-a-una-crisis-profunda\/#primaryimage"},"image":{"@id":"https:\/\/www.eldiario.net\/portal\/2024\/06\/30\/conflictos-empujan-a-una-crisis-profunda\/#primaryimage"},"thumbnailUrl":"https:\/\/www.eldiario.net\/portal\/wp-content\/uploads\/2023\/12\/Economia.jpg","datePublished":"2024-06-30T11:46:43+00:00","breadcrumb":{"@id":"https:\/\/www.eldiario.net\/portal\/2024\/06\/30\/conflictos-empujan-a-una-crisis-profunda\/#breadcrumb"},"inLanguage":"es","potentialAction":[{"@type":"ReadAction","target":["https:\/\/www.eldiario.net\/portal\/2024\/06\/30\/conflictos-empujan-a-una-crisis-profunda\/"]}]},{"@type":"ImageObject","inLanguage":"es","@id":"https:\/\/www.eldiario.net\/portal\/2024\/06\/30\/conflictos-empujan-a-una-crisis-profunda\/#primaryimage","url":"https:\/\/www.eldiario.net\/portal\/wp-content\/uploads\/2023\/12\/Economia.jpg","contentUrl":"https:\/\/www.eldiario.net\/portal\/wp-content\/uploads\/2023\/12\/Economia.jpg","width":800,"height":500},{"@type":"BreadcrumbList","@id":"https:\/\/www.eldiario.net\/portal\/2024\/06\/30\/conflictos-empujan-a-una-crisis-profunda\/#breadcrumb","itemListElement":[{"@type":"ListItem","position":1,"name":"Portada","item":"https:\/\/www.eldiario.net\/portal\/"},{"@type":"ListItem","position":2,"name":"Conflictos empujan a una crisis profunda"}]},{"@type":"WebSite","@id":"https:\/\/www.eldiario.net\/portal\/#website","url":"https:\/\/www.eldiario.net\/portal\/","name":"El Diario - Decano de la prensa nacional","description":"El Diario - Decano de la prensa nacional","publisher":{"@id":"https:\/\/www.eldiario.net\/portal\/#organization"},"potentialAction":[{"@type":"SearchAction","target":{"@type":"EntryPoint","urlTemplate":"https:\/\/www.eldiario.net\/portal\/?s={search_term_string}"},"query-input":{"@type":"PropertyValueSpecification","valueRequired":true,"valueName":"search_term_string"}}],"inLanguage":"es"},{"@type":"Organization","@id":"https:\/\/www.eldiario.net\/portal\/#organization","name":"El Diario - Decano de la prensa nacional","url":"https:\/\/www.eldiario.net\/portal\/","logo":{"@type":"ImageObject","inLanguage":"es","@id":"https:\/\/www.eldiario.net\/portal\/#\/schema\/logo\/image\/","url":"https:\/\/www.eldiario.net\/portal\/wp-content\/uploads\/2023\/07\/logo_ED.jpg","contentUrl":"https:\/\/www.eldiario.net\/portal\/wp-content\/uploads\/2023\/07\/logo_ED.jpg","width":272,"height":52,"caption":"El Diario - Decano de la prensa nacional"},"image":{"@id":"https:\/\/www.eldiario.net\/portal\/#\/schema\/logo\/image\/"},"sameAs":["https:\/\/www.facebook.com\/eldiario.bolivia\/","https:\/\/x.com\/eldiario_net"]},{"@type":"Person","@id":"https:\/\/www.eldiario.net\/portal\/#\/schema\/person\/f46445640444750d7d753ccd04ae01b7","name":"Jeanette","image":{"@type":"ImageObject","inLanguage":"es","@id":"https:\/\/secure.gravatar.com\/avatar\/3ea2118a5f7dad2b7138b1187a6b7ee55f160b9968b66013c3a3ef39dd7e5798?s=96&d=mm&r=g","url":"https:\/\/secure.gravatar.com\/avatar\/3ea2118a5f7dad2b7138b1187a6b7ee55f160b9968b66013c3a3ef39dd7e5798?s=96&d=mm&r=g","contentUrl":"https:\/\/secure.gravatar.com\/avatar\/3ea2118a5f7dad2b7138b1187a6b7ee55f160b9968b66013c3a3ef39dd7e5798?s=96&d=mm&r=g","caption":"Jeanette"},"sameAs":["https:\/\/www.eldiario.net\/portal"],"url":"https:\/\/www.eldiario.net\/portal\/author\/jeanette\/"}]}},"_links":{"self":[{"href":"https:\/\/www.eldiario.net\/portal\/wp-json\/wp\/v2\/posts\/230826","targetHints":{"allow":["GET"]}}],"collection":[{"href":"https:\/\/www.eldiario.net\/portal\/wp-json\/wp\/v2\/posts"}],"about":[{"href":"https:\/\/www.eldiario.net\/portal\/wp-json\/wp\/v2\/types\/post"}],"author":[{"embeddable":true,"href":"https:\/\/www.eldiario.net\/portal\/wp-json\/wp\/v2\/users\/1"}],"replies":[{"embeddable":true,"href":"https:\/\/www.eldiario.net\/portal\/wp-json\/wp\/v2\/comments?post=230826"}],"version-history":[{"count":1,"href":"https:\/\/www.eldiario.net\/portal\/wp-json\/wp\/v2\/posts\/230826\/revisions"}],"predecessor-version":[{"id":230827,"href":"https:\/\/www.eldiario.net\/portal\/wp-json\/wp\/v2\/posts\/230826\/revisions\/230827"}],"wp:featuredmedia":[{"embeddable":true,"href":"https:\/\/www.eldiario.net\/portal\/wp-json\/wp\/v2\/media\/194689"}],"wp:attachment":[{"href":"https:\/\/www.eldiario.net\/portal\/wp-json\/wp\/v2\/media?parent=230826"}],"wp:term":[{"taxonomy":"category","embeddable":true,"href":"https:\/\/www.eldiario.net\/portal\/wp-json\/wp\/v2\/categories?post=230826"},{"taxonomy":"post_tag","embeddable":true,"href":"https:\/\/www.eldiario.net\/portal\/wp-json\/wp\/v2\/tags?post=230826"}],"curies":[{"name":"wp","href":"https:\/\/api.w.org\/{rel}","templated":true}]}}