{"id":230824,"date":"2024-06-30T07:45:34","date_gmt":"2024-06-30T11:45:34","guid":{"rendered":"https:\/\/www.eldiario.net\/portal\/?p=230824"},"modified":"2024-06-30T07:45:34","modified_gmt":"2024-06-30T11:45:34","slug":"camara-forestal-preservando-bosques","status":"publish","type":"post","link":"https:\/\/www.eldiario.net\/portal\/2024\/06\/30\/camara-forestal-preservando-bosques\/","title":{"rendered":"C\u00e1mara Forestal,  preservando bosques"},"content":{"rendered":"<p>La C\u00e1mara Forestal de Bolivia fue creada el 2 de mayo de 1969 con el nombre de C\u00e1mara Nacional Forestal. Es el \u00f3rgano matriz de las empresas forestales de Bolivia y su sede se encuentra ubicada en la ciudad de Santa Cruz de la Sierra.<br \/>\nLa C\u00e1mara Forestal se dedica a la preservaci\u00f3n y conservaci\u00f3n de los bosques en el pa\u00eds. Esta organizaci\u00f3n trabaja en colaboraci\u00f3n con el gobierno, comunidades locales, empresas privadas y organizaciones internacionales para promover pr\u00e1cticas sostenibles de manejo forestal.<br \/>\nEntre los objetivos estrat\u00e9gicos de esta organizaci\u00f3n empresarial podemos citar la b\u00fasqueda de estabilidad y seguridad jur\u00eddica, as\u00ed como crear las condiciones para un desarrollo sectorial a gran escala; promover condiciones adecuadas para el desarrollo sustentable de la industria forestal y buscar la apertura de mercados.<br \/>\nLa C\u00e1mara Forestal de Bolivia desempe\u00f1a un papel importante en la preservaci\u00f3n de los bosques del pa\u00eds a trav\u00e9s de la implementaci\u00f3n de pol\u00edticas, la promoci\u00f3n de pr\u00e1cticas sostenibles y la educaci\u00f3n sobre el comercio responsable de productos forestales. Su trabajo contribuye a garantizar la conservaci\u00f3n de los recursos naturales y la biodiversidad de Bolivia para las generaciones futuras.<br \/>\nLos bonos verdes son instrumentos financieros que son emitidos para financiar proyectos con un enfoque ambientalmente sostenible. Estos bonos son utilizados a fin de recaudar fondos para proyectos que tienen un impacto positivo en el medio ambiente, como el desarrollo de energ\u00edas renovables, la eficiencia energ\u00e9tica, la gesti\u00f3n forestal sostenible, el tratamiento de aguas residuales, entre otros.<br \/>\nEn el caso de Bolivia, una opci\u00f3n interesante para emitir bonos verdes ser\u00eda a trav\u00e9s del ox\u00edgeno. Bolivia es conocida por su gran diversidad de ecosistemas, como los bosques tropicales y los p\u00e1ramos andinos, que son cruciales para la producci\u00f3n de ox\u00edgeno y la captura de carbono.<br \/>\nEstos bonos podr\u00edan ser adquiridos por inversionistas nacionales e internacionales interesados en compensar sus emisiones de carbono o en contribuir a la conservaci\u00f3n del medio ambiente en Bolivia.<br \/>\n\u201cComo sector (forestal), hemos demostrado que la mejor manera de proteger un bosque es a trav\u00e9s de la industria de la madera, sin importar si el actor es privado o comunitario. El manejo sustentable es el mejor aliado de la conservaci\u00f3n de los bosques y los suelos, incluso para el uso agropecuario\u201d.<br \/>\nEstas palabras fueron pronunciadas por Pedro Colanzi Serrate, en su posesi\u00f3n como presidente de la C\u00e1mara Forestal de Bolivia (CFB) para las gestiones 2024-2026, al asumir su cuarto mandato al mando del gremio de los productores forestales bolivianos. Estar\u00e1 acompa\u00f1ado por Diego Justiniano, como primer Vicepresidente; Fernando Velarde, como segundo Vicepresidente y Jos\u00e9 Eduardo Paz, como Tesorero.<br \/>\nEntre los retos del actual directorio de esta C\u00e1mara, como lo reconoci\u00f3 Colanzi, est\u00e1 convencer a las autoridades gubernamentales para considerar la actividad forestal como una verdadera alternativa de progreso nacional, que puede generar &#8211;de manera sustentable&#8211; m\u00e1s divisas que el sector hidrocarbur\u00edfero, ya que se considera que este sector podr\u00eda generar m\u00e1s de 400.000 empleos y alrededor de 35.000 unidades productivas.<br \/>\nLos bosques representan aproximadamente el 31% de la superficie total de nuestro planeta. De \u00e9stos el 36% es lo que se llama bosque primario. En la \u00faltima d\u00e9cada, cerca de 13 millones de hect\u00e1reas de bosque se convirtieron a otros usos o se perdieron por causas naturales. La plantaci\u00f3n de \u00e1rboles a gran escala se est\u00e1 reduciendo notablemente, lo que ocasiona la p\u00e9rdida neta del \u00e1rea de bosques a nivel mundial. Los cinco pa\u00edses con mayor riqueza forestal, en orden de importancia, son: Federaci\u00f3n de Rusia, Brasil, Canad\u00e1, Estados Unidos y China, que representan m\u00e1s de la mitad del total de la Tierra.<br \/>\nNo debemos olvidar que los bosques contienen m\u00e1s carbono que toda la atm\u00f3sfera en su conjunto; la superficie de bosques plantados representa el 7% del \u00e1rea total de bosque en el mundo; y el 80% de los bosques del mundo son de propiedad p\u00fablica.<br \/>\nEn nuestro pa\u00eds, los bosques ocupan el octavo lugar en el mundo por su extensi\u00f3n y poseen m\u00e1s de 1.700 especies arb\u00f3reas, las m\u00e1s variadas del mundo. Cerca del 70% de la producci\u00f3n de madera es caoba y un 8% roble. En el pa\u00eds son explotadas, adem\u00e1s, alrededor de 175 variedades de maderas finas y ex\u00f3ticas, entre las que se destacan el bibosi, el nogal, el quebracho y el tajibo. Lo preocupante en Bolivia, es que son deforestadas m\u00e1s de 100.000 hect\u00e1reas por a\u00f1o.<br \/>\nUn informe de la C\u00e1mara Forestal de Bolivia dice que en el primer trimestre de 2024 la exportaci\u00f3n maderera tuvo un valor comercial de $us 22,7 millones, un 8% m\u00e1s de lo exportado en este mismo periodo en 2023. China, Estados Unidos y Uruguay son los tres principales destinos de la madera boliviana en el primer semestre del 2024.<br \/>\nLa coyuntura ambiental mundial nos sugiere preservar todos los recursos naturales que poseemos. Por ese motivo, debemos proteger los bosques en nuestro pa\u00eds, considerando la gran biodiversidad que poseemos.<\/p>\n<p>El autor es economista, Presidente de la Federaci\u00f3n de Empresarios Privados de La Paz (FEPLP).<\/p>\n","protected":false},"excerpt":{"rendered":"<p>La C\u00e1mara Forestal de Bolivia fue creada el 2 de mayo de 1969 con el nombre de C\u00e1mara Nacional Forestal. Es el \u00f3rgano matriz de las empresas forestales de Bolivia y su sede se encuentra ubicada en la ciudad de Santa Cruz de la Sierra. La C\u00e1mara Forestal se dedica a la preservaci\u00f3n y conservaci\u00f3n [&hellip;]<\/p>\n","protected":false},"author":1,"featured_media":158113,"comment_status":"open","ping_status":"open","sticky":false,"template":"","format":"standard","meta":{"_acf_changed":false,"footnotes":""},"categories":[9],"tags":[],"class_list":["post-230824","post","type-post","status-publish","format-standard","has-post-thumbnail","category-opinion"],"acf":{"antetitulo":""},"yoast_head":"<!-- This site is optimized with the Yoast SEO plugin v28.3 - https:\/\/yoast.com\/product\/yoast-seo-wordpress\/ -->\n<title>C\u00e1mara Forestal, preservando bosques - El Diario - Bolivia<\/title>\n<meta name=\"robots\" content=\"index, follow, max-snippet:-1, max-image-preview:large, max-video-preview:-1\" \/>\n<link rel=\"canonical\" href=\"https:\/\/www.eldiario.net\/portal\/2024\/06\/30\/camara-forestal-preservando-bosques\/\" \/>\n<meta property=\"og:locale\" content=\"es_ES\" \/>\n<meta property=\"og:type\" content=\"article\" \/>\n<meta property=\"og:title\" content=\"C\u00e1mara Forestal, preservando bosques - El Diario - Bolivia\" \/>\n<meta property=\"og:description\" content=\"La C\u00e1mara Forestal de Bolivia fue creada el 2 de mayo de 1969 con el nombre de C\u00e1mara Nacional Forestal. Es el \u00f3rgano matriz de las empresas forestales de Bolivia y su sede se encuentra ubicada en la ciudad de Santa Cruz de la Sierra. La C\u00e1mara Forestal se dedica a la preservaci\u00f3n y conservaci\u00f3n [&hellip;]\" \/>\n<meta property=\"og:url\" content=\"https:\/\/www.eldiario.net\/portal\/2024\/06\/30\/camara-forestal-preservando-bosques\/\" \/>\n<meta property=\"og:site_name\" content=\"El Diario - Bolivia\" \/>\n<meta property=\"article:publisher\" content=\"https:\/\/www.facebook.com\/eldiario.bolivia\/\" \/>\n<meta property=\"article:published_time\" content=\"2024-06-30T11:45:34+00:00\" \/>\n<meta property=\"og:image\" content=\"https:\/\/www.eldiario.net\/portal\/wp-content\/uploads\/2023\/06\/Rolando-Kempff-Bacigalupo2.jpg\" \/>\n\t<meta property=\"og:image:width\" content=\"1200\" \/>\n\t<meta property=\"og:image:height\" content=\"628\" \/>\n\t<meta property=\"og:image:type\" content=\"image\/jpeg\" \/>\n<meta name=\"author\" content=\"Jeanette\" \/>\n<meta name=\"twitter:card\" content=\"summary_large_image\" \/>\n<meta name=\"twitter:creator\" content=\"@eldiario_net\" \/>\n<meta name=\"twitter:site\" content=\"@eldiario_net\" \/>\n<meta name=\"twitter:label1\" content=\"Escrito por\" \/>\n\t<meta name=\"twitter:data1\" content=\"Jeanette\" \/>\n\t<meta name=\"twitter:label2\" content=\"Tiempo de lectura\" \/>\n\t<meta name=\"twitter:data2\" content=\"4 minutos\" \/>\n<script type=\"application\/ld+json\" class=\"yoast-schema-graph\">{\"@context\":\"https:\\\/\\\/schema.org\",\"@graph\":[{\"@type\":\"Article\",\"@id\":\"https:\\\/\\\/www.eldiario.net\\\/portal\\\/2024\\\/06\\\/30\\\/camara-forestal-preservando-bosques\\\/#article\",\"isPartOf\":{\"@id\":\"https:\\\/\\\/www.eldiario.net\\\/portal\\\/2024\\\/06\\\/30\\\/camara-forestal-preservando-bosques\\\/\"},\"author\":{\"name\":\"Jeanette\",\"@id\":\"https:\\\/\\\/www.eldiario.net\\\/portal\\\/#\\\/schema\\\/person\\\/f46445640444750d7d753ccd04ae01b7\"},\"headline\":\"C\u00e1mara Forestal, preservando bosques\",\"datePublished\":\"2024-06-30T11:45:34+00:00\",\"mainEntityOfPage\":{\"@id\":\"https:\\\/\\\/www.eldiario.net\\\/portal\\\/2024\\\/06\\\/30\\\/camara-forestal-preservando-bosques\\\/\"},\"wordCount\":884,\"commentCount\":0,\"publisher\":{\"@id\":\"https:\\\/\\\/www.eldiario.net\\\/portal\\\/#organization\"},\"image\":{\"@id\":\"https:\\\/\\\/www.eldiario.net\\\/portal\\\/2024\\\/06\\\/30\\\/camara-forestal-preservando-bosques\\\/#primaryimage\"},\"thumbnailUrl\":\"https:\\\/\\\/www.eldiario.net\\\/portal\\\/wp-content\\\/uploads\\\/2023\\\/06\\\/Rolando-Kempff-Bacigalupo2.jpg\",\"articleSection\":[\"Opini\u00f3n\"],\"inLanguage\":\"es\",\"potentialAction\":[{\"@type\":\"CommentAction\",\"name\":\"Comment\",\"target\":[\"https:\\\/\\\/www.eldiario.net\\\/portal\\\/2024\\\/06\\\/30\\\/camara-forestal-preservando-bosques\\\/#respond\"]}]},{\"@type\":\"WebPage\",\"@id\":\"https:\\\/\\\/www.eldiario.net\\\/portal\\\/2024\\\/06\\\/30\\\/camara-forestal-preservando-bosques\\\/\",\"url\":\"https:\\\/\\\/www.eldiario.net\\\/portal\\\/2024\\\/06\\\/30\\\/camara-forestal-preservando-bosques\\\/\",\"name\":\"C\u00e1mara Forestal, preservando bosques - El Diario - Bolivia\",\"isPartOf\":{\"@id\":\"https:\\\/\\\/www.eldiario.net\\\/portal\\\/#website\"},\"primaryImageOfPage\":{\"@id\":\"https:\\\/\\\/www.eldiario.net\\\/portal\\\/2024\\\/06\\\/30\\\/camara-forestal-preservando-bosques\\\/#primaryimage\"},\"image\":{\"@id\":\"https:\\\/\\\/www.eldiario.net\\\/portal\\\/2024\\\/06\\\/30\\\/camara-forestal-preservando-bosques\\\/#primaryimage\"},\"thumbnailUrl\":\"https:\\\/\\\/www.eldiario.net\\\/portal\\\/wp-content\\\/uploads\\\/2023\\\/06\\\/Rolando-Kempff-Bacigalupo2.jpg\",\"datePublished\":\"2024-06-30T11:45:34+00:00\",\"breadcrumb\":{\"@id\":\"https:\\\/\\\/www.eldiario.net\\\/portal\\\/2024\\\/06\\\/30\\\/camara-forestal-preservando-bosques\\\/#breadcrumb\"},\"inLanguage\":\"es\",\"potentialAction\":[{\"@type\":\"ReadAction\",\"target\":[\"https:\\\/\\\/www.eldiario.net\\\/portal\\\/2024\\\/06\\\/30\\\/camara-forestal-preservando-bosques\\\/\"]}]},{\"@type\":\"ImageObject\",\"inLanguage\":\"es\",\"@id\":\"https:\\\/\\\/www.eldiario.net\\\/portal\\\/2024\\\/06\\\/30\\\/camara-forestal-preservando-bosques\\\/#primaryimage\",\"url\":\"https:\\\/\\\/www.eldiario.net\\\/portal\\\/wp-content\\\/uploads\\\/2023\\\/06\\\/Rolando-Kempff-Bacigalupo2.jpg\",\"contentUrl\":\"https:\\\/\\\/www.eldiario.net\\\/portal\\\/wp-content\\\/uploads\\\/2023\\\/06\\\/Rolando-Kempff-Bacigalupo2.jpg\",\"width\":1200,\"height\":628},{\"@type\":\"BreadcrumbList\",\"@id\":\"https:\\\/\\\/www.eldiario.net\\\/portal\\\/2024\\\/06\\\/30\\\/camara-forestal-preservando-bosques\\\/#breadcrumb\",\"itemListElement\":[{\"@type\":\"ListItem\",\"position\":1,\"name\":\"Portada\",\"item\":\"https:\\\/\\\/www.eldiario.net\\\/portal\\\/\"},{\"@type\":\"ListItem\",\"position\":2,\"name\":\"C\u00e1mara Forestal, preservando bosques\"}]},{\"@type\":\"WebSite\",\"@id\":\"https:\\\/\\\/www.eldiario.net\\\/portal\\\/#website\",\"url\":\"https:\\\/\\\/www.eldiario.net\\\/portal\\\/\",\"name\":\"El Diario - Decano de la prensa nacional\",\"description\":\"El Diario - Decano de la prensa nacional\",\"publisher\":{\"@id\":\"https:\\\/\\\/www.eldiario.net\\\/portal\\\/#organization\"},\"potentialAction\":[{\"@type\":\"SearchAction\",\"target\":{\"@type\":\"EntryPoint\",\"urlTemplate\":\"https:\\\/\\\/www.eldiario.net\\\/portal\\\/?s={search_term_string}\"},\"query-input\":{\"@type\":\"PropertyValueSpecification\",\"valueRequired\":true,\"valueName\":\"search_term_string\"}}],\"inLanguage\":\"es\"},{\"@type\":\"Organization\",\"@id\":\"https:\\\/\\\/www.eldiario.net\\\/portal\\\/#organization\",\"name\":\"El Diario - Decano de la prensa nacional\",\"url\":\"https:\\\/\\\/www.eldiario.net\\\/portal\\\/\",\"logo\":{\"@type\":\"ImageObject\",\"inLanguage\":\"es\",\"@id\":\"https:\\\/\\\/www.eldiario.net\\\/portal\\\/#\\\/schema\\\/logo\\\/image\\\/\",\"url\":\"https:\\\/\\\/www.eldiario.net\\\/portal\\\/wp-content\\\/uploads\\\/2023\\\/07\\\/logo_ED.jpg\",\"contentUrl\":\"https:\\\/\\\/www.eldiario.net\\\/portal\\\/wp-content\\\/uploads\\\/2023\\\/07\\\/logo_ED.jpg\",\"width\":272,\"height\":52,\"caption\":\"El Diario - Decano de la prensa nacional\"},\"image\":{\"@id\":\"https:\\\/\\\/www.eldiario.net\\\/portal\\\/#\\\/schema\\\/logo\\\/image\\\/\"},\"sameAs\":[\"https:\\\/\\\/www.facebook.com\\\/eldiario.bolivia\\\/\",\"https:\\\/\\\/x.com\\\/eldiario_net\"]},{\"@type\":\"Person\",\"@id\":\"https:\\\/\\\/www.eldiario.net\\\/portal\\\/#\\\/schema\\\/person\\\/f46445640444750d7d753ccd04ae01b7\",\"name\":\"Jeanette\",\"image\":{\"@type\":\"ImageObject\",\"inLanguage\":\"es\",\"@id\":\"https:\\\/\\\/secure.gravatar.com\\\/avatar\\\/3ea2118a5f7dad2b7138b1187a6b7ee55f160b9968b66013c3a3ef39dd7e5798?s=96&d=mm&r=g\",\"url\":\"https:\\\/\\\/secure.gravatar.com\\\/avatar\\\/3ea2118a5f7dad2b7138b1187a6b7ee55f160b9968b66013c3a3ef39dd7e5798?s=96&d=mm&r=g\",\"contentUrl\":\"https:\\\/\\\/secure.gravatar.com\\\/avatar\\\/3ea2118a5f7dad2b7138b1187a6b7ee55f160b9968b66013c3a3ef39dd7e5798?s=96&d=mm&r=g\",\"caption\":\"Jeanette\"},\"sameAs\":[\"https:\\\/\\\/www.eldiario.net\\\/portal\"],\"url\":\"https:\\\/\\\/www.eldiario.net\\\/portal\\\/author\\\/jeanette\\\/\"}]}<\/script>\n<!-- \/ Yoast SEO plugin. -->","yoast_head_json":{"title":"C\u00e1mara Forestal, preservando bosques - El Diario - Bolivia","robots":{"index":"index","follow":"follow","max-snippet":"max-snippet:-1","max-image-preview":"max-image-preview:large","max-video-preview":"max-video-preview:-1"},"canonical":"https:\/\/www.eldiario.net\/portal\/2024\/06\/30\/camara-forestal-preservando-bosques\/","og_locale":"es_ES","og_type":"article","og_title":"C\u00e1mara Forestal, preservando bosques - El Diario - Bolivia","og_description":"La C\u00e1mara Forestal de Bolivia fue creada el 2 de mayo de 1969 con el nombre de C\u00e1mara Nacional Forestal. Es el \u00f3rgano matriz de las empresas forestales de Bolivia y su sede se encuentra ubicada en la ciudad de Santa Cruz de la Sierra. La C\u00e1mara Forestal se dedica a la preservaci\u00f3n y conservaci\u00f3n [&hellip;]","og_url":"https:\/\/www.eldiario.net\/portal\/2024\/06\/30\/camara-forestal-preservando-bosques\/","og_site_name":"El Diario - Bolivia","article_publisher":"https:\/\/www.facebook.com\/eldiario.bolivia\/","article_published_time":"2024-06-30T11:45:34+00:00","og_image":[{"width":1200,"height":628,"url":"https:\/\/www.eldiario.net\/portal\/wp-content\/uploads\/2023\/06\/Rolando-Kempff-Bacigalupo2.jpg","type":"image\/jpeg"}],"author":"Jeanette","twitter_card":"summary_large_image","twitter_creator":"@eldiario_net","twitter_site":"@eldiario_net","twitter_misc":{"Escrito por":"Jeanette","Tiempo de lectura":"4 minutos"},"schema":{"@context":"https:\/\/schema.org","@graph":[{"@type":"Article","@id":"https:\/\/www.eldiario.net\/portal\/2024\/06\/30\/camara-forestal-preservando-bosques\/#article","isPartOf":{"@id":"https:\/\/www.eldiario.net\/portal\/2024\/06\/30\/camara-forestal-preservando-bosques\/"},"author":{"name":"Jeanette","@id":"https:\/\/www.eldiario.net\/portal\/#\/schema\/person\/f46445640444750d7d753ccd04ae01b7"},"headline":"C\u00e1mara Forestal, preservando bosques","datePublished":"2024-06-30T11:45:34+00:00","mainEntityOfPage":{"@id":"https:\/\/www.eldiario.net\/portal\/2024\/06\/30\/camara-forestal-preservando-bosques\/"},"wordCount":884,"commentCount":0,"publisher":{"@id":"https:\/\/www.eldiario.net\/portal\/#organization"},"image":{"@id":"https:\/\/www.eldiario.net\/portal\/2024\/06\/30\/camara-forestal-preservando-bosques\/#primaryimage"},"thumbnailUrl":"https:\/\/www.eldiario.net\/portal\/wp-content\/uploads\/2023\/06\/Rolando-Kempff-Bacigalupo2.jpg","articleSection":["Opini\u00f3n"],"inLanguage":"es","potentialAction":[{"@type":"CommentAction","name":"Comment","target":["https:\/\/www.eldiario.net\/portal\/2024\/06\/30\/camara-forestal-preservando-bosques\/#respond"]}]},{"@type":"WebPage","@id":"https:\/\/www.eldiario.net\/portal\/2024\/06\/30\/camara-forestal-preservando-bosques\/","url":"https:\/\/www.eldiario.net\/portal\/2024\/06\/30\/camara-forestal-preservando-bosques\/","name":"C\u00e1mara Forestal, preservando bosques - El Diario - Bolivia","isPartOf":{"@id":"https:\/\/www.eldiario.net\/portal\/#website"},"primaryImageOfPage":{"@id":"https:\/\/www.eldiario.net\/portal\/2024\/06\/30\/camara-forestal-preservando-bosques\/#primaryimage"},"image":{"@id":"https:\/\/www.eldiario.net\/portal\/2024\/06\/30\/camara-forestal-preservando-bosques\/#primaryimage"},"thumbnailUrl":"https:\/\/www.eldiario.net\/portal\/wp-content\/uploads\/2023\/06\/Rolando-Kempff-Bacigalupo2.jpg","datePublished":"2024-06-30T11:45:34+00:00","breadcrumb":{"@id":"https:\/\/www.eldiario.net\/portal\/2024\/06\/30\/camara-forestal-preservando-bosques\/#breadcrumb"},"inLanguage":"es","potentialAction":[{"@type":"ReadAction","target":["https:\/\/www.eldiario.net\/portal\/2024\/06\/30\/camara-forestal-preservando-bosques\/"]}]},{"@type":"ImageObject","inLanguage":"es","@id":"https:\/\/www.eldiario.net\/portal\/2024\/06\/30\/camara-forestal-preservando-bosques\/#primaryimage","url":"https:\/\/www.eldiario.net\/portal\/wp-content\/uploads\/2023\/06\/Rolando-Kempff-Bacigalupo2.jpg","contentUrl":"https:\/\/www.eldiario.net\/portal\/wp-content\/uploads\/2023\/06\/Rolando-Kempff-Bacigalupo2.jpg","width":1200,"height":628},{"@type":"BreadcrumbList","@id":"https:\/\/www.eldiario.net\/portal\/2024\/06\/30\/camara-forestal-preservando-bosques\/#breadcrumb","itemListElement":[{"@type":"ListItem","position":1,"name":"Portada","item":"https:\/\/www.eldiario.net\/portal\/"},{"@type":"ListItem","position":2,"name":"C\u00e1mara Forestal, preservando bosques"}]},{"@type":"WebSite","@id":"https:\/\/www.eldiario.net\/portal\/#website","url":"https:\/\/www.eldiario.net\/portal\/","name":"El Diario - Decano de la prensa nacional","description":"El Diario - Decano de la prensa nacional","publisher":{"@id":"https:\/\/www.eldiario.net\/portal\/#organization"},"potentialAction":[{"@type":"SearchAction","target":{"@type":"EntryPoint","urlTemplate":"https:\/\/www.eldiario.net\/portal\/?s={search_term_string}"},"query-input":{"@type":"PropertyValueSpecification","valueRequired":true,"valueName":"search_term_string"}}],"inLanguage":"es"},{"@type":"Organization","@id":"https:\/\/www.eldiario.net\/portal\/#organization","name":"El Diario - Decano de la prensa nacional","url":"https:\/\/www.eldiario.net\/portal\/","logo":{"@type":"ImageObject","inLanguage":"es","@id":"https:\/\/www.eldiario.net\/portal\/#\/schema\/logo\/image\/","url":"https:\/\/www.eldiario.net\/portal\/wp-content\/uploads\/2023\/07\/logo_ED.jpg","contentUrl":"https:\/\/www.eldiario.net\/portal\/wp-content\/uploads\/2023\/07\/logo_ED.jpg","width":272,"height":52,"caption":"El Diario - Decano de la prensa nacional"},"image":{"@id":"https:\/\/www.eldiario.net\/portal\/#\/schema\/logo\/image\/"},"sameAs":["https:\/\/www.facebook.com\/eldiario.bolivia\/","https:\/\/x.com\/eldiario_net"]},{"@type":"Person","@id":"https:\/\/www.eldiario.net\/portal\/#\/schema\/person\/f46445640444750d7d753ccd04ae01b7","name":"Jeanette","image":{"@type":"ImageObject","inLanguage":"es","@id":"https:\/\/secure.gravatar.com\/avatar\/3ea2118a5f7dad2b7138b1187a6b7ee55f160b9968b66013c3a3ef39dd7e5798?s=96&d=mm&r=g","url":"https:\/\/secure.gravatar.com\/avatar\/3ea2118a5f7dad2b7138b1187a6b7ee55f160b9968b66013c3a3ef39dd7e5798?s=96&d=mm&r=g","contentUrl":"https:\/\/secure.gravatar.com\/avatar\/3ea2118a5f7dad2b7138b1187a6b7ee55f160b9968b66013c3a3ef39dd7e5798?s=96&d=mm&r=g","caption":"Jeanette"},"sameAs":["https:\/\/www.eldiario.net\/portal"],"url":"https:\/\/www.eldiario.net\/portal\/author\/jeanette\/"}]}},"_links":{"self":[{"href":"https:\/\/www.eldiario.net\/portal\/wp-json\/wp\/v2\/posts\/230824","targetHints":{"allow":["GET"]}}],"collection":[{"href":"https:\/\/www.eldiario.net\/portal\/wp-json\/wp\/v2\/posts"}],"about":[{"href":"https:\/\/www.eldiario.net\/portal\/wp-json\/wp\/v2\/types\/post"}],"author":[{"embeddable":true,"href":"https:\/\/www.eldiario.net\/portal\/wp-json\/wp\/v2\/users\/1"}],"replies":[{"embeddable":true,"href":"https:\/\/www.eldiario.net\/portal\/wp-json\/wp\/v2\/comments?post=230824"}],"version-history":[{"count":1,"href":"https:\/\/www.eldiario.net\/portal\/wp-json\/wp\/v2\/posts\/230824\/revisions"}],"predecessor-version":[{"id":230825,"href":"https:\/\/www.eldiario.net\/portal\/wp-json\/wp\/v2\/posts\/230824\/revisions\/230825"}],"wp:featuredmedia":[{"embeddable":true,"href":"https:\/\/www.eldiario.net\/portal\/wp-json\/wp\/v2\/media\/158113"}],"wp:attachment":[{"href":"https:\/\/www.eldiario.net\/portal\/wp-json\/wp\/v2\/media?parent=230824"}],"wp:term":[{"taxonomy":"category","embeddable":true,"href":"https:\/\/www.eldiario.net\/portal\/wp-json\/wp\/v2\/categories?post=230824"},{"taxonomy":"post_tag","embeddable":true,"href":"https:\/\/www.eldiario.net\/portal\/wp-json\/wp\/v2\/tags?post=230824"}],"curies":[{"name":"wp","href":"https:\/\/api.w.org\/{rel}","templated":true}]}}