{"id":230820,"date":"2024-06-30T07:44:33","date_gmt":"2024-06-30T11:44:33","guid":{"rendered":"https:\/\/www.eldiario.net\/portal\/?p=230820"},"modified":"2024-06-30T07:44:33","modified_gmt":"2024-06-30T11:44:33","slug":"la-introduccion-de-la-trucha-en-bolivia","status":"publish","type":"post","link":"https:\/\/www.eldiario.net\/portal\/2024\/06\/30\/la-introduccion-de-la-trucha-en-bolivia\/","title":{"rendered":"La introducci\u00f3n de la trucha  en Bolivia"},"content":{"rendered":"<p>Desde 1939, cuatro especies de Salmonidae (es decir, truchas), fueron introducidas en el lago Titicaca y otros medios acu\u00e1ticos de nuestro pa\u00eds, conocidos cient\u00edficamente como: Salvelinus namaycush, Salvelinus fontinalis, Salmo trutta y Salmo gairdneri (recientemente se ha sustituido su nombre cient\u00edfico por el de Oncorbynchus mykiss),<br \/>\nEn este caso, es necesario mencionar que, en 1936, el experto estadunidense M. C. James, elev\u00f3 un informe a los gobiernos de Bolivia y del Per\u00fa, para impulsar la piscicultura en gran escala en el Lago Titicaca, en este documento recomend\u00f3: \u201c\u2026ir\u00eda m\u00e1s lejos y afirmar\u00eda que las condiciones son tales que cualquier otra especie de pez que habita los grandes lagos de los Estados Unidos&#8230; podr\u00eda encontrar en el lago Titicaca un ambiente favorable para su subsistencia. Estas formas incluyen: la trucha del lago, el arenque de lago o cisco: la perca amarilla, el lucio\u2026\u201d. (\u00daltima Hora, 14 de septiembre de 1936). Paralelamente, Bolivia y el Per\u00fa celebraron un instrumento internacional para poblar de peces el Lago Titicaca.<br \/>\nM\u00e1s adelante, el 25 de noviembre de 1939, ovas de trucha morena (salmo trutta) fueron introducidas en el lago Titicaca y se logr\u00f3 el 90% de nacimientos. En 1943, 500 truchas fueron trasladas desde la estaci\u00f3n pisc\u00edcola de Chucuito, hasta Sorata y Pongo. Sobre ello la prensa de la \u00e9poca detall\u00f3: \u201c\u2026al llegar el cami\u00f3n-tanque fue conducido inmediatamente a la gruta que existe en el camino de San Jorge a Obrajes, con el objeto de poder cambiar el agua, operaci\u00f3n en la que se tomaron diversas precauciones, como la de medir la temperatura del agua, para asegurar el mantenimiento de las condiciones de vida de los animales\u201d. (La Raz\u00f3n, 2 de diciembre de 1943)<br \/>\nEn este marco, uno de los t\u00e9cnicos peruanos, Enrique M. del Solar, declar\u00f3 a EL DIARIO: \u201c\u2026el lago Titicaca est\u00e1 llamado a ser una gran fuente de abastecimiento alimenticio para Bolivia y Per\u00fa\u2026\u201d. A su vez, el periodista de dicho peri\u00f3dico describi\u00f3: \u201c\u2026tuvimos oportunidad de ver el estanque en que ven\u00edan, debidamente condicionadas, las 500 truchas, de regular tama\u00f1o y que inmediatamente fueron transportadas al vivero del Ministerio de Agricultura, para despu\u00e9s ser distribuidas entre los r\u00edos de nuestras regiones tropicales\u2026\u201d. (EL DIARIO, 2 de diciembre de 1943). En julio de 1944, el gobierno del Per\u00fa mediante el Decreto Supremo N\u00b0 813 levant\u00f3 la veda de pesca de truchas en aguas interiores, esto incluy\u00f3 al lago Titicaca e impuls\u00f3 la cr\u00eda de estos peces.<br \/>\nSin embargo, de todos los intentos, la llamada trucha arco iris (oncorhynchus mykiss) fue la \u00fanica especie que se adapt\u00f3 y difundi\u00f3 de manera intensiva, y dio origen a la primera piscifactor\u00eda situada en el interior de Bolivia, es decir Pongo, en 1947.<\/p>\n","protected":false},"excerpt":{"rendered":"<p>Desde 1939, cuatro especies de Salmonidae (es decir, truchas), fueron introducidas en el lago Titicaca y otros medios acu\u00e1ticos de nuestro pa\u00eds, conocidos cient\u00edficamente como: Salvelinus namaycush, Salvelinus fontinalis, Salmo trutta y Salmo gairdneri (recientemente se ha sustituido su nombre cient\u00edfico por el de Oncorbynchus mykiss), En este caso, es necesario mencionar que, en 1936, [&hellip;]<\/p>\n","protected":false},"author":1,"featured_media":159852,"comment_status":"open","ping_status":"open","sticky":false,"template":"","format":"standard","meta":{"_acf_changed":false,"footnotes":""},"categories":[9],"tags":[],"class_list":["post-230820","post","type-post","status-publish","format-standard","has-post-thumbnail","category-opinion"],"acf":{"antetitulo":""},"yoast_head":"<!-- This site is optimized with the Yoast SEO plugin v28.3 - https:\/\/yoast.com\/product\/yoast-seo-wordpress\/ -->\n<title>La introducci\u00f3n de la trucha en Bolivia - El Diario - Bolivia<\/title>\n<meta name=\"robots\" content=\"index, follow, max-snippet:-1, max-image-preview:large, max-video-preview:-1\" \/>\n<link rel=\"canonical\" href=\"https:\/\/www.eldiario.net\/portal\/2024\/06\/30\/la-introduccion-de-la-trucha-en-bolivia\/\" \/>\n<meta property=\"og:locale\" content=\"es_ES\" \/>\n<meta property=\"og:type\" content=\"article\" \/>\n<meta property=\"og:title\" content=\"La introducci\u00f3n de la trucha en Bolivia - El Diario - Bolivia\" \/>\n<meta property=\"og:description\" content=\"Desde 1939, cuatro especies de Salmonidae (es decir, truchas), fueron introducidas en el lago Titicaca y otros medios acu\u00e1ticos de nuestro pa\u00eds, conocidos cient\u00edficamente como: Salvelinus namaycush, Salvelinus fontinalis, Salmo trutta y Salmo gairdneri (recientemente se ha sustituido su nombre cient\u00edfico por el de Oncorbynchus mykiss), En este caso, es necesario mencionar que, en 1936, [&hellip;]\" \/>\n<meta property=\"og:url\" content=\"https:\/\/www.eldiario.net\/portal\/2024\/06\/30\/la-introduccion-de-la-trucha-en-bolivia\/\" \/>\n<meta property=\"og:site_name\" content=\"El Diario - Bolivia\" \/>\n<meta property=\"article:publisher\" content=\"https:\/\/www.facebook.com\/eldiario.bolivia\/\" \/>\n<meta property=\"article:published_time\" content=\"2024-06-30T11:44:33+00:00\" \/>\n<meta property=\"og:image\" content=\"https:\/\/www.eldiario.net\/portal\/wp-content\/uploads\/2023\/06\/Jose-Pradel.jpg\" \/>\n\t<meta property=\"og:image:width\" content=\"1200\" \/>\n\t<meta property=\"og:image:height\" content=\"628\" \/>\n\t<meta property=\"og:image:type\" content=\"image\/jpeg\" \/>\n<meta name=\"author\" content=\"Jeanette\" \/>\n<meta name=\"twitter:card\" content=\"summary_large_image\" \/>\n<meta name=\"twitter:creator\" content=\"@eldiario_net\" \/>\n<meta name=\"twitter:site\" content=\"@eldiario_net\" \/>\n<meta name=\"twitter:label1\" content=\"Escrito por\" \/>\n\t<meta name=\"twitter:data1\" content=\"Jeanette\" \/>\n\t<meta name=\"twitter:label2\" content=\"Tiempo de lectura\" \/>\n\t<meta name=\"twitter:data2\" content=\"3 minutos\" \/>\n<script type=\"application\/ld+json\" class=\"yoast-schema-graph\">{\"@context\":\"https:\\\/\\\/schema.org\",\"@graph\":[{\"@type\":\"Article\",\"@id\":\"https:\\\/\\\/www.eldiario.net\\\/portal\\\/2024\\\/06\\\/30\\\/la-introduccion-de-la-trucha-en-bolivia\\\/#article\",\"isPartOf\":{\"@id\":\"https:\\\/\\\/www.eldiario.net\\\/portal\\\/2024\\\/06\\\/30\\\/la-introduccion-de-la-trucha-en-bolivia\\\/\"},\"author\":{\"name\":\"Jeanette\",\"@id\":\"https:\\\/\\\/www.eldiario.net\\\/portal\\\/#\\\/schema\\\/person\\\/f46445640444750d7d753ccd04ae01b7\"},\"headline\":\"La introducci\u00f3n de la trucha en Bolivia\",\"datePublished\":\"2024-06-30T11:44:33+00:00\",\"mainEntityOfPage\":{\"@id\":\"https:\\\/\\\/www.eldiario.net\\\/portal\\\/2024\\\/06\\\/30\\\/la-introduccion-de-la-trucha-en-bolivia\\\/\"},\"wordCount\":459,\"commentCount\":0,\"publisher\":{\"@id\":\"https:\\\/\\\/www.eldiario.net\\\/portal\\\/#organization\"},\"image\":{\"@id\":\"https:\\\/\\\/www.eldiario.net\\\/portal\\\/2024\\\/06\\\/30\\\/la-introduccion-de-la-trucha-en-bolivia\\\/#primaryimage\"},\"thumbnailUrl\":\"https:\\\/\\\/www.eldiario.net\\\/portal\\\/wp-content\\\/uploads\\\/2023\\\/06\\\/Jose-Pradel.jpg\",\"articleSection\":[\"Opini\u00f3n\"],\"inLanguage\":\"es\",\"potentialAction\":[{\"@type\":\"CommentAction\",\"name\":\"Comment\",\"target\":[\"https:\\\/\\\/www.eldiario.net\\\/portal\\\/2024\\\/06\\\/30\\\/la-introduccion-de-la-trucha-en-bolivia\\\/#respond\"]}]},{\"@type\":\"WebPage\",\"@id\":\"https:\\\/\\\/www.eldiario.net\\\/portal\\\/2024\\\/06\\\/30\\\/la-introduccion-de-la-trucha-en-bolivia\\\/\",\"url\":\"https:\\\/\\\/www.eldiario.net\\\/portal\\\/2024\\\/06\\\/30\\\/la-introduccion-de-la-trucha-en-bolivia\\\/\",\"name\":\"La introducci\u00f3n de la trucha en Bolivia - El Diario - Bolivia\",\"isPartOf\":{\"@id\":\"https:\\\/\\\/www.eldiario.net\\\/portal\\\/#website\"},\"primaryImageOfPage\":{\"@id\":\"https:\\\/\\\/www.eldiario.net\\\/portal\\\/2024\\\/06\\\/30\\\/la-introduccion-de-la-trucha-en-bolivia\\\/#primaryimage\"},\"image\":{\"@id\":\"https:\\\/\\\/www.eldiario.net\\\/portal\\\/2024\\\/06\\\/30\\\/la-introduccion-de-la-trucha-en-bolivia\\\/#primaryimage\"},\"thumbnailUrl\":\"https:\\\/\\\/www.eldiario.net\\\/portal\\\/wp-content\\\/uploads\\\/2023\\\/06\\\/Jose-Pradel.jpg\",\"datePublished\":\"2024-06-30T11:44:33+00:00\",\"breadcrumb\":{\"@id\":\"https:\\\/\\\/www.eldiario.net\\\/portal\\\/2024\\\/06\\\/30\\\/la-introduccion-de-la-trucha-en-bolivia\\\/#breadcrumb\"},\"inLanguage\":\"es\",\"potentialAction\":[{\"@type\":\"ReadAction\",\"target\":[\"https:\\\/\\\/www.eldiario.net\\\/portal\\\/2024\\\/06\\\/30\\\/la-introduccion-de-la-trucha-en-bolivia\\\/\"]}]},{\"@type\":\"ImageObject\",\"inLanguage\":\"es\",\"@id\":\"https:\\\/\\\/www.eldiario.net\\\/portal\\\/2024\\\/06\\\/30\\\/la-introduccion-de-la-trucha-en-bolivia\\\/#primaryimage\",\"url\":\"https:\\\/\\\/www.eldiario.net\\\/portal\\\/wp-content\\\/uploads\\\/2023\\\/06\\\/Jose-Pradel.jpg\",\"contentUrl\":\"https:\\\/\\\/www.eldiario.net\\\/portal\\\/wp-content\\\/uploads\\\/2023\\\/06\\\/Jose-Pradel.jpg\",\"width\":1200,\"height\":628,\"caption\":\"Jos\u00e9 E. Pradel B.\"},{\"@type\":\"BreadcrumbList\",\"@id\":\"https:\\\/\\\/www.eldiario.net\\\/portal\\\/2024\\\/06\\\/30\\\/la-introduccion-de-la-trucha-en-bolivia\\\/#breadcrumb\",\"itemListElement\":[{\"@type\":\"ListItem\",\"position\":1,\"name\":\"Portada\",\"item\":\"https:\\\/\\\/www.eldiario.net\\\/portal\\\/\"},{\"@type\":\"ListItem\",\"position\":2,\"name\":\"La introducci\u00f3n de la trucha en Bolivia\"}]},{\"@type\":\"WebSite\",\"@id\":\"https:\\\/\\\/www.eldiario.net\\\/portal\\\/#website\",\"url\":\"https:\\\/\\\/www.eldiario.net\\\/portal\\\/\",\"name\":\"El Diario - Decano de la prensa nacional\",\"description\":\"El Diario - Decano de la prensa nacional\",\"publisher\":{\"@id\":\"https:\\\/\\\/www.eldiario.net\\\/portal\\\/#organization\"},\"potentialAction\":[{\"@type\":\"SearchAction\",\"target\":{\"@type\":\"EntryPoint\",\"urlTemplate\":\"https:\\\/\\\/www.eldiario.net\\\/portal\\\/?s={search_term_string}\"},\"query-input\":{\"@type\":\"PropertyValueSpecification\",\"valueRequired\":true,\"valueName\":\"search_term_string\"}}],\"inLanguage\":\"es\"},{\"@type\":\"Organization\",\"@id\":\"https:\\\/\\\/www.eldiario.net\\\/portal\\\/#organization\",\"name\":\"El Diario - Decano de la prensa nacional\",\"url\":\"https:\\\/\\\/www.eldiario.net\\\/portal\\\/\",\"logo\":{\"@type\":\"ImageObject\",\"inLanguage\":\"es\",\"@id\":\"https:\\\/\\\/www.eldiario.net\\\/portal\\\/#\\\/schema\\\/logo\\\/image\\\/\",\"url\":\"https:\\\/\\\/www.eldiario.net\\\/portal\\\/wp-content\\\/uploads\\\/2023\\\/07\\\/logo_ED.jpg\",\"contentUrl\":\"https:\\\/\\\/www.eldiario.net\\\/portal\\\/wp-content\\\/uploads\\\/2023\\\/07\\\/logo_ED.jpg\",\"width\":272,\"height\":52,\"caption\":\"El Diario - Decano de la prensa nacional\"},\"image\":{\"@id\":\"https:\\\/\\\/www.eldiario.net\\\/portal\\\/#\\\/schema\\\/logo\\\/image\\\/\"},\"sameAs\":[\"https:\\\/\\\/www.facebook.com\\\/eldiario.bolivia\\\/\",\"https:\\\/\\\/x.com\\\/eldiario_net\"]},{\"@type\":\"Person\",\"@id\":\"https:\\\/\\\/www.eldiario.net\\\/portal\\\/#\\\/schema\\\/person\\\/f46445640444750d7d753ccd04ae01b7\",\"name\":\"Jeanette\",\"image\":{\"@type\":\"ImageObject\",\"inLanguage\":\"es\",\"@id\":\"https:\\\/\\\/secure.gravatar.com\\\/avatar\\\/3ea2118a5f7dad2b7138b1187a6b7ee55f160b9968b66013c3a3ef39dd7e5798?s=96&d=mm&r=g\",\"url\":\"https:\\\/\\\/secure.gravatar.com\\\/avatar\\\/3ea2118a5f7dad2b7138b1187a6b7ee55f160b9968b66013c3a3ef39dd7e5798?s=96&d=mm&r=g\",\"contentUrl\":\"https:\\\/\\\/secure.gravatar.com\\\/avatar\\\/3ea2118a5f7dad2b7138b1187a6b7ee55f160b9968b66013c3a3ef39dd7e5798?s=96&d=mm&r=g\",\"caption\":\"Jeanette\"},\"sameAs\":[\"https:\\\/\\\/www.eldiario.net\\\/portal\"],\"url\":\"https:\\\/\\\/www.eldiario.net\\\/portal\\\/author\\\/jeanette\\\/\"}]}<\/script>\n<!-- \/ Yoast SEO plugin. -->","yoast_head_json":{"title":"La introducci\u00f3n de la trucha en Bolivia - El Diario - Bolivia","robots":{"index":"index","follow":"follow","max-snippet":"max-snippet:-1","max-image-preview":"max-image-preview:large","max-video-preview":"max-video-preview:-1"},"canonical":"https:\/\/www.eldiario.net\/portal\/2024\/06\/30\/la-introduccion-de-la-trucha-en-bolivia\/","og_locale":"es_ES","og_type":"article","og_title":"La introducci\u00f3n de la trucha en Bolivia - El Diario - Bolivia","og_description":"Desde 1939, cuatro especies de Salmonidae (es decir, truchas), fueron introducidas en el lago Titicaca y otros medios acu\u00e1ticos de nuestro pa\u00eds, conocidos cient\u00edficamente como: Salvelinus namaycush, Salvelinus fontinalis, Salmo trutta y Salmo gairdneri (recientemente se ha sustituido su nombre cient\u00edfico por el de Oncorbynchus mykiss), En este caso, es necesario mencionar que, en 1936, [&hellip;]","og_url":"https:\/\/www.eldiario.net\/portal\/2024\/06\/30\/la-introduccion-de-la-trucha-en-bolivia\/","og_site_name":"El Diario - Bolivia","article_publisher":"https:\/\/www.facebook.com\/eldiario.bolivia\/","article_published_time":"2024-06-30T11:44:33+00:00","og_image":[{"width":1200,"height":628,"url":"https:\/\/www.eldiario.net\/portal\/wp-content\/uploads\/2023\/06\/Jose-Pradel.jpg","type":"image\/jpeg"}],"author":"Jeanette","twitter_card":"summary_large_image","twitter_creator":"@eldiario_net","twitter_site":"@eldiario_net","twitter_misc":{"Escrito por":"Jeanette","Tiempo de lectura":"3 minutos"},"schema":{"@context":"https:\/\/schema.org","@graph":[{"@type":"Article","@id":"https:\/\/www.eldiario.net\/portal\/2024\/06\/30\/la-introduccion-de-la-trucha-en-bolivia\/#article","isPartOf":{"@id":"https:\/\/www.eldiario.net\/portal\/2024\/06\/30\/la-introduccion-de-la-trucha-en-bolivia\/"},"author":{"name":"Jeanette","@id":"https:\/\/www.eldiario.net\/portal\/#\/schema\/person\/f46445640444750d7d753ccd04ae01b7"},"headline":"La introducci\u00f3n de la trucha en Bolivia","datePublished":"2024-06-30T11:44:33+00:00","mainEntityOfPage":{"@id":"https:\/\/www.eldiario.net\/portal\/2024\/06\/30\/la-introduccion-de-la-trucha-en-bolivia\/"},"wordCount":459,"commentCount":0,"publisher":{"@id":"https:\/\/www.eldiario.net\/portal\/#organization"},"image":{"@id":"https:\/\/www.eldiario.net\/portal\/2024\/06\/30\/la-introduccion-de-la-trucha-en-bolivia\/#primaryimage"},"thumbnailUrl":"https:\/\/www.eldiario.net\/portal\/wp-content\/uploads\/2023\/06\/Jose-Pradel.jpg","articleSection":["Opini\u00f3n"],"inLanguage":"es","potentialAction":[{"@type":"CommentAction","name":"Comment","target":["https:\/\/www.eldiario.net\/portal\/2024\/06\/30\/la-introduccion-de-la-trucha-en-bolivia\/#respond"]}]},{"@type":"WebPage","@id":"https:\/\/www.eldiario.net\/portal\/2024\/06\/30\/la-introduccion-de-la-trucha-en-bolivia\/","url":"https:\/\/www.eldiario.net\/portal\/2024\/06\/30\/la-introduccion-de-la-trucha-en-bolivia\/","name":"La introducci\u00f3n de la trucha en Bolivia - El Diario - Bolivia","isPartOf":{"@id":"https:\/\/www.eldiario.net\/portal\/#website"},"primaryImageOfPage":{"@id":"https:\/\/www.eldiario.net\/portal\/2024\/06\/30\/la-introduccion-de-la-trucha-en-bolivia\/#primaryimage"},"image":{"@id":"https:\/\/www.eldiario.net\/portal\/2024\/06\/30\/la-introduccion-de-la-trucha-en-bolivia\/#primaryimage"},"thumbnailUrl":"https:\/\/www.eldiario.net\/portal\/wp-content\/uploads\/2023\/06\/Jose-Pradel.jpg","datePublished":"2024-06-30T11:44:33+00:00","breadcrumb":{"@id":"https:\/\/www.eldiario.net\/portal\/2024\/06\/30\/la-introduccion-de-la-trucha-en-bolivia\/#breadcrumb"},"inLanguage":"es","potentialAction":[{"@type":"ReadAction","target":["https:\/\/www.eldiario.net\/portal\/2024\/06\/30\/la-introduccion-de-la-trucha-en-bolivia\/"]}]},{"@type":"ImageObject","inLanguage":"es","@id":"https:\/\/www.eldiario.net\/portal\/2024\/06\/30\/la-introduccion-de-la-trucha-en-bolivia\/#primaryimage","url":"https:\/\/www.eldiario.net\/portal\/wp-content\/uploads\/2023\/06\/Jose-Pradel.jpg","contentUrl":"https:\/\/www.eldiario.net\/portal\/wp-content\/uploads\/2023\/06\/Jose-Pradel.jpg","width":1200,"height":628,"caption":"Jos\u00e9 E. Pradel B."},{"@type":"BreadcrumbList","@id":"https:\/\/www.eldiario.net\/portal\/2024\/06\/30\/la-introduccion-de-la-trucha-en-bolivia\/#breadcrumb","itemListElement":[{"@type":"ListItem","position":1,"name":"Portada","item":"https:\/\/www.eldiario.net\/portal\/"},{"@type":"ListItem","position":2,"name":"La introducci\u00f3n de la trucha en Bolivia"}]},{"@type":"WebSite","@id":"https:\/\/www.eldiario.net\/portal\/#website","url":"https:\/\/www.eldiario.net\/portal\/","name":"El Diario - Decano de la prensa nacional","description":"El Diario - Decano de la prensa nacional","publisher":{"@id":"https:\/\/www.eldiario.net\/portal\/#organization"},"potentialAction":[{"@type":"SearchAction","target":{"@type":"EntryPoint","urlTemplate":"https:\/\/www.eldiario.net\/portal\/?s={search_term_string}"},"query-input":{"@type":"PropertyValueSpecification","valueRequired":true,"valueName":"search_term_string"}}],"inLanguage":"es"},{"@type":"Organization","@id":"https:\/\/www.eldiario.net\/portal\/#organization","name":"El Diario - Decano de la prensa nacional","url":"https:\/\/www.eldiario.net\/portal\/","logo":{"@type":"ImageObject","inLanguage":"es","@id":"https:\/\/www.eldiario.net\/portal\/#\/schema\/logo\/image\/","url":"https:\/\/www.eldiario.net\/portal\/wp-content\/uploads\/2023\/07\/logo_ED.jpg","contentUrl":"https:\/\/www.eldiario.net\/portal\/wp-content\/uploads\/2023\/07\/logo_ED.jpg","width":272,"height":52,"caption":"El Diario - Decano de la prensa nacional"},"image":{"@id":"https:\/\/www.eldiario.net\/portal\/#\/schema\/logo\/image\/"},"sameAs":["https:\/\/www.facebook.com\/eldiario.bolivia\/","https:\/\/x.com\/eldiario_net"]},{"@type":"Person","@id":"https:\/\/www.eldiario.net\/portal\/#\/schema\/person\/f46445640444750d7d753ccd04ae01b7","name":"Jeanette","image":{"@type":"ImageObject","inLanguage":"es","@id":"https:\/\/secure.gravatar.com\/avatar\/3ea2118a5f7dad2b7138b1187a6b7ee55f160b9968b66013c3a3ef39dd7e5798?s=96&d=mm&r=g","url":"https:\/\/secure.gravatar.com\/avatar\/3ea2118a5f7dad2b7138b1187a6b7ee55f160b9968b66013c3a3ef39dd7e5798?s=96&d=mm&r=g","contentUrl":"https:\/\/secure.gravatar.com\/avatar\/3ea2118a5f7dad2b7138b1187a6b7ee55f160b9968b66013c3a3ef39dd7e5798?s=96&d=mm&r=g","caption":"Jeanette"},"sameAs":["https:\/\/www.eldiario.net\/portal"],"url":"https:\/\/www.eldiario.net\/portal\/author\/jeanette\/"}]}},"_links":{"self":[{"href":"https:\/\/www.eldiario.net\/portal\/wp-json\/wp\/v2\/posts\/230820","targetHints":{"allow":["GET"]}}],"collection":[{"href":"https:\/\/www.eldiario.net\/portal\/wp-json\/wp\/v2\/posts"}],"about":[{"href":"https:\/\/www.eldiario.net\/portal\/wp-json\/wp\/v2\/types\/post"}],"author":[{"embeddable":true,"href":"https:\/\/www.eldiario.net\/portal\/wp-json\/wp\/v2\/users\/1"}],"replies":[{"embeddable":true,"href":"https:\/\/www.eldiario.net\/portal\/wp-json\/wp\/v2\/comments?post=230820"}],"version-history":[{"count":1,"href":"https:\/\/www.eldiario.net\/portal\/wp-json\/wp\/v2\/posts\/230820\/revisions"}],"predecessor-version":[{"id":230821,"href":"https:\/\/www.eldiario.net\/portal\/wp-json\/wp\/v2\/posts\/230820\/revisions\/230821"}],"wp:featuredmedia":[{"embeddable":true,"href":"https:\/\/www.eldiario.net\/portal\/wp-json\/wp\/v2\/media\/159852"}],"wp:attachment":[{"href":"https:\/\/www.eldiario.net\/portal\/wp-json\/wp\/v2\/media?parent=230820"}],"wp:term":[{"taxonomy":"category","embeddable":true,"href":"https:\/\/www.eldiario.net\/portal\/wp-json\/wp\/v2\/categories?post=230820"},{"taxonomy":"post_tag","embeddable":true,"href":"https:\/\/www.eldiario.net\/portal\/wp-json\/wp\/v2\/tags?post=230820"}],"curies":[{"name":"wp","href":"https:\/\/api.w.org\/{rel}","templated":true}]}}