{"id":230815,"date":"2024-06-30T07:42:45","date_gmt":"2024-06-30T11:42:45","guid":{"rendered":"https:\/\/www.eldiario.net\/portal\/?p=230815"},"modified":"2024-06-30T07:42:45","modified_gmt":"2024-06-30T11:42:45","slug":"resolvera-la-crisis-la-insubordinacion-militar","status":"publish","type":"post","link":"https:\/\/www.eldiario.net\/portal\/2024\/06\/30\/resolvera-la-crisis-la-insubordinacion-militar\/","title":{"rendered":"\u00bfResolver\u00e1 la crisis la  insubordinaci\u00f3n militar?"},"content":{"rendered":"<p><em>En cuanto a los hechos pol\u00edticos de la tarde del mi\u00e9rcoles pasado, son conocidos algunos detalles, pero resta indagar sobre el origen de la insubordinaci\u00f3n militar que tuvo en vilo al pa\u00eds durante unas seis horas. La responsabilidad del periodismo, obliga a hacer referencia a ese segundo tema, por lo menos en sus aspectos principales.<\/em><br \/>\n<em>La crisis en la que se encuentra el pa\u00eds, que habr\u00eda dado lugar a la maniobra militar del pasado mi\u00e9rcoles, tiene su causa principal en el sistema econ\u00f3mico y pol\u00edtico instaurado por el MAS desde el a\u00f1o 2006 y la Constituci\u00f3n Pol\u00edtica de 2009. Ese sistema dur\u00f3 alrededor de quince a\u00f1os en sostenida aplicaci\u00f3n, siendo denominado \u201cproceso de cambio\u201d, siguiendo la ideolog\u00eda del \u201csocialismo del Siglo XXI\u201d. Durante ese tiempo, la econom\u00eda entr\u00f3 en crisis, pese a la abundancia de dinero para el pa\u00eds por la venta de gas a pa\u00edses vecinos, entre otros, pero que fue malgastado, en vez de ser invertido para solucionar los grandes problemas nacionales. Es m\u00e1s, las deficiencias fueron agudizadas. Al mal estado de la econom\u00eda se sum\u00f3 la crisis pol\u00edtica y la descomposici\u00f3n de todo el aparato del Estado. En ese proceso de deterioro entraron la administraci\u00f3n de justicia, el r\u00e9gimen parlamentario, las entidades estatales, la industria nacional, etc.<\/em><br \/>\n<em>Ese \u201cproceso de cambio\u201d se encontr\u00f3 con la reacci\u00f3n del pueblo en el refer\u00e9ndum del 21 de febrero, que dijo NO a una nueva candidatura de Evo Morales a la presidencia del pa\u00eds. Es decir que la poblaci\u00f3n no quer\u00eda que Bolivia siga siendo dirigida por los autores de ese sistema populista. Pero ese \u201cproceso de cambio\u201d sigui\u00f3 impasible en manos del partido de turno que no escuch\u00f3 a la opini\u00f3n p\u00fablica que entr\u00f3 en una etapa de resistencia que culmin\u00f3 con la insurrecci\u00f3n de noviembre de 2019 y la posibilidad de que un nuevo gobierno ponga los puntos sobre las \u00edes, lo que no ocurri\u00f3 por incompetencia de los que llegaron al gobierno. Contrariamente, agravaron la crisis general, por lo que el MAS volvi\u00f3 a gobernar.<\/em><br \/>\n<em>Sin embargo, la restauraci\u00f3n del populismo no salv\u00f3 al pa\u00eds del desastre y se enfrent\u00f3 de nuevo con una situaci\u00f3n revolucionaria, producto de la crisis general actual, que es como una infecci\u00f3n cancerosa que va afectando la contextura de todo un sistema. Ese anormal estado de cosas fue alertado por la prensa nacional, pero el gobierno se empe\u00f1a en no o\u00edr, por lo que el pueblo sigue saliendo a las calles para protestar sin pausa ni tregua. Entonces, el oficialismo al parecer recurre por desesperaci\u00f3n a medidas inveros\u00edmiles, como recientemente a denunciar con vehemencia un \u201cgolpe de Estado\u201d por insubordinaci\u00f3n militar, para ganar respaldo cuando el pa\u00eds est\u00e1 angustiado por la delicada situaci\u00f3n econ\u00f3mica.<\/em><br \/>\n<em>Pero vale la pena preguntar, \u00bfde esa manera se resolver\u00e1 la crisis o la empeorar\u00e1? \u00a1S\u00f3lo Al\u00e1 lo sabe! La respuesta la dar\u00e1n los sucesos que se presenten en siguientes d\u00edas.<\/em><\/p>\n","protected":false},"excerpt":{"rendered":"<p>En cuanto a los hechos pol\u00edticos de la tarde del mi\u00e9rcoles pasado, son conocidos algunos detalles, pero resta indagar sobre el origen de la insubordinaci\u00f3n militar que tuvo en vilo al pa\u00eds durante unas seis horas. La responsabilidad del periodismo, obliga a hacer referencia a ese segundo tema, por lo menos en sus aspectos principales. [&hellip;]<\/p>\n","protected":false},"author":1,"featured_media":194776,"comment_status":"open","ping_status":"open","sticky":false,"template":"","format":"standard","meta":{"_acf_changed":false,"footnotes":""},"categories":[4],"tags":[],"class_list":["post-230815","post","type-post","status-publish","format-standard","has-post-thumbnail","category-editorial"],"acf":{"antetitulo":""},"yoast_head":"<!-- This site is optimized with the Yoast SEO plugin v28.3 - https:\/\/yoast.com\/product\/yoast-seo-wordpress\/ -->\n<title>\u00bfResolver\u00e1 la crisis la insubordinaci\u00f3n militar? - El Diario - Bolivia<\/title>\n<meta name=\"robots\" content=\"index, follow, max-snippet:-1, max-image-preview:large, max-video-preview:-1\" \/>\n<link rel=\"canonical\" href=\"https:\/\/www.eldiario.net\/portal\/2024\/06\/30\/resolvera-la-crisis-la-insubordinacion-militar\/\" \/>\n<meta property=\"og:locale\" content=\"es_ES\" \/>\n<meta property=\"og:type\" content=\"article\" \/>\n<meta property=\"og:title\" content=\"\u00bfResolver\u00e1 la crisis la insubordinaci\u00f3n militar? - El Diario - Bolivia\" \/>\n<meta property=\"og:description\" content=\"En cuanto a los hechos pol\u00edticos de la tarde del mi\u00e9rcoles pasado, son conocidos algunos detalles, pero resta indagar sobre el origen de la insubordinaci\u00f3n militar que tuvo en vilo al pa\u00eds durante unas seis horas. La responsabilidad del periodismo, obliga a hacer referencia a ese segundo tema, por lo menos en sus aspectos principales. [&hellip;]\" \/>\n<meta property=\"og:url\" content=\"https:\/\/www.eldiario.net\/portal\/2024\/06\/30\/resolvera-la-crisis-la-insubordinacion-militar\/\" \/>\n<meta property=\"og:site_name\" content=\"El Diario - Bolivia\" \/>\n<meta property=\"article:publisher\" content=\"https:\/\/www.facebook.com\/eldiario.bolivia\/\" \/>\n<meta property=\"article:published_time\" content=\"2024-06-30T11:42:45+00:00\" \/>\n<meta property=\"og:image\" content=\"https:\/\/www.eldiario.net\/portal\/wp-content\/uploads\/2023\/12\/Editorial.jpg\" \/>\n\t<meta property=\"og:image:width\" content=\"800\" \/>\n\t<meta property=\"og:image:height\" content=\"500\" \/>\n\t<meta property=\"og:image:type\" content=\"image\/jpeg\" \/>\n<meta name=\"author\" content=\"Jeanette\" \/>\n<meta name=\"twitter:card\" content=\"summary_large_image\" \/>\n<meta name=\"twitter:creator\" content=\"@eldiario_net\" \/>\n<meta name=\"twitter:site\" content=\"@eldiario_net\" \/>\n<meta name=\"twitter:label1\" content=\"Escrito por\" \/>\n\t<meta name=\"twitter:data1\" content=\"Jeanette\" \/>\n\t<meta name=\"twitter:label2\" content=\"Tiempo de lectura\" \/>\n\t<meta name=\"twitter:data2\" content=\"3 minutos\" \/>\n<script type=\"application\/ld+json\" class=\"yoast-schema-graph\">{\"@context\":\"https:\\\/\\\/schema.org\",\"@graph\":[{\"@type\":\"Article\",\"@id\":\"https:\\\/\\\/www.eldiario.net\\\/portal\\\/2024\\\/06\\\/30\\\/resolvera-la-crisis-la-insubordinacion-militar\\\/#article\",\"isPartOf\":{\"@id\":\"https:\\\/\\\/www.eldiario.net\\\/portal\\\/2024\\\/06\\\/30\\\/resolvera-la-crisis-la-insubordinacion-militar\\\/\"},\"author\":{\"name\":\"Jeanette\",\"@id\":\"https:\\\/\\\/www.eldiario.net\\\/portal\\\/#\\\/schema\\\/person\\\/f46445640444750d7d753ccd04ae01b7\"},\"headline\":\"\u00bfResolver\u00e1 la crisis la insubordinaci\u00f3n militar?\",\"datePublished\":\"2024-06-30T11:42:45+00:00\",\"mainEntityOfPage\":{\"@id\":\"https:\\\/\\\/www.eldiario.net\\\/portal\\\/2024\\\/06\\\/30\\\/resolvera-la-crisis-la-insubordinacion-militar\\\/\"},\"wordCount\":532,\"commentCount\":0,\"publisher\":{\"@id\":\"https:\\\/\\\/www.eldiario.net\\\/portal\\\/#organization\"},\"image\":{\"@id\":\"https:\\\/\\\/www.eldiario.net\\\/portal\\\/2024\\\/06\\\/30\\\/resolvera-la-crisis-la-insubordinacion-militar\\\/#primaryimage\"},\"thumbnailUrl\":\"https:\\\/\\\/www.eldiario.net\\\/portal\\\/wp-content\\\/uploads\\\/2023\\\/12\\\/Editorial.jpg\",\"articleSection\":[\"Editorial\"],\"inLanguage\":\"es\",\"potentialAction\":[{\"@type\":\"CommentAction\",\"name\":\"Comment\",\"target\":[\"https:\\\/\\\/www.eldiario.net\\\/portal\\\/2024\\\/06\\\/30\\\/resolvera-la-crisis-la-insubordinacion-militar\\\/#respond\"]}]},{\"@type\":\"WebPage\",\"@id\":\"https:\\\/\\\/www.eldiario.net\\\/portal\\\/2024\\\/06\\\/30\\\/resolvera-la-crisis-la-insubordinacion-militar\\\/\",\"url\":\"https:\\\/\\\/www.eldiario.net\\\/portal\\\/2024\\\/06\\\/30\\\/resolvera-la-crisis-la-insubordinacion-militar\\\/\",\"name\":\"\u00bfResolver\u00e1 la crisis la insubordinaci\u00f3n militar? - El Diario - Bolivia\",\"isPartOf\":{\"@id\":\"https:\\\/\\\/www.eldiario.net\\\/portal\\\/#website\"},\"primaryImageOfPage\":{\"@id\":\"https:\\\/\\\/www.eldiario.net\\\/portal\\\/2024\\\/06\\\/30\\\/resolvera-la-crisis-la-insubordinacion-militar\\\/#primaryimage\"},\"image\":{\"@id\":\"https:\\\/\\\/www.eldiario.net\\\/portal\\\/2024\\\/06\\\/30\\\/resolvera-la-crisis-la-insubordinacion-militar\\\/#primaryimage\"},\"thumbnailUrl\":\"https:\\\/\\\/www.eldiario.net\\\/portal\\\/wp-content\\\/uploads\\\/2023\\\/12\\\/Editorial.jpg\",\"datePublished\":\"2024-06-30T11:42:45+00:00\",\"breadcrumb\":{\"@id\":\"https:\\\/\\\/www.eldiario.net\\\/portal\\\/2024\\\/06\\\/30\\\/resolvera-la-crisis-la-insubordinacion-militar\\\/#breadcrumb\"},\"inLanguage\":\"es\",\"potentialAction\":[{\"@type\":\"ReadAction\",\"target\":[\"https:\\\/\\\/www.eldiario.net\\\/portal\\\/2024\\\/06\\\/30\\\/resolvera-la-crisis-la-insubordinacion-militar\\\/\"]}]},{\"@type\":\"ImageObject\",\"inLanguage\":\"es\",\"@id\":\"https:\\\/\\\/www.eldiario.net\\\/portal\\\/2024\\\/06\\\/30\\\/resolvera-la-crisis-la-insubordinacion-militar\\\/#primaryimage\",\"url\":\"https:\\\/\\\/www.eldiario.net\\\/portal\\\/wp-content\\\/uploads\\\/2023\\\/12\\\/Editorial.jpg\",\"contentUrl\":\"https:\\\/\\\/www.eldiario.net\\\/portal\\\/wp-content\\\/uploads\\\/2023\\\/12\\\/Editorial.jpg\",\"width\":800,\"height\":500},{\"@type\":\"BreadcrumbList\",\"@id\":\"https:\\\/\\\/www.eldiario.net\\\/portal\\\/2024\\\/06\\\/30\\\/resolvera-la-crisis-la-insubordinacion-militar\\\/#breadcrumb\",\"itemListElement\":[{\"@type\":\"ListItem\",\"position\":1,\"name\":\"Portada\",\"item\":\"https:\\\/\\\/www.eldiario.net\\\/portal\\\/\"},{\"@type\":\"ListItem\",\"position\":2,\"name\":\"\u00bfResolver\u00e1 la crisis la insubordinaci\u00f3n militar?\"}]},{\"@type\":\"WebSite\",\"@id\":\"https:\\\/\\\/www.eldiario.net\\\/portal\\\/#website\",\"url\":\"https:\\\/\\\/www.eldiario.net\\\/portal\\\/\",\"name\":\"El Diario - Decano de la prensa nacional\",\"description\":\"El Diario - Decano de la prensa nacional\",\"publisher\":{\"@id\":\"https:\\\/\\\/www.eldiario.net\\\/portal\\\/#organization\"},\"potentialAction\":[{\"@type\":\"SearchAction\",\"target\":{\"@type\":\"EntryPoint\",\"urlTemplate\":\"https:\\\/\\\/www.eldiario.net\\\/portal\\\/?s={search_term_string}\"},\"query-input\":{\"@type\":\"PropertyValueSpecification\",\"valueRequired\":true,\"valueName\":\"search_term_string\"}}],\"inLanguage\":\"es\"},{\"@type\":\"Organization\",\"@id\":\"https:\\\/\\\/www.eldiario.net\\\/portal\\\/#organization\",\"name\":\"El Diario - Decano de la prensa nacional\",\"url\":\"https:\\\/\\\/www.eldiario.net\\\/portal\\\/\",\"logo\":{\"@type\":\"ImageObject\",\"inLanguage\":\"es\",\"@id\":\"https:\\\/\\\/www.eldiario.net\\\/portal\\\/#\\\/schema\\\/logo\\\/image\\\/\",\"url\":\"https:\\\/\\\/www.eldiario.net\\\/portal\\\/wp-content\\\/uploads\\\/2023\\\/07\\\/logo_ED.jpg\",\"contentUrl\":\"https:\\\/\\\/www.eldiario.net\\\/portal\\\/wp-content\\\/uploads\\\/2023\\\/07\\\/logo_ED.jpg\",\"width\":272,\"height\":52,\"caption\":\"El Diario - Decano de la prensa nacional\"},\"image\":{\"@id\":\"https:\\\/\\\/www.eldiario.net\\\/portal\\\/#\\\/schema\\\/logo\\\/image\\\/\"},\"sameAs\":[\"https:\\\/\\\/www.facebook.com\\\/eldiario.bolivia\\\/\",\"https:\\\/\\\/x.com\\\/eldiario_net\"]},{\"@type\":\"Person\",\"@id\":\"https:\\\/\\\/www.eldiario.net\\\/portal\\\/#\\\/schema\\\/person\\\/f46445640444750d7d753ccd04ae01b7\",\"name\":\"Jeanette\",\"image\":{\"@type\":\"ImageObject\",\"inLanguage\":\"es\",\"@id\":\"https:\\\/\\\/secure.gravatar.com\\\/avatar\\\/3ea2118a5f7dad2b7138b1187a6b7ee55f160b9968b66013c3a3ef39dd7e5798?s=96&d=mm&r=g\",\"url\":\"https:\\\/\\\/secure.gravatar.com\\\/avatar\\\/3ea2118a5f7dad2b7138b1187a6b7ee55f160b9968b66013c3a3ef39dd7e5798?s=96&d=mm&r=g\",\"contentUrl\":\"https:\\\/\\\/secure.gravatar.com\\\/avatar\\\/3ea2118a5f7dad2b7138b1187a6b7ee55f160b9968b66013c3a3ef39dd7e5798?s=96&d=mm&r=g\",\"caption\":\"Jeanette\"},\"sameAs\":[\"https:\\\/\\\/www.eldiario.net\\\/portal\"],\"url\":\"https:\\\/\\\/www.eldiario.net\\\/portal\\\/author\\\/jeanette\\\/\"}]}<\/script>\n<!-- \/ Yoast SEO plugin. -->","yoast_head_json":{"title":"\u00bfResolver\u00e1 la crisis la insubordinaci\u00f3n militar? - El Diario - Bolivia","robots":{"index":"index","follow":"follow","max-snippet":"max-snippet:-1","max-image-preview":"max-image-preview:large","max-video-preview":"max-video-preview:-1"},"canonical":"https:\/\/www.eldiario.net\/portal\/2024\/06\/30\/resolvera-la-crisis-la-insubordinacion-militar\/","og_locale":"es_ES","og_type":"article","og_title":"\u00bfResolver\u00e1 la crisis la insubordinaci\u00f3n militar? - El Diario - Bolivia","og_description":"En cuanto a los hechos pol\u00edticos de la tarde del mi\u00e9rcoles pasado, son conocidos algunos detalles, pero resta indagar sobre el origen de la insubordinaci\u00f3n militar que tuvo en vilo al pa\u00eds durante unas seis horas. La responsabilidad del periodismo, obliga a hacer referencia a ese segundo tema, por lo menos en sus aspectos principales. [&hellip;]","og_url":"https:\/\/www.eldiario.net\/portal\/2024\/06\/30\/resolvera-la-crisis-la-insubordinacion-militar\/","og_site_name":"El Diario - Bolivia","article_publisher":"https:\/\/www.facebook.com\/eldiario.bolivia\/","article_published_time":"2024-06-30T11:42:45+00:00","og_image":[{"width":800,"height":500,"url":"https:\/\/www.eldiario.net\/portal\/wp-content\/uploads\/2023\/12\/Editorial.jpg","type":"image\/jpeg"}],"author":"Jeanette","twitter_card":"summary_large_image","twitter_creator":"@eldiario_net","twitter_site":"@eldiario_net","twitter_misc":{"Escrito por":"Jeanette","Tiempo de lectura":"3 minutos"},"schema":{"@context":"https:\/\/schema.org","@graph":[{"@type":"Article","@id":"https:\/\/www.eldiario.net\/portal\/2024\/06\/30\/resolvera-la-crisis-la-insubordinacion-militar\/#article","isPartOf":{"@id":"https:\/\/www.eldiario.net\/portal\/2024\/06\/30\/resolvera-la-crisis-la-insubordinacion-militar\/"},"author":{"name":"Jeanette","@id":"https:\/\/www.eldiario.net\/portal\/#\/schema\/person\/f46445640444750d7d753ccd04ae01b7"},"headline":"\u00bfResolver\u00e1 la crisis la insubordinaci\u00f3n militar?","datePublished":"2024-06-30T11:42:45+00:00","mainEntityOfPage":{"@id":"https:\/\/www.eldiario.net\/portal\/2024\/06\/30\/resolvera-la-crisis-la-insubordinacion-militar\/"},"wordCount":532,"commentCount":0,"publisher":{"@id":"https:\/\/www.eldiario.net\/portal\/#organization"},"image":{"@id":"https:\/\/www.eldiario.net\/portal\/2024\/06\/30\/resolvera-la-crisis-la-insubordinacion-militar\/#primaryimage"},"thumbnailUrl":"https:\/\/www.eldiario.net\/portal\/wp-content\/uploads\/2023\/12\/Editorial.jpg","articleSection":["Editorial"],"inLanguage":"es","potentialAction":[{"@type":"CommentAction","name":"Comment","target":["https:\/\/www.eldiario.net\/portal\/2024\/06\/30\/resolvera-la-crisis-la-insubordinacion-militar\/#respond"]}]},{"@type":"WebPage","@id":"https:\/\/www.eldiario.net\/portal\/2024\/06\/30\/resolvera-la-crisis-la-insubordinacion-militar\/","url":"https:\/\/www.eldiario.net\/portal\/2024\/06\/30\/resolvera-la-crisis-la-insubordinacion-militar\/","name":"\u00bfResolver\u00e1 la crisis la insubordinaci\u00f3n militar? - El Diario - Bolivia","isPartOf":{"@id":"https:\/\/www.eldiario.net\/portal\/#website"},"primaryImageOfPage":{"@id":"https:\/\/www.eldiario.net\/portal\/2024\/06\/30\/resolvera-la-crisis-la-insubordinacion-militar\/#primaryimage"},"image":{"@id":"https:\/\/www.eldiario.net\/portal\/2024\/06\/30\/resolvera-la-crisis-la-insubordinacion-militar\/#primaryimage"},"thumbnailUrl":"https:\/\/www.eldiario.net\/portal\/wp-content\/uploads\/2023\/12\/Editorial.jpg","datePublished":"2024-06-30T11:42:45+00:00","breadcrumb":{"@id":"https:\/\/www.eldiario.net\/portal\/2024\/06\/30\/resolvera-la-crisis-la-insubordinacion-militar\/#breadcrumb"},"inLanguage":"es","potentialAction":[{"@type":"ReadAction","target":["https:\/\/www.eldiario.net\/portal\/2024\/06\/30\/resolvera-la-crisis-la-insubordinacion-militar\/"]}]},{"@type":"ImageObject","inLanguage":"es","@id":"https:\/\/www.eldiario.net\/portal\/2024\/06\/30\/resolvera-la-crisis-la-insubordinacion-militar\/#primaryimage","url":"https:\/\/www.eldiario.net\/portal\/wp-content\/uploads\/2023\/12\/Editorial.jpg","contentUrl":"https:\/\/www.eldiario.net\/portal\/wp-content\/uploads\/2023\/12\/Editorial.jpg","width":800,"height":500},{"@type":"BreadcrumbList","@id":"https:\/\/www.eldiario.net\/portal\/2024\/06\/30\/resolvera-la-crisis-la-insubordinacion-militar\/#breadcrumb","itemListElement":[{"@type":"ListItem","position":1,"name":"Portada","item":"https:\/\/www.eldiario.net\/portal\/"},{"@type":"ListItem","position":2,"name":"\u00bfResolver\u00e1 la crisis la insubordinaci\u00f3n militar?"}]},{"@type":"WebSite","@id":"https:\/\/www.eldiario.net\/portal\/#website","url":"https:\/\/www.eldiario.net\/portal\/","name":"El Diario - Decano de la prensa nacional","description":"El Diario - Decano de la prensa nacional","publisher":{"@id":"https:\/\/www.eldiario.net\/portal\/#organization"},"potentialAction":[{"@type":"SearchAction","target":{"@type":"EntryPoint","urlTemplate":"https:\/\/www.eldiario.net\/portal\/?s={search_term_string}"},"query-input":{"@type":"PropertyValueSpecification","valueRequired":true,"valueName":"search_term_string"}}],"inLanguage":"es"},{"@type":"Organization","@id":"https:\/\/www.eldiario.net\/portal\/#organization","name":"El Diario - Decano de la prensa nacional","url":"https:\/\/www.eldiario.net\/portal\/","logo":{"@type":"ImageObject","inLanguage":"es","@id":"https:\/\/www.eldiario.net\/portal\/#\/schema\/logo\/image\/","url":"https:\/\/www.eldiario.net\/portal\/wp-content\/uploads\/2023\/07\/logo_ED.jpg","contentUrl":"https:\/\/www.eldiario.net\/portal\/wp-content\/uploads\/2023\/07\/logo_ED.jpg","width":272,"height":52,"caption":"El Diario - Decano de la prensa nacional"},"image":{"@id":"https:\/\/www.eldiario.net\/portal\/#\/schema\/logo\/image\/"},"sameAs":["https:\/\/www.facebook.com\/eldiario.bolivia\/","https:\/\/x.com\/eldiario_net"]},{"@type":"Person","@id":"https:\/\/www.eldiario.net\/portal\/#\/schema\/person\/f46445640444750d7d753ccd04ae01b7","name":"Jeanette","image":{"@type":"ImageObject","inLanguage":"es","@id":"https:\/\/secure.gravatar.com\/avatar\/3ea2118a5f7dad2b7138b1187a6b7ee55f160b9968b66013c3a3ef39dd7e5798?s=96&d=mm&r=g","url":"https:\/\/secure.gravatar.com\/avatar\/3ea2118a5f7dad2b7138b1187a6b7ee55f160b9968b66013c3a3ef39dd7e5798?s=96&d=mm&r=g","contentUrl":"https:\/\/secure.gravatar.com\/avatar\/3ea2118a5f7dad2b7138b1187a6b7ee55f160b9968b66013c3a3ef39dd7e5798?s=96&d=mm&r=g","caption":"Jeanette"},"sameAs":["https:\/\/www.eldiario.net\/portal"],"url":"https:\/\/www.eldiario.net\/portal\/author\/jeanette\/"}]}},"_links":{"self":[{"href":"https:\/\/www.eldiario.net\/portal\/wp-json\/wp\/v2\/posts\/230815","targetHints":{"allow":["GET"]}}],"collection":[{"href":"https:\/\/www.eldiario.net\/portal\/wp-json\/wp\/v2\/posts"}],"about":[{"href":"https:\/\/www.eldiario.net\/portal\/wp-json\/wp\/v2\/types\/post"}],"author":[{"embeddable":true,"href":"https:\/\/www.eldiario.net\/portal\/wp-json\/wp\/v2\/users\/1"}],"replies":[{"embeddable":true,"href":"https:\/\/www.eldiario.net\/portal\/wp-json\/wp\/v2\/comments?post=230815"}],"version-history":[{"count":1,"href":"https:\/\/www.eldiario.net\/portal\/wp-json\/wp\/v2\/posts\/230815\/revisions"}],"predecessor-version":[{"id":230816,"href":"https:\/\/www.eldiario.net\/portal\/wp-json\/wp\/v2\/posts\/230815\/revisions\/230816"}],"wp:featuredmedia":[{"embeddable":true,"href":"https:\/\/www.eldiario.net\/portal\/wp-json\/wp\/v2\/media\/194776"}],"wp:attachment":[{"href":"https:\/\/www.eldiario.net\/portal\/wp-json\/wp\/v2\/media?parent=230815"}],"wp:term":[{"taxonomy":"category","embeddable":true,"href":"https:\/\/www.eldiario.net\/portal\/wp-json\/wp\/v2\/categories?post=230815"},{"taxonomy":"post_tag","embeddable":true,"href":"https:\/\/www.eldiario.net\/portal\/wp-json\/wp\/v2\/tags?post=230815"}],"curies":[{"name":"wp","href":"https:\/\/api.w.org\/{rel}","templated":true}]}}