{"id":230812,"date":"2024-06-30T07:41:51","date_gmt":"2024-06-30T11:41:51","guid":{"rendered":"https:\/\/www.eldiario.net\/portal\/?p=230812"},"modified":"2024-06-30T07:41:51","modified_gmt":"2024-06-30T11:41:51","slug":"eeuu-y-ocho-paises-europeos-enviaran-defensas-antiaereas-y-misiles-a-ucrania","status":"publish","type":"post","link":"https:\/\/www.eldiario.net\/portal\/2024\/06\/30\/eeuu-y-ocho-paises-europeos-enviaran-defensas-antiaereas-y-misiles-a-ucrania\/","title":{"rendered":"EEUU y ocho pa\u00edses europeos enviar\u00e1n defensas antia\u00e9reas y misiles a Ucrania"},"content":{"rendered":"<p>Suecia, Italia, Alemania, Rumania, Dinamarca, Pa\u00edses Bajos, Espa\u00f1a y Noruega sumar\u00e1n armamento a las tropas ucranianas que combaten contra la invasi\u00f3n rusa. El env\u00edo de apoyo internacional consiste en nuevos sistemas de defensa a\u00e9rea, as\u00ed como misiles modelos Patriot y Nasams, anunci\u00f3 el primer ministro de Ucrania, Denis Shmigal.<br \/>\n\u201cLos socios internacionales nos han escuchado. Los hemos convencido de que fortalecer la defensa a\u00e9rea de Ucrania es la primera prioridad\u201d, celebr\u00f3 este viernes el premier Shmigal, seg\u00fan informaron agencias ucranianas de noticias.<br \/>\nShmigal desglos\u00f3 que Italia entregar\u00e1 su segundo sistema SAMP-T, capaz de interceptar misiles bal\u00edsticos, mientras que Alemania har\u00e1 lo propio con blindados antia\u00e9reos Gepard y misiles guiados IRIS-T.<br \/>\nAsimismo, destac\u00f3 que Suecia enviar\u00e1 a Ucrania dos aviones de vigilancia por radar. \u201cEsto nos permitir\u00e1 detectar objetivos a\u00e9reos incluso desde territorio enemigo y prepararnos mejor para repeler los ataques\u201d, advirti\u00f3.<br \/>\nPor otro lado, Shmigal se\u00f1al\u00f3 que Ucrania recibir\u00e1 en los pr\u00f3ximos cuatro a\u00f1os de sus socios internacionales un apoyo militar de USD 60.000 millones al a\u00f1o, tras firmar veinte acuerdos de garant\u00edas de seguridad con pa\u00edses occidentales y la Uni\u00f3n Europea (UE).<br \/>\n\u201cUcrania ya ha firmado 20 acuerdos de seguridad con sus aliados, entre ellos la UE y EEUU\u201d, destac\u00f3 en una reuni\u00f3n del gabinete del Gobierno.<br \/>\nA juicio de Shmigal, se trata de \u201cuna historia \u00fanica que abre nuevas oportunidades para la cooperaci\u00f3n en materia de defensa y sienta las bases de nuestra futura seguridad en tiempos de paz\u201d.<br \/>\nAntes de la cumbre de la OTAN en Washington, Ucrania tambi\u00e9n prev\u00e9 cerrar otros dos acuerdos de garant\u00edas de seguridad con Polonia y la Rep\u00fablica Checa, tras firmar el \u00faltimo la v\u00edspera con el conjunto de la Uni\u00f3n Europea (UE).<br \/>\nShmigal record\u00f3 que este a\u00f1o Ucrania recibir\u00e1 USD 50.000 millones adicionales de los aliados por los ingresos procedentes de los activos rusos congelados en Occidente.<br \/>\nTROPAS CONFIRMAN<br \/>\nLLEGADA DE<br \/>\nMUNICIONES<br \/>\nTras meses de grave escasez, fuentes de las fuerzas armadas ucranianas declararon este viernes a la agencia AFP, que los suministros de munici\u00f3n occidental est\u00e1n aumentando considerablemente.<br \/>\nEl Estado Mayor de las Fuerzas Armadas ucranianas y miembros de tres brigadas que sirven en la regi\u00f3n de Donetsk, en el este de Ucrania, dijeron que hab\u00edan notado un cambio reciente en comparaci\u00f3n con el comienzo del a\u00f1o.<br \/>\n\u201cHa mejorado en el \u00faltimo mes y sigue mejorando, al menos en lo que respecta a los proyectiles de artiller\u00eda de calibre 155 mm\u201d, declar\u00f3 a la AFP un sargento ucraniano que utiliza el indicativo \u201cLuntik\u201d, un tipo de apodo militar.<br \/>\nDijo que, en el primer trimestre del a\u00f1o, las municiones en su unidad hab\u00edan sido estrictamente racionadas a \u201cseis proyectiles cada 24 horas\u201d, mientras que el l\u00edmite hoy es de \u201chasta 40 por d\u00eda\u201d, sostuvo el sargento. En zonas como la regi\u00f3n de Kharkiv, donde Rusia lanz\u00f3 una ofensiva terrestre el mes pasado, afirm\u00f3 que \u201cno hay l\u00edmite\u201d.<br \/>\nEn Kharkiv \u201cel ocupante ha fracasado\u201d, declar\u00f3 este viernes el presidente Volodimir Zelensky, a tiempo de admitir que la situaci\u00f3n sigue siendo dif\u00edcil. \u201cNuestras fuerzas ucranianas han estabilizado la situaci\u00f3n y han detenido la ofensiva\u201d, declar\u00f3.<br \/>\nSeg\u00fan una fuente del Estado Mayor, la proporci\u00f3n entre bombardeos ucranianos y bombardeos rusos se ha movido a favor de Kiev, gracias a la llegada de nuevos suministros occidentales. \u201cEn estos momentos, la proporci\u00f3n de uso de munici\u00f3n es de uno a tres\u201d a favor de Rusia, frente a \u201cuno a siete\u201d antes. \u201cNuestros suministros han subido y los suyos han bajado\u201d, agreg\u00f3. (Infobae, AFP, EFE y EP)<\/p>\n","protected":false},"excerpt":{"rendered":"<p>Suecia, Italia, Alemania, Rumania, Dinamarca, Pa\u00edses Bajos, Espa\u00f1a y Noruega sumar\u00e1n armamento a las tropas ucranianas que combaten contra la invasi\u00f3n rusa. El env\u00edo de apoyo internacional consiste en nuevos sistemas de defensa a\u00e9rea, as\u00ed como misiles modelos Patriot y Nasams, anunci\u00f3 el primer ministro de Ucrania, Denis Shmigal. \u201cLos socios internacionales nos han escuchado. [&hellip;]<\/p>\n","protected":false},"author":1,"featured_media":230813,"comment_status":"open","ping_status":"open","sticky":false,"template":"","format":"standard","meta":{"_acf_changed":false,"footnotes":""},"categories":[3],"tags":[],"class_list":["post-230812","post","type-post","status-publish","format-standard","has-post-thumbnail","category-internacional"],"acf":{"antetitulo":"Para combatir invasi\u00f3n rusa"},"yoast_head":"<!-- This site is optimized with the Yoast SEO plugin v28.3 - https:\/\/yoast.com\/product\/yoast-seo-wordpress\/ -->\n<title>EEUU y ocho pa\u00edses europeos enviar\u00e1n defensas antia\u00e9reas y misiles a Ucrania - El Diario - Bolivia<\/title>\n<meta name=\"robots\" content=\"index, follow, max-snippet:-1, max-image-preview:large, max-video-preview:-1\" \/>\n<link rel=\"canonical\" href=\"https:\/\/www.eldiario.net\/portal\/2024\/06\/30\/eeuu-y-ocho-paises-europeos-enviaran-defensas-antiaereas-y-misiles-a-ucrania\/\" \/>\n<meta property=\"og:locale\" content=\"es_ES\" \/>\n<meta property=\"og:type\" content=\"article\" \/>\n<meta property=\"og:title\" content=\"EEUU y ocho pa\u00edses europeos enviar\u00e1n defensas antia\u00e9reas y misiles a Ucrania - El Diario - Bolivia\" \/>\n<meta property=\"og:description\" content=\"Suecia, Italia, Alemania, Rumania, Dinamarca, Pa\u00edses Bajos, Espa\u00f1a y Noruega sumar\u00e1n armamento a las tropas ucranianas que combaten contra la invasi\u00f3n rusa. El env\u00edo de apoyo internacional consiste en nuevos sistemas de defensa a\u00e9rea, as\u00ed como misiles modelos Patriot y Nasams, anunci\u00f3 el primer ministro de Ucrania, Denis Shmigal. \u201cLos socios internacionales nos han escuchado. [&hellip;]\" \/>\n<meta property=\"og:url\" content=\"https:\/\/www.eldiario.net\/portal\/2024\/06\/30\/eeuu-y-ocho-paises-europeos-enviaran-defensas-antiaereas-y-misiles-a-ucrania\/\" \/>\n<meta property=\"og:site_name\" content=\"El Diario - Bolivia\" \/>\n<meta property=\"article:publisher\" content=\"https:\/\/www.facebook.com\/eldiario.bolivia\/\" \/>\n<meta property=\"article:published_time\" content=\"2024-06-30T11:41:51+00:00\" \/>\n<meta property=\"og:image\" content=\"https:\/\/www.eldiario.net\/portal\/wp-content\/uploads\/2024\/06\/patriot-missile-cnn.webp\" \/>\n\t<meta property=\"og:image:width\" content=\"1280\" \/>\n\t<meta property=\"og:image:height\" content=\"720\" \/>\n\t<meta property=\"og:image:type\" content=\"image\/webp\" \/>\n<meta name=\"author\" content=\"Jeanette\" \/>\n<meta name=\"twitter:card\" content=\"summary_large_image\" \/>\n<meta name=\"twitter:creator\" content=\"@eldiario_net\" \/>\n<meta name=\"twitter:site\" content=\"@eldiario_net\" \/>\n<meta name=\"twitter:label1\" content=\"Escrito por\" \/>\n\t<meta name=\"twitter:data1\" content=\"Jeanette\" \/>\n\t<meta name=\"twitter:label2\" content=\"Tiempo de lectura\" \/>\n\t<meta name=\"twitter:data2\" content=\"3 minutos\" \/>\n<script type=\"application\/ld+json\" class=\"yoast-schema-graph\">{\"@context\":\"https:\\\/\\\/schema.org\",\"@graph\":[{\"@type\":\"Article\",\"@id\":\"https:\\\/\\\/www.eldiario.net\\\/portal\\\/2024\\\/06\\\/30\\\/eeuu-y-ocho-paises-europeos-enviaran-defensas-antiaereas-y-misiles-a-ucrania\\\/#article\",\"isPartOf\":{\"@id\":\"https:\\\/\\\/www.eldiario.net\\\/portal\\\/2024\\\/06\\\/30\\\/eeuu-y-ocho-paises-europeos-enviaran-defensas-antiaereas-y-misiles-a-ucrania\\\/\"},\"author\":{\"name\":\"Jeanette\",\"@id\":\"https:\\\/\\\/www.eldiario.net\\\/portal\\\/#\\\/schema\\\/person\\\/f46445640444750d7d753ccd04ae01b7\"},\"headline\":\"EEUU y ocho pa\u00edses europeos enviar\u00e1n defensas antia\u00e9reas y misiles a Ucrania\",\"datePublished\":\"2024-06-30T11:41:51+00:00\",\"mainEntityOfPage\":{\"@id\":\"https:\\\/\\\/www.eldiario.net\\\/portal\\\/2024\\\/06\\\/30\\\/eeuu-y-ocho-paises-europeos-enviaran-defensas-antiaereas-y-misiles-a-ucrania\\\/\"},\"wordCount\":635,\"commentCount\":0,\"publisher\":{\"@id\":\"https:\\\/\\\/www.eldiario.net\\\/portal\\\/#organization\"},\"image\":{\"@id\":\"https:\\\/\\\/www.eldiario.net\\\/portal\\\/2024\\\/06\\\/30\\\/eeuu-y-ocho-paises-europeos-enviaran-defensas-antiaereas-y-misiles-a-ucrania\\\/#primaryimage\"},\"thumbnailUrl\":\"https:\\\/\\\/www.eldiario.net\\\/portal\\\/wp-content\\\/uploads\\\/2024\\\/06\\\/patriot-missile-cnn.webp\",\"articleSection\":[\"Internacional\"],\"inLanguage\":\"es\",\"potentialAction\":[{\"@type\":\"CommentAction\",\"name\":\"Comment\",\"target\":[\"https:\\\/\\\/www.eldiario.net\\\/portal\\\/2024\\\/06\\\/30\\\/eeuu-y-ocho-paises-europeos-enviaran-defensas-antiaereas-y-misiles-a-ucrania\\\/#respond\"]}]},{\"@type\":\"WebPage\",\"@id\":\"https:\\\/\\\/www.eldiario.net\\\/portal\\\/2024\\\/06\\\/30\\\/eeuu-y-ocho-paises-europeos-enviaran-defensas-antiaereas-y-misiles-a-ucrania\\\/\",\"url\":\"https:\\\/\\\/www.eldiario.net\\\/portal\\\/2024\\\/06\\\/30\\\/eeuu-y-ocho-paises-europeos-enviaran-defensas-antiaereas-y-misiles-a-ucrania\\\/\",\"name\":\"EEUU y ocho pa\u00edses europeos enviar\u00e1n defensas antia\u00e9reas y misiles a Ucrania - El Diario - Bolivia\",\"isPartOf\":{\"@id\":\"https:\\\/\\\/www.eldiario.net\\\/portal\\\/#website\"},\"primaryImageOfPage\":{\"@id\":\"https:\\\/\\\/www.eldiario.net\\\/portal\\\/2024\\\/06\\\/30\\\/eeuu-y-ocho-paises-europeos-enviaran-defensas-antiaereas-y-misiles-a-ucrania\\\/#primaryimage\"},\"image\":{\"@id\":\"https:\\\/\\\/www.eldiario.net\\\/portal\\\/2024\\\/06\\\/30\\\/eeuu-y-ocho-paises-europeos-enviaran-defensas-antiaereas-y-misiles-a-ucrania\\\/#primaryimage\"},\"thumbnailUrl\":\"https:\\\/\\\/www.eldiario.net\\\/portal\\\/wp-content\\\/uploads\\\/2024\\\/06\\\/patriot-missile-cnn.webp\",\"datePublished\":\"2024-06-30T11:41:51+00:00\",\"breadcrumb\":{\"@id\":\"https:\\\/\\\/www.eldiario.net\\\/portal\\\/2024\\\/06\\\/30\\\/eeuu-y-ocho-paises-europeos-enviaran-defensas-antiaereas-y-misiles-a-ucrania\\\/#breadcrumb\"},\"inLanguage\":\"es\",\"potentialAction\":[{\"@type\":\"ReadAction\",\"target\":[\"https:\\\/\\\/www.eldiario.net\\\/portal\\\/2024\\\/06\\\/30\\\/eeuu-y-ocho-paises-europeos-enviaran-defensas-antiaereas-y-misiles-a-ucrania\\\/\"]}]},{\"@type\":\"ImageObject\",\"inLanguage\":\"es\",\"@id\":\"https:\\\/\\\/www.eldiario.net\\\/portal\\\/2024\\\/06\\\/30\\\/eeuu-y-ocho-paises-europeos-enviaran-defensas-antiaereas-y-misiles-a-ucrania\\\/#primaryimage\",\"url\":\"https:\\\/\\\/www.eldiario.net\\\/portal\\\/wp-content\\\/uploads\\\/2024\\\/06\\\/patriot-missile-cnn.webp\",\"contentUrl\":\"https:\\\/\\\/www.eldiario.net\\\/portal\\\/wp-content\\\/uploads\\\/2024\\\/06\\\/patriot-missile-cnn.webp\",\"width\":1280,\"height\":720,\"caption\":\"el Lanzamiento de un misil Patriot. CNN\"},{\"@type\":\"BreadcrumbList\",\"@id\":\"https:\\\/\\\/www.eldiario.net\\\/portal\\\/2024\\\/06\\\/30\\\/eeuu-y-ocho-paises-europeos-enviaran-defensas-antiaereas-y-misiles-a-ucrania\\\/#breadcrumb\",\"itemListElement\":[{\"@type\":\"ListItem\",\"position\":1,\"name\":\"Portada\",\"item\":\"https:\\\/\\\/www.eldiario.net\\\/portal\\\/\"},{\"@type\":\"ListItem\",\"position\":2,\"name\":\"EEUU y ocho pa\u00edses europeos enviar\u00e1n defensas antia\u00e9reas y misiles a Ucrania\"}]},{\"@type\":\"WebSite\",\"@id\":\"https:\\\/\\\/www.eldiario.net\\\/portal\\\/#website\",\"url\":\"https:\\\/\\\/www.eldiario.net\\\/portal\\\/\",\"name\":\"El Diario - Decano de la prensa nacional\",\"description\":\"El Diario - Decano de la prensa nacional\",\"publisher\":{\"@id\":\"https:\\\/\\\/www.eldiario.net\\\/portal\\\/#organization\"},\"potentialAction\":[{\"@type\":\"SearchAction\",\"target\":{\"@type\":\"EntryPoint\",\"urlTemplate\":\"https:\\\/\\\/www.eldiario.net\\\/portal\\\/?s={search_term_string}\"},\"query-input\":{\"@type\":\"PropertyValueSpecification\",\"valueRequired\":true,\"valueName\":\"search_term_string\"}}],\"inLanguage\":\"es\"},{\"@type\":\"Organization\",\"@id\":\"https:\\\/\\\/www.eldiario.net\\\/portal\\\/#organization\",\"name\":\"El Diario - Decano de la prensa nacional\",\"url\":\"https:\\\/\\\/www.eldiario.net\\\/portal\\\/\",\"logo\":{\"@type\":\"ImageObject\",\"inLanguage\":\"es\",\"@id\":\"https:\\\/\\\/www.eldiario.net\\\/portal\\\/#\\\/schema\\\/logo\\\/image\\\/\",\"url\":\"https:\\\/\\\/www.eldiario.net\\\/portal\\\/wp-content\\\/uploads\\\/2023\\\/07\\\/logo_ED.jpg\",\"contentUrl\":\"https:\\\/\\\/www.eldiario.net\\\/portal\\\/wp-content\\\/uploads\\\/2023\\\/07\\\/logo_ED.jpg\",\"width\":272,\"height\":52,\"caption\":\"El Diario - Decano de la prensa nacional\"},\"image\":{\"@id\":\"https:\\\/\\\/www.eldiario.net\\\/portal\\\/#\\\/schema\\\/logo\\\/image\\\/\"},\"sameAs\":[\"https:\\\/\\\/www.facebook.com\\\/eldiario.bolivia\\\/\",\"https:\\\/\\\/x.com\\\/eldiario_net\"]},{\"@type\":\"Person\",\"@id\":\"https:\\\/\\\/www.eldiario.net\\\/portal\\\/#\\\/schema\\\/person\\\/f46445640444750d7d753ccd04ae01b7\",\"name\":\"Jeanette\",\"image\":{\"@type\":\"ImageObject\",\"inLanguage\":\"es\",\"@id\":\"https:\\\/\\\/secure.gravatar.com\\\/avatar\\\/3ea2118a5f7dad2b7138b1187a6b7ee55f160b9968b66013c3a3ef39dd7e5798?s=96&d=mm&r=g\",\"url\":\"https:\\\/\\\/secure.gravatar.com\\\/avatar\\\/3ea2118a5f7dad2b7138b1187a6b7ee55f160b9968b66013c3a3ef39dd7e5798?s=96&d=mm&r=g\",\"contentUrl\":\"https:\\\/\\\/secure.gravatar.com\\\/avatar\\\/3ea2118a5f7dad2b7138b1187a6b7ee55f160b9968b66013c3a3ef39dd7e5798?s=96&d=mm&r=g\",\"caption\":\"Jeanette\"},\"sameAs\":[\"https:\\\/\\\/www.eldiario.net\\\/portal\"],\"url\":\"https:\\\/\\\/www.eldiario.net\\\/portal\\\/author\\\/jeanette\\\/\"}]}<\/script>\n<!-- \/ Yoast SEO plugin. -->","yoast_head_json":{"title":"EEUU y ocho pa\u00edses europeos enviar\u00e1n defensas antia\u00e9reas y misiles a Ucrania - El Diario - Bolivia","robots":{"index":"index","follow":"follow","max-snippet":"max-snippet:-1","max-image-preview":"max-image-preview:large","max-video-preview":"max-video-preview:-1"},"canonical":"https:\/\/www.eldiario.net\/portal\/2024\/06\/30\/eeuu-y-ocho-paises-europeos-enviaran-defensas-antiaereas-y-misiles-a-ucrania\/","og_locale":"es_ES","og_type":"article","og_title":"EEUU y ocho pa\u00edses europeos enviar\u00e1n defensas antia\u00e9reas y misiles a Ucrania - El Diario - Bolivia","og_description":"Suecia, Italia, Alemania, Rumania, Dinamarca, Pa\u00edses Bajos, Espa\u00f1a y Noruega sumar\u00e1n armamento a las tropas ucranianas que combaten contra la invasi\u00f3n rusa. El env\u00edo de apoyo internacional consiste en nuevos sistemas de defensa a\u00e9rea, as\u00ed como misiles modelos Patriot y Nasams, anunci\u00f3 el primer ministro de Ucrania, Denis Shmigal. \u201cLos socios internacionales nos han escuchado. [&hellip;]","og_url":"https:\/\/www.eldiario.net\/portal\/2024\/06\/30\/eeuu-y-ocho-paises-europeos-enviaran-defensas-antiaereas-y-misiles-a-ucrania\/","og_site_name":"El Diario - Bolivia","article_publisher":"https:\/\/www.facebook.com\/eldiario.bolivia\/","article_published_time":"2024-06-30T11:41:51+00:00","og_image":[{"width":1280,"height":720,"url":"https:\/\/www.eldiario.net\/portal\/wp-content\/uploads\/2024\/06\/patriot-missile-cnn.webp","type":"image\/webp"}],"author":"Jeanette","twitter_card":"summary_large_image","twitter_creator":"@eldiario_net","twitter_site":"@eldiario_net","twitter_misc":{"Escrito por":"Jeanette","Tiempo de lectura":"3 minutos"},"schema":{"@context":"https:\/\/schema.org","@graph":[{"@type":"Article","@id":"https:\/\/www.eldiario.net\/portal\/2024\/06\/30\/eeuu-y-ocho-paises-europeos-enviaran-defensas-antiaereas-y-misiles-a-ucrania\/#article","isPartOf":{"@id":"https:\/\/www.eldiario.net\/portal\/2024\/06\/30\/eeuu-y-ocho-paises-europeos-enviaran-defensas-antiaereas-y-misiles-a-ucrania\/"},"author":{"name":"Jeanette","@id":"https:\/\/www.eldiario.net\/portal\/#\/schema\/person\/f46445640444750d7d753ccd04ae01b7"},"headline":"EEUU y ocho pa\u00edses europeos enviar\u00e1n defensas antia\u00e9reas y misiles a Ucrania","datePublished":"2024-06-30T11:41:51+00:00","mainEntityOfPage":{"@id":"https:\/\/www.eldiario.net\/portal\/2024\/06\/30\/eeuu-y-ocho-paises-europeos-enviaran-defensas-antiaereas-y-misiles-a-ucrania\/"},"wordCount":635,"commentCount":0,"publisher":{"@id":"https:\/\/www.eldiario.net\/portal\/#organization"},"image":{"@id":"https:\/\/www.eldiario.net\/portal\/2024\/06\/30\/eeuu-y-ocho-paises-europeos-enviaran-defensas-antiaereas-y-misiles-a-ucrania\/#primaryimage"},"thumbnailUrl":"https:\/\/www.eldiario.net\/portal\/wp-content\/uploads\/2024\/06\/patriot-missile-cnn.webp","articleSection":["Internacional"],"inLanguage":"es","potentialAction":[{"@type":"CommentAction","name":"Comment","target":["https:\/\/www.eldiario.net\/portal\/2024\/06\/30\/eeuu-y-ocho-paises-europeos-enviaran-defensas-antiaereas-y-misiles-a-ucrania\/#respond"]}]},{"@type":"WebPage","@id":"https:\/\/www.eldiario.net\/portal\/2024\/06\/30\/eeuu-y-ocho-paises-europeos-enviaran-defensas-antiaereas-y-misiles-a-ucrania\/","url":"https:\/\/www.eldiario.net\/portal\/2024\/06\/30\/eeuu-y-ocho-paises-europeos-enviaran-defensas-antiaereas-y-misiles-a-ucrania\/","name":"EEUU y ocho pa\u00edses europeos enviar\u00e1n defensas antia\u00e9reas y misiles a Ucrania - El Diario - Bolivia","isPartOf":{"@id":"https:\/\/www.eldiario.net\/portal\/#website"},"primaryImageOfPage":{"@id":"https:\/\/www.eldiario.net\/portal\/2024\/06\/30\/eeuu-y-ocho-paises-europeos-enviaran-defensas-antiaereas-y-misiles-a-ucrania\/#primaryimage"},"image":{"@id":"https:\/\/www.eldiario.net\/portal\/2024\/06\/30\/eeuu-y-ocho-paises-europeos-enviaran-defensas-antiaereas-y-misiles-a-ucrania\/#primaryimage"},"thumbnailUrl":"https:\/\/www.eldiario.net\/portal\/wp-content\/uploads\/2024\/06\/patriot-missile-cnn.webp","datePublished":"2024-06-30T11:41:51+00:00","breadcrumb":{"@id":"https:\/\/www.eldiario.net\/portal\/2024\/06\/30\/eeuu-y-ocho-paises-europeos-enviaran-defensas-antiaereas-y-misiles-a-ucrania\/#breadcrumb"},"inLanguage":"es","potentialAction":[{"@type":"ReadAction","target":["https:\/\/www.eldiario.net\/portal\/2024\/06\/30\/eeuu-y-ocho-paises-europeos-enviaran-defensas-antiaereas-y-misiles-a-ucrania\/"]}]},{"@type":"ImageObject","inLanguage":"es","@id":"https:\/\/www.eldiario.net\/portal\/2024\/06\/30\/eeuu-y-ocho-paises-europeos-enviaran-defensas-antiaereas-y-misiles-a-ucrania\/#primaryimage","url":"https:\/\/www.eldiario.net\/portal\/wp-content\/uploads\/2024\/06\/patriot-missile-cnn.webp","contentUrl":"https:\/\/www.eldiario.net\/portal\/wp-content\/uploads\/2024\/06\/patriot-missile-cnn.webp","width":1280,"height":720,"caption":"el Lanzamiento de un misil Patriot. CNN"},{"@type":"BreadcrumbList","@id":"https:\/\/www.eldiario.net\/portal\/2024\/06\/30\/eeuu-y-ocho-paises-europeos-enviaran-defensas-antiaereas-y-misiles-a-ucrania\/#breadcrumb","itemListElement":[{"@type":"ListItem","position":1,"name":"Portada","item":"https:\/\/www.eldiario.net\/portal\/"},{"@type":"ListItem","position":2,"name":"EEUU y ocho pa\u00edses europeos enviar\u00e1n defensas antia\u00e9reas y misiles a Ucrania"}]},{"@type":"WebSite","@id":"https:\/\/www.eldiario.net\/portal\/#website","url":"https:\/\/www.eldiario.net\/portal\/","name":"El Diario - Decano de la prensa nacional","description":"El Diario - Decano de la prensa nacional","publisher":{"@id":"https:\/\/www.eldiario.net\/portal\/#organization"},"potentialAction":[{"@type":"SearchAction","target":{"@type":"EntryPoint","urlTemplate":"https:\/\/www.eldiario.net\/portal\/?s={search_term_string}"},"query-input":{"@type":"PropertyValueSpecification","valueRequired":true,"valueName":"search_term_string"}}],"inLanguage":"es"},{"@type":"Organization","@id":"https:\/\/www.eldiario.net\/portal\/#organization","name":"El Diario - Decano de la prensa nacional","url":"https:\/\/www.eldiario.net\/portal\/","logo":{"@type":"ImageObject","inLanguage":"es","@id":"https:\/\/www.eldiario.net\/portal\/#\/schema\/logo\/image\/","url":"https:\/\/www.eldiario.net\/portal\/wp-content\/uploads\/2023\/07\/logo_ED.jpg","contentUrl":"https:\/\/www.eldiario.net\/portal\/wp-content\/uploads\/2023\/07\/logo_ED.jpg","width":272,"height":52,"caption":"El Diario - Decano de la prensa nacional"},"image":{"@id":"https:\/\/www.eldiario.net\/portal\/#\/schema\/logo\/image\/"},"sameAs":["https:\/\/www.facebook.com\/eldiario.bolivia\/","https:\/\/x.com\/eldiario_net"]},{"@type":"Person","@id":"https:\/\/www.eldiario.net\/portal\/#\/schema\/person\/f46445640444750d7d753ccd04ae01b7","name":"Jeanette","image":{"@type":"ImageObject","inLanguage":"es","@id":"https:\/\/secure.gravatar.com\/avatar\/3ea2118a5f7dad2b7138b1187a6b7ee55f160b9968b66013c3a3ef39dd7e5798?s=96&d=mm&r=g","url":"https:\/\/secure.gravatar.com\/avatar\/3ea2118a5f7dad2b7138b1187a6b7ee55f160b9968b66013c3a3ef39dd7e5798?s=96&d=mm&r=g","contentUrl":"https:\/\/secure.gravatar.com\/avatar\/3ea2118a5f7dad2b7138b1187a6b7ee55f160b9968b66013c3a3ef39dd7e5798?s=96&d=mm&r=g","caption":"Jeanette"},"sameAs":["https:\/\/www.eldiario.net\/portal"],"url":"https:\/\/www.eldiario.net\/portal\/author\/jeanette\/"}]}},"_links":{"self":[{"href":"https:\/\/www.eldiario.net\/portal\/wp-json\/wp\/v2\/posts\/230812","targetHints":{"allow":["GET"]}}],"collection":[{"href":"https:\/\/www.eldiario.net\/portal\/wp-json\/wp\/v2\/posts"}],"about":[{"href":"https:\/\/www.eldiario.net\/portal\/wp-json\/wp\/v2\/types\/post"}],"author":[{"embeddable":true,"href":"https:\/\/www.eldiario.net\/portal\/wp-json\/wp\/v2\/users\/1"}],"replies":[{"embeddable":true,"href":"https:\/\/www.eldiario.net\/portal\/wp-json\/wp\/v2\/comments?post=230812"}],"version-history":[{"count":1,"href":"https:\/\/www.eldiario.net\/portal\/wp-json\/wp\/v2\/posts\/230812\/revisions"}],"predecessor-version":[{"id":230814,"href":"https:\/\/www.eldiario.net\/portal\/wp-json\/wp\/v2\/posts\/230812\/revisions\/230814"}],"wp:featuredmedia":[{"embeddable":true,"href":"https:\/\/www.eldiario.net\/portal\/wp-json\/wp\/v2\/media\/230813"}],"wp:attachment":[{"href":"https:\/\/www.eldiario.net\/portal\/wp-json\/wp\/v2\/media?parent=230812"}],"wp:term":[{"taxonomy":"category","embeddable":true,"href":"https:\/\/www.eldiario.net\/portal\/wp-json\/wp\/v2\/categories?post=230812"},{"taxonomy":"post_tag","embeddable":true,"href":"https:\/\/www.eldiario.net\/portal\/wp-json\/wp\/v2\/tags?post=230812"}],"curies":[{"name":"wp","href":"https:\/\/api.w.org\/{rel}","templated":true}]}}