{"id":230804,"date":"2024-06-30T07:40:14","date_gmt":"2024-06-30T11:40:14","guid":{"rendered":"https:\/\/www.eldiario.net\/portal\/?p=230804"},"modified":"2024-06-30T07:40:14","modified_gmt":"2024-06-30T11:40:14","slug":"diez-civiles-liberados-tras-seis-anos-de-cautiverio-en-rusia-llegaron-a-kiev","status":"publish","type":"post","link":"https:\/\/www.eldiario.net\/portal\/2024\/06\/30\/diez-civiles-liberados-tras-seis-anos-de-cautiverio-en-rusia-llegaron-a-kiev\/","title":{"rendered":"Diez civiles liberados tras seis a\u00f1os de  cautiverio en Rusia llegaron a Kiev"},"content":{"rendered":"<p>Una decena de civiles ucranianos mantenidos prisioneros durante seis a\u00f1os por autoridades de Rusia llegaron a Kiev durante este s\u00e1bado tras la mediaci\u00f3n del Vaticano, confirm\u00f3 el presidente de Ucrania, Volodimir Zelensky, quien el viernes hab\u00eda anunciado su liberaci\u00f3n.<br \/>\nEl Papa Francisco dijo que el Vaticano ha estado involucrado en intercambios de prisioneros anteriores durante la guerra de Ucrania.<br \/>\nEntre los liberados se encontraba Nariman Dzhelyal, jefe adjunto del Mejlis, un organismo representativo de los t\u00e1rtaros de Crimea que fue trasladado a Kiev, despu\u00e9s de que Rusia se apodera de la pen\u00ednsula en 2014. Fue sacado de Crimea, donde viv\u00eda a pesar de la anexi\u00f3n, un a\u00f1o antes de la guerra.<br \/>\nEl jefe del Mejlis, Refat Chubarov, y el l\u00edder t\u00e1rtaro de Crimea, Mustafa Dzhemilev, lo abrazaron despu\u00e9s de casi tres a\u00f1os de cautiverio.<br \/>\nSin embargo, Dzhelyal sostuvo que muchos ucranianos siguen en cautiverio: \u201cNo podemos dejarlos all\u00ed porque las condiciones, tanto psicol\u00f3gicas como f\u00edsicas, son muy aterradoras\u201d.<br \/>\nLos exprisioneros, envueltos en banderas azules y amarillas, se reunieron con sus familias en Kiev y llamaron a quienes no pudieron estar all\u00ed. Para algunos, la separaci\u00f3n hab\u00eda durado muchos a\u00f1os.<br \/>\n\u201cTengo muchas ganas de abrazarte. Estar\u00e9 contigo pronto, mami\u201d, dijo Isabella Pekh, hija de la historiadora de arte liberada Olena Pekh, a trav\u00e9s de una videollamada. \u201cLamento mucho no haber podido conocerte\u201d. Durante casi seis a\u00f1os, Isabella Pekh habl\u00f3 en conferencias internacionales y pidi\u00f3 ayuda a los embajadores para liberar a su madre, que estaba detenida en la parte ocupada de la regi\u00f3n de Donetsk.<br \/>\n\u201cFueron seis a\u00f1os de infierno que las palabras no pueden describir. Pero sab\u00eda que ten\u00eda mi patria, ten\u00eda gente que me amaba, ten\u00eda a mi hija\u201d, se\u00f1al\u00f3 Olena Pekh.<br \/>\nEntre los liberados se encuentran dos sacerdotes greco-cat\u00f3licos ucranianos. Uno de ellos, Bohdan Heleta, fue detenido en 2022 en su Iglesia de la ciudad ocupada de Berdiansk, en la regi\u00f3n sudoriental de Zaporizhzhia..<br \/>\n\u201cHay muchos de nuestros hombres y mujeres all\u00ed\u201d, indic\u00f3 Heleta sobre los que siguen encarcelados. \u201cNecesitan ayuda, ayuda concreta. Lo est\u00e1n esperando\u201d.<br \/>\nEl Papa Francisco en un discurso, el s\u00e1bado pidi\u00f3 la liberaci\u00f3n de todos los prisioneros de guerra y agradeci\u00f3 a Dios por la liberaci\u00f3n de los dos sacerdotes.<br \/>\n\u201cEstoy agradecido a todos los que ayudaron. Agradezco a nuestro equipo que trabaja para liberar a los prisioneros. Tambi\u00e9n quiero reconocer los esfuerzos de la Santa Sede para traer a estas personas a casa\u201d, escribi\u00f3 Zelensky en sus redes sociales.<br \/>\nSeg\u00fan el Cuartel General de Coordinaci\u00f3n para el Tratamiento de Prisioneros de Guerra de Ucrania, 3.310 ucranianos ya han sido liberados del cautiverio ruso desde la invasi\u00f3n a gran escala de Rusia. Muchos miles de personas, tanto civiles como militares, siguen encarcelados.<br \/>\nEl viernes, durante una rueda de prensa conjunta con su hom\u00f3loga eslovena Natasha Pirc Musar, Zelensky agreg\u00f3 que su administraci\u00f3n trabaja en un plan integral para \u201cponer fin a la guerra\u201d que estar\u00e1 listo este a\u00f1o y que espera obtener el apoyo de la mayor\u00eda de pa\u00edses del mundo.<br \/>\n\u201cEs muy importante para nosotros presentar un plan para poner fin a la guerra que sea apoyado por la mayor\u00eda en el mundo\u201d, asever\u00f3 Zelensky, citado por la agencia ucraniana de noticias Ukrinform. (Infobae, AP y EFE)<\/p>\n","protected":false},"excerpt":{"rendered":"<p>Una decena de civiles ucranianos mantenidos prisioneros durante seis a\u00f1os por autoridades de Rusia llegaron a Kiev durante este s\u00e1bado tras la mediaci\u00f3n del Vaticano, confirm\u00f3 el presidente de Ucrania, Volodimir Zelensky, quien el viernes hab\u00eda anunciado su liberaci\u00f3n. El Papa Francisco dijo que el Vaticano ha estado involucrado en intercambios de prisioneros anteriores durante [&hellip;]<\/p>\n","protected":false},"author":1,"featured_media":230805,"comment_status":"open","ping_status":"open","sticky":false,"template":"","format":"standard","meta":{"_acf_changed":false,"footnotes":""},"categories":[3],"tags":[],"class_list":["post-230804","post","type-post","status-publish","format-standard","has-post-thumbnail","category-internacional"],"acf":{"antetitulo":"Con mediaci\u00f3n del Vaticano"},"yoast_head":"<!-- This site is optimized with the Yoast SEO plugin v28.3 - https:\/\/yoast.com\/product\/yoast-seo-wordpress\/ -->\n<title>Diez civiles liberados tras seis a\u00f1os de cautiverio en Rusia llegaron a Kiev - El Diario - Bolivia<\/title>\n<meta name=\"robots\" content=\"index, follow, max-snippet:-1, max-image-preview:large, max-video-preview:-1\" \/>\n<link rel=\"canonical\" href=\"https:\/\/www.eldiario.net\/portal\/2024\/06\/30\/diez-civiles-liberados-tras-seis-anos-de-cautiverio-en-rusia-llegaron-a-kiev\/\" \/>\n<meta property=\"og:locale\" content=\"es_ES\" \/>\n<meta property=\"og:type\" content=\"article\" \/>\n<meta property=\"og:title\" content=\"Diez civiles liberados tras seis a\u00f1os de cautiverio en Rusia llegaron a Kiev - El Diario - Bolivia\" \/>\n<meta property=\"og:description\" content=\"Una decena de civiles ucranianos mantenidos prisioneros durante seis a\u00f1os por autoridades de Rusia llegaron a Kiev durante este s\u00e1bado tras la mediaci\u00f3n del Vaticano, confirm\u00f3 el presidente de Ucrania, Volodimir Zelensky, quien el viernes hab\u00eda anunciado su liberaci\u00f3n. El Papa Francisco dijo que el Vaticano ha estado involucrado en intercambios de prisioneros anteriores durante [&hellip;]\" \/>\n<meta property=\"og:url\" content=\"https:\/\/www.eldiario.net\/portal\/2024\/06\/30\/diez-civiles-liberados-tras-seis-anos-de-cautiverio-en-rusia-llegaron-a-kiev\/\" \/>\n<meta property=\"og:site_name\" content=\"El Diario - Bolivia\" \/>\n<meta property=\"article:publisher\" content=\"https:\/\/www.facebook.com\/eldiario.bolivia\/\" \/>\n<meta property=\"article:published_time\" content=\"2024-06-30T11:40:14+00:00\" \/>\n<meta property=\"og:image\" content=\"https:\/\/www.eldiario.net\/portal\/wp-content\/uploads\/2024\/06\/liberados-AP.jpg\" \/>\n\t<meta property=\"og:image:width\" content=\"992\" \/>\n\t<meta property=\"og:image:height\" content=\"661\" \/>\n\t<meta property=\"og:image:type\" content=\"image\/jpeg\" \/>\n<meta name=\"author\" content=\"Jeanette\" \/>\n<meta name=\"twitter:card\" content=\"summary_large_image\" \/>\n<meta name=\"twitter:creator\" content=\"@eldiario_net\" \/>\n<meta name=\"twitter:site\" content=\"@eldiario_net\" \/>\n<meta name=\"twitter:label1\" content=\"Escrito por\" \/>\n\t<meta name=\"twitter:data1\" content=\"Jeanette\" \/>\n\t<meta name=\"twitter:label2\" content=\"Tiempo de lectura\" \/>\n\t<meta name=\"twitter:data2\" content=\"3 minutos\" \/>\n<script type=\"application\/ld+json\" class=\"yoast-schema-graph\">{\"@context\":\"https:\\\/\\\/schema.org\",\"@graph\":[{\"@type\":\"Article\",\"@id\":\"https:\\\/\\\/www.eldiario.net\\\/portal\\\/2024\\\/06\\\/30\\\/diez-civiles-liberados-tras-seis-anos-de-cautiverio-en-rusia-llegaron-a-kiev\\\/#article\",\"isPartOf\":{\"@id\":\"https:\\\/\\\/www.eldiario.net\\\/portal\\\/2024\\\/06\\\/30\\\/diez-civiles-liberados-tras-seis-anos-de-cautiverio-en-rusia-llegaron-a-kiev\\\/\"},\"author\":{\"name\":\"Jeanette\",\"@id\":\"https:\\\/\\\/www.eldiario.net\\\/portal\\\/#\\\/schema\\\/person\\\/f46445640444750d7d753ccd04ae01b7\"},\"headline\":\"Diez civiles liberados tras seis a\u00f1os de cautiverio en Rusia llegaron a Kiev\",\"datePublished\":\"2024-06-30T11:40:14+00:00\",\"mainEntityOfPage\":{\"@id\":\"https:\\\/\\\/www.eldiario.net\\\/portal\\\/2024\\\/06\\\/30\\\/diez-civiles-liberados-tras-seis-anos-de-cautiverio-en-rusia-llegaron-a-kiev\\\/\"},\"wordCount\":590,\"commentCount\":0,\"publisher\":{\"@id\":\"https:\\\/\\\/www.eldiario.net\\\/portal\\\/#organization\"},\"image\":{\"@id\":\"https:\\\/\\\/www.eldiario.net\\\/portal\\\/2024\\\/06\\\/30\\\/diez-civiles-liberados-tras-seis-anos-de-cautiverio-en-rusia-llegaron-a-kiev\\\/#primaryimage\"},\"thumbnailUrl\":\"https:\\\/\\\/www.eldiario.net\\\/portal\\\/wp-content\\\/uploads\\\/2024\\\/06\\\/liberados-AP.jpg\",\"articleSection\":[\"Internacional\"],\"inLanguage\":\"es\",\"potentialAction\":[{\"@type\":\"CommentAction\",\"name\":\"Comment\",\"target\":[\"https:\\\/\\\/www.eldiario.net\\\/portal\\\/2024\\\/06\\\/30\\\/diez-civiles-liberados-tras-seis-anos-de-cautiverio-en-rusia-llegaron-a-kiev\\\/#respond\"]}]},{\"@type\":\"WebPage\",\"@id\":\"https:\\\/\\\/www.eldiario.net\\\/portal\\\/2024\\\/06\\\/30\\\/diez-civiles-liberados-tras-seis-anos-de-cautiverio-en-rusia-llegaron-a-kiev\\\/\",\"url\":\"https:\\\/\\\/www.eldiario.net\\\/portal\\\/2024\\\/06\\\/30\\\/diez-civiles-liberados-tras-seis-anos-de-cautiverio-en-rusia-llegaron-a-kiev\\\/\",\"name\":\"Diez civiles liberados tras seis a\u00f1os de cautiverio en Rusia llegaron a Kiev - El Diario - Bolivia\",\"isPartOf\":{\"@id\":\"https:\\\/\\\/www.eldiario.net\\\/portal\\\/#website\"},\"primaryImageOfPage\":{\"@id\":\"https:\\\/\\\/www.eldiario.net\\\/portal\\\/2024\\\/06\\\/30\\\/diez-civiles-liberados-tras-seis-anos-de-cautiverio-en-rusia-llegaron-a-kiev\\\/#primaryimage\"},\"image\":{\"@id\":\"https:\\\/\\\/www.eldiario.net\\\/portal\\\/2024\\\/06\\\/30\\\/diez-civiles-liberados-tras-seis-anos-de-cautiverio-en-rusia-llegaron-a-kiev\\\/#primaryimage\"},\"thumbnailUrl\":\"https:\\\/\\\/www.eldiario.net\\\/portal\\\/wp-content\\\/uploads\\\/2024\\\/06\\\/liberados-AP.jpg\",\"datePublished\":\"2024-06-30T11:40:14+00:00\",\"breadcrumb\":{\"@id\":\"https:\\\/\\\/www.eldiario.net\\\/portal\\\/2024\\\/06\\\/30\\\/diez-civiles-liberados-tras-seis-anos-de-cautiverio-en-rusia-llegaron-a-kiev\\\/#breadcrumb\"},\"inLanguage\":\"es\",\"potentialAction\":[{\"@type\":\"ReadAction\",\"target\":[\"https:\\\/\\\/www.eldiario.net\\\/portal\\\/2024\\\/06\\\/30\\\/diez-civiles-liberados-tras-seis-anos-de-cautiverio-en-rusia-llegaron-a-kiev\\\/\"]}]},{\"@type\":\"ImageObject\",\"inLanguage\":\"es\",\"@id\":\"https:\\\/\\\/www.eldiario.net\\\/portal\\\/2024\\\/06\\\/30\\\/diez-civiles-liberados-tras-seis-anos-de-cautiverio-en-rusia-llegaron-a-kiev\\\/#primaryimage\",\"url\":\"https:\\\/\\\/www.eldiario.net\\\/portal\\\/wp-content\\\/uploads\\\/2024\\\/06\\\/liberados-AP.jpg\",\"contentUrl\":\"https:\\\/\\\/www.eldiario.net\\\/portal\\\/wp-content\\\/uploads\\\/2024\\\/06\\\/liberados-AP.jpg\",\"width\":992,\"height\":661,\"caption\":\"Nariman Dzhelyal -segundo por la derecha-, vicepresidente del Mejlis, junto a otros prisioneros reci\u00e9n liberados, en el aeropuerto de Kiev.\"},{\"@type\":\"BreadcrumbList\",\"@id\":\"https:\\\/\\\/www.eldiario.net\\\/portal\\\/2024\\\/06\\\/30\\\/diez-civiles-liberados-tras-seis-anos-de-cautiverio-en-rusia-llegaron-a-kiev\\\/#breadcrumb\",\"itemListElement\":[{\"@type\":\"ListItem\",\"position\":1,\"name\":\"Portada\",\"item\":\"https:\\\/\\\/www.eldiario.net\\\/portal\\\/\"},{\"@type\":\"ListItem\",\"position\":2,\"name\":\"Diez civiles liberados tras seis a\u00f1os de cautiverio en Rusia llegaron a Kiev\"}]},{\"@type\":\"WebSite\",\"@id\":\"https:\\\/\\\/www.eldiario.net\\\/portal\\\/#website\",\"url\":\"https:\\\/\\\/www.eldiario.net\\\/portal\\\/\",\"name\":\"El Diario - Decano de la prensa nacional\",\"description\":\"El Diario - Decano de la prensa nacional\",\"publisher\":{\"@id\":\"https:\\\/\\\/www.eldiario.net\\\/portal\\\/#organization\"},\"potentialAction\":[{\"@type\":\"SearchAction\",\"target\":{\"@type\":\"EntryPoint\",\"urlTemplate\":\"https:\\\/\\\/www.eldiario.net\\\/portal\\\/?s={search_term_string}\"},\"query-input\":{\"@type\":\"PropertyValueSpecification\",\"valueRequired\":true,\"valueName\":\"search_term_string\"}}],\"inLanguage\":\"es\"},{\"@type\":\"Organization\",\"@id\":\"https:\\\/\\\/www.eldiario.net\\\/portal\\\/#organization\",\"name\":\"El Diario - Decano de la prensa nacional\",\"url\":\"https:\\\/\\\/www.eldiario.net\\\/portal\\\/\",\"logo\":{\"@type\":\"ImageObject\",\"inLanguage\":\"es\",\"@id\":\"https:\\\/\\\/www.eldiario.net\\\/portal\\\/#\\\/schema\\\/logo\\\/image\\\/\",\"url\":\"https:\\\/\\\/www.eldiario.net\\\/portal\\\/wp-content\\\/uploads\\\/2023\\\/07\\\/logo_ED.jpg\",\"contentUrl\":\"https:\\\/\\\/www.eldiario.net\\\/portal\\\/wp-content\\\/uploads\\\/2023\\\/07\\\/logo_ED.jpg\",\"width\":272,\"height\":52,\"caption\":\"El Diario - Decano de la prensa nacional\"},\"image\":{\"@id\":\"https:\\\/\\\/www.eldiario.net\\\/portal\\\/#\\\/schema\\\/logo\\\/image\\\/\"},\"sameAs\":[\"https:\\\/\\\/www.facebook.com\\\/eldiario.bolivia\\\/\",\"https:\\\/\\\/x.com\\\/eldiario_net\"]},{\"@type\":\"Person\",\"@id\":\"https:\\\/\\\/www.eldiario.net\\\/portal\\\/#\\\/schema\\\/person\\\/f46445640444750d7d753ccd04ae01b7\",\"name\":\"Jeanette\",\"image\":{\"@type\":\"ImageObject\",\"inLanguage\":\"es\",\"@id\":\"https:\\\/\\\/secure.gravatar.com\\\/avatar\\\/3ea2118a5f7dad2b7138b1187a6b7ee55f160b9968b66013c3a3ef39dd7e5798?s=96&d=mm&r=g\",\"url\":\"https:\\\/\\\/secure.gravatar.com\\\/avatar\\\/3ea2118a5f7dad2b7138b1187a6b7ee55f160b9968b66013c3a3ef39dd7e5798?s=96&d=mm&r=g\",\"contentUrl\":\"https:\\\/\\\/secure.gravatar.com\\\/avatar\\\/3ea2118a5f7dad2b7138b1187a6b7ee55f160b9968b66013c3a3ef39dd7e5798?s=96&d=mm&r=g\",\"caption\":\"Jeanette\"},\"sameAs\":[\"https:\\\/\\\/www.eldiario.net\\\/portal\"],\"url\":\"https:\\\/\\\/www.eldiario.net\\\/portal\\\/author\\\/jeanette\\\/\"}]}<\/script>\n<!-- \/ Yoast SEO plugin. -->","yoast_head_json":{"title":"Diez civiles liberados tras seis a\u00f1os de cautiverio en Rusia llegaron a Kiev - El Diario - Bolivia","robots":{"index":"index","follow":"follow","max-snippet":"max-snippet:-1","max-image-preview":"max-image-preview:large","max-video-preview":"max-video-preview:-1"},"canonical":"https:\/\/www.eldiario.net\/portal\/2024\/06\/30\/diez-civiles-liberados-tras-seis-anos-de-cautiverio-en-rusia-llegaron-a-kiev\/","og_locale":"es_ES","og_type":"article","og_title":"Diez civiles liberados tras seis a\u00f1os de cautiverio en Rusia llegaron a Kiev - El Diario - Bolivia","og_description":"Una decena de civiles ucranianos mantenidos prisioneros durante seis a\u00f1os por autoridades de Rusia llegaron a Kiev durante este s\u00e1bado tras la mediaci\u00f3n del Vaticano, confirm\u00f3 el presidente de Ucrania, Volodimir Zelensky, quien el viernes hab\u00eda anunciado su liberaci\u00f3n. El Papa Francisco dijo que el Vaticano ha estado involucrado en intercambios de prisioneros anteriores durante [&hellip;]","og_url":"https:\/\/www.eldiario.net\/portal\/2024\/06\/30\/diez-civiles-liberados-tras-seis-anos-de-cautiverio-en-rusia-llegaron-a-kiev\/","og_site_name":"El Diario - Bolivia","article_publisher":"https:\/\/www.facebook.com\/eldiario.bolivia\/","article_published_time":"2024-06-30T11:40:14+00:00","og_image":[{"width":992,"height":661,"url":"https:\/\/www.eldiario.net\/portal\/wp-content\/uploads\/2024\/06\/liberados-AP.jpg","type":"image\/jpeg"}],"author":"Jeanette","twitter_card":"summary_large_image","twitter_creator":"@eldiario_net","twitter_site":"@eldiario_net","twitter_misc":{"Escrito por":"Jeanette","Tiempo de lectura":"3 minutos"},"schema":{"@context":"https:\/\/schema.org","@graph":[{"@type":"Article","@id":"https:\/\/www.eldiario.net\/portal\/2024\/06\/30\/diez-civiles-liberados-tras-seis-anos-de-cautiverio-en-rusia-llegaron-a-kiev\/#article","isPartOf":{"@id":"https:\/\/www.eldiario.net\/portal\/2024\/06\/30\/diez-civiles-liberados-tras-seis-anos-de-cautiverio-en-rusia-llegaron-a-kiev\/"},"author":{"name":"Jeanette","@id":"https:\/\/www.eldiario.net\/portal\/#\/schema\/person\/f46445640444750d7d753ccd04ae01b7"},"headline":"Diez civiles liberados tras seis a\u00f1os de cautiverio en Rusia llegaron a Kiev","datePublished":"2024-06-30T11:40:14+00:00","mainEntityOfPage":{"@id":"https:\/\/www.eldiario.net\/portal\/2024\/06\/30\/diez-civiles-liberados-tras-seis-anos-de-cautiverio-en-rusia-llegaron-a-kiev\/"},"wordCount":590,"commentCount":0,"publisher":{"@id":"https:\/\/www.eldiario.net\/portal\/#organization"},"image":{"@id":"https:\/\/www.eldiario.net\/portal\/2024\/06\/30\/diez-civiles-liberados-tras-seis-anos-de-cautiverio-en-rusia-llegaron-a-kiev\/#primaryimage"},"thumbnailUrl":"https:\/\/www.eldiario.net\/portal\/wp-content\/uploads\/2024\/06\/liberados-AP.jpg","articleSection":["Internacional"],"inLanguage":"es","potentialAction":[{"@type":"CommentAction","name":"Comment","target":["https:\/\/www.eldiario.net\/portal\/2024\/06\/30\/diez-civiles-liberados-tras-seis-anos-de-cautiverio-en-rusia-llegaron-a-kiev\/#respond"]}]},{"@type":"WebPage","@id":"https:\/\/www.eldiario.net\/portal\/2024\/06\/30\/diez-civiles-liberados-tras-seis-anos-de-cautiverio-en-rusia-llegaron-a-kiev\/","url":"https:\/\/www.eldiario.net\/portal\/2024\/06\/30\/diez-civiles-liberados-tras-seis-anos-de-cautiverio-en-rusia-llegaron-a-kiev\/","name":"Diez civiles liberados tras seis a\u00f1os de cautiverio en Rusia llegaron a Kiev - El Diario - Bolivia","isPartOf":{"@id":"https:\/\/www.eldiario.net\/portal\/#website"},"primaryImageOfPage":{"@id":"https:\/\/www.eldiario.net\/portal\/2024\/06\/30\/diez-civiles-liberados-tras-seis-anos-de-cautiverio-en-rusia-llegaron-a-kiev\/#primaryimage"},"image":{"@id":"https:\/\/www.eldiario.net\/portal\/2024\/06\/30\/diez-civiles-liberados-tras-seis-anos-de-cautiverio-en-rusia-llegaron-a-kiev\/#primaryimage"},"thumbnailUrl":"https:\/\/www.eldiario.net\/portal\/wp-content\/uploads\/2024\/06\/liberados-AP.jpg","datePublished":"2024-06-30T11:40:14+00:00","breadcrumb":{"@id":"https:\/\/www.eldiario.net\/portal\/2024\/06\/30\/diez-civiles-liberados-tras-seis-anos-de-cautiverio-en-rusia-llegaron-a-kiev\/#breadcrumb"},"inLanguage":"es","potentialAction":[{"@type":"ReadAction","target":["https:\/\/www.eldiario.net\/portal\/2024\/06\/30\/diez-civiles-liberados-tras-seis-anos-de-cautiverio-en-rusia-llegaron-a-kiev\/"]}]},{"@type":"ImageObject","inLanguage":"es","@id":"https:\/\/www.eldiario.net\/portal\/2024\/06\/30\/diez-civiles-liberados-tras-seis-anos-de-cautiverio-en-rusia-llegaron-a-kiev\/#primaryimage","url":"https:\/\/www.eldiario.net\/portal\/wp-content\/uploads\/2024\/06\/liberados-AP.jpg","contentUrl":"https:\/\/www.eldiario.net\/portal\/wp-content\/uploads\/2024\/06\/liberados-AP.jpg","width":992,"height":661,"caption":"Nariman Dzhelyal -segundo por la derecha-, vicepresidente del Mejlis, junto a otros prisioneros reci\u00e9n liberados, en el aeropuerto de Kiev."},{"@type":"BreadcrumbList","@id":"https:\/\/www.eldiario.net\/portal\/2024\/06\/30\/diez-civiles-liberados-tras-seis-anos-de-cautiverio-en-rusia-llegaron-a-kiev\/#breadcrumb","itemListElement":[{"@type":"ListItem","position":1,"name":"Portada","item":"https:\/\/www.eldiario.net\/portal\/"},{"@type":"ListItem","position":2,"name":"Diez civiles liberados tras seis a\u00f1os de cautiverio en Rusia llegaron a Kiev"}]},{"@type":"WebSite","@id":"https:\/\/www.eldiario.net\/portal\/#website","url":"https:\/\/www.eldiario.net\/portal\/","name":"El Diario - Decano de la prensa nacional","description":"El Diario - Decano de la prensa nacional","publisher":{"@id":"https:\/\/www.eldiario.net\/portal\/#organization"},"potentialAction":[{"@type":"SearchAction","target":{"@type":"EntryPoint","urlTemplate":"https:\/\/www.eldiario.net\/portal\/?s={search_term_string}"},"query-input":{"@type":"PropertyValueSpecification","valueRequired":true,"valueName":"search_term_string"}}],"inLanguage":"es"},{"@type":"Organization","@id":"https:\/\/www.eldiario.net\/portal\/#organization","name":"El Diario - Decano de la prensa nacional","url":"https:\/\/www.eldiario.net\/portal\/","logo":{"@type":"ImageObject","inLanguage":"es","@id":"https:\/\/www.eldiario.net\/portal\/#\/schema\/logo\/image\/","url":"https:\/\/www.eldiario.net\/portal\/wp-content\/uploads\/2023\/07\/logo_ED.jpg","contentUrl":"https:\/\/www.eldiario.net\/portal\/wp-content\/uploads\/2023\/07\/logo_ED.jpg","width":272,"height":52,"caption":"El Diario - Decano de la prensa nacional"},"image":{"@id":"https:\/\/www.eldiario.net\/portal\/#\/schema\/logo\/image\/"},"sameAs":["https:\/\/www.facebook.com\/eldiario.bolivia\/","https:\/\/x.com\/eldiario_net"]},{"@type":"Person","@id":"https:\/\/www.eldiario.net\/portal\/#\/schema\/person\/f46445640444750d7d753ccd04ae01b7","name":"Jeanette","image":{"@type":"ImageObject","inLanguage":"es","@id":"https:\/\/secure.gravatar.com\/avatar\/3ea2118a5f7dad2b7138b1187a6b7ee55f160b9968b66013c3a3ef39dd7e5798?s=96&d=mm&r=g","url":"https:\/\/secure.gravatar.com\/avatar\/3ea2118a5f7dad2b7138b1187a6b7ee55f160b9968b66013c3a3ef39dd7e5798?s=96&d=mm&r=g","contentUrl":"https:\/\/secure.gravatar.com\/avatar\/3ea2118a5f7dad2b7138b1187a6b7ee55f160b9968b66013c3a3ef39dd7e5798?s=96&d=mm&r=g","caption":"Jeanette"},"sameAs":["https:\/\/www.eldiario.net\/portal"],"url":"https:\/\/www.eldiario.net\/portal\/author\/jeanette\/"}]}},"_links":{"self":[{"href":"https:\/\/www.eldiario.net\/portal\/wp-json\/wp\/v2\/posts\/230804","targetHints":{"allow":["GET"]}}],"collection":[{"href":"https:\/\/www.eldiario.net\/portal\/wp-json\/wp\/v2\/posts"}],"about":[{"href":"https:\/\/www.eldiario.net\/portal\/wp-json\/wp\/v2\/types\/post"}],"author":[{"embeddable":true,"href":"https:\/\/www.eldiario.net\/portal\/wp-json\/wp\/v2\/users\/1"}],"replies":[{"embeddable":true,"href":"https:\/\/www.eldiario.net\/portal\/wp-json\/wp\/v2\/comments?post=230804"}],"version-history":[{"count":1,"href":"https:\/\/www.eldiario.net\/portal\/wp-json\/wp\/v2\/posts\/230804\/revisions"}],"predecessor-version":[{"id":230806,"href":"https:\/\/www.eldiario.net\/portal\/wp-json\/wp\/v2\/posts\/230804\/revisions\/230806"}],"wp:featuredmedia":[{"embeddable":true,"href":"https:\/\/www.eldiario.net\/portal\/wp-json\/wp\/v2\/media\/230805"}],"wp:attachment":[{"href":"https:\/\/www.eldiario.net\/portal\/wp-json\/wp\/v2\/media?parent=230804"}],"wp:term":[{"taxonomy":"category","embeddable":true,"href":"https:\/\/www.eldiario.net\/portal\/wp-json\/wp\/v2\/categories?post=230804"},{"taxonomy":"post_tag","embeddable":true,"href":"https:\/\/www.eldiario.net\/portal\/wp-json\/wp\/v2\/tags?post=230804"}],"curies":[{"name":"wp","href":"https:\/\/api.w.org\/{rel}","templated":true}]}}