{"id":230799,"date":"2024-06-30T07:38:16","date_gmt":"2024-06-30T11:38:16","guid":{"rendered":"https:\/\/www.eldiario.net\/portal\/?p=230799"},"modified":"2024-06-30T07:38:16","modified_gmt":"2024-06-30T11:38:16","slug":"proceso-de-preseleccion-se-reanudara-desde-el-lunes","status":"publish","type":"post","link":"https:\/\/www.eldiario.net\/portal\/2024\/06\/30\/proceso-de-preseleccion-se-reanudara-desde-el-lunes\/","title":{"rendered":"Proceso de preselecci\u00f3n se  reanudar\u00e1 desde el lunes"},"content":{"rendered":"<p>Evaluaci\u00f3n de m\u00e9ritos se desarrollar\u00e1 conforme lo dispuesto en el art\u00edculo 35 de la ley 1549, de 6 de febrero de 2024 y se desarrollar\u00e1 desde el 1 hasta el 7 de julio del a\u00f1o en curso.<br \/>\nMediante comunicados, las Comisiones Mixtas de Constituci\u00f3n y Justicia Plural, de la Asamblea Legislativa Plurinacional (ALP), instancias encargadas de llevar adelante la preselecci\u00f3n de candidatos a las elecciones judiciales, determinaron continuar con las evaluaciones orales y escritas a los postulantes, a partir de este lunes.<br \/>\nDesde la Comisi\u00f3n Mixta de Constituci\u00f3n, Legislaci\u00f3n y Sistema Electoral, se convoc\u00f3 a los postulantes habilitados para continuar con la preselecci\u00f3n de candidatos al Tribunal Constitucional Plurinacional (TCP) y Tribunal Supremo de Justicia (TSJ).<br \/>\nLa evaluaci\u00f3n de m\u00e9ritos para los postulantes a estas Cortes se desarrollar\u00e1 conforme lo dispuesto en el art\u00edculo 35 de la ley 1549, de 6 de febrero de 2024 y se desarrollar\u00e1 desde el 1 hasta el 7 de julio del a\u00f1o en curso en el antiguo hemiciclo de la C\u00e1mara de Senadores.<br \/>\nEn el caso de la Comisi\u00f3n Mixta de Justicia Plural, Ministerio P\u00fablico y Defensa Legal del Estado, se comunic\u00f3 a los postulantes habilitados (a la fecha) para el Tribunal Agroambiental y Consejo de la Magistratura, que se dispuso reanudar el proceso de preselecci\u00f3n a partir del 02 de julio del a\u00f1o en curso, con la finalidad de reanudar las fases pendientes del proceso de preselecci\u00f3n en el marco de la ley 1549.<br \/>\nEn este caso, considerando que, con car\u00e1cter previo a los ex\u00e1menes orales de las y los postulantes, el pleno de la Comisi\u00f3n Mixta debe emitir nuevas resoluciones emergentes de las acciones de amparo Constitucional y resolver las solicitudes de revisi\u00f3n extraordinaria, esta instancia publicar\u00e1 y notificar\u00e1 a las y los postulantes habilitados con el respectivo cronograma de ex\u00e1menes orales, con anticipaci\u00f3n de 72 horas antes del d\u00eda de los ex\u00e1menes.<br \/>\nAsimismo, se inform\u00f3 que las listas de postulantes habilitados para la fase de evaluaci\u00f3n de m\u00e9ritos mediante examen de preguntas escritas y respuestas orales, pueden ser consultadas en las p\u00e1ginas oficiales de la C\u00e1mara de Senadores.<br \/>\nTras el anuncio de continuidad en el trabajo de Comisiones Mixtas en la preselecci\u00f3n para las elecciones judiciales, el diputado por Comunidad Ciudadana (CC), Alejandro Reyes, se\u00f1al\u00f3 que este proceso debe continuar en instancias de la Asamblea Legislativa Plurinacional, pese a todas las trabas del ala \u201carcista\u201d en el Movimiento al Socialismo (MAS).<br \/>\nEn criterio del asamble\u00edsta de oposici\u00f3n, es importante que se contin\u00fae con este trabajo, pese a todos los escenarios conflictivos propios de la coyuntura pol\u00edtica y temas ajenos al trabajo legislativo, pues se trata de una demanda de la poblaci\u00f3n, misma que viene siendo postergada desde la gesti\u00f3n pasada debido a intereses y pugnas de poder.<br \/>\n\u201cEste proceso debe continuar m\u00e1s all\u00e1 de las farsas y los shows montados, esa es una necesidad de fondo que exige la ciudadan\u00eda para dar garant\u00edas a una elecci\u00f3n m\u00e1s adelante\u201d, sostuvo el asamble\u00edsta pace\u00f1o a trav\u00e9s de sus redes sociales.<br \/>\nEn ese contexto, el parlamentario tambi\u00e9n advirti\u00f3 que la preselecci\u00f3n debe continuar avanzando sin importar las maniobras que busquen obstaculizarla desde el ala \u201carcista\u201d del oficialismo.<br \/>\n\u201cAunque la bancada minoritaria de Luis Arce Catacora se oponga, se debe continuar con el proceso de preselecci\u00f3n para los comicios judiciales\u201d, concluy\u00f3 Reyes.<br \/>\nPreviamente, la diputada cruce\u00f1a Luisa Nayar hab\u00eda destacado que este proceso haya logrado destrabarse pese al evidente boicot y las maniobras del poder para mantenerlo estancado.<br \/>\n\u201cA pesar del boicot y las chicanas del Gobierno que quiere mantener su tiran\u00eda judicial, la Comisi\u00f3n Mixta de Justicia Plural de la Asamblea Legislativa Plurinacional retom\u00f3 el proceso de selecci\u00f3n de candidatos para las elecciones judiciales. Ahora se debe avanzar sin pausas hasta culminar con el objetivo de tener magistrados probos, id\u00f3neos e independientes\u201d, expres\u00f3.<br \/>\nEn mayo de esta gesti\u00f3n, la Sala Segunda del Tribunal Constitucional Plurinacional (TCP) revoc\u00f3 el fallo de la Sala Constitucional Primera del Tribunal Departamental de Justicia de Pando, que hab\u00eda anulado el proceso de las elecciones judiciales, exhortando a garantizar los derechos de las mujeres e ind\u00edgenas en la preselecci\u00f3n de candidatos.<br \/>\nPosteriormente, el 6 de junio, una sesi\u00f3n plenaria de la Asamblea Legislativa Plurinacional, convocada y presidida por el presidente del Senado, Andr\u00f3nico Rodr\u00edguez, aprob\u00f3 por m\u00e1s de dos tercios una resoluci\u00f3n que viabiliza la continuidad del proceso de las elecciones judiciales, instruyendo a las Comisiones Mixtas de Constituci\u00f3n y Justicia Plural, dar continuidad a la selecci\u00f3n de postulantes.<br \/>\nLa referida resoluci\u00f3n, fue respaldada por el voto de opositores y miembros del ala \u201cevista\u201d del oficialismo, ordenando la continuidad de las elecciones judiciales, adem\u00e1s de aprobar el proyecto de ley 075 de cesaci\u00f3n de funciones a los magistrados prorrogados en el \u00d3rgano Judicial.<\/p>\n","protected":false},"excerpt":{"rendered":"<p>Evaluaci\u00f3n de m\u00e9ritos se desarrollar\u00e1 conforme lo dispuesto en el art\u00edculo 35 de la ley 1549, de 6 de febrero de 2024 y se desarrollar\u00e1 desde el 1 hasta el 7 de julio del a\u00f1o en curso. Mediante comunicados, las Comisiones Mixtas de Constituci\u00f3n y Justicia Plural, de la Asamblea Legislativa Plurinacional (ALP), instancias encargadas [&hellip;]<\/p>\n","protected":false},"author":1,"featured_media":230800,"comment_status":"open","ping_status":"open","sticky":false,"template":"","format":"standard","meta":{"_acf_changed":false,"footnotes":""},"categories":[14],"tags":[],"class_list":["post-230799","post","type-post","status-publish","format-standard","has-post-thumbnail","category-politica"],"acf":{"antetitulo":"Elecciones Judiciales"},"yoast_head":"<!-- This site is optimized with the Yoast SEO plugin v28.3 - https:\/\/yoast.com\/product\/yoast-seo-wordpress\/ -->\n<title>Proceso de preselecci\u00f3n se reanudar\u00e1 desde el lunes - El Diario - Bolivia<\/title>\n<meta name=\"robots\" content=\"index, follow, max-snippet:-1, max-image-preview:large, max-video-preview:-1\" \/>\n<link rel=\"canonical\" href=\"https:\/\/www.eldiario.net\/portal\/2024\/06\/30\/proceso-de-preseleccion-se-reanudara-desde-el-lunes\/\" \/>\n<meta property=\"og:locale\" content=\"es_ES\" \/>\n<meta property=\"og:type\" content=\"article\" \/>\n<meta property=\"og:title\" content=\"Proceso de preselecci\u00f3n se reanudar\u00e1 desde el lunes - El Diario - Bolivia\" \/>\n<meta property=\"og:description\" content=\"Evaluaci\u00f3n de m\u00e9ritos se desarrollar\u00e1 conforme lo dispuesto en el art\u00edculo 35 de la ley 1549, de 6 de febrero de 2024 y se desarrollar\u00e1 desde el 1 hasta el 7 de julio del a\u00f1o en curso. Mediante comunicados, las Comisiones Mixtas de Constituci\u00f3n y Justicia Plural, de la Asamblea Legislativa Plurinacional (ALP), instancias encargadas [&hellip;]\" \/>\n<meta property=\"og:url\" content=\"https:\/\/www.eldiario.net\/portal\/2024\/06\/30\/proceso-de-preseleccion-se-reanudara-desde-el-lunes\/\" \/>\n<meta property=\"og:site_name\" content=\"El Diario - Bolivia\" \/>\n<meta property=\"article:publisher\" content=\"https:\/\/www.facebook.com\/eldiario.bolivia\/\" \/>\n<meta property=\"article:published_time\" content=\"2024-06-30T11:38:16+00:00\" \/>\n<meta property=\"og:image\" content=\"https:\/\/www.eldiario.net\/portal\/wp-content\/uploads\/2024\/06\/40-POL-17.jpg\" \/>\n\t<meta property=\"og:image:width\" content=\"770\" \/>\n\t<meta property=\"og:image:height\" content=\"430\" \/>\n\t<meta property=\"og:image:type\" content=\"image\/jpeg\" \/>\n<meta name=\"author\" content=\"Jeanette\" \/>\n<meta name=\"twitter:card\" content=\"summary_large_image\" \/>\n<meta name=\"twitter:creator\" content=\"@eldiario_net\" \/>\n<meta name=\"twitter:site\" content=\"@eldiario_net\" \/>\n<meta name=\"twitter:label1\" content=\"Escrito por\" \/>\n\t<meta name=\"twitter:data1\" content=\"Jeanette\" \/>\n\t<meta name=\"twitter:label2\" content=\"Tiempo de lectura\" \/>\n\t<meta name=\"twitter:data2\" content=\"4 minutos\" \/>\n<script type=\"application\/ld+json\" class=\"yoast-schema-graph\">{\"@context\":\"https:\\\/\\\/schema.org\",\"@graph\":[{\"@type\":\"Article\",\"@id\":\"https:\\\/\\\/www.eldiario.net\\\/portal\\\/2024\\\/06\\\/30\\\/proceso-de-preseleccion-se-reanudara-desde-el-lunes\\\/#article\",\"isPartOf\":{\"@id\":\"https:\\\/\\\/www.eldiario.net\\\/portal\\\/2024\\\/06\\\/30\\\/proceso-de-preseleccion-se-reanudara-desde-el-lunes\\\/\"},\"author\":{\"name\":\"Jeanette\",\"@id\":\"https:\\\/\\\/www.eldiario.net\\\/portal\\\/#\\\/schema\\\/person\\\/f46445640444750d7d753ccd04ae01b7\"},\"headline\":\"Proceso de preselecci\u00f3n se reanudar\u00e1 desde el lunes\",\"datePublished\":\"2024-06-30T11:38:16+00:00\",\"mainEntityOfPage\":{\"@id\":\"https:\\\/\\\/www.eldiario.net\\\/portal\\\/2024\\\/06\\\/30\\\/proceso-de-preseleccion-se-reanudara-desde-el-lunes\\\/\"},\"wordCount\":846,\"commentCount\":0,\"publisher\":{\"@id\":\"https:\\\/\\\/www.eldiario.net\\\/portal\\\/#organization\"},\"image\":{\"@id\":\"https:\\\/\\\/www.eldiario.net\\\/portal\\\/2024\\\/06\\\/30\\\/proceso-de-preseleccion-se-reanudara-desde-el-lunes\\\/#primaryimage\"},\"thumbnailUrl\":\"https:\\\/\\\/www.eldiario.net\\\/portal\\\/wp-content\\\/uploads\\\/2024\\\/06\\\/40-POL-17.jpg\",\"articleSection\":[\"Pol\u00edtica\"],\"inLanguage\":\"es\",\"potentialAction\":[{\"@type\":\"CommentAction\",\"name\":\"Comment\",\"target\":[\"https:\\\/\\\/www.eldiario.net\\\/portal\\\/2024\\\/06\\\/30\\\/proceso-de-preseleccion-se-reanudara-desde-el-lunes\\\/#respond\"]}]},{\"@type\":\"WebPage\",\"@id\":\"https:\\\/\\\/www.eldiario.net\\\/portal\\\/2024\\\/06\\\/30\\\/proceso-de-preseleccion-se-reanudara-desde-el-lunes\\\/\",\"url\":\"https:\\\/\\\/www.eldiario.net\\\/portal\\\/2024\\\/06\\\/30\\\/proceso-de-preseleccion-se-reanudara-desde-el-lunes\\\/\",\"name\":\"Proceso de preselecci\u00f3n se reanudar\u00e1 desde el lunes - El Diario - Bolivia\",\"isPartOf\":{\"@id\":\"https:\\\/\\\/www.eldiario.net\\\/portal\\\/#website\"},\"primaryImageOfPage\":{\"@id\":\"https:\\\/\\\/www.eldiario.net\\\/portal\\\/2024\\\/06\\\/30\\\/proceso-de-preseleccion-se-reanudara-desde-el-lunes\\\/#primaryimage\"},\"image\":{\"@id\":\"https:\\\/\\\/www.eldiario.net\\\/portal\\\/2024\\\/06\\\/30\\\/proceso-de-preseleccion-se-reanudara-desde-el-lunes\\\/#primaryimage\"},\"thumbnailUrl\":\"https:\\\/\\\/www.eldiario.net\\\/portal\\\/wp-content\\\/uploads\\\/2024\\\/06\\\/40-POL-17.jpg\",\"datePublished\":\"2024-06-30T11:38:16+00:00\",\"breadcrumb\":{\"@id\":\"https:\\\/\\\/www.eldiario.net\\\/portal\\\/2024\\\/06\\\/30\\\/proceso-de-preseleccion-se-reanudara-desde-el-lunes\\\/#breadcrumb\"},\"inLanguage\":\"es\",\"potentialAction\":[{\"@type\":\"ReadAction\",\"target\":[\"https:\\\/\\\/www.eldiario.net\\\/portal\\\/2024\\\/06\\\/30\\\/proceso-de-preseleccion-se-reanudara-desde-el-lunes\\\/\"]}]},{\"@type\":\"ImageObject\",\"inLanguage\":\"es\",\"@id\":\"https:\\\/\\\/www.eldiario.net\\\/portal\\\/2024\\\/06\\\/30\\\/proceso-de-preseleccion-se-reanudara-desde-el-lunes\\\/#primaryimage\",\"url\":\"https:\\\/\\\/www.eldiario.net\\\/portal\\\/wp-content\\\/uploads\\\/2024\\\/06\\\/40-POL-17.jpg\",\"contentUrl\":\"https:\\\/\\\/www.eldiario.net\\\/portal\\\/wp-content\\\/uploads\\\/2024\\\/06\\\/40-POL-17.jpg\",\"width\":770,\"height\":430,\"caption\":\"Comisi\u00f3n Mixta de Justicia Plural (referencial)\"},{\"@type\":\"BreadcrumbList\",\"@id\":\"https:\\\/\\\/www.eldiario.net\\\/portal\\\/2024\\\/06\\\/30\\\/proceso-de-preseleccion-se-reanudara-desde-el-lunes\\\/#breadcrumb\",\"itemListElement\":[{\"@type\":\"ListItem\",\"position\":1,\"name\":\"Portada\",\"item\":\"https:\\\/\\\/www.eldiario.net\\\/portal\\\/\"},{\"@type\":\"ListItem\",\"position\":2,\"name\":\"Proceso de preselecci\u00f3n se reanudar\u00e1 desde el lunes\"}]},{\"@type\":\"WebSite\",\"@id\":\"https:\\\/\\\/www.eldiario.net\\\/portal\\\/#website\",\"url\":\"https:\\\/\\\/www.eldiario.net\\\/portal\\\/\",\"name\":\"El Diario - Decano de la prensa nacional\",\"description\":\"El Diario - Decano de la prensa nacional\",\"publisher\":{\"@id\":\"https:\\\/\\\/www.eldiario.net\\\/portal\\\/#organization\"},\"potentialAction\":[{\"@type\":\"SearchAction\",\"target\":{\"@type\":\"EntryPoint\",\"urlTemplate\":\"https:\\\/\\\/www.eldiario.net\\\/portal\\\/?s={search_term_string}\"},\"query-input\":{\"@type\":\"PropertyValueSpecification\",\"valueRequired\":true,\"valueName\":\"search_term_string\"}}],\"inLanguage\":\"es\"},{\"@type\":\"Organization\",\"@id\":\"https:\\\/\\\/www.eldiario.net\\\/portal\\\/#organization\",\"name\":\"El Diario - Decano de la prensa nacional\",\"url\":\"https:\\\/\\\/www.eldiario.net\\\/portal\\\/\",\"logo\":{\"@type\":\"ImageObject\",\"inLanguage\":\"es\",\"@id\":\"https:\\\/\\\/www.eldiario.net\\\/portal\\\/#\\\/schema\\\/logo\\\/image\\\/\",\"url\":\"https:\\\/\\\/www.eldiario.net\\\/portal\\\/wp-content\\\/uploads\\\/2023\\\/07\\\/logo_ED.jpg\",\"contentUrl\":\"https:\\\/\\\/www.eldiario.net\\\/portal\\\/wp-content\\\/uploads\\\/2023\\\/07\\\/logo_ED.jpg\",\"width\":272,\"height\":52,\"caption\":\"El Diario - Decano de la prensa nacional\"},\"image\":{\"@id\":\"https:\\\/\\\/www.eldiario.net\\\/portal\\\/#\\\/schema\\\/logo\\\/image\\\/\"},\"sameAs\":[\"https:\\\/\\\/www.facebook.com\\\/eldiario.bolivia\\\/\",\"https:\\\/\\\/x.com\\\/eldiario_net\"]},{\"@type\":\"Person\",\"@id\":\"https:\\\/\\\/www.eldiario.net\\\/portal\\\/#\\\/schema\\\/person\\\/f46445640444750d7d753ccd04ae01b7\",\"name\":\"Jeanette\",\"image\":{\"@type\":\"ImageObject\",\"inLanguage\":\"es\",\"@id\":\"https:\\\/\\\/secure.gravatar.com\\\/avatar\\\/3ea2118a5f7dad2b7138b1187a6b7ee55f160b9968b66013c3a3ef39dd7e5798?s=96&d=mm&r=g\",\"url\":\"https:\\\/\\\/secure.gravatar.com\\\/avatar\\\/3ea2118a5f7dad2b7138b1187a6b7ee55f160b9968b66013c3a3ef39dd7e5798?s=96&d=mm&r=g\",\"contentUrl\":\"https:\\\/\\\/secure.gravatar.com\\\/avatar\\\/3ea2118a5f7dad2b7138b1187a6b7ee55f160b9968b66013c3a3ef39dd7e5798?s=96&d=mm&r=g\",\"caption\":\"Jeanette\"},\"sameAs\":[\"https:\\\/\\\/www.eldiario.net\\\/portal\"],\"url\":\"https:\\\/\\\/www.eldiario.net\\\/portal\\\/author\\\/jeanette\\\/\"}]}<\/script>\n<!-- \/ Yoast SEO plugin. -->","yoast_head_json":{"title":"Proceso de preselecci\u00f3n se reanudar\u00e1 desde el lunes - El Diario - Bolivia","robots":{"index":"index","follow":"follow","max-snippet":"max-snippet:-1","max-image-preview":"max-image-preview:large","max-video-preview":"max-video-preview:-1"},"canonical":"https:\/\/www.eldiario.net\/portal\/2024\/06\/30\/proceso-de-preseleccion-se-reanudara-desde-el-lunes\/","og_locale":"es_ES","og_type":"article","og_title":"Proceso de preselecci\u00f3n se reanudar\u00e1 desde el lunes - El Diario - Bolivia","og_description":"Evaluaci\u00f3n de m\u00e9ritos se desarrollar\u00e1 conforme lo dispuesto en el art\u00edculo 35 de la ley 1549, de 6 de febrero de 2024 y se desarrollar\u00e1 desde el 1 hasta el 7 de julio del a\u00f1o en curso. Mediante comunicados, las Comisiones Mixtas de Constituci\u00f3n y Justicia Plural, de la Asamblea Legislativa Plurinacional (ALP), instancias encargadas [&hellip;]","og_url":"https:\/\/www.eldiario.net\/portal\/2024\/06\/30\/proceso-de-preseleccion-se-reanudara-desde-el-lunes\/","og_site_name":"El Diario - Bolivia","article_publisher":"https:\/\/www.facebook.com\/eldiario.bolivia\/","article_published_time":"2024-06-30T11:38:16+00:00","og_image":[{"width":770,"height":430,"url":"https:\/\/www.eldiario.net\/portal\/wp-content\/uploads\/2024\/06\/40-POL-17.jpg","type":"image\/jpeg"}],"author":"Jeanette","twitter_card":"summary_large_image","twitter_creator":"@eldiario_net","twitter_site":"@eldiario_net","twitter_misc":{"Escrito por":"Jeanette","Tiempo de lectura":"4 minutos"},"schema":{"@context":"https:\/\/schema.org","@graph":[{"@type":"Article","@id":"https:\/\/www.eldiario.net\/portal\/2024\/06\/30\/proceso-de-preseleccion-se-reanudara-desde-el-lunes\/#article","isPartOf":{"@id":"https:\/\/www.eldiario.net\/portal\/2024\/06\/30\/proceso-de-preseleccion-se-reanudara-desde-el-lunes\/"},"author":{"name":"Jeanette","@id":"https:\/\/www.eldiario.net\/portal\/#\/schema\/person\/f46445640444750d7d753ccd04ae01b7"},"headline":"Proceso de preselecci\u00f3n se reanudar\u00e1 desde el lunes","datePublished":"2024-06-30T11:38:16+00:00","mainEntityOfPage":{"@id":"https:\/\/www.eldiario.net\/portal\/2024\/06\/30\/proceso-de-preseleccion-se-reanudara-desde-el-lunes\/"},"wordCount":846,"commentCount":0,"publisher":{"@id":"https:\/\/www.eldiario.net\/portal\/#organization"},"image":{"@id":"https:\/\/www.eldiario.net\/portal\/2024\/06\/30\/proceso-de-preseleccion-se-reanudara-desde-el-lunes\/#primaryimage"},"thumbnailUrl":"https:\/\/www.eldiario.net\/portal\/wp-content\/uploads\/2024\/06\/40-POL-17.jpg","articleSection":["Pol\u00edtica"],"inLanguage":"es","potentialAction":[{"@type":"CommentAction","name":"Comment","target":["https:\/\/www.eldiario.net\/portal\/2024\/06\/30\/proceso-de-preseleccion-se-reanudara-desde-el-lunes\/#respond"]}]},{"@type":"WebPage","@id":"https:\/\/www.eldiario.net\/portal\/2024\/06\/30\/proceso-de-preseleccion-se-reanudara-desde-el-lunes\/","url":"https:\/\/www.eldiario.net\/portal\/2024\/06\/30\/proceso-de-preseleccion-se-reanudara-desde-el-lunes\/","name":"Proceso de preselecci\u00f3n se reanudar\u00e1 desde el lunes - El Diario - Bolivia","isPartOf":{"@id":"https:\/\/www.eldiario.net\/portal\/#website"},"primaryImageOfPage":{"@id":"https:\/\/www.eldiario.net\/portal\/2024\/06\/30\/proceso-de-preseleccion-se-reanudara-desde-el-lunes\/#primaryimage"},"image":{"@id":"https:\/\/www.eldiario.net\/portal\/2024\/06\/30\/proceso-de-preseleccion-se-reanudara-desde-el-lunes\/#primaryimage"},"thumbnailUrl":"https:\/\/www.eldiario.net\/portal\/wp-content\/uploads\/2024\/06\/40-POL-17.jpg","datePublished":"2024-06-30T11:38:16+00:00","breadcrumb":{"@id":"https:\/\/www.eldiario.net\/portal\/2024\/06\/30\/proceso-de-preseleccion-se-reanudara-desde-el-lunes\/#breadcrumb"},"inLanguage":"es","potentialAction":[{"@type":"ReadAction","target":["https:\/\/www.eldiario.net\/portal\/2024\/06\/30\/proceso-de-preseleccion-se-reanudara-desde-el-lunes\/"]}]},{"@type":"ImageObject","inLanguage":"es","@id":"https:\/\/www.eldiario.net\/portal\/2024\/06\/30\/proceso-de-preseleccion-se-reanudara-desde-el-lunes\/#primaryimage","url":"https:\/\/www.eldiario.net\/portal\/wp-content\/uploads\/2024\/06\/40-POL-17.jpg","contentUrl":"https:\/\/www.eldiario.net\/portal\/wp-content\/uploads\/2024\/06\/40-POL-17.jpg","width":770,"height":430,"caption":"Comisi\u00f3n Mixta de Justicia Plural (referencial)"},{"@type":"BreadcrumbList","@id":"https:\/\/www.eldiario.net\/portal\/2024\/06\/30\/proceso-de-preseleccion-se-reanudara-desde-el-lunes\/#breadcrumb","itemListElement":[{"@type":"ListItem","position":1,"name":"Portada","item":"https:\/\/www.eldiario.net\/portal\/"},{"@type":"ListItem","position":2,"name":"Proceso de preselecci\u00f3n se reanudar\u00e1 desde el lunes"}]},{"@type":"WebSite","@id":"https:\/\/www.eldiario.net\/portal\/#website","url":"https:\/\/www.eldiario.net\/portal\/","name":"El Diario - Decano de la prensa nacional","description":"El Diario - Decano de la prensa nacional","publisher":{"@id":"https:\/\/www.eldiario.net\/portal\/#organization"},"potentialAction":[{"@type":"SearchAction","target":{"@type":"EntryPoint","urlTemplate":"https:\/\/www.eldiario.net\/portal\/?s={search_term_string}"},"query-input":{"@type":"PropertyValueSpecification","valueRequired":true,"valueName":"search_term_string"}}],"inLanguage":"es"},{"@type":"Organization","@id":"https:\/\/www.eldiario.net\/portal\/#organization","name":"El Diario - Decano de la prensa nacional","url":"https:\/\/www.eldiario.net\/portal\/","logo":{"@type":"ImageObject","inLanguage":"es","@id":"https:\/\/www.eldiario.net\/portal\/#\/schema\/logo\/image\/","url":"https:\/\/www.eldiario.net\/portal\/wp-content\/uploads\/2023\/07\/logo_ED.jpg","contentUrl":"https:\/\/www.eldiario.net\/portal\/wp-content\/uploads\/2023\/07\/logo_ED.jpg","width":272,"height":52,"caption":"El Diario - Decano de la prensa nacional"},"image":{"@id":"https:\/\/www.eldiario.net\/portal\/#\/schema\/logo\/image\/"},"sameAs":["https:\/\/www.facebook.com\/eldiario.bolivia\/","https:\/\/x.com\/eldiario_net"]},{"@type":"Person","@id":"https:\/\/www.eldiario.net\/portal\/#\/schema\/person\/f46445640444750d7d753ccd04ae01b7","name":"Jeanette","image":{"@type":"ImageObject","inLanguage":"es","@id":"https:\/\/secure.gravatar.com\/avatar\/3ea2118a5f7dad2b7138b1187a6b7ee55f160b9968b66013c3a3ef39dd7e5798?s=96&d=mm&r=g","url":"https:\/\/secure.gravatar.com\/avatar\/3ea2118a5f7dad2b7138b1187a6b7ee55f160b9968b66013c3a3ef39dd7e5798?s=96&d=mm&r=g","contentUrl":"https:\/\/secure.gravatar.com\/avatar\/3ea2118a5f7dad2b7138b1187a6b7ee55f160b9968b66013c3a3ef39dd7e5798?s=96&d=mm&r=g","caption":"Jeanette"},"sameAs":["https:\/\/www.eldiario.net\/portal"],"url":"https:\/\/www.eldiario.net\/portal\/author\/jeanette\/"}]}},"_links":{"self":[{"href":"https:\/\/www.eldiario.net\/portal\/wp-json\/wp\/v2\/posts\/230799","targetHints":{"allow":["GET"]}}],"collection":[{"href":"https:\/\/www.eldiario.net\/portal\/wp-json\/wp\/v2\/posts"}],"about":[{"href":"https:\/\/www.eldiario.net\/portal\/wp-json\/wp\/v2\/types\/post"}],"author":[{"embeddable":true,"href":"https:\/\/www.eldiario.net\/portal\/wp-json\/wp\/v2\/users\/1"}],"replies":[{"embeddable":true,"href":"https:\/\/www.eldiario.net\/portal\/wp-json\/wp\/v2\/comments?post=230799"}],"version-history":[{"count":1,"href":"https:\/\/www.eldiario.net\/portal\/wp-json\/wp\/v2\/posts\/230799\/revisions"}],"predecessor-version":[{"id":230801,"href":"https:\/\/www.eldiario.net\/portal\/wp-json\/wp\/v2\/posts\/230799\/revisions\/230801"}],"wp:featuredmedia":[{"embeddable":true,"href":"https:\/\/www.eldiario.net\/portal\/wp-json\/wp\/v2\/media\/230800"}],"wp:attachment":[{"href":"https:\/\/www.eldiario.net\/portal\/wp-json\/wp\/v2\/media?parent=230799"}],"wp:term":[{"taxonomy":"category","embeddable":true,"href":"https:\/\/www.eldiario.net\/portal\/wp-json\/wp\/v2\/categories?post=230799"},{"taxonomy":"post_tag","embeddable":true,"href":"https:\/\/www.eldiario.net\/portal\/wp-json\/wp\/v2\/tags?post=230799"}],"curies":[{"name":"wp","href":"https:\/\/api.w.org\/{rel}","templated":true}]}}