{"id":230795,"date":"2024-06-30T07:37:30","date_gmt":"2024-06-30T11:37:30","guid":{"rendered":"https:\/\/www.eldiario.net\/portal\/?p=230795"},"modified":"2024-06-30T07:37:38","modified_gmt":"2024-06-30T11:37:38","slug":"eguez-quisieron-ser-heroes-y-quedaron-como-actores","status":"publish","type":"post","link":"https:\/\/www.eldiario.net\/portal\/2024\/06\/30\/eguez-quisieron-ser-heroes-y-quedaron-como-actores\/","title":{"rendered":"Eg\u00fcez: \u00abQuisieron ser h\u00e9roes  y quedaron como actores\u00bb"},"content":{"rendered":"<p>Se\u00f1alan que las consecuencias de un supuesto golpe fallido empiezan a afectar las proyecciones de exportaciones resultado del desprestigio, la desconfianza y la inestabilidad pol\u00edtica generada por el Gobierno central.<br \/>\nTras una semana marcada por la movilizaci\u00f3n de tropas militares en plaza Murillo, acci\u00f3n calificada como un \u201cautogolpe de Estado\u201d, el diputado por la agrupaci\u00f3n Creemos, Walthy Eg\u00fcez, sostuvo que, el Gobierno ahora debe empezar a tomar con seriedad la administraci\u00f3n del Estado y revertir una situaci\u00f3n derivada de la falta de capacidad para resolver los problemas econ\u00f3micos del pa\u00eds.<br \/>\n\u201cQuisieron ser h\u00e9roes y quedaron como actores de quinta. Si quiso convertirse en h\u00e9roe y sali\u00f3 como payaso con su autogolpe (\u2026) es hora de dejar de visitar y traer venezolanos al pa\u00eds, es hora que se siente a trabajar por la econom\u00eda, es hora que piense en una estrategia para traer divisas, que piense en soluciones para que haya combustible, para que no suban los precios de la canasta familiar\u201d, demand\u00f3 el legislador cruce\u00f1o.<br \/>\nEg\u00fcez tambi\u00e9n hizo este pedido al presidente del pa\u00eds Luis Arce Catacora, luego del nefasto mi\u00e9rcoles 26 de junio que sacudi\u00f3 al pueblo con una supuesta asonada militarizaci\u00f3n, cuyas consecuencias econ\u00f3micas empiezan a afectar las proyecciones de exportaciones resultado del desprestigio y la desconfianza por la inestabilidad pol\u00edtica generada por la actuaci\u00f3n del Gobierno central.<br \/>\nEn ese sentido, alert\u00f3 sobre los perjuicios que anuncia el an\u00e1lisis de BancTrust &amp; Co., un banco de inversi\u00f3n especializado en mercados de cr\u00e9dito latinoamericanos de beta elevada como Venezuela y otros pa\u00edses.<br \/>\n\u201cAunque el golpe aparentemente fracasar\u00e1, esta crisis dejar\u00e1 secuelas. La inestabilidad pol\u00edtica y la debilidad del Gobierno probablemente dificultar\u00e1n que las autoridades y el sector privado recurran a fuentes alternativas de financiaci\u00f3n en divisas fuertes en el futuro, agravando la actual crisis de divisas a la que se enfrenta el pa\u00eds\u201d, seg\u00fan un reporte de esta entidad, difundido en medios de prensa.<br \/>\nEn este contexto, demand\u00f3 al Gobierno tomar acciones para evitar el permanente y sostenido aumento de precios de la canasta familiar y as\u00ed como el aumento del mercado negro del d\u00f3lar americano.<\/p>\n","protected":false},"excerpt":{"rendered":"<p>Se\u00f1alan que las consecuencias de un supuesto golpe fallido empiezan a afectar las proyecciones de exportaciones resultado del desprestigio, la desconfianza y la inestabilidad pol\u00edtica generada por el Gobierno central. Tras una semana marcada por la movilizaci\u00f3n de tropas militares en plaza Murillo, acci\u00f3n calificada como un \u201cautogolpe de Estado\u201d, el diputado por la agrupaci\u00f3n [&hellip;]<\/p>\n","protected":false},"author":1,"featured_media":230796,"comment_status":"open","ping_status":"open","sticky":false,"template":"","format":"standard","meta":{"_acf_changed":false,"footnotes":""},"categories":[14],"tags":[],"class_list":["post-230795","post","type-post","status-publish","format-standard","has-post-thumbnail","category-politica"],"acf":{"antetitulo":"Gobierno gener\u00f3 mayor inestabilidad"},"yoast_head":"<!-- This site is optimized with the Yoast SEO plugin v28.3 - https:\/\/yoast.com\/product\/yoast-seo-wordpress\/ -->\n<title>Eg\u00fcez: &quot;Quisieron ser h\u00e9roes y quedaron como actores&quot; - El Diario - Bolivia<\/title>\n<meta name=\"robots\" content=\"index, follow, max-snippet:-1, max-image-preview:large, max-video-preview:-1\" \/>\n<link rel=\"canonical\" href=\"https:\/\/www.eldiario.net\/portal\/2024\/06\/30\/eguez-quisieron-ser-heroes-y-quedaron-como-actores\/\" \/>\n<meta property=\"og:locale\" content=\"es_ES\" \/>\n<meta property=\"og:type\" content=\"article\" \/>\n<meta property=\"og:title\" content=\"Eg\u00fcez: &quot;Quisieron ser h\u00e9roes y quedaron como actores&quot; - El Diario - Bolivia\" \/>\n<meta property=\"og:description\" content=\"Se\u00f1alan que las consecuencias de un supuesto golpe fallido empiezan a afectar las proyecciones de exportaciones resultado del desprestigio, la desconfianza y la inestabilidad pol\u00edtica generada por el Gobierno central. Tras una semana marcada por la movilizaci\u00f3n de tropas militares en plaza Murillo, acci\u00f3n calificada como un \u201cautogolpe de Estado\u201d, el diputado por la agrupaci\u00f3n [&hellip;]\" \/>\n<meta property=\"og:url\" content=\"https:\/\/www.eldiario.net\/portal\/2024\/06\/30\/eguez-quisieron-ser-heroes-y-quedaron-como-actores\/\" \/>\n<meta property=\"og:site_name\" content=\"El Diario - Bolivia\" \/>\n<meta property=\"article:publisher\" content=\"https:\/\/www.facebook.com\/eldiario.bolivia\/\" \/>\n<meta property=\"article:published_time\" content=\"2024-06-30T11:37:30+00:00\" \/>\n<meta property=\"article:modified_time\" content=\"2024-06-30T11:37:38+00:00\" \/>\n<meta property=\"og:image\" content=\"https:\/\/www.eldiario.net\/portal\/wp-content\/uploads\/2024\/06\/41-POL-12.jpg\" \/>\n\t<meta property=\"og:image:width\" content=\"443\" \/>\n\t<meta property=\"og:image:height\" content=\"402\" \/>\n\t<meta property=\"og:image:type\" content=\"image\/jpeg\" \/>\n<meta name=\"author\" content=\"Jeanette\" \/>\n<meta name=\"twitter:card\" content=\"summary_large_image\" \/>\n<meta name=\"twitter:creator\" content=\"@eldiario_net\" \/>\n<meta name=\"twitter:site\" content=\"@eldiario_net\" \/>\n<meta name=\"twitter:label1\" content=\"Escrito por\" \/>\n\t<meta name=\"twitter:data1\" content=\"Jeanette\" \/>\n\t<meta name=\"twitter:label2\" content=\"Tiempo de lectura\" \/>\n\t<meta name=\"twitter:data2\" content=\"2 minutos\" \/>\n<script type=\"application\/ld+json\" class=\"yoast-schema-graph\">{\"@context\":\"https:\\\/\\\/schema.org\",\"@graph\":[{\"@type\":\"Article\",\"@id\":\"https:\\\/\\\/www.eldiario.net\\\/portal\\\/2024\\\/06\\\/30\\\/eguez-quisieron-ser-heroes-y-quedaron-como-actores\\\/#article\",\"isPartOf\":{\"@id\":\"https:\\\/\\\/www.eldiario.net\\\/portal\\\/2024\\\/06\\\/30\\\/eguez-quisieron-ser-heroes-y-quedaron-como-actores\\\/\"},\"author\":{\"name\":\"Jeanette\",\"@id\":\"https:\\\/\\\/www.eldiario.net\\\/portal\\\/#\\\/schema\\\/person\\\/f46445640444750d7d753ccd04ae01b7\"},\"headline\":\"Eg\u00fcez: \u00abQuisieron ser h\u00e9roes y quedaron como actores\u00bb\",\"datePublished\":\"2024-06-30T11:37:30+00:00\",\"dateModified\":\"2024-06-30T11:37:38+00:00\",\"mainEntityOfPage\":{\"@id\":\"https:\\\/\\\/www.eldiario.net\\\/portal\\\/2024\\\/06\\\/30\\\/eguez-quisieron-ser-heroes-y-quedaron-como-actores\\\/\"},\"wordCount\":388,\"commentCount\":0,\"publisher\":{\"@id\":\"https:\\\/\\\/www.eldiario.net\\\/portal\\\/#organization\"},\"image\":{\"@id\":\"https:\\\/\\\/www.eldiario.net\\\/portal\\\/2024\\\/06\\\/30\\\/eguez-quisieron-ser-heroes-y-quedaron-como-actores\\\/#primaryimage\"},\"thumbnailUrl\":\"https:\\\/\\\/www.eldiario.net\\\/portal\\\/wp-content\\\/uploads\\\/2024\\\/06\\\/41-POL-12.jpg\",\"articleSection\":[\"Pol\u00edtica\"],\"inLanguage\":\"es\",\"potentialAction\":[{\"@type\":\"CommentAction\",\"name\":\"Comment\",\"target\":[\"https:\\\/\\\/www.eldiario.net\\\/portal\\\/2024\\\/06\\\/30\\\/eguez-quisieron-ser-heroes-y-quedaron-como-actores\\\/#respond\"]}]},{\"@type\":\"WebPage\",\"@id\":\"https:\\\/\\\/www.eldiario.net\\\/portal\\\/2024\\\/06\\\/30\\\/eguez-quisieron-ser-heroes-y-quedaron-como-actores\\\/\",\"url\":\"https:\\\/\\\/www.eldiario.net\\\/portal\\\/2024\\\/06\\\/30\\\/eguez-quisieron-ser-heroes-y-quedaron-como-actores\\\/\",\"name\":\"Eg\u00fcez: \\\"Quisieron ser h\u00e9roes y quedaron como actores\\\" - El Diario - Bolivia\",\"isPartOf\":{\"@id\":\"https:\\\/\\\/www.eldiario.net\\\/portal\\\/#website\"},\"primaryImageOfPage\":{\"@id\":\"https:\\\/\\\/www.eldiario.net\\\/portal\\\/2024\\\/06\\\/30\\\/eguez-quisieron-ser-heroes-y-quedaron-como-actores\\\/#primaryimage\"},\"image\":{\"@id\":\"https:\\\/\\\/www.eldiario.net\\\/portal\\\/2024\\\/06\\\/30\\\/eguez-quisieron-ser-heroes-y-quedaron-como-actores\\\/#primaryimage\"},\"thumbnailUrl\":\"https:\\\/\\\/www.eldiario.net\\\/portal\\\/wp-content\\\/uploads\\\/2024\\\/06\\\/41-POL-12.jpg\",\"datePublished\":\"2024-06-30T11:37:30+00:00\",\"dateModified\":\"2024-06-30T11:37:38+00:00\",\"breadcrumb\":{\"@id\":\"https:\\\/\\\/www.eldiario.net\\\/portal\\\/2024\\\/06\\\/30\\\/eguez-quisieron-ser-heroes-y-quedaron-como-actores\\\/#breadcrumb\"},\"inLanguage\":\"es\",\"potentialAction\":[{\"@type\":\"ReadAction\",\"target\":[\"https:\\\/\\\/www.eldiario.net\\\/portal\\\/2024\\\/06\\\/30\\\/eguez-quisieron-ser-heroes-y-quedaron-como-actores\\\/\"]}]},{\"@type\":\"ImageObject\",\"inLanguage\":\"es\",\"@id\":\"https:\\\/\\\/www.eldiario.net\\\/portal\\\/2024\\\/06\\\/30\\\/eguez-quisieron-ser-heroes-y-quedaron-como-actores\\\/#primaryimage\",\"url\":\"https:\\\/\\\/www.eldiario.net\\\/portal\\\/wp-content\\\/uploads\\\/2024\\\/06\\\/41-POL-12.jpg\",\"contentUrl\":\"https:\\\/\\\/www.eldiario.net\\\/portal\\\/wp-content\\\/uploads\\\/2024\\\/06\\\/41-POL-12.jpg\",\"width\":443,\"height\":402,\"caption\":\"el Diputado, Walthy Eg\u00fcez (Creemos).\"},{\"@type\":\"BreadcrumbList\",\"@id\":\"https:\\\/\\\/www.eldiario.net\\\/portal\\\/2024\\\/06\\\/30\\\/eguez-quisieron-ser-heroes-y-quedaron-como-actores\\\/#breadcrumb\",\"itemListElement\":[{\"@type\":\"ListItem\",\"position\":1,\"name\":\"Portada\",\"item\":\"https:\\\/\\\/www.eldiario.net\\\/portal\\\/\"},{\"@type\":\"ListItem\",\"position\":2,\"name\":\"Eg\u00fcez: \u00abQuisieron ser h\u00e9roes y quedaron como actores\u00bb\"}]},{\"@type\":\"WebSite\",\"@id\":\"https:\\\/\\\/www.eldiario.net\\\/portal\\\/#website\",\"url\":\"https:\\\/\\\/www.eldiario.net\\\/portal\\\/\",\"name\":\"El Diario - Decano de la prensa nacional\",\"description\":\"El Diario - Decano de la prensa nacional\",\"publisher\":{\"@id\":\"https:\\\/\\\/www.eldiario.net\\\/portal\\\/#organization\"},\"potentialAction\":[{\"@type\":\"SearchAction\",\"target\":{\"@type\":\"EntryPoint\",\"urlTemplate\":\"https:\\\/\\\/www.eldiario.net\\\/portal\\\/?s={search_term_string}\"},\"query-input\":{\"@type\":\"PropertyValueSpecification\",\"valueRequired\":true,\"valueName\":\"search_term_string\"}}],\"inLanguage\":\"es\"},{\"@type\":\"Organization\",\"@id\":\"https:\\\/\\\/www.eldiario.net\\\/portal\\\/#organization\",\"name\":\"El Diario - Decano de la prensa nacional\",\"url\":\"https:\\\/\\\/www.eldiario.net\\\/portal\\\/\",\"logo\":{\"@type\":\"ImageObject\",\"inLanguage\":\"es\",\"@id\":\"https:\\\/\\\/www.eldiario.net\\\/portal\\\/#\\\/schema\\\/logo\\\/image\\\/\",\"url\":\"https:\\\/\\\/www.eldiario.net\\\/portal\\\/wp-content\\\/uploads\\\/2023\\\/07\\\/logo_ED.jpg\",\"contentUrl\":\"https:\\\/\\\/www.eldiario.net\\\/portal\\\/wp-content\\\/uploads\\\/2023\\\/07\\\/logo_ED.jpg\",\"width\":272,\"height\":52,\"caption\":\"El Diario - Decano de la prensa nacional\"},\"image\":{\"@id\":\"https:\\\/\\\/www.eldiario.net\\\/portal\\\/#\\\/schema\\\/logo\\\/image\\\/\"},\"sameAs\":[\"https:\\\/\\\/www.facebook.com\\\/eldiario.bolivia\\\/\",\"https:\\\/\\\/x.com\\\/eldiario_net\"]},{\"@type\":\"Person\",\"@id\":\"https:\\\/\\\/www.eldiario.net\\\/portal\\\/#\\\/schema\\\/person\\\/f46445640444750d7d753ccd04ae01b7\",\"name\":\"Jeanette\",\"image\":{\"@type\":\"ImageObject\",\"inLanguage\":\"es\",\"@id\":\"https:\\\/\\\/secure.gravatar.com\\\/avatar\\\/3ea2118a5f7dad2b7138b1187a6b7ee55f160b9968b66013c3a3ef39dd7e5798?s=96&d=mm&r=g\",\"url\":\"https:\\\/\\\/secure.gravatar.com\\\/avatar\\\/3ea2118a5f7dad2b7138b1187a6b7ee55f160b9968b66013c3a3ef39dd7e5798?s=96&d=mm&r=g\",\"contentUrl\":\"https:\\\/\\\/secure.gravatar.com\\\/avatar\\\/3ea2118a5f7dad2b7138b1187a6b7ee55f160b9968b66013c3a3ef39dd7e5798?s=96&d=mm&r=g\",\"caption\":\"Jeanette\"},\"sameAs\":[\"https:\\\/\\\/www.eldiario.net\\\/portal\"],\"url\":\"https:\\\/\\\/www.eldiario.net\\\/portal\\\/author\\\/jeanette\\\/\"}]}<\/script>\n<!-- \/ Yoast SEO plugin. -->","yoast_head_json":{"title":"Eg\u00fcez: \"Quisieron ser h\u00e9roes y quedaron como actores\" - El Diario - Bolivia","robots":{"index":"index","follow":"follow","max-snippet":"max-snippet:-1","max-image-preview":"max-image-preview:large","max-video-preview":"max-video-preview:-1"},"canonical":"https:\/\/www.eldiario.net\/portal\/2024\/06\/30\/eguez-quisieron-ser-heroes-y-quedaron-como-actores\/","og_locale":"es_ES","og_type":"article","og_title":"Eg\u00fcez: \"Quisieron ser h\u00e9roes y quedaron como actores\" - El Diario - Bolivia","og_description":"Se\u00f1alan que las consecuencias de un supuesto golpe fallido empiezan a afectar las proyecciones de exportaciones resultado del desprestigio, la desconfianza y la inestabilidad pol\u00edtica generada por el Gobierno central. Tras una semana marcada por la movilizaci\u00f3n de tropas militares en plaza Murillo, acci\u00f3n calificada como un \u201cautogolpe de Estado\u201d, el diputado por la agrupaci\u00f3n [&hellip;]","og_url":"https:\/\/www.eldiario.net\/portal\/2024\/06\/30\/eguez-quisieron-ser-heroes-y-quedaron-como-actores\/","og_site_name":"El Diario - Bolivia","article_publisher":"https:\/\/www.facebook.com\/eldiario.bolivia\/","article_published_time":"2024-06-30T11:37:30+00:00","article_modified_time":"2024-06-30T11:37:38+00:00","og_image":[{"width":443,"height":402,"url":"https:\/\/www.eldiario.net\/portal\/wp-content\/uploads\/2024\/06\/41-POL-12.jpg","type":"image\/jpeg"}],"author":"Jeanette","twitter_card":"summary_large_image","twitter_creator":"@eldiario_net","twitter_site":"@eldiario_net","twitter_misc":{"Escrito por":"Jeanette","Tiempo de lectura":"2 minutos"},"schema":{"@context":"https:\/\/schema.org","@graph":[{"@type":"Article","@id":"https:\/\/www.eldiario.net\/portal\/2024\/06\/30\/eguez-quisieron-ser-heroes-y-quedaron-como-actores\/#article","isPartOf":{"@id":"https:\/\/www.eldiario.net\/portal\/2024\/06\/30\/eguez-quisieron-ser-heroes-y-quedaron-como-actores\/"},"author":{"name":"Jeanette","@id":"https:\/\/www.eldiario.net\/portal\/#\/schema\/person\/f46445640444750d7d753ccd04ae01b7"},"headline":"Eg\u00fcez: \u00abQuisieron ser h\u00e9roes y quedaron como actores\u00bb","datePublished":"2024-06-30T11:37:30+00:00","dateModified":"2024-06-30T11:37:38+00:00","mainEntityOfPage":{"@id":"https:\/\/www.eldiario.net\/portal\/2024\/06\/30\/eguez-quisieron-ser-heroes-y-quedaron-como-actores\/"},"wordCount":388,"commentCount":0,"publisher":{"@id":"https:\/\/www.eldiario.net\/portal\/#organization"},"image":{"@id":"https:\/\/www.eldiario.net\/portal\/2024\/06\/30\/eguez-quisieron-ser-heroes-y-quedaron-como-actores\/#primaryimage"},"thumbnailUrl":"https:\/\/www.eldiario.net\/portal\/wp-content\/uploads\/2024\/06\/41-POL-12.jpg","articleSection":["Pol\u00edtica"],"inLanguage":"es","potentialAction":[{"@type":"CommentAction","name":"Comment","target":["https:\/\/www.eldiario.net\/portal\/2024\/06\/30\/eguez-quisieron-ser-heroes-y-quedaron-como-actores\/#respond"]}]},{"@type":"WebPage","@id":"https:\/\/www.eldiario.net\/portal\/2024\/06\/30\/eguez-quisieron-ser-heroes-y-quedaron-como-actores\/","url":"https:\/\/www.eldiario.net\/portal\/2024\/06\/30\/eguez-quisieron-ser-heroes-y-quedaron-como-actores\/","name":"Eg\u00fcez: \"Quisieron ser h\u00e9roes y quedaron como actores\" - El Diario - Bolivia","isPartOf":{"@id":"https:\/\/www.eldiario.net\/portal\/#website"},"primaryImageOfPage":{"@id":"https:\/\/www.eldiario.net\/portal\/2024\/06\/30\/eguez-quisieron-ser-heroes-y-quedaron-como-actores\/#primaryimage"},"image":{"@id":"https:\/\/www.eldiario.net\/portal\/2024\/06\/30\/eguez-quisieron-ser-heroes-y-quedaron-como-actores\/#primaryimage"},"thumbnailUrl":"https:\/\/www.eldiario.net\/portal\/wp-content\/uploads\/2024\/06\/41-POL-12.jpg","datePublished":"2024-06-30T11:37:30+00:00","dateModified":"2024-06-30T11:37:38+00:00","breadcrumb":{"@id":"https:\/\/www.eldiario.net\/portal\/2024\/06\/30\/eguez-quisieron-ser-heroes-y-quedaron-como-actores\/#breadcrumb"},"inLanguage":"es","potentialAction":[{"@type":"ReadAction","target":["https:\/\/www.eldiario.net\/portal\/2024\/06\/30\/eguez-quisieron-ser-heroes-y-quedaron-como-actores\/"]}]},{"@type":"ImageObject","inLanguage":"es","@id":"https:\/\/www.eldiario.net\/portal\/2024\/06\/30\/eguez-quisieron-ser-heroes-y-quedaron-como-actores\/#primaryimage","url":"https:\/\/www.eldiario.net\/portal\/wp-content\/uploads\/2024\/06\/41-POL-12.jpg","contentUrl":"https:\/\/www.eldiario.net\/portal\/wp-content\/uploads\/2024\/06\/41-POL-12.jpg","width":443,"height":402,"caption":"el Diputado, Walthy Eg\u00fcez (Creemos)."},{"@type":"BreadcrumbList","@id":"https:\/\/www.eldiario.net\/portal\/2024\/06\/30\/eguez-quisieron-ser-heroes-y-quedaron-como-actores\/#breadcrumb","itemListElement":[{"@type":"ListItem","position":1,"name":"Portada","item":"https:\/\/www.eldiario.net\/portal\/"},{"@type":"ListItem","position":2,"name":"Eg\u00fcez: \u00abQuisieron ser h\u00e9roes y quedaron como actores\u00bb"}]},{"@type":"WebSite","@id":"https:\/\/www.eldiario.net\/portal\/#website","url":"https:\/\/www.eldiario.net\/portal\/","name":"El Diario - Decano de la prensa nacional","description":"El Diario - Decano de la prensa nacional","publisher":{"@id":"https:\/\/www.eldiario.net\/portal\/#organization"},"potentialAction":[{"@type":"SearchAction","target":{"@type":"EntryPoint","urlTemplate":"https:\/\/www.eldiario.net\/portal\/?s={search_term_string}"},"query-input":{"@type":"PropertyValueSpecification","valueRequired":true,"valueName":"search_term_string"}}],"inLanguage":"es"},{"@type":"Organization","@id":"https:\/\/www.eldiario.net\/portal\/#organization","name":"El Diario - Decano de la prensa nacional","url":"https:\/\/www.eldiario.net\/portal\/","logo":{"@type":"ImageObject","inLanguage":"es","@id":"https:\/\/www.eldiario.net\/portal\/#\/schema\/logo\/image\/","url":"https:\/\/www.eldiario.net\/portal\/wp-content\/uploads\/2023\/07\/logo_ED.jpg","contentUrl":"https:\/\/www.eldiario.net\/portal\/wp-content\/uploads\/2023\/07\/logo_ED.jpg","width":272,"height":52,"caption":"El Diario - Decano de la prensa nacional"},"image":{"@id":"https:\/\/www.eldiario.net\/portal\/#\/schema\/logo\/image\/"},"sameAs":["https:\/\/www.facebook.com\/eldiario.bolivia\/","https:\/\/x.com\/eldiario_net"]},{"@type":"Person","@id":"https:\/\/www.eldiario.net\/portal\/#\/schema\/person\/f46445640444750d7d753ccd04ae01b7","name":"Jeanette","image":{"@type":"ImageObject","inLanguage":"es","@id":"https:\/\/secure.gravatar.com\/avatar\/3ea2118a5f7dad2b7138b1187a6b7ee55f160b9968b66013c3a3ef39dd7e5798?s=96&d=mm&r=g","url":"https:\/\/secure.gravatar.com\/avatar\/3ea2118a5f7dad2b7138b1187a6b7ee55f160b9968b66013c3a3ef39dd7e5798?s=96&d=mm&r=g","contentUrl":"https:\/\/secure.gravatar.com\/avatar\/3ea2118a5f7dad2b7138b1187a6b7ee55f160b9968b66013c3a3ef39dd7e5798?s=96&d=mm&r=g","caption":"Jeanette"},"sameAs":["https:\/\/www.eldiario.net\/portal"],"url":"https:\/\/www.eldiario.net\/portal\/author\/jeanette\/"}]}},"_links":{"self":[{"href":"https:\/\/www.eldiario.net\/portal\/wp-json\/wp\/v2\/posts\/230795","targetHints":{"allow":["GET"]}}],"collection":[{"href":"https:\/\/www.eldiario.net\/portal\/wp-json\/wp\/v2\/posts"}],"about":[{"href":"https:\/\/www.eldiario.net\/portal\/wp-json\/wp\/v2\/types\/post"}],"author":[{"embeddable":true,"href":"https:\/\/www.eldiario.net\/portal\/wp-json\/wp\/v2\/users\/1"}],"replies":[{"embeddable":true,"href":"https:\/\/www.eldiario.net\/portal\/wp-json\/wp\/v2\/comments?post=230795"}],"version-history":[{"count":2,"href":"https:\/\/www.eldiario.net\/portal\/wp-json\/wp\/v2\/posts\/230795\/revisions"}],"predecessor-version":[{"id":230798,"href":"https:\/\/www.eldiario.net\/portal\/wp-json\/wp\/v2\/posts\/230795\/revisions\/230798"}],"wp:featuredmedia":[{"embeddable":true,"href":"https:\/\/www.eldiario.net\/portal\/wp-json\/wp\/v2\/media\/230796"}],"wp:attachment":[{"href":"https:\/\/www.eldiario.net\/portal\/wp-json\/wp\/v2\/media?parent=230795"}],"wp:term":[{"taxonomy":"category","embeddable":true,"href":"https:\/\/www.eldiario.net\/portal\/wp-json\/wp\/v2\/categories?post=230795"},{"taxonomy":"post_tag","embeddable":true,"href":"https:\/\/www.eldiario.net\/portal\/wp-json\/wp\/v2\/tags?post=230795"}],"curies":[{"name":"wp","href":"https:\/\/api.w.org\/{rel}","templated":true}]}}