{"id":230790,"date":"2024-06-30T07:35:20","date_gmt":"2024-06-30T11:35:20","guid":{"rendered":"https:\/\/www.eldiario.net\/portal\/?p=230790"},"modified":"2024-06-30T07:35:20","modified_gmt":"2024-06-30T11:35:20","slug":"franceses-acuden-hoy-a-urnas-para-elecciones-legislativas-anticipadas","status":"publish","type":"post","link":"https:\/\/www.eldiario.net\/portal\/2024\/06\/30\/franceses-acuden-hoy-a-urnas-para-elecciones-legislativas-anticipadas\/","title":{"rendered":"Franceses acuden hoy a urnas para elecciones legislativas anticipadas"},"content":{"rendered":"<p>Francia vivir\u00e1 hoy un proceso electoral para renovar su Asamblea Nacional mediante comicios legislativos anticipados a los que concurre una mayor\u00eda gobernante d\u00e9bil y que pueden terminar de consolidar el avance de la ultraderecha, que acaricia la posibilidad de gobernar de la mano de Jordan Bardella.<br \/>\nEl terremoto pol\u00edtico estall\u00f3 la misma noche del 9 de junio, cuando la mera difusi\u00f3n de los sondeos a pie de urna, que ya anticiparon una holgada victoria para la Agrupaci\u00f3n Nacional de Bardella bast\u00f3 para que el presidente, Emmanuel Macron, se dirigiese a la naci\u00f3n y anunciase la disoluci\u00f3n de la Asamblea Nacional. \u201cHe escuchado vuestro mensaje\u201d, dijo.<br \/>\n\u201cNo hay nada m\u00e1s republicano que dar la palabra al pueblo soberano\u201d, declar\u00f3 con semblante serio, consciente de que volver a repartir las cartas pod\u00eda abocarse a la temida \u201ccohabitaci\u00f3n\u201d. No en vano, en los d\u00edas posteriores dej\u00f3 claro que no ten\u00eda pensado dimitir y que, por tanto, aceptar\u00eda una convivencia con el Gobierno conformado a partir de la mayor\u00eda parlamentaria.<br \/>\nFrancia se ha visto abocada a la \u201ccohabitaci\u00f3n\u201d en tres ocasiones durante la V Rep\u00fablica, la \u00faltima de ellas entre 1997 y 2002, y ahora las encuestas anticipan que llegar\u00e1 una cuarta. El \u201cefecto Macron\u201d que le impuls\u00f3 al El\u00edseo en 2017 ya ven\u00eda dando muestras de desgaste frente a una ultraderecha que ha adaptado sus discursos y su imagen a c\u00e1nones m\u00e1s generalistas y a una izquierda que ha sobrevivido en las \u00faltimas citas electorales gracias a la unidad.<br \/>\nEl Renacimiento de Macron se presenta como v\u00eda de centro, moderada, frente a otros dos grandes bloques, el primero de ellos encabezado por Agrupaci\u00f3n Nacional. El partido ultraderechista fundado por Jean Marie Le Pen, bajo el nombre de Frente Nacional y heredado por su hija Marine tiene ahora como principal estandarte a un joven eurodiputado, Jordan Bardella, que busca ser primer ministro.<br \/>\nNo obstante, afirm\u00f3 que s\u00f3lo asumir\u00e1 el cargo si tiene una mayor\u00eda absoluta a su favor, en una campa\u00f1a en la que ha dado pistas claras de las medidas que aplicar\u00e1 si llega al poder. Atajar con \u201curgencia\u201d la inmigraci\u00f3n es uno de sus grandes lemas, as\u00ed como revisar a fondo unas finanzas p\u00fablicas catalogadas de \u201cirresponsables\u201d.<br \/>\nAl bloque de derechas se han unido Los Republicanos, a costa de una ruptura interna. El l\u00edder del partido, \u00c9ric Ciotti, ha roto con la tradicional l\u00ednea roja que separaba a su grupo de la ultraderecha y se ha topado con una rebeli\u00f3n interna, con intentos de cese incluidos, en la que termin\u00f3 intercediendo la Justicia. Agrupaci\u00f3n Nacional y Los Republicanos han acordado no anularse en decenas de circunscripciones y Ciotti tiene en su mano ser ministro en un potencial Gobierno de Bardella.<\/p>\n<p>LA IZQUIERDA, UNIDA<br \/>\nEn el flanco izquierdo ha surgido el Nuevo Frente Popular, una alianza que tiene como principales puntales al Partido Socialista, tercero en las \u00faltimas europeas tras unos a\u00f1os relegado, y a La Francia Insumisa (LFI) del excandidato presidencial Jean-Luc M\u00e9lenchon. Este bloque, que sus rivales han categorizado de extrema izquierda principalmente por la presencia de LFI, no ha aclarado a\u00fan qui\u00e9n encabezar\u00eda su Ejecutivo en caso de llegar al poder.<br \/>\nLos dos debates televisados se los han turnado en representaci\u00f3n del Nuevo Frente Popular el diputado Manuel Bombard, de LFI, y el l\u00edder del Partido Socialista (PS), Olivier Faure, si bien sus rivales hab\u00edan solicitado que quien ocupase la silla fuese M\u00e9lenchon, alegando que \u00e9l es el aspirante tapado para ocupar la jefatura del Gobierno.<br \/>\nM\u00e9lenchon ha sugerido que es momento de pasar el testigo a nuevas figuras m\u00e1s j\u00f3venes, mientras que Faure ha llegado a decir que el excandidato presidencial \u201cno puede ser primer ministro\u201d en un momento en que quien ocupe este cargo debe precisamente \u201capaciguar\u201d y tender puentes.<br \/>\nS\u00ed ha dejado claro en cambio qui\u00e9n es su candidato el frente af\u00edn a Macron, que aspira a mantener como primer ministro a Gabriel Attal, principal responsable de la campa\u00f1a electoral. Potencial delf\u00edn pol\u00edtico de Macron, Attal fue el elegido por el presidente este mismo para tratar de relanzar un Gobierno que, sin mayor\u00eda absoluta en la Asamblea Nacional, se ha visto obligado a recurrir en numerosas ocasiones a una prerrogativa constitucional para forzar la aprobaci\u00f3n de leyes clave, a riesgo de tentar a la suerte con sucesivas mociones de censura.<br \/>\nAttal advirti\u00f3 del riesgo de \u201csaltar al vac\u00edo\u201d, entendiendo que s\u00f3lo su lista representa el centrismo y la moderaci\u00f3n que necesitar\u00eda Francia en estos momentos. El primer ministro considera que el programa econ\u00f3mico que abandera es el \u00fanico serio y el ministro de Finanzas, Bruno Le Maire, ha llegado a burlarse p\u00fablicamente de la falta de concreci\u00f3n de Bardella en reformas clave como la de las pensiones.<\/p>\n<p>PRIMERA RONDA<br \/>\nLa del 30 de junio es s\u00f3lo la primera ronda de un sistema a doble vuelta, con el 7 de julio como fecha clave. La Asamblea Nacional gala est\u00e1 compuesta por 577 diputados, elegidos por otras tantas circunscripciones: en cada una de ellas, s\u00f3lo hay un vencedor en primera vuelta si alguien logra m\u00e1s del 50 por ciento de los votos emitidos y estos representan, adem\u00e1s, al 25 por ciento del electorado total.<br \/>\nEn contra de lo que ocurre en los comicios presidenciales, no tienen por qu\u00e9 pasar a la segunda ronda \u00fanicamente dos candidaturas, sino que superar\u00e1n la primera criba todas aquellas personas que obtengan m\u00e1s del 12,5 por ciento de los sufragios. Es en esta cita final cuando los aspirantes y partidos deber\u00e1n tantear sus opciones y determinar el posible respaldo a una candidatura rival, en una especie de contenci\u00f3n de da\u00f1os que pasa por optar por el mal menor.<br \/>\nLa importancia de las alianzas es por tanto clave para tratar de no restarle votos en primera ronda -reparti\u00e9ndose por ejemplo circunscripciones dentro de cada bloque-, mientras que para la segunda ser\u00e1 clave d\u00f3nde van a parar los votos de los candidatos eliminados o sin opciones. Tradicionalmente, el \u201cfrente republicano\u201d tejido por las formaciones moderadas invitaba en estas segundas vueltas a aunar votos contra la ultraderecha.<br \/>\nMacron, al t\u00e9rmino de una campa\u00f1a marcada por la ambig\u00fcedad, ha prometido \u201cla m\u00e1xima claridad\u201d para esa vuelta final en materia de consigna de voto, sin aclarar si pedir\u00eda el voto para el Nuevo Frente Popular en caso de que uno de sus candidatos tuviese opciones frente a la ultraderecha.<br \/>\nSer\u00e1 en cualquier caso la noche del 7 de julio cuando se despejen todas las inc\u00f3gnitas, o no. Los sondeos sit\u00faan a la alianza conservadora por delante de sus rivales, con una intenci\u00f3n de voto que ronda el 30 por ciento, pero no est\u00e1 claro que puedan alcanzar la mayor\u00eda absoluta que reclama Bardella para gobernar sin dependencias externas.<br \/>\nLa legislatura saliente hizo evidente el riesgo de esta fragilidad, ya que el Gobierno de Attal, encabezado previamente por Elisabeth Borne, apenas contaba con 245 apoyos. Puede darse una situaci\u00f3n de flagrante ingobernabilidad, lo que abocar\u00eda a Francia a aguantar al menos durante un a\u00f1o: la Constituci\u00f3n establece en su art\u00edculo 12 que no puede haber una nueva disoluci\u00f3n del Parlamento en doce meses.<br \/>\nLa polarizaci\u00f3n complica la posibilidad de un Gobierno tecn\u00f3crata, mientras que el El\u00edseo ha aclarado que Macron no contempla recurrir al art\u00edculo 16 de la Constituci\u00f3n y conceder poderes excepcionales para evitar el vac\u00edo de poder, un bot\u00f3n nuclear que s\u00f3lo se ha pulsado una vez durante la V Rep\u00fablica, en el a\u00f1o 1961 como respuesta al golpe en Argel.<\/p>\n","protected":false},"excerpt":{"rendered":"<p>Francia vivir\u00e1 hoy un proceso electoral para renovar su Asamblea Nacional mediante comicios legislativos anticipados a los que concurre una mayor\u00eda gobernante d\u00e9bil y que pueden terminar de consolidar el avance de la ultraderecha, que acaricia la posibilidad de gobernar de la mano de Jordan Bardella. El terremoto pol\u00edtico estall\u00f3 la misma noche del 9 [&hellip;]<\/p>\n","protected":false},"author":1,"featured_media":230791,"comment_status":"open","ping_status":"open","sticky":false,"template":"","format":"standard","meta":{"_acf_changed":false,"footnotes":""},"categories":[3],"tags":[],"class_list":["post-230790","post","type-post","status-publish","format-standard","has-post-thumbnail","category-internacional"],"acf":{"antetitulo":"Ultraderecha busca salto pol\u00edtico"},"yoast_head":"<!-- This site is optimized with the Yoast SEO plugin v28.4 - https:\/\/yoast.com\/product\/yoast-seo-wordpress\/ -->\n<title>Franceses acuden hoy a urnas para elecciones legislativas anticipadas - El Diario - Bolivia<\/title>\n<meta name=\"robots\" content=\"index, follow, max-snippet:-1, max-image-preview:large, max-video-preview:-1\" \/>\n<link rel=\"canonical\" href=\"https:\/\/www.eldiario.net\/portal\/2024\/06\/30\/franceses-acuden-hoy-a-urnas-para-elecciones-legislativas-anticipadas\/\" \/>\n<meta property=\"og:locale\" content=\"es_ES\" \/>\n<meta property=\"og:type\" content=\"article\" \/>\n<meta property=\"og:title\" content=\"Franceses acuden hoy a urnas para elecciones legislativas anticipadas - El Diario - Bolivia\" \/>\n<meta property=\"og:description\" content=\"Francia vivir\u00e1 hoy un proceso electoral para renovar su Asamblea Nacional mediante comicios legislativos anticipados a los que concurre una mayor\u00eda gobernante d\u00e9bil y que pueden terminar de consolidar el avance de la ultraderecha, que acaricia la posibilidad de gobernar de la mano de Jordan Bardella. El terremoto pol\u00edtico estall\u00f3 la misma noche del 9 [&hellip;]\" \/>\n<meta property=\"og:url\" content=\"https:\/\/www.eldiario.net\/portal\/2024\/06\/30\/franceses-acuden-hoy-a-urnas-para-elecciones-legislativas-anticipadas\/\" \/>\n<meta property=\"og:site_name\" content=\"El Diario - Bolivia\" \/>\n<meta property=\"article:publisher\" content=\"https:\/\/www.facebook.com\/eldiario.bolivia\/\" \/>\n<meta property=\"article:published_time\" content=\"2024-06-30T11:35:20+00:00\" \/>\n<meta property=\"og:image\" content=\"https:\/\/www.eldiario.net\/portal\/wp-content\/uploads\/2024\/06\/elecciones-CA.jpg\" \/>\n\t<meta property=\"og:image:width\" content=\"900\" \/>\n\t<meta property=\"og:image:height\" content=\"600\" \/>\n\t<meta property=\"og:image:type\" content=\"image\/jpeg\" \/>\n<meta name=\"author\" content=\"Jeanette\" \/>\n<meta name=\"twitter:card\" content=\"summary_large_image\" \/>\n<meta name=\"twitter:creator\" content=\"@eldiario_net\" \/>\n<meta name=\"twitter:site\" content=\"@eldiario_net\" \/>\n<meta name=\"twitter:label1\" content=\"Escrito por\" \/>\n\t<meta name=\"twitter:data1\" content=\"Jeanette\" \/>\n\t<meta name=\"twitter:label2\" content=\"Tiempo de lectura\" \/>\n\t<meta name=\"twitter:data2\" content=\"6 minutos\" \/>\n<script type=\"application\/ld+json\" class=\"yoast-schema-graph\">{\"@context\":\"https:\\\/\\\/schema.org\",\"@graph\":[{\"@type\":\"Article\",\"@id\":\"https:\\\/\\\/www.eldiario.net\\\/portal\\\/2024\\\/06\\\/30\\\/franceses-acuden-hoy-a-urnas-para-elecciones-legislativas-anticipadas\\\/#article\",\"isPartOf\":{\"@id\":\"https:\\\/\\\/www.eldiario.net\\\/portal\\\/2024\\\/06\\\/30\\\/franceses-acuden-hoy-a-urnas-para-elecciones-legislativas-anticipadas\\\/\"},\"author\":{\"name\":\"Jeanette\",\"@id\":\"https:\\\/\\\/www.eldiario.net\\\/portal\\\/#\\\/schema\\\/person\\\/f46445640444750d7d753ccd04ae01b7\"},\"headline\":\"Franceses acuden hoy a urnas para elecciones legislativas anticipadas\",\"datePublished\":\"2024-06-30T11:35:20+00:00\",\"mainEntityOfPage\":{\"@id\":\"https:\\\/\\\/www.eldiario.net\\\/portal\\\/2024\\\/06\\\/30\\\/franceses-acuden-hoy-a-urnas-para-elecciones-legislativas-anticipadas\\\/\"},\"wordCount\":1319,\"commentCount\":0,\"publisher\":{\"@id\":\"https:\\\/\\\/www.eldiario.net\\\/portal\\\/#organization\"},\"image\":{\"@id\":\"https:\\\/\\\/www.eldiario.net\\\/portal\\\/2024\\\/06\\\/30\\\/franceses-acuden-hoy-a-urnas-para-elecciones-legislativas-anticipadas\\\/#primaryimage\"},\"thumbnailUrl\":\"https:\\\/\\\/www.eldiario.net\\\/portal\\\/wp-content\\\/uploads\\\/2024\\\/06\\\/elecciones-CA.jpg\",\"articleSection\":[\"Internacional\"],\"inLanguage\":\"es\",\"potentialAction\":[{\"@type\":\"CommentAction\",\"name\":\"Comment\",\"target\":[\"https:\\\/\\\/www.eldiario.net\\\/portal\\\/2024\\\/06\\\/30\\\/franceses-acuden-hoy-a-urnas-para-elecciones-legislativas-anticipadas\\\/#respond\"]}]},{\"@type\":\"WebPage\",\"@id\":\"https:\\\/\\\/www.eldiario.net\\\/portal\\\/2024\\\/06\\\/30\\\/franceses-acuden-hoy-a-urnas-para-elecciones-legislativas-anticipadas\\\/\",\"url\":\"https:\\\/\\\/www.eldiario.net\\\/portal\\\/2024\\\/06\\\/30\\\/franceses-acuden-hoy-a-urnas-para-elecciones-legislativas-anticipadas\\\/\",\"name\":\"Franceses acuden hoy a urnas para elecciones legislativas anticipadas - El Diario - Bolivia\",\"isPartOf\":{\"@id\":\"https:\\\/\\\/www.eldiario.net\\\/portal\\\/#website\"},\"primaryImageOfPage\":{\"@id\":\"https:\\\/\\\/www.eldiario.net\\\/portal\\\/2024\\\/06\\\/30\\\/franceses-acuden-hoy-a-urnas-para-elecciones-legislativas-anticipadas\\\/#primaryimage\"},\"image\":{\"@id\":\"https:\\\/\\\/www.eldiario.net\\\/portal\\\/2024\\\/06\\\/30\\\/franceses-acuden-hoy-a-urnas-para-elecciones-legislativas-anticipadas\\\/#primaryimage\"},\"thumbnailUrl\":\"https:\\\/\\\/www.eldiario.net\\\/portal\\\/wp-content\\\/uploads\\\/2024\\\/06\\\/elecciones-CA.jpg\",\"datePublished\":\"2024-06-30T11:35:20+00:00\",\"breadcrumb\":{\"@id\":\"https:\\\/\\\/www.eldiario.net\\\/portal\\\/2024\\\/06\\\/30\\\/franceses-acuden-hoy-a-urnas-para-elecciones-legislativas-anticipadas\\\/#breadcrumb\"},\"inLanguage\":\"es\",\"potentialAction\":[{\"@type\":\"ReadAction\",\"target\":[\"https:\\\/\\\/www.eldiario.net\\\/portal\\\/2024\\\/06\\\/30\\\/franceses-acuden-hoy-a-urnas-para-elecciones-legislativas-anticipadas\\\/\"]}]},{\"@type\":\"ImageObject\",\"inLanguage\":\"es\",\"@id\":\"https:\\\/\\\/www.eldiario.net\\\/portal\\\/2024\\\/06\\\/30\\\/franceses-acuden-hoy-a-urnas-para-elecciones-legislativas-anticipadas\\\/#primaryimage\",\"url\":\"https:\\\/\\\/www.eldiario.net\\\/portal\\\/wp-content\\\/uploads\\\/2024\\\/06\\\/elecciones-CA.jpg\",\"contentUrl\":\"https:\\\/\\\/www.eldiario.net\\\/portal\\\/wp-content\\\/uploads\\\/2024\\\/06\\\/elecciones-CA.jpg\",\"width\":900,\"height\":600,\"caption\":\"Fuerzas pol\u00edticas en la Asamblea Nacional de Francia.\"},{\"@type\":\"BreadcrumbList\",\"@id\":\"https:\\\/\\\/www.eldiario.net\\\/portal\\\/2024\\\/06\\\/30\\\/franceses-acuden-hoy-a-urnas-para-elecciones-legislativas-anticipadas\\\/#breadcrumb\",\"itemListElement\":[{\"@type\":\"ListItem\",\"position\":1,\"name\":\"Portada\",\"item\":\"https:\\\/\\\/www.eldiario.net\\\/portal\\\/\"},{\"@type\":\"ListItem\",\"position\":2,\"name\":\"Franceses acuden hoy a urnas para elecciones legislativas anticipadas\"}]},{\"@type\":\"WebSite\",\"@id\":\"https:\\\/\\\/www.eldiario.net\\\/portal\\\/#website\",\"url\":\"https:\\\/\\\/www.eldiario.net\\\/portal\\\/\",\"name\":\"El Diario - Decano de la prensa nacional\",\"description\":\"El Diario - Decano de la prensa nacional\",\"publisher\":{\"@id\":\"https:\\\/\\\/www.eldiario.net\\\/portal\\\/#organization\"},\"potentialAction\":[{\"@type\":\"SearchAction\",\"target\":{\"@type\":\"EntryPoint\",\"urlTemplate\":\"https:\\\/\\\/www.eldiario.net\\\/portal\\\/?s={search_term_string}\"},\"query-input\":{\"@type\":\"PropertyValueSpecification\",\"valueRequired\":true,\"valueName\":\"search_term_string\"}}],\"inLanguage\":\"es\"},{\"@type\":\"Organization\",\"@id\":\"https:\\\/\\\/www.eldiario.net\\\/portal\\\/#organization\",\"name\":\"El Diario - Decano de la prensa nacional\",\"url\":\"https:\\\/\\\/www.eldiario.net\\\/portal\\\/\",\"logo\":{\"@type\":\"ImageObject\",\"inLanguage\":\"es\",\"@id\":\"https:\\\/\\\/www.eldiario.net\\\/portal\\\/#\\\/schema\\\/logo\\\/image\\\/\",\"url\":\"https:\\\/\\\/www.eldiario.net\\\/portal\\\/wp-content\\\/uploads\\\/2023\\\/07\\\/logo_ED.jpg\",\"contentUrl\":\"https:\\\/\\\/www.eldiario.net\\\/portal\\\/wp-content\\\/uploads\\\/2023\\\/07\\\/logo_ED.jpg\",\"width\":272,\"height\":52,\"caption\":\"El Diario - Decano de la prensa nacional\"},\"image\":{\"@id\":\"https:\\\/\\\/www.eldiario.net\\\/portal\\\/#\\\/schema\\\/logo\\\/image\\\/\"},\"sameAs\":[\"https:\\\/\\\/www.facebook.com\\\/eldiario.bolivia\\\/\",\"https:\\\/\\\/x.com\\\/eldiario_net\"]},{\"@type\":\"Person\",\"@id\":\"https:\\\/\\\/www.eldiario.net\\\/portal\\\/#\\\/schema\\\/person\\\/f46445640444750d7d753ccd04ae01b7\",\"name\":\"Jeanette\",\"image\":{\"@type\":\"ImageObject\",\"inLanguage\":\"es\",\"@id\":\"https:\\\/\\\/secure.gravatar.com\\\/avatar\\\/3ea2118a5f7dad2b7138b1187a6b7ee55f160b9968b66013c3a3ef39dd7e5798?s=96&d=mm&r=g\",\"url\":\"https:\\\/\\\/secure.gravatar.com\\\/avatar\\\/3ea2118a5f7dad2b7138b1187a6b7ee55f160b9968b66013c3a3ef39dd7e5798?s=96&d=mm&r=g\",\"contentUrl\":\"https:\\\/\\\/secure.gravatar.com\\\/avatar\\\/3ea2118a5f7dad2b7138b1187a6b7ee55f160b9968b66013c3a3ef39dd7e5798?s=96&d=mm&r=g\",\"caption\":\"Jeanette\"},\"sameAs\":[\"https:\\\/\\\/www.eldiario.net\\\/portal\"],\"url\":\"https:\\\/\\\/www.eldiario.net\\\/portal\\\/author\\\/jeanette\\\/\"}]}<\/script>\n<!-- \/ Yoast SEO plugin. -->","yoast_head_json":{"title":"Franceses acuden hoy a urnas para elecciones legislativas anticipadas - El Diario - Bolivia","robots":{"index":"index","follow":"follow","max-snippet":"max-snippet:-1","max-image-preview":"max-image-preview:large","max-video-preview":"max-video-preview:-1"},"canonical":"https:\/\/www.eldiario.net\/portal\/2024\/06\/30\/franceses-acuden-hoy-a-urnas-para-elecciones-legislativas-anticipadas\/","og_locale":"es_ES","og_type":"article","og_title":"Franceses acuden hoy a urnas para elecciones legislativas anticipadas - El Diario - Bolivia","og_description":"Francia vivir\u00e1 hoy un proceso electoral para renovar su Asamblea Nacional mediante comicios legislativos anticipados a los que concurre una mayor\u00eda gobernante d\u00e9bil y que pueden terminar de consolidar el avance de la ultraderecha, que acaricia la posibilidad de gobernar de la mano de Jordan Bardella. El terremoto pol\u00edtico estall\u00f3 la misma noche del 9 [&hellip;]","og_url":"https:\/\/www.eldiario.net\/portal\/2024\/06\/30\/franceses-acuden-hoy-a-urnas-para-elecciones-legislativas-anticipadas\/","og_site_name":"El Diario - Bolivia","article_publisher":"https:\/\/www.facebook.com\/eldiario.bolivia\/","article_published_time":"2024-06-30T11:35:20+00:00","og_image":[{"width":900,"height":600,"url":"https:\/\/www.eldiario.net\/portal\/wp-content\/uploads\/2024\/06\/elecciones-CA.jpg","type":"image\/jpeg"}],"author":"Jeanette","twitter_card":"summary_large_image","twitter_creator":"@eldiario_net","twitter_site":"@eldiario_net","twitter_misc":{"Escrito por":"Jeanette","Tiempo de lectura":"6 minutos"},"schema":{"@context":"https:\/\/schema.org","@graph":[{"@type":"Article","@id":"https:\/\/www.eldiario.net\/portal\/2024\/06\/30\/franceses-acuden-hoy-a-urnas-para-elecciones-legislativas-anticipadas\/#article","isPartOf":{"@id":"https:\/\/www.eldiario.net\/portal\/2024\/06\/30\/franceses-acuden-hoy-a-urnas-para-elecciones-legislativas-anticipadas\/"},"author":{"name":"Jeanette","@id":"https:\/\/www.eldiario.net\/portal\/#\/schema\/person\/f46445640444750d7d753ccd04ae01b7"},"headline":"Franceses acuden hoy a urnas para elecciones legislativas anticipadas","datePublished":"2024-06-30T11:35:20+00:00","mainEntityOfPage":{"@id":"https:\/\/www.eldiario.net\/portal\/2024\/06\/30\/franceses-acuden-hoy-a-urnas-para-elecciones-legislativas-anticipadas\/"},"wordCount":1319,"commentCount":0,"publisher":{"@id":"https:\/\/www.eldiario.net\/portal\/#organization"},"image":{"@id":"https:\/\/www.eldiario.net\/portal\/2024\/06\/30\/franceses-acuden-hoy-a-urnas-para-elecciones-legislativas-anticipadas\/#primaryimage"},"thumbnailUrl":"https:\/\/www.eldiario.net\/portal\/wp-content\/uploads\/2024\/06\/elecciones-CA.jpg","articleSection":["Internacional"],"inLanguage":"es","potentialAction":[{"@type":"CommentAction","name":"Comment","target":["https:\/\/www.eldiario.net\/portal\/2024\/06\/30\/franceses-acuden-hoy-a-urnas-para-elecciones-legislativas-anticipadas\/#respond"]}]},{"@type":"WebPage","@id":"https:\/\/www.eldiario.net\/portal\/2024\/06\/30\/franceses-acuden-hoy-a-urnas-para-elecciones-legislativas-anticipadas\/","url":"https:\/\/www.eldiario.net\/portal\/2024\/06\/30\/franceses-acuden-hoy-a-urnas-para-elecciones-legislativas-anticipadas\/","name":"Franceses acuden hoy a urnas para elecciones legislativas anticipadas - El Diario - Bolivia","isPartOf":{"@id":"https:\/\/www.eldiario.net\/portal\/#website"},"primaryImageOfPage":{"@id":"https:\/\/www.eldiario.net\/portal\/2024\/06\/30\/franceses-acuden-hoy-a-urnas-para-elecciones-legislativas-anticipadas\/#primaryimage"},"image":{"@id":"https:\/\/www.eldiario.net\/portal\/2024\/06\/30\/franceses-acuden-hoy-a-urnas-para-elecciones-legislativas-anticipadas\/#primaryimage"},"thumbnailUrl":"https:\/\/www.eldiario.net\/portal\/wp-content\/uploads\/2024\/06\/elecciones-CA.jpg","datePublished":"2024-06-30T11:35:20+00:00","breadcrumb":{"@id":"https:\/\/www.eldiario.net\/portal\/2024\/06\/30\/franceses-acuden-hoy-a-urnas-para-elecciones-legislativas-anticipadas\/#breadcrumb"},"inLanguage":"es","potentialAction":[{"@type":"ReadAction","target":["https:\/\/www.eldiario.net\/portal\/2024\/06\/30\/franceses-acuden-hoy-a-urnas-para-elecciones-legislativas-anticipadas\/"]}]},{"@type":"ImageObject","inLanguage":"es","@id":"https:\/\/www.eldiario.net\/portal\/2024\/06\/30\/franceses-acuden-hoy-a-urnas-para-elecciones-legislativas-anticipadas\/#primaryimage","url":"https:\/\/www.eldiario.net\/portal\/wp-content\/uploads\/2024\/06\/elecciones-CA.jpg","contentUrl":"https:\/\/www.eldiario.net\/portal\/wp-content\/uploads\/2024\/06\/elecciones-CA.jpg","width":900,"height":600,"caption":"Fuerzas pol\u00edticas en la Asamblea Nacional de Francia."},{"@type":"BreadcrumbList","@id":"https:\/\/www.eldiario.net\/portal\/2024\/06\/30\/franceses-acuden-hoy-a-urnas-para-elecciones-legislativas-anticipadas\/#breadcrumb","itemListElement":[{"@type":"ListItem","position":1,"name":"Portada","item":"https:\/\/www.eldiario.net\/portal\/"},{"@type":"ListItem","position":2,"name":"Franceses acuden hoy a urnas para elecciones legislativas anticipadas"}]},{"@type":"WebSite","@id":"https:\/\/www.eldiario.net\/portal\/#website","url":"https:\/\/www.eldiario.net\/portal\/","name":"El Diario - Decano de la prensa nacional","description":"El Diario - Decano de la prensa nacional","publisher":{"@id":"https:\/\/www.eldiario.net\/portal\/#organization"},"potentialAction":[{"@type":"SearchAction","target":{"@type":"EntryPoint","urlTemplate":"https:\/\/www.eldiario.net\/portal\/?s={search_term_string}"},"query-input":{"@type":"PropertyValueSpecification","valueRequired":true,"valueName":"search_term_string"}}],"inLanguage":"es"},{"@type":"Organization","@id":"https:\/\/www.eldiario.net\/portal\/#organization","name":"El Diario - Decano de la prensa nacional","url":"https:\/\/www.eldiario.net\/portal\/","logo":{"@type":"ImageObject","inLanguage":"es","@id":"https:\/\/www.eldiario.net\/portal\/#\/schema\/logo\/image\/","url":"https:\/\/www.eldiario.net\/portal\/wp-content\/uploads\/2023\/07\/logo_ED.jpg","contentUrl":"https:\/\/www.eldiario.net\/portal\/wp-content\/uploads\/2023\/07\/logo_ED.jpg","width":272,"height":52,"caption":"El Diario - Decano de la prensa nacional"},"image":{"@id":"https:\/\/www.eldiario.net\/portal\/#\/schema\/logo\/image\/"},"sameAs":["https:\/\/www.facebook.com\/eldiario.bolivia\/","https:\/\/x.com\/eldiario_net"]},{"@type":"Person","@id":"https:\/\/www.eldiario.net\/portal\/#\/schema\/person\/f46445640444750d7d753ccd04ae01b7","name":"Jeanette","image":{"@type":"ImageObject","inLanguage":"es","@id":"https:\/\/secure.gravatar.com\/avatar\/3ea2118a5f7dad2b7138b1187a6b7ee55f160b9968b66013c3a3ef39dd7e5798?s=96&d=mm&r=g","url":"https:\/\/secure.gravatar.com\/avatar\/3ea2118a5f7dad2b7138b1187a6b7ee55f160b9968b66013c3a3ef39dd7e5798?s=96&d=mm&r=g","contentUrl":"https:\/\/secure.gravatar.com\/avatar\/3ea2118a5f7dad2b7138b1187a6b7ee55f160b9968b66013c3a3ef39dd7e5798?s=96&d=mm&r=g","caption":"Jeanette"},"sameAs":["https:\/\/www.eldiario.net\/portal"],"url":"https:\/\/www.eldiario.net\/portal\/author\/jeanette\/"}]}},"_links":{"self":[{"href":"https:\/\/www.eldiario.net\/portal\/wp-json\/wp\/v2\/posts\/230790","targetHints":{"allow":["GET"]}}],"collection":[{"href":"https:\/\/www.eldiario.net\/portal\/wp-json\/wp\/v2\/posts"}],"about":[{"href":"https:\/\/www.eldiario.net\/portal\/wp-json\/wp\/v2\/types\/post"}],"author":[{"embeddable":true,"href":"https:\/\/www.eldiario.net\/portal\/wp-json\/wp\/v2\/users\/1"}],"replies":[{"embeddable":true,"href":"https:\/\/www.eldiario.net\/portal\/wp-json\/wp\/v2\/comments?post=230790"}],"version-history":[{"count":1,"href":"https:\/\/www.eldiario.net\/portal\/wp-json\/wp\/v2\/posts\/230790\/revisions"}],"predecessor-version":[{"id":230792,"href":"https:\/\/www.eldiario.net\/portal\/wp-json\/wp\/v2\/posts\/230790\/revisions\/230792"}],"wp:featuredmedia":[{"embeddable":true,"href":"https:\/\/www.eldiario.net\/portal\/wp-json\/wp\/v2\/media\/230791"}],"wp:attachment":[{"href":"https:\/\/www.eldiario.net\/portal\/wp-json\/wp\/v2\/media?parent=230790"}],"wp:term":[{"taxonomy":"category","embeddable":true,"href":"https:\/\/www.eldiario.net\/portal\/wp-json\/wp\/v2\/categories?post=230790"},{"taxonomy":"post_tag","embeddable":true,"href":"https:\/\/www.eldiario.net\/portal\/wp-json\/wp\/v2\/tags?post=230790"}],"curies":[{"name":"wp","href":"https:\/\/api.w.org\/{rel}","templated":true}]}}