{"id":230787,"date":"2024-06-30T07:34:41","date_gmt":"2024-06-30T11:34:41","guid":{"rendered":"https:\/\/www.eldiario.net\/portal\/?p=230787"},"modified":"2024-06-30T07:34:41","modified_gmt":"2024-06-30T11:34:41","slug":"el-papa-reclama-a-sacerdotes-iglesia-de-puertas-abiertas","status":"publish","type":"post","link":"https:\/\/www.eldiario.net\/portal\/2024\/06\/30\/el-papa-reclama-a-sacerdotes-iglesia-de-puertas-abiertas\/","title":{"rendered":"El Papa reclama a sacerdotes Iglesia de \u201cpuertas abiertas\u201d"},"content":{"rendered":"<p>El Papa Francisco reclam\u00f3 a los sacerdotes una Iglesia de \u201cpuertas abiertas\u201d y critic\u00f3 a las comunidades eclesiales que permanecen cerradas y no han aprendido \u201cesta sabidur\u00eda\u201d. \u201cCu\u00e1ntas veces las comunidades no aprenden esta sabidur\u00eda de abrir puertas\u201d, acot\u00f3.<br \/>\nEn la ceremonia que ha presidido en la bas\u00edlica de San Pedro del Vaticano, ante m\u00e1s de 5.500 fieles y en presencia de una delegaci\u00f3n del Patriarcado de Constantinopla, el Papa inst\u00f3 a que \u201cen v\u00edsperas del a\u00f1o jubilar\u201d la Iglesia se detenga a pensar ante \u201cla imagen de la puerta\u201d.<br \/>\n\u201cEl Jubileo, en efecto, ser\u00e1 un tiempo de gracia en el que abriremos la Puerta Santa, para que todos puedan cruzar el umbral de ese santuario vivo que es Jes\u00fas y, en \u00c9l, experimentar el amor de Dios que vigoriza la esperanza y renueva la alegr\u00eda. Y tambi\u00e9n en la historia de Pedro y Pablo hay puertas que se abren. Meditemos sobre esto\u201d, se\u00f1al\u00f3.<br \/>\nEn otro pasaje de la homil\u00eda, el Papa advirti\u00f3 contra una espiritualidad \u201cs\u00f3lo intimista o consoladora\u201d como presentan \u201choy algunos movimientos de la Iglesia\u201d o una \u201cespiritualidad de sal\u00f3n\u201d. Para Francisco, la verdadera espiritualidad nace del encuentro \u201ccon el Se\u00f1or\u201d y \u201cenciende en la propia vida el celo por la evangelizaci\u00f3n\u201d.<br \/>\nFrancisco -que como es habitual ha entregado el palio, una estola de lana blanca que simboliza la jurisdicci\u00f3n en comuni\u00f3n con la Santa Sede, a los arzobispos metropolitanos consagrados durante el a\u00f1o pasado- se ha detenido en las figuras que la Iglesia celebra este s\u00e1bado -san Pedro y san Pablo de Tarso, patrones de Roma- y ha asegurado que los \u201cdos Ap\u00f3stoles Pedro y Pablo tuvieron la experiencia de la gracia\u201d.<br \/>\n\u201cTocaron la obra de Dios, que les abri\u00f3 las puertas de su c\u00e1rcel interior y tambi\u00e9n de las c\u00e1rceles reales donde estaban encarcelados a causa del Evangelio. Tambi\u00e9n abri\u00f3 ante ellos las puertas de la evangelizaci\u00f3n, para que pudieran experimentar la alegr\u00eda de encontrarse con sus hermanos y hermanas de las comunidades incipientes y poder llevar a todos la esperanza del Evangelio\u201d, explic\u00f3.<br \/>\nLa atenci\u00f3n del Pont\u00edfice se ha dirigido tambi\u00e9n a los arzobispos metropolitanos nombrados en el \u00faltimo a\u00f1o, que como es tradici\u00f3n en este d\u00eda reciben el Palio. \u201cEn comuni\u00f3n con Pedro y siguiendo el ejemplo de Cristo, puerta de las ovejas\u201d, asegur\u00f3 el Papa, \u201cest\u00e1n llamados a ser pastores celosos, que abren las puertas del Evangelio y que, con su ministerio, contribuyen a construir una Iglesia y una sociedad de puertas abiertas\u201d.<br \/>\nPosteriormente, Francisco salud\u00f3 \u201ccon afecto fraterno a la delegaci\u00f3n del Patriarcado Ecum\u00e9nico: gracias por haber venido a manifestar el deseo com\u00fan de la plena comuni\u00f3n entre nuestras Iglesias. Env\u00edo un saludo a mi querido hermano Bartolom\u00e9\u201d. (Infobae)<br \/>\n&nbsp;<\/p>\n","protected":false},"excerpt":{"rendered":"<p>El Papa Francisco reclam\u00f3 a los sacerdotes una Iglesia de \u201cpuertas abiertas\u201d y critic\u00f3 a las comunidades eclesiales que permanecen cerradas y no han aprendido \u201cesta sabidur\u00eda\u201d. \u201cCu\u00e1ntas veces las comunidades no aprenden esta sabidur\u00eda de abrir puertas\u201d, acot\u00f3. En la ceremonia que ha presidido en la bas\u00edlica de San Pedro del Vaticano, ante m\u00e1s [&hellip;]<\/p>\n","protected":false},"author":1,"featured_media":230788,"comment_status":"open","ping_status":"open","sticky":false,"template":"","format":"standard","meta":{"_acf_changed":false,"footnotes":""},"categories":[3],"tags":[],"class_list":["post-230787","post","type-post","status-publish","format-standard","has-post-thumbnail","category-internacional"],"acf":{"antetitulo":"El Vaticano"},"yoast_head":"<!-- This site is optimized with the Yoast SEO plugin v28.4 - https:\/\/yoast.com\/product\/yoast-seo-wordpress\/ -->\n<title>El Papa reclama a sacerdotes Iglesia de \u201cpuertas abiertas\u201d - El Diario - Bolivia<\/title>\n<meta name=\"robots\" content=\"index, follow, max-snippet:-1, max-image-preview:large, max-video-preview:-1\" \/>\n<link rel=\"canonical\" href=\"https:\/\/www.eldiario.net\/portal\/2024\/06\/30\/el-papa-reclama-a-sacerdotes-iglesia-de-puertas-abiertas\/\" \/>\n<meta property=\"og:locale\" content=\"es_ES\" \/>\n<meta property=\"og:type\" content=\"article\" \/>\n<meta property=\"og:title\" content=\"El Papa reclama a sacerdotes Iglesia de \u201cpuertas abiertas\u201d - El Diario - Bolivia\" \/>\n<meta property=\"og:description\" content=\"El Papa Francisco reclam\u00f3 a los sacerdotes una Iglesia de \u201cpuertas abiertas\u201d y critic\u00f3 a las comunidades eclesiales que permanecen cerradas y no han aprendido \u201cesta sabidur\u00eda\u201d. \u201cCu\u00e1ntas veces las comunidades no aprenden esta sabidur\u00eda de abrir puertas\u201d, acot\u00f3. En la ceremonia que ha presidido en la bas\u00edlica de San Pedro del Vaticano, ante m\u00e1s [&hellip;]\" \/>\n<meta property=\"og:url\" content=\"https:\/\/www.eldiario.net\/portal\/2024\/06\/30\/el-papa-reclama-a-sacerdotes-iglesia-de-puertas-abiertas\/\" \/>\n<meta property=\"og:site_name\" content=\"El Diario - Bolivia\" \/>\n<meta property=\"article:publisher\" content=\"https:\/\/www.facebook.com\/eldiario.bolivia\/\" \/>\n<meta property=\"article:published_time\" content=\"2024-06-30T11:34:41+00:00\" \/>\n<meta property=\"og:image\" content=\"https:\/\/www.eldiario.net\/portal\/wp-content\/uploads\/2024\/06\/Papa-Infobae.jpg\" \/>\n\t<meta property=\"og:image:width\" content=\"1920\" \/>\n\t<meta property=\"og:image:height\" content=\"1278\" \/>\n\t<meta property=\"og:image:type\" content=\"image\/jpeg\" \/>\n<meta name=\"author\" content=\"Jeanette\" \/>\n<meta name=\"twitter:card\" content=\"summary_large_image\" \/>\n<meta name=\"twitter:creator\" content=\"@eldiario_net\" \/>\n<meta name=\"twitter:site\" content=\"@eldiario_net\" \/>\n<meta name=\"twitter:label1\" content=\"Escrito por\" \/>\n\t<meta name=\"twitter:data1\" content=\"Jeanette\" \/>\n\t<meta name=\"twitter:label2\" content=\"Tiempo de lectura\" \/>\n\t<meta name=\"twitter:data2\" content=\"3 minutos\" \/>\n<script type=\"application\/ld+json\" class=\"yoast-schema-graph\">{\"@context\":\"https:\\\/\\\/schema.org\",\"@graph\":[{\"@type\":\"Article\",\"@id\":\"https:\\\/\\\/www.eldiario.net\\\/portal\\\/2024\\\/06\\\/30\\\/el-papa-reclama-a-sacerdotes-iglesia-de-puertas-abiertas\\\/#article\",\"isPartOf\":{\"@id\":\"https:\\\/\\\/www.eldiario.net\\\/portal\\\/2024\\\/06\\\/30\\\/el-papa-reclama-a-sacerdotes-iglesia-de-puertas-abiertas\\\/\"},\"author\":{\"name\":\"Jeanette\",\"@id\":\"https:\\\/\\\/www.eldiario.net\\\/portal\\\/#\\\/schema\\\/person\\\/f46445640444750d7d753ccd04ae01b7\"},\"headline\":\"El Papa reclama a sacerdotes Iglesia de \u201cpuertas abiertas\u201d\",\"datePublished\":\"2024-06-30T11:34:41+00:00\",\"mainEntityOfPage\":{\"@id\":\"https:\\\/\\\/www.eldiario.net\\\/portal\\\/2024\\\/06\\\/30\\\/el-papa-reclama-a-sacerdotes-iglesia-de-puertas-abiertas\\\/\"},\"wordCount\":498,\"commentCount\":0,\"publisher\":{\"@id\":\"https:\\\/\\\/www.eldiario.net\\\/portal\\\/#organization\"},\"image\":{\"@id\":\"https:\\\/\\\/www.eldiario.net\\\/portal\\\/2024\\\/06\\\/30\\\/el-papa-reclama-a-sacerdotes-iglesia-de-puertas-abiertas\\\/#primaryimage\"},\"thumbnailUrl\":\"https:\\\/\\\/www.eldiario.net\\\/portal\\\/wp-content\\\/uploads\\\/2024\\\/06\\\/Papa-Infobae.jpg\",\"articleSection\":[\"Internacional\"],\"inLanguage\":\"es\",\"potentialAction\":[{\"@type\":\"CommentAction\",\"name\":\"Comment\",\"target\":[\"https:\\\/\\\/www.eldiario.net\\\/portal\\\/2024\\\/06\\\/30\\\/el-papa-reclama-a-sacerdotes-iglesia-de-puertas-abiertas\\\/#respond\"]}]},{\"@type\":\"WebPage\",\"@id\":\"https:\\\/\\\/www.eldiario.net\\\/portal\\\/2024\\\/06\\\/30\\\/el-papa-reclama-a-sacerdotes-iglesia-de-puertas-abiertas\\\/\",\"url\":\"https:\\\/\\\/www.eldiario.net\\\/portal\\\/2024\\\/06\\\/30\\\/el-papa-reclama-a-sacerdotes-iglesia-de-puertas-abiertas\\\/\",\"name\":\"El Papa reclama a sacerdotes Iglesia de \u201cpuertas abiertas\u201d - El Diario - Bolivia\",\"isPartOf\":{\"@id\":\"https:\\\/\\\/www.eldiario.net\\\/portal\\\/#website\"},\"primaryImageOfPage\":{\"@id\":\"https:\\\/\\\/www.eldiario.net\\\/portal\\\/2024\\\/06\\\/30\\\/el-papa-reclama-a-sacerdotes-iglesia-de-puertas-abiertas\\\/#primaryimage\"},\"image\":{\"@id\":\"https:\\\/\\\/www.eldiario.net\\\/portal\\\/2024\\\/06\\\/30\\\/el-papa-reclama-a-sacerdotes-iglesia-de-puertas-abiertas\\\/#primaryimage\"},\"thumbnailUrl\":\"https:\\\/\\\/www.eldiario.net\\\/portal\\\/wp-content\\\/uploads\\\/2024\\\/06\\\/Papa-Infobae.jpg\",\"datePublished\":\"2024-06-30T11:34:41+00:00\",\"breadcrumb\":{\"@id\":\"https:\\\/\\\/www.eldiario.net\\\/portal\\\/2024\\\/06\\\/30\\\/el-papa-reclama-a-sacerdotes-iglesia-de-puertas-abiertas\\\/#breadcrumb\"},\"inLanguage\":\"es\",\"potentialAction\":[{\"@type\":\"ReadAction\",\"target\":[\"https:\\\/\\\/www.eldiario.net\\\/portal\\\/2024\\\/06\\\/30\\\/el-papa-reclama-a-sacerdotes-iglesia-de-puertas-abiertas\\\/\"]}]},{\"@type\":\"ImageObject\",\"inLanguage\":\"es\",\"@id\":\"https:\\\/\\\/www.eldiario.net\\\/portal\\\/2024\\\/06\\\/30\\\/el-papa-reclama-a-sacerdotes-iglesia-de-puertas-abiertas\\\/#primaryimage\",\"url\":\"https:\\\/\\\/www.eldiario.net\\\/portal\\\/wp-content\\\/uploads\\\/2024\\\/06\\\/Papa-Infobae.jpg\",\"contentUrl\":\"https:\\\/\\\/www.eldiario.net\\\/portal\\\/wp-content\\\/uploads\\\/2024\\\/06\\\/Papa-Infobae.jpg\",\"width\":1920,\"height\":1278,\"caption\":\"\u201cPedro y Pablo experimentaron la gracia y abrieron puertas\u201d, record\u00f3 el Papa Francisco.\"},{\"@type\":\"BreadcrumbList\",\"@id\":\"https:\\\/\\\/www.eldiario.net\\\/portal\\\/2024\\\/06\\\/30\\\/el-papa-reclama-a-sacerdotes-iglesia-de-puertas-abiertas\\\/#breadcrumb\",\"itemListElement\":[{\"@type\":\"ListItem\",\"position\":1,\"name\":\"Portada\",\"item\":\"https:\\\/\\\/www.eldiario.net\\\/portal\\\/\"},{\"@type\":\"ListItem\",\"position\":2,\"name\":\"El Papa reclama a sacerdotes Iglesia de \u201cpuertas abiertas\u201d\"}]},{\"@type\":\"WebSite\",\"@id\":\"https:\\\/\\\/www.eldiario.net\\\/portal\\\/#website\",\"url\":\"https:\\\/\\\/www.eldiario.net\\\/portal\\\/\",\"name\":\"El Diario - Decano de la prensa nacional\",\"description\":\"El Diario - Decano de la prensa nacional\",\"publisher\":{\"@id\":\"https:\\\/\\\/www.eldiario.net\\\/portal\\\/#organization\"},\"potentialAction\":[{\"@type\":\"SearchAction\",\"target\":{\"@type\":\"EntryPoint\",\"urlTemplate\":\"https:\\\/\\\/www.eldiario.net\\\/portal\\\/?s={search_term_string}\"},\"query-input\":{\"@type\":\"PropertyValueSpecification\",\"valueRequired\":true,\"valueName\":\"search_term_string\"}}],\"inLanguage\":\"es\"},{\"@type\":\"Organization\",\"@id\":\"https:\\\/\\\/www.eldiario.net\\\/portal\\\/#organization\",\"name\":\"El Diario - Decano de la prensa nacional\",\"url\":\"https:\\\/\\\/www.eldiario.net\\\/portal\\\/\",\"logo\":{\"@type\":\"ImageObject\",\"inLanguage\":\"es\",\"@id\":\"https:\\\/\\\/www.eldiario.net\\\/portal\\\/#\\\/schema\\\/logo\\\/image\\\/\",\"url\":\"https:\\\/\\\/www.eldiario.net\\\/portal\\\/wp-content\\\/uploads\\\/2023\\\/07\\\/logo_ED.jpg\",\"contentUrl\":\"https:\\\/\\\/www.eldiario.net\\\/portal\\\/wp-content\\\/uploads\\\/2023\\\/07\\\/logo_ED.jpg\",\"width\":272,\"height\":52,\"caption\":\"El Diario - Decano de la prensa nacional\"},\"image\":{\"@id\":\"https:\\\/\\\/www.eldiario.net\\\/portal\\\/#\\\/schema\\\/logo\\\/image\\\/\"},\"sameAs\":[\"https:\\\/\\\/www.facebook.com\\\/eldiario.bolivia\\\/\",\"https:\\\/\\\/x.com\\\/eldiario_net\"]},{\"@type\":\"Person\",\"@id\":\"https:\\\/\\\/www.eldiario.net\\\/portal\\\/#\\\/schema\\\/person\\\/f46445640444750d7d753ccd04ae01b7\",\"name\":\"Jeanette\",\"image\":{\"@type\":\"ImageObject\",\"inLanguage\":\"es\",\"@id\":\"https:\\\/\\\/secure.gravatar.com\\\/avatar\\\/3ea2118a5f7dad2b7138b1187a6b7ee55f160b9968b66013c3a3ef39dd7e5798?s=96&d=mm&r=g\",\"url\":\"https:\\\/\\\/secure.gravatar.com\\\/avatar\\\/3ea2118a5f7dad2b7138b1187a6b7ee55f160b9968b66013c3a3ef39dd7e5798?s=96&d=mm&r=g\",\"contentUrl\":\"https:\\\/\\\/secure.gravatar.com\\\/avatar\\\/3ea2118a5f7dad2b7138b1187a6b7ee55f160b9968b66013c3a3ef39dd7e5798?s=96&d=mm&r=g\",\"caption\":\"Jeanette\"},\"sameAs\":[\"https:\\\/\\\/www.eldiario.net\\\/portal\"],\"url\":\"https:\\\/\\\/www.eldiario.net\\\/portal\\\/author\\\/jeanette\\\/\"}]}<\/script>\n<!-- \/ Yoast SEO plugin. -->","yoast_head_json":{"title":"El Papa reclama a sacerdotes Iglesia de \u201cpuertas abiertas\u201d - El Diario - Bolivia","robots":{"index":"index","follow":"follow","max-snippet":"max-snippet:-1","max-image-preview":"max-image-preview:large","max-video-preview":"max-video-preview:-1"},"canonical":"https:\/\/www.eldiario.net\/portal\/2024\/06\/30\/el-papa-reclama-a-sacerdotes-iglesia-de-puertas-abiertas\/","og_locale":"es_ES","og_type":"article","og_title":"El Papa reclama a sacerdotes Iglesia de \u201cpuertas abiertas\u201d - El Diario - Bolivia","og_description":"El Papa Francisco reclam\u00f3 a los sacerdotes una Iglesia de \u201cpuertas abiertas\u201d y critic\u00f3 a las comunidades eclesiales que permanecen cerradas y no han aprendido \u201cesta sabidur\u00eda\u201d. \u201cCu\u00e1ntas veces las comunidades no aprenden esta sabidur\u00eda de abrir puertas\u201d, acot\u00f3. En la ceremonia que ha presidido en la bas\u00edlica de San Pedro del Vaticano, ante m\u00e1s [&hellip;]","og_url":"https:\/\/www.eldiario.net\/portal\/2024\/06\/30\/el-papa-reclama-a-sacerdotes-iglesia-de-puertas-abiertas\/","og_site_name":"El Diario - Bolivia","article_publisher":"https:\/\/www.facebook.com\/eldiario.bolivia\/","article_published_time":"2024-06-30T11:34:41+00:00","og_image":[{"width":1920,"height":1278,"url":"https:\/\/www.eldiario.net\/portal\/wp-content\/uploads\/2024\/06\/Papa-Infobae.jpg","type":"image\/jpeg"}],"author":"Jeanette","twitter_card":"summary_large_image","twitter_creator":"@eldiario_net","twitter_site":"@eldiario_net","twitter_misc":{"Escrito por":"Jeanette","Tiempo de lectura":"3 minutos"},"schema":{"@context":"https:\/\/schema.org","@graph":[{"@type":"Article","@id":"https:\/\/www.eldiario.net\/portal\/2024\/06\/30\/el-papa-reclama-a-sacerdotes-iglesia-de-puertas-abiertas\/#article","isPartOf":{"@id":"https:\/\/www.eldiario.net\/portal\/2024\/06\/30\/el-papa-reclama-a-sacerdotes-iglesia-de-puertas-abiertas\/"},"author":{"name":"Jeanette","@id":"https:\/\/www.eldiario.net\/portal\/#\/schema\/person\/f46445640444750d7d753ccd04ae01b7"},"headline":"El Papa reclama a sacerdotes Iglesia de \u201cpuertas abiertas\u201d","datePublished":"2024-06-30T11:34:41+00:00","mainEntityOfPage":{"@id":"https:\/\/www.eldiario.net\/portal\/2024\/06\/30\/el-papa-reclama-a-sacerdotes-iglesia-de-puertas-abiertas\/"},"wordCount":498,"commentCount":0,"publisher":{"@id":"https:\/\/www.eldiario.net\/portal\/#organization"},"image":{"@id":"https:\/\/www.eldiario.net\/portal\/2024\/06\/30\/el-papa-reclama-a-sacerdotes-iglesia-de-puertas-abiertas\/#primaryimage"},"thumbnailUrl":"https:\/\/www.eldiario.net\/portal\/wp-content\/uploads\/2024\/06\/Papa-Infobae.jpg","articleSection":["Internacional"],"inLanguage":"es","potentialAction":[{"@type":"CommentAction","name":"Comment","target":["https:\/\/www.eldiario.net\/portal\/2024\/06\/30\/el-papa-reclama-a-sacerdotes-iglesia-de-puertas-abiertas\/#respond"]}]},{"@type":"WebPage","@id":"https:\/\/www.eldiario.net\/portal\/2024\/06\/30\/el-papa-reclama-a-sacerdotes-iglesia-de-puertas-abiertas\/","url":"https:\/\/www.eldiario.net\/portal\/2024\/06\/30\/el-papa-reclama-a-sacerdotes-iglesia-de-puertas-abiertas\/","name":"El Papa reclama a sacerdotes Iglesia de \u201cpuertas abiertas\u201d - El Diario - Bolivia","isPartOf":{"@id":"https:\/\/www.eldiario.net\/portal\/#website"},"primaryImageOfPage":{"@id":"https:\/\/www.eldiario.net\/portal\/2024\/06\/30\/el-papa-reclama-a-sacerdotes-iglesia-de-puertas-abiertas\/#primaryimage"},"image":{"@id":"https:\/\/www.eldiario.net\/portal\/2024\/06\/30\/el-papa-reclama-a-sacerdotes-iglesia-de-puertas-abiertas\/#primaryimage"},"thumbnailUrl":"https:\/\/www.eldiario.net\/portal\/wp-content\/uploads\/2024\/06\/Papa-Infobae.jpg","datePublished":"2024-06-30T11:34:41+00:00","breadcrumb":{"@id":"https:\/\/www.eldiario.net\/portal\/2024\/06\/30\/el-papa-reclama-a-sacerdotes-iglesia-de-puertas-abiertas\/#breadcrumb"},"inLanguage":"es","potentialAction":[{"@type":"ReadAction","target":["https:\/\/www.eldiario.net\/portal\/2024\/06\/30\/el-papa-reclama-a-sacerdotes-iglesia-de-puertas-abiertas\/"]}]},{"@type":"ImageObject","inLanguage":"es","@id":"https:\/\/www.eldiario.net\/portal\/2024\/06\/30\/el-papa-reclama-a-sacerdotes-iglesia-de-puertas-abiertas\/#primaryimage","url":"https:\/\/www.eldiario.net\/portal\/wp-content\/uploads\/2024\/06\/Papa-Infobae.jpg","contentUrl":"https:\/\/www.eldiario.net\/portal\/wp-content\/uploads\/2024\/06\/Papa-Infobae.jpg","width":1920,"height":1278,"caption":"\u201cPedro y Pablo experimentaron la gracia y abrieron puertas\u201d, record\u00f3 el Papa Francisco."},{"@type":"BreadcrumbList","@id":"https:\/\/www.eldiario.net\/portal\/2024\/06\/30\/el-papa-reclama-a-sacerdotes-iglesia-de-puertas-abiertas\/#breadcrumb","itemListElement":[{"@type":"ListItem","position":1,"name":"Portada","item":"https:\/\/www.eldiario.net\/portal\/"},{"@type":"ListItem","position":2,"name":"El Papa reclama a sacerdotes Iglesia de \u201cpuertas abiertas\u201d"}]},{"@type":"WebSite","@id":"https:\/\/www.eldiario.net\/portal\/#website","url":"https:\/\/www.eldiario.net\/portal\/","name":"El Diario - Decano de la prensa nacional","description":"El Diario - Decano de la prensa nacional","publisher":{"@id":"https:\/\/www.eldiario.net\/portal\/#organization"},"potentialAction":[{"@type":"SearchAction","target":{"@type":"EntryPoint","urlTemplate":"https:\/\/www.eldiario.net\/portal\/?s={search_term_string}"},"query-input":{"@type":"PropertyValueSpecification","valueRequired":true,"valueName":"search_term_string"}}],"inLanguage":"es"},{"@type":"Organization","@id":"https:\/\/www.eldiario.net\/portal\/#organization","name":"El Diario - Decano de la prensa nacional","url":"https:\/\/www.eldiario.net\/portal\/","logo":{"@type":"ImageObject","inLanguage":"es","@id":"https:\/\/www.eldiario.net\/portal\/#\/schema\/logo\/image\/","url":"https:\/\/www.eldiario.net\/portal\/wp-content\/uploads\/2023\/07\/logo_ED.jpg","contentUrl":"https:\/\/www.eldiario.net\/portal\/wp-content\/uploads\/2023\/07\/logo_ED.jpg","width":272,"height":52,"caption":"El Diario - Decano de la prensa nacional"},"image":{"@id":"https:\/\/www.eldiario.net\/portal\/#\/schema\/logo\/image\/"},"sameAs":["https:\/\/www.facebook.com\/eldiario.bolivia\/","https:\/\/x.com\/eldiario_net"]},{"@type":"Person","@id":"https:\/\/www.eldiario.net\/portal\/#\/schema\/person\/f46445640444750d7d753ccd04ae01b7","name":"Jeanette","image":{"@type":"ImageObject","inLanguage":"es","@id":"https:\/\/secure.gravatar.com\/avatar\/3ea2118a5f7dad2b7138b1187a6b7ee55f160b9968b66013c3a3ef39dd7e5798?s=96&d=mm&r=g","url":"https:\/\/secure.gravatar.com\/avatar\/3ea2118a5f7dad2b7138b1187a6b7ee55f160b9968b66013c3a3ef39dd7e5798?s=96&d=mm&r=g","contentUrl":"https:\/\/secure.gravatar.com\/avatar\/3ea2118a5f7dad2b7138b1187a6b7ee55f160b9968b66013c3a3ef39dd7e5798?s=96&d=mm&r=g","caption":"Jeanette"},"sameAs":["https:\/\/www.eldiario.net\/portal"],"url":"https:\/\/www.eldiario.net\/portal\/author\/jeanette\/"}]}},"_links":{"self":[{"href":"https:\/\/www.eldiario.net\/portal\/wp-json\/wp\/v2\/posts\/230787","targetHints":{"allow":["GET"]}}],"collection":[{"href":"https:\/\/www.eldiario.net\/portal\/wp-json\/wp\/v2\/posts"}],"about":[{"href":"https:\/\/www.eldiario.net\/portal\/wp-json\/wp\/v2\/types\/post"}],"author":[{"embeddable":true,"href":"https:\/\/www.eldiario.net\/portal\/wp-json\/wp\/v2\/users\/1"}],"replies":[{"embeddable":true,"href":"https:\/\/www.eldiario.net\/portal\/wp-json\/wp\/v2\/comments?post=230787"}],"version-history":[{"count":1,"href":"https:\/\/www.eldiario.net\/portal\/wp-json\/wp\/v2\/posts\/230787\/revisions"}],"predecessor-version":[{"id":230789,"href":"https:\/\/www.eldiario.net\/portal\/wp-json\/wp\/v2\/posts\/230787\/revisions\/230789"}],"wp:featuredmedia":[{"embeddable":true,"href":"https:\/\/www.eldiario.net\/portal\/wp-json\/wp\/v2\/media\/230788"}],"wp:attachment":[{"href":"https:\/\/www.eldiario.net\/portal\/wp-json\/wp\/v2\/media?parent=230787"}],"wp:term":[{"taxonomy":"category","embeddable":true,"href":"https:\/\/www.eldiario.net\/portal\/wp-json\/wp\/v2\/categories?post=230787"},{"taxonomy":"post_tag","embeddable":true,"href":"https:\/\/www.eldiario.net\/portal\/wp-json\/wp\/v2\/tags?post=230787"}],"curies":[{"name":"wp","href":"https:\/\/api.w.org\/{rel}","templated":true}]}}