{"id":230784,"date":"2024-06-30T07:34:07","date_gmt":"2024-06-30T11:34:07","guid":{"rendered":"https:\/\/www.eldiario.net\/portal\/?p=230784"},"modified":"2024-06-30T07:34:07","modified_gmt":"2024-06-30T11:34:07","slug":"avalanchas-de-tierra-dejan-al-menos-nueve-muertos-en-el-este-de-nepal","status":"publish","type":"post","link":"https:\/\/www.eldiario.net\/portal\/2024\/06\/30\/avalanchas-de-tierra-dejan-al-menos-nueve-muertos-en-el-este-de-nepal\/","title":{"rendered":"Avalanchas de tierra dejan al menos nueve muertos en el este de Nepal"},"content":{"rendered":"<p>Nueve personas han fallecido, entre ellas cinco miembros de una misma familia sepultados en el este de Nepal por tres avalanchas de tierra provocadas por las fuertes lluvias en la zona. Hasta la fecha, al menos 23 personas han perdido la vida a consecuencia de las inundaciones en el pa\u00eds desde el pasado 1 de junio.<br \/>\nEl suceso m\u00e1s grave ha tenido lugar concretamente en el municipio de Gulmi, donde una avalancha ha sepultado una vivienda entera con una familia dentro. Los fallecidos han sido identificados como un matrimonio de 56 y 47 a\u00f1os, su nuera de 30 a\u00f1os y dos nietas, inform\u00f3 el superintendente de Polic\u00eda municipal, Rajan Bhujel.<br \/>\nLos servicios de rescate contin\u00faan trabajando en los alrededores en busca de desaparecidos, informa el portal de noticias Nepal News, mientras las autoridades nepal\u00edes anuncian nuevas lluvias torrenciales para las pr\u00f3ximas horas en las provincias de Koshi, Bagmati y Gandaki.<br \/>\nHoras despu\u00e9s, las mismas autoridades confirmaron otros cuatro muertos m\u00e1s en las vecinas localidades de Baglung y Syangja.<br \/>\nSeg\u00fan la Divisi\u00f3n de Predicci\u00f3n Meteorol\u00f3gica del Departamento de Hidrolog\u00eda y Meteorolog\u00eda, tambi\u00e9n est\u00e1n ocurriendo precipitaciones de ligeras a moderadas en uno o dos lugares de Lumbini y Karnali que continuar\u00e1n, como m\u00ednimo, hasta esta pr\u00f3xima noche.<br \/>\nHay que recordar que al menos 23 personas han muerto a consecuencia de las inundaciones en el pa\u00eds desde el pasado 1 de junio. (Europa Press)<\/p>\n","protected":false},"excerpt":{"rendered":"<p>Nueve personas han fallecido, entre ellas cinco miembros de una misma familia sepultados en el este de Nepal por tres avalanchas de tierra provocadas por las fuertes lluvias en la zona. Hasta la fecha, al menos 23 personas han perdido la vida a consecuencia de las inundaciones en el pa\u00eds desde el pasado 1 de [&hellip;]<\/p>\n","protected":false},"author":1,"featured_media":230785,"comment_status":"open","ping_status":"open","sticky":false,"template":"","format":"standard","meta":{"_acf_changed":false,"footnotes":""},"categories":[3],"tags":[],"class_list":["post-230784","post","type-post","status-publish","format-standard","has-post-thumbnail","category-internacional"],"acf":{"antetitulo":"Por lluvias monz\u00f3nicas"},"yoast_head":"<!-- This site is optimized with the Yoast SEO plugin v28.4 - https:\/\/yoast.com\/product\/yoast-seo-wordpress\/ -->\n<title>Avalanchas de tierra dejan al menos nueve muertos en el este de Nepal - El Diario - Bolivia<\/title>\n<meta name=\"robots\" content=\"index, follow, max-snippet:-1, max-image-preview:large, max-video-preview:-1\" \/>\n<link rel=\"canonical\" href=\"https:\/\/www.eldiario.net\/portal\/2024\/06\/30\/avalanchas-de-tierra-dejan-al-menos-nueve-muertos-en-el-este-de-nepal\/\" \/>\n<meta property=\"og:locale\" content=\"es_ES\" \/>\n<meta property=\"og:type\" content=\"article\" \/>\n<meta property=\"og:title\" content=\"Avalanchas de tierra dejan al menos nueve muertos en el este de Nepal - El Diario - Bolivia\" \/>\n<meta property=\"og:description\" content=\"Nueve personas han fallecido, entre ellas cinco miembros de una misma familia sepultados en el este de Nepal por tres avalanchas de tierra provocadas por las fuertes lluvias en la zona. Hasta la fecha, al menos 23 personas han perdido la vida a consecuencia de las inundaciones en el pa\u00eds desde el pasado 1 de [&hellip;]\" \/>\n<meta property=\"og:url\" content=\"https:\/\/www.eldiario.net\/portal\/2024\/06\/30\/avalanchas-de-tierra-dejan-al-menos-nueve-muertos-en-el-este-de-nepal\/\" \/>\n<meta property=\"og:site_name\" content=\"El Diario - Bolivia\" \/>\n<meta property=\"article:publisher\" content=\"https:\/\/www.facebook.com\/eldiario.bolivia\/\" \/>\n<meta property=\"article:published_time\" content=\"2024-06-30T11:34:07+00:00\" \/>\n<meta property=\"og:image\" content=\"https:\/\/www.eldiario.net\/portal\/wp-content\/uploads\/2024\/06\/avalancha-Europa-Press.jpg\" \/>\n\t<meta property=\"og:image:width\" content=\"690\" \/>\n\t<meta property=\"og:image:height\" content=\"460\" \/>\n\t<meta property=\"og:image:type\" content=\"image\/jpeg\" \/>\n<meta name=\"author\" content=\"Jeanette\" \/>\n<meta name=\"twitter:card\" content=\"summary_large_image\" \/>\n<meta name=\"twitter:creator\" content=\"@eldiario_net\" \/>\n<meta name=\"twitter:site\" content=\"@eldiario_net\" \/>\n<meta name=\"twitter:label1\" content=\"Escrito por\" \/>\n\t<meta name=\"twitter:data1\" content=\"Jeanette\" \/>\n\t<meta name=\"twitter:label2\" content=\"Tiempo de lectura\" \/>\n\t<meta name=\"twitter:data2\" content=\"2 minutos\" \/>\n<script type=\"application\/ld+json\" class=\"yoast-schema-graph\">{\"@context\":\"https:\\\/\\\/schema.org\",\"@graph\":[{\"@type\":\"Article\",\"@id\":\"https:\\\/\\\/www.eldiario.net\\\/portal\\\/2024\\\/06\\\/30\\\/avalanchas-de-tierra-dejan-al-menos-nueve-muertos-en-el-este-de-nepal\\\/#article\",\"isPartOf\":{\"@id\":\"https:\\\/\\\/www.eldiario.net\\\/portal\\\/2024\\\/06\\\/30\\\/avalanchas-de-tierra-dejan-al-menos-nueve-muertos-en-el-este-de-nepal\\\/\"},\"author\":{\"name\":\"Jeanette\",\"@id\":\"https:\\\/\\\/www.eldiario.net\\\/portal\\\/#\\\/schema\\\/person\\\/f46445640444750d7d753ccd04ae01b7\"},\"headline\":\"Avalanchas de tierra dejan al menos nueve muertos en el este de Nepal\",\"datePublished\":\"2024-06-30T11:34:07+00:00\",\"mainEntityOfPage\":{\"@id\":\"https:\\\/\\\/www.eldiario.net\\\/portal\\\/2024\\\/06\\\/30\\\/avalanchas-de-tierra-dejan-al-menos-nueve-muertos-en-el-este-de-nepal\\\/\"},\"wordCount\":259,\"commentCount\":0,\"publisher\":{\"@id\":\"https:\\\/\\\/www.eldiario.net\\\/portal\\\/#organization\"},\"image\":{\"@id\":\"https:\\\/\\\/www.eldiario.net\\\/portal\\\/2024\\\/06\\\/30\\\/avalanchas-de-tierra-dejan-al-menos-nueve-muertos-en-el-este-de-nepal\\\/#primaryimage\"},\"thumbnailUrl\":\"https:\\\/\\\/www.eldiario.net\\\/portal\\\/wp-content\\\/uploads\\\/2024\\\/06\\\/avalancha-Europa-Press.jpg\",\"articleSection\":[\"Internacional\"],\"inLanguage\":\"es\",\"potentialAction\":[{\"@type\":\"CommentAction\",\"name\":\"Comment\",\"target\":[\"https:\\\/\\\/www.eldiario.net\\\/portal\\\/2024\\\/06\\\/30\\\/avalanchas-de-tierra-dejan-al-menos-nueve-muertos-en-el-este-de-nepal\\\/#respond\"]}]},{\"@type\":\"WebPage\",\"@id\":\"https:\\\/\\\/www.eldiario.net\\\/portal\\\/2024\\\/06\\\/30\\\/avalanchas-de-tierra-dejan-al-menos-nueve-muertos-en-el-este-de-nepal\\\/\",\"url\":\"https:\\\/\\\/www.eldiario.net\\\/portal\\\/2024\\\/06\\\/30\\\/avalanchas-de-tierra-dejan-al-menos-nueve-muertos-en-el-este-de-nepal\\\/\",\"name\":\"Avalanchas de tierra dejan al menos nueve muertos en el este de Nepal - El Diario - Bolivia\",\"isPartOf\":{\"@id\":\"https:\\\/\\\/www.eldiario.net\\\/portal\\\/#website\"},\"primaryImageOfPage\":{\"@id\":\"https:\\\/\\\/www.eldiario.net\\\/portal\\\/2024\\\/06\\\/30\\\/avalanchas-de-tierra-dejan-al-menos-nueve-muertos-en-el-este-de-nepal\\\/#primaryimage\"},\"image\":{\"@id\":\"https:\\\/\\\/www.eldiario.net\\\/portal\\\/2024\\\/06\\\/30\\\/avalanchas-de-tierra-dejan-al-menos-nueve-muertos-en-el-este-de-nepal\\\/#primaryimage\"},\"thumbnailUrl\":\"https:\\\/\\\/www.eldiario.net\\\/portal\\\/wp-content\\\/uploads\\\/2024\\\/06\\\/avalancha-Europa-Press.jpg\",\"datePublished\":\"2024-06-30T11:34:07+00:00\",\"breadcrumb\":{\"@id\":\"https:\\\/\\\/www.eldiario.net\\\/portal\\\/2024\\\/06\\\/30\\\/avalanchas-de-tierra-dejan-al-menos-nueve-muertos-en-el-este-de-nepal\\\/#breadcrumb\"},\"inLanguage\":\"es\",\"potentialAction\":[{\"@type\":\"ReadAction\",\"target\":[\"https:\\\/\\\/www.eldiario.net\\\/portal\\\/2024\\\/06\\\/30\\\/avalanchas-de-tierra-dejan-al-menos-nueve-muertos-en-el-este-de-nepal\\\/\"]}]},{\"@type\":\"ImageObject\",\"inLanguage\":\"es\",\"@id\":\"https:\\\/\\\/www.eldiario.net\\\/portal\\\/2024\\\/06\\\/30\\\/avalanchas-de-tierra-dejan-al-menos-nueve-muertos-en-el-este-de-nepal\\\/#primaryimage\",\"url\":\"https:\\\/\\\/www.eldiario.net\\\/portal\\\/wp-content\\\/uploads\\\/2024\\\/06\\\/avalancha-Europa-Press.jpg\",\"contentUrl\":\"https:\\\/\\\/www.eldiario.net\\\/portal\\\/wp-content\\\/uploads\\\/2024\\\/06\\\/avalancha-Europa-Press.jpg\",\"width\":690,\"height\":460,\"caption\":\"El deslizamiento de tierra por la prolongada lluvia mantiene inquieta a la poblaci\u00f3n de Nepal.\"},{\"@type\":\"BreadcrumbList\",\"@id\":\"https:\\\/\\\/www.eldiario.net\\\/portal\\\/2024\\\/06\\\/30\\\/avalanchas-de-tierra-dejan-al-menos-nueve-muertos-en-el-este-de-nepal\\\/#breadcrumb\",\"itemListElement\":[{\"@type\":\"ListItem\",\"position\":1,\"name\":\"Portada\",\"item\":\"https:\\\/\\\/www.eldiario.net\\\/portal\\\/\"},{\"@type\":\"ListItem\",\"position\":2,\"name\":\"Avalanchas de tierra dejan al menos nueve muertos en el este de Nepal\"}]},{\"@type\":\"WebSite\",\"@id\":\"https:\\\/\\\/www.eldiario.net\\\/portal\\\/#website\",\"url\":\"https:\\\/\\\/www.eldiario.net\\\/portal\\\/\",\"name\":\"El Diario - Decano de la prensa nacional\",\"description\":\"El Diario - Decano de la prensa nacional\",\"publisher\":{\"@id\":\"https:\\\/\\\/www.eldiario.net\\\/portal\\\/#organization\"},\"potentialAction\":[{\"@type\":\"SearchAction\",\"target\":{\"@type\":\"EntryPoint\",\"urlTemplate\":\"https:\\\/\\\/www.eldiario.net\\\/portal\\\/?s={search_term_string}\"},\"query-input\":{\"@type\":\"PropertyValueSpecification\",\"valueRequired\":true,\"valueName\":\"search_term_string\"}}],\"inLanguage\":\"es\"},{\"@type\":\"Organization\",\"@id\":\"https:\\\/\\\/www.eldiario.net\\\/portal\\\/#organization\",\"name\":\"El Diario - Decano de la prensa nacional\",\"url\":\"https:\\\/\\\/www.eldiario.net\\\/portal\\\/\",\"logo\":{\"@type\":\"ImageObject\",\"inLanguage\":\"es\",\"@id\":\"https:\\\/\\\/www.eldiario.net\\\/portal\\\/#\\\/schema\\\/logo\\\/image\\\/\",\"url\":\"https:\\\/\\\/www.eldiario.net\\\/portal\\\/wp-content\\\/uploads\\\/2023\\\/07\\\/logo_ED.jpg\",\"contentUrl\":\"https:\\\/\\\/www.eldiario.net\\\/portal\\\/wp-content\\\/uploads\\\/2023\\\/07\\\/logo_ED.jpg\",\"width\":272,\"height\":52,\"caption\":\"El Diario - Decano de la prensa nacional\"},\"image\":{\"@id\":\"https:\\\/\\\/www.eldiario.net\\\/portal\\\/#\\\/schema\\\/logo\\\/image\\\/\"},\"sameAs\":[\"https:\\\/\\\/www.facebook.com\\\/eldiario.bolivia\\\/\",\"https:\\\/\\\/x.com\\\/eldiario_net\"]},{\"@type\":\"Person\",\"@id\":\"https:\\\/\\\/www.eldiario.net\\\/portal\\\/#\\\/schema\\\/person\\\/f46445640444750d7d753ccd04ae01b7\",\"name\":\"Jeanette\",\"image\":{\"@type\":\"ImageObject\",\"inLanguage\":\"es\",\"@id\":\"https:\\\/\\\/secure.gravatar.com\\\/avatar\\\/3ea2118a5f7dad2b7138b1187a6b7ee55f160b9968b66013c3a3ef39dd7e5798?s=96&d=mm&r=g\",\"url\":\"https:\\\/\\\/secure.gravatar.com\\\/avatar\\\/3ea2118a5f7dad2b7138b1187a6b7ee55f160b9968b66013c3a3ef39dd7e5798?s=96&d=mm&r=g\",\"contentUrl\":\"https:\\\/\\\/secure.gravatar.com\\\/avatar\\\/3ea2118a5f7dad2b7138b1187a6b7ee55f160b9968b66013c3a3ef39dd7e5798?s=96&d=mm&r=g\",\"caption\":\"Jeanette\"},\"sameAs\":[\"https:\\\/\\\/www.eldiario.net\\\/portal\"],\"url\":\"https:\\\/\\\/www.eldiario.net\\\/portal\\\/author\\\/jeanette\\\/\"}]}<\/script>\n<!-- \/ Yoast SEO plugin. -->","yoast_head_json":{"title":"Avalanchas de tierra dejan al menos nueve muertos en el este de Nepal - El Diario - Bolivia","robots":{"index":"index","follow":"follow","max-snippet":"max-snippet:-1","max-image-preview":"max-image-preview:large","max-video-preview":"max-video-preview:-1"},"canonical":"https:\/\/www.eldiario.net\/portal\/2024\/06\/30\/avalanchas-de-tierra-dejan-al-menos-nueve-muertos-en-el-este-de-nepal\/","og_locale":"es_ES","og_type":"article","og_title":"Avalanchas de tierra dejan al menos nueve muertos en el este de Nepal - El Diario - Bolivia","og_description":"Nueve personas han fallecido, entre ellas cinco miembros de una misma familia sepultados en el este de Nepal por tres avalanchas de tierra provocadas por las fuertes lluvias en la zona. Hasta la fecha, al menos 23 personas han perdido la vida a consecuencia de las inundaciones en el pa\u00eds desde el pasado 1 de [&hellip;]","og_url":"https:\/\/www.eldiario.net\/portal\/2024\/06\/30\/avalanchas-de-tierra-dejan-al-menos-nueve-muertos-en-el-este-de-nepal\/","og_site_name":"El Diario - Bolivia","article_publisher":"https:\/\/www.facebook.com\/eldiario.bolivia\/","article_published_time":"2024-06-30T11:34:07+00:00","og_image":[{"width":690,"height":460,"url":"https:\/\/www.eldiario.net\/portal\/wp-content\/uploads\/2024\/06\/avalancha-Europa-Press.jpg","type":"image\/jpeg"}],"author":"Jeanette","twitter_card":"summary_large_image","twitter_creator":"@eldiario_net","twitter_site":"@eldiario_net","twitter_misc":{"Escrito por":"Jeanette","Tiempo de lectura":"2 minutos"},"schema":{"@context":"https:\/\/schema.org","@graph":[{"@type":"Article","@id":"https:\/\/www.eldiario.net\/portal\/2024\/06\/30\/avalanchas-de-tierra-dejan-al-menos-nueve-muertos-en-el-este-de-nepal\/#article","isPartOf":{"@id":"https:\/\/www.eldiario.net\/portal\/2024\/06\/30\/avalanchas-de-tierra-dejan-al-menos-nueve-muertos-en-el-este-de-nepal\/"},"author":{"name":"Jeanette","@id":"https:\/\/www.eldiario.net\/portal\/#\/schema\/person\/f46445640444750d7d753ccd04ae01b7"},"headline":"Avalanchas de tierra dejan al menos nueve muertos en el este de Nepal","datePublished":"2024-06-30T11:34:07+00:00","mainEntityOfPage":{"@id":"https:\/\/www.eldiario.net\/portal\/2024\/06\/30\/avalanchas-de-tierra-dejan-al-menos-nueve-muertos-en-el-este-de-nepal\/"},"wordCount":259,"commentCount":0,"publisher":{"@id":"https:\/\/www.eldiario.net\/portal\/#organization"},"image":{"@id":"https:\/\/www.eldiario.net\/portal\/2024\/06\/30\/avalanchas-de-tierra-dejan-al-menos-nueve-muertos-en-el-este-de-nepal\/#primaryimage"},"thumbnailUrl":"https:\/\/www.eldiario.net\/portal\/wp-content\/uploads\/2024\/06\/avalancha-Europa-Press.jpg","articleSection":["Internacional"],"inLanguage":"es","potentialAction":[{"@type":"CommentAction","name":"Comment","target":["https:\/\/www.eldiario.net\/portal\/2024\/06\/30\/avalanchas-de-tierra-dejan-al-menos-nueve-muertos-en-el-este-de-nepal\/#respond"]}]},{"@type":"WebPage","@id":"https:\/\/www.eldiario.net\/portal\/2024\/06\/30\/avalanchas-de-tierra-dejan-al-menos-nueve-muertos-en-el-este-de-nepal\/","url":"https:\/\/www.eldiario.net\/portal\/2024\/06\/30\/avalanchas-de-tierra-dejan-al-menos-nueve-muertos-en-el-este-de-nepal\/","name":"Avalanchas de tierra dejan al menos nueve muertos en el este de Nepal - El Diario - Bolivia","isPartOf":{"@id":"https:\/\/www.eldiario.net\/portal\/#website"},"primaryImageOfPage":{"@id":"https:\/\/www.eldiario.net\/portal\/2024\/06\/30\/avalanchas-de-tierra-dejan-al-menos-nueve-muertos-en-el-este-de-nepal\/#primaryimage"},"image":{"@id":"https:\/\/www.eldiario.net\/portal\/2024\/06\/30\/avalanchas-de-tierra-dejan-al-menos-nueve-muertos-en-el-este-de-nepal\/#primaryimage"},"thumbnailUrl":"https:\/\/www.eldiario.net\/portal\/wp-content\/uploads\/2024\/06\/avalancha-Europa-Press.jpg","datePublished":"2024-06-30T11:34:07+00:00","breadcrumb":{"@id":"https:\/\/www.eldiario.net\/portal\/2024\/06\/30\/avalanchas-de-tierra-dejan-al-menos-nueve-muertos-en-el-este-de-nepal\/#breadcrumb"},"inLanguage":"es","potentialAction":[{"@type":"ReadAction","target":["https:\/\/www.eldiario.net\/portal\/2024\/06\/30\/avalanchas-de-tierra-dejan-al-menos-nueve-muertos-en-el-este-de-nepal\/"]}]},{"@type":"ImageObject","inLanguage":"es","@id":"https:\/\/www.eldiario.net\/portal\/2024\/06\/30\/avalanchas-de-tierra-dejan-al-menos-nueve-muertos-en-el-este-de-nepal\/#primaryimage","url":"https:\/\/www.eldiario.net\/portal\/wp-content\/uploads\/2024\/06\/avalancha-Europa-Press.jpg","contentUrl":"https:\/\/www.eldiario.net\/portal\/wp-content\/uploads\/2024\/06\/avalancha-Europa-Press.jpg","width":690,"height":460,"caption":"El deslizamiento de tierra por la prolongada lluvia mantiene inquieta a la poblaci\u00f3n de Nepal."},{"@type":"BreadcrumbList","@id":"https:\/\/www.eldiario.net\/portal\/2024\/06\/30\/avalanchas-de-tierra-dejan-al-menos-nueve-muertos-en-el-este-de-nepal\/#breadcrumb","itemListElement":[{"@type":"ListItem","position":1,"name":"Portada","item":"https:\/\/www.eldiario.net\/portal\/"},{"@type":"ListItem","position":2,"name":"Avalanchas de tierra dejan al menos nueve muertos en el este de Nepal"}]},{"@type":"WebSite","@id":"https:\/\/www.eldiario.net\/portal\/#website","url":"https:\/\/www.eldiario.net\/portal\/","name":"El Diario - Decano de la prensa nacional","description":"El Diario - Decano de la prensa nacional","publisher":{"@id":"https:\/\/www.eldiario.net\/portal\/#organization"},"potentialAction":[{"@type":"SearchAction","target":{"@type":"EntryPoint","urlTemplate":"https:\/\/www.eldiario.net\/portal\/?s={search_term_string}"},"query-input":{"@type":"PropertyValueSpecification","valueRequired":true,"valueName":"search_term_string"}}],"inLanguage":"es"},{"@type":"Organization","@id":"https:\/\/www.eldiario.net\/portal\/#organization","name":"El Diario - Decano de la prensa nacional","url":"https:\/\/www.eldiario.net\/portal\/","logo":{"@type":"ImageObject","inLanguage":"es","@id":"https:\/\/www.eldiario.net\/portal\/#\/schema\/logo\/image\/","url":"https:\/\/www.eldiario.net\/portal\/wp-content\/uploads\/2023\/07\/logo_ED.jpg","contentUrl":"https:\/\/www.eldiario.net\/portal\/wp-content\/uploads\/2023\/07\/logo_ED.jpg","width":272,"height":52,"caption":"El Diario - Decano de la prensa nacional"},"image":{"@id":"https:\/\/www.eldiario.net\/portal\/#\/schema\/logo\/image\/"},"sameAs":["https:\/\/www.facebook.com\/eldiario.bolivia\/","https:\/\/x.com\/eldiario_net"]},{"@type":"Person","@id":"https:\/\/www.eldiario.net\/portal\/#\/schema\/person\/f46445640444750d7d753ccd04ae01b7","name":"Jeanette","image":{"@type":"ImageObject","inLanguage":"es","@id":"https:\/\/secure.gravatar.com\/avatar\/3ea2118a5f7dad2b7138b1187a6b7ee55f160b9968b66013c3a3ef39dd7e5798?s=96&d=mm&r=g","url":"https:\/\/secure.gravatar.com\/avatar\/3ea2118a5f7dad2b7138b1187a6b7ee55f160b9968b66013c3a3ef39dd7e5798?s=96&d=mm&r=g","contentUrl":"https:\/\/secure.gravatar.com\/avatar\/3ea2118a5f7dad2b7138b1187a6b7ee55f160b9968b66013c3a3ef39dd7e5798?s=96&d=mm&r=g","caption":"Jeanette"},"sameAs":["https:\/\/www.eldiario.net\/portal"],"url":"https:\/\/www.eldiario.net\/portal\/author\/jeanette\/"}]}},"_links":{"self":[{"href":"https:\/\/www.eldiario.net\/portal\/wp-json\/wp\/v2\/posts\/230784","targetHints":{"allow":["GET"]}}],"collection":[{"href":"https:\/\/www.eldiario.net\/portal\/wp-json\/wp\/v2\/posts"}],"about":[{"href":"https:\/\/www.eldiario.net\/portal\/wp-json\/wp\/v2\/types\/post"}],"author":[{"embeddable":true,"href":"https:\/\/www.eldiario.net\/portal\/wp-json\/wp\/v2\/users\/1"}],"replies":[{"embeddable":true,"href":"https:\/\/www.eldiario.net\/portal\/wp-json\/wp\/v2\/comments?post=230784"}],"version-history":[{"count":1,"href":"https:\/\/www.eldiario.net\/portal\/wp-json\/wp\/v2\/posts\/230784\/revisions"}],"predecessor-version":[{"id":230786,"href":"https:\/\/www.eldiario.net\/portal\/wp-json\/wp\/v2\/posts\/230784\/revisions\/230786"}],"wp:featuredmedia":[{"embeddable":true,"href":"https:\/\/www.eldiario.net\/portal\/wp-json\/wp\/v2\/media\/230785"}],"wp:attachment":[{"href":"https:\/\/www.eldiario.net\/portal\/wp-json\/wp\/v2\/media?parent=230784"}],"wp:term":[{"taxonomy":"category","embeddable":true,"href":"https:\/\/www.eldiario.net\/portal\/wp-json\/wp\/v2\/categories?post=230784"},{"taxonomy":"post_tag","embeddable":true,"href":"https:\/\/www.eldiario.net\/portal\/wp-json\/wp\/v2\/tags?post=230784"}],"curies":[{"name":"wp","href":"https:\/\/api.w.org\/{rel}","templated":true}]}}