{"id":230781,"date":"2024-06-30T07:33:38","date_gmt":"2024-06-30T11:33:38","guid":{"rendered":"https:\/\/www.eldiario.net\/portal\/?p=230781"},"modified":"2024-06-30T07:33:38","modified_gmt":"2024-06-30T11:33:38","slug":"expresidente-de-honduras-condenado-a-45-anos-de-prision-en-estados-unidos","status":"publish","type":"post","link":"https:\/\/www.eldiario.net\/portal\/2024\/06\/30\/expresidente-de-honduras-condenado-a-45-anos-de-prision-en-estados-unidos\/","title":{"rendered":"Expresidente de Honduras condenado a 45 a\u00f1os de prisi\u00f3n en Estados Unidos"},"content":{"rendered":"<p>El expresidente hondure\u00f1o Juan Orlando Hern\u00e1ndez recibi\u00f3 el pasado mi\u00e9rcoles una condena de 45 a\u00f1os de prisi\u00f3n por delitos de narcotr\u00e1fico en Estados Unidos. Un tribunal de Manhattan en Nueva York lo hab\u00eda declarado culpable en marzo de conspirar para importar coca\u00edna a Estados Unidos y de poseer \u201cdispositivos destructivos\u201d, como ametralladoras.<br \/>\nLos fiscales de Nueva York alegaron que Hern\u00e1ndez hab\u00eda dirigido el pa\u00eds centroamericano como un \u201cnarcoestado\u201d y aceptado millones de d\u00f3lares en sobornos de narcotraficantes para protegerlos de la ley.<br \/>\n\u201cPaviment\u00f3 una autopista de coca\u00edna hacia Estados Unidos, protegido por ametralladoras\u201d, expresaron los fiscales en sus argumentos finales antes de anunciar la condena.<br \/>\n\u201cSoy inocente\u201d, expres\u00f3 Hern\u00e1ndez en su audiencia de condena, seg\u00fan la agencia Associated Press, y asegur\u00f3 haber sido \u201cacusado err\u00f3nea e injustamente\u201d.<br \/>\nDurante la audiencia, el juez lo calific\u00f3 como un \u201cpol\u00edtico de dos caras hambriento de poder\u201d.<br \/>\nEl exmandatario de 55 a\u00f1os se encuentra recluido en una c\u00e1rcel de Brooklyn (Nueva York) desde que fue extraditado a Estados Unidos.<br \/>\nEl juez de Manhattan que supervisaba el caso rechaz\u00f3 el mes pasado su moci\u00f3n para un nuevo juicio despu\u00e9s de que sus abogados argumentaron que el proceso estuvo contaminado por el testimonio incorrecto de un agente de la ley que declar\u00f3 que el tr\u00e1fico de coca\u00edna hab\u00eda aumentado en Honduras durante el mandato del expresidente.<br \/>\nEl juez de distrito estadounidense Kevin Castel, consider\u00f3 que el error era \u201cinmaterial\u201d en relaci\u00f3n al cargo de conspiraci\u00f3n con narcotraficantes.<br \/>\n\u201cLa condena de Hern\u00e1ndez se bas\u00f3 en el testimonio, durante el transcurso de un juicio de tres semanas, de numerosos testigos, cuyos relatos fueron corroborados en parte por registros telef\u00f3nicos y un libro de contabilidad de drogas recuperado\u201d, escribi\u00f3 el juez Castel. (BBC)<\/p>\n<p>SU V\u00cdNCULO CON EL NARCOTR\u00c1FICO<br \/>\nHern\u00e1ndez fue presidente de Honduras de 2014 a 2022 y sirvi\u00f3 durante dos mandatos consecutivos en esta naci\u00f3n de m\u00e1s de 10 millones de habitantes.<br \/>\nInicialmente se present\u00f3 como candidato de la ley y el orden, y prometi\u00f3 abordar el problema de los delitos relacionados con las drogas en el pa\u00eds.<br \/>\nSin embargo, los fiscales lo acusaron de asociarse con \u201calgunos de los narcotraficantes m\u00e1s importantes del mundo para construir un imperio corrupto y brutalmente violento basado en el tr\u00e1fico ilegal de toneladas de coca\u00edna a Estados Unidos\u201d.<br \/>\nTres meses despu\u00e9s de dejar el puesto, fue extraditado a Nueva York y arrestado en abril de 2022 para enfrentar cargos federales en Estados Unidos.<br \/>\nAnteriormente se le hab\u00eda considerado un importante aliado de Estados Unidos, que envi\u00f3 a Honduras m\u00e1s de US$50 millones en asistencia antidrogas y varios millones de d\u00f3lares m\u00e1s en seguridad y ayuda militar.<br \/>\nEn 2019, el entonces presidente Donald Trump dio las gracias a Hern\u00e1ndez por \u201ctrabajar muy de cerca con Estados Unidos\u201d.<br \/>\nHern\u00e1ndez, por su parte, agradeci\u00f3 a Trump y al pueblo estadounidense \u201cel apoyo que nos han brindado en la firme lucha contra el narcotr\u00e1fico\u201d.<br \/>\nPosteriormente, los fiscales descubrieron que Hern\u00e1ndez estaba vinculado con narcotraficantes desde 2004, mucho antes de convertirse en presidente, y hab\u00eda facilitado el contrabando de unas 500 toneladas de coca\u00edna a Estados Unidos.<br \/>\nAfirmaron que los narcotraficantes le pagaron millones de d\u00f3lares en sobornos para permitir el contrabando de coca\u00edna desde Colombia y Venezuela a trav\u00e9s de Honduras hacia Estados Unidos.<\/p>\n<p>LOS TESTIMONIOS<br \/>\nDurante el juicio, varios narcotraficantes condenados confesaron haber sobornado a Hern\u00e1ndez. Su defensa argument\u00f3 que quienes testificaron en su contra lo hicieron en su propio beneficio. Hern\u00e1ndez tambi\u00e9n subi\u00f3 al estrado para declarar en su propia defensa, acusando a los testigos que hablaron en su contra de ser \u201cmentirosos profesionales\u201d.<br \/>\nLos fiscales alegaron que hab\u00eda utilizado el dinero del narcotr\u00e1fico para luego sobornar a funcionarios y manipular a su favor las elecciones presidenciales de Honduras de 2013 y 2017.<br \/>\nTras negar las acusaciones, Hern\u00e1ndez afirm\u00f3 que se convirti\u00f3 en \u201cv\u00edctima de una vendetta y una conspiraci\u00f3n del crimen organizado y enemigos pol\u00edticos\u201d.<\/p>\n<p>SE ESPERA QUE APELE SU CONDENA<br \/>\nSu hermano, un excongresista de Honduras, fue encarcelado por el mismo tribunal de Manhattan en 2021 por cargos separados de drogas.<br \/>\nJuan Antonio \u201cTony\u201d Hern\u00e1ndez actualmente cumple cadena perpetua.<br \/>\nHern\u00e1ndez no es el primer exjefe de Estado latinoamericano condenado por un delito relacionado con las drogas en Estados Unidos.<br \/>\nEl paname\u00f1o Manuel Noriega fue condenado por cargos de tr\u00e1fico de drogas en un tribunal de Miami en 1992, y Alfonso Portillo, de Guatemala, recibi\u00f3 una sentencia por cargos de lavado de dinero en una corte de Nueva York en 2014.<\/p>\n","protected":false},"excerpt":{"rendered":"<p>El expresidente hondure\u00f1o Juan Orlando Hern\u00e1ndez recibi\u00f3 el pasado mi\u00e9rcoles una condena de 45 a\u00f1os de prisi\u00f3n por delitos de narcotr\u00e1fico en Estados Unidos. Un tribunal de Manhattan en Nueva York lo hab\u00eda declarado culpable en marzo de conspirar para importar coca\u00edna a Estados Unidos y de poseer \u201cdispositivos destructivos\u201d, como ametralladoras. Los fiscales de [&hellip;]<\/p>\n","protected":false},"author":1,"featured_media":230782,"comment_status":"open","ping_status":"open","sticky":false,"template":"","format":"standard","meta":{"_acf_changed":false,"footnotes":""},"categories":[3],"tags":[],"class_list":["post-230781","post","type-post","status-publish","format-standard","has-post-thumbnail","category-internacional"],"acf":{"antetitulo":"Por narcotr\u00e1fico"},"yoast_head":"<!-- This site is optimized with the Yoast SEO plugin v28.4 - https:\/\/yoast.com\/product\/yoast-seo-wordpress\/ -->\n<title>Expresidente de Honduras condenado a 45 a\u00f1os de prisi\u00f3n en Estados Unidos - El Diario - Bolivia<\/title>\n<meta name=\"robots\" content=\"index, follow, max-snippet:-1, max-image-preview:large, max-video-preview:-1\" \/>\n<link rel=\"canonical\" href=\"https:\/\/www.eldiario.net\/portal\/2024\/06\/30\/expresidente-de-honduras-condenado-a-45-anos-de-prision-en-estados-unidos\/\" \/>\n<meta property=\"og:locale\" content=\"es_ES\" \/>\n<meta property=\"og:type\" content=\"article\" \/>\n<meta property=\"og:title\" content=\"Expresidente de Honduras condenado a 45 a\u00f1os de prisi\u00f3n en Estados Unidos - El Diario - Bolivia\" \/>\n<meta property=\"og:description\" content=\"El expresidente hondure\u00f1o Juan Orlando Hern\u00e1ndez recibi\u00f3 el pasado mi\u00e9rcoles una condena de 45 a\u00f1os de prisi\u00f3n por delitos de narcotr\u00e1fico en Estados Unidos. Un tribunal de Manhattan en Nueva York lo hab\u00eda declarado culpable en marzo de conspirar para importar coca\u00edna a Estados Unidos y de poseer \u201cdispositivos destructivos\u201d, como ametralladoras. Los fiscales de [&hellip;]\" \/>\n<meta property=\"og:url\" content=\"https:\/\/www.eldiario.net\/portal\/2024\/06\/30\/expresidente-de-honduras-condenado-a-45-anos-de-prision-en-estados-unidos\/\" \/>\n<meta property=\"og:site_name\" content=\"El Diario - Bolivia\" \/>\n<meta property=\"article:publisher\" content=\"https:\/\/www.facebook.com\/eldiario.bolivia\/\" \/>\n<meta property=\"article:published_time\" content=\"2024-06-30T11:33:38+00:00\" \/>\n<meta property=\"og:image\" content=\"https:\/\/www.eldiario.net\/portal\/wp-content\/uploads\/2024\/06\/Hernandez-RRSS.jpg\" \/>\n\t<meta property=\"og:image:width\" content=\"1336\" \/>\n\t<meta property=\"og:image:height\" content=\"768\" \/>\n\t<meta property=\"og:image:type\" content=\"image\/jpeg\" \/>\n<meta name=\"author\" content=\"Jeanette\" \/>\n<meta name=\"twitter:card\" content=\"summary_large_image\" \/>\n<meta name=\"twitter:creator\" content=\"@eldiario_net\" \/>\n<meta name=\"twitter:site\" content=\"@eldiario_net\" \/>\n<meta name=\"twitter:label1\" content=\"Escrito por\" \/>\n\t<meta name=\"twitter:data1\" content=\"Jeanette\" \/>\n\t<meta name=\"twitter:label2\" content=\"Tiempo de lectura\" \/>\n\t<meta name=\"twitter:data2\" content=\"4 minutos\" \/>\n<script type=\"application\/ld+json\" class=\"yoast-schema-graph\">{\"@context\":\"https:\\\/\\\/schema.org\",\"@graph\":[{\"@type\":\"Article\",\"@id\":\"https:\\\/\\\/www.eldiario.net\\\/portal\\\/2024\\\/06\\\/30\\\/expresidente-de-honduras-condenado-a-45-anos-de-prision-en-estados-unidos\\\/#article\",\"isPartOf\":{\"@id\":\"https:\\\/\\\/www.eldiario.net\\\/portal\\\/2024\\\/06\\\/30\\\/expresidente-de-honduras-condenado-a-45-anos-de-prision-en-estados-unidos\\\/\"},\"author\":{\"name\":\"Jeanette\",\"@id\":\"https:\\\/\\\/www.eldiario.net\\\/portal\\\/#\\\/schema\\\/person\\\/f46445640444750d7d753ccd04ae01b7\"},\"headline\":\"Expresidente de Honduras condenado a 45 a\u00f1os de prisi\u00f3n en Estados Unidos\",\"datePublished\":\"2024-06-30T11:33:38+00:00\",\"mainEntityOfPage\":{\"@id\":\"https:\\\/\\\/www.eldiario.net\\\/portal\\\/2024\\\/06\\\/30\\\/expresidente-de-honduras-condenado-a-45-anos-de-prision-en-estados-unidos\\\/\"},\"wordCount\":802,\"commentCount\":0,\"publisher\":{\"@id\":\"https:\\\/\\\/www.eldiario.net\\\/portal\\\/#organization\"},\"image\":{\"@id\":\"https:\\\/\\\/www.eldiario.net\\\/portal\\\/2024\\\/06\\\/30\\\/expresidente-de-honduras-condenado-a-45-anos-de-prision-en-estados-unidos\\\/#primaryimage\"},\"thumbnailUrl\":\"https:\\\/\\\/www.eldiario.net\\\/portal\\\/wp-content\\\/uploads\\\/2024\\\/06\\\/Hernandez-RRSS.jpg\",\"articleSection\":[\"Internacional\"],\"inLanguage\":\"es\",\"potentialAction\":[{\"@type\":\"CommentAction\",\"name\":\"Comment\",\"target\":[\"https:\\\/\\\/www.eldiario.net\\\/portal\\\/2024\\\/06\\\/30\\\/expresidente-de-honduras-condenado-a-45-anos-de-prision-en-estados-unidos\\\/#respond\"]}]},{\"@type\":\"WebPage\",\"@id\":\"https:\\\/\\\/www.eldiario.net\\\/portal\\\/2024\\\/06\\\/30\\\/expresidente-de-honduras-condenado-a-45-anos-de-prision-en-estados-unidos\\\/\",\"url\":\"https:\\\/\\\/www.eldiario.net\\\/portal\\\/2024\\\/06\\\/30\\\/expresidente-de-honduras-condenado-a-45-anos-de-prision-en-estados-unidos\\\/\",\"name\":\"Expresidente de Honduras condenado a 45 a\u00f1os de prisi\u00f3n en Estados Unidos - El Diario - Bolivia\",\"isPartOf\":{\"@id\":\"https:\\\/\\\/www.eldiario.net\\\/portal\\\/#website\"},\"primaryImageOfPage\":{\"@id\":\"https:\\\/\\\/www.eldiario.net\\\/portal\\\/2024\\\/06\\\/30\\\/expresidente-de-honduras-condenado-a-45-anos-de-prision-en-estados-unidos\\\/#primaryimage\"},\"image\":{\"@id\":\"https:\\\/\\\/www.eldiario.net\\\/portal\\\/2024\\\/06\\\/30\\\/expresidente-de-honduras-condenado-a-45-anos-de-prision-en-estados-unidos\\\/#primaryimage\"},\"thumbnailUrl\":\"https:\\\/\\\/www.eldiario.net\\\/portal\\\/wp-content\\\/uploads\\\/2024\\\/06\\\/Hernandez-RRSS.jpg\",\"datePublished\":\"2024-06-30T11:33:38+00:00\",\"breadcrumb\":{\"@id\":\"https:\\\/\\\/www.eldiario.net\\\/portal\\\/2024\\\/06\\\/30\\\/expresidente-de-honduras-condenado-a-45-anos-de-prision-en-estados-unidos\\\/#breadcrumb\"},\"inLanguage\":\"es\",\"potentialAction\":[{\"@type\":\"ReadAction\",\"target\":[\"https:\\\/\\\/www.eldiario.net\\\/portal\\\/2024\\\/06\\\/30\\\/expresidente-de-honduras-condenado-a-45-anos-de-prision-en-estados-unidos\\\/\"]}]},{\"@type\":\"ImageObject\",\"inLanguage\":\"es\",\"@id\":\"https:\\\/\\\/www.eldiario.net\\\/portal\\\/2024\\\/06\\\/30\\\/expresidente-de-honduras-condenado-a-45-anos-de-prision-en-estados-unidos\\\/#primaryimage\",\"url\":\"https:\\\/\\\/www.eldiario.net\\\/portal\\\/wp-content\\\/uploads\\\/2024\\\/06\\\/Hernandez-RRSS.jpg\",\"contentUrl\":\"https:\\\/\\\/www.eldiario.net\\\/portal\\\/wp-content\\\/uploads\\\/2024\\\/06\\\/Hernandez-RRSS.jpg\",\"width\":1336,\"height\":768,\"caption\":\"Expresidente hondure\u00f1o sentenciado por caso de narcotr\u00e1fico. A\"},{\"@type\":\"BreadcrumbList\",\"@id\":\"https:\\\/\\\/www.eldiario.net\\\/portal\\\/2024\\\/06\\\/30\\\/expresidente-de-honduras-condenado-a-45-anos-de-prision-en-estados-unidos\\\/#breadcrumb\",\"itemListElement\":[{\"@type\":\"ListItem\",\"position\":1,\"name\":\"Portada\",\"item\":\"https:\\\/\\\/www.eldiario.net\\\/portal\\\/\"},{\"@type\":\"ListItem\",\"position\":2,\"name\":\"Expresidente de Honduras condenado a 45 a\u00f1os de prisi\u00f3n en Estados Unidos\"}]},{\"@type\":\"WebSite\",\"@id\":\"https:\\\/\\\/www.eldiario.net\\\/portal\\\/#website\",\"url\":\"https:\\\/\\\/www.eldiario.net\\\/portal\\\/\",\"name\":\"El Diario - Decano de la prensa nacional\",\"description\":\"El Diario - Decano de la prensa nacional\",\"publisher\":{\"@id\":\"https:\\\/\\\/www.eldiario.net\\\/portal\\\/#organization\"},\"potentialAction\":[{\"@type\":\"SearchAction\",\"target\":{\"@type\":\"EntryPoint\",\"urlTemplate\":\"https:\\\/\\\/www.eldiario.net\\\/portal\\\/?s={search_term_string}\"},\"query-input\":{\"@type\":\"PropertyValueSpecification\",\"valueRequired\":true,\"valueName\":\"search_term_string\"}}],\"inLanguage\":\"es\"},{\"@type\":\"Organization\",\"@id\":\"https:\\\/\\\/www.eldiario.net\\\/portal\\\/#organization\",\"name\":\"El Diario - Decano de la prensa nacional\",\"url\":\"https:\\\/\\\/www.eldiario.net\\\/portal\\\/\",\"logo\":{\"@type\":\"ImageObject\",\"inLanguage\":\"es\",\"@id\":\"https:\\\/\\\/www.eldiario.net\\\/portal\\\/#\\\/schema\\\/logo\\\/image\\\/\",\"url\":\"https:\\\/\\\/www.eldiario.net\\\/portal\\\/wp-content\\\/uploads\\\/2023\\\/07\\\/logo_ED.jpg\",\"contentUrl\":\"https:\\\/\\\/www.eldiario.net\\\/portal\\\/wp-content\\\/uploads\\\/2023\\\/07\\\/logo_ED.jpg\",\"width\":272,\"height\":52,\"caption\":\"El Diario - Decano de la prensa nacional\"},\"image\":{\"@id\":\"https:\\\/\\\/www.eldiario.net\\\/portal\\\/#\\\/schema\\\/logo\\\/image\\\/\"},\"sameAs\":[\"https:\\\/\\\/www.facebook.com\\\/eldiario.bolivia\\\/\",\"https:\\\/\\\/x.com\\\/eldiario_net\"]},{\"@type\":\"Person\",\"@id\":\"https:\\\/\\\/www.eldiario.net\\\/portal\\\/#\\\/schema\\\/person\\\/f46445640444750d7d753ccd04ae01b7\",\"name\":\"Jeanette\",\"image\":{\"@type\":\"ImageObject\",\"inLanguage\":\"es\",\"@id\":\"https:\\\/\\\/secure.gravatar.com\\\/avatar\\\/3ea2118a5f7dad2b7138b1187a6b7ee55f160b9968b66013c3a3ef39dd7e5798?s=96&d=mm&r=g\",\"url\":\"https:\\\/\\\/secure.gravatar.com\\\/avatar\\\/3ea2118a5f7dad2b7138b1187a6b7ee55f160b9968b66013c3a3ef39dd7e5798?s=96&d=mm&r=g\",\"contentUrl\":\"https:\\\/\\\/secure.gravatar.com\\\/avatar\\\/3ea2118a5f7dad2b7138b1187a6b7ee55f160b9968b66013c3a3ef39dd7e5798?s=96&d=mm&r=g\",\"caption\":\"Jeanette\"},\"sameAs\":[\"https:\\\/\\\/www.eldiario.net\\\/portal\"],\"url\":\"https:\\\/\\\/www.eldiario.net\\\/portal\\\/author\\\/jeanette\\\/\"}]}<\/script>\n<!-- \/ Yoast SEO plugin. -->","yoast_head_json":{"title":"Expresidente de Honduras condenado a 45 a\u00f1os de prisi\u00f3n en Estados Unidos - El Diario - Bolivia","robots":{"index":"index","follow":"follow","max-snippet":"max-snippet:-1","max-image-preview":"max-image-preview:large","max-video-preview":"max-video-preview:-1"},"canonical":"https:\/\/www.eldiario.net\/portal\/2024\/06\/30\/expresidente-de-honduras-condenado-a-45-anos-de-prision-en-estados-unidos\/","og_locale":"es_ES","og_type":"article","og_title":"Expresidente de Honduras condenado a 45 a\u00f1os de prisi\u00f3n en Estados Unidos - El Diario - Bolivia","og_description":"El expresidente hondure\u00f1o Juan Orlando Hern\u00e1ndez recibi\u00f3 el pasado mi\u00e9rcoles una condena de 45 a\u00f1os de prisi\u00f3n por delitos de narcotr\u00e1fico en Estados Unidos. Un tribunal de Manhattan en Nueva York lo hab\u00eda declarado culpable en marzo de conspirar para importar coca\u00edna a Estados Unidos y de poseer \u201cdispositivos destructivos\u201d, como ametralladoras. Los fiscales de [&hellip;]","og_url":"https:\/\/www.eldiario.net\/portal\/2024\/06\/30\/expresidente-de-honduras-condenado-a-45-anos-de-prision-en-estados-unidos\/","og_site_name":"El Diario - Bolivia","article_publisher":"https:\/\/www.facebook.com\/eldiario.bolivia\/","article_published_time":"2024-06-30T11:33:38+00:00","og_image":[{"width":1336,"height":768,"url":"https:\/\/www.eldiario.net\/portal\/wp-content\/uploads\/2024\/06\/Hernandez-RRSS.jpg","type":"image\/jpeg"}],"author":"Jeanette","twitter_card":"summary_large_image","twitter_creator":"@eldiario_net","twitter_site":"@eldiario_net","twitter_misc":{"Escrito por":"Jeanette","Tiempo de lectura":"4 minutos"},"schema":{"@context":"https:\/\/schema.org","@graph":[{"@type":"Article","@id":"https:\/\/www.eldiario.net\/portal\/2024\/06\/30\/expresidente-de-honduras-condenado-a-45-anos-de-prision-en-estados-unidos\/#article","isPartOf":{"@id":"https:\/\/www.eldiario.net\/portal\/2024\/06\/30\/expresidente-de-honduras-condenado-a-45-anos-de-prision-en-estados-unidos\/"},"author":{"name":"Jeanette","@id":"https:\/\/www.eldiario.net\/portal\/#\/schema\/person\/f46445640444750d7d753ccd04ae01b7"},"headline":"Expresidente de Honduras condenado a 45 a\u00f1os de prisi\u00f3n en Estados Unidos","datePublished":"2024-06-30T11:33:38+00:00","mainEntityOfPage":{"@id":"https:\/\/www.eldiario.net\/portal\/2024\/06\/30\/expresidente-de-honduras-condenado-a-45-anos-de-prision-en-estados-unidos\/"},"wordCount":802,"commentCount":0,"publisher":{"@id":"https:\/\/www.eldiario.net\/portal\/#organization"},"image":{"@id":"https:\/\/www.eldiario.net\/portal\/2024\/06\/30\/expresidente-de-honduras-condenado-a-45-anos-de-prision-en-estados-unidos\/#primaryimage"},"thumbnailUrl":"https:\/\/www.eldiario.net\/portal\/wp-content\/uploads\/2024\/06\/Hernandez-RRSS.jpg","articleSection":["Internacional"],"inLanguage":"es","potentialAction":[{"@type":"CommentAction","name":"Comment","target":["https:\/\/www.eldiario.net\/portal\/2024\/06\/30\/expresidente-de-honduras-condenado-a-45-anos-de-prision-en-estados-unidos\/#respond"]}]},{"@type":"WebPage","@id":"https:\/\/www.eldiario.net\/portal\/2024\/06\/30\/expresidente-de-honduras-condenado-a-45-anos-de-prision-en-estados-unidos\/","url":"https:\/\/www.eldiario.net\/portal\/2024\/06\/30\/expresidente-de-honduras-condenado-a-45-anos-de-prision-en-estados-unidos\/","name":"Expresidente de Honduras condenado a 45 a\u00f1os de prisi\u00f3n en Estados Unidos - El Diario - Bolivia","isPartOf":{"@id":"https:\/\/www.eldiario.net\/portal\/#website"},"primaryImageOfPage":{"@id":"https:\/\/www.eldiario.net\/portal\/2024\/06\/30\/expresidente-de-honduras-condenado-a-45-anos-de-prision-en-estados-unidos\/#primaryimage"},"image":{"@id":"https:\/\/www.eldiario.net\/portal\/2024\/06\/30\/expresidente-de-honduras-condenado-a-45-anos-de-prision-en-estados-unidos\/#primaryimage"},"thumbnailUrl":"https:\/\/www.eldiario.net\/portal\/wp-content\/uploads\/2024\/06\/Hernandez-RRSS.jpg","datePublished":"2024-06-30T11:33:38+00:00","breadcrumb":{"@id":"https:\/\/www.eldiario.net\/portal\/2024\/06\/30\/expresidente-de-honduras-condenado-a-45-anos-de-prision-en-estados-unidos\/#breadcrumb"},"inLanguage":"es","potentialAction":[{"@type":"ReadAction","target":["https:\/\/www.eldiario.net\/portal\/2024\/06\/30\/expresidente-de-honduras-condenado-a-45-anos-de-prision-en-estados-unidos\/"]}]},{"@type":"ImageObject","inLanguage":"es","@id":"https:\/\/www.eldiario.net\/portal\/2024\/06\/30\/expresidente-de-honduras-condenado-a-45-anos-de-prision-en-estados-unidos\/#primaryimage","url":"https:\/\/www.eldiario.net\/portal\/wp-content\/uploads\/2024\/06\/Hernandez-RRSS.jpg","contentUrl":"https:\/\/www.eldiario.net\/portal\/wp-content\/uploads\/2024\/06\/Hernandez-RRSS.jpg","width":1336,"height":768,"caption":"Expresidente hondure\u00f1o sentenciado por caso de narcotr\u00e1fico. A"},{"@type":"BreadcrumbList","@id":"https:\/\/www.eldiario.net\/portal\/2024\/06\/30\/expresidente-de-honduras-condenado-a-45-anos-de-prision-en-estados-unidos\/#breadcrumb","itemListElement":[{"@type":"ListItem","position":1,"name":"Portada","item":"https:\/\/www.eldiario.net\/portal\/"},{"@type":"ListItem","position":2,"name":"Expresidente de Honduras condenado a 45 a\u00f1os de prisi\u00f3n en Estados Unidos"}]},{"@type":"WebSite","@id":"https:\/\/www.eldiario.net\/portal\/#website","url":"https:\/\/www.eldiario.net\/portal\/","name":"El Diario - Decano de la prensa nacional","description":"El Diario - Decano de la prensa nacional","publisher":{"@id":"https:\/\/www.eldiario.net\/portal\/#organization"},"potentialAction":[{"@type":"SearchAction","target":{"@type":"EntryPoint","urlTemplate":"https:\/\/www.eldiario.net\/portal\/?s={search_term_string}"},"query-input":{"@type":"PropertyValueSpecification","valueRequired":true,"valueName":"search_term_string"}}],"inLanguage":"es"},{"@type":"Organization","@id":"https:\/\/www.eldiario.net\/portal\/#organization","name":"El Diario - Decano de la prensa nacional","url":"https:\/\/www.eldiario.net\/portal\/","logo":{"@type":"ImageObject","inLanguage":"es","@id":"https:\/\/www.eldiario.net\/portal\/#\/schema\/logo\/image\/","url":"https:\/\/www.eldiario.net\/portal\/wp-content\/uploads\/2023\/07\/logo_ED.jpg","contentUrl":"https:\/\/www.eldiario.net\/portal\/wp-content\/uploads\/2023\/07\/logo_ED.jpg","width":272,"height":52,"caption":"El Diario - Decano de la prensa nacional"},"image":{"@id":"https:\/\/www.eldiario.net\/portal\/#\/schema\/logo\/image\/"},"sameAs":["https:\/\/www.facebook.com\/eldiario.bolivia\/","https:\/\/x.com\/eldiario_net"]},{"@type":"Person","@id":"https:\/\/www.eldiario.net\/portal\/#\/schema\/person\/f46445640444750d7d753ccd04ae01b7","name":"Jeanette","image":{"@type":"ImageObject","inLanguage":"es","@id":"https:\/\/secure.gravatar.com\/avatar\/3ea2118a5f7dad2b7138b1187a6b7ee55f160b9968b66013c3a3ef39dd7e5798?s=96&d=mm&r=g","url":"https:\/\/secure.gravatar.com\/avatar\/3ea2118a5f7dad2b7138b1187a6b7ee55f160b9968b66013c3a3ef39dd7e5798?s=96&d=mm&r=g","contentUrl":"https:\/\/secure.gravatar.com\/avatar\/3ea2118a5f7dad2b7138b1187a6b7ee55f160b9968b66013c3a3ef39dd7e5798?s=96&d=mm&r=g","caption":"Jeanette"},"sameAs":["https:\/\/www.eldiario.net\/portal"],"url":"https:\/\/www.eldiario.net\/portal\/author\/jeanette\/"}]}},"_links":{"self":[{"href":"https:\/\/www.eldiario.net\/portal\/wp-json\/wp\/v2\/posts\/230781","targetHints":{"allow":["GET"]}}],"collection":[{"href":"https:\/\/www.eldiario.net\/portal\/wp-json\/wp\/v2\/posts"}],"about":[{"href":"https:\/\/www.eldiario.net\/portal\/wp-json\/wp\/v2\/types\/post"}],"author":[{"embeddable":true,"href":"https:\/\/www.eldiario.net\/portal\/wp-json\/wp\/v2\/users\/1"}],"replies":[{"embeddable":true,"href":"https:\/\/www.eldiario.net\/portal\/wp-json\/wp\/v2\/comments?post=230781"}],"version-history":[{"count":1,"href":"https:\/\/www.eldiario.net\/portal\/wp-json\/wp\/v2\/posts\/230781\/revisions"}],"predecessor-version":[{"id":230783,"href":"https:\/\/www.eldiario.net\/portal\/wp-json\/wp\/v2\/posts\/230781\/revisions\/230783"}],"wp:featuredmedia":[{"embeddable":true,"href":"https:\/\/www.eldiario.net\/portal\/wp-json\/wp\/v2\/media\/230782"}],"wp:attachment":[{"href":"https:\/\/www.eldiario.net\/portal\/wp-json\/wp\/v2\/media?parent=230781"}],"wp:term":[{"taxonomy":"category","embeddable":true,"href":"https:\/\/www.eldiario.net\/portal\/wp-json\/wp\/v2\/categories?post=230781"},{"taxonomy":"post_tag","embeddable":true,"href":"https:\/\/www.eldiario.net\/portal\/wp-json\/wp\/v2\/tags?post=230781"}],"curies":[{"name":"wp","href":"https:\/\/api.w.org\/{rel}","templated":true}]}}