{"id":230778,"date":"2024-06-30T07:32:40","date_gmt":"2024-06-30T11:32:40","guid":{"rendered":"https:\/\/www.eldiario.net\/portal\/?p=230778"},"modified":"2024-06-30T07:32:40","modified_gmt":"2024-06-30T11:32:40","slug":"25-mil-brigadas-se-desplazan-para-campana-antirrabica","status":"publish","type":"post","link":"https:\/\/www.eldiario.net\/portal\/2024\/06\/30\/25-mil-brigadas-se-desplazan-para-campana-antirrabica\/","title":{"rendered":"25 mil brigadas se desplazan  para campa\u00f1a antirr\u00e1bica"},"content":{"rendered":"<p>La campa\u00f1a de vacunaci\u00f3n antirr\u00e1bica, realizada a nivel nacional, permite el desplazamiento de, al menos, 25 mil brigadas de vacunaci\u00f3n antirr\u00e1bica a nivel nacional. De esa cantidad, 16.200 equipos corresponden a La Paz, Oruro, Cochabamba, Chuquisaca, Tarija, Pando y Beni, el resto de las brigadas (8.800) pertenecen a los departamentos de Potos\u00ed (vacunaci\u00f3n en julio) y Santa Cruz (agosto).<br \/>\n\u201cEn el caso de La Paz se est\u00e1n desplazando 5.700 brigadas; en Oruro, 1.000; en Cochabamba, 5.600; en Chuquisaca, 1.400; en Tarija, 1.300; en Beni 700 y 500 brigadas en Pando, las dosis de vacunas entregadas son 3.685.817 para todo el pa\u00eds\u201d, detall\u00f3 la jefa de la Unidad de Prevenci\u00f3n y Control de Enfermedades del Ministerio de Salud, Roxana Salamanca.<br \/>\nEn tanto que por la fiesta de Chutillos, Potos\u00ed posterg\u00f3 la inmunizaci\u00f3n contra la rabia para el 6 y el 7 de julio. Mientras que el departamento de Santa Cruz fij\u00f3 para agosto esta tarea, ambos tienen planificada la vacunaci\u00f3n en coordinaci\u00f3n con el Ministerio de Salud y Deportes.<br \/>\nLas brigadas est\u00e1n desplazadas en plazas, parques, colegios y en los establecimientos de salud de primer nivel. Asimismo, los grupos m\u00f3viles visitar\u00e1n domicilios inmunizando a perros y gatos de forma gratuita, adem\u00e1s podr\u00e1n absolver las dudas que tiene la poblaci\u00f3n sobre la eficacia de la dosis.<br \/>\nLa campa\u00f1a tiene una microplanificaci\u00f3n que se trabaj\u00f3 desde febrero con los Servicios Departamentales de Salud (Sedes) y los municipios para buscar las mejores estrategias y lograr mayor cobertura de vacunaci\u00f3n en tres fases: la primera, enfocada en dos d\u00edas de vacunaci\u00f3n masiva. La segunda, se ingresar\u00e1 a la semana de la vacuna de consolidaci\u00f3n, efectu\u00e1ndose durante siete d\u00edas un rastrillaje en barrios, centros de salud o gerencia de red que no llegaron a las coberturas \u00f3ptimas.<br \/>\nLa tercera fase comprende la vacunaci\u00f3n de mantenimiento, que dura todo el a\u00f1o hasta la pr\u00f3xima campa\u00f1a donde se buscar\u00e1 captar nuevas camadas de mascotas que no fueron vacunadas y las que no alcanzaron a ser inmunizadas.<br \/>\nDe acuerdo con Salamanca, se espera que este 2024 se mantenga o supere la cobertura del 91%, teniendo en cuenta que el 2023 se registraron 180 casos y se logr\u00f3 bajar a 24 casos por el momento.<br \/>\nPor otro lado, la inversi\u00f3n que de este a\u00f1o llega a Bs 8.8 millones de bolivianos con un total de 3.685.817 dosis que se utilizar\u00e1n en la campa\u00f1a de vacunaci\u00f3n, teniendo una reserva de 314.183 dosis, los cuales, se usar\u00e1n para los controles de foco y las vacunaciones de mantenimiento.<br \/>\n\u201cInvitamos a la poblaci\u00f3n a que si ama a sus mascotas las proteja y vacune a partir del mes de nacidos\u201d, finaliz\u00f3 Salamanca a tiempo de asegurar que el objetivo es prevenir la rabia en animales de compa\u00f1\u00eda y el riesgo de que se transmita a los humanos.<br \/>\nLa campa\u00f1a inici\u00f3 ayer, desde las 8:00 y culminar\u00e1 esta jornada, es gratuita y el due\u00f1o de la mascota recibe un carnet de vacunaci\u00f3n y un cintillo de identificaci\u00f3n del animal vacunado.<br \/>\nCASOS<br \/>\nDe acuerdo con un informe de la ministra de Salud, Mar\u00eda Ren\u00e9e Castro, hasta la fecha se reportaron 24 casos de rabia canina; 17 en Cochabamba, cuatro en Chuquisaca, uno en Potos\u00ed, uno en La Paz y otro en El Alto.<\/p>\n","protected":false},"excerpt":{"rendered":"<p>La campa\u00f1a de vacunaci\u00f3n antirr\u00e1bica, realizada a nivel nacional, permite el desplazamiento de, al menos, 25 mil brigadas de vacunaci\u00f3n antirr\u00e1bica a nivel nacional. De esa cantidad, 16.200 equipos corresponden a La Paz, Oruro, Cochabamba, Chuquisaca, Tarija, Pando y Beni, el resto de las brigadas (8.800) pertenecen a los departamentos de Potos\u00ed (vacunaci\u00f3n en julio) [&hellip;]<\/p>\n","protected":false},"author":1,"featured_media":230779,"comment_status":"open","ping_status":"open","sticky":false,"template":"","format":"standard","meta":{"_acf_changed":false,"footnotes":""},"categories":[12],"tags":[],"class_list":["post-230778","post","type-post","status-publish","format-standard","has-post-thumbnail","category-nacional"],"acf":{"antetitulo":"Hoy es \u00faltimo d\u00eda"},"yoast_head":"<!-- This site is optimized with the Yoast SEO plugin v28.4 - https:\/\/yoast.com\/product\/yoast-seo-wordpress\/ -->\n<title>25 mil brigadas se desplazan para campa\u00f1a antirr\u00e1bica - El Diario - Bolivia<\/title>\n<meta name=\"robots\" content=\"index, follow, max-snippet:-1, max-image-preview:large, max-video-preview:-1\" \/>\n<link rel=\"canonical\" href=\"https:\/\/www.eldiario.net\/portal\/2024\/06\/30\/25-mil-brigadas-se-desplazan-para-campana-antirrabica\/\" \/>\n<meta property=\"og:locale\" content=\"es_ES\" \/>\n<meta property=\"og:type\" content=\"article\" \/>\n<meta property=\"og:title\" content=\"25 mil brigadas se desplazan para campa\u00f1a antirr\u00e1bica - El Diario - Bolivia\" \/>\n<meta property=\"og:description\" content=\"La campa\u00f1a de vacunaci\u00f3n antirr\u00e1bica, realizada a nivel nacional, permite el desplazamiento de, al menos, 25 mil brigadas de vacunaci\u00f3n antirr\u00e1bica a nivel nacional. De esa cantidad, 16.200 equipos corresponden a La Paz, Oruro, Cochabamba, Chuquisaca, Tarija, Pando y Beni, el resto de las brigadas (8.800) pertenecen a los departamentos de Potos\u00ed (vacunaci\u00f3n en julio) [&hellip;]\" \/>\n<meta property=\"og:url\" content=\"https:\/\/www.eldiario.net\/portal\/2024\/06\/30\/25-mil-brigadas-se-desplazan-para-campana-antirrabica\/\" \/>\n<meta property=\"og:site_name\" content=\"El Diario - Bolivia\" \/>\n<meta property=\"article:publisher\" content=\"https:\/\/www.facebook.com\/eldiario.bolivia\/\" \/>\n<meta property=\"article:published_time\" content=\"2024-06-30T11:32:40+00:00\" \/>\n<meta property=\"og:image\" content=\"https:\/\/www.eldiario.net\/portal\/wp-content\/uploads\/2024\/06\/F-1-campana.jpg\" \/>\n\t<meta property=\"og:image:width\" content=\"1040\" \/>\n\t<meta property=\"og:image:height\" content=\"941\" \/>\n\t<meta property=\"og:image:type\" content=\"image\/jpeg\" \/>\n<meta name=\"author\" content=\"Jeanette\" \/>\n<meta name=\"twitter:card\" content=\"summary_large_image\" \/>\n<meta name=\"twitter:creator\" content=\"@eldiario_net\" \/>\n<meta name=\"twitter:site\" content=\"@eldiario_net\" \/>\n<meta name=\"twitter:label1\" content=\"Escrito por\" \/>\n\t<meta name=\"twitter:data1\" content=\"Jeanette\" \/>\n\t<meta name=\"twitter:label2\" content=\"Tiempo de lectura\" \/>\n\t<meta name=\"twitter:data2\" content=\"3 minutos\" \/>\n<script type=\"application\/ld+json\" class=\"yoast-schema-graph\">{\"@context\":\"https:\\\/\\\/schema.org\",\"@graph\":[{\"@type\":\"Article\",\"@id\":\"https:\\\/\\\/www.eldiario.net\\\/portal\\\/2024\\\/06\\\/30\\\/25-mil-brigadas-se-desplazan-para-campana-antirrabica\\\/#article\",\"isPartOf\":{\"@id\":\"https:\\\/\\\/www.eldiario.net\\\/portal\\\/2024\\\/06\\\/30\\\/25-mil-brigadas-se-desplazan-para-campana-antirrabica\\\/\"},\"author\":{\"name\":\"Jeanette\",\"@id\":\"https:\\\/\\\/www.eldiario.net\\\/portal\\\/#\\\/schema\\\/person\\\/f46445640444750d7d753ccd04ae01b7\"},\"headline\":\"25 mil brigadas se desplazan para campa\u00f1a antirr\u00e1bica\",\"datePublished\":\"2024-06-30T11:32:40+00:00\",\"mainEntityOfPage\":{\"@id\":\"https:\\\/\\\/www.eldiario.net\\\/portal\\\/2024\\\/06\\\/30\\\/25-mil-brigadas-se-desplazan-para-campana-antirrabica\\\/\"},\"wordCount\":566,\"commentCount\":0,\"publisher\":{\"@id\":\"https:\\\/\\\/www.eldiario.net\\\/portal\\\/#organization\"},\"image\":{\"@id\":\"https:\\\/\\\/www.eldiario.net\\\/portal\\\/2024\\\/06\\\/30\\\/25-mil-brigadas-se-desplazan-para-campana-antirrabica\\\/#primaryimage\"},\"thumbnailUrl\":\"https:\\\/\\\/www.eldiario.net\\\/portal\\\/wp-content\\\/uploads\\\/2024\\\/06\\\/F-1-campana.jpg\",\"articleSection\":[\"Nacional\"],\"inLanguage\":\"es\",\"potentialAction\":[{\"@type\":\"CommentAction\",\"name\":\"Comment\",\"target\":[\"https:\\\/\\\/www.eldiario.net\\\/portal\\\/2024\\\/06\\\/30\\\/25-mil-brigadas-se-desplazan-para-campana-antirrabica\\\/#respond\"]}]},{\"@type\":\"WebPage\",\"@id\":\"https:\\\/\\\/www.eldiario.net\\\/portal\\\/2024\\\/06\\\/30\\\/25-mil-brigadas-se-desplazan-para-campana-antirrabica\\\/\",\"url\":\"https:\\\/\\\/www.eldiario.net\\\/portal\\\/2024\\\/06\\\/30\\\/25-mil-brigadas-se-desplazan-para-campana-antirrabica\\\/\",\"name\":\"25 mil brigadas se desplazan para campa\u00f1a antirr\u00e1bica - El Diario - Bolivia\",\"isPartOf\":{\"@id\":\"https:\\\/\\\/www.eldiario.net\\\/portal\\\/#website\"},\"primaryImageOfPage\":{\"@id\":\"https:\\\/\\\/www.eldiario.net\\\/portal\\\/2024\\\/06\\\/30\\\/25-mil-brigadas-se-desplazan-para-campana-antirrabica\\\/#primaryimage\"},\"image\":{\"@id\":\"https:\\\/\\\/www.eldiario.net\\\/portal\\\/2024\\\/06\\\/30\\\/25-mil-brigadas-se-desplazan-para-campana-antirrabica\\\/#primaryimage\"},\"thumbnailUrl\":\"https:\\\/\\\/www.eldiario.net\\\/portal\\\/wp-content\\\/uploads\\\/2024\\\/06\\\/F-1-campana.jpg\",\"datePublished\":\"2024-06-30T11:32:40+00:00\",\"breadcrumb\":{\"@id\":\"https:\\\/\\\/www.eldiario.net\\\/portal\\\/2024\\\/06\\\/30\\\/25-mil-brigadas-se-desplazan-para-campana-antirrabica\\\/#breadcrumb\"},\"inLanguage\":\"es\",\"potentialAction\":[{\"@type\":\"ReadAction\",\"target\":[\"https:\\\/\\\/www.eldiario.net\\\/portal\\\/2024\\\/06\\\/30\\\/25-mil-brigadas-se-desplazan-para-campana-antirrabica\\\/\"]}]},{\"@type\":\"ImageObject\",\"inLanguage\":\"es\",\"@id\":\"https:\\\/\\\/www.eldiario.net\\\/portal\\\/2024\\\/06\\\/30\\\/25-mil-brigadas-se-desplazan-para-campana-antirrabica\\\/#primaryimage\",\"url\":\"https:\\\/\\\/www.eldiario.net\\\/portal\\\/wp-content\\\/uploads\\\/2024\\\/06\\\/F-1-campana.jpg\",\"contentUrl\":\"https:\\\/\\\/www.eldiario.net\\\/portal\\\/wp-content\\\/uploads\\\/2024\\\/06\\\/F-1-campana.jpg\",\"width\":1040,\"height\":941,\"caption\":\"Las brigadas recorrieron diferentes sectores de las urbes.\"},{\"@type\":\"BreadcrumbList\",\"@id\":\"https:\\\/\\\/www.eldiario.net\\\/portal\\\/2024\\\/06\\\/30\\\/25-mil-brigadas-se-desplazan-para-campana-antirrabica\\\/#breadcrumb\",\"itemListElement\":[{\"@type\":\"ListItem\",\"position\":1,\"name\":\"Portada\",\"item\":\"https:\\\/\\\/www.eldiario.net\\\/portal\\\/\"},{\"@type\":\"ListItem\",\"position\":2,\"name\":\"25 mil brigadas se desplazan para campa\u00f1a antirr\u00e1bica\"}]},{\"@type\":\"WebSite\",\"@id\":\"https:\\\/\\\/www.eldiario.net\\\/portal\\\/#website\",\"url\":\"https:\\\/\\\/www.eldiario.net\\\/portal\\\/\",\"name\":\"El Diario - Decano de la prensa nacional\",\"description\":\"El Diario - Decano de la prensa nacional\",\"publisher\":{\"@id\":\"https:\\\/\\\/www.eldiario.net\\\/portal\\\/#organization\"},\"potentialAction\":[{\"@type\":\"SearchAction\",\"target\":{\"@type\":\"EntryPoint\",\"urlTemplate\":\"https:\\\/\\\/www.eldiario.net\\\/portal\\\/?s={search_term_string}\"},\"query-input\":{\"@type\":\"PropertyValueSpecification\",\"valueRequired\":true,\"valueName\":\"search_term_string\"}}],\"inLanguage\":\"es\"},{\"@type\":\"Organization\",\"@id\":\"https:\\\/\\\/www.eldiario.net\\\/portal\\\/#organization\",\"name\":\"El Diario - Decano de la prensa nacional\",\"url\":\"https:\\\/\\\/www.eldiario.net\\\/portal\\\/\",\"logo\":{\"@type\":\"ImageObject\",\"inLanguage\":\"es\",\"@id\":\"https:\\\/\\\/www.eldiario.net\\\/portal\\\/#\\\/schema\\\/logo\\\/image\\\/\",\"url\":\"https:\\\/\\\/www.eldiario.net\\\/portal\\\/wp-content\\\/uploads\\\/2023\\\/07\\\/logo_ED.jpg\",\"contentUrl\":\"https:\\\/\\\/www.eldiario.net\\\/portal\\\/wp-content\\\/uploads\\\/2023\\\/07\\\/logo_ED.jpg\",\"width\":272,\"height\":52,\"caption\":\"El Diario - Decano de la prensa nacional\"},\"image\":{\"@id\":\"https:\\\/\\\/www.eldiario.net\\\/portal\\\/#\\\/schema\\\/logo\\\/image\\\/\"},\"sameAs\":[\"https:\\\/\\\/www.facebook.com\\\/eldiario.bolivia\\\/\",\"https:\\\/\\\/x.com\\\/eldiario_net\"]},{\"@type\":\"Person\",\"@id\":\"https:\\\/\\\/www.eldiario.net\\\/portal\\\/#\\\/schema\\\/person\\\/f46445640444750d7d753ccd04ae01b7\",\"name\":\"Jeanette\",\"image\":{\"@type\":\"ImageObject\",\"inLanguage\":\"es\",\"@id\":\"https:\\\/\\\/secure.gravatar.com\\\/avatar\\\/3ea2118a5f7dad2b7138b1187a6b7ee55f160b9968b66013c3a3ef39dd7e5798?s=96&d=mm&r=g\",\"url\":\"https:\\\/\\\/secure.gravatar.com\\\/avatar\\\/3ea2118a5f7dad2b7138b1187a6b7ee55f160b9968b66013c3a3ef39dd7e5798?s=96&d=mm&r=g\",\"contentUrl\":\"https:\\\/\\\/secure.gravatar.com\\\/avatar\\\/3ea2118a5f7dad2b7138b1187a6b7ee55f160b9968b66013c3a3ef39dd7e5798?s=96&d=mm&r=g\",\"caption\":\"Jeanette\"},\"sameAs\":[\"https:\\\/\\\/www.eldiario.net\\\/portal\"],\"url\":\"https:\\\/\\\/www.eldiario.net\\\/portal\\\/author\\\/jeanette\\\/\"}]}<\/script>\n<!-- \/ Yoast SEO plugin. -->","yoast_head_json":{"title":"25 mil brigadas se desplazan para campa\u00f1a antirr\u00e1bica - El Diario - Bolivia","robots":{"index":"index","follow":"follow","max-snippet":"max-snippet:-1","max-image-preview":"max-image-preview:large","max-video-preview":"max-video-preview:-1"},"canonical":"https:\/\/www.eldiario.net\/portal\/2024\/06\/30\/25-mil-brigadas-se-desplazan-para-campana-antirrabica\/","og_locale":"es_ES","og_type":"article","og_title":"25 mil brigadas se desplazan para campa\u00f1a antirr\u00e1bica - El Diario - Bolivia","og_description":"La campa\u00f1a de vacunaci\u00f3n antirr\u00e1bica, realizada a nivel nacional, permite el desplazamiento de, al menos, 25 mil brigadas de vacunaci\u00f3n antirr\u00e1bica a nivel nacional. De esa cantidad, 16.200 equipos corresponden a La Paz, Oruro, Cochabamba, Chuquisaca, Tarija, Pando y Beni, el resto de las brigadas (8.800) pertenecen a los departamentos de Potos\u00ed (vacunaci\u00f3n en julio) [&hellip;]","og_url":"https:\/\/www.eldiario.net\/portal\/2024\/06\/30\/25-mil-brigadas-se-desplazan-para-campana-antirrabica\/","og_site_name":"El Diario - Bolivia","article_publisher":"https:\/\/www.facebook.com\/eldiario.bolivia\/","article_published_time":"2024-06-30T11:32:40+00:00","og_image":[{"width":1040,"height":941,"url":"https:\/\/www.eldiario.net\/portal\/wp-content\/uploads\/2024\/06\/F-1-campana.jpg","type":"image\/jpeg"}],"author":"Jeanette","twitter_card":"summary_large_image","twitter_creator":"@eldiario_net","twitter_site":"@eldiario_net","twitter_misc":{"Escrito por":"Jeanette","Tiempo de lectura":"3 minutos"},"schema":{"@context":"https:\/\/schema.org","@graph":[{"@type":"Article","@id":"https:\/\/www.eldiario.net\/portal\/2024\/06\/30\/25-mil-brigadas-se-desplazan-para-campana-antirrabica\/#article","isPartOf":{"@id":"https:\/\/www.eldiario.net\/portal\/2024\/06\/30\/25-mil-brigadas-se-desplazan-para-campana-antirrabica\/"},"author":{"name":"Jeanette","@id":"https:\/\/www.eldiario.net\/portal\/#\/schema\/person\/f46445640444750d7d753ccd04ae01b7"},"headline":"25 mil brigadas se desplazan para campa\u00f1a antirr\u00e1bica","datePublished":"2024-06-30T11:32:40+00:00","mainEntityOfPage":{"@id":"https:\/\/www.eldiario.net\/portal\/2024\/06\/30\/25-mil-brigadas-se-desplazan-para-campana-antirrabica\/"},"wordCount":566,"commentCount":0,"publisher":{"@id":"https:\/\/www.eldiario.net\/portal\/#organization"},"image":{"@id":"https:\/\/www.eldiario.net\/portal\/2024\/06\/30\/25-mil-brigadas-se-desplazan-para-campana-antirrabica\/#primaryimage"},"thumbnailUrl":"https:\/\/www.eldiario.net\/portal\/wp-content\/uploads\/2024\/06\/F-1-campana.jpg","articleSection":["Nacional"],"inLanguage":"es","potentialAction":[{"@type":"CommentAction","name":"Comment","target":["https:\/\/www.eldiario.net\/portal\/2024\/06\/30\/25-mil-brigadas-se-desplazan-para-campana-antirrabica\/#respond"]}]},{"@type":"WebPage","@id":"https:\/\/www.eldiario.net\/portal\/2024\/06\/30\/25-mil-brigadas-se-desplazan-para-campana-antirrabica\/","url":"https:\/\/www.eldiario.net\/portal\/2024\/06\/30\/25-mil-brigadas-se-desplazan-para-campana-antirrabica\/","name":"25 mil brigadas se desplazan para campa\u00f1a antirr\u00e1bica - El Diario - Bolivia","isPartOf":{"@id":"https:\/\/www.eldiario.net\/portal\/#website"},"primaryImageOfPage":{"@id":"https:\/\/www.eldiario.net\/portal\/2024\/06\/30\/25-mil-brigadas-se-desplazan-para-campana-antirrabica\/#primaryimage"},"image":{"@id":"https:\/\/www.eldiario.net\/portal\/2024\/06\/30\/25-mil-brigadas-se-desplazan-para-campana-antirrabica\/#primaryimage"},"thumbnailUrl":"https:\/\/www.eldiario.net\/portal\/wp-content\/uploads\/2024\/06\/F-1-campana.jpg","datePublished":"2024-06-30T11:32:40+00:00","breadcrumb":{"@id":"https:\/\/www.eldiario.net\/portal\/2024\/06\/30\/25-mil-brigadas-se-desplazan-para-campana-antirrabica\/#breadcrumb"},"inLanguage":"es","potentialAction":[{"@type":"ReadAction","target":["https:\/\/www.eldiario.net\/portal\/2024\/06\/30\/25-mil-brigadas-se-desplazan-para-campana-antirrabica\/"]}]},{"@type":"ImageObject","inLanguage":"es","@id":"https:\/\/www.eldiario.net\/portal\/2024\/06\/30\/25-mil-brigadas-se-desplazan-para-campana-antirrabica\/#primaryimage","url":"https:\/\/www.eldiario.net\/portal\/wp-content\/uploads\/2024\/06\/F-1-campana.jpg","contentUrl":"https:\/\/www.eldiario.net\/portal\/wp-content\/uploads\/2024\/06\/F-1-campana.jpg","width":1040,"height":941,"caption":"Las brigadas recorrieron diferentes sectores de las urbes."},{"@type":"BreadcrumbList","@id":"https:\/\/www.eldiario.net\/portal\/2024\/06\/30\/25-mil-brigadas-se-desplazan-para-campana-antirrabica\/#breadcrumb","itemListElement":[{"@type":"ListItem","position":1,"name":"Portada","item":"https:\/\/www.eldiario.net\/portal\/"},{"@type":"ListItem","position":2,"name":"25 mil brigadas se desplazan para campa\u00f1a antirr\u00e1bica"}]},{"@type":"WebSite","@id":"https:\/\/www.eldiario.net\/portal\/#website","url":"https:\/\/www.eldiario.net\/portal\/","name":"El Diario - Decano de la prensa nacional","description":"El Diario - Decano de la prensa nacional","publisher":{"@id":"https:\/\/www.eldiario.net\/portal\/#organization"},"potentialAction":[{"@type":"SearchAction","target":{"@type":"EntryPoint","urlTemplate":"https:\/\/www.eldiario.net\/portal\/?s={search_term_string}"},"query-input":{"@type":"PropertyValueSpecification","valueRequired":true,"valueName":"search_term_string"}}],"inLanguage":"es"},{"@type":"Organization","@id":"https:\/\/www.eldiario.net\/portal\/#organization","name":"El Diario - Decano de la prensa nacional","url":"https:\/\/www.eldiario.net\/portal\/","logo":{"@type":"ImageObject","inLanguage":"es","@id":"https:\/\/www.eldiario.net\/portal\/#\/schema\/logo\/image\/","url":"https:\/\/www.eldiario.net\/portal\/wp-content\/uploads\/2023\/07\/logo_ED.jpg","contentUrl":"https:\/\/www.eldiario.net\/portal\/wp-content\/uploads\/2023\/07\/logo_ED.jpg","width":272,"height":52,"caption":"El Diario - Decano de la prensa nacional"},"image":{"@id":"https:\/\/www.eldiario.net\/portal\/#\/schema\/logo\/image\/"},"sameAs":["https:\/\/www.facebook.com\/eldiario.bolivia\/","https:\/\/x.com\/eldiario_net"]},{"@type":"Person","@id":"https:\/\/www.eldiario.net\/portal\/#\/schema\/person\/f46445640444750d7d753ccd04ae01b7","name":"Jeanette","image":{"@type":"ImageObject","inLanguage":"es","@id":"https:\/\/secure.gravatar.com\/avatar\/3ea2118a5f7dad2b7138b1187a6b7ee55f160b9968b66013c3a3ef39dd7e5798?s=96&d=mm&r=g","url":"https:\/\/secure.gravatar.com\/avatar\/3ea2118a5f7dad2b7138b1187a6b7ee55f160b9968b66013c3a3ef39dd7e5798?s=96&d=mm&r=g","contentUrl":"https:\/\/secure.gravatar.com\/avatar\/3ea2118a5f7dad2b7138b1187a6b7ee55f160b9968b66013c3a3ef39dd7e5798?s=96&d=mm&r=g","caption":"Jeanette"},"sameAs":["https:\/\/www.eldiario.net\/portal"],"url":"https:\/\/www.eldiario.net\/portal\/author\/jeanette\/"}]}},"_links":{"self":[{"href":"https:\/\/www.eldiario.net\/portal\/wp-json\/wp\/v2\/posts\/230778","targetHints":{"allow":["GET"]}}],"collection":[{"href":"https:\/\/www.eldiario.net\/portal\/wp-json\/wp\/v2\/posts"}],"about":[{"href":"https:\/\/www.eldiario.net\/portal\/wp-json\/wp\/v2\/types\/post"}],"author":[{"embeddable":true,"href":"https:\/\/www.eldiario.net\/portal\/wp-json\/wp\/v2\/users\/1"}],"replies":[{"embeddable":true,"href":"https:\/\/www.eldiario.net\/portal\/wp-json\/wp\/v2\/comments?post=230778"}],"version-history":[{"count":1,"href":"https:\/\/www.eldiario.net\/portal\/wp-json\/wp\/v2\/posts\/230778\/revisions"}],"predecessor-version":[{"id":230780,"href":"https:\/\/www.eldiario.net\/portal\/wp-json\/wp\/v2\/posts\/230778\/revisions\/230780"}],"wp:featuredmedia":[{"embeddable":true,"href":"https:\/\/www.eldiario.net\/portal\/wp-json\/wp\/v2\/media\/230779"}],"wp:attachment":[{"href":"https:\/\/www.eldiario.net\/portal\/wp-json\/wp\/v2\/media?parent=230778"}],"wp:term":[{"taxonomy":"category","embeddable":true,"href":"https:\/\/www.eldiario.net\/portal\/wp-json\/wp\/v2\/categories?post=230778"},{"taxonomy":"post_tag","embeddable":true,"href":"https:\/\/www.eldiario.net\/portal\/wp-json\/wp\/v2\/tags?post=230778"}],"curies":[{"name":"wp","href":"https:\/\/api.w.org\/{rel}","templated":true}]}}