{"id":230775,"date":"2024-06-30T07:32:00","date_gmt":"2024-06-30T11:32:00","guid":{"rendered":"https:\/\/www.eldiario.net\/portal\/?p=230775"},"modified":"2024-06-30T07:32:00","modified_gmt":"2024-06-30T11:32:00","slug":"control-de-transito-es-nulo-en-vias-de-acceso-al-aeropuerto","status":"publish","type":"post","link":"https:\/\/www.eldiario.net\/portal\/2024\/06\/30\/control-de-transito-es-nulo-en-vias-de-acceso-al-aeropuerto\/","title":{"rendered":"Control de tr\u00e1nsito es nulo en  v\u00edas de acceso al Aeropuerto"},"content":{"rendered":"<p>Ciudadanos se contactaron con este medio de comunicaci\u00f3n para denunciar la falta de control policial y municipal en inmediaciones de la Ceja de El Alto, espec\u00edficamente por los ingresos al Aeropuerto Internacional, donde debido a la ausencia de personal que controle el tr\u00e1nsito vehicular, se registran trancaderas que incluso duran m\u00e1s de una hora.<br \/>\n\u201cEstuve casi una hora y media en esa trancadera y casi pierdo el vuelo. Es incomprensible c\u00f3mo en lugares tan ca\u00f3ticos y necesarios no haya personal de tr\u00e1nsito y menos de la Alcald\u00eda que ayuden a descongestionar\u201d, se\u00f1al\u00f3 un vecino que ven\u00eda desde la zona Sur de La Paz y se vio \u201catrapado\u201d en la trancadera saliendo de la avenida Mario Mercado.<br \/>\nOtro de los afectados, indic\u00f3 que estos d\u00edas varias personas aprovechan el descanso de los estudiantes por lo que realizan viajes, pero \u201ceste tipo de situaciones nos perjudican. No hay un solo barita, peor un guardia municipal (\u2026) brillan por su ausencia\u201d, sostuvo.<br \/>\nEn efecto, la noche del viernes EL DIARIO corrobor\u00f3 tal hecho cuando recorri\u00f3 diferentes v\u00edas que conectan al Aeropuerto alte\u00f1o y todas estaban con filas de veh\u00edculos que pretend\u00edan llegar a diferentes destinos, pues otras personas no pretenden ir a la terminal a\u00e9rea, sino, \u201ctomamos tambi\u00e9n estas calles para desviar, pero peor es\u201d.<br \/>\nAunque, seg\u00fan vecinos, este congestionamiento es casi \u201cnormal\u201d y con m\u00e1s preponderancia en \u201choras pico\u201d como antes de las 9:00, al mediod\u00eda y entrando a la noche. Por lo que, piden a las autoridades que corresponda, atender esta denuncia para evitar las trancaderas por el sector.<\/p>\n","protected":false},"excerpt":{"rendered":"<p>Ciudadanos se contactaron con este medio de comunicaci\u00f3n para denunciar la falta de control policial y municipal en inmediaciones de la Ceja de El Alto, espec\u00edficamente por los ingresos al Aeropuerto Internacional, donde debido a la ausencia de personal que controle el tr\u00e1nsito vehicular, se registran trancaderas que incluso duran m\u00e1s de una hora. \u201cEstuve [&hellip;]<\/p>\n","protected":false},"author":1,"featured_media":230776,"comment_status":"open","ping_status":"open","sticky":false,"template":"","format":"standard","meta":{"_acf_changed":false,"footnotes":""},"categories":[12],"tags":[],"class_list":["post-230775","post","type-post","status-publish","format-standard","has-post-thumbnail","category-nacional"],"acf":{"antetitulo":""},"yoast_head":"<!-- This site is optimized with the Yoast SEO plugin v28.4 - https:\/\/yoast.com\/product\/yoast-seo-wordpress\/ -->\n<title>Control de tr\u00e1nsito es nulo en v\u00edas de acceso al Aeropuerto - El Diario - Bolivia<\/title>\n<meta name=\"robots\" content=\"index, follow, max-snippet:-1, max-image-preview:large, max-video-preview:-1\" \/>\n<link rel=\"canonical\" href=\"https:\/\/www.eldiario.net\/portal\/2024\/06\/30\/control-de-transito-es-nulo-en-vias-de-acceso-al-aeropuerto\/\" \/>\n<meta property=\"og:locale\" content=\"es_ES\" \/>\n<meta property=\"og:type\" content=\"article\" \/>\n<meta property=\"og:title\" content=\"Control de tr\u00e1nsito es nulo en v\u00edas de acceso al Aeropuerto - El Diario - Bolivia\" \/>\n<meta property=\"og:description\" content=\"Ciudadanos se contactaron con este medio de comunicaci\u00f3n para denunciar la falta de control policial y municipal en inmediaciones de la Ceja de El Alto, espec\u00edficamente por los ingresos al Aeropuerto Internacional, donde debido a la ausencia de personal que controle el tr\u00e1nsito vehicular, se registran trancaderas que incluso duran m\u00e1s de una hora. \u201cEstuve [&hellip;]\" \/>\n<meta property=\"og:url\" content=\"https:\/\/www.eldiario.net\/portal\/2024\/06\/30\/control-de-transito-es-nulo-en-vias-de-acceso-al-aeropuerto\/\" \/>\n<meta property=\"og:site_name\" content=\"El Diario - Bolivia\" \/>\n<meta property=\"article:publisher\" content=\"https:\/\/www.facebook.com\/eldiario.bolivia\/\" \/>\n<meta property=\"article:published_time\" content=\"2024-06-30T11:32:00+00:00\" \/>\n<meta property=\"og:image\" content=\"https:\/\/www.eldiario.net\/portal\/wp-content\/uploads\/2024\/06\/F-2-trancadera.jpg\" \/>\n\t<meta property=\"og:image:width\" content=\"1599\" \/>\n\t<meta property=\"og:image:height\" content=\"899\" \/>\n\t<meta property=\"og:image:type\" content=\"image\/jpeg\" \/>\n<meta name=\"author\" content=\"Jeanette\" \/>\n<meta name=\"twitter:card\" content=\"summary_large_image\" \/>\n<meta name=\"twitter:creator\" content=\"@eldiario_net\" \/>\n<meta name=\"twitter:site\" content=\"@eldiario_net\" \/>\n<meta name=\"twitter:label1\" content=\"Escrito por\" \/>\n\t<meta name=\"twitter:data1\" content=\"Jeanette\" \/>\n\t<meta name=\"twitter:label2\" content=\"Tiempo de lectura\" \/>\n\t<meta name=\"twitter:data2\" content=\"2 minutos\" \/>\n<script type=\"application\/ld+json\" class=\"yoast-schema-graph\">{\"@context\":\"https:\\\/\\\/schema.org\",\"@graph\":[{\"@type\":\"Article\",\"@id\":\"https:\\\/\\\/www.eldiario.net\\\/portal\\\/2024\\\/06\\\/30\\\/control-de-transito-es-nulo-en-vias-de-acceso-al-aeropuerto\\\/#article\",\"isPartOf\":{\"@id\":\"https:\\\/\\\/www.eldiario.net\\\/portal\\\/2024\\\/06\\\/30\\\/control-de-transito-es-nulo-en-vias-de-acceso-al-aeropuerto\\\/\"},\"author\":{\"name\":\"Jeanette\",\"@id\":\"https:\\\/\\\/www.eldiario.net\\\/portal\\\/#\\\/schema\\\/person\\\/f46445640444750d7d753ccd04ae01b7\"},\"headline\":\"Control de tr\u00e1nsito es nulo en v\u00edas de acceso al Aeropuerto\",\"datePublished\":\"2024-06-30T11:32:00+00:00\",\"mainEntityOfPage\":{\"@id\":\"https:\\\/\\\/www.eldiario.net\\\/portal\\\/2024\\\/06\\\/30\\\/control-de-transito-es-nulo-en-vias-de-acceso-al-aeropuerto\\\/\"},\"wordCount\":289,\"commentCount\":0,\"publisher\":{\"@id\":\"https:\\\/\\\/www.eldiario.net\\\/portal\\\/#organization\"},\"image\":{\"@id\":\"https:\\\/\\\/www.eldiario.net\\\/portal\\\/2024\\\/06\\\/30\\\/control-de-transito-es-nulo-en-vias-de-acceso-al-aeropuerto\\\/#primaryimage\"},\"thumbnailUrl\":\"https:\\\/\\\/www.eldiario.net\\\/portal\\\/wp-content\\\/uploads\\\/2024\\\/06\\\/F-2-trancadera.jpg\",\"articleSection\":[\"Nacional\"],\"inLanguage\":\"es\",\"potentialAction\":[{\"@type\":\"CommentAction\",\"name\":\"Comment\",\"target\":[\"https:\\\/\\\/www.eldiario.net\\\/portal\\\/2024\\\/06\\\/30\\\/control-de-transito-es-nulo-en-vias-de-acceso-al-aeropuerto\\\/#respond\"]}]},{\"@type\":\"WebPage\",\"@id\":\"https:\\\/\\\/www.eldiario.net\\\/portal\\\/2024\\\/06\\\/30\\\/control-de-transito-es-nulo-en-vias-de-acceso-al-aeropuerto\\\/\",\"url\":\"https:\\\/\\\/www.eldiario.net\\\/portal\\\/2024\\\/06\\\/30\\\/control-de-transito-es-nulo-en-vias-de-acceso-al-aeropuerto\\\/\",\"name\":\"Control de tr\u00e1nsito es nulo en v\u00edas de acceso al Aeropuerto - El Diario - Bolivia\",\"isPartOf\":{\"@id\":\"https:\\\/\\\/www.eldiario.net\\\/portal\\\/#website\"},\"primaryImageOfPage\":{\"@id\":\"https:\\\/\\\/www.eldiario.net\\\/portal\\\/2024\\\/06\\\/30\\\/control-de-transito-es-nulo-en-vias-de-acceso-al-aeropuerto\\\/#primaryimage\"},\"image\":{\"@id\":\"https:\\\/\\\/www.eldiario.net\\\/portal\\\/2024\\\/06\\\/30\\\/control-de-transito-es-nulo-en-vias-de-acceso-al-aeropuerto\\\/#primaryimage\"},\"thumbnailUrl\":\"https:\\\/\\\/www.eldiario.net\\\/portal\\\/wp-content\\\/uploads\\\/2024\\\/06\\\/F-2-trancadera.jpg\",\"datePublished\":\"2024-06-30T11:32:00+00:00\",\"breadcrumb\":{\"@id\":\"https:\\\/\\\/www.eldiario.net\\\/portal\\\/2024\\\/06\\\/30\\\/control-de-transito-es-nulo-en-vias-de-acceso-al-aeropuerto\\\/#breadcrumb\"},\"inLanguage\":\"es\",\"potentialAction\":[{\"@type\":\"ReadAction\",\"target\":[\"https:\\\/\\\/www.eldiario.net\\\/portal\\\/2024\\\/06\\\/30\\\/control-de-transito-es-nulo-en-vias-de-acceso-al-aeropuerto\\\/\"]}]},{\"@type\":\"ImageObject\",\"inLanguage\":\"es\",\"@id\":\"https:\\\/\\\/www.eldiario.net\\\/portal\\\/2024\\\/06\\\/30\\\/control-de-transito-es-nulo-en-vias-de-acceso-al-aeropuerto\\\/#primaryimage\",\"url\":\"https:\\\/\\\/www.eldiario.net\\\/portal\\\/wp-content\\\/uploads\\\/2024\\\/06\\\/F-2-trancadera.jpg\",\"contentUrl\":\"https:\\\/\\\/www.eldiario.net\\\/portal\\\/wp-content\\\/uploads\\\/2024\\\/06\\\/F-2-trancadera.jpg\",\"width\":1599,\"height\":899,\"caption\":\"Las filas de los veh\u00edculos son enormes y demoran demasiado en avanzar.\"},{\"@type\":\"BreadcrumbList\",\"@id\":\"https:\\\/\\\/www.eldiario.net\\\/portal\\\/2024\\\/06\\\/30\\\/control-de-transito-es-nulo-en-vias-de-acceso-al-aeropuerto\\\/#breadcrumb\",\"itemListElement\":[{\"@type\":\"ListItem\",\"position\":1,\"name\":\"Portada\",\"item\":\"https:\\\/\\\/www.eldiario.net\\\/portal\\\/\"},{\"@type\":\"ListItem\",\"position\":2,\"name\":\"Control de tr\u00e1nsito es nulo en v\u00edas de acceso al Aeropuerto\"}]},{\"@type\":\"WebSite\",\"@id\":\"https:\\\/\\\/www.eldiario.net\\\/portal\\\/#website\",\"url\":\"https:\\\/\\\/www.eldiario.net\\\/portal\\\/\",\"name\":\"El Diario - Decano de la prensa nacional\",\"description\":\"El Diario - Decano de la prensa nacional\",\"publisher\":{\"@id\":\"https:\\\/\\\/www.eldiario.net\\\/portal\\\/#organization\"},\"potentialAction\":[{\"@type\":\"SearchAction\",\"target\":{\"@type\":\"EntryPoint\",\"urlTemplate\":\"https:\\\/\\\/www.eldiario.net\\\/portal\\\/?s={search_term_string}\"},\"query-input\":{\"@type\":\"PropertyValueSpecification\",\"valueRequired\":true,\"valueName\":\"search_term_string\"}}],\"inLanguage\":\"es\"},{\"@type\":\"Organization\",\"@id\":\"https:\\\/\\\/www.eldiario.net\\\/portal\\\/#organization\",\"name\":\"El Diario - Decano de la prensa nacional\",\"url\":\"https:\\\/\\\/www.eldiario.net\\\/portal\\\/\",\"logo\":{\"@type\":\"ImageObject\",\"inLanguage\":\"es\",\"@id\":\"https:\\\/\\\/www.eldiario.net\\\/portal\\\/#\\\/schema\\\/logo\\\/image\\\/\",\"url\":\"https:\\\/\\\/www.eldiario.net\\\/portal\\\/wp-content\\\/uploads\\\/2023\\\/07\\\/logo_ED.jpg\",\"contentUrl\":\"https:\\\/\\\/www.eldiario.net\\\/portal\\\/wp-content\\\/uploads\\\/2023\\\/07\\\/logo_ED.jpg\",\"width\":272,\"height\":52,\"caption\":\"El Diario - Decano de la prensa nacional\"},\"image\":{\"@id\":\"https:\\\/\\\/www.eldiario.net\\\/portal\\\/#\\\/schema\\\/logo\\\/image\\\/\"},\"sameAs\":[\"https:\\\/\\\/www.facebook.com\\\/eldiario.bolivia\\\/\",\"https:\\\/\\\/x.com\\\/eldiario_net\"]},{\"@type\":\"Person\",\"@id\":\"https:\\\/\\\/www.eldiario.net\\\/portal\\\/#\\\/schema\\\/person\\\/f46445640444750d7d753ccd04ae01b7\",\"name\":\"Jeanette\",\"image\":{\"@type\":\"ImageObject\",\"inLanguage\":\"es\",\"@id\":\"https:\\\/\\\/secure.gravatar.com\\\/avatar\\\/3ea2118a5f7dad2b7138b1187a6b7ee55f160b9968b66013c3a3ef39dd7e5798?s=96&d=mm&r=g\",\"url\":\"https:\\\/\\\/secure.gravatar.com\\\/avatar\\\/3ea2118a5f7dad2b7138b1187a6b7ee55f160b9968b66013c3a3ef39dd7e5798?s=96&d=mm&r=g\",\"contentUrl\":\"https:\\\/\\\/secure.gravatar.com\\\/avatar\\\/3ea2118a5f7dad2b7138b1187a6b7ee55f160b9968b66013c3a3ef39dd7e5798?s=96&d=mm&r=g\",\"caption\":\"Jeanette\"},\"sameAs\":[\"https:\\\/\\\/www.eldiario.net\\\/portal\"],\"url\":\"https:\\\/\\\/www.eldiario.net\\\/portal\\\/author\\\/jeanette\\\/\"}]}<\/script>\n<!-- \/ Yoast SEO plugin. -->","yoast_head_json":{"title":"Control de tr\u00e1nsito es nulo en v\u00edas de acceso al Aeropuerto - El Diario - Bolivia","robots":{"index":"index","follow":"follow","max-snippet":"max-snippet:-1","max-image-preview":"max-image-preview:large","max-video-preview":"max-video-preview:-1"},"canonical":"https:\/\/www.eldiario.net\/portal\/2024\/06\/30\/control-de-transito-es-nulo-en-vias-de-acceso-al-aeropuerto\/","og_locale":"es_ES","og_type":"article","og_title":"Control de tr\u00e1nsito es nulo en v\u00edas de acceso al Aeropuerto - El Diario - Bolivia","og_description":"Ciudadanos se contactaron con este medio de comunicaci\u00f3n para denunciar la falta de control policial y municipal en inmediaciones de la Ceja de El Alto, espec\u00edficamente por los ingresos al Aeropuerto Internacional, donde debido a la ausencia de personal que controle el tr\u00e1nsito vehicular, se registran trancaderas que incluso duran m\u00e1s de una hora. \u201cEstuve [&hellip;]","og_url":"https:\/\/www.eldiario.net\/portal\/2024\/06\/30\/control-de-transito-es-nulo-en-vias-de-acceso-al-aeropuerto\/","og_site_name":"El Diario - Bolivia","article_publisher":"https:\/\/www.facebook.com\/eldiario.bolivia\/","article_published_time":"2024-06-30T11:32:00+00:00","og_image":[{"width":1599,"height":899,"url":"https:\/\/www.eldiario.net\/portal\/wp-content\/uploads\/2024\/06\/F-2-trancadera.jpg","type":"image\/jpeg"}],"author":"Jeanette","twitter_card":"summary_large_image","twitter_creator":"@eldiario_net","twitter_site":"@eldiario_net","twitter_misc":{"Escrito por":"Jeanette","Tiempo de lectura":"2 minutos"},"schema":{"@context":"https:\/\/schema.org","@graph":[{"@type":"Article","@id":"https:\/\/www.eldiario.net\/portal\/2024\/06\/30\/control-de-transito-es-nulo-en-vias-de-acceso-al-aeropuerto\/#article","isPartOf":{"@id":"https:\/\/www.eldiario.net\/portal\/2024\/06\/30\/control-de-transito-es-nulo-en-vias-de-acceso-al-aeropuerto\/"},"author":{"name":"Jeanette","@id":"https:\/\/www.eldiario.net\/portal\/#\/schema\/person\/f46445640444750d7d753ccd04ae01b7"},"headline":"Control de tr\u00e1nsito es nulo en v\u00edas de acceso al Aeropuerto","datePublished":"2024-06-30T11:32:00+00:00","mainEntityOfPage":{"@id":"https:\/\/www.eldiario.net\/portal\/2024\/06\/30\/control-de-transito-es-nulo-en-vias-de-acceso-al-aeropuerto\/"},"wordCount":289,"commentCount":0,"publisher":{"@id":"https:\/\/www.eldiario.net\/portal\/#organization"},"image":{"@id":"https:\/\/www.eldiario.net\/portal\/2024\/06\/30\/control-de-transito-es-nulo-en-vias-de-acceso-al-aeropuerto\/#primaryimage"},"thumbnailUrl":"https:\/\/www.eldiario.net\/portal\/wp-content\/uploads\/2024\/06\/F-2-trancadera.jpg","articleSection":["Nacional"],"inLanguage":"es","potentialAction":[{"@type":"CommentAction","name":"Comment","target":["https:\/\/www.eldiario.net\/portal\/2024\/06\/30\/control-de-transito-es-nulo-en-vias-de-acceso-al-aeropuerto\/#respond"]}]},{"@type":"WebPage","@id":"https:\/\/www.eldiario.net\/portal\/2024\/06\/30\/control-de-transito-es-nulo-en-vias-de-acceso-al-aeropuerto\/","url":"https:\/\/www.eldiario.net\/portal\/2024\/06\/30\/control-de-transito-es-nulo-en-vias-de-acceso-al-aeropuerto\/","name":"Control de tr\u00e1nsito es nulo en v\u00edas de acceso al Aeropuerto - El Diario - Bolivia","isPartOf":{"@id":"https:\/\/www.eldiario.net\/portal\/#website"},"primaryImageOfPage":{"@id":"https:\/\/www.eldiario.net\/portal\/2024\/06\/30\/control-de-transito-es-nulo-en-vias-de-acceso-al-aeropuerto\/#primaryimage"},"image":{"@id":"https:\/\/www.eldiario.net\/portal\/2024\/06\/30\/control-de-transito-es-nulo-en-vias-de-acceso-al-aeropuerto\/#primaryimage"},"thumbnailUrl":"https:\/\/www.eldiario.net\/portal\/wp-content\/uploads\/2024\/06\/F-2-trancadera.jpg","datePublished":"2024-06-30T11:32:00+00:00","breadcrumb":{"@id":"https:\/\/www.eldiario.net\/portal\/2024\/06\/30\/control-de-transito-es-nulo-en-vias-de-acceso-al-aeropuerto\/#breadcrumb"},"inLanguage":"es","potentialAction":[{"@type":"ReadAction","target":["https:\/\/www.eldiario.net\/portal\/2024\/06\/30\/control-de-transito-es-nulo-en-vias-de-acceso-al-aeropuerto\/"]}]},{"@type":"ImageObject","inLanguage":"es","@id":"https:\/\/www.eldiario.net\/portal\/2024\/06\/30\/control-de-transito-es-nulo-en-vias-de-acceso-al-aeropuerto\/#primaryimage","url":"https:\/\/www.eldiario.net\/portal\/wp-content\/uploads\/2024\/06\/F-2-trancadera.jpg","contentUrl":"https:\/\/www.eldiario.net\/portal\/wp-content\/uploads\/2024\/06\/F-2-trancadera.jpg","width":1599,"height":899,"caption":"Las filas de los veh\u00edculos son enormes y demoran demasiado en avanzar."},{"@type":"BreadcrumbList","@id":"https:\/\/www.eldiario.net\/portal\/2024\/06\/30\/control-de-transito-es-nulo-en-vias-de-acceso-al-aeropuerto\/#breadcrumb","itemListElement":[{"@type":"ListItem","position":1,"name":"Portada","item":"https:\/\/www.eldiario.net\/portal\/"},{"@type":"ListItem","position":2,"name":"Control de tr\u00e1nsito es nulo en v\u00edas de acceso al Aeropuerto"}]},{"@type":"WebSite","@id":"https:\/\/www.eldiario.net\/portal\/#website","url":"https:\/\/www.eldiario.net\/portal\/","name":"El Diario - Decano de la prensa nacional","description":"El Diario - Decano de la prensa nacional","publisher":{"@id":"https:\/\/www.eldiario.net\/portal\/#organization"},"potentialAction":[{"@type":"SearchAction","target":{"@type":"EntryPoint","urlTemplate":"https:\/\/www.eldiario.net\/portal\/?s={search_term_string}"},"query-input":{"@type":"PropertyValueSpecification","valueRequired":true,"valueName":"search_term_string"}}],"inLanguage":"es"},{"@type":"Organization","@id":"https:\/\/www.eldiario.net\/portal\/#organization","name":"El Diario - Decano de la prensa nacional","url":"https:\/\/www.eldiario.net\/portal\/","logo":{"@type":"ImageObject","inLanguage":"es","@id":"https:\/\/www.eldiario.net\/portal\/#\/schema\/logo\/image\/","url":"https:\/\/www.eldiario.net\/portal\/wp-content\/uploads\/2023\/07\/logo_ED.jpg","contentUrl":"https:\/\/www.eldiario.net\/portal\/wp-content\/uploads\/2023\/07\/logo_ED.jpg","width":272,"height":52,"caption":"El Diario - Decano de la prensa nacional"},"image":{"@id":"https:\/\/www.eldiario.net\/portal\/#\/schema\/logo\/image\/"},"sameAs":["https:\/\/www.facebook.com\/eldiario.bolivia\/","https:\/\/x.com\/eldiario_net"]},{"@type":"Person","@id":"https:\/\/www.eldiario.net\/portal\/#\/schema\/person\/f46445640444750d7d753ccd04ae01b7","name":"Jeanette","image":{"@type":"ImageObject","inLanguage":"es","@id":"https:\/\/secure.gravatar.com\/avatar\/3ea2118a5f7dad2b7138b1187a6b7ee55f160b9968b66013c3a3ef39dd7e5798?s=96&d=mm&r=g","url":"https:\/\/secure.gravatar.com\/avatar\/3ea2118a5f7dad2b7138b1187a6b7ee55f160b9968b66013c3a3ef39dd7e5798?s=96&d=mm&r=g","contentUrl":"https:\/\/secure.gravatar.com\/avatar\/3ea2118a5f7dad2b7138b1187a6b7ee55f160b9968b66013c3a3ef39dd7e5798?s=96&d=mm&r=g","caption":"Jeanette"},"sameAs":["https:\/\/www.eldiario.net\/portal"],"url":"https:\/\/www.eldiario.net\/portal\/author\/jeanette\/"}]}},"_links":{"self":[{"href":"https:\/\/www.eldiario.net\/portal\/wp-json\/wp\/v2\/posts\/230775","targetHints":{"allow":["GET"]}}],"collection":[{"href":"https:\/\/www.eldiario.net\/portal\/wp-json\/wp\/v2\/posts"}],"about":[{"href":"https:\/\/www.eldiario.net\/portal\/wp-json\/wp\/v2\/types\/post"}],"author":[{"embeddable":true,"href":"https:\/\/www.eldiario.net\/portal\/wp-json\/wp\/v2\/users\/1"}],"replies":[{"embeddable":true,"href":"https:\/\/www.eldiario.net\/portal\/wp-json\/wp\/v2\/comments?post=230775"}],"version-history":[{"count":1,"href":"https:\/\/www.eldiario.net\/portal\/wp-json\/wp\/v2\/posts\/230775\/revisions"}],"predecessor-version":[{"id":230777,"href":"https:\/\/www.eldiario.net\/portal\/wp-json\/wp\/v2\/posts\/230775\/revisions\/230777"}],"wp:featuredmedia":[{"embeddable":true,"href":"https:\/\/www.eldiario.net\/portal\/wp-json\/wp\/v2\/media\/230776"}],"wp:attachment":[{"href":"https:\/\/www.eldiario.net\/portal\/wp-json\/wp\/v2\/media?parent=230775"}],"wp:term":[{"taxonomy":"category","embeddable":true,"href":"https:\/\/www.eldiario.net\/portal\/wp-json\/wp\/v2\/categories?post=230775"},{"taxonomy":"post_tag","embeddable":true,"href":"https:\/\/www.eldiario.net\/portal\/wp-json\/wp\/v2\/tags?post=230775"}],"curies":[{"name":"wp","href":"https:\/\/api.w.org\/{rel}","templated":true}]}}