{"id":230773,"date":"2024-06-30T07:31:29","date_gmt":"2024-06-30T11:31:29","guid":{"rendered":"https:\/\/www.eldiario.net\/portal\/?p=230773"},"modified":"2024-06-30T07:31:29","modified_gmt":"2024-06-30T11:31:29","slug":"bandera-pacena-ondeara-desde-el-lunes-en-plaza-murillo","status":"publish","type":"post","link":"https:\/\/www.eldiario.net\/portal\/2024\/06\/30\/bandera-pacena-ondeara-desde-el-lunes-en-plaza-murillo\/","title":{"rendered":"Bandera pace\u00f1a ondear\u00e1 desde el lunes en plaza Murillo"},"content":{"rendered":"<p>Como parte de la agenda juliana, ma\u00f1ana a las 8:00 horas con la presencia de diferentes autoridades se realizar\u00e1 el alza de bandera en la plaza Murillo. Adem\u00e1s, se prev\u00e9 una \u00fanica Sesi\u00f3n de Honor por la Revoluci\u00f3n del 16 de Julio, como un \u201cmensaje de unidad y reconciliaci\u00f3n\u201d.<br \/>\n\u201cIzaremos la bandera en la plaza Murillo despu\u00e9s de mucho tiempo\u201d, se\u00f1al\u00f3 el alcalde pace\u00f1o, Iv\u00e1n Arias. Para el 1 de julio por la noche tambi\u00e9n se tiene en agenda el encendido de tea. Se prev\u00e9 que durante todo ese mes habr\u00e1 entregas de obras y actividades culturales en todos los macrodistritos.<br \/>\nRespecto a la una \u00fanica Sesi\u00f3n de Honor por la Revoluci\u00f3n del 16 de Julio, que desde hace un par de a\u00f1os insiste que se efect\u00fae el alcalde de La Paz, se prev\u00e9 que sea en la Casa Grande del Pueblo, con la presencia del presidente Luis Arce, el gobernador Santos Quispe, concejales y la primera autoridad edil pace\u00f1a.<br \/>\n\u201cLa idea siempre era hacer un acto central entre los tres niveles de Gobierno, ser\u00e1 in\u00e9dito, nos est\u00e1 uniendo y estamos mostrando un mensaje de paz\u201d, remarc\u00f3 el secretario de Culturas y Turismo, Am\u00e9rico Gemio. Dijo que la urbe pace\u00f1a es una \u201cciudad en progreso\u201d.<\/p>\n","protected":false},"excerpt":{"rendered":"<p>Como parte de la agenda juliana, ma\u00f1ana a las 8:00 horas con la presencia de diferentes autoridades se realizar\u00e1 el alza de bandera en la plaza Murillo. Adem\u00e1s, se prev\u00e9 una \u00fanica Sesi\u00f3n de Honor por la Revoluci\u00f3n del 16 de Julio, como un \u201cmensaje de unidad y reconciliaci\u00f3n\u201d. \u201cIzaremos la bandera en la plaza [&hellip;]<\/p>\n","protected":false},"author":1,"featured_media":194726,"comment_status":"open","ping_status":"open","sticky":false,"template":"","format":"standard","meta":{"_acf_changed":false,"footnotes":""},"categories":[12],"tags":[],"class_list":["post-230773","post","type-post","status-publish","format-standard","has-post-thumbnail","category-nacional"],"acf":{"antetitulo":"Fiestas Julias"},"yoast_head":"<!-- This site is optimized with the Yoast SEO plugin v28.4 - https:\/\/yoast.com\/product\/yoast-seo-wordpress\/ -->\n<title>Bandera pace\u00f1a ondear\u00e1 desde el lunes en plaza Murillo - El Diario - Bolivia<\/title>\n<meta name=\"robots\" content=\"index, follow, max-snippet:-1, max-image-preview:large, max-video-preview:-1\" \/>\n<link rel=\"canonical\" href=\"https:\/\/www.eldiario.net\/portal\/2024\/06\/30\/bandera-pacena-ondeara-desde-el-lunes-en-plaza-murillo\/\" \/>\n<meta property=\"og:locale\" content=\"es_ES\" \/>\n<meta property=\"og:type\" content=\"article\" \/>\n<meta property=\"og:title\" content=\"Bandera pace\u00f1a ondear\u00e1 desde el lunes en plaza Murillo - El Diario - Bolivia\" \/>\n<meta property=\"og:description\" content=\"Como parte de la agenda juliana, ma\u00f1ana a las 8:00 horas con la presencia de diferentes autoridades se realizar\u00e1 el alza de bandera en la plaza Murillo. Adem\u00e1s, se prev\u00e9 una \u00fanica Sesi\u00f3n de Honor por la Revoluci\u00f3n del 16 de Julio, como un \u201cmensaje de unidad y reconciliaci\u00f3n\u201d. \u201cIzaremos la bandera en la plaza [&hellip;]\" \/>\n<meta property=\"og:url\" content=\"https:\/\/www.eldiario.net\/portal\/2024\/06\/30\/bandera-pacena-ondeara-desde-el-lunes-en-plaza-murillo\/\" \/>\n<meta property=\"og:site_name\" content=\"El Diario - Bolivia\" \/>\n<meta property=\"article:publisher\" content=\"https:\/\/www.facebook.com\/eldiario.bolivia\/\" \/>\n<meta property=\"article:published_time\" content=\"2024-06-30T11:31:29+00:00\" \/>\n<meta property=\"og:image\" content=\"https:\/\/www.eldiario.net\/portal\/wp-content\/uploads\/2023\/12\/Nacional.jpg\" \/>\n\t<meta property=\"og:image:width\" content=\"800\" \/>\n\t<meta property=\"og:image:height\" content=\"500\" \/>\n\t<meta property=\"og:image:type\" content=\"image\/jpeg\" \/>\n<meta name=\"author\" content=\"Jeanette\" \/>\n<meta name=\"twitter:card\" content=\"summary_large_image\" \/>\n<meta name=\"twitter:creator\" content=\"@eldiario_net\" \/>\n<meta name=\"twitter:site\" content=\"@eldiario_net\" \/>\n<meta name=\"twitter:label1\" content=\"Escrito por\" \/>\n\t<meta name=\"twitter:data1\" content=\"Jeanette\" \/>\n\t<meta name=\"twitter:label2\" content=\"Tiempo de lectura\" \/>\n\t<meta name=\"twitter:data2\" content=\"2 minutos\" \/>\n<script type=\"application\/ld+json\" class=\"yoast-schema-graph\">{\"@context\":\"https:\\\/\\\/schema.org\",\"@graph\":[{\"@type\":\"Article\",\"@id\":\"https:\\\/\\\/www.eldiario.net\\\/portal\\\/2024\\\/06\\\/30\\\/bandera-pacena-ondeara-desde-el-lunes-en-plaza-murillo\\\/#article\",\"isPartOf\":{\"@id\":\"https:\\\/\\\/www.eldiario.net\\\/portal\\\/2024\\\/06\\\/30\\\/bandera-pacena-ondeara-desde-el-lunes-en-plaza-murillo\\\/\"},\"author\":{\"name\":\"Jeanette\",\"@id\":\"https:\\\/\\\/www.eldiario.net\\\/portal\\\/#\\\/schema\\\/person\\\/f46445640444750d7d753ccd04ae01b7\"},\"headline\":\"Bandera pace\u00f1a ondear\u00e1 desde el lunes en plaza Murillo\",\"datePublished\":\"2024-06-30T11:31:29+00:00\",\"mainEntityOfPage\":{\"@id\":\"https:\\\/\\\/www.eldiario.net\\\/portal\\\/2024\\\/06\\\/30\\\/bandera-pacena-ondeara-desde-el-lunes-en-plaza-murillo\\\/\"},\"wordCount\":229,\"commentCount\":0,\"publisher\":{\"@id\":\"https:\\\/\\\/www.eldiario.net\\\/portal\\\/#organization\"},\"image\":{\"@id\":\"https:\\\/\\\/www.eldiario.net\\\/portal\\\/2024\\\/06\\\/30\\\/bandera-pacena-ondeara-desde-el-lunes-en-plaza-murillo\\\/#primaryimage\"},\"thumbnailUrl\":\"https:\\\/\\\/www.eldiario.net\\\/portal\\\/wp-content\\\/uploads\\\/2023\\\/12\\\/Nacional.jpg\",\"articleSection\":[\"Nacional\"],\"inLanguage\":\"es\",\"potentialAction\":[{\"@type\":\"CommentAction\",\"name\":\"Comment\",\"target\":[\"https:\\\/\\\/www.eldiario.net\\\/portal\\\/2024\\\/06\\\/30\\\/bandera-pacena-ondeara-desde-el-lunes-en-plaza-murillo\\\/#respond\"]}]},{\"@type\":\"WebPage\",\"@id\":\"https:\\\/\\\/www.eldiario.net\\\/portal\\\/2024\\\/06\\\/30\\\/bandera-pacena-ondeara-desde-el-lunes-en-plaza-murillo\\\/\",\"url\":\"https:\\\/\\\/www.eldiario.net\\\/portal\\\/2024\\\/06\\\/30\\\/bandera-pacena-ondeara-desde-el-lunes-en-plaza-murillo\\\/\",\"name\":\"Bandera pace\u00f1a ondear\u00e1 desde el lunes en plaza Murillo - El Diario - Bolivia\",\"isPartOf\":{\"@id\":\"https:\\\/\\\/www.eldiario.net\\\/portal\\\/#website\"},\"primaryImageOfPage\":{\"@id\":\"https:\\\/\\\/www.eldiario.net\\\/portal\\\/2024\\\/06\\\/30\\\/bandera-pacena-ondeara-desde-el-lunes-en-plaza-murillo\\\/#primaryimage\"},\"image\":{\"@id\":\"https:\\\/\\\/www.eldiario.net\\\/portal\\\/2024\\\/06\\\/30\\\/bandera-pacena-ondeara-desde-el-lunes-en-plaza-murillo\\\/#primaryimage\"},\"thumbnailUrl\":\"https:\\\/\\\/www.eldiario.net\\\/portal\\\/wp-content\\\/uploads\\\/2023\\\/12\\\/Nacional.jpg\",\"datePublished\":\"2024-06-30T11:31:29+00:00\",\"breadcrumb\":{\"@id\":\"https:\\\/\\\/www.eldiario.net\\\/portal\\\/2024\\\/06\\\/30\\\/bandera-pacena-ondeara-desde-el-lunes-en-plaza-murillo\\\/#breadcrumb\"},\"inLanguage\":\"es\",\"potentialAction\":[{\"@type\":\"ReadAction\",\"target\":[\"https:\\\/\\\/www.eldiario.net\\\/portal\\\/2024\\\/06\\\/30\\\/bandera-pacena-ondeara-desde-el-lunes-en-plaza-murillo\\\/\"]}]},{\"@type\":\"ImageObject\",\"inLanguage\":\"es\",\"@id\":\"https:\\\/\\\/www.eldiario.net\\\/portal\\\/2024\\\/06\\\/30\\\/bandera-pacena-ondeara-desde-el-lunes-en-plaza-murillo\\\/#primaryimage\",\"url\":\"https:\\\/\\\/www.eldiario.net\\\/portal\\\/wp-content\\\/uploads\\\/2023\\\/12\\\/Nacional.jpg\",\"contentUrl\":\"https:\\\/\\\/www.eldiario.net\\\/portal\\\/wp-content\\\/uploads\\\/2023\\\/12\\\/Nacional.jpg\",\"width\":800,\"height\":500},{\"@type\":\"BreadcrumbList\",\"@id\":\"https:\\\/\\\/www.eldiario.net\\\/portal\\\/2024\\\/06\\\/30\\\/bandera-pacena-ondeara-desde-el-lunes-en-plaza-murillo\\\/#breadcrumb\",\"itemListElement\":[{\"@type\":\"ListItem\",\"position\":1,\"name\":\"Portada\",\"item\":\"https:\\\/\\\/www.eldiario.net\\\/portal\\\/\"},{\"@type\":\"ListItem\",\"position\":2,\"name\":\"Bandera pace\u00f1a ondear\u00e1 desde el lunes en plaza Murillo\"}]},{\"@type\":\"WebSite\",\"@id\":\"https:\\\/\\\/www.eldiario.net\\\/portal\\\/#website\",\"url\":\"https:\\\/\\\/www.eldiario.net\\\/portal\\\/\",\"name\":\"El Diario - Decano de la prensa nacional\",\"description\":\"El Diario - Decano de la prensa nacional\",\"publisher\":{\"@id\":\"https:\\\/\\\/www.eldiario.net\\\/portal\\\/#organization\"},\"potentialAction\":[{\"@type\":\"SearchAction\",\"target\":{\"@type\":\"EntryPoint\",\"urlTemplate\":\"https:\\\/\\\/www.eldiario.net\\\/portal\\\/?s={search_term_string}\"},\"query-input\":{\"@type\":\"PropertyValueSpecification\",\"valueRequired\":true,\"valueName\":\"search_term_string\"}}],\"inLanguage\":\"es\"},{\"@type\":\"Organization\",\"@id\":\"https:\\\/\\\/www.eldiario.net\\\/portal\\\/#organization\",\"name\":\"El Diario - Decano de la prensa nacional\",\"url\":\"https:\\\/\\\/www.eldiario.net\\\/portal\\\/\",\"logo\":{\"@type\":\"ImageObject\",\"inLanguage\":\"es\",\"@id\":\"https:\\\/\\\/www.eldiario.net\\\/portal\\\/#\\\/schema\\\/logo\\\/image\\\/\",\"url\":\"https:\\\/\\\/www.eldiario.net\\\/portal\\\/wp-content\\\/uploads\\\/2023\\\/07\\\/logo_ED.jpg\",\"contentUrl\":\"https:\\\/\\\/www.eldiario.net\\\/portal\\\/wp-content\\\/uploads\\\/2023\\\/07\\\/logo_ED.jpg\",\"width\":272,\"height\":52,\"caption\":\"El Diario - Decano de la prensa nacional\"},\"image\":{\"@id\":\"https:\\\/\\\/www.eldiario.net\\\/portal\\\/#\\\/schema\\\/logo\\\/image\\\/\"},\"sameAs\":[\"https:\\\/\\\/www.facebook.com\\\/eldiario.bolivia\\\/\",\"https:\\\/\\\/x.com\\\/eldiario_net\"]},{\"@type\":\"Person\",\"@id\":\"https:\\\/\\\/www.eldiario.net\\\/portal\\\/#\\\/schema\\\/person\\\/f46445640444750d7d753ccd04ae01b7\",\"name\":\"Jeanette\",\"image\":{\"@type\":\"ImageObject\",\"inLanguage\":\"es\",\"@id\":\"https:\\\/\\\/secure.gravatar.com\\\/avatar\\\/3ea2118a5f7dad2b7138b1187a6b7ee55f160b9968b66013c3a3ef39dd7e5798?s=96&d=mm&r=g\",\"url\":\"https:\\\/\\\/secure.gravatar.com\\\/avatar\\\/3ea2118a5f7dad2b7138b1187a6b7ee55f160b9968b66013c3a3ef39dd7e5798?s=96&d=mm&r=g\",\"contentUrl\":\"https:\\\/\\\/secure.gravatar.com\\\/avatar\\\/3ea2118a5f7dad2b7138b1187a6b7ee55f160b9968b66013c3a3ef39dd7e5798?s=96&d=mm&r=g\",\"caption\":\"Jeanette\"},\"sameAs\":[\"https:\\\/\\\/www.eldiario.net\\\/portal\"],\"url\":\"https:\\\/\\\/www.eldiario.net\\\/portal\\\/author\\\/jeanette\\\/\"}]}<\/script>\n<!-- \/ Yoast SEO plugin. -->","yoast_head_json":{"title":"Bandera pace\u00f1a ondear\u00e1 desde el lunes en plaza Murillo - El Diario - Bolivia","robots":{"index":"index","follow":"follow","max-snippet":"max-snippet:-1","max-image-preview":"max-image-preview:large","max-video-preview":"max-video-preview:-1"},"canonical":"https:\/\/www.eldiario.net\/portal\/2024\/06\/30\/bandera-pacena-ondeara-desde-el-lunes-en-plaza-murillo\/","og_locale":"es_ES","og_type":"article","og_title":"Bandera pace\u00f1a ondear\u00e1 desde el lunes en plaza Murillo - El Diario - Bolivia","og_description":"Como parte de la agenda juliana, ma\u00f1ana a las 8:00 horas con la presencia de diferentes autoridades se realizar\u00e1 el alza de bandera en la plaza Murillo. Adem\u00e1s, se prev\u00e9 una \u00fanica Sesi\u00f3n de Honor por la Revoluci\u00f3n del 16 de Julio, como un \u201cmensaje de unidad y reconciliaci\u00f3n\u201d. \u201cIzaremos la bandera en la plaza [&hellip;]","og_url":"https:\/\/www.eldiario.net\/portal\/2024\/06\/30\/bandera-pacena-ondeara-desde-el-lunes-en-plaza-murillo\/","og_site_name":"El Diario - Bolivia","article_publisher":"https:\/\/www.facebook.com\/eldiario.bolivia\/","article_published_time":"2024-06-30T11:31:29+00:00","og_image":[{"width":800,"height":500,"url":"https:\/\/www.eldiario.net\/portal\/wp-content\/uploads\/2023\/12\/Nacional.jpg","type":"image\/jpeg"}],"author":"Jeanette","twitter_card":"summary_large_image","twitter_creator":"@eldiario_net","twitter_site":"@eldiario_net","twitter_misc":{"Escrito por":"Jeanette","Tiempo de lectura":"2 minutos"},"schema":{"@context":"https:\/\/schema.org","@graph":[{"@type":"Article","@id":"https:\/\/www.eldiario.net\/portal\/2024\/06\/30\/bandera-pacena-ondeara-desde-el-lunes-en-plaza-murillo\/#article","isPartOf":{"@id":"https:\/\/www.eldiario.net\/portal\/2024\/06\/30\/bandera-pacena-ondeara-desde-el-lunes-en-plaza-murillo\/"},"author":{"name":"Jeanette","@id":"https:\/\/www.eldiario.net\/portal\/#\/schema\/person\/f46445640444750d7d753ccd04ae01b7"},"headline":"Bandera pace\u00f1a ondear\u00e1 desde el lunes en plaza Murillo","datePublished":"2024-06-30T11:31:29+00:00","mainEntityOfPage":{"@id":"https:\/\/www.eldiario.net\/portal\/2024\/06\/30\/bandera-pacena-ondeara-desde-el-lunes-en-plaza-murillo\/"},"wordCount":229,"commentCount":0,"publisher":{"@id":"https:\/\/www.eldiario.net\/portal\/#organization"},"image":{"@id":"https:\/\/www.eldiario.net\/portal\/2024\/06\/30\/bandera-pacena-ondeara-desde-el-lunes-en-plaza-murillo\/#primaryimage"},"thumbnailUrl":"https:\/\/www.eldiario.net\/portal\/wp-content\/uploads\/2023\/12\/Nacional.jpg","articleSection":["Nacional"],"inLanguage":"es","potentialAction":[{"@type":"CommentAction","name":"Comment","target":["https:\/\/www.eldiario.net\/portal\/2024\/06\/30\/bandera-pacena-ondeara-desde-el-lunes-en-plaza-murillo\/#respond"]}]},{"@type":"WebPage","@id":"https:\/\/www.eldiario.net\/portal\/2024\/06\/30\/bandera-pacena-ondeara-desde-el-lunes-en-plaza-murillo\/","url":"https:\/\/www.eldiario.net\/portal\/2024\/06\/30\/bandera-pacena-ondeara-desde-el-lunes-en-plaza-murillo\/","name":"Bandera pace\u00f1a ondear\u00e1 desde el lunes en plaza Murillo - El Diario - Bolivia","isPartOf":{"@id":"https:\/\/www.eldiario.net\/portal\/#website"},"primaryImageOfPage":{"@id":"https:\/\/www.eldiario.net\/portal\/2024\/06\/30\/bandera-pacena-ondeara-desde-el-lunes-en-plaza-murillo\/#primaryimage"},"image":{"@id":"https:\/\/www.eldiario.net\/portal\/2024\/06\/30\/bandera-pacena-ondeara-desde-el-lunes-en-plaza-murillo\/#primaryimage"},"thumbnailUrl":"https:\/\/www.eldiario.net\/portal\/wp-content\/uploads\/2023\/12\/Nacional.jpg","datePublished":"2024-06-30T11:31:29+00:00","breadcrumb":{"@id":"https:\/\/www.eldiario.net\/portal\/2024\/06\/30\/bandera-pacena-ondeara-desde-el-lunes-en-plaza-murillo\/#breadcrumb"},"inLanguage":"es","potentialAction":[{"@type":"ReadAction","target":["https:\/\/www.eldiario.net\/portal\/2024\/06\/30\/bandera-pacena-ondeara-desde-el-lunes-en-plaza-murillo\/"]}]},{"@type":"ImageObject","inLanguage":"es","@id":"https:\/\/www.eldiario.net\/portal\/2024\/06\/30\/bandera-pacena-ondeara-desde-el-lunes-en-plaza-murillo\/#primaryimage","url":"https:\/\/www.eldiario.net\/portal\/wp-content\/uploads\/2023\/12\/Nacional.jpg","contentUrl":"https:\/\/www.eldiario.net\/portal\/wp-content\/uploads\/2023\/12\/Nacional.jpg","width":800,"height":500},{"@type":"BreadcrumbList","@id":"https:\/\/www.eldiario.net\/portal\/2024\/06\/30\/bandera-pacena-ondeara-desde-el-lunes-en-plaza-murillo\/#breadcrumb","itemListElement":[{"@type":"ListItem","position":1,"name":"Portada","item":"https:\/\/www.eldiario.net\/portal\/"},{"@type":"ListItem","position":2,"name":"Bandera pace\u00f1a ondear\u00e1 desde el lunes en plaza Murillo"}]},{"@type":"WebSite","@id":"https:\/\/www.eldiario.net\/portal\/#website","url":"https:\/\/www.eldiario.net\/portal\/","name":"El Diario - Decano de la prensa nacional","description":"El Diario - Decano de la prensa nacional","publisher":{"@id":"https:\/\/www.eldiario.net\/portal\/#organization"},"potentialAction":[{"@type":"SearchAction","target":{"@type":"EntryPoint","urlTemplate":"https:\/\/www.eldiario.net\/portal\/?s={search_term_string}"},"query-input":{"@type":"PropertyValueSpecification","valueRequired":true,"valueName":"search_term_string"}}],"inLanguage":"es"},{"@type":"Organization","@id":"https:\/\/www.eldiario.net\/portal\/#organization","name":"El Diario - Decano de la prensa nacional","url":"https:\/\/www.eldiario.net\/portal\/","logo":{"@type":"ImageObject","inLanguage":"es","@id":"https:\/\/www.eldiario.net\/portal\/#\/schema\/logo\/image\/","url":"https:\/\/www.eldiario.net\/portal\/wp-content\/uploads\/2023\/07\/logo_ED.jpg","contentUrl":"https:\/\/www.eldiario.net\/portal\/wp-content\/uploads\/2023\/07\/logo_ED.jpg","width":272,"height":52,"caption":"El Diario - Decano de la prensa nacional"},"image":{"@id":"https:\/\/www.eldiario.net\/portal\/#\/schema\/logo\/image\/"},"sameAs":["https:\/\/www.facebook.com\/eldiario.bolivia\/","https:\/\/x.com\/eldiario_net"]},{"@type":"Person","@id":"https:\/\/www.eldiario.net\/portal\/#\/schema\/person\/f46445640444750d7d753ccd04ae01b7","name":"Jeanette","image":{"@type":"ImageObject","inLanguage":"es","@id":"https:\/\/secure.gravatar.com\/avatar\/3ea2118a5f7dad2b7138b1187a6b7ee55f160b9968b66013c3a3ef39dd7e5798?s=96&d=mm&r=g","url":"https:\/\/secure.gravatar.com\/avatar\/3ea2118a5f7dad2b7138b1187a6b7ee55f160b9968b66013c3a3ef39dd7e5798?s=96&d=mm&r=g","contentUrl":"https:\/\/secure.gravatar.com\/avatar\/3ea2118a5f7dad2b7138b1187a6b7ee55f160b9968b66013c3a3ef39dd7e5798?s=96&d=mm&r=g","caption":"Jeanette"},"sameAs":["https:\/\/www.eldiario.net\/portal"],"url":"https:\/\/www.eldiario.net\/portal\/author\/jeanette\/"}]}},"_links":{"self":[{"href":"https:\/\/www.eldiario.net\/portal\/wp-json\/wp\/v2\/posts\/230773","targetHints":{"allow":["GET"]}}],"collection":[{"href":"https:\/\/www.eldiario.net\/portal\/wp-json\/wp\/v2\/posts"}],"about":[{"href":"https:\/\/www.eldiario.net\/portal\/wp-json\/wp\/v2\/types\/post"}],"author":[{"embeddable":true,"href":"https:\/\/www.eldiario.net\/portal\/wp-json\/wp\/v2\/users\/1"}],"replies":[{"embeddable":true,"href":"https:\/\/www.eldiario.net\/portal\/wp-json\/wp\/v2\/comments?post=230773"}],"version-history":[{"count":1,"href":"https:\/\/www.eldiario.net\/portal\/wp-json\/wp\/v2\/posts\/230773\/revisions"}],"predecessor-version":[{"id":230774,"href":"https:\/\/www.eldiario.net\/portal\/wp-json\/wp\/v2\/posts\/230773\/revisions\/230774"}],"wp:featuredmedia":[{"embeddable":true,"href":"https:\/\/www.eldiario.net\/portal\/wp-json\/wp\/v2\/media\/194726"}],"wp:attachment":[{"href":"https:\/\/www.eldiario.net\/portal\/wp-json\/wp\/v2\/media?parent=230773"}],"wp:term":[{"taxonomy":"category","embeddable":true,"href":"https:\/\/www.eldiario.net\/portal\/wp-json\/wp\/v2\/categories?post=230773"},{"taxonomy":"post_tag","embeddable":true,"href":"https:\/\/www.eldiario.net\/portal\/wp-json\/wp\/v2\/tags?post=230773"}],"curies":[{"name":"wp","href":"https:\/\/api.w.org\/{rel}","templated":true}]}}