{"id":230767,"date":"2024-06-30T07:29:42","date_gmt":"2024-06-30T11:29:42","guid":{"rendered":"https:\/\/www.eldiario.net\/portal\/?p=230767"},"modified":"2024-06-30T07:29:42","modified_gmt":"2024-06-30T11:29:42","slug":"zuniga-es-trasladado-de-chonchocoro-a-el-abra","status":"publish","type":"post","link":"https:\/\/www.eldiario.net\/portal\/2024\/06\/30\/zuniga-es-trasladado-de-chonchocoro-a-el-abra\/","title":{"rendered":"Z\u00fa\u00f1iga es trasladado de Chonchocoro a El Abra"},"content":{"rendered":"<p>Luego de que el excomandante del Ej\u00e9rcito, Juan Jos\u00e9 Z\u00fa\u00f1iga, llegara al penal de Chonchocoro, fue sorpresivamente trasladado al penal de El Abra, en Cochabamba, donde cumplir\u00e1 seis meses de detenci\u00f3n preventiva tras ser imputado por terrorismo y alzamiento armado; antes de ser encerrado, Z\u00fa\u00f1iga ratific\u00f3 la inocencia de los aprehendidos y sostuvo que en \u201calg\u00fan momento se sabr\u00e1 la verdad hist\u00f3rica\u201d.<br \/>\nEl director de R\u00e9gimen Penitenciario, Juan Carlos Limpias, inform\u00f3 a Unitel que Z\u00fa\u00f1iga iniciaba el proceso de filiaci\u00f3n en Chonchocoro, donde lleg\u00f3 ayer a las 14:30 para ser localizado en un sector de aislamiento temporal y que tambi\u00e9n se iba a someter a un examen m\u00e9dico.<br \/>\nSin embargo, se comunic\u00f3 su repentino traslado al penal cochabambino de El Abra, alrededor de las seis de la tarde. Preliminarmente se presume que es por precautelar su seguridad, debido a los \u00faltimos hechos de violencia ocurridos en el penal donde tambi\u00e9n est\u00e1 recluido el gobernador cruce\u00f1o, Luis Fernando Camacho, y el acusado de triple asesinato, Misael Nallar, quien recientemente fue se\u00f1alado de organizar una gresca de reclusos en el sector B del penal, donde un par de autoridades policiales resultaron agredidas.<br \/>\n\u201c(Estoy) con mucha fortaleza para enfrentar las vicisitudes de la vida (\u2026). Alg\u00fan momento se va a saber la verdad hist\u00f3rica, hay gente inocente\u201d, se\u00f1al\u00f3 el privado de libertad a su salida de celdas de la Fuerza Especial de Lucha Contra el Crimen (Felcc) en La Paz, rumbo al penal de m\u00e1xima seguridad de Chonchocoro, donde lleg\u00f3 ayer en horas de la tarde en medio de un fuerte resguardo policial y gran cobertura medi\u00e1tica.<br \/>\nAyer se difundi\u00f3 el fragmento de una entrevista del coronel en reserva Mario Almeida, a un canal de televisi\u00f3n local, donde el militar denuncia que el presidente del Estado, Luis Arce Catacora, es cu\u00f1ado del excomandante Z\u00fa\u00f1iga, en tanto la esposa del jefe de Estado ser\u00eda hermana de la mujer del \u201cgolpista\u201d. \u201cZ\u00fa\u00f1iga es el cu\u00f1ado de Arce Catacora, la mujer de Arce es hermana de la mujer de Z\u00fa\u00f1iga (\u2026). Las mujeres de ambos son hermanas\u201d, acus\u00f3 el coronel.<\/p>\n","protected":false},"excerpt":{"rendered":"<p>Luego de que el excomandante del Ej\u00e9rcito, Juan Jos\u00e9 Z\u00fa\u00f1iga, llegara al penal de Chonchocoro, fue sorpresivamente trasladado al penal de El Abra, en Cochabamba, donde cumplir\u00e1 seis meses de detenci\u00f3n preventiva tras ser imputado por terrorismo y alzamiento armado; antes de ser encerrado, Z\u00fa\u00f1iga ratific\u00f3 la inocencia de los aprehendidos y sostuvo que en [&hellip;]<\/p>\n","protected":false},"author":1,"featured_media":230768,"comment_status":"open","ping_status":"open","sticky":false,"template":"","format":"standard","meta":{"_acf_changed":false,"footnotes":""},"categories":[39],"tags":[],"class_list":["post-230767","post","type-post","status-publish","format-standard","has-post-thumbnail","category-sociedad"],"acf":{"antetitulo":"S\u00fabito cambio de recinto"},"yoast_head":"<!-- This site is optimized with the Yoast SEO plugin v28.4 - https:\/\/yoast.com\/product\/yoast-seo-wordpress\/ -->\n<title>Z\u00fa\u00f1iga es trasladado de Chonchocoro a El Abra - El Diario - Bolivia<\/title>\n<meta name=\"robots\" content=\"index, follow, max-snippet:-1, max-image-preview:large, max-video-preview:-1\" \/>\n<link rel=\"canonical\" href=\"https:\/\/www.eldiario.net\/portal\/2024\/06\/30\/zuniga-es-trasladado-de-chonchocoro-a-el-abra\/\" \/>\n<meta property=\"og:locale\" content=\"es_ES\" \/>\n<meta property=\"og:type\" content=\"article\" \/>\n<meta property=\"og:title\" content=\"Z\u00fa\u00f1iga es trasladado de Chonchocoro a El Abra - El Diario - Bolivia\" \/>\n<meta property=\"og:description\" content=\"Luego de que el excomandante del Ej\u00e9rcito, Juan Jos\u00e9 Z\u00fa\u00f1iga, llegara al penal de Chonchocoro, fue sorpresivamente trasladado al penal de El Abra, en Cochabamba, donde cumplir\u00e1 seis meses de detenci\u00f3n preventiva tras ser imputado por terrorismo y alzamiento armado; antes de ser encerrado, Z\u00fa\u00f1iga ratific\u00f3 la inocencia de los aprehendidos y sostuvo que en [&hellip;]\" \/>\n<meta property=\"og:url\" content=\"https:\/\/www.eldiario.net\/portal\/2024\/06\/30\/zuniga-es-trasladado-de-chonchocoro-a-el-abra\/\" \/>\n<meta property=\"og:site_name\" content=\"El Diario - Bolivia\" \/>\n<meta property=\"article:publisher\" content=\"https:\/\/www.facebook.com\/eldiario.bolivia\/\" \/>\n<meta property=\"article:published_time\" content=\"2024-06-30T11:29:42+00:00\" \/>\n<meta property=\"og:image\" content=\"https:\/\/www.eldiario.net\/portal\/wp-content\/uploads\/2024\/06\/30-ZUN.jpeg\" \/>\n\t<meta property=\"og:image:width\" content=\"1053\" \/>\n\t<meta property=\"og:image:height\" content=\"702\" \/>\n\t<meta property=\"og:image:type\" content=\"image\/jpeg\" \/>\n<meta name=\"author\" content=\"Jeanette\" \/>\n<meta name=\"twitter:card\" content=\"summary_large_image\" \/>\n<meta name=\"twitter:creator\" content=\"@eldiario_net\" \/>\n<meta name=\"twitter:site\" content=\"@eldiario_net\" \/>\n<meta name=\"twitter:label1\" content=\"Escrito por\" \/>\n\t<meta name=\"twitter:data1\" content=\"Jeanette\" \/>\n\t<meta name=\"twitter:label2\" content=\"Tiempo de lectura\" \/>\n\t<meta name=\"twitter:data2\" content=\"2 minutos\" \/>\n<script type=\"application\/ld+json\" class=\"yoast-schema-graph\">{\"@context\":\"https:\\\/\\\/schema.org\",\"@graph\":[{\"@type\":\"Article\",\"@id\":\"https:\\\/\\\/www.eldiario.net\\\/portal\\\/2024\\\/06\\\/30\\\/zuniga-es-trasladado-de-chonchocoro-a-el-abra\\\/#article\",\"isPartOf\":{\"@id\":\"https:\\\/\\\/www.eldiario.net\\\/portal\\\/2024\\\/06\\\/30\\\/zuniga-es-trasladado-de-chonchocoro-a-el-abra\\\/\"},\"author\":{\"name\":\"Jeanette\",\"@id\":\"https:\\\/\\\/www.eldiario.net\\\/portal\\\/#\\\/schema\\\/person\\\/f46445640444750d7d753ccd04ae01b7\"},\"headline\":\"Z\u00fa\u00f1iga es trasladado de Chonchocoro a El Abra\",\"datePublished\":\"2024-06-30T11:29:42+00:00\",\"mainEntityOfPage\":{\"@id\":\"https:\\\/\\\/www.eldiario.net\\\/portal\\\/2024\\\/06\\\/30\\\/zuniga-es-trasladado-de-chonchocoro-a-el-abra\\\/\"},\"wordCount\":376,\"commentCount\":0,\"publisher\":{\"@id\":\"https:\\\/\\\/www.eldiario.net\\\/portal\\\/#organization\"},\"image\":{\"@id\":\"https:\\\/\\\/www.eldiario.net\\\/portal\\\/2024\\\/06\\\/30\\\/zuniga-es-trasladado-de-chonchocoro-a-el-abra\\\/#primaryimage\"},\"thumbnailUrl\":\"https:\\\/\\\/www.eldiario.net\\\/portal\\\/wp-content\\\/uploads\\\/2024\\\/06\\\/30-ZUN.jpeg\",\"articleSection\":[\"Sociedad - Seguridad\"],\"inLanguage\":\"es\",\"potentialAction\":[{\"@type\":\"CommentAction\",\"name\":\"Comment\",\"target\":[\"https:\\\/\\\/www.eldiario.net\\\/portal\\\/2024\\\/06\\\/30\\\/zuniga-es-trasladado-de-chonchocoro-a-el-abra\\\/#respond\"]}]},{\"@type\":\"WebPage\",\"@id\":\"https:\\\/\\\/www.eldiario.net\\\/portal\\\/2024\\\/06\\\/30\\\/zuniga-es-trasladado-de-chonchocoro-a-el-abra\\\/\",\"url\":\"https:\\\/\\\/www.eldiario.net\\\/portal\\\/2024\\\/06\\\/30\\\/zuniga-es-trasladado-de-chonchocoro-a-el-abra\\\/\",\"name\":\"Z\u00fa\u00f1iga es trasladado de Chonchocoro a El Abra - El Diario - Bolivia\",\"isPartOf\":{\"@id\":\"https:\\\/\\\/www.eldiario.net\\\/portal\\\/#website\"},\"primaryImageOfPage\":{\"@id\":\"https:\\\/\\\/www.eldiario.net\\\/portal\\\/2024\\\/06\\\/30\\\/zuniga-es-trasladado-de-chonchocoro-a-el-abra\\\/#primaryimage\"},\"image\":{\"@id\":\"https:\\\/\\\/www.eldiario.net\\\/portal\\\/2024\\\/06\\\/30\\\/zuniga-es-trasladado-de-chonchocoro-a-el-abra\\\/#primaryimage\"},\"thumbnailUrl\":\"https:\\\/\\\/www.eldiario.net\\\/portal\\\/wp-content\\\/uploads\\\/2024\\\/06\\\/30-ZUN.jpeg\",\"datePublished\":\"2024-06-30T11:29:42+00:00\",\"breadcrumb\":{\"@id\":\"https:\\\/\\\/www.eldiario.net\\\/portal\\\/2024\\\/06\\\/30\\\/zuniga-es-trasladado-de-chonchocoro-a-el-abra\\\/#breadcrumb\"},\"inLanguage\":\"es\",\"potentialAction\":[{\"@type\":\"ReadAction\",\"target\":[\"https:\\\/\\\/www.eldiario.net\\\/portal\\\/2024\\\/06\\\/30\\\/zuniga-es-trasladado-de-chonchocoro-a-el-abra\\\/\"]}]},{\"@type\":\"ImageObject\",\"inLanguage\":\"es\",\"@id\":\"https:\\\/\\\/www.eldiario.net\\\/portal\\\/2024\\\/06\\\/30\\\/zuniga-es-trasladado-de-chonchocoro-a-el-abra\\\/#primaryimage\",\"url\":\"https:\\\/\\\/www.eldiario.net\\\/portal\\\/wp-content\\\/uploads\\\/2024\\\/06\\\/30-ZUN.jpeg\",\"contentUrl\":\"https:\\\/\\\/www.eldiario.net\\\/portal\\\/wp-content\\\/uploads\\\/2024\\\/06\\\/30-ZUN.jpeg\",\"width\":1053,\"height\":702,\"caption\":\"Z\u00fa\u00f1iga dio breves declaraciones al salir de las celdas de la Felcc, ayer.\"},{\"@type\":\"BreadcrumbList\",\"@id\":\"https:\\\/\\\/www.eldiario.net\\\/portal\\\/2024\\\/06\\\/30\\\/zuniga-es-trasladado-de-chonchocoro-a-el-abra\\\/#breadcrumb\",\"itemListElement\":[{\"@type\":\"ListItem\",\"position\":1,\"name\":\"Portada\",\"item\":\"https:\\\/\\\/www.eldiario.net\\\/portal\\\/\"},{\"@type\":\"ListItem\",\"position\":2,\"name\":\"Z\u00fa\u00f1iga es trasladado de Chonchocoro a El Abra\"}]},{\"@type\":\"WebSite\",\"@id\":\"https:\\\/\\\/www.eldiario.net\\\/portal\\\/#website\",\"url\":\"https:\\\/\\\/www.eldiario.net\\\/portal\\\/\",\"name\":\"El Diario - Decano de la prensa nacional\",\"description\":\"El Diario - Decano de la prensa nacional\",\"publisher\":{\"@id\":\"https:\\\/\\\/www.eldiario.net\\\/portal\\\/#organization\"},\"potentialAction\":[{\"@type\":\"SearchAction\",\"target\":{\"@type\":\"EntryPoint\",\"urlTemplate\":\"https:\\\/\\\/www.eldiario.net\\\/portal\\\/?s={search_term_string}\"},\"query-input\":{\"@type\":\"PropertyValueSpecification\",\"valueRequired\":true,\"valueName\":\"search_term_string\"}}],\"inLanguage\":\"es\"},{\"@type\":\"Organization\",\"@id\":\"https:\\\/\\\/www.eldiario.net\\\/portal\\\/#organization\",\"name\":\"El Diario - Decano de la prensa nacional\",\"url\":\"https:\\\/\\\/www.eldiario.net\\\/portal\\\/\",\"logo\":{\"@type\":\"ImageObject\",\"inLanguage\":\"es\",\"@id\":\"https:\\\/\\\/www.eldiario.net\\\/portal\\\/#\\\/schema\\\/logo\\\/image\\\/\",\"url\":\"https:\\\/\\\/www.eldiario.net\\\/portal\\\/wp-content\\\/uploads\\\/2023\\\/07\\\/logo_ED.jpg\",\"contentUrl\":\"https:\\\/\\\/www.eldiario.net\\\/portal\\\/wp-content\\\/uploads\\\/2023\\\/07\\\/logo_ED.jpg\",\"width\":272,\"height\":52,\"caption\":\"El Diario - Decano de la prensa nacional\"},\"image\":{\"@id\":\"https:\\\/\\\/www.eldiario.net\\\/portal\\\/#\\\/schema\\\/logo\\\/image\\\/\"},\"sameAs\":[\"https:\\\/\\\/www.facebook.com\\\/eldiario.bolivia\\\/\",\"https:\\\/\\\/x.com\\\/eldiario_net\"]},{\"@type\":\"Person\",\"@id\":\"https:\\\/\\\/www.eldiario.net\\\/portal\\\/#\\\/schema\\\/person\\\/f46445640444750d7d753ccd04ae01b7\",\"name\":\"Jeanette\",\"image\":{\"@type\":\"ImageObject\",\"inLanguage\":\"es\",\"@id\":\"https:\\\/\\\/secure.gravatar.com\\\/avatar\\\/3ea2118a5f7dad2b7138b1187a6b7ee55f160b9968b66013c3a3ef39dd7e5798?s=96&d=mm&r=g\",\"url\":\"https:\\\/\\\/secure.gravatar.com\\\/avatar\\\/3ea2118a5f7dad2b7138b1187a6b7ee55f160b9968b66013c3a3ef39dd7e5798?s=96&d=mm&r=g\",\"contentUrl\":\"https:\\\/\\\/secure.gravatar.com\\\/avatar\\\/3ea2118a5f7dad2b7138b1187a6b7ee55f160b9968b66013c3a3ef39dd7e5798?s=96&d=mm&r=g\",\"caption\":\"Jeanette\"},\"sameAs\":[\"https:\\\/\\\/www.eldiario.net\\\/portal\"],\"url\":\"https:\\\/\\\/www.eldiario.net\\\/portal\\\/author\\\/jeanette\\\/\"}]}<\/script>\n<!-- \/ Yoast SEO plugin. -->","yoast_head_json":{"title":"Z\u00fa\u00f1iga es trasladado de Chonchocoro a El Abra - El Diario - Bolivia","robots":{"index":"index","follow":"follow","max-snippet":"max-snippet:-1","max-image-preview":"max-image-preview:large","max-video-preview":"max-video-preview:-1"},"canonical":"https:\/\/www.eldiario.net\/portal\/2024\/06\/30\/zuniga-es-trasladado-de-chonchocoro-a-el-abra\/","og_locale":"es_ES","og_type":"article","og_title":"Z\u00fa\u00f1iga es trasladado de Chonchocoro a El Abra - El Diario - Bolivia","og_description":"Luego de que el excomandante del Ej\u00e9rcito, Juan Jos\u00e9 Z\u00fa\u00f1iga, llegara al penal de Chonchocoro, fue sorpresivamente trasladado al penal de El Abra, en Cochabamba, donde cumplir\u00e1 seis meses de detenci\u00f3n preventiva tras ser imputado por terrorismo y alzamiento armado; antes de ser encerrado, Z\u00fa\u00f1iga ratific\u00f3 la inocencia de los aprehendidos y sostuvo que en [&hellip;]","og_url":"https:\/\/www.eldiario.net\/portal\/2024\/06\/30\/zuniga-es-trasladado-de-chonchocoro-a-el-abra\/","og_site_name":"El Diario - Bolivia","article_publisher":"https:\/\/www.facebook.com\/eldiario.bolivia\/","article_published_time":"2024-06-30T11:29:42+00:00","og_image":[{"width":1053,"height":702,"url":"https:\/\/www.eldiario.net\/portal\/wp-content\/uploads\/2024\/06\/30-ZUN.jpeg","type":"image\/jpeg"}],"author":"Jeanette","twitter_card":"summary_large_image","twitter_creator":"@eldiario_net","twitter_site":"@eldiario_net","twitter_misc":{"Escrito por":"Jeanette","Tiempo de lectura":"2 minutos"},"schema":{"@context":"https:\/\/schema.org","@graph":[{"@type":"Article","@id":"https:\/\/www.eldiario.net\/portal\/2024\/06\/30\/zuniga-es-trasladado-de-chonchocoro-a-el-abra\/#article","isPartOf":{"@id":"https:\/\/www.eldiario.net\/portal\/2024\/06\/30\/zuniga-es-trasladado-de-chonchocoro-a-el-abra\/"},"author":{"name":"Jeanette","@id":"https:\/\/www.eldiario.net\/portal\/#\/schema\/person\/f46445640444750d7d753ccd04ae01b7"},"headline":"Z\u00fa\u00f1iga es trasladado de Chonchocoro a El Abra","datePublished":"2024-06-30T11:29:42+00:00","mainEntityOfPage":{"@id":"https:\/\/www.eldiario.net\/portal\/2024\/06\/30\/zuniga-es-trasladado-de-chonchocoro-a-el-abra\/"},"wordCount":376,"commentCount":0,"publisher":{"@id":"https:\/\/www.eldiario.net\/portal\/#organization"},"image":{"@id":"https:\/\/www.eldiario.net\/portal\/2024\/06\/30\/zuniga-es-trasladado-de-chonchocoro-a-el-abra\/#primaryimage"},"thumbnailUrl":"https:\/\/www.eldiario.net\/portal\/wp-content\/uploads\/2024\/06\/30-ZUN.jpeg","articleSection":["Sociedad - Seguridad"],"inLanguage":"es","potentialAction":[{"@type":"CommentAction","name":"Comment","target":["https:\/\/www.eldiario.net\/portal\/2024\/06\/30\/zuniga-es-trasladado-de-chonchocoro-a-el-abra\/#respond"]}]},{"@type":"WebPage","@id":"https:\/\/www.eldiario.net\/portal\/2024\/06\/30\/zuniga-es-trasladado-de-chonchocoro-a-el-abra\/","url":"https:\/\/www.eldiario.net\/portal\/2024\/06\/30\/zuniga-es-trasladado-de-chonchocoro-a-el-abra\/","name":"Z\u00fa\u00f1iga es trasladado de Chonchocoro a El Abra - El Diario - Bolivia","isPartOf":{"@id":"https:\/\/www.eldiario.net\/portal\/#website"},"primaryImageOfPage":{"@id":"https:\/\/www.eldiario.net\/portal\/2024\/06\/30\/zuniga-es-trasladado-de-chonchocoro-a-el-abra\/#primaryimage"},"image":{"@id":"https:\/\/www.eldiario.net\/portal\/2024\/06\/30\/zuniga-es-trasladado-de-chonchocoro-a-el-abra\/#primaryimage"},"thumbnailUrl":"https:\/\/www.eldiario.net\/portal\/wp-content\/uploads\/2024\/06\/30-ZUN.jpeg","datePublished":"2024-06-30T11:29:42+00:00","breadcrumb":{"@id":"https:\/\/www.eldiario.net\/portal\/2024\/06\/30\/zuniga-es-trasladado-de-chonchocoro-a-el-abra\/#breadcrumb"},"inLanguage":"es","potentialAction":[{"@type":"ReadAction","target":["https:\/\/www.eldiario.net\/portal\/2024\/06\/30\/zuniga-es-trasladado-de-chonchocoro-a-el-abra\/"]}]},{"@type":"ImageObject","inLanguage":"es","@id":"https:\/\/www.eldiario.net\/portal\/2024\/06\/30\/zuniga-es-trasladado-de-chonchocoro-a-el-abra\/#primaryimage","url":"https:\/\/www.eldiario.net\/portal\/wp-content\/uploads\/2024\/06\/30-ZUN.jpeg","contentUrl":"https:\/\/www.eldiario.net\/portal\/wp-content\/uploads\/2024\/06\/30-ZUN.jpeg","width":1053,"height":702,"caption":"Z\u00fa\u00f1iga dio breves declaraciones al salir de las celdas de la Felcc, ayer."},{"@type":"BreadcrumbList","@id":"https:\/\/www.eldiario.net\/portal\/2024\/06\/30\/zuniga-es-trasladado-de-chonchocoro-a-el-abra\/#breadcrumb","itemListElement":[{"@type":"ListItem","position":1,"name":"Portada","item":"https:\/\/www.eldiario.net\/portal\/"},{"@type":"ListItem","position":2,"name":"Z\u00fa\u00f1iga es trasladado de Chonchocoro a El Abra"}]},{"@type":"WebSite","@id":"https:\/\/www.eldiario.net\/portal\/#website","url":"https:\/\/www.eldiario.net\/portal\/","name":"El Diario - Decano de la prensa nacional","description":"El Diario - Decano de la prensa nacional","publisher":{"@id":"https:\/\/www.eldiario.net\/portal\/#organization"},"potentialAction":[{"@type":"SearchAction","target":{"@type":"EntryPoint","urlTemplate":"https:\/\/www.eldiario.net\/portal\/?s={search_term_string}"},"query-input":{"@type":"PropertyValueSpecification","valueRequired":true,"valueName":"search_term_string"}}],"inLanguage":"es"},{"@type":"Organization","@id":"https:\/\/www.eldiario.net\/portal\/#organization","name":"El Diario - Decano de la prensa nacional","url":"https:\/\/www.eldiario.net\/portal\/","logo":{"@type":"ImageObject","inLanguage":"es","@id":"https:\/\/www.eldiario.net\/portal\/#\/schema\/logo\/image\/","url":"https:\/\/www.eldiario.net\/portal\/wp-content\/uploads\/2023\/07\/logo_ED.jpg","contentUrl":"https:\/\/www.eldiario.net\/portal\/wp-content\/uploads\/2023\/07\/logo_ED.jpg","width":272,"height":52,"caption":"El Diario - Decano de la prensa nacional"},"image":{"@id":"https:\/\/www.eldiario.net\/portal\/#\/schema\/logo\/image\/"},"sameAs":["https:\/\/www.facebook.com\/eldiario.bolivia\/","https:\/\/x.com\/eldiario_net"]},{"@type":"Person","@id":"https:\/\/www.eldiario.net\/portal\/#\/schema\/person\/f46445640444750d7d753ccd04ae01b7","name":"Jeanette","image":{"@type":"ImageObject","inLanguage":"es","@id":"https:\/\/secure.gravatar.com\/avatar\/3ea2118a5f7dad2b7138b1187a6b7ee55f160b9968b66013c3a3ef39dd7e5798?s=96&d=mm&r=g","url":"https:\/\/secure.gravatar.com\/avatar\/3ea2118a5f7dad2b7138b1187a6b7ee55f160b9968b66013c3a3ef39dd7e5798?s=96&d=mm&r=g","contentUrl":"https:\/\/secure.gravatar.com\/avatar\/3ea2118a5f7dad2b7138b1187a6b7ee55f160b9968b66013c3a3ef39dd7e5798?s=96&d=mm&r=g","caption":"Jeanette"},"sameAs":["https:\/\/www.eldiario.net\/portal"],"url":"https:\/\/www.eldiario.net\/portal\/author\/jeanette\/"}]}},"_links":{"self":[{"href":"https:\/\/www.eldiario.net\/portal\/wp-json\/wp\/v2\/posts\/230767","targetHints":{"allow":["GET"]}}],"collection":[{"href":"https:\/\/www.eldiario.net\/portal\/wp-json\/wp\/v2\/posts"}],"about":[{"href":"https:\/\/www.eldiario.net\/portal\/wp-json\/wp\/v2\/types\/post"}],"author":[{"embeddable":true,"href":"https:\/\/www.eldiario.net\/portal\/wp-json\/wp\/v2\/users\/1"}],"replies":[{"embeddable":true,"href":"https:\/\/www.eldiario.net\/portal\/wp-json\/wp\/v2\/comments?post=230767"}],"version-history":[{"count":1,"href":"https:\/\/www.eldiario.net\/portal\/wp-json\/wp\/v2\/posts\/230767\/revisions"}],"predecessor-version":[{"id":230769,"href":"https:\/\/www.eldiario.net\/portal\/wp-json\/wp\/v2\/posts\/230767\/revisions\/230769"}],"wp:featuredmedia":[{"embeddable":true,"href":"https:\/\/www.eldiario.net\/portal\/wp-json\/wp\/v2\/media\/230768"}],"wp:attachment":[{"href":"https:\/\/www.eldiario.net\/portal\/wp-json\/wp\/v2\/media?parent=230767"}],"wp:term":[{"taxonomy":"category","embeddable":true,"href":"https:\/\/www.eldiario.net\/portal\/wp-json\/wp\/v2\/categories?post=230767"},{"taxonomy":"post_tag","embeddable":true,"href":"https:\/\/www.eldiario.net\/portal\/wp-json\/wp\/v2\/tags?post=230767"}],"curies":[{"name":"wp","href":"https:\/\/api.w.org\/{rel}","templated":true}]}}