{"id":230764,"date":"2024-06-30T07:29:05","date_gmt":"2024-06-30T11:29:05","guid":{"rendered":"https:\/\/www.eldiario.net\/portal\/?p=230764"},"modified":"2024-06-30T07:29:05","modified_gmt":"2024-06-30T11:29:05","slug":"gerente-de-emavias-acusado-de-violencia-fisica-y-psicologica","status":"publish","type":"post","link":"https:\/\/www.eldiario.net\/portal\/2024\/06\/30\/gerente-de-emavias-acusado-de-violencia-fisica-y-psicologica\/","title":{"rendered":"Gerente de Emav\u00edas acusado de violencia f\u00edsica y psicol\u00f3gica"},"content":{"rendered":"<p>El gerente de la Empresa Municipal de Asfaltos y V\u00edas (Emav\u00edas), Daniel Centeno, fue acusado por su expareja por violencia f\u00edsica y psicol\u00f3gica durante m\u00e1s de un a\u00f1o; la mujer adjunt\u00f3 im\u00e1genes de su rostro desfigurado, marcas de los golpes en su cuerpo y capturas de conversaciones donde es amenazada.<br \/>\n\u201cHago p\u00fablico el infierno que viv\u00ed. Hace un a\u00f1o, por manipulaci\u00f3n y desconfianza, acced\u00ed a ir a vivir a La Paz con \u00e9l y terminar mi proyecto de grado. Desde el primer d\u00eda en su casa, \u00e9l me hizo sentir insuficiente y empez\u00f3 a golpearme, culp\u00e1ndome a m\u00ed por los golpes. Cada vez que intentaba pedir ayuda, \u00e9l me amenazaba con matarme\u201d, denunci\u00f3 Navarro en redes sociales.<br \/>\nLa mujer inform\u00f3 que present\u00f3 una denuncia ante la Fiscal\u00eda el 14 de mayo pero que el proceso no avanza, por lo que pidi\u00f3 ayuda para que su denuncia se haga p\u00fablica y se haga justicia. El portal noticioso Br\u00fajula Digital declar\u00f3 intentar comunicarse con el denunciado en varias oportunidades, por llamadas y mensajes, todas sin \u00e9xito.<br \/>\nTambi\u00e9n detall\u00f3 que el sujeto le propinaba golpes en la cabeza con intenci\u00f3n de matarla y que incluso amenazaba con hacerlo si ella hablaba. \u201cTengo dos cicatrices en la cara: una porque cuando me golpe\u00f3 me ahorc\u00f3 y al tirarme de un golpe al piso me abri\u00f3 la cabeza del lado izquierdo\u201d.<br \/>\nLa directora de G\u00e9nero Generacional de la Alcald\u00eda de Cochabamba, Tatiana Herrera, agreg\u00f3 que Centeno sol\u00eda mantener encerrada a su pareja y la amenazaba con implicar a su familia en delitos si ella lo denunciaba. \u201cEste sujeto durante un a\u00f1o la somete, la golpea. Existen todas las pruebas y fotograf\u00edas de absolutamente todo lo que \u00e9l mismo le ha hecho\u201d, indic\u00f3 a la prensa.<br \/>\nNavarro se traslad\u00f3 a Cochabamba por motivos acad\u00e9micos y luego se enter\u00f3 de que estaba embarazada. Manipulada por Centeno, regres\u00f3 a La Paz el 30 de abril, donde volvi\u00f3 a sufrir agresiones y perdi\u00f3 a su beb\u00e9. La denuncia fue hecha a ra\u00edz de que la madre de la mujer encontr\u00f3 las lesiones cuando fue llevada en avi\u00f3n a Cochabamba por el supuesto agresor. (BD)<\/p>\n<p>&nbsp;<\/p>\n","protected":false},"excerpt":{"rendered":"<p>El gerente de la Empresa Municipal de Asfaltos y V\u00edas (Emav\u00edas), Daniel Centeno, fue acusado por su expareja por violencia f\u00edsica y psicol\u00f3gica durante m\u00e1s de un a\u00f1o; la mujer adjunt\u00f3 im\u00e1genes de su rostro desfigurado, marcas de los golpes en su cuerpo y capturas de conversaciones donde es amenazada. \u201cHago p\u00fablico el infierno que [&hellip;]<\/p>\n","protected":false},"author":1,"featured_media":230765,"comment_status":"open","ping_status":"open","sticky":false,"template":"","format":"standard","meta":{"_acf_changed":false,"footnotes":""},"categories":[39],"tags":[],"class_list":["post-230764","post","type-post","status-publish","format-standard","has-post-thumbnail","category-sociedad"],"acf":{"antetitulo":""},"yoast_head":"<!-- This site is optimized with the Yoast SEO plugin v28.4 - https:\/\/yoast.com\/product\/yoast-seo-wordpress\/ -->\n<title>Gerente de Emav\u00edas acusado de violencia f\u00edsica y psicol\u00f3gica - El Diario - Bolivia<\/title>\n<meta name=\"robots\" content=\"index, follow, max-snippet:-1, max-image-preview:large, max-video-preview:-1\" \/>\n<link rel=\"canonical\" href=\"https:\/\/www.eldiario.net\/portal\/2024\/06\/30\/gerente-de-emavias-acusado-de-violencia-fisica-y-psicologica\/\" \/>\n<meta property=\"og:locale\" content=\"es_ES\" \/>\n<meta property=\"og:type\" content=\"article\" \/>\n<meta property=\"og:title\" content=\"Gerente de Emav\u00edas acusado de violencia f\u00edsica y psicol\u00f3gica - El Diario - Bolivia\" \/>\n<meta property=\"og:description\" content=\"El gerente de la Empresa Municipal de Asfaltos y V\u00edas (Emav\u00edas), Daniel Centeno, fue acusado por su expareja por violencia f\u00edsica y psicol\u00f3gica durante m\u00e1s de un a\u00f1o; la mujer adjunt\u00f3 im\u00e1genes de su rostro desfigurado, marcas de los golpes en su cuerpo y capturas de conversaciones donde es amenazada. \u201cHago p\u00fablico el infierno que [&hellip;]\" \/>\n<meta property=\"og:url\" content=\"https:\/\/www.eldiario.net\/portal\/2024\/06\/30\/gerente-de-emavias-acusado-de-violencia-fisica-y-psicologica\/\" \/>\n<meta property=\"og:site_name\" content=\"El Diario - Bolivia\" \/>\n<meta property=\"article:publisher\" content=\"https:\/\/www.facebook.com\/eldiario.bolivia\/\" \/>\n<meta property=\"article:published_time\" content=\"2024-06-30T11:29:05+00:00\" \/>\n<meta property=\"og:image\" content=\"https:\/\/www.eldiario.net\/portal\/wp-content\/uploads\/2024\/06\/30-EMA-scaled.jpeg\" \/>\n\t<meta property=\"og:image:width\" content=\"2560\" \/>\n\t<meta property=\"og:image:height\" content=\"1434\" \/>\n\t<meta property=\"og:image:type\" content=\"image\/jpeg\" \/>\n<meta name=\"author\" content=\"Jeanette\" \/>\n<meta name=\"twitter:card\" content=\"summary_large_image\" \/>\n<meta name=\"twitter:creator\" content=\"@eldiario_net\" \/>\n<meta name=\"twitter:site\" content=\"@eldiario_net\" \/>\n<meta name=\"twitter:label1\" content=\"Escrito por\" \/>\n\t<meta name=\"twitter:data1\" content=\"Jeanette\" \/>\n\t<meta name=\"twitter:label2\" content=\"Tiempo de lectura\" \/>\n\t<meta name=\"twitter:data2\" content=\"2 minutos\" \/>\n<script type=\"application\/ld+json\" class=\"yoast-schema-graph\">{\"@context\":\"https:\\\/\\\/schema.org\",\"@graph\":[{\"@type\":\"Article\",\"@id\":\"https:\\\/\\\/www.eldiario.net\\\/portal\\\/2024\\\/06\\\/30\\\/gerente-de-emavias-acusado-de-violencia-fisica-y-psicologica\\\/#article\",\"isPartOf\":{\"@id\":\"https:\\\/\\\/www.eldiario.net\\\/portal\\\/2024\\\/06\\\/30\\\/gerente-de-emavias-acusado-de-violencia-fisica-y-psicologica\\\/\"},\"author\":{\"name\":\"Jeanette\",\"@id\":\"https:\\\/\\\/www.eldiario.net\\\/portal\\\/#\\\/schema\\\/person\\\/2c57cf2b7a7ae032e449e4c9b1019eac\"},\"headline\":\"Gerente de Emav\u00edas acusado de violencia f\u00edsica y psicol\u00f3gica\",\"datePublished\":\"2024-06-30T11:29:05+00:00\",\"mainEntityOfPage\":{\"@id\":\"https:\\\/\\\/www.eldiario.net\\\/portal\\\/2024\\\/06\\\/30\\\/gerente-de-emavias-acusado-de-violencia-fisica-y-psicologica\\\/\"},\"wordCount\":391,\"commentCount\":0,\"publisher\":{\"@id\":\"https:\\\/\\\/www.eldiario.net\\\/portal\\\/#organization\"},\"image\":{\"@id\":\"https:\\\/\\\/www.eldiario.net\\\/portal\\\/2024\\\/06\\\/30\\\/gerente-de-emavias-acusado-de-violencia-fisica-y-psicologica\\\/#primaryimage\"},\"thumbnailUrl\":\"https:\\\/\\\/www.eldiario.net\\\/portal\\\/wp-content\\\/uploads\\\/2024\\\/06\\\/30-EMA-scaled.jpeg\",\"articleSection\":[\"Sociedad - Seguridad\"],\"inLanguage\":\"es\",\"potentialAction\":[{\"@type\":\"CommentAction\",\"name\":\"Comment\",\"target\":[\"https:\\\/\\\/www.eldiario.net\\\/portal\\\/2024\\\/06\\\/30\\\/gerente-de-emavias-acusado-de-violencia-fisica-y-psicologica\\\/#respond\"]}]},{\"@type\":\"WebPage\",\"@id\":\"https:\\\/\\\/www.eldiario.net\\\/portal\\\/2024\\\/06\\\/30\\\/gerente-de-emavias-acusado-de-violencia-fisica-y-psicologica\\\/\",\"url\":\"https:\\\/\\\/www.eldiario.net\\\/portal\\\/2024\\\/06\\\/30\\\/gerente-de-emavias-acusado-de-violencia-fisica-y-psicologica\\\/\",\"name\":\"Gerente de Emav\u00edas acusado de violencia f\u00edsica y psicol\u00f3gica - El Diario - Bolivia\",\"isPartOf\":{\"@id\":\"https:\\\/\\\/www.eldiario.net\\\/portal\\\/#website\"},\"primaryImageOfPage\":{\"@id\":\"https:\\\/\\\/www.eldiario.net\\\/portal\\\/2024\\\/06\\\/30\\\/gerente-de-emavias-acusado-de-violencia-fisica-y-psicologica\\\/#primaryimage\"},\"image\":{\"@id\":\"https:\\\/\\\/www.eldiario.net\\\/portal\\\/2024\\\/06\\\/30\\\/gerente-de-emavias-acusado-de-violencia-fisica-y-psicologica\\\/#primaryimage\"},\"thumbnailUrl\":\"https:\\\/\\\/www.eldiario.net\\\/portal\\\/wp-content\\\/uploads\\\/2024\\\/06\\\/30-EMA-scaled.jpeg\",\"datePublished\":\"2024-06-30T11:29:05+00:00\",\"breadcrumb\":{\"@id\":\"https:\\\/\\\/www.eldiario.net\\\/portal\\\/2024\\\/06\\\/30\\\/gerente-de-emavias-acusado-de-violencia-fisica-y-psicologica\\\/#breadcrumb\"},\"inLanguage\":\"es\",\"potentialAction\":[{\"@type\":\"ReadAction\",\"target\":[\"https:\\\/\\\/www.eldiario.net\\\/portal\\\/2024\\\/06\\\/30\\\/gerente-de-emavias-acusado-de-violencia-fisica-y-psicologica\\\/\"]}]},{\"@type\":\"ImageObject\",\"inLanguage\":\"es\",\"@id\":\"https:\\\/\\\/www.eldiario.net\\\/portal\\\/2024\\\/06\\\/30\\\/gerente-de-emavias-acusado-de-violencia-fisica-y-psicologica\\\/#primaryimage\",\"url\":\"https:\\\/\\\/www.eldiario.net\\\/portal\\\/wp-content\\\/uploads\\\/2024\\\/06\\\/30-EMA-scaled.jpeg\",\"contentUrl\":\"https:\\\/\\\/www.eldiario.net\\\/portal\\\/wp-content\\\/uploads\\\/2024\\\/06\\\/30-EMA-scaled.jpeg\",\"width\":2560,\"height\":1434},{\"@type\":\"BreadcrumbList\",\"@id\":\"https:\\\/\\\/www.eldiario.net\\\/portal\\\/2024\\\/06\\\/30\\\/gerente-de-emavias-acusado-de-violencia-fisica-y-psicologica\\\/#breadcrumb\",\"itemListElement\":[{\"@type\":\"ListItem\",\"position\":1,\"name\":\"Portada\",\"item\":\"https:\\\/\\\/www.eldiario.net\\\/portal\\\/\"},{\"@type\":\"ListItem\",\"position\":2,\"name\":\"Gerente de Emav\u00edas acusado de violencia f\u00edsica y psicol\u00f3gica\"}]},{\"@type\":\"WebSite\",\"@id\":\"https:\\\/\\\/www.eldiario.net\\\/portal\\\/#website\",\"url\":\"https:\\\/\\\/www.eldiario.net\\\/portal\\\/\",\"name\":\"El Diario - Decano de la prensa nacional\",\"description\":\"El Diario - Decano de la prensa nacional\",\"publisher\":{\"@id\":\"https:\\\/\\\/www.eldiario.net\\\/portal\\\/#organization\"},\"potentialAction\":[{\"@type\":\"SearchAction\",\"target\":{\"@type\":\"EntryPoint\",\"urlTemplate\":\"https:\\\/\\\/www.eldiario.net\\\/portal\\\/?s={search_term_string}\"},\"query-input\":{\"@type\":\"PropertyValueSpecification\",\"valueRequired\":true,\"valueName\":\"search_term_string\"}}],\"inLanguage\":\"es\"},{\"@type\":\"Organization\",\"@id\":\"https:\\\/\\\/www.eldiario.net\\\/portal\\\/#organization\",\"name\":\"El Diario - Decano de la prensa nacional\",\"url\":\"https:\\\/\\\/www.eldiario.net\\\/portal\\\/\",\"logo\":{\"@type\":\"ImageObject\",\"inLanguage\":\"es\",\"@id\":\"https:\\\/\\\/www.eldiario.net\\\/portal\\\/#\\\/schema\\\/logo\\\/image\\\/\",\"url\":\"https:\\\/\\\/www.eldiario.net\\\/portal\\\/wp-content\\\/uploads\\\/2023\\\/07\\\/logo_ED.jpg\",\"contentUrl\":\"https:\\\/\\\/www.eldiario.net\\\/portal\\\/wp-content\\\/uploads\\\/2023\\\/07\\\/logo_ED.jpg\",\"width\":272,\"height\":52,\"caption\":\"El Diario - Decano de la prensa nacional\"},\"image\":{\"@id\":\"https:\\\/\\\/www.eldiario.net\\\/portal\\\/#\\\/schema\\\/logo\\\/image\\\/\"},\"sameAs\":[\"https:\\\/\\\/www.facebook.com\\\/eldiario.bolivia\\\/\",\"https:\\\/\\\/x.com\\\/eldiario_net\"]},{\"@type\":\"Person\",\"@id\":\"https:\\\/\\\/www.eldiario.net\\\/portal\\\/#\\\/schema\\\/person\\\/2c57cf2b7a7ae032e449e4c9b1019eac\",\"name\":\"Jeanette\",\"image\":{\"@type\":\"ImageObject\",\"inLanguage\":\"es\",\"@id\":\"https:\\\/\\\/secure.gravatar.com\\\/avatar\\\/3ea2118a5f7dad2b7138b1187a6b7ee55f160b9968b66013c3a3ef39dd7e5798?s=96&d=mm&r=g\",\"url\":\"https:\\\/\\\/secure.gravatar.com\\\/avatar\\\/3ea2118a5f7dad2b7138b1187a6b7ee55f160b9968b66013c3a3ef39dd7e5798?s=96&d=mm&r=g\",\"contentUrl\":\"https:\\\/\\\/secure.gravatar.com\\\/avatar\\\/3ea2118a5f7dad2b7138b1187a6b7ee55f160b9968b66013c3a3ef39dd7e5798?s=96&d=mm&r=g\",\"caption\":\"Jeanette\"},\"sameAs\":[\"https:\\\/\\\/www.eldiario.net\\\/portal\"],\"url\":\"https:\\\/\\\/www.eldiario.net\\\/portal\\\/author\\\/jeanette\\\/\"}]}<\/script>\n<!-- \/ Yoast SEO plugin. -->","yoast_head_json":{"title":"Gerente de Emav\u00edas acusado de violencia f\u00edsica y psicol\u00f3gica - El Diario - Bolivia","robots":{"index":"index","follow":"follow","max-snippet":"max-snippet:-1","max-image-preview":"max-image-preview:large","max-video-preview":"max-video-preview:-1"},"canonical":"https:\/\/www.eldiario.net\/portal\/2024\/06\/30\/gerente-de-emavias-acusado-de-violencia-fisica-y-psicologica\/","og_locale":"es_ES","og_type":"article","og_title":"Gerente de Emav\u00edas acusado de violencia f\u00edsica y psicol\u00f3gica - El Diario - Bolivia","og_description":"El gerente de la Empresa Municipal de Asfaltos y V\u00edas (Emav\u00edas), Daniel Centeno, fue acusado por su expareja por violencia f\u00edsica y psicol\u00f3gica durante m\u00e1s de un a\u00f1o; la mujer adjunt\u00f3 im\u00e1genes de su rostro desfigurado, marcas de los golpes en su cuerpo y capturas de conversaciones donde es amenazada. \u201cHago p\u00fablico el infierno que [&hellip;]","og_url":"https:\/\/www.eldiario.net\/portal\/2024\/06\/30\/gerente-de-emavias-acusado-de-violencia-fisica-y-psicologica\/","og_site_name":"El Diario - Bolivia","article_publisher":"https:\/\/www.facebook.com\/eldiario.bolivia\/","article_published_time":"2024-06-30T11:29:05+00:00","og_image":[{"width":2560,"height":1434,"url":"https:\/\/www.eldiario.net\/portal\/wp-content\/uploads\/2024\/06\/30-EMA-scaled.jpeg","type":"image\/jpeg"}],"author":"Jeanette","twitter_card":"summary_large_image","twitter_creator":"@eldiario_net","twitter_site":"@eldiario_net","twitter_misc":{"Escrito por":"Jeanette","Tiempo de lectura":"2 minutos"},"schema":{"@context":"https:\/\/schema.org","@graph":[{"@type":"Article","@id":"https:\/\/www.eldiario.net\/portal\/2024\/06\/30\/gerente-de-emavias-acusado-de-violencia-fisica-y-psicologica\/#article","isPartOf":{"@id":"https:\/\/www.eldiario.net\/portal\/2024\/06\/30\/gerente-de-emavias-acusado-de-violencia-fisica-y-psicologica\/"},"author":{"name":"Jeanette","@id":"https:\/\/www.eldiario.net\/portal\/#\/schema\/person\/2c57cf2b7a7ae032e449e4c9b1019eac"},"headline":"Gerente de Emav\u00edas acusado de violencia f\u00edsica y psicol\u00f3gica","datePublished":"2024-06-30T11:29:05+00:00","mainEntityOfPage":{"@id":"https:\/\/www.eldiario.net\/portal\/2024\/06\/30\/gerente-de-emavias-acusado-de-violencia-fisica-y-psicologica\/"},"wordCount":391,"commentCount":0,"publisher":{"@id":"https:\/\/www.eldiario.net\/portal\/#organization"},"image":{"@id":"https:\/\/www.eldiario.net\/portal\/2024\/06\/30\/gerente-de-emavias-acusado-de-violencia-fisica-y-psicologica\/#primaryimage"},"thumbnailUrl":"https:\/\/www.eldiario.net\/portal\/wp-content\/uploads\/2024\/06\/30-EMA-scaled.jpeg","articleSection":["Sociedad - Seguridad"],"inLanguage":"es","potentialAction":[{"@type":"CommentAction","name":"Comment","target":["https:\/\/www.eldiario.net\/portal\/2024\/06\/30\/gerente-de-emavias-acusado-de-violencia-fisica-y-psicologica\/#respond"]}]},{"@type":"WebPage","@id":"https:\/\/www.eldiario.net\/portal\/2024\/06\/30\/gerente-de-emavias-acusado-de-violencia-fisica-y-psicologica\/","url":"https:\/\/www.eldiario.net\/portal\/2024\/06\/30\/gerente-de-emavias-acusado-de-violencia-fisica-y-psicologica\/","name":"Gerente de Emav\u00edas acusado de violencia f\u00edsica y psicol\u00f3gica - El Diario - Bolivia","isPartOf":{"@id":"https:\/\/www.eldiario.net\/portal\/#website"},"primaryImageOfPage":{"@id":"https:\/\/www.eldiario.net\/portal\/2024\/06\/30\/gerente-de-emavias-acusado-de-violencia-fisica-y-psicologica\/#primaryimage"},"image":{"@id":"https:\/\/www.eldiario.net\/portal\/2024\/06\/30\/gerente-de-emavias-acusado-de-violencia-fisica-y-psicologica\/#primaryimage"},"thumbnailUrl":"https:\/\/www.eldiario.net\/portal\/wp-content\/uploads\/2024\/06\/30-EMA-scaled.jpeg","datePublished":"2024-06-30T11:29:05+00:00","breadcrumb":{"@id":"https:\/\/www.eldiario.net\/portal\/2024\/06\/30\/gerente-de-emavias-acusado-de-violencia-fisica-y-psicologica\/#breadcrumb"},"inLanguage":"es","potentialAction":[{"@type":"ReadAction","target":["https:\/\/www.eldiario.net\/portal\/2024\/06\/30\/gerente-de-emavias-acusado-de-violencia-fisica-y-psicologica\/"]}]},{"@type":"ImageObject","inLanguage":"es","@id":"https:\/\/www.eldiario.net\/portal\/2024\/06\/30\/gerente-de-emavias-acusado-de-violencia-fisica-y-psicologica\/#primaryimage","url":"https:\/\/www.eldiario.net\/portal\/wp-content\/uploads\/2024\/06\/30-EMA-scaled.jpeg","contentUrl":"https:\/\/www.eldiario.net\/portal\/wp-content\/uploads\/2024\/06\/30-EMA-scaled.jpeg","width":2560,"height":1434},{"@type":"BreadcrumbList","@id":"https:\/\/www.eldiario.net\/portal\/2024\/06\/30\/gerente-de-emavias-acusado-de-violencia-fisica-y-psicologica\/#breadcrumb","itemListElement":[{"@type":"ListItem","position":1,"name":"Portada","item":"https:\/\/www.eldiario.net\/portal\/"},{"@type":"ListItem","position":2,"name":"Gerente de Emav\u00edas acusado de violencia f\u00edsica y psicol\u00f3gica"}]},{"@type":"WebSite","@id":"https:\/\/www.eldiario.net\/portal\/#website","url":"https:\/\/www.eldiario.net\/portal\/","name":"El Diario - Decano de la prensa nacional","description":"El Diario - Decano de la prensa nacional","publisher":{"@id":"https:\/\/www.eldiario.net\/portal\/#organization"},"potentialAction":[{"@type":"SearchAction","target":{"@type":"EntryPoint","urlTemplate":"https:\/\/www.eldiario.net\/portal\/?s={search_term_string}"},"query-input":{"@type":"PropertyValueSpecification","valueRequired":true,"valueName":"search_term_string"}}],"inLanguage":"es"},{"@type":"Organization","@id":"https:\/\/www.eldiario.net\/portal\/#organization","name":"El Diario - Decano de la prensa nacional","url":"https:\/\/www.eldiario.net\/portal\/","logo":{"@type":"ImageObject","inLanguage":"es","@id":"https:\/\/www.eldiario.net\/portal\/#\/schema\/logo\/image\/","url":"https:\/\/www.eldiario.net\/portal\/wp-content\/uploads\/2023\/07\/logo_ED.jpg","contentUrl":"https:\/\/www.eldiario.net\/portal\/wp-content\/uploads\/2023\/07\/logo_ED.jpg","width":272,"height":52,"caption":"El Diario - Decano de la prensa nacional"},"image":{"@id":"https:\/\/www.eldiario.net\/portal\/#\/schema\/logo\/image\/"},"sameAs":["https:\/\/www.facebook.com\/eldiario.bolivia\/","https:\/\/x.com\/eldiario_net"]},{"@type":"Person","@id":"https:\/\/www.eldiario.net\/portal\/#\/schema\/person\/2c57cf2b7a7ae032e449e4c9b1019eac","name":"Jeanette","image":{"@type":"ImageObject","inLanguage":"es","@id":"https:\/\/secure.gravatar.com\/avatar\/3ea2118a5f7dad2b7138b1187a6b7ee55f160b9968b66013c3a3ef39dd7e5798?s=96&d=mm&r=g","url":"https:\/\/secure.gravatar.com\/avatar\/3ea2118a5f7dad2b7138b1187a6b7ee55f160b9968b66013c3a3ef39dd7e5798?s=96&d=mm&r=g","contentUrl":"https:\/\/secure.gravatar.com\/avatar\/3ea2118a5f7dad2b7138b1187a6b7ee55f160b9968b66013c3a3ef39dd7e5798?s=96&d=mm&r=g","caption":"Jeanette"},"sameAs":["https:\/\/www.eldiario.net\/portal"],"url":"https:\/\/www.eldiario.net\/portal\/author\/jeanette\/"}]}},"_links":{"self":[{"href":"https:\/\/www.eldiario.net\/portal\/wp-json\/wp\/v2\/posts\/230764","targetHints":{"allow":["GET"]}}],"collection":[{"href":"https:\/\/www.eldiario.net\/portal\/wp-json\/wp\/v2\/posts"}],"about":[{"href":"https:\/\/www.eldiario.net\/portal\/wp-json\/wp\/v2\/types\/post"}],"author":[{"embeddable":true,"href":"https:\/\/www.eldiario.net\/portal\/wp-json\/wp\/v2\/users\/1"}],"replies":[{"embeddable":true,"href":"https:\/\/www.eldiario.net\/portal\/wp-json\/wp\/v2\/comments?post=230764"}],"version-history":[{"count":1,"href":"https:\/\/www.eldiario.net\/portal\/wp-json\/wp\/v2\/posts\/230764\/revisions"}],"predecessor-version":[{"id":230766,"href":"https:\/\/www.eldiario.net\/portal\/wp-json\/wp\/v2\/posts\/230764\/revisions\/230766"}],"wp:featuredmedia":[{"embeddable":true,"href":"https:\/\/www.eldiario.net\/portal\/wp-json\/wp\/v2\/media\/230765"}],"wp:attachment":[{"href":"https:\/\/www.eldiario.net\/portal\/wp-json\/wp\/v2\/media?parent=230764"}],"wp:term":[{"taxonomy":"category","embeddable":true,"href":"https:\/\/www.eldiario.net\/portal\/wp-json\/wp\/v2\/categories?post=230764"},{"taxonomy":"post_tag","embeddable":true,"href":"https:\/\/www.eldiario.net\/portal\/wp-json\/wp\/v2\/tags?post=230764"}],"curies":[{"name":"wp","href":"https:\/\/api.w.org\/{rel}","templated":true}]}}