{"id":230758,"date":"2024-06-30T07:27:28","date_gmt":"2024-06-30T11:27:28","guid":{"rendered":"https:\/\/www.eldiario.net\/portal\/?p=230758"},"modified":"2024-06-30T07:27:28","modified_gmt":"2024-06-30T11:27:28","slug":"estructura-jerarquica-de-armada-materializo-la-movilizacion-militar","status":"publish","type":"post","link":"https:\/\/www.eldiario.net\/portal\/2024\/06\/30\/estructura-jerarquica-de-armada-materializo-la-movilizacion-militar\/","title":{"rendered":"Estructura jer\u00e1rquica de Armada materializ\u00f3 la movilizaci\u00f3n militar"},"content":{"rendered":"<p>El viceministro de R\u00e9gimen Interior, Jhonny Aguilera, asever\u00f3 que una estructura jer\u00e1rquica al interior de la Armada Boliviana \u201cmaterializ\u00f3\u201d el movimiento de tropas y veh\u00edculos blindados en plaza Murillo, cuyos altos jefes asisten a una audiencia de medidas cautelares que continu\u00f3 hasta ayer.<br \/>\n\u201cEs una estructura que funcion\u00f3 al interior de la Fuerza Naval que materializ\u00f3, independiente del Ej\u00e9rcito, aquellas acciones. Se (generaron) los informes al Ministerio P\u00fablico para abrir una investigaci\u00f3n contra estas personas\u201d, declar\u00f3 Aguilera la noche del viernes pasado, antes de que la audiencia cautelar fuera suspendida para ayer, debido a la numerosa cantidad de personas imputadas y sus abogados.<br \/>\nEl mismo d\u00eda se efectu\u00f3 la audiencia de medidas cautelares de los tres excomandantes, Juan Jos\u00e9 Z\u00fa\u00f1iga, Juan Arnez y Edison Irahola, donde un juez determin\u00f3 su detenci\u00f3n preventiva en el penal de m\u00e1xima seguridad de Chonchocoro por seis meses. En declaraciones a la prensa, Z\u00fa\u00f1iga declar\u00f3 que hay inocentes entre los aprehendidos y que la verdad hist\u00f3rica ser\u00e1 revelada \u201calg\u00fan d\u00eda\u201d.<br \/>\nHasta cerca de la medianoche del viernes, un equipo de efectivos policiales expertos en recolecci\u00f3n de evidencias realiz\u00f3 un registro minucioso de tres de las 12 oficinas del Gran Cuartel del Estado Mayor en Miraflores, una de ellas la del excomandante del Ej\u00e9rcito, Juan Jos\u00e9 Z\u00fa\u00f1iga. En esta operaci\u00f3n, los investigadores recolectaron indicios sobre la presunta planificaci\u00f3n del alzamiento militar para las investigaciones en curso.<\/p>\n<p>&nbsp;<\/p>\n","protected":false},"excerpt":{"rendered":"<p>El viceministro de R\u00e9gimen Interior, Jhonny Aguilera, asever\u00f3 que una estructura jer\u00e1rquica al interior de la Armada Boliviana \u201cmaterializ\u00f3\u201d el movimiento de tropas y veh\u00edculos blindados en plaza Murillo, cuyos altos jefes asisten a una audiencia de medidas cautelares que continu\u00f3 hasta ayer. \u201cEs una estructura que funcion\u00f3 al interior de la Fuerza Naval que [&hellip;]<\/p>\n","protected":false},"author":1,"featured_media":230759,"comment_status":"open","ping_status":"open","sticky":false,"template":"","format":"standard","meta":{"_acf_changed":false,"footnotes":""},"categories":[39],"tags":[],"class_list":["post-230758","post","type-post","status-publish","format-standard","has-post-thumbnail","category-sociedad"],"acf":{"antetitulo":"Seg\u00fan Aguilera"},"yoast_head":"<!-- This site is optimized with the Yoast SEO plugin v28.4 - https:\/\/yoast.com\/product\/yoast-seo-wordpress\/ -->\n<title>Estructura jer\u00e1rquica de Armada materializ\u00f3 la movilizaci\u00f3n militar - El Diario - Bolivia<\/title>\n<meta name=\"robots\" content=\"index, follow, max-snippet:-1, max-image-preview:large, max-video-preview:-1\" \/>\n<link rel=\"canonical\" href=\"https:\/\/www.eldiario.net\/portal\/2024\/06\/30\/estructura-jerarquica-de-armada-materializo-la-movilizacion-militar\/\" \/>\n<meta property=\"og:locale\" content=\"es_ES\" \/>\n<meta property=\"og:type\" content=\"article\" \/>\n<meta property=\"og:title\" content=\"Estructura jer\u00e1rquica de Armada materializ\u00f3 la movilizaci\u00f3n militar - El Diario - Bolivia\" \/>\n<meta property=\"og:description\" content=\"El viceministro de R\u00e9gimen Interior, Jhonny Aguilera, asever\u00f3 que una estructura jer\u00e1rquica al interior de la Armada Boliviana \u201cmaterializ\u00f3\u201d el movimiento de tropas y veh\u00edculos blindados en plaza Murillo, cuyos altos jefes asisten a una audiencia de medidas cautelares que continu\u00f3 hasta ayer. \u201cEs una estructura que funcion\u00f3 al interior de la Fuerza Naval que [&hellip;]\" \/>\n<meta property=\"og:url\" content=\"https:\/\/www.eldiario.net\/portal\/2024\/06\/30\/estructura-jerarquica-de-armada-materializo-la-movilizacion-militar\/\" \/>\n<meta property=\"og:site_name\" content=\"El Diario - Bolivia\" \/>\n<meta property=\"article:publisher\" content=\"https:\/\/www.facebook.com\/eldiario.bolivia\/\" \/>\n<meta property=\"article:published_time\" content=\"2024-06-30T11:27:28+00:00\" \/>\n<meta property=\"og:image\" content=\"https:\/\/www.eldiario.net\/portal\/wp-content\/uploads\/2024\/06\/30-EST.jpeg\" \/>\n\t<meta property=\"og:image:width\" content=\"637\" \/>\n\t<meta property=\"og:image:height\" content=\"795\" \/>\n\t<meta property=\"og:image:type\" content=\"image\/jpeg\" \/>\n<meta name=\"author\" content=\"Jeanette\" \/>\n<meta name=\"twitter:card\" content=\"summary_large_image\" \/>\n<meta name=\"twitter:creator\" content=\"@eldiario_net\" \/>\n<meta name=\"twitter:site\" content=\"@eldiario_net\" \/>\n<meta name=\"twitter:label1\" content=\"Escrito por\" \/>\n\t<meta name=\"twitter:data1\" content=\"Jeanette\" \/>\n\t<meta name=\"twitter:label2\" content=\"Tiempo de lectura\" \/>\n\t<meta name=\"twitter:data2\" content=\"2 minutos\" \/>\n<script type=\"application\/ld+json\" class=\"yoast-schema-graph\">{\"@context\":\"https:\\\/\\\/schema.org\",\"@graph\":[{\"@type\":\"Article\",\"@id\":\"https:\\\/\\\/www.eldiario.net\\\/portal\\\/2024\\\/06\\\/30\\\/estructura-jerarquica-de-armada-materializo-la-movilizacion-militar\\\/#article\",\"isPartOf\":{\"@id\":\"https:\\\/\\\/www.eldiario.net\\\/portal\\\/2024\\\/06\\\/30\\\/estructura-jerarquica-de-armada-materializo-la-movilizacion-militar\\\/\"},\"author\":{\"name\":\"Jeanette\",\"@id\":\"https:\\\/\\\/www.eldiario.net\\\/portal\\\/#\\\/schema\\\/person\\\/2c57cf2b7a7ae032e449e4c9b1019eac\"},\"headline\":\"Estructura jer\u00e1rquica de Armada materializ\u00f3 la movilizaci\u00f3n militar\",\"datePublished\":\"2024-06-30T11:27:28+00:00\",\"mainEntityOfPage\":{\"@id\":\"https:\\\/\\\/www.eldiario.net\\\/portal\\\/2024\\\/06\\\/30\\\/estructura-jerarquica-de-armada-materializo-la-movilizacion-militar\\\/\"},\"wordCount\":259,\"commentCount\":0,\"publisher\":{\"@id\":\"https:\\\/\\\/www.eldiario.net\\\/portal\\\/#organization\"},\"image\":{\"@id\":\"https:\\\/\\\/www.eldiario.net\\\/portal\\\/2024\\\/06\\\/30\\\/estructura-jerarquica-de-armada-materializo-la-movilizacion-militar\\\/#primaryimage\"},\"thumbnailUrl\":\"https:\\\/\\\/www.eldiario.net\\\/portal\\\/wp-content\\\/uploads\\\/2024\\\/06\\\/30-EST.jpeg\",\"articleSection\":[\"Sociedad - Seguridad\"],\"inLanguage\":\"es\",\"potentialAction\":[{\"@type\":\"CommentAction\",\"name\":\"Comment\",\"target\":[\"https:\\\/\\\/www.eldiario.net\\\/portal\\\/2024\\\/06\\\/30\\\/estructura-jerarquica-de-armada-materializo-la-movilizacion-militar\\\/#respond\"]}]},{\"@type\":\"WebPage\",\"@id\":\"https:\\\/\\\/www.eldiario.net\\\/portal\\\/2024\\\/06\\\/30\\\/estructura-jerarquica-de-armada-materializo-la-movilizacion-militar\\\/\",\"url\":\"https:\\\/\\\/www.eldiario.net\\\/portal\\\/2024\\\/06\\\/30\\\/estructura-jerarquica-de-armada-materializo-la-movilizacion-militar\\\/\",\"name\":\"Estructura jer\u00e1rquica de Armada materializ\u00f3 la movilizaci\u00f3n militar - El Diario - Bolivia\",\"isPartOf\":{\"@id\":\"https:\\\/\\\/www.eldiario.net\\\/portal\\\/#website\"},\"primaryImageOfPage\":{\"@id\":\"https:\\\/\\\/www.eldiario.net\\\/portal\\\/2024\\\/06\\\/30\\\/estructura-jerarquica-de-armada-materializo-la-movilizacion-militar\\\/#primaryimage\"},\"image\":{\"@id\":\"https:\\\/\\\/www.eldiario.net\\\/portal\\\/2024\\\/06\\\/30\\\/estructura-jerarquica-de-armada-materializo-la-movilizacion-militar\\\/#primaryimage\"},\"thumbnailUrl\":\"https:\\\/\\\/www.eldiario.net\\\/portal\\\/wp-content\\\/uploads\\\/2024\\\/06\\\/30-EST.jpeg\",\"datePublished\":\"2024-06-30T11:27:28+00:00\",\"breadcrumb\":{\"@id\":\"https:\\\/\\\/www.eldiario.net\\\/portal\\\/2024\\\/06\\\/30\\\/estructura-jerarquica-de-armada-materializo-la-movilizacion-militar\\\/#breadcrumb\"},\"inLanguage\":\"es\",\"potentialAction\":[{\"@type\":\"ReadAction\",\"target\":[\"https:\\\/\\\/www.eldiario.net\\\/portal\\\/2024\\\/06\\\/30\\\/estructura-jerarquica-de-armada-materializo-la-movilizacion-militar\\\/\"]}]},{\"@type\":\"ImageObject\",\"inLanguage\":\"es\",\"@id\":\"https:\\\/\\\/www.eldiario.net\\\/portal\\\/2024\\\/06\\\/30\\\/estructura-jerarquica-de-armada-materializo-la-movilizacion-militar\\\/#primaryimage\",\"url\":\"https:\\\/\\\/www.eldiario.net\\\/portal\\\/wp-content\\\/uploads\\\/2024\\\/06\\\/30-EST.jpeg\",\"contentUrl\":\"https:\\\/\\\/www.eldiario.net\\\/portal\\\/wp-content\\\/uploads\\\/2024\\\/06\\\/30-EST.jpeg\",\"width\":637,\"height\":795,\"caption\":\"El exjefe militar de la Armada Boliviana, Juan Arnez, cuando sale de la fuerza anticrimen en La Paz.\"},{\"@type\":\"BreadcrumbList\",\"@id\":\"https:\\\/\\\/www.eldiario.net\\\/portal\\\/2024\\\/06\\\/30\\\/estructura-jerarquica-de-armada-materializo-la-movilizacion-militar\\\/#breadcrumb\",\"itemListElement\":[{\"@type\":\"ListItem\",\"position\":1,\"name\":\"Portada\",\"item\":\"https:\\\/\\\/www.eldiario.net\\\/portal\\\/\"},{\"@type\":\"ListItem\",\"position\":2,\"name\":\"Estructura jer\u00e1rquica de Armada materializ\u00f3 la movilizaci\u00f3n militar\"}]},{\"@type\":\"WebSite\",\"@id\":\"https:\\\/\\\/www.eldiario.net\\\/portal\\\/#website\",\"url\":\"https:\\\/\\\/www.eldiario.net\\\/portal\\\/\",\"name\":\"El Diario - Decano de la prensa nacional\",\"description\":\"El Diario - Decano de la prensa nacional\",\"publisher\":{\"@id\":\"https:\\\/\\\/www.eldiario.net\\\/portal\\\/#organization\"},\"potentialAction\":[{\"@type\":\"SearchAction\",\"target\":{\"@type\":\"EntryPoint\",\"urlTemplate\":\"https:\\\/\\\/www.eldiario.net\\\/portal\\\/?s={search_term_string}\"},\"query-input\":{\"@type\":\"PropertyValueSpecification\",\"valueRequired\":true,\"valueName\":\"search_term_string\"}}],\"inLanguage\":\"es\"},{\"@type\":\"Organization\",\"@id\":\"https:\\\/\\\/www.eldiario.net\\\/portal\\\/#organization\",\"name\":\"El Diario - Decano de la prensa nacional\",\"url\":\"https:\\\/\\\/www.eldiario.net\\\/portal\\\/\",\"logo\":{\"@type\":\"ImageObject\",\"inLanguage\":\"es\",\"@id\":\"https:\\\/\\\/www.eldiario.net\\\/portal\\\/#\\\/schema\\\/logo\\\/image\\\/\",\"url\":\"https:\\\/\\\/www.eldiario.net\\\/portal\\\/wp-content\\\/uploads\\\/2023\\\/07\\\/logo_ED.jpg\",\"contentUrl\":\"https:\\\/\\\/www.eldiario.net\\\/portal\\\/wp-content\\\/uploads\\\/2023\\\/07\\\/logo_ED.jpg\",\"width\":272,\"height\":52,\"caption\":\"El Diario - Decano de la prensa nacional\"},\"image\":{\"@id\":\"https:\\\/\\\/www.eldiario.net\\\/portal\\\/#\\\/schema\\\/logo\\\/image\\\/\"},\"sameAs\":[\"https:\\\/\\\/www.facebook.com\\\/eldiario.bolivia\\\/\",\"https:\\\/\\\/x.com\\\/eldiario_net\"]},{\"@type\":\"Person\",\"@id\":\"https:\\\/\\\/www.eldiario.net\\\/portal\\\/#\\\/schema\\\/person\\\/2c57cf2b7a7ae032e449e4c9b1019eac\",\"name\":\"Jeanette\",\"image\":{\"@type\":\"ImageObject\",\"inLanguage\":\"es\",\"@id\":\"https:\\\/\\\/secure.gravatar.com\\\/avatar\\\/3ea2118a5f7dad2b7138b1187a6b7ee55f160b9968b66013c3a3ef39dd7e5798?s=96&d=mm&r=g\",\"url\":\"https:\\\/\\\/secure.gravatar.com\\\/avatar\\\/3ea2118a5f7dad2b7138b1187a6b7ee55f160b9968b66013c3a3ef39dd7e5798?s=96&d=mm&r=g\",\"contentUrl\":\"https:\\\/\\\/secure.gravatar.com\\\/avatar\\\/3ea2118a5f7dad2b7138b1187a6b7ee55f160b9968b66013c3a3ef39dd7e5798?s=96&d=mm&r=g\",\"caption\":\"Jeanette\"},\"sameAs\":[\"https:\\\/\\\/www.eldiario.net\\\/portal\"],\"url\":\"https:\\\/\\\/www.eldiario.net\\\/portal\\\/author\\\/jeanette\\\/\"}]}<\/script>\n<!-- \/ Yoast SEO plugin. -->","yoast_head_json":{"title":"Estructura jer\u00e1rquica de Armada materializ\u00f3 la movilizaci\u00f3n militar - El Diario - Bolivia","robots":{"index":"index","follow":"follow","max-snippet":"max-snippet:-1","max-image-preview":"max-image-preview:large","max-video-preview":"max-video-preview:-1"},"canonical":"https:\/\/www.eldiario.net\/portal\/2024\/06\/30\/estructura-jerarquica-de-armada-materializo-la-movilizacion-militar\/","og_locale":"es_ES","og_type":"article","og_title":"Estructura jer\u00e1rquica de Armada materializ\u00f3 la movilizaci\u00f3n militar - El Diario - Bolivia","og_description":"El viceministro de R\u00e9gimen Interior, Jhonny Aguilera, asever\u00f3 que una estructura jer\u00e1rquica al interior de la Armada Boliviana \u201cmaterializ\u00f3\u201d el movimiento de tropas y veh\u00edculos blindados en plaza Murillo, cuyos altos jefes asisten a una audiencia de medidas cautelares que continu\u00f3 hasta ayer. \u201cEs una estructura que funcion\u00f3 al interior de la Fuerza Naval que [&hellip;]","og_url":"https:\/\/www.eldiario.net\/portal\/2024\/06\/30\/estructura-jerarquica-de-armada-materializo-la-movilizacion-militar\/","og_site_name":"El Diario - Bolivia","article_publisher":"https:\/\/www.facebook.com\/eldiario.bolivia\/","article_published_time":"2024-06-30T11:27:28+00:00","og_image":[{"width":637,"height":795,"url":"https:\/\/www.eldiario.net\/portal\/wp-content\/uploads\/2024\/06\/30-EST.jpeg","type":"image\/jpeg"}],"author":"Jeanette","twitter_card":"summary_large_image","twitter_creator":"@eldiario_net","twitter_site":"@eldiario_net","twitter_misc":{"Escrito por":"Jeanette","Tiempo de lectura":"2 minutos"},"schema":{"@context":"https:\/\/schema.org","@graph":[{"@type":"Article","@id":"https:\/\/www.eldiario.net\/portal\/2024\/06\/30\/estructura-jerarquica-de-armada-materializo-la-movilizacion-militar\/#article","isPartOf":{"@id":"https:\/\/www.eldiario.net\/portal\/2024\/06\/30\/estructura-jerarquica-de-armada-materializo-la-movilizacion-militar\/"},"author":{"name":"Jeanette","@id":"https:\/\/www.eldiario.net\/portal\/#\/schema\/person\/2c57cf2b7a7ae032e449e4c9b1019eac"},"headline":"Estructura jer\u00e1rquica de Armada materializ\u00f3 la movilizaci\u00f3n militar","datePublished":"2024-06-30T11:27:28+00:00","mainEntityOfPage":{"@id":"https:\/\/www.eldiario.net\/portal\/2024\/06\/30\/estructura-jerarquica-de-armada-materializo-la-movilizacion-militar\/"},"wordCount":259,"commentCount":0,"publisher":{"@id":"https:\/\/www.eldiario.net\/portal\/#organization"},"image":{"@id":"https:\/\/www.eldiario.net\/portal\/2024\/06\/30\/estructura-jerarquica-de-armada-materializo-la-movilizacion-militar\/#primaryimage"},"thumbnailUrl":"https:\/\/www.eldiario.net\/portal\/wp-content\/uploads\/2024\/06\/30-EST.jpeg","articleSection":["Sociedad - Seguridad"],"inLanguage":"es","potentialAction":[{"@type":"CommentAction","name":"Comment","target":["https:\/\/www.eldiario.net\/portal\/2024\/06\/30\/estructura-jerarquica-de-armada-materializo-la-movilizacion-militar\/#respond"]}]},{"@type":"WebPage","@id":"https:\/\/www.eldiario.net\/portal\/2024\/06\/30\/estructura-jerarquica-de-armada-materializo-la-movilizacion-militar\/","url":"https:\/\/www.eldiario.net\/portal\/2024\/06\/30\/estructura-jerarquica-de-armada-materializo-la-movilizacion-militar\/","name":"Estructura jer\u00e1rquica de Armada materializ\u00f3 la movilizaci\u00f3n militar - El Diario - Bolivia","isPartOf":{"@id":"https:\/\/www.eldiario.net\/portal\/#website"},"primaryImageOfPage":{"@id":"https:\/\/www.eldiario.net\/portal\/2024\/06\/30\/estructura-jerarquica-de-armada-materializo-la-movilizacion-militar\/#primaryimage"},"image":{"@id":"https:\/\/www.eldiario.net\/portal\/2024\/06\/30\/estructura-jerarquica-de-armada-materializo-la-movilizacion-militar\/#primaryimage"},"thumbnailUrl":"https:\/\/www.eldiario.net\/portal\/wp-content\/uploads\/2024\/06\/30-EST.jpeg","datePublished":"2024-06-30T11:27:28+00:00","breadcrumb":{"@id":"https:\/\/www.eldiario.net\/portal\/2024\/06\/30\/estructura-jerarquica-de-armada-materializo-la-movilizacion-militar\/#breadcrumb"},"inLanguage":"es","potentialAction":[{"@type":"ReadAction","target":["https:\/\/www.eldiario.net\/portal\/2024\/06\/30\/estructura-jerarquica-de-armada-materializo-la-movilizacion-militar\/"]}]},{"@type":"ImageObject","inLanguage":"es","@id":"https:\/\/www.eldiario.net\/portal\/2024\/06\/30\/estructura-jerarquica-de-armada-materializo-la-movilizacion-militar\/#primaryimage","url":"https:\/\/www.eldiario.net\/portal\/wp-content\/uploads\/2024\/06\/30-EST.jpeg","contentUrl":"https:\/\/www.eldiario.net\/portal\/wp-content\/uploads\/2024\/06\/30-EST.jpeg","width":637,"height":795,"caption":"El exjefe militar de la Armada Boliviana, Juan Arnez, cuando sale de la fuerza anticrimen en La Paz."},{"@type":"BreadcrumbList","@id":"https:\/\/www.eldiario.net\/portal\/2024\/06\/30\/estructura-jerarquica-de-armada-materializo-la-movilizacion-militar\/#breadcrumb","itemListElement":[{"@type":"ListItem","position":1,"name":"Portada","item":"https:\/\/www.eldiario.net\/portal\/"},{"@type":"ListItem","position":2,"name":"Estructura jer\u00e1rquica de Armada materializ\u00f3 la movilizaci\u00f3n militar"}]},{"@type":"WebSite","@id":"https:\/\/www.eldiario.net\/portal\/#website","url":"https:\/\/www.eldiario.net\/portal\/","name":"El Diario - Decano de la prensa nacional","description":"El Diario - Decano de la prensa nacional","publisher":{"@id":"https:\/\/www.eldiario.net\/portal\/#organization"},"potentialAction":[{"@type":"SearchAction","target":{"@type":"EntryPoint","urlTemplate":"https:\/\/www.eldiario.net\/portal\/?s={search_term_string}"},"query-input":{"@type":"PropertyValueSpecification","valueRequired":true,"valueName":"search_term_string"}}],"inLanguage":"es"},{"@type":"Organization","@id":"https:\/\/www.eldiario.net\/portal\/#organization","name":"El Diario - Decano de la prensa nacional","url":"https:\/\/www.eldiario.net\/portal\/","logo":{"@type":"ImageObject","inLanguage":"es","@id":"https:\/\/www.eldiario.net\/portal\/#\/schema\/logo\/image\/","url":"https:\/\/www.eldiario.net\/portal\/wp-content\/uploads\/2023\/07\/logo_ED.jpg","contentUrl":"https:\/\/www.eldiario.net\/portal\/wp-content\/uploads\/2023\/07\/logo_ED.jpg","width":272,"height":52,"caption":"El Diario - Decano de la prensa nacional"},"image":{"@id":"https:\/\/www.eldiario.net\/portal\/#\/schema\/logo\/image\/"},"sameAs":["https:\/\/www.facebook.com\/eldiario.bolivia\/","https:\/\/x.com\/eldiario_net"]},{"@type":"Person","@id":"https:\/\/www.eldiario.net\/portal\/#\/schema\/person\/2c57cf2b7a7ae032e449e4c9b1019eac","name":"Jeanette","image":{"@type":"ImageObject","inLanguage":"es","@id":"https:\/\/secure.gravatar.com\/avatar\/3ea2118a5f7dad2b7138b1187a6b7ee55f160b9968b66013c3a3ef39dd7e5798?s=96&d=mm&r=g","url":"https:\/\/secure.gravatar.com\/avatar\/3ea2118a5f7dad2b7138b1187a6b7ee55f160b9968b66013c3a3ef39dd7e5798?s=96&d=mm&r=g","contentUrl":"https:\/\/secure.gravatar.com\/avatar\/3ea2118a5f7dad2b7138b1187a6b7ee55f160b9968b66013c3a3ef39dd7e5798?s=96&d=mm&r=g","caption":"Jeanette"},"sameAs":["https:\/\/www.eldiario.net\/portal"],"url":"https:\/\/www.eldiario.net\/portal\/author\/jeanette\/"}]}},"_links":{"self":[{"href":"https:\/\/www.eldiario.net\/portal\/wp-json\/wp\/v2\/posts\/230758","targetHints":{"allow":["GET"]}}],"collection":[{"href":"https:\/\/www.eldiario.net\/portal\/wp-json\/wp\/v2\/posts"}],"about":[{"href":"https:\/\/www.eldiario.net\/portal\/wp-json\/wp\/v2\/types\/post"}],"author":[{"embeddable":true,"href":"https:\/\/www.eldiario.net\/portal\/wp-json\/wp\/v2\/users\/1"}],"replies":[{"embeddable":true,"href":"https:\/\/www.eldiario.net\/portal\/wp-json\/wp\/v2\/comments?post=230758"}],"version-history":[{"count":1,"href":"https:\/\/www.eldiario.net\/portal\/wp-json\/wp\/v2\/posts\/230758\/revisions"}],"predecessor-version":[{"id":230760,"href":"https:\/\/www.eldiario.net\/portal\/wp-json\/wp\/v2\/posts\/230758\/revisions\/230760"}],"wp:featuredmedia":[{"embeddable":true,"href":"https:\/\/www.eldiario.net\/portal\/wp-json\/wp\/v2\/media\/230759"}],"wp:attachment":[{"href":"https:\/\/www.eldiario.net\/portal\/wp-json\/wp\/v2\/media?parent=230758"}],"wp:term":[{"taxonomy":"category","embeddable":true,"href":"https:\/\/www.eldiario.net\/portal\/wp-json\/wp\/v2\/categories?post=230758"},{"taxonomy":"post_tag","embeddable":true,"href":"https:\/\/www.eldiario.net\/portal\/wp-json\/wp\/v2\/tags?post=230758"}],"curies":[{"name":"wp","href":"https:\/\/api.w.org\/{rel}","templated":true}]}}