{"id":230753,"date":"2024-06-30T07:25:58","date_gmt":"2024-06-30T11:25:58","guid":{"rendered":"https:\/\/www.eldiario.net\/portal\/?p=230753"},"modified":"2024-06-30T07:25:58","modified_gmt":"2024-06-30T11:25:58","slug":"pueblos-indigenas-exigen-ratificacion-de-accion-popular-que-protege-sus-derechos","status":"publish","type":"post","link":"https:\/\/www.eldiario.net\/portal\/2024\/06\/30\/pueblos-indigenas-exigen-ratificacion-de-accion-popular-que-protege-sus-derechos\/","title":{"rendered":"Pueblos ind\u00edgenas exigen ratificaci\u00f3n de  acci\u00f3n popular que protege sus derechos"},"content":{"rendered":"<p>Los dirigentes de la Central de Pueblos Ind\u00edgenas de La Paz (Cpilap), tienen previsto asumir en Sucre, el acto jur\u00eddico de apersonamiento para solicitar al Tribunal Constitucional Plurinacional (TCP) la ratificaci\u00f3n de la acci\u00f3n popular que protege sus derechos contra la miner\u00eda aur\u00edfera ilegal y requerir que sean informados si la resoluci\u00f3n judicial emitida por el Juez de Garant\u00edas Constitucionales de Rurrenabaque sufre alg\u00fan cambio u observaci\u00f3n.<br \/>\nLa presentaci\u00f3n del memorial ser\u00e1 ingresado por la ventanilla \u00fanica del Tribunal Constitucional Plurinacional, el pr\u00f3ximo lunes primero de julio en la ciudad de Sucre. La autoridad judicial encargada de la revisi\u00f3n de la sentencia de la Acci\u00f3n Popular favorable a la Cpilap tiene plazos perentorios para revisar la documentaci\u00f3n que est\u00e1 clasificada con el c\u00f3digo \u201cEXP 58822-AP\u201d.<br \/>\nEn junio de 2023, se mostraron los resultados alarmantes del estudio cient\u00edfico denominado \u201cImpacto de la miner\u00eda aur\u00edfera en comunidades ind\u00edgenas\u201d que se realiz\u00f3 con muestras de cabellos de m\u00e1s de 300 personas por iniciativa de la Cpilap y se conoci\u00f3 que la contaminaci\u00f3n por mercurio afecta a seis pueblos ind\u00edgenas del norte de La Paz, quienes superan de dos a siete veces el l\u00edmite permitido por las organizaciones mundiales de salud.<br \/>\nEn esa oportunidad, lamentablemente, se revel\u00f3 que los m\u00e1s afectados son los pueblos tsimane y ese ejja, que se alimentan de pescado y que habitan en la cuenca baja de los r\u00edos, donde se concentran los desechos que se originan en la parte superior por la intensiva actividad minera mecanizada que emplea el mercurio para el rescate de oro.<br \/>\nEl vicepresidente de la Cpilap, Lino Ilimuri dijo que la contaminaci\u00f3n m\u00e1s alarmante es de los hermanos ese ejjas que se alimentan de pescado continuamente y que por ello son los que tienen mayor contaminaci\u00f3n con mercurio con 6,9 ppm (partes por mill\u00f3n). Le siguen los tsimanes con 6,8 ppm, los mosetenes con 4,0 ppm, uchupiamonas con 2,5 ppm, tacanas con 2,1 ppm y los lecos con 1.9 ppm. \u201cToda la recolecci\u00f3n de muestras y sus resultados superan los l\u00edmites permitidos\u201d.<\/p>\n<p>LA ACCI\u00d3N POPULAR<br \/>\nEl art\u00edculo 135 de la Constituci\u00f3n Pol\u00edtica del Estado (CPE) se\u00f1ala que, \u201cla Acci\u00f3n Popular proceder\u00e1 contra todo acto u omisi\u00f3n de las autoridades o de personas individuales o colectivas que violen o amenacen con violar derechos e intereses colectivos, relacionados con el patrimonio, el espacio, la seguridad y salubridad p\u00fablica, el medio ambiente y otros de similar naturaleza reconocidos por esta Constituci\u00f3n\u201d.<br \/>\nLa acci\u00f3n popular fue presentada el pasado primero de agosto por los dirigentes de los pueblos ind\u00edgenas al Juzgado de Rurrenabaque, en demanda por la vulneraci\u00f3n de sus derechos a la libre determinaci\u00f3n, a la consulta previa libre e informada, al medio ambiente sano, a la gesti\u00f3n territorial, a la salud, y a la integridad del territorios de los pueblos ind\u00edgenas que conforman la Cpilap, provocada por las actividades mineras en los r\u00edos Beni, Madre de Dios y sus afluentes los r\u00edos Kaka, Alto Beni, Tuichi y Quiquibey.<br \/>\nLas instancias accionadas fueron el Ministerio de Medio Ambiente y Agua, el Ministerio de Miner\u00eda y Metalurgia, la Autoridad Jurisdiccional Administrativa Minera \u2013 AJAM (Nacional y Departamental de La Paz), el Gobierno Aut\u00f3nomo Departamental de La Paz y sus secretar\u00edas de Derechos de la Madre Tierra y de Miner\u00eda.<br \/>\nEn la Acci\u00f3n Popular se denunci\u00f3 que las autoridades han incumplido su deber de controlar y fiscalizar la actividad minera aur\u00edfera que utiliza sustancias t\u00f3xicas como el mercurio; adem\u00e1s, no han tomado medidas efectivas para proteger los derechos antes mencionados de los pueblos ind\u00edgenas que habitan la Cuenca de los r\u00edos Beni y Madre de Dios.<br \/>\nEn una primera audiencia virtual del proceso judicial que se cumpli\u00f3 el nueve de agosto de 2023, el Juez Mixto de Rurrenabaque, constituido en Tribunal de Garant\u00edas, Edwin Pallete, dictamin\u00f3 como medida cautelar la suspensi\u00f3n de las actividades mineras ilegales en los r\u00edos Beni y Madre de Dios y sus afluentes, e identific\u00f3 a la AJAM como la instancia responsable de dar cumplimiento.<br \/>\nTambi\u00e9n solicit\u00f3 al Senasag, Sedes, Ministerio de Salud y Deportes y a la UMSA, en calidad de Amicus Curiae (terceros ajenos a la disputa que aportan con argumentos u opiniones) la entrega de informes referidos a los impactos de la miner\u00eda aur\u00edfera por contaminaci\u00f3n con mercurio en los peces y en la salud de las personas.<\/p>\n<p>FALLO HIST\u00d3RICO<br \/>\nLa audiencia decisiva se realiz\u00f3 del 8 al 9 de septiembre de 2023 y se extendi\u00f3 por 15 horas, en esa oportunidad el Juzgado Mixto de Rurrenabaque determin\u00f3 conceder la tutela solicitada por la Cpilap, que fue calificada como un \u201cfallo hist\u00f3rico\u201d, porque la misma logr\u00f3 obtener medidas espec\u00edficas de protecci\u00f3n, identificando las instituciones responsables de cumplirlas.<br \/>\nRespondiendo al petitorio de los pueblos ind\u00edgenas y de acuerdo a las irrefutables pruebas que fueron presentadas en el proceso, el Juzgado de Rurrenabaque dispuso la suspensi\u00f3n de todas las actividades mineras ilegales y de aquellas que no cuenten con licencia ambiental en los r\u00edos Beni, Madre de Dios y sus afluentes, los r\u00edos Alto Beni, Kaka, Quiquibey, Tuichi y Tequeje. A su vez, estableci\u00f3 la prohibici\u00f3n de otorgar nuevos derechos mineros en las cuencas de estos r\u00edos.<br \/>\nOtro de los puntos centrales de la Resoluci\u00f3n Judicial fue el mandato a la AJAM de \u201cdesarrollar verdaderos procesos de consulta previa, de acuerdo a est\u00e1ndares internacionales y que este proceso debe alcanzar tambi\u00e9n a los casos de adecuaci\u00f3n por derechos preconstituidos\u201d.<br \/>\nResolvi\u00f3 que se garantice la participaci\u00f3n de la Cpilap y de las comunidades ind\u00edgenas, originario campesinas e incluso interculturales de la regi\u00f3n en la elaboraci\u00f3n del Plan de Nacional de control, uso y reducci\u00f3n del Mercurio.<br \/>\nDe la misma manera, el Juez orden\u00f3 a la Autoridad Jurisdiccional Administrativa Minera que en coordinaci\u00f3n con las Fuerzas Armadas y la Polic\u00eda Boliviana realicen controles rutinarios en los r\u00edos Beni y Madre de Dios, as\u00ed como tambi\u00e9n en los r\u00edos Tuichi, Quiquibey, Kaka, Alto Beni y Tequeje para controlar y evitar la proliferaci\u00f3n de la miner\u00eda ilegal.<br \/>\nLos dirigentes de la Central de Pueblos Ind\u00edgenas de La Paz coincidieron en remarcar la fundamental importancia que tiene el cumplimiento de la resoluci\u00f3n judicial de la acci\u00f3n popular, por lo que confirmaron su presencia en la ciudad de Sucre el pr\u00f3ximo lunes para presentar el memorial al Tribunal Constitucional Plurinacional exigiendo su ratificaci\u00f3n. (Cpilap)<\/p>\n","protected":false},"excerpt":{"rendered":"<p>Los dirigentes de la Central de Pueblos Ind\u00edgenas de La Paz (Cpilap), tienen previsto asumir en Sucre, el acto jur\u00eddico de apersonamiento para solicitar al Tribunal Constitucional Plurinacional (TCP) la ratificaci\u00f3n de la acci\u00f3n popular que protege sus derechos contra la miner\u00eda aur\u00edfera ilegal y requerir que sean informados si la resoluci\u00f3n judicial emitida por [&hellip;]<\/p>\n","protected":false},"author":1,"featured_media":230754,"comment_status":"open","ping_status":"open","sticky":false,"template":"","format":"standard","meta":{"_acf_changed":false,"footnotes":""},"categories":[12],"tags":[],"class_list":["post-230753","post","type-post","status-publish","format-standard","has-post-thumbnail","category-nacional"],"acf":{"antetitulo":""},"yoast_head":"<!-- This site is optimized with the Yoast SEO plugin v28.4 - https:\/\/yoast.com\/product\/yoast-seo-wordpress\/ -->\n<title>Pueblos ind\u00edgenas exigen ratificaci\u00f3n de acci\u00f3n popular que protege sus derechos - El Diario - Bolivia<\/title>\n<meta name=\"robots\" content=\"index, follow, max-snippet:-1, max-image-preview:large, max-video-preview:-1\" \/>\n<link rel=\"canonical\" href=\"https:\/\/www.eldiario.net\/portal\/2024\/06\/30\/pueblos-indigenas-exigen-ratificacion-de-accion-popular-que-protege-sus-derechos\/\" \/>\n<meta property=\"og:locale\" content=\"es_ES\" \/>\n<meta property=\"og:type\" content=\"article\" \/>\n<meta property=\"og:title\" content=\"Pueblos ind\u00edgenas exigen ratificaci\u00f3n de acci\u00f3n popular que protege sus derechos - El Diario - Bolivia\" \/>\n<meta property=\"og:description\" content=\"Los dirigentes de la Central de Pueblos Ind\u00edgenas de La Paz (Cpilap), tienen previsto asumir en Sucre, el acto jur\u00eddico de apersonamiento para solicitar al Tribunal Constitucional Plurinacional (TCP) la ratificaci\u00f3n de la acci\u00f3n popular que protege sus derechos contra la miner\u00eda aur\u00edfera ilegal y requerir que sean informados si la resoluci\u00f3n judicial emitida por [&hellip;]\" \/>\n<meta property=\"og:url\" content=\"https:\/\/www.eldiario.net\/portal\/2024\/06\/30\/pueblos-indigenas-exigen-ratificacion-de-accion-popular-que-protege-sus-derechos\/\" \/>\n<meta property=\"og:site_name\" content=\"El Diario - Bolivia\" \/>\n<meta property=\"article:publisher\" content=\"https:\/\/www.facebook.com\/eldiario.bolivia\/\" \/>\n<meta property=\"article:published_time\" content=\"2024-06-30T11:25:58+00:00\" \/>\n<meta property=\"og:image\" content=\"https:\/\/www.eldiario.net\/portal\/wp-content\/uploads\/2024\/06\/70-NAL-8.jpg\" \/>\n\t<meta property=\"og:image:width\" content=\"1200\" \/>\n\t<meta property=\"og:image:height\" content=\"675\" \/>\n\t<meta property=\"og:image:type\" content=\"image\/jpeg\" \/>\n<meta name=\"author\" content=\"Jeanette\" \/>\n<meta name=\"twitter:card\" content=\"summary_large_image\" \/>\n<meta name=\"twitter:creator\" content=\"@eldiario_net\" \/>\n<meta name=\"twitter:site\" content=\"@eldiario_net\" \/>\n<meta name=\"twitter:label1\" content=\"Escrito por\" \/>\n\t<meta name=\"twitter:data1\" content=\"Jeanette\" \/>\n\t<meta name=\"twitter:label2\" content=\"Tiempo de lectura\" \/>\n\t<meta name=\"twitter:data2\" content=\"5 minutos\" \/>\n<script type=\"application\/ld+json\" class=\"yoast-schema-graph\">{\"@context\":\"https:\\\/\\\/schema.org\",\"@graph\":[{\"@type\":\"Article\",\"@id\":\"https:\\\/\\\/www.eldiario.net\\\/portal\\\/2024\\\/06\\\/30\\\/pueblos-indigenas-exigen-ratificacion-de-accion-popular-que-protege-sus-derechos\\\/#article\",\"isPartOf\":{\"@id\":\"https:\\\/\\\/www.eldiario.net\\\/portal\\\/2024\\\/06\\\/30\\\/pueblos-indigenas-exigen-ratificacion-de-accion-popular-que-protege-sus-derechos\\\/\"},\"author\":{\"name\":\"Jeanette\",\"@id\":\"https:\\\/\\\/www.eldiario.net\\\/portal\\\/#\\\/schema\\\/person\\\/2c57cf2b7a7ae032e449e4c9b1019eac\"},\"headline\":\"Pueblos ind\u00edgenas exigen ratificaci\u00f3n de acci\u00f3n popular que protege sus derechos\",\"datePublished\":\"2024-06-30T11:25:58+00:00\",\"mainEntityOfPage\":{\"@id\":\"https:\\\/\\\/www.eldiario.net\\\/portal\\\/2024\\\/06\\\/30\\\/pueblos-indigenas-exigen-ratificacion-de-accion-popular-que-protege-sus-derechos\\\/\"},\"wordCount\":1139,\"commentCount\":0,\"publisher\":{\"@id\":\"https:\\\/\\\/www.eldiario.net\\\/portal\\\/#organization\"},\"image\":{\"@id\":\"https:\\\/\\\/www.eldiario.net\\\/portal\\\/2024\\\/06\\\/30\\\/pueblos-indigenas-exigen-ratificacion-de-accion-popular-que-protege-sus-derechos\\\/#primaryimage\"},\"thumbnailUrl\":\"https:\\\/\\\/www.eldiario.net\\\/portal\\\/wp-content\\\/uploads\\\/2024\\\/06\\\/70-NAL-8.jpg\",\"articleSection\":[\"Nacional\"],\"inLanguage\":\"es\",\"potentialAction\":[{\"@type\":\"CommentAction\",\"name\":\"Comment\",\"target\":[\"https:\\\/\\\/www.eldiario.net\\\/portal\\\/2024\\\/06\\\/30\\\/pueblos-indigenas-exigen-ratificacion-de-accion-popular-que-protege-sus-derechos\\\/#respond\"]}]},{\"@type\":\"WebPage\",\"@id\":\"https:\\\/\\\/www.eldiario.net\\\/portal\\\/2024\\\/06\\\/30\\\/pueblos-indigenas-exigen-ratificacion-de-accion-popular-que-protege-sus-derechos\\\/\",\"url\":\"https:\\\/\\\/www.eldiario.net\\\/portal\\\/2024\\\/06\\\/30\\\/pueblos-indigenas-exigen-ratificacion-de-accion-popular-que-protege-sus-derechos\\\/\",\"name\":\"Pueblos ind\u00edgenas exigen ratificaci\u00f3n de acci\u00f3n popular que protege sus derechos - El Diario - Bolivia\",\"isPartOf\":{\"@id\":\"https:\\\/\\\/www.eldiario.net\\\/portal\\\/#website\"},\"primaryImageOfPage\":{\"@id\":\"https:\\\/\\\/www.eldiario.net\\\/portal\\\/2024\\\/06\\\/30\\\/pueblos-indigenas-exigen-ratificacion-de-accion-popular-que-protege-sus-derechos\\\/#primaryimage\"},\"image\":{\"@id\":\"https:\\\/\\\/www.eldiario.net\\\/portal\\\/2024\\\/06\\\/30\\\/pueblos-indigenas-exigen-ratificacion-de-accion-popular-que-protege-sus-derechos\\\/#primaryimage\"},\"thumbnailUrl\":\"https:\\\/\\\/www.eldiario.net\\\/portal\\\/wp-content\\\/uploads\\\/2024\\\/06\\\/70-NAL-8.jpg\",\"datePublished\":\"2024-06-30T11:25:58+00:00\",\"breadcrumb\":{\"@id\":\"https:\\\/\\\/www.eldiario.net\\\/portal\\\/2024\\\/06\\\/30\\\/pueblos-indigenas-exigen-ratificacion-de-accion-popular-que-protege-sus-derechos\\\/#breadcrumb\"},\"inLanguage\":\"es\",\"potentialAction\":[{\"@type\":\"ReadAction\",\"target\":[\"https:\\\/\\\/www.eldiario.net\\\/portal\\\/2024\\\/06\\\/30\\\/pueblos-indigenas-exigen-ratificacion-de-accion-popular-que-protege-sus-derechos\\\/\"]}]},{\"@type\":\"ImageObject\",\"inLanguage\":\"es\",\"@id\":\"https:\\\/\\\/www.eldiario.net\\\/portal\\\/2024\\\/06\\\/30\\\/pueblos-indigenas-exigen-ratificacion-de-accion-popular-que-protege-sus-derechos\\\/#primaryimage\",\"url\":\"https:\\\/\\\/www.eldiario.net\\\/portal\\\/wp-content\\\/uploads\\\/2024\\\/06\\\/70-NAL-8.jpg\",\"contentUrl\":\"https:\\\/\\\/www.eldiario.net\\\/portal\\\/wp-content\\\/uploads\\\/2024\\\/06\\\/70-NAL-8.jpg\",\"width\":1200,\"height\":675,\"caption\":\"La imagen muestra la acci\u00f3n depredadora de la miner\u00eda en los r\u00edos Beni y Madre de Dios y sus afluentes.\"},{\"@type\":\"BreadcrumbList\",\"@id\":\"https:\\\/\\\/www.eldiario.net\\\/portal\\\/2024\\\/06\\\/30\\\/pueblos-indigenas-exigen-ratificacion-de-accion-popular-que-protege-sus-derechos\\\/#breadcrumb\",\"itemListElement\":[{\"@type\":\"ListItem\",\"position\":1,\"name\":\"Portada\",\"item\":\"https:\\\/\\\/www.eldiario.net\\\/portal\\\/\"},{\"@type\":\"ListItem\",\"position\":2,\"name\":\"Pueblos ind\u00edgenas exigen ratificaci\u00f3n de acci\u00f3n popular que protege sus derechos\"}]},{\"@type\":\"WebSite\",\"@id\":\"https:\\\/\\\/www.eldiario.net\\\/portal\\\/#website\",\"url\":\"https:\\\/\\\/www.eldiario.net\\\/portal\\\/\",\"name\":\"El Diario - Decano de la prensa nacional\",\"description\":\"El Diario - Decano de la prensa nacional\",\"publisher\":{\"@id\":\"https:\\\/\\\/www.eldiario.net\\\/portal\\\/#organization\"},\"potentialAction\":[{\"@type\":\"SearchAction\",\"target\":{\"@type\":\"EntryPoint\",\"urlTemplate\":\"https:\\\/\\\/www.eldiario.net\\\/portal\\\/?s={search_term_string}\"},\"query-input\":{\"@type\":\"PropertyValueSpecification\",\"valueRequired\":true,\"valueName\":\"search_term_string\"}}],\"inLanguage\":\"es\"},{\"@type\":\"Organization\",\"@id\":\"https:\\\/\\\/www.eldiario.net\\\/portal\\\/#organization\",\"name\":\"El Diario - Decano de la prensa nacional\",\"url\":\"https:\\\/\\\/www.eldiario.net\\\/portal\\\/\",\"logo\":{\"@type\":\"ImageObject\",\"inLanguage\":\"es\",\"@id\":\"https:\\\/\\\/www.eldiario.net\\\/portal\\\/#\\\/schema\\\/logo\\\/image\\\/\",\"url\":\"https:\\\/\\\/www.eldiario.net\\\/portal\\\/wp-content\\\/uploads\\\/2023\\\/07\\\/logo_ED.jpg\",\"contentUrl\":\"https:\\\/\\\/www.eldiario.net\\\/portal\\\/wp-content\\\/uploads\\\/2023\\\/07\\\/logo_ED.jpg\",\"width\":272,\"height\":52,\"caption\":\"El Diario - Decano de la prensa nacional\"},\"image\":{\"@id\":\"https:\\\/\\\/www.eldiario.net\\\/portal\\\/#\\\/schema\\\/logo\\\/image\\\/\"},\"sameAs\":[\"https:\\\/\\\/www.facebook.com\\\/eldiario.bolivia\\\/\",\"https:\\\/\\\/x.com\\\/eldiario_net\"]},{\"@type\":\"Person\",\"@id\":\"https:\\\/\\\/www.eldiario.net\\\/portal\\\/#\\\/schema\\\/person\\\/2c57cf2b7a7ae032e449e4c9b1019eac\",\"name\":\"Jeanette\",\"image\":{\"@type\":\"ImageObject\",\"inLanguage\":\"es\",\"@id\":\"https:\\\/\\\/secure.gravatar.com\\\/avatar\\\/3ea2118a5f7dad2b7138b1187a6b7ee55f160b9968b66013c3a3ef39dd7e5798?s=96&d=mm&r=g\",\"url\":\"https:\\\/\\\/secure.gravatar.com\\\/avatar\\\/3ea2118a5f7dad2b7138b1187a6b7ee55f160b9968b66013c3a3ef39dd7e5798?s=96&d=mm&r=g\",\"contentUrl\":\"https:\\\/\\\/secure.gravatar.com\\\/avatar\\\/3ea2118a5f7dad2b7138b1187a6b7ee55f160b9968b66013c3a3ef39dd7e5798?s=96&d=mm&r=g\",\"caption\":\"Jeanette\"},\"sameAs\":[\"https:\\\/\\\/www.eldiario.net\\\/portal\"],\"url\":\"https:\\\/\\\/www.eldiario.net\\\/portal\\\/author\\\/jeanette\\\/\"}]}<\/script>\n<!-- \/ Yoast SEO plugin. -->","yoast_head_json":{"title":"Pueblos ind\u00edgenas exigen ratificaci\u00f3n de acci\u00f3n popular que protege sus derechos - El Diario - Bolivia","robots":{"index":"index","follow":"follow","max-snippet":"max-snippet:-1","max-image-preview":"max-image-preview:large","max-video-preview":"max-video-preview:-1"},"canonical":"https:\/\/www.eldiario.net\/portal\/2024\/06\/30\/pueblos-indigenas-exigen-ratificacion-de-accion-popular-que-protege-sus-derechos\/","og_locale":"es_ES","og_type":"article","og_title":"Pueblos ind\u00edgenas exigen ratificaci\u00f3n de acci\u00f3n popular que protege sus derechos - El Diario - Bolivia","og_description":"Los dirigentes de la Central de Pueblos Ind\u00edgenas de La Paz (Cpilap), tienen previsto asumir en Sucre, el acto jur\u00eddico de apersonamiento para solicitar al Tribunal Constitucional Plurinacional (TCP) la ratificaci\u00f3n de la acci\u00f3n popular que protege sus derechos contra la miner\u00eda aur\u00edfera ilegal y requerir que sean informados si la resoluci\u00f3n judicial emitida por [&hellip;]","og_url":"https:\/\/www.eldiario.net\/portal\/2024\/06\/30\/pueblos-indigenas-exigen-ratificacion-de-accion-popular-que-protege-sus-derechos\/","og_site_name":"El Diario - Bolivia","article_publisher":"https:\/\/www.facebook.com\/eldiario.bolivia\/","article_published_time":"2024-06-30T11:25:58+00:00","og_image":[{"width":1200,"height":675,"url":"https:\/\/www.eldiario.net\/portal\/wp-content\/uploads\/2024\/06\/70-NAL-8.jpg","type":"image\/jpeg"}],"author":"Jeanette","twitter_card":"summary_large_image","twitter_creator":"@eldiario_net","twitter_site":"@eldiario_net","twitter_misc":{"Escrito por":"Jeanette","Tiempo de lectura":"5 minutos"},"schema":{"@context":"https:\/\/schema.org","@graph":[{"@type":"Article","@id":"https:\/\/www.eldiario.net\/portal\/2024\/06\/30\/pueblos-indigenas-exigen-ratificacion-de-accion-popular-que-protege-sus-derechos\/#article","isPartOf":{"@id":"https:\/\/www.eldiario.net\/portal\/2024\/06\/30\/pueblos-indigenas-exigen-ratificacion-de-accion-popular-que-protege-sus-derechos\/"},"author":{"name":"Jeanette","@id":"https:\/\/www.eldiario.net\/portal\/#\/schema\/person\/2c57cf2b7a7ae032e449e4c9b1019eac"},"headline":"Pueblos ind\u00edgenas exigen ratificaci\u00f3n de acci\u00f3n popular que protege sus derechos","datePublished":"2024-06-30T11:25:58+00:00","mainEntityOfPage":{"@id":"https:\/\/www.eldiario.net\/portal\/2024\/06\/30\/pueblos-indigenas-exigen-ratificacion-de-accion-popular-que-protege-sus-derechos\/"},"wordCount":1139,"commentCount":0,"publisher":{"@id":"https:\/\/www.eldiario.net\/portal\/#organization"},"image":{"@id":"https:\/\/www.eldiario.net\/portal\/2024\/06\/30\/pueblos-indigenas-exigen-ratificacion-de-accion-popular-que-protege-sus-derechos\/#primaryimage"},"thumbnailUrl":"https:\/\/www.eldiario.net\/portal\/wp-content\/uploads\/2024\/06\/70-NAL-8.jpg","articleSection":["Nacional"],"inLanguage":"es","potentialAction":[{"@type":"CommentAction","name":"Comment","target":["https:\/\/www.eldiario.net\/portal\/2024\/06\/30\/pueblos-indigenas-exigen-ratificacion-de-accion-popular-que-protege-sus-derechos\/#respond"]}]},{"@type":"WebPage","@id":"https:\/\/www.eldiario.net\/portal\/2024\/06\/30\/pueblos-indigenas-exigen-ratificacion-de-accion-popular-que-protege-sus-derechos\/","url":"https:\/\/www.eldiario.net\/portal\/2024\/06\/30\/pueblos-indigenas-exigen-ratificacion-de-accion-popular-que-protege-sus-derechos\/","name":"Pueblos ind\u00edgenas exigen ratificaci\u00f3n de acci\u00f3n popular que protege sus derechos - El Diario - Bolivia","isPartOf":{"@id":"https:\/\/www.eldiario.net\/portal\/#website"},"primaryImageOfPage":{"@id":"https:\/\/www.eldiario.net\/portal\/2024\/06\/30\/pueblos-indigenas-exigen-ratificacion-de-accion-popular-que-protege-sus-derechos\/#primaryimage"},"image":{"@id":"https:\/\/www.eldiario.net\/portal\/2024\/06\/30\/pueblos-indigenas-exigen-ratificacion-de-accion-popular-que-protege-sus-derechos\/#primaryimage"},"thumbnailUrl":"https:\/\/www.eldiario.net\/portal\/wp-content\/uploads\/2024\/06\/70-NAL-8.jpg","datePublished":"2024-06-30T11:25:58+00:00","breadcrumb":{"@id":"https:\/\/www.eldiario.net\/portal\/2024\/06\/30\/pueblos-indigenas-exigen-ratificacion-de-accion-popular-que-protege-sus-derechos\/#breadcrumb"},"inLanguage":"es","potentialAction":[{"@type":"ReadAction","target":["https:\/\/www.eldiario.net\/portal\/2024\/06\/30\/pueblos-indigenas-exigen-ratificacion-de-accion-popular-que-protege-sus-derechos\/"]}]},{"@type":"ImageObject","inLanguage":"es","@id":"https:\/\/www.eldiario.net\/portal\/2024\/06\/30\/pueblos-indigenas-exigen-ratificacion-de-accion-popular-que-protege-sus-derechos\/#primaryimage","url":"https:\/\/www.eldiario.net\/portal\/wp-content\/uploads\/2024\/06\/70-NAL-8.jpg","contentUrl":"https:\/\/www.eldiario.net\/portal\/wp-content\/uploads\/2024\/06\/70-NAL-8.jpg","width":1200,"height":675,"caption":"La imagen muestra la acci\u00f3n depredadora de la miner\u00eda en los r\u00edos Beni y Madre de Dios y sus afluentes."},{"@type":"BreadcrumbList","@id":"https:\/\/www.eldiario.net\/portal\/2024\/06\/30\/pueblos-indigenas-exigen-ratificacion-de-accion-popular-que-protege-sus-derechos\/#breadcrumb","itemListElement":[{"@type":"ListItem","position":1,"name":"Portada","item":"https:\/\/www.eldiario.net\/portal\/"},{"@type":"ListItem","position":2,"name":"Pueblos ind\u00edgenas exigen ratificaci\u00f3n de acci\u00f3n popular que protege sus derechos"}]},{"@type":"WebSite","@id":"https:\/\/www.eldiario.net\/portal\/#website","url":"https:\/\/www.eldiario.net\/portal\/","name":"El Diario - Decano de la prensa nacional","description":"El Diario - Decano de la prensa nacional","publisher":{"@id":"https:\/\/www.eldiario.net\/portal\/#organization"},"potentialAction":[{"@type":"SearchAction","target":{"@type":"EntryPoint","urlTemplate":"https:\/\/www.eldiario.net\/portal\/?s={search_term_string}"},"query-input":{"@type":"PropertyValueSpecification","valueRequired":true,"valueName":"search_term_string"}}],"inLanguage":"es"},{"@type":"Organization","@id":"https:\/\/www.eldiario.net\/portal\/#organization","name":"El Diario - Decano de la prensa nacional","url":"https:\/\/www.eldiario.net\/portal\/","logo":{"@type":"ImageObject","inLanguage":"es","@id":"https:\/\/www.eldiario.net\/portal\/#\/schema\/logo\/image\/","url":"https:\/\/www.eldiario.net\/portal\/wp-content\/uploads\/2023\/07\/logo_ED.jpg","contentUrl":"https:\/\/www.eldiario.net\/portal\/wp-content\/uploads\/2023\/07\/logo_ED.jpg","width":272,"height":52,"caption":"El Diario - Decano de la prensa nacional"},"image":{"@id":"https:\/\/www.eldiario.net\/portal\/#\/schema\/logo\/image\/"},"sameAs":["https:\/\/www.facebook.com\/eldiario.bolivia\/","https:\/\/x.com\/eldiario_net"]},{"@type":"Person","@id":"https:\/\/www.eldiario.net\/portal\/#\/schema\/person\/2c57cf2b7a7ae032e449e4c9b1019eac","name":"Jeanette","image":{"@type":"ImageObject","inLanguage":"es","@id":"https:\/\/secure.gravatar.com\/avatar\/3ea2118a5f7dad2b7138b1187a6b7ee55f160b9968b66013c3a3ef39dd7e5798?s=96&d=mm&r=g","url":"https:\/\/secure.gravatar.com\/avatar\/3ea2118a5f7dad2b7138b1187a6b7ee55f160b9968b66013c3a3ef39dd7e5798?s=96&d=mm&r=g","contentUrl":"https:\/\/secure.gravatar.com\/avatar\/3ea2118a5f7dad2b7138b1187a6b7ee55f160b9968b66013c3a3ef39dd7e5798?s=96&d=mm&r=g","caption":"Jeanette"},"sameAs":["https:\/\/www.eldiario.net\/portal"],"url":"https:\/\/www.eldiario.net\/portal\/author\/jeanette\/"}]}},"_links":{"self":[{"href":"https:\/\/www.eldiario.net\/portal\/wp-json\/wp\/v2\/posts\/230753","targetHints":{"allow":["GET"]}}],"collection":[{"href":"https:\/\/www.eldiario.net\/portal\/wp-json\/wp\/v2\/posts"}],"about":[{"href":"https:\/\/www.eldiario.net\/portal\/wp-json\/wp\/v2\/types\/post"}],"author":[{"embeddable":true,"href":"https:\/\/www.eldiario.net\/portal\/wp-json\/wp\/v2\/users\/1"}],"replies":[{"embeddable":true,"href":"https:\/\/www.eldiario.net\/portal\/wp-json\/wp\/v2\/comments?post=230753"}],"version-history":[{"count":1,"href":"https:\/\/www.eldiario.net\/portal\/wp-json\/wp\/v2\/posts\/230753\/revisions"}],"predecessor-version":[{"id":230755,"href":"https:\/\/www.eldiario.net\/portal\/wp-json\/wp\/v2\/posts\/230753\/revisions\/230755"}],"wp:featuredmedia":[{"embeddable":true,"href":"https:\/\/www.eldiario.net\/portal\/wp-json\/wp\/v2\/media\/230754"}],"wp:attachment":[{"href":"https:\/\/www.eldiario.net\/portal\/wp-json\/wp\/v2\/media?parent=230753"}],"wp:term":[{"taxonomy":"category","embeddable":true,"href":"https:\/\/www.eldiario.net\/portal\/wp-json\/wp\/v2\/categories?post=230753"},{"taxonomy":"post_tag","embeddable":true,"href":"https:\/\/www.eldiario.net\/portal\/wp-json\/wp\/v2\/tags?post=230753"}],"curies":[{"name":"wp","href":"https:\/\/api.w.org\/{rel}","templated":true}]}}