{"id":230750,"date":"2024-06-30T07:24:58","date_gmt":"2024-06-30T11:24:58","guid":{"rendered":"https:\/\/www.eldiario.net\/portal\/?p=230750"},"modified":"2024-06-30T07:24:58","modified_gmt":"2024-06-30T11:24:58","slug":"fallece-candido-tancara-castillo-periodista-comprometido-con-la-verdad","status":"publish","type":"post","link":"https:\/\/www.eldiario.net\/portal\/2024\/06\/30\/fallece-candido-tancara-castillo-periodista-comprometido-con-la-verdad\/","title":{"rendered":"Fallece C\u00e1ndido Tancara Castillo, periodista comprometido con la verdad"},"content":{"rendered":"<p>El periodista C\u00e1ndido Tancara Castillo, quien se desempe\u00f1aba como editor en Br\u00fajula Digital, falleci\u00f3 ayer debido a un infarto mientras se encontraba en su vivienda.<br \/>\nC\u00e1ndido Tancara Castillo naci\u00f3 en La Paz en 1965, era licenciado en Comunicaci\u00f3n Social de la Universidad Cat\u00f3lica Boliviana, ten\u00eda una especializaci\u00f3n en la Pontificia Universidad Cat\u00f3lica de Chile y una maestr\u00eda en la Universidad Mayor de San Andr\u00e9s.<br \/>\nComenz\u00f3 en el mundo period\u00edstico en el diario Presencia, donde fue redactor y luego editor. Posteriormente trabaj\u00f3 como editor en La Raz\u00f3n, Jefe de Redacci\u00f3n en P\u00e1gina Siete y, junto a Ra\u00fal Pe\u00f1aranda, cre\u00f3 el portal de noticias Br\u00fajula Digital.<br \/>\nSe caracterizaba por su pasi\u00f3n al trabajo, el apego a difundir siempre la verdad, por su compa\u00f1erismo y el apego a su familia. Otra de sus grandes caracter\u00edsticas fue el esfuerzo, que lo acompa\u00f1\u00f3 durante toda su vida. Su comienzo en el mundo period\u00edstico no fue la excepci\u00f3n. (Con datos de Br\u00fajula Digital)<\/p>\n","protected":false},"excerpt":{"rendered":"<p>El periodista C\u00e1ndido Tancara Castillo, quien se desempe\u00f1aba como editor en Br\u00fajula Digital, falleci\u00f3 ayer debido a un infarto mientras se encontraba en su vivienda. C\u00e1ndido Tancara Castillo naci\u00f3 en La Paz en 1965, era licenciado en Comunicaci\u00f3n Social de la Universidad Cat\u00f3lica Boliviana, ten\u00eda una especializaci\u00f3n en la Pontificia Universidad Cat\u00f3lica de Chile y [&hellip;]<\/p>\n","protected":false},"author":1,"featured_media":230751,"comment_status":"open","ping_status":"open","sticky":false,"template":"","format":"standard","meta":{"_acf_changed":false,"footnotes":""},"categories":[12],"tags":[],"class_list":["post-230750","post","type-post","status-publish","format-standard","has-post-thumbnail","category-nacional"],"acf":{"antetitulo":""},"yoast_head":"<!-- This site is optimized with the Yoast SEO plugin v28.4 - https:\/\/yoast.com\/product\/yoast-seo-wordpress\/ -->\n<title>Fallece C\u00e1ndido Tancara Castillo, periodista comprometido con la verdad - El Diario - Bolivia<\/title>\n<meta name=\"robots\" content=\"index, follow, max-snippet:-1, max-image-preview:large, max-video-preview:-1\" \/>\n<link rel=\"canonical\" href=\"https:\/\/www.eldiario.net\/portal\/2024\/06\/30\/fallece-candido-tancara-castillo-periodista-comprometido-con-la-verdad\/\" \/>\n<meta property=\"og:locale\" content=\"es_ES\" \/>\n<meta property=\"og:type\" content=\"article\" \/>\n<meta property=\"og:title\" content=\"Fallece C\u00e1ndido Tancara Castillo, periodista comprometido con la verdad - El Diario - Bolivia\" \/>\n<meta property=\"og:description\" content=\"El periodista C\u00e1ndido Tancara Castillo, quien se desempe\u00f1aba como editor en Br\u00fajula Digital, falleci\u00f3 ayer debido a un infarto mientras se encontraba en su vivienda. C\u00e1ndido Tancara Castillo naci\u00f3 en La Paz en 1965, era licenciado en Comunicaci\u00f3n Social de la Universidad Cat\u00f3lica Boliviana, ten\u00eda una especializaci\u00f3n en la Pontificia Universidad Cat\u00f3lica de Chile y [&hellip;]\" \/>\n<meta property=\"og:url\" content=\"https:\/\/www.eldiario.net\/portal\/2024\/06\/30\/fallece-candido-tancara-castillo-periodista-comprometido-con-la-verdad\/\" \/>\n<meta property=\"og:site_name\" content=\"El Diario - Bolivia\" \/>\n<meta property=\"article:publisher\" content=\"https:\/\/www.facebook.com\/eldiario.bolivia\/\" \/>\n<meta property=\"article:published_time\" content=\"2024-06-30T11:24:58+00:00\" \/>\n<meta property=\"og:image\" content=\"https:\/\/www.eldiario.net\/portal\/wp-content\/uploads\/2024\/06\/71-NAL-7.jpg\" \/>\n\t<meta property=\"og:image:width\" content=\"720\" \/>\n\t<meta property=\"og:image:height\" content=\"398\" \/>\n\t<meta property=\"og:image:type\" content=\"image\/jpeg\" \/>\n<meta name=\"author\" content=\"Jeanette\" \/>\n<meta name=\"twitter:card\" content=\"summary_large_image\" \/>\n<meta name=\"twitter:creator\" content=\"@eldiario_net\" \/>\n<meta name=\"twitter:site\" content=\"@eldiario_net\" \/>\n<meta name=\"twitter:label1\" content=\"Escrito por\" \/>\n\t<meta name=\"twitter:data1\" content=\"Jeanette\" \/>\n\t<meta name=\"twitter:label2\" content=\"Tiempo de lectura\" \/>\n\t<meta name=\"twitter:data2\" content=\"1 minuto\" \/>\n<script type=\"application\/ld+json\" class=\"yoast-schema-graph\">{\"@context\":\"https:\\\/\\\/schema.org\",\"@graph\":[{\"@type\":\"Article\",\"@id\":\"https:\\\/\\\/www.eldiario.net\\\/portal\\\/2024\\\/06\\\/30\\\/fallece-candido-tancara-castillo-periodista-comprometido-con-la-verdad\\\/#article\",\"isPartOf\":{\"@id\":\"https:\\\/\\\/www.eldiario.net\\\/portal\\\/2024\\\/06\\\/30\\\/fallece-candido-tancara-castillo-periodista-comprometido-con-la-verdad\\\/\"},\"author\":{\"name\":\"Jeanette\",\"@id\":\"https:\\\/\\\/www.eldiario.net\\\/portal\\\/#\\\/schema\\\/person\\\/2c57cf2b7a7ae032e449e4c9b1019eac\"},\"headline\":\"Fallece C\u00e1ndido Tancara Castillo, periodista comprometido con la verdad\",\"datePublished\":\"2024-06-30T11:24:58+00:00\",\"mainEntityOfPage\":{\"@id\":\"https:\\\/\\\/www.eldiario.net\\\/portal\\\/2024\\\/06\\\/30\\\/fallece-candido-tancara-castillo-periodista-comprometido-con-la-verdad\\\/\"},\"wordCount\":190,\"commentCount\":0,\"publisher\":{\"@id\":\"https:\\\/\\\/www.eldiario.net\\\/portal\\\/#organization\"},\"image\":{\"@id\":\"https:\\\/\\\/www.eldiario.net\\\/portal\\\/2024\\\/06\\\/30\\\/fallece-candido-tancara-castillo-periodista-comprometido-con-la-verdad\\\/#primaryimage\"},\"thumbnailUrl\":\"https:\\\/\\\/www.eldiario.net\\\/portal\\\/wp-content\\\/uploads\\\/2024\\\/06\\\/71-NAL-7.jpg\",\"articleSection\":[\"Nacional\"],\"inLanguage\":\"es\",\"potentialAction\":[{\"@type\":\"CommentAction\",\"name\":\"Comment\",\"target\":[\"https:\\\/\\\/www.eldiario.net\\\/portal\\\/2024\\\/06\\\/30\\\/fallece-candido-tancara-castillo-periodista-comprometido-con-la-verdad\\\/#respond\"]}]},{\"@type\":\"WebPage\",\"@id\":\"https:\\\/\\\/www.eldiario.net\\\/portal\\\/2024\\\/06\\\/30\\\/fallece-candido-tancara-castillo-periodista-comprometido-con-la-verdad\\\/\",\"url\":\"https:\\\/\\\/www.eldiario.net\\\/portal\\\/2024\\\/06\\\/30\\\/fallece-candido-tancara-castillo-periodista-comprometido-con-la-verdad\\\/\",\"name\":\"Fallece C\u00e1ndido Tancara Castillo, periodista comprometido con la verdad - El Diario - Bolivia\",\"isPartOf\":{\"@id\":\"https:\\\/\\\/www.eldiario.net\\\/portal\\\/#website\"},\"primaryImageOfPage\":{\"@id\":\"https:\\\/\\\/www.eldiario.net\\\/portal\\\/2024\\\/06\\\/30\\\/fallece-candido-tancara-castillo-periodista-comprometido-con-la-verdad\\\/#primaryimage\"},\"image\":{\"@id\":\"https:\\\/\\\/www.eldiario.net\\\/portal\\\/2024\\\/06\\\/30\\\/fallece-candido-tancara-castillo-periodista-comprometido-con-la-verdad\\\/#primaryimage\"},\"thumbnailUrl\":\"https:\\\/\\\/www.eldiario.net\\\/portal\\\/wp-content\\\/uploads\\\/2024\\\/06\\\/71-NAL-7.jpg\",\"datePublished\":\"2024-06-30T11:24:58+00:00\",\"breadcrumb\":{\"@id\":\"https:\\\/\\\/www.eldiario.net\\\/portal\\\/2024\\\/06\\\/30\\\/fallece-candido-tancara-castillo-periodista-comprometido-con-la-verdad\\\/#breadcrumb\"},\"inLanguage\":\"es\",\"potentialAction\":[{\"@type\":\"ReadAction\",\"target\":[\"https:\\\/\\\/www.eldiario.net\\\/portal\\\/2024\\\/06\\\/30\\\/fallece-candido-tancara-castillo-periodista-comprometido-con-la-verdad\\\/\"]}]},{\"@type\":\"ImageObject\",\"inLanguage\":\"es\",\"@id\":\"https:\\\/\\\/www.eldiario.net\\\/portal\\\/2024\\\/06\\\/30\\\/fallece-candido-tancara-castillo-periodista-comprometido-con-la-verdad\\\/#primaryimage\",\"url\":\"https:\\\/\\\/www.eldiario.net\\\/portal\\\/wp-content\\\/uploads\\\/2024\\\/06\\\/71-NAL-7.jpg\",\"contentUrl\":\"https:\\\/\\\/www.eldiario.net\\\/portal\\\/wp-content\\\/uploads\\\/2024\\\/06\\\/71-NAL-7.jpg\",\"width\":720,\"height\":398,\"caption\":\"C\u00c1NDIDO TANCARA CASTILLO\"},{\"@type\":\"BreadcrumbList\",\"@id\":\"https:\\\/\\\/www.eldiario.net\\\/portal\\\/2024\\\/06\\\/30\\\/fallece-candido-tancara-castillo-periodista-comprometido-con-la-verdad\\\/#breadcrumb\",\"itemListElement\":[{\"@type\":\"ListItem\",\"position\":1,\"name\":\"Portada\",\"item\":\"https:\\\/\\\/www.eldiario.net\\\/portal\\\/\"},{\"@type\":\"ListItem\",\"position\":2,\"name\":\"Fallece C\u00e1ndido Tancara Castillo, periodista comprometido con la verdad\"}]},{\"@type\":\"WebSite\",\"@id\":\"https:\\\/\\\/www.eldiario.net\\\/portal\\\/#website\",\"url\":\"https:\\\/\\\/www.eldiario.net\\\/portal\\\/\",\"name\":\"El Diario - Decano de la prensa nacional\",\"description\":\"El Diario - Decano de la prensa nacional\",\"publisher\":{\"@id\":\"https:\\\/\\\/www.eldiario.net\\\/portal\\\/#organization\"},\"potentialAction\":[{\"@type\":\"SearchAction\",\"target\":{\"@type\":\"EntryPoint\",\"urlTemplate\":\"https:\\\/\\\/www.eldiario.net\\\/portal\\\/?s={search_term_string}\"},\"query-input\":{\"@type\":\"PropertyValueSpecification\",\"valueRequired\":true,\"valueName\":\"search_term_string\"}}],\"inLanguage\":\"es\"},{\"@type\":\"Organization\",\"@id\":\"https:\\\/\\\/www.eldiario.net\\\/portal\\\/#organization\",\"name\":\"El Diario - Decano de la prensa nacional\",\"url\":\"https:\\\/\\\/www.eldiario.net\\\/portal\\\/\",\"logo\":{\"@type\":\"ImageObject\",\"inLanguage\":\"es\",\"@id\":\"https:\\\/\\\/www.eldiario.net\\\/portal\\\/#\\\/schema\\\/logo\\\/image\\\/\",\"url\":\"https:\\\/\\\/www.eldiario.net\\\/portal\\\/wp-content\\\/uploads\\\/2023\\\/07\\\/logo_ED.jpg\",\"contentUrl\":\"https:\\\/\\\/www.eldiario.net\\\/portal\\\/wp-content\\\/uploads\\\/2023\\\/07\\\/logo_ED.jpg\",\"width\":272,\"height\":52,\"caption\":\"El Diario - Decano de la prensa nacional\"},\"image\":{\"@id\":\"https:\\\/\\\/www.eldiario.net\\\/portal\\\/#\\\/schema\\\/logo\\\/image\\\/\"},\"sameAs\":[\"https:\\\/\\\/www.facebook.com\\\/eldiario.bolivia\\\/\",\"https:\\\/\\\/x.com\\\/eldiario_net\"]},{\"@type\":\"Person\",\"@id\":\"https:\\\/\\\/www.eldiario.net\\\/portal\\\/#\\\/schema\\\/person\\\/2c57cf2b7a7ae032e449e4c9b1019eac\",\"name\":\"Jeanette\",\"image\":{\"@type\":\"ImageObject\",\"inLanguage\":\"es\",\"@id\":\"https:\\\/\\\/secure.gravatar.com\\\/avatar\\\/3ea2118a5f7dad2b7138b1187a6b7ee55f160b9968b66013c3a3ef39dd7e5798?s=96&d=mm&r=g\",\"url\":\"https:\\\/\\\/secure.gravatar.com\\\/avatar\\\/3ea2118a5f7dad2b7138b1187a6b7ee55f160b9968b66013c3a3ef39dd7e5798?s=96&d=mm&r=g\",\"contentUrl\":\"https:\\\/\\\/secure.gravatar.com\\\/avatar\\\/3ea2118a5f7dad2b7138b1187a6b7ee55f160b9968b66013c3a3ef39dd7e5798?s=96&d=mm&r=g\",\"caption\":\"Jeanette\"},\"sameAs\":[\"https:\\\/\\\/www.eldiario.net\\\/portal\"],\"url\":\"https:\\\/\\\/www.eldiario.net\\\/portal\\\/author\\\/jeanette\\\/\"}]}<\/script>\n<!-- \/ Yoast SEO plugin. -->","yoast_head_json":{"title":"Fallece C\u00e1ndido Tancara Castillo, periodista comprometido con la verdad - El Diario - Bolivia","robots":{"index":"index","follow":"follow","max-snippet":"max-snippet:-1","max-image-preview":"max-image-preview:large","max-video-preview":"max-video-preview:-1"},"canonical":"https:\/\/www.eldiario.net\/portal\/2024\/06\/30\/fallece-candido-tancara-castillo-periodista-comprometido-con-la-verdad\/","og_locale":"es_ES","og_type":"article","og_title":"Fallece C\u00e1ndido Tancara Castillo, periodista comprometido con la verdad - El Diario - Bolivia","og_description":"El periodista C\u00e1ndido Tancara Castillo, quien se desempe\u00f1aba como editor en Br\u00fajula Digital, falleci\u00f3 ayer debido a un infarto mientras se encontraba en su vivienda. C\u00e1ndido Tancara Castillo naci\u00f3 en La Paz en 1965, era licenciado en Comunicaci\u00f3n Social de la Universidad Cat\u00f3lica Boliviana, ten\u00eda una especializaci\u00f3n en la Pontificia Universidad Cat\u00f3lica de Chile y [&hellip;]","og_url":"https:\/\/www.eldiario.net\/portal\/2024\/06\/30\/fallece-candido-tancara-castillo-periodista-comprometido-con-la-verdad\/","og_site_name":"El Diario - Bolivia","article_publisher":"https:\/\/www.facebook.com\/eldiario.bolivia\/","article_published_time":"2024-06-30T11:24:58+00:00","og_image":[{"width":720,"height":398,"url":"https:\/\/www.eldiario.net\/portal\/wp-content\/uploads\/2024\/06\/71-NAL-7.jpg","type":"image\/jpeg"}],"author":"Jeanette","twitter_card":"summary_large_image","twitter_creator":"@eldiario_net","twitter_site":"@eldiario_net","twitter_misc":{"Escrito por":"Jeanette","Tiempo de lectura":"1 minuto"},"schema":{"@context":"https:\/\/schema.org","@graph":[{"@type":"Article","@id":"https:\/\/www.eldiario.net\/portal\/2024\/06\/30\/fallece-candido-tancara-castillo-periodista-comprometido-con-la-verdad\/#article","isPartOf":{"@id":"https:\/\/www.eldiario.net\/portal\/2024\/06\/30\/fallece-candido-tancara-castillo-periodista-comprometido-con-la-verdad\/"},"author":{"name":"Jeanette","@id":"https:\/\/www.eldiario.net\/portal\/#\/schema\/person\/2c57cf2b7a7ae032e449e4c9b1019eac"},"headline":"Fallece C\u00e1ndido Tancara Castillo, periodista comprometido con la verdad","datePublished":"2024-06-30T11:24:58+00:00","mainEntityOfPage":{"@id":"https:\/\/www.eldiario.net\/portal\/2024\/06\/30\/fallece-candido-tancara-castillo-periodista-comprometido-con-la-verdad\/"},"wordCount":190,"commentCount":0,"publisher":{"@id":"https:\/\/www.eldiario.net\/portal\/#organization"},"image":{"@id":"https:\/\/www.eldiario.net\/portal\/2024\/06\/30\/fallece-candido-tancara-castillo-periodista-comprometido-con-la-verdad\/#primaryimage"},"thumbnailUrl":"https:\/\/www.eldiario.net\/portal\/wp-content\/uploads\/2024\/06\/71-NAL-7.jpg","articleSection":["Nacional"],"inLanguage":"es","potentialAction":[{"@type":"CommentAction","name":"Comment","target":["https:\/\/www.eldiario.net\/portal\/2024\/06\/30\/fallece-candido-tancara-castillo-periodista-comprometido-con-la-verdad\/#respond"]}]},{"@type":"WebPage","@id":"https:\/\/www.eldiario.net\/portal\/2024\/06\/30\/fallece-candido-tancara-castillo-periodista-comprometido-con-la-verdad\/","url":"https:\/\/www.eldiario.net\/portal\/2024\/06\/30\/fallece-candido-tancara-castillo-periodista-comprometido-con-la-verdad\/","name":"Fallece C\u00e1ndido Tancara Castillo, periodista comprometido con la verdad - El Diario - Bolivia","isPartOf":{"@id":"https:\/\/www.eldiario.net\/portal\/#website"},"primaryImageOfPage":{"@id":"https:\/\/www.eldiario.net\/portal\/2024\/06\/30\/fallece-candido-tancara-castillo-periodista-comprometido-con-la-verdad\/#primaryimage"},"image":{"@id":"https:\/\/www.eldiario.net\/portal\/2024\/06\/30\/fallece-candido-tancara-castillo-periodista-comprometido-con-la-verdad\/#primaryimage"},"thumbnailUrl":"https:\/\/www.eldiario.net\/portal\/wp-content\/uploads\/2024\/06\/71-NAL-7.jpg","datePublished":"2024-06-30T11:24:58+00:00","breadcrumb":{"@id":"https:\/\/www.eldiario.net\/portal\/2024\/06\/30\/fallece-candido-tancara-castillo-periodista-comprometido-con-la-verdad\/#breadcrumb"},"inLanguage":"es","potentialAction":[{"@type":"ReadAction","target":["https:\/\/www.eldiario.net\/portal\/2024\/06\/30\/fallece-candido-tancara-castillo-periodista-comprometido-con-la-verdad\/"]}]},{"@type":"ImageObject","inLanguage":"es","@id":"https:\/\/www.eldiario.net\/portal\/2024\/06\/30\/fallece-candido-tancara-castillo-periodista-comprometido-con-la-verdad\/#primaryimage","url":"https:\/\/www.eldiario.net\/portal\/wp-content\/uploads\/2024\/06\/71-NAL-7.jpg","contentUrl":"https:\/\/www.eldiario.net\/portal\/wp-content\/uploads\/2024\/06\/71-NAL-7.jpg","width":720,"height":398,"caption":"C\u00c1NDIDO TANCARA CASTILLO"},{"@type":"BreadcrumbList","@id":"https:\/\/www.eldiario.net\/portal\/2024\/06\/30\/fallece-candido-tancara-castillo-periodista-comprometido-con-la-verdad\/#breadcrumb","itemListElement":[{"@type":"ListItem","position":1,"name":"Portada","item":"https:\/\/www.eldiario.net\/portal\/"},{"@type":"ListItem","position":2,"name":"Fallece C\u00e1ndido Tancara Castillo, periodista comprometido con la verdad"}]},{"@type":"WebSite","@id":"https:\/\/www.eldiario.net\/portal\/#website","url":"https:\/\/www.eldiario.net\/portal\/","name":"El Diario - Decano de la prensa nacional","description":"El Diario - Decano de la prensa nacional","publisher":{"@id":"https:\/\/www.eldiario.net\/portal\/#organization"},"potentialAction":[{"@type":"SearchAction","target":{"@type":"EntryPoint","urlTemplate":"https:\/\/www.eldiario.net\/portal\/?s={search_term_string}"},"query-input":{"@type":"PropertyValueSpecification","valueRequired":true,"valueName":"search_term_string"}}],"inLanguage":"es"},{"@type":"Organization","@id":"https:\/\/www.eldiario.net\/portal\/#organization","name":"El Diario - Decano de la prensa nacional","url":"https:\/\/www.eldiario.net\/portal\/","logo":{"@type":"ImageObject","inLanguage":"es","@id":"https:\/\/www.eldiario.net\/portal\/#\/schema\/logo\/image\/","url":"https:\/\/www.eldiario.net\/portal\/wp-content\/uploads\/2023\/07\/logo_ED.jpg","contentUrl":"https:\/\/www.eldiario.net\/portal\/wp-content\/uploads\/2023\/07\/logo_ED.jpg","width":272,"height":52,"caption":"El Diario - Decano de la prensa nacional"},"image":{"@id":"https:\/\/www.eldiario.net\/portal\/#\/schema\/logo\/image\/"},"sameAs":["https:\/\/www.facebook.com\/eldiario.bolivia\/","https:\/\/x.com\/eldiario_net"]},{"@type":"Person","@id":"https:\/\/www.eldiario.net\/portal\/#\/schema\/person\/2c57cf2b7a7ae032e449e4c9b1019eac","name":"Jeanette","image":{"@type":"ImageObject","inLanguage":"es","@id":"https:\/\/secure.gravatar.com\/avatar\/3ea2118a5f7dad2b7138b1187a6b7ee55f160b9968b66013c3a3ef39dd7e5798?s=96&d=mm&r=g","url":"https:\/\/secure.gravatar.com\/avatar\/3ea2118a5f7dad2b7138b1187a6b7ee55f160b9968b66013c3a3ef39dd7e5798?s=96&d=mm&r=g","contentUrl":"https:\/\/secure.gravatar.com\/avatar\/3ea2118a5f7dad2b7138b1187a6b7ee55f160b9968b66013c3a3ef39dd7e5798?s=96&d=mm&r=g","caption":"Jeanette"},"sameAs":["https:\/\/www.eldiario.net\/portal"],"url":"https:\/\/www.eldiario.net\/portal\/author\/jeanette\/"}]}},"_links":{"self":[{"href":"https:\/\/www.eldiario.net\/portal\/wp-json\/wp\/v2\/posts\/230750","targetHints":{"allow":["GET"]}}],"collection":[{"href":"https:\/\/www.eldiario.net\/portal\/wp-json\/wp\/v2\/posts"}],"about":[{"href":"https:\/\/www.eldiario.net\/portal\/wp-json\/wp\/v2\/types\/post"}],"author":[{"embeddable":true,"href":"https:\/\/www.eldiario.net\/portal\/wp-json\/wp\/v2\/users\/1"}],"replies":[{"embeddable":true,"href":"https:\/\/www.eldiario.net\/portal\/wp-json\/wp\/v2\/comments?post=230750"}],"version-history":[{"count":1,"href":"https:\/\/www.eldiario.net\/portal\/wp-json\/wp\/v2\/posts\/230750\/revisions"}],"predecessor-version":[{"id":230752,"href":"https:\/\/www.eldiario.net\/portal\/wp-json\/wp\/v2\/posts\/230750\/revisions\/230752"}],"wp:featuredmedia":[{"embeddable":true,"href":"https:\/\/www.eldiario.net\/portal\/wp-json\/wp\/v2\/media\/230751"}],"wp:attachment":[{"href":"https:\/\/www.eldiario.net\/portal\/wp-json\/wp\/v2\/media?parent=230750"}],"wp:term":[{"taxonomy":"category","embeddable":true,"href":"https:\/\/www.eldiario.net\/portal\/wp-json\/wp\/v2\/categories?post=230750"},{"taxonomy":"post_tag","embeddable":true,"href":"https:\/\/www.eldiario.net\/portal\/wp-json\/wp\/v2\/tags?post=230750"}],"curies":[{"name":"wp","href":"https:\/\/api.w.org\/{rel}","templated":true}]}}