{"id":230742,"date":"2024-06-30T07:18:01","date_gmt":"2024-06-30T11:18:01","guid":{"rendered":"https:\/\/www.eldiario.net\/portal\/?p=230742"},"modified":"2024-06-30T07:18:01","modified_gmt":"2024-06-30T11:18:01","slug":"comisiones-reanudaran-preseleccion-de-candidatos","status":"publish","type":"post","link":"https:\/\/www.eldiario.net\/portal\/2024\/06\/30\/comisiones-reanudaran-preseleccion-de-candidatos\/","title":{"rendered":"Comisiones reanudar\u00e1n preselecci\u00f3n de candidatos"},"content":{"rendered":"<p>Las Comisiones Mixtas de Constituci\u00f3n y Justicia Plural, de la Asamblea Legislativa Plurinacional (ALP), instancias encargadas de llevar adelante la preselecci\u00f3n de candidatos a las elecciones judiciales, mediante comunicados, determinaron continuar con las evaluaciones orales y escritas a los postulantes, a partir de ma\u00f1ana.<br \/>\nLa Comisi\u00f3n Mixta de Constituci\u00f3n, Legislaci\u00f3n y Sistema Electoral, convoc\u00f3 a los postulantes habilitados para continuar con la preselecci\u00f3n de candidatos al Tribunal Constitucional Plurinacional y Tribunal Supremo de Justicia. La evaluaci\u00f3n de m\u00e9ritos se desarrollar\u00e1 entre el 1 y 7 de julio del a\u00f1o en curso, en el antiguo hemiciclo de la C\u00e1mara de Senadores.<br \/>\nEn el caso de la Comisi\u00f3n Mixta de Justicia Plural, Ministerio P\u00fablico y Defensa Legal del Estado, se comunic\u00f3 a los postulantes habilitados para el Tribunal Agroambiental y Consejo de la Magistratura, para reanudar el proceso de preselecci\u00f3n desde el 2 de julio del a\u00f1o en curso.<br \/>\nSe inform\u00f3 que las listas de postulantes habilitados para la fase de evaluaci\u00f3n de m\u00e9ritos mediante examen de preguntas escritas y respuestas orales, pueden ser consultadas en las p\u00e1ginas oficiales de la C\u00e1mara de Senadores.<br \/>\nAl respecto, el diputado por Comunidad Ciudadana (CC), Alejandro Reyes, sostuvo que este proceso debe continuar en instancias de la Asamblea Legislativa Plurinacional (ALP), a pesar de las trabas del ala \u201carcista\u201d en el Movimiento al Socialismo (MAS).<br \/>\nEl asamble\u00edsta dijo que el proceso debe continuar m\u00e1s all\u00e1 de las farsas y los shows montados, esa es una necesidad de fondo que exige la ciudadan\u00eda para dar garant\u00edas a una elecci\u00f3n m\u00e1s adelante.<br \/>\nPor otro lado, la diputada cruce\u00f1a Luisa Nayar destac\u00f3 que el proceso haya logrado destrabarse, a pesar al evidente boicot y las maniobras del poder para mantenerlo estancado.<\/p>\n","protected":false},"excerpt":{"rendered":"<p>Las Comisiones Mixtas de Constituci\u00f3n y Justicia Plural, de la Asamblea Legislativa Plurinacional (ALP), instancias encargadas de llevar adelante la preselecci\u00f3n de candidatos a las elecciones judiciales, mediante comunicados, determinaron continuar con las evaluaciones orales y escritas a los postulantes, a partir de ma\u00f1ana. La Comisi\u00f3n Mixta de Constituci\u00f3n, Legislaci\u00f3n y Sistema Electoral, convoc\u00f3 a [&hellip;]<\/p>\n","protected":false},"author":1,"featured_media":230743,"comment_status":"open","ping_status":"open","sticky":false,"template":"","format":"standard","meta":{"_acf_changed":false,"footnotes":""},"categories":[17],"tags":[],"class_list":["post-230742","post","type-post","status-publish","format-standard","has-post-thumbnail","category-principal"],"acf":{"antetitulo":"Elecciones judiciales "},"yoast_head":"<!-- This site is optimized with the Yoast SEO plugin v28.4 - https:\/\/yoast.com\/product\/yoast-seo-wordpress\/ -->\n<title>Comisiones reanudar\u00e1n preselecci\u00f3n de candidatos - El Diario - Bolivia<\/title>\n<meta name=\"robots\" content=\"index, follow, max-snippet:-1, max-image-preview:large, max-video-preview:-1\" \/>\n<link rel=\"canonical\" href=\"https:\/\/www.eldiario.net\/portal\/2024\/06\/30\/comisiones-reanudaran-preseleccion-de-candidatos\/\" \/>\n<meta property=\"og:locale\" content=\"es_ES\" \/>\n<meta property=\"og:type\" content=\"article\" \/>\n<meta property=\"og:title\" content=\"Comisiones reanudar\u00e1n preselecci\u00f3n de candidatos - El Diario - Bolivia\" \/>\n<meta property=\"og:description\" content=\"Las Comisiones Mixtas de Constituci\u00f3n y Justicia Plural, de la Asamblea Legislativa Plurinacional (ALP), instancias encargadas de llevar adelante la preselecci\u00f3n de candidatos a las elecciones judiciales, mediante comunicados, determinaron continuar con las evaluaciones orales y escritas a los postulantes, a partir de ma\u00f1ana. La Comisi\u00f3n Mixta de Constituci\u00f3n, Legislaci\u00f3n y Sistema Electoral, convoc\u00f3 a [&hellip;]\" \/>\n<meta property=\"og:url\" content=\"https:\/\/www.eldiario.net\/portal\/2024\/06\/30\/comisiones-reanudaran-preseleccion-de-candidatos\/\" \/>\n<meta property=\"og:site_name\" content=\"El Diario - Bolivia\" \/>\n<meta property=\"article:publisher\" content=\"https:\/\/www.facebook.com\/eldiario.bolivia\/\" \/>\n<meta property=\"article:published_time\" content=\"2024-06-30T11:18:01+00:00\" \/>\n<meta property=\"og:image\" content=\"https:\/\/www.eldiario.net\/portal\/wp-content\/uploads\/2024\/06\/P-1-15-cm-x-11.jpg.webp\" \/>\n\t<meta property=\"og:image:width\" content=\"960\" \/>\n\t<meta property=\"og:image:height\" content=\"480\" \/>\n\t<meta property=\"og:image:type\" content=\"image\/webp\" \/>\n<meta name=\"author\" content=\"Jeanette\" \/>\n<meta name=\"twitter:card\" content=\"summary_large_image\" \/>\n<meta name=\"twitter:creator\" content=\"@eldiario_net\" \/>\n<meta name=\"twitter:site\" content=\"@eldiario_net\" \/>\n<meta name=\"twitter:label1\" content=\"Escrito por\" \/>\n\t<meta name=\"twitter:data1\" content=\"Jeanette\" \/>\n\t<meta name=\"twitter:label2\" content=\"Tiempo de lectura\" \/>\n\t<meta name=\"twitter:data2\" content=\"2 minutos\" \/>\n<script type=\"application\/ld+json\" class=\"yoast-schema-graph\">{\"@context\":\"https:\\\/\\\/schema.org\",\"@graph\":[{\"@type\":\"Article\",\"@id\":\"https:\\\/\\\/www.eldiario.net\\\/portal\\\/2024\\\/06\\\/30\\\/comisiones-reanudaran-preseleccion-de-candidatos\\\/#article\",\"isPartOf\":{\"@id\":\"https:\\\/\\\/www.eldiario.net\\\/portal\\\/2024\\\/06\\\/30\\\/comisiones-reanudaran-preseleccion-de-candidatos\\\/\"},\"author\":{\"name\":\"Jeanette\",\"@id\":\"https:\\\/\\\/www.eldiario.net\\\/portal\\\/#\\\/schema\\\/person\\\/2c57cf2b7a7ae032e449e4c9b1019eac\"},\"headline\":\"Comisiones reanudar\u00e1n preselecci\u00f3n de candidatos\",\"datePublished\":\"2024-06-30T11:18:01+00:00\",\"mainEntityOfPage\":{\"@id\":\"https:\\\/\\\/www.eldiario.net\\\/portal\\\/2024\\\/06\\\/30\\\/comisiones-reanudaran-preseleccion-de-candidatos\\\/\"},\"wordCount\":313,\"commentCount\":0,\"publisher\":{\"@id\":\"https:\\\/\\\/www.eldiario.net\\\/portal\\\/#organization\"},\"image\":{\"@id\":\"https:\\\/\\\/www.eldiario.net\\\/portal\\\/2024\\\/06\\\/30\\\/comisiones-reanudaran-preseleccion-de-candidatos\\\/#primaryimage\"},\"thumbnailUrl\":\"https:\\\/\\\/www.eldiario.net\\\/portal\\\/wp-content\\\/uploads\\\/2024\\\/06\\\/P-1-15-cm-x-11.jpg.webp\",\"articleSection\":[\"Principal\"],\"inLanguage\":\"es\",\"potentialAction\":[{\"@type\":\"CommentAction\",\"name\":\"Comment\",\"target\":[\"https:\\\/\\\/www.eldiario.net\\\/portal\\\/2024\\\/06\\\/30\\\/comisiones-reanudaran-preseleccion-de-candidatos\\\/#respond\"]}]},{\"@type\":\"WebPage\",\"@id\":\"https:\\\/\\\/www.eldiario.net\\\/portal\\\/2024\\\/06\\\/30\\\/comisiones-reanudaran-preseleccion-de-candidatos\\\/\",\"url\":\"https:\\\/\\\/www.eldiario.net\\\/portal\\\/2024\\\/06\\\/30\\\/comisiones-reanudaran-preseleccion-de-candidatos\\\/\",\"name\":\"Comisiones reanudar\u00e1n preselecci\u00f3n de candidatos - El Diario - Bolivia\",\"isPartOf\":{\"@id\":\"https:\\\/\\\/www.eldiario.net\\\/portal\\\/#website\"},\"primaryImageOfPage\":{\"@id\":\"https:\\\/\\\/www.eldiario.net\\\/portal\\\/2024\\\/06\\\/30\\\/comisiones-reanudaran-preseleccion-de-candidatos\\\/#primaryimage\"},\"image\":{\"@id\":\"https:\\\/\\\/www.eldiario.net\\\/portal\\\/2024\\\/06\\\/30\\\/comisiones-reanudaran-preseleccion-de-candidatos\\\/#primaryimage\"},\"thumbnailUrl\":\"https:\\\/\\\/www.eldiario.net\\\/portal\\\/wp-content\\\/uploads\\\/2024\\\/06\\\/P-1-15-cm-x-11.jpg.webp\",\"datePublished\":\"2024-06-30T11:18:01+00:00\",\"breadcrumb\":{\"@id\":\"https:\\\/\\\/www.eldiario.net\\\/portal\\\/2024\\\/06\\\/30\\\/comisiones-reanudaran-preseleccion-de-candidatos\\\/#breadcrumb\"},\"inLanguage\":\"es\",\"potentialAction\":[{\"@type\":\"ReadAction\",\"target\":[\"https:\\\/\\\/www.eldiario.net\\\/portal\\\/2024\\\/06\\\/30\\\/comisiones-reanudaran-preseleccion-de-candidatos\\\/\"]}]},{\"@type\":\"ImageObject\",\"inLanguage\":\"es\",\"@id\":\"https:\\\/\\\/www.eldiario.net\\\/portal\\\/2024\\\/06\\\/30\\\/comisiones-reanudaran-preseleccion-de-candidatos\\\/#primaryimage\",\"url\":\"https:\\\/\\\/www.eldiario.net\\\/portal\\\/wp-content\\\/uploads\\\/2024\\\/06\\\/P-1-15-cm-x-11.jpg.webp\",\"contentUrl\":\"https:\\\/\\\/www.eldiario.net\\\/portal\\\/wp-content\\\/uploads\\\/2024\\\/06\\\/P-1-15-cm-x-11.jpg.webp\",\"width\":960,\"height\":480,\"caption\":\"Los asamble\u00edstas retomar\u00e1n el proceso de preselecci\u00f3n de postulantes para altos cargos judiciales.\"},{\"@type\":\"BreadcrumbList\",\"@id\":\"https:\\\/\\\/www.eldiario.net\\\/portal\\\/2024\\\/06\\\/30\\\/comisiones-reanudaran-preseleccion-de-candidatos\\\/#breadcrumb\",\"itemListElement\":[{\"@type\":\"ListItem\",\"position\":1,\"name\":\"Portada\",\"item\":\"https:\\\/\\\/www.eldiario.net\\\/portal\\\/\"},{\"@type\":\"ListItem\",\"position\":2,\"name\":\"Comisiones reanudar\u00e1n preselecci\u00f3n de candidatos\"}]},{\"@type\":\"WebSite\",\"@id\":\"https:\\\/\\\/www.eldiario.net\\\/portal\\\/#website\",\"url\":\"https:\\\/\\\/www.eldiario.net\\\/portal\\\/\",\"name\":\"El Diario - Decano de la prensa nacional\",\"description\":\"El Diario - Decano de la prensa nacional\",\"publisher\":{\"@id\":\"https:\\\/\\\/www.eldiario.net\\\/portal\\\/#organization\"},\"potentialAction\":[{\"@type\":\"SearchAction\",\"target\":{\"@type\":\"EntryPoint\",\"urlTemplate\":\"https:\\\/\\\/www.eldiario.net\\\/portal\\\/?s={search_term_string}\"},\"query-input\":{\"@type\":\"PropertyValueSpecification\",\"valueRequired\":true,\"valueName\":\"search_term_string\"}}],\"inLanguage\":\"es\"},{\"@type\":\"Organization\",\"@id\":\"https:\\\/\\\/www.eldiario.net\\\/portal\\\/#organization\",\"name\":\"El Diario - Decano de la prensa nacional\",\"url\":\"https:\\\/\\\/www.eldiario.net\\\/portal\\\/\",\"logo\":{\"@type\":\"ImageObject\",\"inLanguage\":\"es\",\"@id\":\"https:\\\/\\\/www.eldiario.net\\\/portal\\\/#\\\/schema\\\/logo\\\/image\\\/\",\"url\":\"https:\\\/\\\/www.eldiario.net\\\/portal\\\/wp-content\\\/uploads\\\/2023\\\/07\\\/logo_ED.jpg\",\"contentUrl\":\"https:\\\/\\\/www.eldiario.net\\\/portal\\\/wp-content\\\/uploads\\\/2023\\\/07\\\/logo_ED.jpg\",\"width\":272,\"height\":52,\"caption\":\"El Diario - Decano de la prensa nacional\"},\"image\":{\"@id\":\"https:\\\/\\\/www.eldiario.net\\\/portal\\\/#\\\/schema\\\/logo\\\/image\\\/\"},\"sameAs\":[\"https:\\\/\\\/www.facebook.com\\\/eldiario.bolivia\\\/\",\"https:\\\/\\\/x.com\\\/eldiario_net\"]},{\"@type\":\"Person\",\"@id\":\"https:\\\/\\\/www.eldiario.net\\\/portal\\\/#\\\/schema\\\/person\\\/2c57cf2b7a7ae032e449e4c9b1019eac\",\"name\":\"Jeanette\",\"image\":{\"@type\":\"ImageObject\",\"inLanguage\":\"es\",\"@id\":\"https:\\\/\\\/secure.gravatar.com\\\/avatar\\\/3ea2118a5f7dad2b7138b1187a6b7ee55f160b9968b66013c3a3ef39dd7e5798?s=96&d=mm&r=g\",\"url\":\"https:\\\/\\\/secure.gravatar.com\\\/avatar\\\/3ea2118a5f7dad2b7138b1187a6b7ee55f160b9968b66013c3a3ef39dd7e5798?s=96&d=mm&r=g\",\"contentUrl\":\"https:\\\/\\\/secure.gravatar.com\\\/avatar\\\/3ea2118a5f7dad2b7138b1187a6b7ee55f160b9968b66013c3a3ef39dd7e5798?s=96&d=mm&r=g\",\"caption\":\"Jeanette\"},\"sameAs\":[\"https:\\\/\\\/www.eldiario.net\\\/portal\"],\"url\":\"https:\\\/\\\/www.eldiario.net\\\/portal\\\/author\\\/jeanette\\\/\"}]}<\/script>\n<!-- \/ Yoast SEO plugin. -->","yoast_head_json":{"title":"Comisiones reanudar\u00e1n preselecci\u00f3n de candidatos - El Diario - Bolivia","robots":{"index":"index","follow":"follow","max-snippet":"max-snippet:-1","max-image-preview":"max-image-preview:large","max-video-preview":"max-video-preview:-1"},"canonical":"https:\/\/www.eldiario.net\/portal\/2024\/06\/30\/comisiones-reanudaran-preseleccion-de-candidatos\/","og_locale":"es_ES","og_type":"article","og_title":"Comisiones reanudar\u00e1n preselecci\u00f3n de candidatos - El Diario - Bolivia","og_description":"Las Comisiones Mixtas de Constituci\u00f3n y Justicia Plural, de la Asamblea Legislativa Plurinacional (ALP), instancias encargadas de llevar adelante la preselecci\u00f3n de candidatos a las elecciones judiciales, mediante comunicados, determinaron continuar con las evaluaciones orales y escritas a los postulantes, a partir de ma\u00f1ana. La Comisi\u00f3n Mixta de Constituci\u00f3n, Legislaci\u00f3n y Sistema Electoral, convoc\u00f3 a [&hellip;]","og_url":"https:\/\/www.eldiario.net\/portal\/2024\/06\/30\/comisiones-reanudaran-preseleccion-de-candidatos\/","og_site_name":"El Diario - Bolivia","article_publisher":"https:\/\/www.facebook.com\/eldiario.bolivia\/","article_published_time":"2024-06-30T11:18:01+00:00","og_image":[{"width":960,"height":480,"url":"https:\/\/www.eldiario.net\/portal\/wp-content\/uploads\/2024\/06\/P-1-15-cm-x-11.jpg.webp","type":"image\/webp"}],"author":"Jeanette","twitter_card":"summary_large_image","twitter_creator":"@eldiario_net","twitter_site":"@eldiario_net","twitter_misc":{"Escrito por":"Jeanette","Tiempo de lectura":"2 minutos"},"schema":{"@context":"https:\/\/schema.org","@graph":[{"@type":"Article","@id":"https:\/\/www.eldiario.net\/portal\/2024\/06\/30\/comisiones-reanudaran-preseleccion-de-candidatos\/#article","isPartOf":{"@id":"https:\/\/www.eldiario.net\/portal\/2024\/06\/30\/comisiones-reanudaran-preseleccion-de-candidatos\/"},"author":{"name":"Jeanette","@id":"https:\/\/www.eldiario.net\/portal\/#\/schema\/person\/2c57cf2b7a7ae032e449e4c9b1019eac"},"headline":"Comisiones reanudar\u00e1n preselecci\u00f3n de candidatos","datePublished":"2024-06-30T11:18:01+00:00","mainEntityOfPage":{"@id":"https:\/\/www.eldiario.net\/portal\/2024\/06\/30\/comisiones-reanudaran-preseleccion-de-candidatos\/"},"wordCount":313,"commentCount":0,"publisher":{"@id":"https:\/\/www.eldiario.net\/portal\/#organization"},"image":{"@id":"https:\/\/www.eldiario.net\/portal\/2024\/06\/30\/comisiones-reanudaran-preseleccion-de-candidatos\/#primaryimage"},"thumbnailUrl":"https:\/\/www.eldiario.net\/portal\/wp-content\/uploads\/2024\/06\/P-1-15-cm-x-11.jpg.webp","articleSection":["Principal"],"inLanguage":"es","potentialAction":[{"@type":"CommentAction","name":"Comment","target":["https:\/\/www.eldiario.net\/portal\/2024\/06\/30\/comisiones-reanudaran-preseleccion-de-candidatos\/#respond"]}]},{"@type":"WebPage","@id":"https:\/\/www.eldiario.net\/portal\/2024\/06\/30\/comisiones-reanudaran-preseleccion-de-candidatos\/","url":"https:\/\/www.eldiario.net\/portal\/2024\/06\/30\/comisiones-reanudaran-preseleccion-de-candidatos\/","name":"Comisiones reanudar\u00e1n preselecci\u00f3n de candidatos - El Diario - Bolivia","isPartOf":{"@id":"https:\/\/www.eldiario.net\/portal\/#website"},"primaryImageOfPage":{"@id":"https:\/\/www.eldiario.net\/portal\/2024\/06\/30\/comisiones-reanudaran-preseleccion-de-candidatos\/#primaryimage"},"image":{"@id":"https:\/\/www.eldiario.net\/portal\/2024\/06\/30\/comisiones-reanudaran-preseleccion-de-candidatos\/#primaryimage"},"thumbnailUrl":"https:\/\/www.eldiario.net\/portal\/wp-content\/uploads\/2024\/06\/P-1-15-cm-x-11.jpg.webp","datePublished":"2024-06-30T11:18:01+00:00","breadcrumb":{"@id":"https:\/\/www.eldiario.net\/portal\/2024\/06\/30\/comisiones-reanudaran-preseleccion-de-candidatos\/#breadcrumb"},"inLanguage":"es","potentialAction":[{"@type":"ReadAction","target":["https:\/\/www.eldiario.net\/portal\/2024\/06\/30\/comisiones-reanudaran-preseleccion-de-candidatos\/"]}]},{"@type":"ImageObject","inLanguage":"es","@id":"https:\/\/www.eldiario.net\/portal\/2024\/06\/30\/comisiones-reanudaran-preseleccion-de-candidatos\/#primaryimage","url":"https:\/\/www.eldiario.net\/portal\/wp-content\/uploads\/2024\/06\/P-1-15-cm-x-11.jpg.webp","contentUrl":"https:\/\/www.eldiario.net\/portal\/wp-content\/uploads\/2024\/06\/P-1-15-cm-x-11.jpg.webp","width":960,"height":480,"caption":"Los asamble\u00edstas retomar\u00e1n el proceso de preselecci\u00f3n de postulantes para altos cargos judiciales."},{"@type":"BreadcrumbList","@id":"https:\/\/www.eldiario.net\/portal\/2024\/06\/30\/comisiones-reanudaran-preseleccion-de-candidatos\/#breadcrumb","itemListElement":[{"@type":"ListItem","position":1,"name":"Portada","item":"https:\/\/www.eldiario.net\/portal\/"},{"@type":"ListItem","position":2,"name":"Comisiones reanudar\u00e1n preselecci\u00f3n de candidatos"}]},{"@type":"WebSite","@id":"https:\/\/www.eldiario.net\/portal\/#website","url":"https:\/\/www.eldiario.net\/portal\/","name":"El Diario - Decano de la prensa nacional","description":"El Diario - Decano de la prensa nacional","publisher":{"@id":"https:\/\/www.eldiario.net\/portal\/#organization"},"potentialAction":[{"@type":"SearchAction","target":{"@type":"EntryPoint","urlTemplate":"https:\/\/www.eldiario.net\/portal\/?s={search_term_string}"},"query-input":{"@type":"PropertyValueSpecification","valueRequired":true,"valueName":"search_term_string"}}],"inLanguage":"es"},{"@type":"Organization","@id":"https:\/\/www.eldiario.net\/portal\/#organization","name":"El Diario - Decano de la prensa nacional","url":"https:\/\/www.eldiario.net\/portal\/","logo":{"@type":"ImageObject","inLanguage":"es","@id":"https:\/\/www.eldiario.net\/portal\/#\/schema\/logo\/image\/","url":"https:\/\/www.eldiario.net\/portal\/wp-content\/uploads\/2023\/07\/logo_ED.jpg","contentUrl":"https:\/\/www.eldiario.net\/portal\/wp-content\/uploads\/2023\/07\/logo_ED.jpg","width":272,"height":52,"caption":"El Diario - Decano de la prensa nacional"},"image":{"@id":"https:\/\/www.eldiario.net\/portal\/#\/schema\/logo\/image\/"},"sameAs":["https:\/\/www.facebook.com\/eldiario.bolivia\/","https:\/\/x.com\/eldiario_net"]},{"@type":"Person","@id":"https:\/\/www.eldiario.net\/portal\/#\/schema\/person\/2c57cf2b7a7ae032e449e4c9b1019eac","name":"Jeanette","image":{"@type":"ImageObject","inLanguage":"es","@id":"https:\/\/secure.gravatar.com\/avatar\/3ea2118a5f7dad2b7138b1187a6b7ee55f160b9968b66013c3a3ef39dd7e5798?s=96&d=mm&r=g","url":"https:\/\/secure.gravatar.com\/avatar\/3ea2118a5f7dad2b7138b1187a6b7ee55f160b9968b66013c3a3ef39dd7e5798?s=96&d=mm&r=g","contentUrl":"https:\/\/secure.gravatar.com\/avatar\/3ea2118a5f7dad2b7138b1187a6b7ee55f160b9968b66013c3a3ef39dd7e5798?s=96&d=mm&r=g","caption":"Jeanette"},"sameAs":["https:\/\/www.eldiario.net\/portal"],"url":"https:\/\/www.eldiario.net\/portal\/author\/jeanette\/"}]}},"_links":{"self":[{"href":"https:\/\/www.eldiario.net\/portal\/wp-json\/wp\/v2\/posts\/230742","targetHints":{"allow":["GET"]}}],"collection":[{"href":"https:\/\/www.eldiario.net\/portal\/wp-json\/wp\/v2\/posts"}],"about":[{"href":"https:\/\/www.eldiario.net\/portal\/wp-json\/wp\/v2\/types\/post"}],"author":[{"embeddable":true,"href":"https:\/\/www.eldiario.net\/portal\/wp-json\/wp\/v2\/users\/1"}],"replies":[{"embeddable":true,"href":"https:\/\/www.eldiario.net\/portal\/wp-json\/wp\/v2\/comments?post=230742"}],"version-history":[{"count":1,"href":"https:\/\/www.eldiario.net\/portal\/wp-json\/wp\/v2\/posts\/230742\/revisions"}],"predecessor-version":[{"id":230744,"href":"https:\/\/www.eldiario.net\/portal\/wp-json\/wp\/v2\/posts\/230742\/revisions\/230744"}],"wp:featuredmedia":[{"embeddable":true,"href":"https:\/\/www.eldiario.net\/portal\/wp-json\/wp\/v2\/media\/230743"}],"wp:attachment":[{"href":"https:\/\/www.eldiario.net\/portal\/wp-json\/wp\/v2\/media?parent=230742"}],"wp:term":[{"taxonomy":"category","embeddable":true,"href":"https:\/\/www.eldiario.net\/portal\/wp-json\/wp\/v2\/categories?post=230742"},{"taxonomy":"post_tag","embeddable":true,"href":"https:\/\/www.eldiario.net\/portal\/wp-json\/wp\/v2\/tags?post=230742"}],"curies":[{"name":"wp","href":"https:\/\/api.w.org\/{rel}","templated":true}]}}