{"id":230638,"date":"2024-06-30T00:00:04","date_gmt":"2024-06-30T04:00:04","guid":{"rendered":"https:\/\/www.eldiario.net\/portal\/?p=230638"},"modified":"2024-06-29T08:01:08","modified_gmt":"2024-06-29T12:01:08","slug":"la-produccion-de-un-lugar-en-silencio-dia-uno","status":"publish","type":"post","link":"https:\/\/www.eldiario.net\/portal\/2024\/06\/30\/la-produccion-de-un-lugar-en-silencio-dia-uno\/","title":{"rendered":"La producci\u00f3n de Un Lugar en Silencio: D\u00eda Uno"},"content":{"rendered":"<p>Hace poco m\u00e1s de seis a\u00f1os, el p\u00fablico llenaba las salas de cine, paralizados y aterrorizados por un mundo inquietantemente silencioso y mortal en el que el m\u00e1s m\u00ednimo ruido puede matar. Un Lugar en Silencio, de John Krasinski y Platinum Dunes, transport\u00f3 a los espectadores a un paisaje buc\u00f3lico donde una familia joven y resistente sobrevive mediante el ingenio, el coraje y una disciplina f\u00e9rrea al ataque de alien\u00edgenas salvajes que cazan mediante el sonido. El gran \u00e9xito comercial y de cr\u00edtica de la pel\u00edcula inspir\u00f3 Un Lugar en Silencio: Parte II, tambi\u00e9n dirigida y escrita por Krasinski, en la que la familia emprende una odisea a trav\u00e9s del campo en ruinas. Las dos pel\u00edculas recaudaron en conjunto m\u00e1s de 600 millones de d\u00f3lares en todo el mundo y ambas recibieron varios elogios, incluidas nominaciones a un Premio de la Academia, un BAFTA, un Premio PGA, un Premio WGA y la primera pel\u00edcula que le vali\u00f3 a la estrella Emily Blunt el Premio SAG a la Mejor Actriz de Reparto.<br \/>\nCuando el productor Andrew Form ley\u00f3 por primera vez el gui\u00f3n original, pens\u00f3 que era una premisa genial, un concepto que nunca antes se hab\u00eda hecho. Con a\u00f1os de experiencia produciendo pel\u00edculas de terror exitosas, como la serie The Purge y remakes de Texas Chainsaw Massacre (2003) y A Nightmare on Elm Street (2010), Form sab\u00eda lo que resonar\u00eda en el p\u00fablico de terror y eso, junto con la visi\u00f3n de Krasinski de la pel\u00edcula. Narrativa basada en personajes: demostr\u00f3 ser la f\u00f3rmula perfecta para crear un fen\u00f3meno que lanz\u00f3 una franquicia. \u00abGran parte del atractivo fue que el p\u00fablico disfrut\u00f3 descubriendo c\u00f3mo sobrevivi\u00f3 esta familia\u00bb, recuerda Form.<br \/>\nKrasinski y el productor Michael Bay trabajaron juntos por primera vez en 2015 cuando el actor protagonizaba 13 Hours: The Secret Soldiers of Benghazi. A medida que Bay y sus socios de Platinum Dunes conocieron al actor, comenzaron a surgir ideas para Un lugar en silencio. \u00abMe lo pas\u00e9 muy bien trabajando con John\u00bb, recuerda Bay. \u201cApoy\u00e9 incondicionalmente la idea de que John dirigiera y protagonizara esa primera pel\u00edcula. Es un placer ver c\u00f3mo \u00e9l y Michael han mejorado su juego en esta entrega\u201d.<br \/>\nLas dos pel\u00edculas tambi\u00e9n plantearon preguntas tentadoras a los espectadores. \u00bfQu\u00e9 son estas criaturas y de d\u00f3nde vienen? \u00bfPor qu\u00e9 vinieron a la Tierra? \u00bfPodr\u00e1n ser vencidos? Mientras desarrollaba la \u00faltima entrega, Krasinski se hizo las mismas preguntas. \u00abEra hora de explorar c\u00f3mo el resto del mundo estaba afrontando esta crisis\u00bb, afirma. \u201cMe preguntaba especialmente c\u00f3mo responder\u00eda la gente en una gran ciudad como Nueva York, con todo el caos y el ruido que hay all\u00ed, con todos los millones de personas\u201d.<br \/>\nEsa idea se convirti\u00f3 en la base de Un Lugar En Silencio: D\u00eda Uno. Un d\u00eda cualquiera en Manhattan se convierte en una cat\u00e1strofe global cuando una invasi\u00f3n interplanetaria hace llover criaturas sobre la Tierra y comienza la masacre indiscriminada de la humanidad. \u00abQuer\u00eda tomar un lugar que todos conocemos y ubicarlo en circunstancias extraordinarias\u00bb, explica Krasinski. \u201cLa ciudad de Nueva York, hayas estado all\u00ed o no, te guste o no, te resulta familiar al instante. Y en un mundo donde criaturas asesinas pueden aparecer en cualquier momento, desde cualquier lugar donde detecten un ruido, Nueva York no es el mejor lugar para estar\u201d.<br \/>\nAunque esta \u00faltima pel\u00edcula presenta nuevos personajes en una nueva ubicaci\u00f3n, est\u00e1 ambientada en el mismo mundo con las mismas criaturas. \u201cY las mismas reglas\u201d, dice Form. \u201cSi te escuchan, te cazar\u00e1n. El silencio es supervivencia. Nunca hagas ning\u00fan sonido. Nunca abandones el camino que conoces. Y prep\u00e1rate para correr\u201d.<br \/>\n\tAunque compromisos anteriores impidieron a Krasinski escribir o dirigir la precuela, sigui\u00f3 involucrado como productor (junto con los productores de la franquicia Michael Bay, Form y Brad Fuller) y particip\u00f3 en la b\u00fasqueda de un nuevo cineasta. \u00abParamount estaba de acuerdo con el concepto b\u00e1sico\u00bb, dice. \u201cFuimos a buscar un guionista y director que pudiera aportar algo totalmente \u00fanico. Lo encontramos en Michael Sarnoski\u201d.<br \/>\nSarnoski, cuyo primer largometraje, Pig, fue nombrado Mejor Primer Gui\u00f3n en los Premios Independent Spirit 2022, lo impresion\u00f3 como un pensador y creador original. \u00abPens\u00e9 que ser\u00eda una elecci\u00f3n incre\u00edble para Un Lugar En Silencio: D\u00eda Uno\u00bb, dice Krasinski. \u201cNo s\u00f3lo es un cineasta extremadamente talentoso, sino que tambi\u00e9n ten\u00eda una visi\u00f3n \u00fanica de este mundo. No hab\u00eda pensado en nada parecido. Fue simplemente brillante\u201d.<br \/>\nForm dice que le encant\u00f3 todo sobre Pig. \u201cY result\u00f3 que a Michael le encantaba el mundo de Un lugar en silencio. Escuchamos su discurso y todo lo que dijo fue exactamente lo que busc\u00e1bamos. La relaci\u00f3n entre Samira y Eric es fundamental, pero tambi\u00e9n tienen que lidiar con la amenaza de las criaturas a medida que se conocen\u201d.<\/p>\n\r\n                <style type=\"text\/css\">\r\n                    \r\n                    #tdi_1  .td-doubleSlider-2 .td-item1 {\r\n                        background: url(https:\/\/www.eldiario.net\/portal\/wp-content\/uploads\/2024\/06\/La-produccion-de-Un-Lugar-en-Silencio-Dia-Uno-80x60.jpg) 0 0 no-repeat;\r\n                    }\r\n                    #tdi_1  .td-doubleSlider-2 .td-item2 {\r\n                        background: url(https:\/\/www.eldiario.net\/portal\/wp-content\/uploads\/2024\/06\/La-produccion-de-Un-Lugar-en-Silencio-Dia-Uno-2-80x60.jpg) 0 0 no-repeat;\r\n                    }\r\n                <\/style>\r\n\r\n                <div id=\"tdi_1\" class=\"td-gallery td-slide-on-2-columns\">\r\n                    <div class=\"post_td_gallery\">\r\n                        <div class=\"td-gallery-slide-top\">\r\n                           <div class=\"td-gallery-title\"><\/div>\r\n\r\n                            <div class=\"td-gallery-controls-wrapper\">\r\n                                <div class=\"td-gallery-slide-count\"><span class=\"td-gallery-slide-item-focus\">1<\/span> de 2<\/div>\r\n                                <div class=\"td-gallery-slide-prev-next-but\">\r\n                                    <i class = \"td-icon-left doubleSliderPrevButton\"><\/i>\r\n                                    <i class = \"td-icon-right doubleSliderNextButton\"><\/i>\r\n                                <\/div>\r\n                            <\/div>\r\n                        <\/div>\r\n\r\n                        <div class = \"td-doubleSlider-1 \">\r\n                            <div class = \"td-slider\">\r\n                                \r\n                    <div class = \"td-slide-item td-item1\">\r\n                        <figure class=\"td-slide-galery-figure td-slide-popup-gallery\">\r\n                            <a class=\"slide-gallery-image-link\" href=\"https:\/\/www.eldiario.net\/portal\/wp-content\/uploads\/2024\/06\/La-produccion-de-Un-Lugar-en-Silencio-Dia-Uno.jpg\" title=\"La-producci\u00f3n-de-Un-Lugar-en-Silencio-D\u00eda-Uno\"  data-caption=\"\"  data-description=\"\">\r\n                                <img decoding=\"async\" src=\"https:\/\/www.eldiario.net\/portal\/wp-content\/uploads\/2024\/06\/La-produccion-de-Un-Lugar-en-Silencio-Dia-Uno-747x420.jpg\" srcset=\"https:\/\/www.eldiario.net\/portal\/wp-content\/uploads\/2024\/06\/La-produccion-de-Un-Lugar-en-Silencio-Dia-Uno-747x420.jpg 747w, https:\/\/www.eldiario.net\/portal\/wp-content\/uploads\/2024\/06\/La-produccion-de-Un-Lugar-en-Silencio-Dia-Uno-300x169.jpg 300w, https:\/\/www.eldiario.net\/portal\/wp-content\/uploads\/2024\/06\/La-produccion-de-Un-Lugar-en-Silencio-Dia-Uno-1024x576.jpg 1024w, https:\/\/www.eldiario.net\/portal\/wp-content\/uploads\/2024\/06\/La-produccion-de-Un-Lugar-en-Silencio-Dia-Uno-768x432.jpg 768w, https:\/\/www.eldiario.net\/portal\/wp-content\/uploads\/2024\/06\/La-produccion-de-Un-Lugar-en-Silencio-Dia-Uno-696x392.jpg 696w, https:\/\/www.eldiario.net\/portal\/wp-content\/uploads\/2024\/06\/La-produccion-de-Un-Lugar-en-Silencio-Dia-Uno-1068x601.jpg 1068w, https:\/\/www.eldiario.net\/portal\/wp-content\/uploads\/2024\/06\/La-produccion-de-Un-Lugar-en-Silencio-Dia-Uno.jpg 1200w\" sizes=\"(max-width: 747px) 100vw, 747px\" alt=\"\">\r\n                            <\/a>\r\n                            \r\n                        <\/figure>\r\n                    <\/div>\r\n                    <div class = \"td-slide-item td-item2\">\r\n                        <figure class=\"td-slide-galery-figure td-slide-popup-gallery\">\r\n                            <a class=\"slide-gallery-image-link\" href=\"https:\/\/www.eldiario.net\/portal\/wp-content\/uploads\/2024\/06\/La-produccion-de-Un-Lugar-en-Silencio-Dia-Uno-2.jpg\" title=\"La-producci\u00f3n-de-Un-Lugar-en-Silencio-D\u00eda-Uno-(2)\"  data-caption=\"\"  data-description=\"\">\r\n                                <img decoding=\"async\" src=\"https:\/\/www.eldiario.net\/portal\/wp-content\/uploads\/2024\/06\/La-produccion-de-Un-Lugar-en-Silencio-Dia-Uno-2-630x420.jpg\" srcset=\"https:\/\/www.eldiario.net\/portal\/wp-content\/uploads\/2024\/06\/La-produccion-de-Un-Lugar-en-Silencio-Dia-Uno-2-630x420.jpg 630w, https:\/\/www.eldiario.net\/portal\/wp-content\/uploads\/2024\/06\/La-produccion-de-Un-Lugar-en-Silencio-Dia-Uno-2-300x200.jpg 300w, https:\/\/www.eldiario.net\/portal\/wp-content\/uploads\/2024\/06\/La-produccion-de-Un-Lugar-en-Silencio-Dia-Uno-2-1024x683.jpg 1024w, https:\/\/www.eldiario.net\/portal\/wp-content\/uploads\/2024\/06\/La-produccion-de-Un-Lugar-en-Silencio-Dia-Uno-2-768x512.jpg 768w, https:\/\/www.eldiario.net\/portal\/wp-content\/uploads\/2024\/06\/La-produccion-de-Un-Lugar-en-Silencio-Dia-Uno-2-696x464.jpg 696w, https:\/\/www.eldiario.net\/portal\/wp-content\/uploads\/2024\/06\/La-produccion-de-Un-Lugar-en-Silencio-Dia-Uno-2-1068x712.jpg 1068w, https:\/\/www.eldiario.net\/portal\/wp-content\/uploads\/2024\/06\/La-produccion-de-Un-Lugar-en-Silencio-Dia-Uno-2.jpg 1200w\" sizes=\"(max-width: 630px) 100vw, 630px\" alt=\"\">\r\n                            <\/a>\r\n                            \r\n                        <\/figure>\r\n                    <\/div>\r\n                            <\/div>\r\n                        <\/div>\r\n\r\n                        <div class = \"td-doubleSlider-2\">\r\n                            <div class = \"td-slider\">\r\n                                \r\n                    <div class = \"td-button td-item1\">\r\n                        <div class = \"td-border\"><\/div>\r\n                    <\/div>\r\n                    <div class = \"td-button td-item2\">\r\n                        <div class = \"td-border\"><\/div>\r\n                    <\/div>\r\n                            <\/div>\r\n                        <\/div>\r\n\r\n                    <\/div>\r\n\r\n                <\/div>\r\n                \n","protected":false},"excerpt":{"rendered":"<p>Hace poco m\u00e1s de seis a\u00f1os, el p\u00fablico llenaba las salas de cine, paralizados y aterrorizados por un mundo inquietantemente silencioso y mortal en el que el m\u00e1s m\u00ednimo ruido puede matar. Un Lugar en Silencio, de John Krasinski y Platinum Dunes, transport\u00f3 a los espectadores a un paisaje buc\u00f3lico donde una familia joven y [&hellip;]<\/p>\n","protected":false},"author":1,"featured_media":230639,"comment_status":"open","ping_status":"open","sticky":false,"template":"","format":"standard","meta":{"_acf_changed":false,"footnotes":""},"categories":[45],"tags":[],"class_list":["post-230638","post","type-post","status-publish","format-standard","has-post-thumbnail","category-cine-mundo"],"acf":{"antetitulo":""},"yoast_head":"<!-- This site is optimized with the Yoast SEO plugin v28.3 - https:\/\/yoast.com\/product\/yoast-seo-wordpress\/ -->\n<title>La producci\u00f3n de Un Lugar en Silencio: D\u00eda Uno - El Diario - Bolivia<\/title>\n<meta name=\"robots\" content=\"index, follow, max-snippet:-1, max-image-preview:large, max-video-preview:-1\" \/>\n<link rel=\"canonical\" href=\"https:\/\/www.eldiario.net\/portal\/2024\/06\/30\/la-produccion-de-un-lugar-en-silencio-dia-uno\/\" \/>\n<meta property=\"og:locale\" content=\"es_ES\" \/>\n<meta property=\"og:type\" content=\"article\" \/>\n<meta property=\"og:title\" content=\"La producci\u00f3n de Un Lugar en Silencio: D\u00eda Uno - El Diario - Bolivia\" \/>\n<meta property=\"og:description\" content=\"Hace poco m\u00e1s de seis a\u00f1os, el p\u00fablico llenaba las salas de cine, paralizados y aterrorizados por un mundo inquietantemente silencioso y mortal en el que el m\u00e1s m\u00ednimo ruido puede matar. Un Lugar en Silencio, de John Krasinski y Platinum Dunes, transport\u00f3 a los espectadores a un paisaje buc\u00f3lico donde una familia joven y [&hellip;]\" \/>\n<meta property=\"og:url\" content=\"https:\/\/www.eldiario.net\/portal\/2024\/06\/30\/la-produccion-de-un-lugar-en-silencio-dia-uno\/\" \/>\n<meta property=\"og:site_name\" content=\"El Diario - Bolivia\" \/>\n<meta property=\"article:publisher\" content=\"https:\/\/www.facebook.com\/eldiario.bolivia\/\" \/>\n<meta property=\"article:published_time\" content=\"2024-06-30T04:00:04+00:00\" \/>\n<meta property=\"og:image\" content=\"https:\/\/www.eldiario.net\/portal\/wp-content\/uploads\/2024\/06\/La-produccion-de-Un-Lugar-en-Silencio-Dia-Uno.jpg\" \/>\n\t<meta property=\"og:image:width\" content=\"1200\" \/>\n\t<meta property=\"og:image:height\" content=\"675\" \/>\n\t<meta property=\"og:image:type\" content=\"image\/jpeg\" \/>\n<meta name=\"author\" content=\"Jeanette\" \/>\n<meta name=\"twitter:card\" content=\"summary_large_image\" \/>\n<meta name=\"twitter:creator\" content=\"@eldiario_net\" \/>\n<meta name=\"twitter:site\" content=\"@eldiario_net\" \/>\n<meta name=\"twitter:label1\" content=\"Escrito por\" \/>\n\t<meta name=\"twitter:data1\" content=\"Jeanette\" \/>\n\t<meta name=\"twitter:label2\" content=\"Tiempo de lectura\" \/>\n\t<meta name=\"twitter:data2\" content=\"1 minuto\" \/>\n<script type=\"application\/ld+json\" class=\"yoast-schema-graph\">{\"@context\":\"https:\\\/\\\/schema.org\",\"@graph\":[{\"@type\":\"Article\",\"@id\":\"https:\\\/\\\/www.eldiario.net\\\/portal\\\/2024\\\/06\\\/30\\\/la-produccion-de-un-lugar-en-silencio-dia-uno\\\/#article\",\"isPartOf\":{\"@id\":\"https:\\\/\\\/www.eldiario.net\\\/portal\\\/2024\\\/06\\\/30\\\/la-produccion-de-un-lugar-en-silencio-dia-uno\\\/\"},\"author\":{\"name\":\"Jeanette\",\"@id\":\"https:\\\/\\\/www.eldiario.net\\\/portal\\\/#\\\/schema\\\/person\\\/f46445640444750d7d753ccd04ae01b7\"},\"headline\":\"La producci\u00f3n de Un Lugar en Silencio: D\u00eda Uno\",\"datePublished\":\"2024-06-30T04:00:04+00:00\",\"mainEntityOfPage\":{\"@id\":\"https:\\\/\\\/www.eldiario.net\\\/portal\\\/2024\\\/06\\\/30\\\/la-produccion-de-un-lugar-en-silencio-dia-uno\\\/\"},\"wordCount\":864,\"commentCount\":0,\"publisher\":{\"@id\":\"https:\\\/\\\/www.eldiario.net\\\/portal\\\/#organization\"},\"image\":{\"@id\":\"https:\\\/\\\/www.eldiario.net\\\/portal\\\/2024\\\/06\\\/30\\\/la-produccion-de-un-lugar-en-silencio-dia-uno\\\/#primaryimage\"},\"thumbnailUrl\":\"https:\\\/\\\/www.eldiario.net\\\/portal\\\/wp-content\\\/uploads\\\/2024\\\/06\\\/La-produccion-de-Un-Lugar-en-Silencio-Dia-Uno.jpg\",\"articleSection\":[\"Cine Mundo\"],\"inLanguage\":\"es\",\"potentialAction\":[{\"@type\":\"CommentAction\",\"name\":\"Comment\",\"target\":[\"https:\\\/\\\/www.eldiario.net\\\/portal\\\/2024\\\/06\\\/30\\\/la-produccion-de-un-lugar-en-silencio-dia-uno\\\/#respond\"]}]},{\"@type\":\"WebPage\",\"@id\":\"https:\\\/\\\/www.eldiario.net\\\/portal\\\/2024\\\/06\\\/30\\\/la-produccion-de-un-lugar-en-silencio-dia-uno\\\/\",\"url\":\"https:\\\/\\\/www.eldiario.net\\\/portal\\\/2024\\\/06\\\/30\\\/la-produccion-de-un-lugar-en-silencio-dia-uno\\\/\",\"name\":\"La producci\u00f3n de Un Lugar en Silencio: D\u00eda Uno - El Diario - Bolivia\",\"isPartOf\":{\"@id\":\"https:\\\/\\\/www.eldiario.net\\\/portal\\\/#website\"},\"primaryImageOfPage\":{\"@id\":\"https:\\\/\\\/www.eldiario.net\\\/portal\\\/2024\\\/06\\\/30\\\/la-produccion-de-un-lugar-en-silencio-dia-uno\\\/#primaryimage\"},\"image\":{\"@id\":\"https:\\\/\\\/www.eldiario.net\\\/portal\\\/2024\\\/06\\\/30\\\/la-produccion-de-un-lugar-en-silencio-dia-uno\\\/#primaryimage\"},\"thumbnailUrl\":\"https:\\\/\\\/www.eldiario.net\\\/portal\\\/wp-content\\\/uploads\\\/2024\\\/06\\\/La-produccion-de-Un-Lugar-en-Silencio-Dia-Uno.jpg\",\"datePublished\":\"2024-06-30T04:00:04+00:00\",\"breadcrumb\":{\"@id\":\"https:\\\/\\\/www.eldiario.net\\\/portal\\\/2024\\\/06\\\/30\\\/la-produccion-de-un-lugar-en-silencio-dia-uno\\\/#breadcrumb\"},\"inLanguage\":\"es\",\"potentialAction\":[{\"@type\":\"ReadAction\",\"target\":[\"https:\\\/\\\/www.eldiario.net\\\/portal\\\/2024\\\/06\\\/30\\\/la-produccion-de-un-lugar-en-silencio-dia-uno\\\/\"]}]},{\"@type\":\"ImageObject\",\"inLanguage\":\"es\",\"@id\":\"https:\\\/\\\/www.eldiario.net\\\/portal\\\/2024\\\/06\\\/30\\\/la-produccion-de-un-lugar-en-silencio-dia-uno\\\/#primaryimage\",\"url\":\"https:\\\/\\\/www.eldiario.net\\\/portal\\\/wp-content\\\/uploads\\\/2024\\\/06\\\/La-produccion-de-Un-Lugar-en-Silencio-Dia-Uno.jpg\",\"contentUrl\":\"https:\\\/\\\/www.eldiario.net\\\/portal\\\/wp-content\\\/uploads\\\/2024\\\/06\\\/La-produccion-de-Un-Lugar-en-Silencio-Dia-Uno.jpg\",\"width\":1200,\"height\":675},{\"@type\":\"BreadcrumbList\",\"@id\":\"https:\\\/\\\/www.eldiario.net\\\/portal\\\/2024\\\/06\\\/30\\\/la-produccion-de-un-lugar-en-silencio-dia-uno\\\/#breadcrumb\",\"itemListElement\":[{\"@type\":\"ListItem\",\"position\":1,\"name\":\"Portada\",\"item\":\"https:\\\/\\\/www.eldiario.net\\\/portal\\\/\"},{\"@type\":\"ListItem\",\"position\":2,\"name\":\"La producci\u00f3n de Un Lugar en Silencio: D\u00eda Uno\"}]},{\"@type\":\"WebSite\",\"@id\":\"https:\\\/\\\/www.eldiario.net\\\/portal\\\/#website\",\"url\":\"https:\\\/\\\/www.eldiario.net\\\/portal\\\/\",\"name\":\"El Diario - Decano de la prensa nacional\",\"description\":\"El Diario - Decano de la prensa nacional\",\"publisher\":{\"@id\":\"https:\\\/\\\/www.eldiario.net\\\/portal\\\/#organization\"},\"potentialAction\":[{\"@type\":\"SearchAction\",\"target\":{\"@type\":\"EntryPoint\",\"urlTemplate\":\"https:\\\/\\\/www.eldiario.net\\\/portal\\\/?s={search_term_string}\"},\"query-input\":{\"@type\":\"PropertyValueSpecification\",\"valueRequired\":true,\"valueName\":\"search_term_string\"}}],\"inLanguage\":\"es\"},{\"@type\":\"Organization\",\"@id\":\"https:\\\/\\\/www.eldiario.net\\\/portal\\\/#organization\",\"name\":\"El Diario - Decano de la prensa nacional\",\"url\":\"https:\\\/\\\/www.eldiario.net\\\/portal\\\/\",\"logo\":{\"@type\":\"ImageObject\",\"inLanguage\":\"es\",\"@id\":\"https:\\\/\\\/www.eldiario.net\\\/portal\\\/#\\\/schema\\\/logo\\\/image\\\/\",\"url\":\"https:\\\/\\\/www.eldiario.net\\\/portal\\\/wp-content\\\/uploads\\\/2023\\\/07\\\/logo_ED.jpg\",\"contentUrl\":\"https:\\\/\\\/www.eldiario.net\\\/portal\\\/wp-content\\\/uploads\\\/2023\\\/07\\\/logo_ED.jpg\",\"width\":272,\"height\":52,\"caption\":\"El Diario - Decano de la prensa nacional\"},\"image\":{\"@id\":\"https:\\\/\\\/www.eldiario.net\\\/portal\\\/#\\\/schema\\\/logo\\\/image\\\/\"},\"sameAs\":[\"https:\\\/\\\/www.facebook.com\\\/eldiario.bolivia\\\/\",\"https:\\\/\\\/x.com\\\/eldiario_net\"]},{\"@type\":\"Person\",\"@id\":\"https:\\\/\\\/www.eldiario.net\\\/portal\\\/#\\\/schema\\\/person\\\/f46445640444750d7d753ccd04ae01b7\",\"name\":\"Jeanette\",\"image\":{\"@type\":\"ImageObject\",\"inLanguage\":\"es\",\"@id\":\"https:\\\/\\\/secure.gravatar.com\\\/avatar\\\/3ea2118a5f7dad2b7138b1187a6b7ee55f160b9968b66013c3a3ef39dd7e5798?s=96&d=mm&r=g\",\"url\":\"https:\\\/\\\/secure.gravatar.com\\\/avatar\\\/3ea2118a5f7dad2b7138b1187a6b7ee55f160b9968b66013c3a3ef39dd7e5798?s=96&d=mm&r=g\",\"contentUrl\":\"https:\\\/\\\/secure.gravatar.com\\\/avatar\\\/3ea2118a5f7dad2b7138b1187a6b7ee55f160b9968b66013c3a3ef39dd7e5798?s=96&d=mm&r=g\",\"caption\":\"Jeanette\"},\"sameAs\":[\"https:\\\/\\\/www.eldiario.net\\\/portal\"],\"url\":\"https:\\\/\\\/www.eldiario.net\\\/portal\\\/author\\\/jeanette\\\/\"}]}<\/script>\n<!-- \/ Yoast SEO plugin. -->","yoast_head_json":{"title":"La producci\u00f3n de Un Lugar en Silencio: D\u00eda Uno - El Diario - Bolivia","robots":{"index":"index","follow":"follow","max-snippet":"max-snippet:-1","max-image-preview":"max-image-preview:large","max-video-preview":"max-video-preview:-1"},"canonical":"https:\/\/www.eldiario.net\/portal\/2024\/06\/30\/la-produccion-de-un-lugar-en-silencio-dia-uno\/","og_locale":"es_ES","og_type":"article","og_title":"La producci\u00f3n de Un Lugar en Silencio: D\u00eda Uno - El Diario - Bolivia","og_description":"Hace poco m\u00e1s de seis a\u00f1os, el p\u00fablico llenaba las salas de cine, paralizados y aterrorizados por un mundo inquietantemente silencioso y mortal en el que el m\u00e1s m\u00ednimo ruido puede matar. Un Lugar en Silencio, de John Krasinski y Platinum Dunes, transport\u00f3 a los espectadores a un paisaje buc\u00f3lico donde una familia joven y [&hellip;]","og_url":"https:\/\/www.eldiario.net\/portal\/2024\/06\/30\/la-produccion-de-un-lugar-en-silencio-dia-uno\/","og_site_name":"El Diario - Bolivia","article_publisher":"https:\/\/www.facebook.com\/eldiario.bolivia\/","article_published_time":"2024-06-30T04:00:04+00:00","og_image":[{"width":1200,"height":675,"url":"https:\/\/www.eldiario.net\/portal\/wp-content\/uploads\/2024\/06\/La-produccion-de-Un-Lugar-en-Silencio-Dia-Uno.jpg","type":"image\/jpeg"}],"author":"Jeanette","twitter_card":"summary_large_image","twitter_creator":"@eldiario_net","twitter_site":"@eldiario_net","twitter_misc":{"Escrito por":"Jeanette","Tiempo de lectura":"1 minuto"},"schema":{"@context":"https:\/\/schema.org","@graph":[{"@type":"Article","@id":"https:\/\/www.eldiario.net\/portal\/2024\/06\/30\/la-produccion-de-un-lugar-en-silencio-dia-uno\/#article","isPartOf":{"@id":"https:\/\/www.eldiario.net\/portal\/2024\/06\/30\/la-produccion-de-un-lugar-en-silencio-dia-uno\/"},"author":{"name":"Jeanette","@id":"https:\/\/www.eldiario.net\/portal\/#\/schema\/person\/f46445640444750d7d753ccd04ae01b7"},"headline":"La producci\u00f3n de Un Lugar en Silencio: D\u00eda Uno","datePublished":"2024-06-30T04:00:04+00:00","mainEntityOfPage":{"@id":"https:\/\/www.eldiario.net\/portal\/2024\/06\/30\/la-produccion-de-un-lugar-en-silencio-dia-uno\/"},"wordCount":864,"commentCount":0,"publisher":{"@id":"https:\/\/www.eldiario.net\/portal\/#organization"},"image":{"@id":"https:\/\/www.eldiario.net\/portal\/2024\/06\/30\/la-produccion-de-un-lugar-en-silencio-dia-uno\/#primaryimage"},"thumbnailUrl":"https:\/\/www.eldiario.net\/portal\/wp-content\/uploads\/2024\/06\/La-produccion-de-Un-Lugar-en-Silencio-Dia-Uno.jpg","articleSection":["Cine Mundo"],"inLanguage":"es","potentialAction":[{"@type":"CommentAction","name":"Comment","target":["https:\/\/www.eldiario.net\/portal\/2024\/06\/30\/la-produccion-de-un-lugar-en-silencio-dia-uno\/#respond"]}]},{"@type":"WebPage","@id":"https:\/\/www.eldiario.net\/portal\/2024\/06\/30\/la-produccion-de-un-lugar-en-silencio-dia-uno\/","url":"https:\/\/www.eldiario.net\/portal\/2024\/06\/30\/la-produccion-de-un-lugar-en-silencio-dia-uno\/","name":"La producci\u00f3n de Un Lugar en Silencio: D\u00eda Uno - El Diario - Bolivia","isPartOf":{"@id":"https:\/\/www.eldiario.net\/portal\/#website"},"primaryImageOfPage":{"@id":"https:\/\/www.eldiario.net\/portal\/2024\/06\/30\/la-produccion-de-un-lugar-en-silencio-dia-uno\/#primaryimage"},"image":{"@id":"https:\/\/www.eldiario.net\/portal\/2024\/06\/30\/la-produccion-de-un-lugar-en-silencio-dia-uno\/#primaryimage"},"thumbnailUrl":"https:\/\/www.eldiario.net\/portal\/wp-content\/uploads\/2024\/06\/La-produccion-de-Un-Lugar-en-Silencio-Dia-Uno.jpg","datePublished":"2024-06-30T04:00:04+00:00","breadcrumb":{"@id":"https:\/\/www.eldiario.net\/portal\/2024\/06\/30\/la-produccion-de-un-lugar-en-silencio-dia-uno\/#breadcrumb"},"inLanguage":"es","potentialAction":[{"@type":"ReadAction","target":["https:\/\/www.eldiario.net\/portal\/2024\/06\/30\/la-produccion-de-un-lugar-en-silencio-dia-uno\/"]}]},{"@type":"ImageObject","inLanguage":"es","@id":"https:\/\/www.eldiario.net\/portal\/2024\/06\/30\/la-produccion-de-un-lugar-en-silencio-dia-uno\/#primaryimage","url":"https:\/\/www.eldiario.net\/portal\/wp-content\/uploads\/2024\/06\/La-produccion-de-Un-Lugar-en-Silencio-Dia-Uno.jpg","contentUrl":"https:\/\/www.eldiario.net\/portal\/wp-content\/uploads\/2024\/06\/La-produccion-de-Un-Lugar-en-Silencio-Dia-Uno.jpg","width":1200,"height":675},{"@type":"BreadcrumbList","@id":"https:\/\/www.eldiario.net\/portal\/2024\/06\/30\/la-produccion-de-un-lugar-en-silencio-dia-uno\/#breadcrumb","itemListElement":[{"@type":"ListItem","position":1,"name":"Portada","item":"https:\/\/www.eldiario.net\/portal\/"},{"@type":"ListItem","position":2,"name":"La producci\u00f3n de Un Lugar en Silencio: D\u00eda Uno"}]},{"@type":"WebSite","@id":"https:\/\/www.eldiario.net\/portal\/#website","url":"https:\/\/www.eldiario.net\/portal\/","name":"El Diario - Decano de la prensa nacional","description":"El Diario - Decano de la prensa nacional","publisher":{"@id":"https:\/\/www.eldiario.net\/portal\/#organization"},"potentialAction":[{"@type":"SearchAction","target":{"@type":"EntryPoint","urlTemplate":"https:\/\/www.eldiario.net\/portal\/?s={search_term_string}"},"query-input":{"@type":"PropertyValueSpecification","valueRequired":true,"valueName":"search_term_string"}}],"inLanguage":"es"},{"@type":"Organization","@id":"https:\/\/www.eldiario.net\/portal\/#organization","name":"El Diario - Decano de la prensa nacional","url":"https:\/\/www.eldiario.net\/portal\/","logo":{"@type":"ImageObject","inLanguage":"es","@id":"https:\/\/www.eldiario.net\/portal\/#\/schema\/logo\/image\/","url":"https:\/\/www.eldiario.net\/portal\/wp-content\/uploads\/2023\/07\/logo_ED.jpg","contentUrl":"https:\/\/www.eldiario.net\/portal\/wp-content\/uploads\/2023\/07\/logo_ED.jpg","width":272,"height":52,"caption":"El Diario - Decano de la prensa nacional"},"image":{"@id":"https:\/\/www.eldiario.net\/portal\/#\/schema\/logo\/image\/"},"sameAs":["https:\/\/www.facebook.com\/eldiario.bolivia\/","https:\/\/x.com\/eldiario_net"]},{"@type":"Person","@id":"https:\/\/www.eldiario.net\/portal\/#\/schema\/person\/f46445640444750d7d753ccd04ae01b7","name":"Jeanette","image":{"@type":"ImageObject","inLanguage":"es","@id":"https:\/\/secure.gravatar.com\/avatar\/3ea2118a5f7dad2b7138b1187a6b7ee55f160b9968b66013c3a3ef39dd7e5798?s=96&d=mm&r=g","url":"https:\/\/secure.gravatar.com\/avatar\/3ea2118a5f7dad2b7138b1187a6b7ee55f160b9968b66013c3a3ef39dd7e5798?s=96&d=mm&r=g","contentUrl":"https:\/\/secure.gravatar.com\/avatar\/3ea2118a5f7dad2b7138b1187a6b7ee55f160b9968b66013c3a3ef39dd7e5798?s=96&d=mm&r=g","caption":"Jeanette"},"sameAs":["https:\/\/www.eldiario.net\/portal"],"url":"https:\/\/www.eldiario.net\/portal\/author\/jeanette\/"}]}},"_links":{"self":[{"href":"https:\/\/www.eldiario.net\/portal\/wp-json\/wp\/v2\/posts\/230638","targetHints":{"allow":["GET"]}}],"collection":[{"href":"https:\/\/www.eldiario.net\/portal\/wp-json\/wp\/v2\/posts"}],"about":[{"href":"https:\/\/www.eldiario.net\/portal\/wp-json\/wp\/v2\/types\/post"}],"author":[{"embeddable":true,"href":"https:\/\/www.eldiario.net\/portal\/wp-json\/wp\/v2\/users\/1"}],"replies":[{"embeddable":true,"href":"https:\/\/www.eldiario.net\/portal\/wp-json\/wp\/v2\/comments?post=230638"}],"version-history":[{"count":1,"href":"https:\/\/www.eldiario.net\/portal\/wp-json\/wp\/v2\/posts\/230638\/revisions"}],"predecessor-version":[{"id":230641,"href":"https:\/\/www.eldiario.net\/portal\/wp-json\/wp\/v2\/posts\/230638\/revisions\/230641"}],"wp:featuredmedia":[{"embeddable":true,"href":"https:\/\/www.eldiario.net\/portal\/wp-json\/wp\/v2\/media\/230639"}],"wp:attachment":[{"href":"https:\/\/www.eldiario.net\/portal\/wp-json\/wp\/v2\/media?parent=230638"}],"wp:term":[{"taxonomy":"category","embeddable":true,"href":"https:\/\/www.eldiario.net\/portal\/wp-json\/wp\/v2\/categories?post=230638"},{"taxonomy":"post_tag","embeddable":true,"href":"https:\/\/www.eldiario.net\/portal\/wp-json\/wp\/v2\/tags?post=230638"}],"curies":[{"name":"wp","href":"https:\/\/api.w.org\/{rel}","templated":true}]}}