{"id":230624,"date":"2024-06-30T00:54:33","date_gmt":"2024-06-30T04:54:33","guid":{"rendered":"https:\/\/www.eldiario.net\/portal\/?p=230624"},"modified":"2024-06-29T07:56:05","modified_gmt":"2024-06-29T11:56:05","slug":"una-nueva-vision-de-un-lugar-en-silencio","status":"publish","type":"post","link":"https:\/\/www.eldiario.net\/portal\/2024\/06\/30\/una-nueva-vision-de-un-lugar-en-silencio\/","title":{"rendered":"Una nueva visi\u00f3n de Un Lugar en Silencio"},"content":{"rendered":"<p>Para Michael Sarnoski, la original Un lugar en silencio fue inolvidable, en gran parte debido a su excepcional ejecuci\u00f3n. \u00abJohn tom\u00f3 el concepto y lo llev\u00f3 a nuevas alturas, era muy elevado y estaba impulsado por los personajes\u00bb, dice. \u201cLas dos primeras pel\u00edculas tratan sobre una familia, as\u00ed que expand\u00ed el mundo, pero eso fue s\u00f3lo incidental. Lo fundamental fue asegurarse de que las historias de los personajes ocuparan un lugar central\u201d.<br \/>\nSarnoski ha elaborado una fascinante historia sobre el d\u00eda en que el dominio mundial termina abruptamente para la humanidad. A diferencia de la historia \u00edntima de John Krasinski sobre cuatro personas que ya est\u00e1n familiarizadas con las reglas de sus nuevas vidas, los personajes de Sarnoski se sumergen instant\u00e1neamente en el terror cuando las criaturas descienden al centro de Manhattan. No tienen m\u00e1s remedio que adaptarse a las leyes del silencio para sobrevivir mientras observan c\u00f3mo se desarrollan los horribles acontecimientos en tiempo real.<br \/>\n\u00abEl \u00fanico par\u00e1metro que me dieron fue que ten\u00eda que establecerse en la ciudad de Nueva York\u00bb, dice Sarnoski. \u201cPara ser honesto, al principio no estaba seguro de querer hacer una historia de invasi\u00f3n ambientada en Manhattan. Parece ser todo un g\u00e9nero en s\u00ed mismo. Entonces supe que, si iba a hacerlo, tendr\u00eda que ser completamente diferente a todo lo anterior\u201d.<br \/>\nDesechando lo que consideraba convenciones gastadas, Sarnoski aterriz\u00f3 en la historia que quer\u00eda contar. \u201cLe di a John una presentaci\u00f3n de un minuto sobre una mujer que llega a Nueva York en busca de su pizza favorita justo cuando el mundo se est\u00e1 acabando. La respuesta de John fue: &#8216;\u00a1S\u00ed! Vamos a hacerlo'\u00bb.<br \/>\nSarnoski sugiri\u00f3 que John Krasinski y Andrew Form se reunieran con Pat Scola, el director de fotograf\u00eda de Pig, quien ten\u00eda algunas ideas innovadoras propias. Tal como Scola imagin\u00f3 la ciudad de Nueva York en la pel\u00edcula, era un lugar dr\u00e1sticamente diferente. No hay electricidad, los edificios est\u00e1n en llamas, hay oscuridad e inundaciones subterr\u00e1neas. \u00abHab\u00eda muchos elementos de estilizaci\u00f3n que eran necesarios para la est\u00e9tica de una pel\u00edcula\u00bb, dice Scola. \u201cPero una de las cosas a las que Michael y yo intentamos aferrarnos fue mantener viva la perspectiva humana. Quer\u00edamos permitir que la c\u00e1mara viviera de una manera muy arraigada y subjetiva para estas personas para que podamos experimentar lo que est\u00e1n pasando\u201d.<br \/>\nSarnoski y Scola hab\u00edan desarrollado una estrecha relaci\u00f3n mientras filmaban Pig. \u201cPensamos de la misma manera\u201d, dice el director. \u201cPodemos intercambiar ideas y terminar las oraciones de cada uno. Esa din\u00e1mica funcion\u00f3 bien en Pig, as\u00ed que quer\u00eda volver a trabajar con Pat. Es extremadamente detallista y est\u00e1 familiarizado con cada detalle de la tecnolog\u00eda, pero tambi\u00e9n es un verdadero artista. Est\u00e1 constantemente pensando en lo que queremos transmitir emocionalmente, no s\u00f3lo en crear una imagen bonita\u201d.<br \/>\nSarnoski comenz\u00f3 a trabajar en el gui\u00f3n en febrero de 2022 en Nueva York, una ciudad que hab\u00eda visitado, pero en la que nunca vivi\u00f3. Deambulando por las calles para empaparse de la atm\u00f3sfera, Sarnoski descubri\u00f3 muchos de los lugares que aparecer\u00edan en la pel\u00edcula. Su primera prioridad fue desarrollar a su protagonista, Samira, una mujer que creci\u00f3 en Nueva York, pero se fue hace mucho tiempo. \u00abQuer\u00eda que casi todo lo que vemos en la pel\u00edcula fuera a trav\u00e9s de su lente mientras ella intenta descubrir este mundo\u00bb.<br \/>\nSarnoski se reuni\u00f3 peri\u00f3dicamente con Krasinski para revisar cada borrador, pero dice que en su mayor parte se le dio total libertad creativa. \u201cSi necesitaba una aclaraci\u00f3n sobre algo, pod\u00eda ped\u00edrsela a John. De lo contrario, simplemente me dej\u00f3 jugar con lo que quer\u00eda hacer\u201d.<\/p>\n\r\n                <style type=\"text\/css\">\r\n                    \r\n                    #tdi_1  .td-doubleSlider-2 .td-item1 {\r\n                        background: url(https:\/\/www.eldiario.net\/portal\/wp-content\/uploads\/2024\/06\/Una-nueva-vision-de-Un-Lugar-en-Silencio-2-80x60.jpg) 0 0 no-repeat;\r\n                    }\r\n                    #tdi_1  .td-doubleSlider-2 .td-item2 {\r\n                        background: url(https:\/\/www.eldiario.net\/portal\/wp-content\/uploads\/2024\/06\/Una-nueva-vision-de-Un-Lugar-en-Silencio-2-2-80x60.jpg) 0 0 no-repeat;\r\n                    }\r\n                <\/style>\r\n\r\n                <div id=\"tdi_1\" class=\"td-gallery td-slide-on-2-columns\">\r\n                    <div class=\"post_td_gallery\">\r\n                        <div class=\"td-gallery-slide-top\">\r\n                           <div class=\"td-gallery-title\"><\/div>\r\n\r\n                            <div class=\"td-gallery-controls-wrapper\">\r\n                                <div class=\"td-gallery-slide-count\"><span class=\"td-gallery-slide-item-focus\">1<\/span> de 2<\/div>\r\n                                <div class=\"td-gallery-slide-prev-next-but\">\r\n                                    <i class = \"td-icon-left doubleSliderPrevButton\"><\/i>\r\n                                    <i class = \"td-icon-right doubleSliderNextButton\"><\/i>\r\n                                <\/div>\r\n                            <\/div>\r\n                        <\/div>\r\n\r\n                        <div class = \"td-doubleSlider-1 \">\r\n                            <div class = \"td-slider\">\r\n                                \r\n                    <div class = \"td-slide-item td-item1\">\r\n                        <figure class=\"td-slide-galery-figure td-slide-popup-gallery\">\r\n                            <a class=\"slide-gallery-image-link\" href=\"https:\/\/www.eldiario.net\/portal\/wp-content\/uploads\/2024\/06\/Una-nueva-vision-de-Un-Lugar-en-Silencio-2.jpg\" title=\"Una-nueva-visi\u00f3n-de-Un-Lugar-en-Silencio-2\"  data-caption=\"\"  data-description=\"\">\r\n                                <img decoding=\"async\" src=\"https:\/\/www.eldiario.net\/portal\/wp-content\/uploads\/2024\/06\/Una-nueva-vision-de-Un-Lugar-en-Silencio-2-747x420.jpg\" srcset=\"https:\/\/www.eldiario.net\/portal\/wp-content\/uploads\/2024\/06\/Una-nueva-vision-de-Un-Lugar-en-Silencio-2-747x420.jpg 747w, https:\/\/www.eldiario.net\/portal\/wp-content\/uploads\/2024\/06\/Una-nueva-vision-de-Un-Lugar-en-Silencio-2-300x169.jpg 300w, https:\/\/www.eldiario.net\/portal\/wp-content\/uploads\/2024\/06\/Una-nueva-vision-de-Un-Lugar-en-Silencio-2-1024x576.jpg 1024w, https:\/\/www.eldiario.net\/portal\/wp-content\/uploads\/2024\/06\/Una-nueva-vision-de-Un-Lugar-en-Silencio-2-768x432.jpg 768w, https:\/\/www.eldiario.net\/portal\/wp-content\/uploads\/2024\/06\/Una-nueva-vision-de-Un-Lugar-en-Silencio-2-696x392.jpg 696w, https:\/\/www.eldiario.net\/portal\/wp-content\/uploads\/2024\/06\/Una-nueva-vision-de-Un-Lugar-en-Silencio-2-1068x601.jpg 1068w, https:\/\/www.eldiario.net\/portal\/wp-content\/uploads\/2024\/06\/Una-nueva-vision-de-Un-Lugar-en-Silencio-2.jpg 1200w\" sizes=\"(max-width: 747px) 100vw, 747px\" alt=\"\">\r\n                            <\/a>\r\n                            \r\n                        <\/figure>\r\n                    <\/div>\r\n                    <div class = \"td-slide-item td-item2\">\r\n                        <figure class=\"td-slide-galery-figure td-slide-popup-gallery\">\r\n                            <a class=\"slide-gallery-image-link\" href=\"https:\/\/www.eldiario.net\/portal\/wp-content\/uploads\/2024\/06\/Una-nueva-vision-de-Un-Lugar-en-Silencio-2-2.jpg\" title=\"Una-nueva-visi\u00f3n-de-Un-Lugar-en-Silencio-2-(2)\"  data-caption=\"\"  data-description=\"\">\r\n                                <img decoding=\"async\" src=\"https:\/\/www.eldiario.net\/portal\/wp-content\/uploads\/2024\/06\/Una-nueva-vision-de-Un-Lugar-en-Silencio-2-2-747x420.jpg\" srcset=\"https:\/\/www.eldiario.net\/portal\/wp-content\/uploads\/2024\/06\/Una-nueva-vision-de-Un-Lugar-en-Silencio-2-2-747x420.jpg 747w, https:\/\/www.eldiario.net\/portal\/wp-content\/uploads\/2024\/06\/Una-nueva-vision-de-Un-Lugar-en-Silencio-2-2-300x169.jpg 300w, https:\/\/www.eldiario.net\/portal\/wp-content\/uploads\/2024\/06\/Una-nueva-vision-de-Un-Lugar-en-Silencio-2-2-1024x576.jpg 1024w, https:\/\/www.eldiario.net\/portal\/wp-content\/uploads\/2024\/06\/Una-nueva-vision-de-Un-Lugar-en-Silencio-2-2-768x432.jpg 768w, https:\/\/www.eldiario.net\/portal\/wp-content\/uploads\/2024\/06\/Una-nueva-vision-de-Un-Lugar-en-Silencio-2-2-696x392.jpg 696w, https:\/\/www.eldiario.net\/portal\/wp-content\/uploads\/2024\/06\/Una-nueva-vision-de-Un-Lugar-en-Silencio-2-2-1068x601.jpg 1068w, https:\/\/www.eldiario.net\/portal\/wp-content\/uploads\/2024\/06\/Una-nueva-vision-de-Un-Lugar-en-Silencio-2-2.jpg 1200w\" sizes=\"(max-width: 747px) 100vw, 747px\" alt=\"\">\r\n                            <\/a>\r\n                            \r\n                        <\/figure>\r\n                    <\/div>\r\n                            <\/div>\r\n                        <\/div>\r\n\r\n                        <div class = \"td-doubleSlider-2\">\r\n                            <div class = \"td-slider\">\r\n                                \r\n                    <div class = \"td-button td-item1\">\r\n                        <div class = \"td-border\"><\/div>\r\n                    <\/div>\r\n                    <div class = \"td-button td-item2\">\r\n                        <div class = \"td-border\"><\/div>\r\n                    <\/div>\r\n                            <\/div>\r\n                        <\/div>\r\n\r\n                    <\/div>\r\n\r\n                <\/div>\r\n                \n","protected":false},"excerpt":{"rendered":"<p>Para Michael Sarnoski, la original Un lugar en silencio fue inolvidable, en gran parte debido a su excepcional ejecuci\u00f3n. \u00abJohn tom\u00f3 el concepto y lo llev\u00f3 a nuevas alturas, era muy elevado y estaba impulsado por los personajes\u00bb, dice. \u201cLas dos primeras pel\u00edculas tratan sobre una familia, as\u00ed que expand\u00ed el mundo, pero eso fue [&hellip;]<\/p>\n","protected":false},"author":1,"featured_media":230625,"comment_status":"open","ping_status":"open","sticky":false,"template":"","format":"standard","meta":{"_acf_changed":false,"footnotes":""},"categories":[45],"tags":[],"class_list":["post-230624","post","type-post","status-publish","format-standard","has-post-thumbnail","category-cine-mundo"],"acf":{"antetitulo":""},"yoast_head":"<!-- This site is optimized with the Yoast SEO plugin v28.3 - https:\/\/yoast.com\/product\/yoast-seo-wordpress\/ -->\n<title>Una nueva visi\u00f3n de Un Lugar en Silencio - El Diario - Bolivia<\/title>\n<meta name=\"robots\" content=\"index, follow, max-snippet:-1, max-image-preview:large, max-video-preview:-1\" \/>\n<link rel=\"canonical\" href=\"https:\/\/www.eldiario.net\/portal\/2024\/06\/30\/una-nueva-vision-de-un-lugar-en-silencio\/\" \/>\n<meta property=\"og:locale\" content=\"es_ES\" \/>\n<meta property=\"og:type\" content=\"article\" \/>\n<meta property=\"og:title\" content=\"Una nueva visi\u00f3n de Un Lugar en Silencio - El Diario - Bolivia\" \/>\n<meta property=\"og:description\" content=\"Para Michael Sarnoski, la original Un lugar en silencio fue inolvidable, en gran parte debido a su excepcional ejecuci\u00f3n. \u00abJohn tom\u00f3 el concepto y lo llev\u00f3 a nuevas alturas, era muy elevado y estaba impulsado por los personajes\u00bb, dice. \u201cLas dos primeras pel\u00edculas tratan sobre una familia, as\u00ed que expand\u00ed el mundo, pero eso fue [&hellip;]\" \/>\n<meta property=\"og:url\" content=\"https:\/\/www.eldiario.net\/portal\/2024\/06\/30\/una-nueva-vision-de-un-lugar-en-silencio\/\" \/>\n<meta property=\"og:site_name\" content=\"El Diario - Bolivia\" \/>\n<meta property=\"article:publisher\" content=\"https:\/\/www.facebook.com\/eldiario.bolivia\/\" \/>\n<meta property=\"article:published_time\" content=\"2024-06-30T04:54:33+00:00\" \/>\n<meta property=\"og:image\" content=\"https:\/\/www.eldiario.net\/portal\/wp-content\/uploads\/2024\/06\/Una-nueva-vision-de-Un-Lugar-en-Silencio-2.jpg\" \/>\n\t<meta property=\"og:image:width\" content=\"1200\" \/>\n\t<meta property=\"og:image:height\" content=\"675\" \/>\n\t<meta property=\"og:image:type\" content=\"image\/jpeg\" \/>\n<meta name=\"author\" content=\"Jeanette\" \/>\n<meta name=\"twitter:card\" content=\"summary_large_image\" \/>\n<meta name=\"twitter:creator\" content=\"@eldiario_net\" \/>\n<meta name=\"twitter:site\" content=\"@eldiario_net\" \/>\n<meta name=\"twitter:label1\" content=\"Escrito por\" \/>\n\t<meta name=\"twitter:data1\" content=\"Jeanette\" \/>\n\t<meta name=\"twitter:label2\" content=\"Tiempo de lectura\" \/>\n\t<meta name=\"twitter:data2\" content=\"1 minuto\" \/>\n<script type=\"application\/ld+json\" class=\"yoast-schema-graph\">{\"@context\":\"https:\\\/\\\/schema.org\",\"@graph\":[{\"@type\":\"Article\",\"@id\":\"https:\\\/\\\/www.eldiario.net\\\/portal\\\/2024\\\/06\\\/30\\\/una-nueva-vision-de-un-lugar-en-silencio\\\/#article\",\"isPartOf\":{\"@id\":\"https:\\\/\\\/www.eldiario.net\\\/portal\\\/2024\\\/06\\\/30\\\/una-nueva-vision-de-un-lugar-en-silencio\\\/\"},\"author\":{\"name\":\"Jeanette\",\"@id\":\"https:\\\/\\\/www.eldiario.net\\\/portal\\\/#\\\/schema\\\/person\\\/f46445640444750d7d753ccd04ae01b7\"},\"headline\":\"Una nueva visi\u00f3n de Un Lugar en Silencio\",\"datePublished\":\"2024-06-30T04:54:33+00:00\",\"mainEntityOfPage\":{\"@id\":\"https:\\\/\\\/www.eldiario.net\\\/portal\\\/2024\\\/06\\\/30\\\/una-nueva-vision-de-un-lugar-en-silencio\\\/\"},\"wordCount\":660,\"commentCount\":0,\"publisher\":{\"@id\":\"https:\\\/\\\/www.eldiario.net\\\/portal\\\/#organization\"},\"image\":{\"@id\":\"https:\\\/\\\/www.eldiario.net\\\/portal\\\/2024\\\/06\\\/30\\\/una-nueva-vision-de-un-lugar-en-silencio\\\/#primaryimage\"},\"thumbnailUrl\":\"https:\\\/\\\/www.eldiario.net\\\/portal\\\/wp-content\\\/uploads\\\/2024\\\/06\\\/Una-nueva-vision-de-Un-Lugar-en-Silencio-2.jpg\",\"articleSection\":[\"Cine Mundo\"],\"inLanguage\":\"es\",\"potentialAction\":[{\"@type\":\"CommentAction\",\"name\":\"Comment\",\"target\":[\"https:\\\/\\\/www.eldiario.net\\\/portal\\\/2024\\\/06\\\/30\\\/una-nueva-vision-de-un-lugar-en-silencio\\\/#respond\"]}]},{\"@type\":\"WebPage\",\"@id\":\"https:\\\/\\\/www.eldiario.net\\\/portal\\\/2024\\\/06\\\/30\\\/una-nueva-vision-de-un-lugar-en-silencio\\\/\",\"url\":\"https:\\\/\\\/www.eldiario.net\\\/portal\\\/2024\\\/06\\\/30\\\/una-nueva-vision-de-un-lugar-en-silencio\\\/\",\"name\":\"Una nueva visi\u00f3n de Un Lugar en Silencio - El Diario - Bolivia\",\"isPartOf\":{\"@id\":\"https:\\\/\\\/www.eldiario.net\\\/portal\\\/#website\"},\"primaryImageOfPage\":{\"@id\":\"https:\\\/\\\/www.eldiario.net\\\/portal\\\/2024\\\/06\\\/30\\\/una-nueva-vision-de-un-lugar-en-silencio\\\/#primaryimage\"},\"image\":{\"@id\":\"https:\\\/\\\/www.eldiario.net\\\/portal\\\/2024\\\/06\\\/30\\\/una-nueva-vision-de-un-lugar-en-silencio\\\/#primaryimage\"},\"thumbnailUrl\":\"https:\\\/\\\/www.eldiario.net\\\/portal\\\/wp-content\\\/uploads\\\/2024\\\/06\\\/Una-nueva-vision-de-Un-Lugar-en-Silencio-2.jpg\",\"datePublished\":\"2024-06-30T04:54:33+00:00\",\"breadcrumb\":{\"@id\":\"https:\\\/\\\/www.eldiario.net\\\/portal\\\/2024\\\/06\\\/30\\\/una-nueva-vision-de-un-lugar-en-silencio\\\/#breadcrumb\"},\"inLanguage\":\"es\",\"potentialAction\":[{\"@type\":\"ReadAction\",\"target\":[\"https:\\\/\\\/www.eldiario.net\\\/portal\\\/2024\\\/06\\\/30\\\/una-nueva-vision-de-un-lugar-en-silencio\\\/\"]}]},{\"@type\":\"ImageObject\",\"inLanguage\":\"es\",\"@id\":\"https:\\\/\\\/www.eldiario.net\\\/portal\\\/2024\\\/06\\\/30\\\/una-nueva-vision-de-un-lugar-en-silencio\\\/#primaryimage\",\"url\":\"https:\\\/\\\/www.eldiario.net\\\/portal\\\/wp-content\\\/uploads\\\/2024\\\/06\\\/Una-nueva-vision-de-Un-Lugar-en-Silencio-2.jpg\",\"contentUrl\":\"https:\\\/\\\/www.eldiario.net\\\/portal\\\/wp-content\\\/uploads\\\/2024\\\/06\\\/Una-nueva-vision-de-Un-Lugar-en-Silencio-2.jpg\",\"width\":1200,\"height\":675},{\"@type\":\"BreadcrumbList\",\"@id\":\"https:\\\/\\\/www.eldiario.net\\\/portal\\\/2024\\\/06\\\/30\\\/una-nueva-vision-de-un-lugar-en-silencio\\\/#breadcrumb\",\"itemListElement\":[{\"@type\":\"ListItem\",\"position\":1,\"name\":\"Portada\",\"item\":\"https:\\\/\\\/www.eldiario.net\\\/portal\\\/\"},{\"@type\":\"ListItem\",\"position\":2,\"name\":\"Una nueva visi\u00f3n de Un Lugar en Silencio\"}]},{\"@type\":\"WebSite\",\"@id\":\"https:\\\/\\\/www.eldiario.net\\\/portal\\\/#website\",\"url\":\"https:\\\/\\\/www.eldiario.net\\\/portal\\\/\",\"name\":\"El Diario - Decano de la prensa nacional\",\"description\":\"El Diario - Decano de la prensa nacional\",\"publisher\":{\"@id\":\"https:\\\/\\\/www.eldiario.net\\\/portal\\\/#organization\"},\"potentialAction\":[{\"@type\":\"SearchAction\",\"target\":{\"@type\":\"EntryPoint\",\"urlTemplate\":\"https:\\\/\\\/www.eldiario.net\\\/portal\\\/?s={search_term_string}\"},\"query-input\":{\"@type\":\"PropertyValueSpecification\",\"valueRequired\":true,\"valueName\":\"search_term_string\"}}],\"inLanguage\":\"es\"},{\"@type\":\"Organization\",\"@id\":\"https:\\\/\\\/www.eldiario.net\\\/portal\\\/#organization\",\"name\":\"El Diario - Decano de la prensa nacional\",\"url\":\"https:\\\/\\\/www.eldiario.net\\\/portal\\\/\",\"logo\":{\"@type\":\"ImageObject\",\"inLanguage\":\"es\",\"@id\":\"https:\\\/\\\/www.eldiario.net\\\/portal\\\/#\\\/schema\\\/logo\\\/image\\\/\",\"url\":\"https:\\\/\\\/www.eldiario.net\\\/portal\\\/wp-content\\\/uploads\\\/2023\\\/07\\\/logo_ED.jpg\",\"contentUrl\":\"https:\\\/\\\/www.eldiario.net\\\/portal\\\/wp-content\\\/uploads\\\/2023\\\/07\\\/logo_ED.jpg\",\"width\":272,\"height\":52,\"caption\":\"El Diario - Decano de la prensa nacional\"},\"image\":{\"@id\":\"https:\\\/\\\/www.eldiario.net\\\/portal\\\/#\\\/schema\\\/logo\\\/image\\\/\"},\"sameAs\":[\"https:\\\/\\\/www.facebook.com\\\/eldiario.bolivia\\\/\",\"https:\\\/\\\/x.com\\\/eldiario_net\"]},{\"@type\":\"Person\",\"@id\":\"https:\\\/\\\/www.eldiario.net\\\/portal\\\/#\\\/schema\\\/person\\\/f46445640444750d7d753ccd04ae01b7\",\"name\":\"Jeanette\",\"image\":{\"@type\":\"ImageObject\",\"inLanguage\":\"es\",\"@id\":\"https:\\\/\\\/secure.gravatar.com\\\/avatar\\\/3ea2118a5f7dad2b7138b1187a6b7ee55f160b9968b66013c3a3ef39dd7e5798?s=96&d=mm&r=g\",\"url\":\"https:\\\/\\\/secure.gravatar.com\\\/avatar\\\/3ea2118a5f7dad2b7138b1187a6b7ee55f160b9968b66013c3a3ef39dd7e5798?s=96&d=mm&r=g\",\"contentUrl\":\"https:\\\/\\\/secure.gravatar.com\\\/avatar\\\/3ea2118a5f7dad2b7138b1187a6b7ee55f160b9968b66013c3a3ef39dd7e5798?s=96&d=mm&r=g\",\"caption\":\"Jeanette\"},\"sameAs\":[\"https:\\\/\\\/www.eldiario.net\\\/portal\"],\"url\":\"https:\\\/\\\/www.eldiario.net\\\/portal\\\/author\\\/jeanette\\\/\"}]}<\/script>\n<!-- \/ Yoast SEO plugin. -->","yoast_head_json":{"title":"Una nueva visi\u00f3n de Un Lugar en Silencio - El Diario - Bolivia","robots":{"index":"index","follow":"follow","max-snippet":"max-snippet:-1","max-image-preview":"max-image-preview:large","max-video-preview":"max-video-preview:-1"},"canonical":"https:\/\/www.eldiario.net\/portal\/2024\/06\/30\/una-nueva-vision-de-un-lugar-en-silencio\/","og_locale":"es_ES","og_type":"article","og_title":"Una nueva visi\u00f3n de Un Lugar en Silencio - El Diario - Bolivia","og_description":"Para Michael Sarnoski, la original Un lugar en silencio fue inolvidable, en gran parte debido a su excepcional ejecuci\u00f3n. \u00abJohn tom\u00f3 el concepto y lo llev\u00f3 a nuevas alturas, era muy elevado y estaba impulsado por los personajes\u00bb, dice. \u201cLas dos primeras pel\u00edculas tratan sobre una familia, as\u00ed que expand\u00ed el mundo, pero eso fue [&hellip;]","og_url":"https:\/\/www.eldiario.net\/portal\/2024\/06\/30\/una-nueva-vision-de-un-lugar-en-silencio\/","og_site_name":"El Diario - Bolivia","article_publisher":"https:\/\/www.facebook.com\/eldiario.bolivia\/","article_published_time":"2024-06-30T04:54:33+00:00","og_image":[{"width":1200,"height":675,"url":"https:\/\/www.eldiario.net\/portal\/wp-content\/uploads\/2024\/06\/Una-nueva-vision-de-Un-Lugar-en-Silencio-2.jpg","type":"image\/jpeg"}],"author":"Jeanette","twitter_card":"summary_large_image","twitter_creator":"@eldiario_net","twitter_site":"@eldiario_net","twitter_misc":{"Escrito por":"Jeanette","Tiempo de lectura":"1 minuto"},"schema":{"@context":"https:\/\/schema.org","@graph":[{"@type":"Article","@id":"https:\/\/www.eldiario.net\/portal\/2024\/06\/30\/una-nueva-vision-de-un-lugar-en-silencio\/#article","isPartOf":{"@id":"https:\/\/www.eldiario.net\/portal\/2024\/06\/30\/una-nueva-vision-de-un-lugar-en-silencio\/"},"author":{"name":"Jeanette","@id":"https:\/\/www.eldiario.net\/portal\/#\/schema\/person\/f46445640444750d7d753ccd04ae01b7"},"headline":"Una nueva visi\u00f3n de Un Lugar en Silencio","datePublished":"2024-06-30T04:54:33+00:00","mainEntityOfPage":{"@id":"https:\/\/www.eldiario.net\/portal\/2024\/06\/30\/una-nueva-vision-de-un-lugar-en-silencio\/"},"wordCount":660,"commentCount":0,"publisher":{"@id":"https:\/\/www.eldiario.net\/portal\/#organization"},"image":{"@id":"https:\/\/www.eldiario.net\/portal\/2024\/06\/30\/una-nueva-vision-de-un-lugar-en-silencio\/#primaryimage"},"thumbnailUrl":"https:\/\/www.eldiario.net\/portal\/wp-content\/uploads\/2024\/06\/Una-nueva-vision-de-Un-Lugar-en-Silencio-2.jpg","articleSection":["Cine Mundo"],"inLanguage":"es","potentialAction":[{"@type":"CommentAction","name":"Comment","target":["https:\/\/www.eldiario.net\/portal\/2024\/06\/30\/una-nueva-vision-de-un-lugar-en-silencio\/#respond"]}]},{"@type":"WebPage","@id":"https:\/\/www.eldiario.net\/portal\/2024\/06\/30\/una-nueva-vision-de-un-lugar-en-silencio\/","url":"https:\/\/www.eldiario.net\/portal\/2024\/06\/30\/una-nueva-vision-de-un-lugar-en-silencio\/","name":"Una nueva visi\u00f3n de Un Lugar en Silencio - El Diario - Bolivia","isPartOf":{"@id":"https:\/\/www.eldiario.net\/portal\/#website"},"primaryImageOfPage":{"@id":"https:\/\/www.eldiario.net\/portal\/2024\/06\/30\/una-nueva-vision-de-un-lugar-en-silencio\/#primaryimage"},"image":{"@id":"https:\/\/www.eldiario.net\/portal\/2024\/06\/30\/una-nueva-vision-de-un-lugar-en-silencio\/#primaryimage"},"thumbnailUrl":"https:\/\/www.eldiario.net\/portal\/wp-content\/uploads\/2024\/06\/Una-nueva-vision-de-Un-Lugar-en-Silencio-2.jpg","datePublished":"2024-06-30T04:54:33+00:00","breadcrumb":{"@id":"https:\/\/www.eldiario.net\/portal\/2024\/06\/30\/una-nueva-vision-de-un-lugar-en-silencio\/#breadcrumb"},"inLanguage":"es","potentialAction":[{"@type":"ReadAction","target":["https:\/\/www.eldiario.net\/portal\/2024\/06\/30\/una-nueva-vision-de-un-lugar-en-silencio\/"]}]},{"@type":"ImageObject","inLanguage":"es","@id":"https:\/\/www.eldiario.net\/portal\/2024\/06\/30\/una-nueva-vision-de-un-lugar-en-silencio\/#primaryimage","url":"https:\/\/www.eldiario.net\/portal\/wp-content\/uploads\/2024\/06\/Una-nueva-vision-de-Un-Lugar-en-Silencio-2.jpg","contentUrl":"https:\/\/www.eldiario.net\/portal\/wp-content\/uploads\/2024\/06\/Una-nueva-vision-de-Un-Lugar-en-Silencio-2.jpg","width":1200,"height":675},{"@type":"BreadcrumbList","@id":"https:\/\/www.eldiario.net\/portal\/2024\/06\/30\/una-nueva-vision-de-un-lugar-en-silencio\/#breadcrumb","itemListElement":[{"@type":"ListItem","position":1,"name":"Portada","item":"https:\/\/www.eldiario.net\/portal\/"},{"@type":"ListItem","position":2,"name":"Una nueva visi\u00f3n de Un Lugar en Silencio"}]},{"@type":"WebSite","@id":"https:\/\/www.eldiario.net\/portal\/#website","url":"https:\/\/www.eldiario.net\/portal\/","name":"El Diario - Decano de la prensa nacional","description":"El Diario - Decano de la prensa nacional","publisher":{"@id":"https:\/\/www.eldiario.net\/portal\/#organization"},"potentialAction":[{"@type":"SearchAction","target":{"@type":"EntryPoint","urlTemplate":"https:\/\/www.eldiario.net\/portal\/?s={search_term_string}"},"query-input":{"@type":"PropertyValueSpecification","valueRequired":true,"valueName":"search_term_string"}}],"inLanguage":"es"},{"@type":"Organization","@id":"https:\/\/www.eldiario.net\/portal\/#organization","name":"El Diario - Decano de la prensa nacional","url":"https:\/\/www.eldiario.net\/portal\/","logo":{"@type":"ImageObject","inLanguage":"es","@id":"https:\/\/www.eldiario.net\/portal\/#\/schema\/logo\/image\/","url":"https:\/\/www.eldiario.net\/portal\/wp-content\/uploads\/2023\/07\/logo_ED.jpg","contentUrl":"https:\/\/www.eldiario.net\/portal\/wp-content\/uploads\/2023\/07\/logo_ED.jpg","width":272,"height":52,"caption":"El Diario - Decano de la prensa nacional"},"image":{"@id":"https:\/\/www.eldiario.net\/portal\/#\/schema\/logo\/image\/"},"sameAs":["https:\/\/www.facebook.com\/eldiario.bolivia\/","https:\/\/x.com\/eldiario_net"]},{"@type":"Person","@id":"https:\/\/www.eldiario.net\/portal\/#\/schema\/person\/f46445640444750d7d753ccd04ae01b7","name":"Jeanette","image":{"@type":"ImageObject","inLanguage":"es","@id":"https:\/\/secure.gravatar.com\/avatar\/3ea2118a5f7dad2b7138b1187a6b7ee55f160b9968b66013c3a3ef39dd7e5798?s=96&d=mm&r=g","url":"https:\/\/secure.gravatar.com\/avatar\/3ea2118a5f7dad2b7138b1187a6b7ee55f160b9968b66013c3a3ef39dd7e5798?s=96&d=mm&r=g","contentUrl":"https:\/\/secure.gravatar.com\/avatar\/3ea2118a5f7dad2b7138b1187a6b7ee55f160b9968b66013c3a3ef39dd7e5798?s=96&d=mm&r=g","caption":"Jeanette"},"sameAs":["https:\/\/www.eldiario.net\/portal"],"url":"https:\/\/www.eldiario.net\/portal\/author\/jeanette\/"}]}},"_links":{"self":[{"href":"https:\/\/www.eldiario.net\/portal\/wp-json\/wp\/v2\/posts\/230624","targetHints":{"allow":["GET"]}}],"collection":[{"href":"https:\/\/www.eldiario.net\/portal\/wp-json\/wp\/v2\/posts"}],"about":[{"href":"https:\/\/www.eldiario.net\/portal\/wp-json\/wp\/v2\/types\/post"}],"author":[{"embeddable":true,"href":"https:\/\/www.eldiario.net\/portal\/wp-json\/wp\/v2\/users\/1"}],"replies":[{"embeddable":true,"href":"https:\/\/www.eldiario.net\/portal\/wp-json\/wp\/v2\/comments?post=230624"}],"version-history":[{"count":1,"href":"https:\/\/www.eldiario.net\/portal\/wp-json\/wp\/v2\/posts\/230624\/revisions"}],"predecessor-version":[{"id":230627,"href":"https:\/\/www.eldiario.net\/portal\/wp-json\/wp\/v2\/posts\/230624\/revisions\/230627"}],"wp:featuredmedia":[{"embeddable":true,"href":"https:\/\/www.eldiario.net\/portal\/wp-json\/wp\/v2\/media\/230625"}],"wp:attachment":[{"href":"https:\/\/www.eldiario.net\/portal\/wp-json\/wp\/v2\/media?parent=230624"}],"wp:term":[{"taxonomy":"category","embeddable":true,"href":"https:\/\/www.eldiario.net\/portal\/wp-json\/wp\/v2\/categories?post=230624"},{"taxonomy":"post_tag","embeddable":true,"href":"https:\/\/www.eldiario.net\/portal\/wp-json\/wp\/v2\/tags?post=230624"}],"curies":[{"name":"wp","href":"https:\/\/api.w.org\/{rel}","templated":true}]}}