{"id":230589,"date":"2024-06-29T07:38:44","date_gmt":"2024-06-29T11:38:44","guid":{"rendered":"https:\/\/www.eldiario.net\/portal\/?p=230589"},"modified":"2024-06-29T07:38:44","modified_gmt":"2024-06-29T11:38:44","slug":"se-esperaba-un-poco-mas-de-la-seleccion","status":"publish","type":"post","link":"https:\/\/www.eldiario.net\/portal\/2024\/06\/29\/se-esperaba-un-poco-mas-de-la-seleccion\/","title":{"rendered":"Se esperaba un poco m\u00e1s de la Selecci\u00f3n"},"content":{"rendered":"<p>El desempe\u00f1o de la selecci\u00f3n est\u00e1 acorde a la realidad de nuestro futbol. Una selecci\u00f3n compuesta por la mayor\u00eda de los jugadores del medio local, donde sabemos que la mayor\u00eda no cuenta con una competencia y ritmo para competir a este nivel.<br \/>\nSi bien tenemos equipos con buena campa\u00f1a en la Copa Libertadores y Sudamericana, hay que tener en cuenta de la local\u00eda juega mucho para equipos como Bol\u00edvar, The Strongest y Always Ready. A los rivales que nos enfrentamos est\u00e1n varios escalones abajo por c\u00f3mo juegan en sus selecciones, porque estas mismas tienen a varios de sus jugadores en Europa.<br \/>\nEsperaba un poco m\u00e1s, pero me deja muy preocupado el rendimiento de la Selecci\u00f3n, porque no tenemos ni las bases para aspirar a algo. Para colmo, nuestros jugadores que est\u00e1n en el extranjero tampoco han sido de gran aporte. Es complicado hablar de lo mismo en cada d\u00e9cada. Mucha gente pide la cabeza del t\u00e9cnico y pues el t\u00e9cnico no cambiar\u00e1 nada, ni \u00e9l ni otro que venga. Es replantear todo, trabajar en divisiones menores, algo que le compete la Federaci\u00f3n y no lo est\u00e1 haciendo. Esta gesti\u00f3n intenta algunos torneos de menores y se agradece, pero esto va para largo. No queda m\u00e1s que una gran preocupaci\u00f3n por la Selecci\u00f3n, que es m\u00e1s un reflejo de lo que es nuestro futbol.<br \/>\nEn cuanto a las otras selecciones, creo que est\u00e1n mostrando un alto nivel y lo lindo que veo ahora en esta Copa Am\u00e9rica. As\u00ed todos, a excepci\u00f3n de Bolivia, est\u00e1n siendo selecciones muy competitivas que dan lucha a todos los pa\u00edses \u201cgrandes\u201d y el aporte de la selecciones de la Concacaf es muy interesante. Ha progresado mucho del 2016, que hubo la Copa Am\u00e9rica Centenario a la fecha. Todas las selecciones de Concacaf ganen o pierdan siempre est\u00e1n dando un buen rendimiento y esas selecciones se alimentan de esos jugadores que est\u00e1n jugando en el primer nivel.<br \/>\nVeo una fase de cierre de grupo con varias dudas con las selecciones que van a clasificar, creo que ese es el verdadero espect\u00e1culo de la Copa Am\u00e9rica. Cuando los ocho equipos se enfrenten esta fase de cuartos ser\u00e1 complicada, m\u00e1s que todo para varias selecciones favoritas. Es un torneo por encima de las expectativas que yo ten\u00eda, el nivel es bastante bueno de las selecciones y eso es bueno para todo el continente, para tener un torneo como debe ser, que compita de \u201ct\u00fa a t\u00fa\u201d a la Eurocopa.<br \/>\n\u00bfQu\u00e9 le falta a la selecci\u00f3n para tener m\u00e1s competitividad?<br \/>\nCompetencia de mayor nivel en nuestra liga y competencia a los j\u00f3venes, desde las menores categor\u00edas para que puedan moverse con experiencia y recalar a nivel internacional cuando les llegue el momento. Mientras no tengamos ese sistema de divisiones menores desde los clubes hasta las selecciones menores, no cambiar\u00e1. Hay intenciones de la Federaci\u00f3n, pero los frutos no se ver\u00e1n de la noche a la ma\u00f1ana.<\/p>\n<p><em><strong>Ernesto Moreno<\/strong><\/em><br \/>\n<em><strong>Periodista de Tigo Sports<\/strong><\/em><\/p>\n","protected":false},"excerpt":{"rendered":"<p>El desempe\u00f1o de la selecci\u00f3n est\u00e1 acorde a la realidad de nuestro futbol. Una selecci\u00f3n compuesta por la mayor\u00eda de los jugadores del medio local, donde sabemos que la mayor\u00eda no cuenta con una competencia y ritmo para competir a este nivel. Si bien tenemos equipos con buena campa\u00f1a en la Copa Libertadores y Sudamericana, [&hellip;]<\/p>\n","protected":false},"author":1,"featured_media":230590,"comment_status":"open","ping_status":"open","sticky":false,"template":"","format":"standard","meta":{"_acf_changed":false,"footnotes":""},"categories":[6],"tags":[],"class_list":["post-230589","post","type-post","status-publish","format-standard","has-post-thumbnail","category-deportes"],"acf":{"antetitulo":""},"yoast_head":"<!-- This site is optimized with the Yoast SEO plugin v28.3 - https:\/\/yoast.com\/product\/yoast-seo-wordpress\/ -->\n<title>Se esperaba un poco m\u00e1s de la Selecci\u00f3n - El Diario - Bolivia<\/title>\n<meta name=\"robots\" content=\"index, follow, max-snippet:-1, max-image-preview:large, max-video-preview:-1\" \/>\n<link rel=\"canonical\" href=\"https:\/\/www.eldiario.net\/portal\/2024\/06\/29\/se-esperaba-un-poco-mas-de-la-seleccion\/\" \/>\n<meta property=\"og:locale\" content=\"es_ES\" \/>\n<meta property=\"og:type\" content=\"article\" \/>\n<meta property=\"og:title\" content=\"Se esperaba un poco m\u00e1s de la Selecci\u00f3n - El Diario - Bolivia\" \/>\n<meta property=\"og:description\" content=\"El desempe\u00f1o de la selecci\u00f3n est\u00e1 acorde a la realidad de nuestro futbol. Una selecci\u00f3n compuesta por la mayor\u00eda de los jugadores del medio local, donde sabemos que la mayor\u00eda no cuenta con una competencia y ritmo para competir a este nivel. Si bien tenemos equipos con buena campa\u00f1a en la Copa Libertadores y Sudamericana, [&hellip;]\" \/>\n<meta property=\"og:url\" content=\"https:\/\/www.eldiario.net\/portal\/2024\/06\/29\/se-esperaba-un-poco-mas-de-la-seleccion\/\" \/>\n<meta property=\"og:site_name\" content=\"El Diario - Bolivia\" \/>\n<meta property=\"article:publisher\" content=\"https:\/\/www.facebook.com\/eldiario.bolivia\/\" \/>\n<meta property=\"article:published_time\" content=\"2024-06-29T11:38:44+00:00\" \/>\n<meta property=\"og:image\" content=\"https:\/\/www.eldiario.net\/portal\/wp-content\/uploads\/2024\/06\/opinion-ernesto-moreno.jpg\" \/>\n\t<meta property=\"og:image:width\" content=\"960\" \/>\n\t<meta property=\"og:image:height\" content=\"891\" \/>\n\t<meta property=\"og:image:type\" content=\"image\/jpeg\" \/>\n<meta name=\"author\" content=\"Jeanette\" \/>\n<meta name=\"twitter:card\" content=\"summary_large_image\" \/>\n<meta name=\"twitter:creator\" content=\"@eldiario_net\" \/>\n<meta name=\"twitter:site\" content=\"@eldiario_net\" \/>\n<meta name=\"twitter:label1\" content=\"Escrito por\" \/>\n\t<meta name=\"twitter:data1\" content=\"Jeanette\" \/>\n\t<meta name=\"twitter:label2\" content=\"Tiempo de lectura\" \/>\n\t<meta name=\"twitter:data2\" content=\"3 minutos\" \/>\n<script type=\"application\/ld+json\" class=\"yoast-schema-graph\">{\"@context\":\"https:\\\/\\\/schema.org\",\"@graph\":[{\"@type\":\"Article\",\"@id\":\"https:\\\/\\\/www.eldiario.net\\\/portal\\\/2024\\\/06\\\/29\\\/se-esperaba-un-poco-mas-de-la-seleccion\\\/#article\",\"isPartOf\":{\"@id\":\"https:\\\/\\\/www.eldiario.net\\\/portal\\\/2024\\\/06\\\/29\\\/se-esperaba-un-poco-mas-de-la-seleccion\\\/\"},\"author\":{\"name\":\"Jeanette\",\"@id\":\"https:\\\/\\\/www.eldiario.net\\\/portal\\\/#\\\/schema\\\/person\\\/f46445640444750d7d753ccd04ae01b7\"},\"headline\":\"Se esperaba un poco m\u00e1s de la Selecci\u00f3n\",\"datePublished\":\"2024-06-29T11:38:44+00:00\",\"mainEntityOfPage\":{\"@id\":\"https:\\\/\\\/www.eldiario.net\\\/portal\\\/2024\\\/06\\\/29\\\/se-esperaba-un-poco-mas-de-la-seleccion\\\/\"},\"wordCount\":542,\"commentCount\":0,\"publisher\":{\"@id\":\"https:\\\/\\\/www.eldiario.net\\\/portal\\\/#organization\"},\"image\":{\"@id\":\"https:\\\/\\\/www.eldiario.net\\\/portal\\\/2024\\\/06\\\/29\\\/se-esperaba-un-poco-mas-de-la-seleccion\\\/#primaryimage\"},\"thumbnailUrl\":\"https:\\\/\\\/www.eldiario.net\\\/portal\\\/wp-content\\\/uploads\\\/2024\\\/06\\\/opinion-ernesto-moreno.jpg\",\"articleSection\":[\"Deportes\"],\"inLanguage\":\"es\",\"potentialAction\":[{\"@type\":\"CommentAction\",\"name\":\"Comment\",\"target\":[\"https:\\\/\\\/www.eldiario.net\\\/portal\\\/2024\\\/06\\\/29\\\/se-esperaba-un-poco-mas-de-la-seleccion\\\/#respond\"]}]},{\"@type\":\"WebPage\",\"@id\":\"https:\\\/\\\/www.eldiario.net\\\/portal\\\/2024\\\/06\\\/29\\\/se-esperaba-un-poco-mas-de-la-seleccion\\\/\",\"url\":\"https:\\\/\\\/www.eldiario.net\\\/portal\\\/2024\\\/06\\\/29\\\/se-esperaba-un-poco-mas-de-la-seleccion\\\/\",\"name\":\"Se esperaba un poco m\u00e1s de la Selecci\u00f3n - El Diario - Bolivia\",\"isPartOf\":{\"@id\":\"https:\\\/\\\/www.eldiario.net\\\/portal\\\/#website\"},\"primaryImageOfPage\":{\"@id\":\"https:\\\/\\\/www.eldiario.net\\\/portal\\\/2024\\\/06\\\/29\\\/se-esperaba-un-poco-mas-de-la-seleccion\\\/#primaryimage\"},\"image\":{\"@id\":\"https:\\\/\\\/www.eldiario.net\\\/portal\\\/2024\\\/06\\\/29\\\/se-esperaba-un-poco-mas-de-la-seleccion\\\/#primaryimage\"},\"thumbnailUrl\":\"https:\\\/\\\/www.eldiario.net\\\/portal\\\/wp-content\\\/uploads\\\/2024\\\/06\\\/opinion-ernesto-moreno.jpg\",\"datePublished\":\"2024-06-29T11:38:44+00:00\",\"breadcrumb\":{\"@id\":\"https:\\\/\\\/www.eldiario.net\\\/portal\\\/2024\\\/06\\\/29\\\/se-esperaba-un-poco-mas-de-la-seleccion\\\/#breadcrumb\"},\"inLanguage\":\"es\",\"potentialAction\":[{\"@type\":\"ReadAction\",\"target\":[\"https:\\\/\\\/www.eldiario.net\\\/portal\\\/2024\\\/06\\\/29\\\/se-esperaba-un-poco-mas-de-la-seleccion\\\/\"]}]},{\"@type\":\"ImageObject\",\"inLanguage\":\"es\",\"@id\":\"https:\\\/\\\/www.eldiario.net\\\/portal\\\/2024\\\/06\\\/29\\\/se-esperaba-un-poco-mas-de-la-seleccion\\\/#primaryimage\",\"url\":\"https:\\\/\\\/www.eldiario.net\\\/portal\\\/wp-content\\\/uploads\\\/2024\\\/06\\\/opinion-ernesto-moreno.jpg\",\"contentUrl\":\"https:\\\/\\\/www.eldiario.net\\\/portal\\\/wp-content\\\/uploads\\\/2024\\\/06\\\/opinion-ernesto-moreno.jpg\",\"width\":960,\"height\":891},{\"@type\":\"BreadcrumbList\",\"@id\":\"https:\\\/\\\/www.eldiario.net\\\/portal\\\/2024\\\/06\\\/29\\\/se-esperaba-un-poco-mas-de-la-seleccion\\\/#breadcrumb\",\"itemListElement\":[{\"@type\":\"ListItem\",\"position\":1,\"name\":\"Portada\",\"item\":\"https:\\\/\\\/www.eldiario.net\\\/portal\\\/\"},{\"@type\":\"ListItem\",\"position\":2,\"name\":\"Se esperaba un poco m\u00e1s de la Selecci\u00f3n\"}]},{\"@type\":\"WebSite\",\"@id\":\"https:\\\/\\\/www.eldiario.net\\\/portal\\\/#website\",\"url\":\"https:\\\/\\\/www.eldiario.net\\\/portal\\\/\",\"name\":\"El Diario - Decano de la prensa nacional\",\"description\":\"El Diario - Decano de la prensa nacional\",\"publisher\":{\"@id\":\"https:\\\/\\\/www.eldiario.net\\\/portal\\\/#organization\"},\"potentialAction\":[{\"@type\":\"SearchAction\",\"target\":{\"@type\":\"EntryPoint\",\"urlTemplate\":\"https:\\\/\\\/www.eldiario.net\\\/portal\\\/?s={search_term_string}\"},\"query-input\":{\"@type\":\"PropertyValueSpecification\",\"valueRequired\":true,\"valueName\":\"search_term_string\"}}],\"inLanguage\":\"es\"},{\"@type\":\"Organization\",\"@id\":\"https:\\\/\\\/www.eldiario.net\\\/portal\\\/#organization\",\"name\":\"El Diario - Decano de la prensa nacional\",\"url\":\"https:\\\/\\\/www.eldiario.net\\\/portal\\\/\",\"logo\":{\"@type\":\"ImageObject\",\"inLanguage\":\"es\",\"@id\":\"https:\\\/\\\/www.eldiario.net\\\/portal\\\/#\\\/schema\\\/logo\\\/image\\\/\",\"url\":\"https:\\\/\\\/www.eldiario.net\\\/portal\\\/wp-content\\\/uploads\\\/2023\\\/07\\\/logo_ED.jpg\",\"contentUrl\":\"https:\\\/\\\/www.eldiario.net\\\/portal\\\/wp-content\\\/uploads\\\/2023\\\/07\\\/logo_ED.jpg\",\"width\":272,\"height\":52,\"caption\":\"El Diario - Decano de la prensa nacional\"},\"image\":{\"@id\":\"https:\\\/\\\/www.eldiario.net\\\/portal\\\/#\\\/schema\\\/logo\\\/image\\\/\"},\"sameAs\":[\"https:\\\/\\\/www.facebook.com\\\/eldiario.bolivia\\\/\",\"https:\\\/\\\/x.com\\\/eldiario_net\"]},{\"@type\":\"Person\",\"@id\":\"https:\\\/\\\/www.eldiario.net\\\/portal\\\/#\\\/schema\\\/person\\\/f46445640444750d7d753ccd04ae01b7\",\"name\":\"Jeanette\",\"image\":{\"@type\":\"ImageObject\",\"inLanguage\":\"es\",\"@id\":\"https:\\\/\\\/secure.gravatar.com\\\/avatar\\\/3ea2118a5f7dad2b7138b1187a6b7ee55f160b9968b66013c3a3ef39dd7e5798?s=96&d=mm&r=g\",\"url\":\"https:\\\/\\\/secure.gravatar.com\\\/avatar\\\/3ea2118a5f7dad2b7138b1187a6b7ee55f160b9968b66013c3a3ef39dd7e5798?s=96&d=mm&r=g\",\"contentUrl\":\"https:\\\/\\\/secure.gravatar.com\\\/avatar\\\/3ea2118a5f7dad2b7138b1187a6b7ee55f160b9968b66013c3a3ef39dd7e5798?s=96&d=mm&r=g\",\"caption\":\"Jeanette\"},\"sameAs\":[\"https:\\\/\\\/www.eldiario.net\\\/portal\"],\"url\":\"https:\\\/\\\/www.eldiario.net\\\/portal\\\/author\\\/jeanette\\\/\"}]}<\/script>\n<!-- \/ Yoast SEO plugin. -->","yoast_head_json":{"title":"Se esperaba un poco m\u00e1s de la Selecci\u00f3n - El Diario - Bolivia","robots":{"index":"index","follow":"follow","max-snippet":"max-snippet:-1","max-image-preview":"max-image-preview:large","max-video-preview":"max-video-preview:-1"},"canonical":"https:\/\/www.eldiario.net\/portal\/2024\/06\/29\/se-esperaba-un-poco-mas-de-la-seleccion\/","og_locale":"es_ES","og_type":"article","og_title":"Se esperaba un poco m\u00e1s de la Selecci\u00f3n - El Diario - Bolivia","og_description":"El desempe\u00f1o de la selecci\u00f3n est\u00e1 acorde a la realidad de nuestro futbol. Una selecci\u00f3n compuesta por la mayor\u00eda de los jugadores del medio local, donde sabemos que la mayor\u00eda no cuenta con una competencia y ritmo para competir a este nivel. Si bien tenemos equipos con buena campa\u00f1a en la Copa Libertadores y Sudamericana, [&hellip;]","og_url":"https:\/\/www.eldiario.net\/portal\/2024\/06\/29\/se-esperaba-un-poco-mas-de-la-seleccion\/","og_site_name":"El Diario - Bolivia","article_publisher":"https:\/\/www.facebook.com\/eldiario.bolivia\/","article_published_time":"2024-06-29T11:38:44+00:00","og_image":[{"width":960,"height":891,"url":"https:\/\/www.eldiario.net\/portal\/wp-content\/uploads\/2024\/06\/opinion-ernesto-moreno.jpg","type":"image\/jpeg"}],"author":"Jeanette","twitter_card":"summary_large_image","twitter_creator":"@eldiario_net","twitter_site":"@eldiario_net","twitter_misc":{"Escrito por":"Jeanette","Tiempo de lectura":"3 minutos"},"schema":{"@context":"https:\/\/schema.org","@graph":[{"@type":"Article","@id":"https:\/\/www.eldiario.net\/portal\/2024\/06\/29\/se-esperaba-un-poco-mas-de-la-seleccion\/#article","isPartOf":{"@id":"https:\/\/www.eldiario.net\/portal\/2024\/06\/29\/se-esperaba-un-poco-mas-de-la-seleccion\/"},"author":{"name":"Jeanette","@id":"https:\/\/www.eldiario.net\/portal\/#\/schema\/person\/f46445640444750d7d753ccd04ae01b7"},"headline":"Se esperaba un poco m\u00e1s de la Selecci\u00f3n","datePublished":"2024-06-29T11:38:44+00:00","mainEntityOfPage":{"@id":"https:\/\/www.eldiario.net\/portal\/2024\/06\/29\/se-esperaba-un-poco-mas-de-la-seleccion\/"},"wordCount":542,"commentCount":0,"publisher":{"@id":"https:\/\/www.eldiario.net\/portal\/#organization"},"image":{"@id":"https:\/\/www.eldiario.net\/portal\/2024\/06\/29\/se-esperaba-un-poco-mas-de-la-seleccion\/#primaryimage"},"thumbnailUrl":"https:\/\/www.eldiario.net\/portal\/wp-content\/uploads\/2024\/06\/opinion-ernesto-moreno.jpg","articleSection":["Deportes"],"inLanguage":"es","potentialAction":[{"@type":"CommentAction","name":"Comment","target":["https:\/\/www.eldiario.net\/portal\/2024\/06\/29\/se-esperaba-un-poco-mas-de-la-seleccion\/#respond"]}]},{"@type":"WebPage","@id":"https:\/\/www.eldiario.net\/portal\/2024\/06\/29\/se-esperaba-un-poco-mas-de-la-seleccion\/","url":"https:\/\/www.eldiario.net\/portal\/2024\/06\/29\/se-esperaba-un-poco-mas-de-la-seleccion\/","name":"Se esperaba un poco m\u00e1s de la Selecci\u00f3n - El Diario - Bolivia","isPartOf":{"@id":"https:\/\/www.eldiario.net\/portal\/#website"},"primaryImageOfPage":{"@id":"https:\/\/www.eldiario.net\/portal\/2024\/06\/29\/se-esperaba-un-poco-mas-de-la-seleccion\/#primaryimage"},"image":{"@id":"https:\/\/www.eldiario.net\/portal\/2024\/06\/29\/se-esperaba-un-poco-mas-de-la-seleccion\/#primaryimage"},"thumbnailUrl":"https:\/\/www.eldiario.net\/portal\/wp-content\/uploads\/2024\/06\/opinion-ernesto-moreno.jpg","datePublished":"2024-06-29T11:38:44+00:00","breadcrumb":{"@id":"https:\/\/www.eldiario.net\/portal\/2024\/06\/29\/se-esperaba-un-poco-mas-de-la-seleccion\/#breadcrumb"},"inLanguage":"es","potentialAction":[{"@type":"ReadAction","target":["https:\/\/www.eldiario.net\/portal\/2024\/06\/29\/se-esperaba-un-poco-mas-de-la-seleccion\/"]}]},{"@type":"ImageObject","inLanguage":"es","@id":"https:\/\/www.eldiario.net\/portal\/2024\/06\/29\/se-esperaba-un-poco-mas-de-la-seleccion\/#primaryimage","url":"https:\/\/www.eldiario.net\/portal\/wp-content\/uploads\/2024\/06\/opinion-ernesto-moreno.jpg","contentUrl":"https:\/\/www.eldiario.net\/portal\/wp-content\/uploads\/2024\/06\/opinion-ernesto-moreno.jpg","width":960,"height":891},{"@type":"BreadcrumbList","@id":"https:\/\/www.eldiario.net\/portal\/2024\/06\/29\/se-esperaba-un-poco-mas-de-la-seleccion\/#breadcrumb","itemListElement":[{"@type":"ListItem","position":1,"name":"Portada","item":"https:\/\/www.eldiario.net\/portal\/"},{"@type":"ListItem","position":2,"name":"Se esperaba un poco m\u00e1s de la Selecci\u00f3n"}]},{"@type":"WebSite","@id":"https:\/\/www.eldiario.net\/portal\/#website","url":"https:\/\/www.eldiario.net\/portal\/","name":"El Diario - Decano de la prensa nacional","description":"El Diario - Decano de la prensa nacional","publisher":{"@id":"https:\/\/www.eldiario.net\/portal\/#organization"},"potentialAction":[{"@type":"SearchAction","target":{"@type":"EntryPoint","urlTemplate":"https:\/\/www.eldiario.net\/portal\/?s={search_term_string}"},"query-input":{"@type":"PropertyValueSpecification","valueRequired":true,"valueName":"search_term_string"}}],"inLanguage":"es"},{"@type":"Organization","@id":"https:\/\/www.eldiario.net\/portal\/#organization","name":"El Diario - Decano de la prensa nacional","url":"https:\/\/www.eldiario.net\/portal\/","logo":{"@type":"ImageObject","inLanguage":"es","@id":"https:\/\/www.eldiario.net\/portal\/#\/schema\/logo\/image\/","url":"https:\/\/www.eldiario.net\/portal\/wp-content\/uploads\/2023\/07\/logo_ED.jpg","contentUrl":"https:\/\/www.eldiario.net\/portal\/wp-content\/uploads\/2023\/07\/logo_ED.jpg","width":272,"height":52,"caption":"El Diario - Decano de la prensa nacional"},"image":{"@id":"https:\/\/www.eldiario.net\/portal\/#\/schema\/logo\/image\/"},"sameAs":["https:\/\/www.facebook.com\/eldiario.bolivia\/","https:\/\/x.com\/eldiario_net"]},{"@type":"Person","@id":"https:\/\/www.eldiario.net\/portal\/#\/schema\/person\/f46445640444750d7d753ccd04ae01b7","name":"Jeanette","image":{"@type":"ImageObject","inLanguage":"es","@id":"https:\/\/secure.gravatar.com\/avatar\/3ea2118a5f7dad2b7138b1187a6b7ee55f160b9968b66013c3a3ef39dd7e5798?s=96&d=mm&r=g","url":"https:\/\/secure.gravatar.com\/avatar\/3ea2118a5f7dad2b7138b1187a6b7ee55f160b9968b66013c3a3ef39dd7e5798?s=96&d=mm&r=g","contentUrl":"https:\/\/secure.gravatar.com\/avatar\/3ea2118a5f7dad2b7138b1187a6b7ee55f160b9968b66013c3a3ef39dd7e5798?s=96&d=mm&r=g","caption":"Jeanette"},"sameAs":["https:\/\/www.eldiario.net\/portal"],"url":"https:\/\/www.eldiario.net\/portal\/author\/jeanette\/"}]}},"_links":{"self":[{"href":"https:\/\/www.eldiario.net\/portal\/wp-json\/wp\/v2\/posts\/230589","targetHints":{"allow":["GET"]}}],"collection":[{"href":"https:\/\/www.eldiario.net\/portal\/wp-json\/wp\/v2\/posts"}],"about":[{"href":"https:\/\/www.eldiario.net\/portal\/wp-json\/wp\/v2\/types\/post"}],"author":[{"embeddable":true,"href":"https:\/\/www.eldiario.net\/portal\/wp-json\/wp\/v2\/users\/1"}],"replies":[{"embeddable":true,"href":"https:\/\/www.eldiario.net\/portal\/wp-json\/wp\/v2\/comments?post=230589"}],"version-history":[{"count":1,"href":"https:\/\/www.eldiario.net\/portal\/wp-json\/wp\/v2\/posts\/230589\/revisions"}],"predecessor-version":[{"id":230591,"href":"https:\/\/www.eldiario.net\/portal\/wp-json\/wp\/v2\/posts\/230589\/revisions\/230591"}],"wp:featuredmedia":[{"embeddable":true,"href":"https:\/\/www.eldiario.net\/portal\/wp-json\/wp\/v2\/media\/230590"}],"wp:attachment":[{"href":"https:\/\/www.eldiario.net\/portal\/wp-json\/wp\/v2\/media?parent=230589"}],"wp:term":[{"taxonomy":"category","embeddable":true,"href":"https:\/\/www.eldiario.net\/portal\/wp-json\/wp\/v2\/categories?post=230589"},{"taxonomy":"post_tag","embeddable":true,"href":"https:\/\/www.eldiario.net\/portal\/wp-json\/wp\/v2\/tags?post=230589"}],"curies":[{"name":"wp","href":"https:\/\/api.w.org\/{rel}","templated":true}]}}