{"id":230559,"date":"2024-06-29T07:26:16","date_gmt":"2024-06-29T11:26:16","guid":{"rendered":"https:\/\/www.eldiario.net\/portal\/?p=230559"},"modified":"2024-06-29T07:26:16","modified_gmt":"2024-06-29T11:26:16","slug":"como-en-los-ochenta","status":"publish","type":"post","link":"https:\/\/www.eldiario.net\/portal\/2024\/06\/29\/como-en-los-ochenta\/","title":{"rendered":"Como en los ochenta"},"content":{"rendered":"<p>En los \u00faltimos d\u00edas, la principal autoridad econ\u00f3mica del pa\u00eds descart\u00f3 la existencia de similitudes entre el escenario econ\u00f3mico actual y lo vivido en 1985. Para ello, contrast\u00f3 la tasa de inflaci\u00f3n presente con la registrada en aquel a\u00f1o. Sin duda, la situaci\u00f3n actual no alcanz\u00f3 a\u00fan un panorama econ\u00f3mico tan sombr\u00edo. No obstante, aquella simple comparaci\u00f3n carece de significancia, pues no considera lo registrado econ\u00f3micamente en los a\u00f1os previos. Lo cierto es que hay un gran n\u00famero de semejanzas con lo sucedido antes de 1985.<br \/>\nLa primera similitud se encuentra en el ocaso de la d\u00e9cada de los setenta, cuando se registr\u00f3 un marcado descenso en los precios de los minerales vendidos por Bolivia. Dicho descenso provoc\u00f3 una notable reducci\u00f3n en el valor de las exportaciones. A su vez, esta disminuci\u00f3n result\u00f3 en una escasez de divisas extranjeras. En respuesta a esa crisis, el gobierno de 1979 tom\u00f3 la decisi\u00f3n de ejercer un control estatal sobre las divisas. Esta medida, aunque buscaba estabilizar la econom\u00eda, desencaden\u00f3 un aumento en la demanda de d\u00f3lares entre los ciudadanos, exacerbando la ya tensa situaci\u00f3n econ\u00f3mica.<br \/>\nEn contraste, en una tendencia preocupante que refleja los desaf\u00edos econ\u00f3micos de d\u00e9cadas pasadas, Bolivia ha experimentado en los \u00faltimos a\u00f1os una disminuci\u00f3n en los precios del gas natural, su principal producto de exportaci\u00f3n. Esta ca\u00edda ha tenido como consecuencia una reducci\u00f3n significativa en el valor total de las exportaciones. Ante esta situaci\u00f3n, el Banco Central de Bolivia tom\u00f3 medidas en febrero de 2023, anunciando la compra de divisas a los exportadores con una tasa preferencial. Esta pol\u00edtica, reminiscente de estrategias econ\u00f3micas de hace casi cincuenta a\u00f1os, ha provocado, una vez m\u00e1s, un aumento en la demanda de d\u00f3lares por parte de la poblaci\u00f3n, evidenciando un ciclo recurrente de desaf\u00edos econ\u00f3micos y respuestas gubernamentales.<br \/>\nLa consecuencia directa de estas pol\u00edticas fue la aparici\u00f3n de un mercado negro para el d\u00f3lar. La incapacidad del sistema oficial para satisfacer la demanda creciente de divisas propici\u00f3 que el d\u00f3lar se cotizara significativamente por encima del tipo de cambio oficial. Esta realidad, inevitable en tales circunstancias, precipit\u00f3 una depreciaci\u00f3n efectiva de la moneda nacional. Como resultado, se produjo un aumento en el costo de los productos importados; lo que finalmente llev\u00f3 a un alza en los precios de los art\u00edculos de primera necesidad.<br \/>\nLa justificaci\u00f3n oficial para el reciente aumento de precios se ha centrado en factores como el agio, la especulaci\u00f3n y el contrabando, argumentos que resuenan con las explicaciones proporcionadas en la d\u00e9cada de los ochenta. En aquel entonces, la soluci\u00f3n adoptada fue el congelamiento de precios, una medida que result\u00f3 en la escasez de productos en el mercado. Hoy, el gobierno ha optado por intensificar el control de precios en los puntos de venta. Aunque la respuesta de los comerciantes a estas pol\u00edticas a\u00fan est\u00e1 evolucionando, la historia sugiere que los resultados podr\u00edan ser similares a los experimentados hace m\u00e1s de cuarenta a\u00f1os.<br \/>\nAdem\u00e1s de las similitudes ya mencionadas, es crucial considerar las pol\u00edticas salariales instauradas. Durante la d\u00e9cada de los ochenta, se implement\u00f3 un incremento salarial constante, el cual culmin\u00f3 en la propuesta de un sistema de indexaci\u00f3n de sueldos al costo de vida. Esta pol\u00edtica tuvo consecuencias desastrosas, sumergiendo a Bolivia en una espiral inflacionaria de la cual solo emergi\u00f3 con la adopci\u00f3n de un nuevo modelo econ\u00f3mico. En la actualidad, se observa un aumento sostenido de los salarios m\u00ednimos, superando incluso la tasa de inflaci\u00f3n registrada cada a\u00f1o. Aunque no se ha establecido un sistema de indexaci\u00f3n formal, esta tendencia ya genera una presi\u00f3n inflacionaria adicional.<br \/>\nUn \u00faltimo punto de semejanza con el pasado se encuentra en los altos d\u00e9ficits fiscales originados por un excesivo gasto gubernamental. En la d\u00e9cada de los ochenta, los altos gastos se deb\u00edan principalmente al mantenimiento de empresas estatales deficitarias, incluyendo la Corporaci\u00f3n Minera de Bolivia. En los tiempos actuales, los gastos tambi\u00e9n radican en el mantenimiento de empresas gubernamentales infructuosas. Sin embargo, a ello se suma el crecimiento exagerado del n\u00famero de funcionarios p\u00fablicos, llegando casi a la incre\u00edble cifra de medio mill\u00f3n. Esta expansi\u00f3n de la burocracia estatal plantea desaf\u00edos en t\u00e9rminos de eficiencia, costos y sostenibilidad fiscal.<br \/>\nSi bien hay muchas similitudes con la situaci\u00f3n previa a 1985, tambi\u00e9n existe una diferencia significativa: el subsidio a los hidrocarburos. Aunque esta medida ha aumentado considerablemente el gasto gubernamental, a costa de un mayor d\u00e9ficit fiscal, tambi\u00e9n ha logrado mantener cierta estabilidad en los precios hasta hace algunos meses. Sin embargo, la alta presi\u00f3n fiscal hace poco probable que se pueda mantener este subsidio sin contar con los recursos necesarios. Esta situaci\u00f3n plantea una amenaza de mayor inflaci\u00f3n en el futuro.<br \/>\nDurante las primeras d\u00e9cadas del Siglo XX, Aldous Huxley, el renombrado intelectual brit\u00e1nico, articul\u00f3 en uno de sus ensayos una observaci\u00f3n perspicaz: \u201cQuiz\u00e1 la m\u00e1s grande lecci\u00f3n de la historia es que nadie aprendi\u00f3 las lecciones de la historia\u201d. Ahora, a casi un siglo de esa reflexi\u00f3n, su relevancia resuena con mayor fuerza, especialmente en Bolivia. La actual crisis econ\u00f3mica presenta sorprendentes paralelismos con la vivida en la d\u00e9cada de los ochenta. Sin embargo, al parecer, nadie aprendi\u00f3 la lecci\u00f3n.<\/p>\n<p>El autor es Economista con Ph.D. en Ciencia Pol\u00edtica y Relaciones Internacionales.<\/p>\n","protected":false},"excerpt":{"rendered":"<p>En los \u00faltimos d\u00edas, la principal autoridad econ\u00f3mica del pa\u00eds descart\u00f3 la existencia de similitudes entre el escenario econ\u00f3mico actual y lo vivido en 1985. Para ello, contrast\u00f3 la tasa de inflaci\u00f3n presente con la registrada en aquel a\u00f1o. Sin duda, la situaci\u00f3n actual no alcanz\u00f3 a\u00fan un panorama econ\u00f3mico tan sombr\u00edo. No obstante, aquella [&hellip;]<\/p>\n","protected":false},"author":1,"featured_media":194790,"comment_status":"open","ping_status":"open","sticky":false,"template":"","format":"standard","meta":{"_acf_changed":false,"footnotes":""},"categories":[9],"tags":[],"class_list":["post-230559","post","type-post","status-publish","format-standard","has-post-thumbnail","category-opinion"],"acf":{"antetitulo":""},"yoast_head":"<!-- This site is optimized with the Yoast SEO plugin v28.3 - https:\/\/yoast.com\/product\/yoast-seo-wordpress\/ -->\n<title>Como en los ochenta - El Diario - Bolivia<\/title>\n<meta name=\"robots\" content=\"index, follow, max-snippet:-1, max-image-preview:large, max-video-preview:-1\" \/>\n<link rel=\"canonical\" href=\"https:\/\/www.eldiario.net\/portal\/2024\/06\/29\/como-en-los-ochenta\/\" \/>\n<meta property=\"og:locale\" content=\"es_ES\" \/>\n<meta property=\"og:type\" content=\"article\" \/>\n<meta property=\"og:title\" content=\"Como en los ochenta - El Diario - Bolivia\" \/>\n<meta property=\"og:description\" content=\"En los \u00faltimos d\u00edas, la principal autoridad econ\u00f3mica del pa\u00eds descart\u00f3 la existencia de similitudes entre el escenario econ\u00f3mico actual y lo vivido en 1985. Para ello, contrast\u00f3 la tasa de inflaci\u00f3n presente con la registrada en aquel a\u00f1o. Sin duda, la situaci\u00f3n actual no alcanz\u00f3 a\u00fan un panorama econ\u00f3mico tan sombr\u00edo. No obstante, aquella [&hellip;]\" \/>\n<meta property=\"og:url\" content=\"https:\/\/www.eldiario.net\/portal\/2024\/06\/29\/como-en-los-ochenta\/\" \/>\n<meta property=\"og:site_name\" content=\"El Diario - Bolivia\" \/>\n<meta property=\"article:publisher\" content=\"https:\/\/www.facebook.com\/eldiario.bolivia\/\" \/>\n<meta property=\"article:published_time\" content=\"2024-06-29T11:26:16+00:00\" \/>\n<meta property=\"og:image\" content=\"https:\/\/www.eldiario.net\/portal\/wp-content\/uploads\/2023\/12\/Opinion.jpg\" \/>\n\t<meta property=\"og:image:width\" content=\"800\" \/>\n\t<meta property=\"og:image:height\" content=\"500\" \/>\n\t<meta property=\"og:image:type\" content=\"image\/jpeg\" \/>\n<meta name=\"author\" content=\"Jeanette\" \/>\n<meta name=\"twitter:card\" content=\"summary_large_image\" \/>\n<meta name=\"twitter:creator\" content=\"@eldiario_net\" \/>\n<meta name=\"twitter:site\" content=\"@eldiario_net\" \/>\n<meta name=\"twitter:label1\" content=\"Escrito por\" \/>\n\t<meta name=\"twitter:data1\" content=\"Jeanette\" \/>\n\t<meta name=\"twitter:label2\" content=\"Tiempo de lectura\" \/>\n\t<meta name=\"twitter:data2\" content=\"5 minutos\" \/>\n<script type=\"application\/ld+json\" class=\"yoast-schema-graph\">{\"@context\":\"https:\\\/\\\/schema.org\",\"@graph\":[{\"@type\":\"Article\",\"@id\":\"https:\\\/\\\/www.eldiario.net\\\/portal\\\/2024\\\/06\\\/29\\\/como-en-los-ochenta\\\/#article\",\"isPartOf\":{\"@id\":\"https:\\\/\\\/www.eldiario.net\\\/portal\\\/2024\\\/06\\\/29\\\/como-en-los-ochenta\\\/\"},\"author\":{\"name\":\"Jeanette\",\"@id\":\"https:\\\/\\\/www.eldiario.net\\\/portal\\\/#\\\/schema\\\/person\\\/f46445640444750d7d753ccd04ae01b7\"},\"headline\":\"Como en los ochenta\",\"datePublished\":\"2024-06-29T11:26:16+00:00\",\"mainEntityOfPage\":{\"@id\":\"https:\\\/\\\/www.eldiario.net\\\/portal\\\/2024\\\/06\\\/29\\\/como-en-los-ochenta\\\/\"},\"wordCount\":959,\"commentCount\":0,\"publisher\":{\"@id\":\"https:\\\/\\\/www.eldiario.net\\\/portal\\\/#organization\"},\"image\":{\"@id\":\"https:\\\/\\\/www.eldiario.net\\\/portal\\\/2024\\\/06\\\/29\\\/como-en-los-ochenta\\\/#primaryimage\"},\"thumbnailUrl\":\"https:\\\/\\\/www.eldiario.net\\\/portal\\\/wp-content\\\/uploads\\\/2023\\\/12\\\/Opinion.jpg\",\"articleSection\":[\"Opini\u00f3n\"],\"inLanguage\":\"es\",\"potentialAction\":[{\"@type\":\"CommentAction\",\"name\":\"Comment\",\"target\":[\"https:\\\/\\\/www.eldiario.net\\\/portal\\\/2024\\\/06\\\/29\\\/como-en-los-ochenta\\\/#respond\"]}]},{\"@type\":\"WebPage\",\"@id\":\"https:\\\/\\\/www.eldiario.net\\\/portal\\\/2024\\\/06\\\/29\\\/como-en-los-ochenta\\\/\",\"url\":\"https:\\\/\\\/www.eldiario.net\\\/portal\\\/2024\\\/06\\\/29\\\/como-en-los-ochenta\\\/\",\"name\":\"Como en los ochenta - El Diario - Bolivia\",\"isPartOf\":{\"@id\":\"https:\\\/\\\/www.eldiario.net\\\/portal\\\/#website\"},\"primaryImageOfPage\":{\"@id\":\"https:\\\/\\\/www.eldiario.net\\\/portal\\\/2024\\\/06\\\/29\\\/como-en-los-ochenta\\\/#primaryimage\"},\"image\":{\"@id\":\"https:\\\/\\\/www.eldiario.net\\\/portal\\\/2024\\\/06\\\/29\\\/como-en-los-ochenta\\\/#primaryimage\"},\"thumbnailUrl\":\"https:\\\/\\\/www.eldiario.net\\\/portal\\\/wp-content\\\/uploads\\\/2023\\\/12\\\/Opinion.jpg\",\"datePublished\":\"2024-06-29T11:26:16+00:00\",\"breadcrumb\":{\"@id\":\"https:\\\/\\\/www.eldiario.net\\\/portal\\\/2024\\\/06\\\/29\\\/como-en-los-ochenta\\\/#breadcrumb\"},\"inLanguage\":\"es\",\"potentialAction\":[{\"@type\":\"ReadAction\",\"target\":[\"https:\\\/\\\/www.eldiario.net\\\/portal\\\/2024\\\/06\\\/29\\\/como-en-los-ochenta\\\/\"]}]},{\"@type\":\"ImageObject\",\"inLanguage\":\"es\",\"@id\":\"https:\\\/\\\/www.eldiario.net\\\/portal\\\/2024\\\/06\\\/29\\\/como-en-los-ochenta\\\/#primaryimage\",\"url\":\"https:\\\/\\\/www.eldiario.net\\\/portal\\\/wp-content\\\/uploads\\\/2023\\\/12\\\/Opinion.jpg\",\"contentUrl\":\"https:\\\/\\\/www.eldiario.net\\\/portal\\\/wp-content\\\/uploads\\\/2023\\\/12\\\/Opinion.jpg\",\"width\":800,\"height\":500},{\"@type\":\"BreadcrumbList\",\"@id\":\"https:\\\/\\\/www.eldiario.net\\\/portal\\\/2024\\\/06\\\/29\\\/como-en-los-ochenta\\\/#breadcrumb\",\"itemListElement\":[{\"@type\":\"ListItem\",\"position\":1,\"name\":\"Portada\",\"item\":\"https:\\\/\\\/www.eldiario.net\\\/portal\\\/\"},{\"@type\":\"ListItem\",\"position\":2,\"name\":\"Como en los ochenta\"}]},{\"@type\":\"WebSite\",\"@id\":\"https:\\\/\\\/www.eldiario.net\\\/portal\\\/#website\",\"url\":\"https:\\\/\\\/www.eldiario.net\\\/portal\\\/\",\"name\":\"El Diario - Decano de la prensa nacional\",\"description\":\"El Diario - Decano de la prensa nacional\",\"publisher\":{\"@id\":\"https:\\\/\\\/www.eldiario.net\\\/portal\\\/#organization\"},\"potentialAction\":[{\"@type\":\"SearchAction\",\"target\":{\"@type\":\"EntryPoint\",\"urlTemplate\":\"https:\\\/\\\/www.eldiario.net\\\/portal\\\/?s={search_term_string}\"},\"query-input\":{\"@type\":\"PropertyValueSpecification\",\"valueRequired\":true,\"valueName\":\"search_term_string\"}}],\"inLanguage\":\"es\"},{\"@type\":\"Organization\",\"@id\":\"https:\\\/\\\/www.eldiario.net\\\/portal\\\/#organization\",\"name\":\"El Diario - Decano de la prensa nacional\",\"url\":\"https:\\\/\\\/www.eldiario.net\\\/portal\\\/\",\"logo\":{\"@type\":\"ImageObject\",\"inLanguage\":\"es\",\"@id\":\"https:\\\/\\\/www.eldiario.net\\\/portal\\\/#\\\/schema\\\/logo\\\/image\\\/\",\"url\":\"https:\\\/\\\/www.eldiario.net\\\/portal\\\/wp-content\\\/uploads\\\/2023\\\/07\\\/logo_ED.jpg\",\"contentUrl\":\"https:\\\/\\\/www.eldiario.net\\\/portal\\\/wp-content\\\/uploads\\\/2023\\\/07\\\/logo_ED.jpg\",\"width\":272,\"height\":52,\"caption\":\"El Diario - Decano de la prensa nacional\"},\"image\":{\"@id\":\"https:\\\/\\\/www.eldiario.net\\\/portal\\\/#\\\/schema\\\/logo\\\/image\\\/\"},\"sameAs\":[\"https:\\\/\\\/www.facebook.com\\\/eldiario.bolivia\\\/\",\"https:\\\/\\\/x.com\\\/eldiario_net\"]},{\"@type\":\"Person\",\"@id\":\"https:\\\/\\\/www.eldiario.net\\\/portal\\\/#\\\/schema\\\/person\\\/f46445640444750d7d753ccd04ae01b7\",\"name\":\"Jeanette\",\"image\":{\"@type\":\"ImageObject\",\"inLanguage\":\"es\",\"@id\":\"https:\\\/\\\/secure.gravatar.com\\\/avatar\\\/3ea2118a5f7dad2b7138b1187a6b7ee55f160b9968b66013c3a3ef39dd7e5798?s=96&d=mm&r=g\",\"url\":\"https:\\\/\\\/secure.gravatar.com\\\/avatar\\\/3ea2118a5f7dad2b7138b1187a6b7ee55f160b9968b66013c3a3ef39dd7e5798?s=96&d=mm&r=g\",\"contentUrl\":\"https:\\\/\\\/secure.gravatar.com\\\/avatar\\\/3ea2118a5f7dad2b7138b1187a6b7ee55f160b9968b66013c3a3ef39dd7e5798?s=96&d=mm&r=g\",\"caption\":\"Jeanette\"},\"sameAs\":[\"https:\\\/\\\/www.eldiario.net\\\/portal\"],\"url\":\"https:\\\/\\\/www.eldiario.net\\\/portal\\\/author\\\/jeanette\\\/\"}]}<\/script>\n<!-- \/ Yoast SEO plugin. -->","yoast_head_json":{"title":"Como en los ochenta - El Diario - Bolivia","robots":{"index":"index","follow":"follow","max-snippet":"max-snippet:-1","max-image-preview":"max-image-preview:large","max-video-preview":"max-video-preview:-1"},"canonical":"https:\/\/www.eldiario.net\/portal\/2024\/06\/29\/como-en-los-ochenta\/","og_locale":"es_ES","og_type":"article","og_title":"Como en los ochenta - El Diario - Bolivia","og_description":"En los \u00faltimos d\u00edas, la principal autoridad econ\u00f3mica del pa\u00eds descart\u00f3 la existencia de similitudes entre el escenario econ\u00f3mico actual y lo vivido en 1985. Para ello, contrast\u00f3 la tasa de inflaci\u00f3n presente con la registrada en aquel a\u00f1o. Sin duda, la situaci\u00f3n actual no alcanz\u00f3 a\u00fan un panorama econ\u00f3mico tan sombr\u00edo. No obstante, aquella [&hellip;]","og_url":"https:\/\/www.eldiario.net\/portal\/2024\/06\/29\/como-en-los-ochenta\/","og_site_name":"El Diario - Bolivia","article_publisher":"https:\/\/www.facebook.com\/eldiario.bolivia\/","article_published_time":"2024-06-29T11:26:16+00:00","og_image":[{"width":800,"height":500,"url":"https:\/\/www.eldiario.net\/portal\/wp-content\/uploads\/2023\/12\/Opinion.jpg","type":"image\/jpeg"}],"author":"Jeanette","twitter_card":"summary_large_image","twitter_creator":"@eldiario_net","twitter_site":"@eldiario_net","twitter_misc":{"Escrito por":"Jeanette","Tiempo de lectura":"5 minutos"},"schema":{"@context":"https:\/\/schema.org","@graph":[{"@type":"Article","@id":"https:\/\/www.eldiario.net\/portal\/2024\/06\/29\/como-en-los-ochenta\/#article","isPartOf":{"@id":"https:\/\/www.eldiario.net\/portal\/2024\/06\/29\/como-en-los-ochenta\/"},"author":{"name":"Jeanette","@id":"https:\/\/www.eldiario.net\/portal\/#\/schema\/person\/f46445640444750d7d753ccd04ae01b7"},"headline":"Como en los ochenta","datePublished":"2024-06-29T11:26:16+00:00","mainEntityOfPage":{"@id":"https:\/\/www.eldiario.net\/portal\/2024\/06\/29\/como-en-los-ochenta\/"},"wordCount":959,"commentCount":0,"publisher":{"@id":"https:\/\/www.eldiario.net\/portal\/#organization"},"image":{"@id":"https:\/\/www.eldiario.net\/portal\/2024\/06\/29\/como-en-los-ochenta\/#primaryimage"},"thumbnailUrl":"https:\/\/www.eldiario.net\/portal\/wp-content\/uploads\/2023\/12\/Opinion.jpg","articleSection":["Opini\u00f3n"],"inLanguage":"es","potentialAction":[{"@type":"CommentAction","name":"Comment","target":["https:\/\/www.eldiario.net\/portal\/2024\/06\/29\/como-en-los-ochenta\/#respond"]}]},{"@type":"WebPage","@id":"https:\/\/www.eldiario.net\/portal\/2024\/06\/29\/como-en-los-ochenta\/","url":"https:\/\/www.eldiario.net\/portal\/2024\/06\/29\/como-en-los-ochenta\/","name":"Como en los ochenta - El Diario - Bolivia","isPartOf":{"@id":"https:\/\/www.eldiario.net\/portal\/#website"},"primaryImageOfPage":{"@id":"https:\/\/www.eldiario.net\/portal\/2024\/06\/29\/como-en-los-ochenta\/#primaryimage"},"image":{"@id":"https:\/\/www.eldiario.net\/portal\/2024\/06\/29\/como-en-los-ochenta\/#primaryimage"},"thumbnailUrl":"https:\/\/www.eldiario.net\/portal\/wp-content\/uploads\/2023\/12\/Opinion.jpg","datePublished":"2024-06-29T11:26:16+00:00","breadcrumb":{"@id":"https:\/\/www.eldiario.net\/portal\/2024\/06\/29\/como-en-los-ochenta\/#breadcrumb"},"inLanguage":"es","potentialAction":[{"@type":"ReadAction","target":["https:\/\/www.eldiario.net\/portal\/2024\/06\/29\/como-en-los-ochenta\/"]}]},{"@type":"ImageObject","inLanguage":"es","@id":"https:\/\/www.eldiario.net\/portal\/2024\/06\/29\/como-en-los-ochenta\/#primaryimage","url":"https:\/\/www.eldiario.net\/portal\/wp-content\/uploads\/2023\/12\/Opinion.jpg","contentUrl":"https:\/\/www.eldiario.net\/portal\/wp-content\/uploads\/2023\/12\/Opinion.jpg","width":800,"height":500},{"@type":"BreadcrumbList","@id":"https:\/\/www.eldiario.net\/portal\/2024\/06\/29\/como-en-los-ochenta\/#breadcrumb","itemListElement":[{"@type":"ListItem","position":1,"name":"Portada","item":"https:\/\/www.eldiario.net\/portal\/"},{"@type":"ListItem","position":2,"name":"Como en los ochenta"}]},{"@type":"WebSite","@id":"https:\/\/www.eldiario.net\/portal\/#website","url":"https:\/\/www.eldiario.net\/portal\/","name":"El Diario - Decano de la prensa nacional","description":"El Diario - Decano de la prensa nacional","publisher":{"@id":"https:\/\/www.eldiario.net\/portal\/#organization"},"potentialAction":[{"@type":"SearchAction","target":{"@type":"EntryPoint","urlTemplate":"https:\/\/www.eldiario.net\/portal\/?s={search_term_string}"},"query-input":{"@type":"PropertyValueSpecification","valueRequired":true,"valueName":"search_term_string"}}],"inLanguage":"es"},{"@type":"Organization","@id":"https:\/\/www.eldiario.net\/portal\/#organization","name":"El Diario - Decano de la prensa nacional","url":"https:\/\/www.eldiario.net\/portal\/","logo":{"@type":"ImageObject","inLanguage":"es","@id":"https:\/\/www.eldiario.net\/portal\/#\/schema\/logo\/image\/","url":"https:\/\/www.eldiario.net\/portal\/wp-content\/uploads\/2023\/07\/logo_ED.jpg","contentUrl":"https:\/\/www.eldiario.net\/portal\/wp-content\/uploads\/2023\/07\/logo_ED.jpg","width":272,"height":52,"caption":"El Diario - Decano de la prensa nacional"},"image":{"@id":"https:\/\/www.eldiario.net\/portal\/#\/schema\/logo\/image\/"},"sameAs":["https:\/\/www.facebook.com\/eldiario.bolivia\/","https:\/\/x.com\/eldiario_net"]},{"@type":"Person","@id":"https:\/\/www.eldiario.net\/portal\/#\/schema\/person\/f46445640444750d7d753ccd04ae01b7","name":"Jeanette","image":{"@type":"ImageObject","inLanguage":"es","@id":"https:\/\/secure.gravatar.com\/avatar\/3ea2118a5f7dad2b7138b1187a6b7ee55f160b9968b66013c3a3ef39dd7e5798?s=96&d=mm&r=g","url":"https:\/\/secure.gravatar.com\/avatar\/3ea2118a5f7dad2b7138b1187a6b7ee55f160b9968b66013c3a3ef39dd7e5798?s=96&d=mm&r=g","contentUrl":"https:\/\/secure.gravatar.com\/avatar\/3ea2118a5f7dad2b7138b1187a6b7ee55f160b9968b66013c3a3ef39dd7e5798?s=96&d=mm&r=g","caption":"Jeanette"},"sameAs":["https:\/\/www.eldiario.net\/portal"],"url":"https:\/\/www.eldiario.net\/portal\/author\/jeanette\/"}]}},"_links":{"self":[{"href":"https:\/\/www.eldiario.net\/portal\/wp-json\/wp\/v2\/posts\/230559","targetHints":{"allow":["GET"]}}],"collection":[{"href":"https:\/\/www.eldiario.net\/portal\/wp-json\/wp\/v2\/posts"}],"about":[{"href":"https:\/\/www.eldiario.net\/portal\/wp-json\/wp\/v2\/types\/post"}],"author":[{"embeddable":true,"href":"https:\/\/www.eldiario.net\/portal\/wp-json\/wp\/v2\/users\/1"}],"replies":[{"embeddable":true,"href":"https:\/\/www.eldiario.net\/portal\/wp-json\/wp\/v2\/comments?post=230559"}],"version-history":[{"count":1,"href":"https:\/\/www.eldiario.net\/portal\/wp-json\/wp\/v2\/posts\/230559\/revisions"}],"predecessor-version":[{"id":230560,"href":"https:\/\/www.eldiario.net\/portal\/wp-json\/wp\/v2\/posts\/230559\/revisions\/230560"}],"wp:featuredmedia":[{"embeddable":true,"href":"https:\/\/www.eldiario.net\/portal\/wp-json\/wp\/v2\/media\/194790"}],"wp:attachment":[{"href":"https:\/\/www.eldiario.net\/portal\/wp-json\/wp\/v2\/media?parent=230559"}],"wp:term":[{"taxonomy":"category","embeddable":true,"href":"https:\/\/www.eldiario.net\/portal\/wp-json\/wp\/v2\/categories?post=230559"},{"taxonomy":"post_tag","embeddable":true,"href":"https:\/\/www.eldiario.net\/portal\/wp-json\/wp\/v2\/tags?post=230559"}],"curies":[{"name":"wp","href":"https:\/\/api.w.org\/{rel}","templated":true}]}}