{"id":230557,"date":"2024-06-29T07:25:46","date_gmt":"2024-06-29T11:25:46","guid":{"rendered":"https:\/\/www.eldiario.net\/portal\/?p=230557"},"modified":"2024-06-29T07:25:46","modified_gmt":"2024-06-29T11:25:46","slug":"se-olvidaron-de-talacocha","status":"publish","type":"post","link":"https:\/\/www.eldiario.net\/portal\/2024\/06\/29\/se-olvidaron-de-talacocha\/","title":{"rendered":"Se olvidaron de \u201cTalacocha\u201d"},"content":{"rendered":"<p>El movimiento de veh\u00edculos militares y de tropas desarmadas del pasado mi\u00e9rcoles olvid\u00f3 un detalle esencial de todo golpe de Estado desde la Guerra del Chaco: tocar un bolero de caballer\u00eda del ej\u00e9rcito, de preferencia \u201cTalacocha\u201d; en su defecto, para despedirse, salir de la plaza al son del \u201cTerremoto de Sipe Sipe\u201d.<br \/>\nLos habitantes de Bolivia que tenemos m\u00e1s de medio siglo de vida, recordamos c\u00f3mo son los aut\u00e9nticos \u201cruidos de sable\u201d. Al amanecer, en \u201cRadio Illimani\u201d se interrump\u00eda la transmisi\u00f3n habitual para dar lugar a las tonadas de la banda militar (lo mejor de las Fuerzas Armadas). Despu\u00e9s, una grave voz masculina anunciaba: \u201cComunicado Militar Nr. 1\u201d. Y las amas de casa corr\u00edan a la tienda de la esquina a abastecerse de pan y huevos, compraban velas y f\u00f3sforos y juntaban agua en baldes.<br \/>\nLos aviones rozaban los cerros con ruidos ensordecedores para avisar que tambi\u00e9n la Fuerza A\u00e9rea estaba en la conspiraci\u00f3n. Comenzaban a escucharse disparos aislados. Cuando los enfrentamientos eran duros, la batalla callejera duraba hasta el anochecer. Las luces de bengala iluminaban los cerros y los ni\u00f1os las observaban fascinados como si fuesen el cometa Halley. Las mam\u00e1s corr\u00edan para volverlos a parapetar detr\u00e1s de los colchones que cubr\u00edan las ventanas. No faltaba el ulular de las sirenas de la Asistencia P\u00fablica.<br \/>\nDesde el estrat\u00e9gico Mont\u00edculo, donde mi familia vive ya seis generaciones, el espect\u00e1culo era hist\u00f3rico porque los milicianos o los civiles armados siempre trataban de tomar el cerrito. Desde la glorieta se divisa el Colegio Militar, al otro lado el Ministerio de Defensa y, m\u00e1s atr\u00e1s, el anhelado Estado Mayor. Todos estos espacios no se turbaron este 26 de junio.<br \/>\nSacar a las Fuerzas Armadas de una segunda fila, donde han permanecido m\u00e1s o menos silenciosas en los \u00faltimos 42 a\u00f1os, es jugar con fuego. En los primeros a\u00f1os de la democracia, los militares intentaron buscar su lugar en el desarrollo nacional, como muy bien describe en sus libros un militar estudioso como fue el General Gary Prado Salm\u00f3n. \u00a1Hay que leerlo! Tambi\u00e9n explica claramente por qu\u00e9 la ideolog\u00eda m\u00e1s fuerte entre los uniformados es el nacionalismo, en su amplio abanico, desde el fascismo hasta el sentimiento progresista.<br \/>\nLos militares salieron a las calles, en La Paz, para enfrentar los peores momentos de inestabilidad pol\u00edtica a inicios del Siglo XXI. A pesar de su pasado, los militares fueron mimados por todos los gobiernos democr\u00e1ticos, garantiz\u00e1ndoles sus ingresos econ\u00f3micos y sus privilegios, como la jubilaci\u00f3n con el 100 por ciento de sus haberes (incluso a Luis Garc\u00eda Meza).<br \/>\nParticiparon en tareas como la lucha contra el contrabando y, sobre todo, en la interdicci\u00f3n contra el circuito coca coca\u00edna. Este \u00faltimo asunto es uno de sus lodos m\u00e1s sigilosos. En diferentes bandas de narcotraficantes aparecen involucrados ex miembros de las FFAA, sobre todo de la Naval, de la Aviaci\u00f3n y de inteligencia. El deterioro comenz\u00f3 en la \u00e9poca de la dictadura banzerista, se agrav\u00f3 con la alianza narcofascista en los a\u00f1os 80 y se dispers\u00f3 en los \u00faltimos lustros. La relaci\u00f3n de Evo Morales con los militares es mucho m\u00e1s compleja que lo aparente. En ella, es un cap\u00edtulo esencial la presencia de tropas estadounidenses en 1986, rechazada por militares patriotas.<br \/>\nLa llegada del Movimiento al Socialismo (MAS) al poder en 2006 signific\u00f3 un giro geopol\u00edtico trascendente, aunque poco expl\u00edcito. La aparici\u00f3n de Juan Ram\u00f3n Quintana es un elemento importante. Otro, es la ruptura de relaciones con Estados Unidos. Lo peor, fue y es la visi\u00f3n chavista, originada en los cuarteles de Venezuela. Esta intromisi\u00f3n torci\u00f3 el curso de lo que pudo ser un gobierno independiente del MAS.<br \/>\nNo hay espacio para detallar, pero es imposible dejar de nombrar las relaciones subordinadas del (No) Estado Plurinacional con Cuba, con Ir\u00e1n y sobre todo con Rusia, donde el asunto militar\/guerra es el primordial. El fantasma del sistema nicarag\u00fcense de usar a los militares para perpetuarse en el poder al estilo Ortega no es algo lejano.<br \/>\nEl general Juan Jos\u00e9 Z\u00fa\u00f1iga es altamente representativo de este esquema. De origen humilde, resume el inter\u00e9s de Morales de introducir gente del Chapare y de las minas en el ej\u00e9rcito. Aunque en el caso de Bolivia, esto no es nuevo, data de 1952, cuando se reorganiz\u00f3 al ej\u00e9rcito, muy diferente a las elites que dominan las FFAA en Argentina o en Chile.<br \/>\nZ\u00fa\u00f1iga no es un hombre inteligente ni preparado, condici\u00f3n que gusta al presidente Luis Arce para escoger a quienes lo rodean. En una entrevista, con el menos inocente de los programas de la televisi\u00f3n local, reflej\u00f3 ese nivel elemental de pensamiento y su ignorancia de hechos y personajes hist\u00f3ricos. S\u00f3lo repiti\u00f3 consignas.<br \/>\nNo fue casual esa presencia medi\u00e1tica como tampoco fue casual la inesperada convocatoria desde la Canciller\u00eda a la representante de Estados Unidos. Aparentemente, todo sigue un guion con un objetivo oscuro. Quiz\u00e1 inspirados en crear la segunda parte del invento del golpe en 2019. Lo grave es que han abierto la caja de Pandora.<br \/>\nMucha tinta correr\u00e1 sobre los hechos de este 26 de junio. Lo \u00fanico cierto es que al movimiento de veh\u00edculos militares le falt\u00f3 la partitura del bolero verdadero.<\/p>\n","protected":false},"excerpt":{"rendered":"<p>El movimiento de veh\u00edculos militares y de tropas desarmadas del pasado mi\u00e9rcoles olvid\u00f3 un detalle esencial de todo golpe de Estado desde la Guerra del Chaco: tocar un bolero de caballer\u00eda del ej\u00e9rcito, de preferencia \u201cTalacocha\u201d; en su defecto, para despedirse, salir de la plaza al son del \u201cTerremoto de Sipe Sipe\u201d. Los habitantes de [&hellip;]<\/p>\n","protected":false},"author":1,"featured_media":157862,"comment_status":"open","ping_status":"open","sticky":false,"template":"","format":"standard","meta":{"_acf_changed":false,"footnotes":""},"categories":[9],"tags":[],"class_list":["post-230557","post","type-post","status-publish","format-standard","has-post-thumbnail","category-opinion"],"acf":{"antetitulo":"Desde la tierra"},"yoast_head":"<!-- This site is optimized with the Yoast SEO plugin v28.3 - https:\/\/yoast.com\/product\/yoast-seo-wordpress\/ -->\n<title>Se olvidaron de \u201cTalacocha\u201d - El Diario - Bolivia<\/title>\n<meta name=\"robots\" content=\"index, follow, max-snippet:-1, max-image-preview:large, max-video-preview:-1\" \/>\n<link rel=\"canonical\" href=\"https:\/\/www.eldiario.net\/portal\/2024\/06\/29\/se-olvidaron-de-talacocha\/\" \/>\n<meta property=\"og:locale\" content=\"es_ES\" \/>\n<meta property=\"og:type\" content=\"article\" \/>\n<meta property=\"og:title\" content=\"Se olvidaron de \u201cTalacocha\u201d - El Diario - Bolivia\" \/>\n<meta property=\"og:description\" content=\"El movimiento de veh\u00edculos militares y de tropas desarmadas del pasado mi\u00e9rcoles olvid\u00f3 un detalle esencial de todo golpe de Estado desde la Guerra del Chaco: tocar un bolero de caballer\u00eda del ej\u00e9rcito, de preferencia \u201cTalacocha\u201d; en su defecto, para despedirse, salir de la plaza al son del \u201cTerremoto de Sipe Sipe\u201d. Los habitantes de [&hellip;]\" \/>\n<meta property=\"og:url\" content=\"https:\/\/www.eldiario.net\/portal\/2024\/06\/29\/se-olvidaron-de-talacocha\/\" \/>\n<meta property=\"og:site_name\" content=\"El Diario - Bolivia\" \/>\n<meta property=\"article:publisher\" content=\"https:\/\/www.facebook.com\/eldiario.bolivia\/\" \/>\n<meta property=\"article:published_time\" content=\"2024-06-29T11:25:46+00:00\" \/>\n<meta property=\"og:image\" content=\"https:\/\/www.eldiario.net\/portal\/wp-content\/uploads\/2023\/06\/Lupe-Cajias.jpg\" \/>\n\t<meta property=\"og:image:width\" content=\"1200\" \/>\n\t<meta property=\"og:image:height\" content=\"628\" \/>\n\t<meta property=\"og:image:type\" content=\"image\/jpeg\" \/>\n<meta name=\"author\" content=\"Jeanette\" \/>\n<meta name=\"twitter:card\" content=\"summary_large_image\" \/>\n<meta name=\"twitter:creator\" content=\"@eldiario_net\" \/>\n<meta name=\"twitter:site\" content=\"@eldiario_net\" \/>\n<meta name=\"twitter:label1\" content=\"Escrito por\" \/>\n\t<meta name=\"twitter:data1\" content=\"Jeanette\" \/>\n\t<meta name=\"twitter:label2\" content=\"Tiempo de lectura\" \/>\n\t<meta name=\"twitter:data2\" content=\"5 minutos\" \/>\n<script type=\"application\/ld+json\" class=\"yoast-schema-graph\">{\"@context\":\"https:\\\/\\\/schema.org\",\"@graph\":[{\"@type\":\"Article\",\"@id\":\"https:\\\/\\\/www.eldiario.net\\\/portal\\\/2024\\\/06\\\/29\\\/se-olvidaron-de-talacocha\\\/#article\",\"isPartOf\":{\"@id\":\"https:\\\/\\\/www.eldiario.net\\\/portal\\\/2024\\\/06\\\/29\\\/se-olvidaron-de-talacocha\\\/\"},\"author\":{\"name\":\"Jeanette\",\"@id\":\"https:\\\/\\\/www.eldiario.net\\\/portal\\\/#\\\/schema\\\/person\\\/f46445640444750d7d753ccd04ae01b7\"},\"headline\":\"Se olvidaron de \u201cTalacocha\u201d\",\"datePublished\":\"2024-06-29T11:25:46+00:00\",\"mainEntityOfPage\":{\"@id\":\"https:\\\/\\\/www.eldiario.net\\\/portal\\\/2024\\\/06\\\/29\\\/se-olvidaron-de-talacocha\\\/\"},\"wordCount\":918,\"commentCount\":0,\"publisher\":{\"@id\":\"https:\\\/\\\/www.eldiario.net\\\/portal\\\/#organization\"},\"image\":{\"@id\":\"https:\\\/\\\/www.eldiario.net\\\/portal\\\/2024\\\/06\\\/29\\\/se-olvidaron-de-talacocha\\\/#primaryimage\"},\"thumbnailUrl\":\"https:\\\/\\\/www.eldiario.net\\\/portal\\\/wp-content\\\/uploads\\\/2023\\\/06\\\/Lupe-Cajias.jpg\",\"articleSection\":[\"Opini\u00f3n\"],\"inLanguage\":\"es\",\"potentialAction\":[{\"@type\":\"CommentAction\",\"name\":\"Comment\",\"target\":[\"https:\\\/\\\/www.eldiario.net\\\/portal\\\/2024\\\/06\\\/29\\\/se-olvidaron-de-talacocha\\\/#respond\"]}]},{\"@type\":\"WebPage\",\"@id\":\"https:\\\/\\\/www.eldiario.net\\\/portal\\\/2024\\\/06\\\/29\\\/se-olvidaron-de-talacocha\\\/\",\"url\":\"https:\\\/\\\/www.eldiario.net\\\/portal\\\/2024\\\/06\\\/29\\\/se-olvidaron-de-talacocha\\\/\",\"name\":\"Se olvidaron de \u201cTalacocha\u201d - El Diario - Bolivia\",\"isPartOf\":{\"@id\":\"https:\\\/\\\/www.eldiario.net\\\/portal\\\/#website\"},\"primaryImageOfPage\":{\"@id\":\"https:\\\/\\\/www.eldiario.net\\\/portal\\\/2024\\\/06\\\/29\\\/se-olvidaron-de-talacocha\\\/#primaryimage\"},\"image\":{\"@id\":\"https:\\\/\\\/www.eldiario.net\\\/portal\\\/2024\\\/06\\\/29\\\/se-olvidaron-de-talacocha\\\/#primaryimage\"},\"thumbnailUrl\":\"https:\\\/\\\/www.eldiario.net\\\/portal\\\/wp-content\\\/uploads\\\/2023\\\/06\\\/Lupe-Cajias.jpg\",\"datePublished\":\"2024-06-29T11:25:46+00:00\",\"breadcrumb\":{\"@id\":\"https:\\\/\\\/www.eldiario.net\\\/portal\\\/2024\\\/06\\\/29\\\/se-olvidaron-de-talacocha\\\/#breadcrumb\"},\"inLanguage\":\"es\",\"potentialAction\":[{\"@type\":\"ReadAction\",\"target\":[\"https:\\\/\\\/www.eldiario.net\\\/portal\\\/2024\\\/06\\\/29\\\/se-olvidaron-de-talacocha\\\/\"]}]},{\"@type\":\"ImageObject\",\"inLanguage\":\"es\",\"@id\":\"https:\\\/\\\/www.eldiario.net\\\/portal\\\/2024\\\/06\\\/29\\\/se-olvidaron-de-talacocha\\\/#primaryimage\",\"url\":\"https:\\\/\\\/www.eldiario.net\\\/portal\\\/wp-content\\\/uploads\\\/2023\\\/06\\\/Lupe-Cajias.jpg\",\"contentUrl\":\"https:\\\/\\\/www.eldiario.net\\\/portal\\\/wp-content\\\/uploads\\\/2023\\\/06\\\/Lupe-Cajias.jpg\",\"width\":1200,\"height\":628,\"caption\":\"Lupe Caj\u00edas\"},{\"@type\":\"BreadcrumbList\",\"@id\":\"https:\\\/\\\/www.eldiario.net\\\/portal\\\/2024\\\/06\\\/29\\\/se-olvidaron-de-talacocha\\\/#breadcrumb\",\"itemListElement\":[{\"@type\":\"ListItem\",\"position\":1,\"name\":\"Portada\",\"item\":\"https:\\\/\\\/www.eldiario.net\\\/portal\\\/\"},{\"@type\":\"ListItem\",\"position\":2,\"name\":\"Se olvidaron de \u201cTalacocha\u201d\"}]},{\"@type\":\"WebSite\",\"@id\":\"https:\\\/\\\/www.eldiario.net\\\/portal\\\/#website\",\"url\":\"https:\\\/\\\/www.eldiario.net\\\/portal\\\/\",\"name\":\"El Diario - Decano de la prensa nacional\",\"description\":\"El Diario - Decano de la prensa nacional\",\"publisher\":{\"@id\":\"https:\\\/\\\/www.eldiario.net\\\/portal\\\/#organization\"},\"potentialAction\":[{\"@type\":\"SearchAction\",\"target\":{\"@type\":\"EntryPoint\",\"urlTemplate\":\"https:\\\/\\\/www.eldiario.net\\\/portal\\\/?s={search_term_string}\"},\"query-input\":{\"@type\":\"PropertyValueSpecification\",\"valueRequired\":true,\"valueName\":\"search_term_string\"}}],\"inLanguage\":\"es\"},{\"@type\":\"Organization\",\"@id\":\"https:\\\/\\\/www.eldiario.net\\\/portal\\\/#organization\",\"name\":\"El Diario - Decano de la prensa nacional\",\"url\":\"https:\\\/\\\/www.eldiario.net\\\/portal\\\/\",\"logo\":{\"@type\":\"ImageObject\",\"inLanguage\":\"es\",\"@id\":\"https:\\\/\\\/www.eldiario.net\\\/portal\\\/#\\\/schema\\\/logo\\\/image\\\/\",\"url\":\"https:\\\/\\\/www.eldiario.net\\\/portal\\\/wp-content\\\/uploads\\\/2023\\\/07\\\/logo_ED.jpg\",\"contentUrl\":\"https:\\\/\\\/www.eldiario.net\\\/portal\\\/wp-content\\\/uploads\\\/2023\\\/07\\\/logo_ED.jpg\",\"width\":272,\"height\":52,\"caption\":\"El Diario - Decano de la prensa nacional\"},\"image\":{\"@id\":\"https:\\\/\\\/www.eldiario.net\\\/portal\\\/#\\\/schema\\\/logo\\\/image\\\/\"},\"sameAs\":[\"https:\\\/\\\/www.facebook.com\\\/eldiario.bolivia\\\/\",\"https:\\\/\\\/x.com\\\/eldiario_net\"]},{\"@type\":\"Person\",\"@id\":\"https:\\\/\\\/www.eldiario.net\\\/portal\\\/#\\\/schema\\\/person\\\/f46445640444750d7d753ccd04ae01b7\",\"name\":\"Jeanette\",\"image\":{\"@type\":\"ImageObject\",\"inLanguage\":\"es\",\"@id\":\"https:\\\/\\\/secure.gravatar.com\\\/avatar\\\/3ea2118a5f7dad2b7138b1187a6b7ee55f160b9968b66013c3a3ef39dd7e5798?s=96&d=mm&r=g\",\"url\":\"https:\\\/\\\/secure.gravatar.com\\\/avatar\\\/3ea2118a5f7dad2b7138b1187a6b7ee55f160b9968b66013c3a3ef39dd7e5798?s=96&d=mm&r=g\",\"contentUrl\":\"https:\\\/\\\/secure.gravatar.com\\\/avatar\\\/3ea2118a5f7dad2b7138b1187a6b7ee55f160b9968b66013c3a3ef39dd7e5798?s=96&d=mm&r=g\",\"caption\":\"Jeanette\"},\"sameAs\":[\"https:\\\/\\\/www.eldiario.net\\\/portal\"],\"url\":\"https:\\\/\\\/www.eldiario.net\\\/portal\\\/author\\\/jeanette\\\/\"}]}<\/script>\n<!-- \/ Yoast SEO plugin. -->","yoast_head_json":{"title":"Se olvidaron de \u201cTalacocha\u201d - El Diario - Bolivia","robots":{"index":"index","follow":"follow","max-snippet":"max-snippet:-1","max-image-preview":"max-image-preview:large","max-video-preview":"max-video-preview:-1"},"canonical":"https:\/\/www.eldiario.net\/portal\/2024\/06\/29\/se-olvidaron-de-talacocha\/","og_locale":"es_ES","og_type":"article","og_title":"Se olvidaron de \u201cTalacocha\u201d - El Diario - Bolivia","og_description":"El movimiento de veh\u00edculos militares y de tropas desarmadas del pasado mi\u00e9rcoles olvid\u00f3 un detalle esencial de todo golpe de Estado desde la Guerra del Chaco: tocar un bolero de caballer\u00eda del ej\u00e9rcito, de preferencia \u201cTalacocha\u201d; en su defecto, para despedirse, salir de la plaza al son del \u201cTerremoto de Sipe Sipe\u201d. Los habitantes de [&hellip;]","og_url":"https:\/\/www.eldiario.net\/portal\/2024\/06\/29\/se-olvidaron-de-talacocha\/","og_site_name":"El Diario - Bolivia","article_publisher":"https:\/\/www.facebook.com\/eldiario.bolivia\/","article_published_time":"2024-06-29T11:25:46+00:00","og_image":[{"width":1200,"height":628,"url":"https:\/\/www.eldiario.net\/portal\/wp-content\/uploads\/2023\/06\/Lupe-Cajias.jpg","type":"image\/jpeg"}],"author":"Jeanette","twitter_card":"summary_large_image","twitter_creator":"@eldiario_net","twitter_site":"@eldiario_net","twitter_misc":{"Escrito por":"Jeanette","Tiempo de lectura":"5 minutos"},"schema":{"@context":"https:\/\/schema.org","@graph":[{"@type":"Article","@id":"https:\/\/www.eldiario.net\/portal\/2024\/06\/29\/se-olvidaron-de-talacocha\/#article","isPartOf":{"@id":"https:\/\/www.eldiario.net\/portal\/2024\/06\/29\/se-olvidaron-de-talacocha\/"},"author":{"name":"Jeanette","@id":"https:\/\/www.eldiario.net\/portal\/#\/schema\/person\/f46445640444750d7d753ccd04ae01b7"},"headline":"Se olvidaron de \u201cTalacocha\u201d","datePublished":"2024-06-29T11:25:46+00:00","mainEntityOfPage":{"@id":"https:\/\/www.eldiario.net\/portal\/2024\/06\/29\/se-olvidaron-de-talacocha\/"},"wordCount":918,"commentCount":0,"publisher":{"@id":"https:\/\/www.eldiario.net\/portal\/#organization"},"image":{"@id":"https:\/\/www.eldiario.net\/portal\/2024\/06\/29\/se-olvidaron-de-talacocha\/#primaryimage"},"thumbnailUrl":"https:\/\/www.eldiario.net\/portal\/wp-content\/uploads\/2023\/06\/Lupe-Cajias.jpg","articleSection":["Opini\u00f3n"],"inLanguage":"es","potentialAction":[{"@type":"CommentAction","name":"Comment","target":["https:\/\/www.eldiario.net\/portal\/2024\/06\/29\/se-olvidaron-de-talacocha\/#respond"]}]},{"@type":"WebPage","@id":"https:\/\/www.eldiario.net\/portal\/2024\/06\/29\/se-olvidaron-de-talacocha\/","url":"https:\/\/www.eldiario.net\/portal\/2024\/06\/29\/se-olvidaron-de-talacocha\/","name":"Se olvidaron de \u201cTalacocha\u201d - El Diario - Bolivia","isPartOf":{"@id":"https:\/\/www.eldiario.net\/portal\/#website"},"primaryImageOfPage":{"@id":"https:\/\/www.eldiario.net\/portal\/2024\/06\/29\/se-olvidaron-de-talacocha\/#primaryimage"},"image":{"@id":"https:\/\/www.eldiario.net\/portal\/2024\/06\/29\/se-olvidaron-de-talacocha\/#primaryimage"},"thumbnailUrl":"https:\/\/www.eldiario.net\/portal\/wp-content\/uploads\/2023\/06\/Lupe-Cajias.jpg","datePublished":"2024-06-29T11:25:46+00:00","breadcrumb":{"@id":"https:\/\/www.eldiario.net\/portal\/2024\/06\/29\/se-olvidaron-de-talacocha\/#breadcrumb"},"inLanguage":"es","potentialAction":[{"@type":"ReadAction","target":["https:\/\/www.eldiario.net\/portal\/2024\/06\/29\/se-olvidaron-de-talacocha\/"]}]},{"@type":"ImageObject","inLanguage":"es","@id":"https:\/\/www.eldiario.net\/portal\/2024\/06\/29\/se-olvidaron-de-talacocha\/#primaryimage","url":"https:\/\/www.eldiario.net\/portal\/wp-content\/uploads\/2023\/06\/Lupe-Cajias.jpg","contentUrl":"https:\/\/www.eldiario.net\/portal\/wp-content\/uploads\/2023\/06\/Lupe-Cajias.jpg","width":1200,"height":628,"caption":"Lupe Caj\u00edas"},{"@type":"BreadcrumbList","@id":"https:\/\/www.eldiario.net\/portal\/2024\/06\/29\/se-olvidaron-de-talacocha\/#breadcrumb","itemListElement":[{"@type":"ListItem","position":1,"name":"Portada","item":"https:\/\/www.eldiario.net\/portal\/"},{"@type":"ListItem","position":2,"name":"Se olvidaron de \u201cTalacocha\u201d"}]},{"@type":"WebSite","@id":"https:\/\/www.eldiario.net\/portal\/#website","url":"https:\/\/www.eldiario.net\/portal\/","name":"El Diario - Decano de la prensa nacional","description":"El Diario - Decano de la prensa nacional","publisher":{"@id":"https:\/\/www.eldiario.net\/portal\/#organization"},"potentialAction":[{"@type":"SearchAction","target":{"@type":"EntryPoint","urlTemplate":"https:\/\/www.eldiario.net\/portal\/?s={search_term_string}"},"query-input":{"@type":"PropertyValueSpecification","valueRequired":true,"valueName":"search_term_string"}}],"inLanguage":"es"},{"@type":"Organization","@id":"https:\/\/www.eldiario.net\/portal\/#organization","name":"El Diario - Decano de la prensa nacional","url":"https:\/\/www.eldiario.net\/portal\/","logo":{"@type":"ImageObject","inLanguage":"es","@id":"https:\/\/www.eldiario.net\/portal\/#\/schema\/logo\/image\/","url":"https:\/\/www.eldiario.net\/portal\/wp-content\/uploads\/2023\/07\/logo_ED.jpg","contentUrl":"https:\/\/www.eldiario.net\/portal\/wp-content\/uploads\/2023\/07\/logo_ED.jpg","width":272,"height":52,"caption":"El Diario - Decano de la prensa nacional"},"image":{"@id":"https:\/\/www.eldiario.net\/portal\/#\/schema\/logo\/image\/"},"sameAs":["https:\/\/www.facebook.com\/eldiario.bolivia\/","https:\/\/x.com\/eldiario_net"]},{"@type":"Person","@id":"https:\/\/www.eldiario.net\/portal\/#\/schema\/person\/f46445640444750d7d753ccd04ae01b7","name":"Jeanette","image":{"@type":"ImageObject","inLanguage":"es","@id":"https:\/\/secure.gravatar.com\/avatar\/3ea2118a5f7dad2b7138b1187a6b7ee55f160b9968b66013c3a3ef39dd7e5798?s=96&d=mm&r=g","url":"https:\/\/secure.gravatar.com\/avatar\/3ea2118a5f7dad2b7138b1187a6b7ee55f160b9968b66013c3a3ef39dd7e5798?s=96&d=mm&r=g","contentUrl":"https:\/\/secure.gravatar.com\/avatar\/3ea2118a5f7dad2b7138b1187a6b7ee55f160b9968b66013c3a3ef39dd7e5798?s=96&d=mm&r=g","caption":"Jeanette"},"sameAs":["https:\/\/www.eldiario.net\/portal"],"url":"https:\/\/www.eldiario.net\/portal\/author\/jeanette\/"}]}},"_links":{"self":[{"href":"https:\/\/www.eldiario.net\/portal\/wp-json\/wp\/v2\/posts\/230557","targetHints":{"allow":["GET"]}}],"collection":[{"href":"https:\/\/www.eldiario.net\/portal\/wp-json\/wp\/v2\/posts"}],"about":[{"href":"https:\/\/www.eldiario.net\/portal\/wp-json\/wp\/v2\/types\/post"}],"author":[{"embeddable":true,"href":"https:\/\/www.eldiario.net\/portal\/wp-json\/wp\/v2\/users\/1"}],"replies":[{"embeddable":true,"href":"https:\/\/www.eldiario.net\/portal\/wp-json\/wp\/v2\/comments?post=230557"}],"version-history":[{"count":1,"href":"https:\/\/www.eldiario.net\/portal\/wp-json\/wp\/v2\/posts\/230557\/revisions"}],"predecessor-version":[{"id":230558,"href":"https:\/\/www.eldiario.net\/portal\/wp-json\/wp\/v2\/posts\/230557\/revisions\/230558"}],"wp:featuredmedia":[{"embeddable":true,"href":"https:\/\/www.eldiario.net\/portal\/wp-json\/wp\/v2\/media\/157862"}],"wp:attachment":[{"href":"https:\/\/www.eldiario.net\/portal\/wp-json\/wp\/v2\/media?parent=230557"}],"wp:term":[{"taxonomy":"category","embeddable":true,"href":"https:\/\/www.eldiario.net\/portal\/wp-json\/wp\/v2\/categories?post=230557"},{"taxonomy":"post_tag","embeddable":true,"href":"https:\/\/www.eldiario.net\/portal\/wp-json\/wp\/v2\/tags?post=230557"}],"curies":[{"name":"wp","href":"https:\/\/api.w.org\/{rel}","templated":true}]}}